{"id":58438,"date":"2021-04-07T18:59:18","date_gmt":"2021-04-07T21:59:18","guid":{"rendered":"https:\/\/www.informelitoral.com.ar\/?p=58438"},"modified":"2021-04-07T19:03:54","modified_gmt":"2021-04-07T22:03:54","slug":"alberto-fernandez-anuncio-restricciones-por-el-aumento-de-contagios-de-coronavirus","status":"publish","type":"post","link":"https:\/\/informelitoral.com.ar\/alberto-fernandez-anuncio-restricciones-por-el-aumento-de-contagios-de-coronavirus\/","title":{"rendered":"Alberto Fern\u00e1ndez anunci\u00f3 restricciones por el aumento de contagios de coronavirus"},"content":{"rendered":"<h3 class=\"auth\"><strong>Las nuevas medidas:<\/strong><\/h3>\n<ul>\n<li>Se suspenden para todo el pa\u00eds los viajes grupales de Egresados y Egresadas, de Estudio y de Grupos Tur\u00edsticos.<\/li>\n<li>En las zonas del pa\u00eds consideradas de mediano riesgo epidemiol\u00f3gico y sanitario es facultad y responsabilidad de gobernadores y gobernadoras adoptar en forma temprana medidas que disminuyan la circulaci\u00f3n para prevenir los contagios. Ello es as\u00ed, pues es del resorte exclusivo de las provincias el monitorear y hacer cumplir cualquier medida restrictiva de la circulaci\u00f3n.<\/li>\n<li>En las zonas del pa\u00eds donde hay mayor riesgo epidemiol\u00f3gico y sanitario, se tomar\u00e1n adem\u00e1s las siguientes medidas.<\/li>\n<\/ul>\n<p>a. Se suspenden actividades sociales en domicilios particulares.<\/p>\n<p>b. Se suspenden reuniones sociales en espacios p\u00fablicos al aire libre de m\u00e1s de 20 personas.<\/p>\n<p>c. Se suspenden actividades de Casino, Bingo, Discotecas o cualquier sal\u00f3n de fiestas.<\/p>\n<p>d. Se suspende la pr\u00e1ctica recreativa de cualquier deporte en lugares cerrados donde participen m\u00e1s de 10 personas.<\/p>\n<p>e. Se establece el cierre de los bares y restaurantes a partir de las 23hs.<\/p>\n<p>f. Se proh\u00edbe la circulaci\u00f3n entre las 00.00 y las 06.00 de la ma\u00f1ana de cada d\u00eda. Seg\u00fan las jurisdicciones, las autoridades podr\u00e1n solo ampliar estos horarios en funci\u00f3n de las especificidades de cada lugar.<\/p>\n<ul>\n<li>Espec\u00edficamente, en el AMBA s\u00f3lo podr\u00e1n usar el transporte p\u00fablico de pasajeros trabajadores considerados esenciales, toda la comunidad educativa y aquellos que ya fueron expresamente autorizados.<\/li>\n<li>Estas medidas de cuidado estar\u00e1n vigentes desde las 0 horas de este viernes 9 de abril hasta el 30 de abril. El Gobierno Nacional evaluar\u00e1 cuidadosamente la correcta implementaci\u00f3n de las medidas.<\/li>\n<\/ul>\n<h3><strong>EL MENSAJE DEL PRESIDENTE:\u00a0<\/strong><\/h3>\n<div class=\"youtube-embed\" data-video_id=\"ANPgy8i8Bfo\"><iframe loading=\"lazy\" title=\"Coronavirus COVID-19 | Anuncio del presidente Alberto Fern\u00e1ndez desde Olivos\" width=\"696\" height=\"392\" src=\"https:\/\/www.youtube.com\/embed\/ANPgy8i8Bfo?feature=oembed&#038;enablejsapi=1\" frameborder=\"0\" allow=\"accelerometer; autoplay; clipboard-write; encrypted-media; gyroscope; picture-in-picture\" allowfullscreen><\/iframe><\/div>\n<h3><em><strong>M\u00c1S SOBRE EL TEMA:\u00a0<\/strong><\/em><\/h3>\n<blockquote class=\"wp-embedded-content\" data-secret=\"wBgei1Uqz7\"><p><a href=\"https:\/\/www.informelitoral.com.ar\/coronavirus-en-argentina-mas-de-22-mil-casos-en-las-ultimas-24-horas-marcan-un-nuevo-record\/\">Coronavirus en Argentina: m\u00e1s de 22 mil casos en las \u00faltimas 24 horas marcan un nuevo r\u00e9cord<\/a><\/p><\/blockquote>\n<p><iframe loading=\"lazy\" class=\"wp-embedded-content\" sandbox=\"allow-scripts\" security=\"restricted\" style=\"position: absolute; clip: rect(1px, 1px, 1px, 1px);\" title=\"\u00abCoronavirus en Argentina: m\u00e1s de 22 mil casos en las \u00faltimas 24 horas marcan un nuevo r\u00e9cord\u00bb \u2014 Informe Litoral\" src=\"https:\/\/www.informelitoral.com.ar\/coronavirus-en-argentina-mas-de-22-mil-casos-en-las-ultimas-24-horas-marcan-un-nuevo-record\/embed\/#?secret=wBgei1Uqz7\" data-secret=\"wBgei1Uqz7\" width=\"600\" height=\"338\" frameborder=\"0\" marginwidth=\"0\" marginheight=\"0\" scrolling=\"no\"><\/iframe><\/p>\n","protected":false},"excerpt":{"rendered":"<p>El presidente Alberto Fern\u00e1ndez ofreci\u00f3 detalles de las nuevas medidas para contener el coronavirus en el pa\u00eds en una comunicaci\u00f3n a todo el pa\u00eds grabada desde la Quinta de Olivos.<\/p>\n","protected":false},"author":2,"featured_media":58439,"comment_status":"open","ping_status":"open","sticky":false,"template":"","format":"standard","meta":{"fifu_image_url":"","fifu_image_alt":"","footnotes":""},"categories":[16],"tags":[1311,1426],"class_list":{"0":"post-58438","1":"post","2":"type-post","3":"status-publish","4":"format-standard","5":"has-post-thumbnail","7":"category-politi","8":"tag-alberto-fernandez","9":"tag-coronavirus"},"yoast_head":"<title>Alberto Fern\u00e1ndez anunci\u00f3 restricciones por el aumento de contagios de coronavirus - Informe Litoral<\/title>\n<meta name=\"robots\" content=\"index, follow, max-snippet:-1, max-image-preview:large, max-video-preview:-1\" \/>\n<link rel=\"canonical\" href=\"https:\/\/informelitoral.com.ar\/alberto-fernandez-anuncio-restricciones-por-el-aumento-de-contagios-de-coronavirus\/\" \/>\n<meta property=\"og:locale\" content=\"es_ES\" \/>\n<meta property=\"og:type\" content=\"article\" \/>\n<meta property=\"og:title\" content=\"Alberto Fern\u00e1ndez anunci\u00f3 restricciones por el aumento de contagios de coronavirus - Informe Litoral\" \/>\n<meta property=\"og:description\" content=\"El presidente Alberto Fern\u00e1ndez ofreci\u00f3 detalles de las nuevas medidas para contener el coronavirus en el pa\u00eds en una comunicaci\u00f3n a todo el pa\u00eds grabada desde la Quinta de Olivos.\" \/>\n<meta property=\"og:url\" content=\"https:\/\/informelitoral.com.ar\/alberto-fernandez-anuncio-restricciones-por-el-aumento-de-contagios-de-coronavirus\/\" \/>\n<meta property=\"og:site_name\" content=\"Informe Litoral\" \/>\n<meta property=\"article:publisher\" content=\"https:\/\/www.facebook.com\/informelitoral\/\" \/>\n<meta property=\"article:published_time\" content=\"2021-04-07T21:59:18+00:00\" \/>\n<meta property=\"article:modified_time\" content=\"2021-04-07T22:03:54+00:00\" \/>\n<meta property=\"og:image\" content=\"https:\/\/informelitoral.com.ar\/%77%70%2d%63%6f%6e%74%65%6e%74\/uploads\/2021\/04\/alberto-fernandezjpg.jpg\" \/>\n\t<meta property=\"og:image:width\" content=\"730\" \/>\n\t<meta property=\"og:image:height\" content=\"427\" \/>\n\t<meta property=\"og:image:type\" content=\"image\/jpeg\" \/>\n<meta name=\"author\" content=\"Gonzalo Schmidt\" \/>\n<meta name=\"twitter:card\" content=\"summary_large_image\" \/>\n<meta name=\"twitter:creator\" content=\"@InformeLitoral\" \/>\n<meta name=\"twitter:site\" content=\"@InformeLitoral\" \/>\n<meta name=\"twitter:label1\" content=\"Escrito por\" \/>\n\t<meta name=\"twitter:data1\" content=\"Gonzalo Schmidt\" \/>\n\t<meta name=\"twitter:label2\" content=\"Tiempo de lectura\" \/>\n\t<meta name=\"twitter:data2\" content=\"2 minutos\" \/>\n<script type=\"application\/ld+json\" class=\"yoast-schema-graph\">{\"@context\":\"https:\\\/\\\/schema.org\",\"@graph\":[{\"@type\":\"Article\",\"@id\":\"https:\\\/\\\/informelitoral.com.ar\\\/alberto-fernandez-anuncio-restricciones-por-el-aumento-de-contagios-de-coronavirus\\\/#article\",\"isPartOf\":{\"@id\":\"https:\\\/\\\/informelitoral.com.ar\\\/alberto-fernandez-anuncio-restricciones-por-el-aumento-de-contagios-de-coronavirus\\\/\"},\"author\":{\"name\":\"Gonzalo Schmidt\",\"@id\":\"https:\\\/\\\/informelitoral.com.ar\\\/#\\\/schema\\\/person\\\/b9d00407c836482871ef1d57bf8e3180\"},\"headline\":\"Alberto Fern\u00e1ndez anunci\u00f3 restricciones por el aumento de contagios de coronavirus\",\"datePublished\":\"2021-04-07T21:59:18+00:00\",\"dateModified\":\"2021-04-07T22:03:54+00:00\",\"mainEntityOfPage\":{\"@id\":\"https:\\\/\\\/informelitoral.com.ar\\\/alberto-fernandez-anuncio-restricciones-por-el-aumento-de-contagios-de-coronavirus\\\/\"},\"wordCount\":317,\"commentCount\":0,\"publisher\":{\"@id\":\"https:\\\/\\\/informelitoral.com.ar\\\/#organization\"},\"image\":{\"@id\":\"https:\\\/\\\/informelitoral.com.ar\\\/alberto-fernandez-anuncio-restricciones-por-el-aumento-de-contagios-de-coronavirus\\\/#primaryimage\"},\"thumbnailUrl\":\"https:\\\/\\\/informelitoral.com.ar\\\/%77%70%2d%63%6f%6e%74%65%6e%74\\\/uploads\\\/2021\\\/04\\\/alberto-fernandezjpg.jpg\",\"keywords\":[\"Alberto Fern\u00e1ndez\",\"Coronavirus\"],\"articleSection\":[\"Politica\"],\"inLanguage\":\"es\",\"potentialAction\":[{\"@type\":\"CommentAction\",\"name\":\"Comment\",\"target\":[\"https:\\\/\\\/informelitoral.com.ar\\\/alberto-fernandez-anuncio-restricciones-por-el-aumento-de-contagios-de-coronavirus\\\/#respond\"]}]},{\"@type\":\"WebPage\",\"@id\":\"https:\\\/\\\/informelitoral.com.ar\\\/alberto-fernandez-anuncio-restricciones-por-el-aumento-de-contagios-de-coronavirus\\\/\",\"url\":\"https:\\\/\\\/informelitoral.com.ar\\\/alberto-fernandez-anuncio-restricciones-por-el-aumento-de-contagios-de-coronavirus\\\/\",\"name\":\"Alberto Fern\u00e1ndez anunci\u00f3 restricciones por el aumento de contagios de coronavirus - Informe Litoral\",\"isPartOf\":{\"@id\":\"https:\\\/\\\/informelitoral.com.ar\\\/#website\"},\"primaryImageOfPage\":{\"@id\":\"https:\\\/\\\/informelitoral.com.ar\\\/alberto-fernandez-anuncio-restricciones-por-el-aumento-de-contagios-de-coronavirus\\\/#primaryimage\"},\"image\":{\"@id\":\"https:\\\/\\\/informelitoral.com.ar\\\/alberto-fernandez-anuncio-restricciones-por-el-aumento-de-contagios-de-coronavirus\\\/#primaryimage\"},\"thumbnailUrl\":\"https:\\\/\\\/informelitoral.com.ar\\\/%77%70%2d%63%6f%6e%74%65%6e%74\\\/uploads\\\/2021\\\/04\\\/alberto-fernandezjpg.jpg\",\"datePublished\":\"2021-04-07T21:59:18+00:00\",\"dateModified\":\"2021-04-07T22:03:54+00:00\",\"breadcrumb\":{\"@id\":\"https:\\\/\\\/informelitoral.com.ar\\\/alberto-fernandez-anuncio-restricciones-por-el-aumento-de-contagios-de-coronavirus\\\/#breadcrumb\"},\"inLanguage\":\"es\",\"potentialAction\":[{\"@type\":\"ReadAction\",\"target\":[\"https:\\\/\\\/informelitoral.com.ar\\\/alberto-fernandez-anuncio-restricciones-por-el-aumento-de-contagios-de-coronavirus\\\/\"]}]},{\"@type\":\"ImageObject\",\"inLanguage\":\"es\",\"@id\":\"https:\\\/\\\/informelitoral.com.ar\\\/alberto-fernandez-anuncio-restricciones-por-el-aumento-de-contagios-de-coronavirus\\\/#primaryimage\",\"url\":\"https:\\\/\\\/informelitoral.com.ar\\\/%77%70%2d%63%6f%6e%74%65%6e%74\\\/uploads\\\/2021\\\/04\\\/alberto-fernandezjpg.jpg\",\"contentUrl\":\"https:\\\/\\\/informelitoral.com.ar\\\/%77%70%2d%63%6f%6e%74%65%6e%74\\\/uploads\\\/2021\\\/04\\\/alberto-fernandezjpg.jpg\",\"width\":730,\"height\":427},{\"@type\":\"BreadcrumbList\",\"@id\":\"https:\\\/\\\/informelitoral.com.ar\\\/alberto-fernandez-anuncio-restricciones-por-el-aumento-de-contagios-de-coronavirus\\\/#breadcrumb\",\"itemListElement\":[{\"@type\":\"ListItem\",\"position\":1,\"name\":\"Portada\",\"item\":\"https:\\\/\\\/informelitoral.com.ar\\\/\"},{\"@type\":\"ListItem\",\"position\":2,\"name\":\"Alberto Fern\u00e1ndez anunci\u00f3 restricciones por el aumento de contagios de coronavirus\"}]},{\"@type\":\"WebSite\",\"@id\":\"https:\\\/\\\/informelitoral.com.ar\\\/#website\",\"url\":\"https:\\\/\\\/informelitoral.com.ar\\\/\",\"name\":\"Informe Litoral\",\"description\":\"&quot;Nos informamos&quot; \",\"publisher\":{\"@id\":\"https:\\\/\\\/informelitoral.com.ar\\\/#organization\"},\"potentialAction\":[{\"@type\":\"SearchAction\",\"target\":{\"@type\":\"EntryPoint\",\"urlTemplate\":\"https:\\\/\\\/informelitoral.com.ar\\\/?s={search_term_string}\"},\"query-input\":{\"@type\":\"PropertyValueSpecification\",\"valueRequired\":true,\"valueName\":\"search_term_string\"}}],\"inLanguage\":\"es\"},{\"@type\":\"Organization\",\"@id\":\"https:\\\/\\\/informelitoral.com.ar\\\/#organization\",\"name\":\"Informe Litoral\",\"url\":\"https:\\\/\\\/informelitoral.com.ar\\\/\",\"logo\":{\"@type\":\"ImageObject\",\"inLanguage\":\"es\",\"@id\":\"https:\\\/\\\/informelitoral.com.ar\\\/#\\\/schema\\\/logo\\\/image\\\/\",\"url\":\"https:\\\/\\\/informelitoral.com.ar\\\/%77%70%2d%63%6f%6e%74%65%6e%74\\\/uploads\\\/2021\\\/01\\\/circulo.png\",\"contentUrl\":\"https:\\\/\\\/informelitoral.com.ar\\\/%77%70%2d%63%6f%6e%74%65%6e%74\\\/uploads\\\/2021\\\/01\\\/circulo.png\",\"width\":723,\"height\":731,\"caption\":\"Informe Litoral\"},\"image\":{\"@id\":\"https:\\\/\\\/informelitoral.com.ar\\\/#\\\/schema\\\/logo\\\/image\\\/\"},\"sameAs\":[\"https:\\\/\\\/www.facebook.com\\\/informelitoral\\\/\",\"https:\\\/\\\/x.com\\\/InformeLitoral\",\"https:\\\/\\\/www.instagram.com\\\/informelitoral\\\/\",\"https:\\\/\\\/www.youtube.com\\\/channel\\\/UCua4Qvz8Icb6MYqhoq9xLXw\"]},{\"@type\":\"Person\",\"@id\":\"https:\\\/\\\/informelitoral.com.ar\\\/#\\\/schema\\\/person\\\/b9d00407c836482871ef1d57bf8e3180\",\"name\":\"Gonzalo Schmidt\",\"image\":{\"@type\":\"ImageObject\",\"inLanguage\":\"es\",\"@id\":\"https:\\\/\\\/secure.gravatar.com\\\/avatar\\\/31a1a7b66ff2de83bd0e9fd79d026630d2d99e55e8bfe501287647b4fd9743de?s=96&d=mm&r=g\",\"url\":\"https:\\\/\\\/secure.gravatar.com\\\/avatar\\\/31a1a7b66ff2de83bd0e9fd79d026630d2d99e55e8bfe501287647b4fd9743de?s=96&d=mm&r=g\",\"contentUrl\":\"https:\\\/\\\/secure.gravatar.com\\\/avatar\\\/31a1a7b66ff2de83bd0e9fd79d026630d2d99e55e8bfe501287647b4fd9743de?s=96&d=mm&r=g\",\"caption\":\"Gonzalo Schmidt\"},\"description\":\"Sitio web de noticias de la provincia de Entre R\u00edos, Argentina. Informaci\u00f3n y entretenimiento. Informe Litoral, nos informamos.\",\"sameAs\":[\"http:\\\/\\\/www.isletasnoticias.com.ar\"],\"url\":\"https:\\\/\\\/informelitoral.com.ar\\\/author\\\/gonzalo\\\/\"}]}<\/script>","yoast_head_json":{"title":"Alberto Fern\u00e1ndez anunci\u00f3 restricciones por el aumento de contagios de coronavirus - Informe Litoral","robots":{"index":"index","follow":"follow","max-snippet":"max-snippet:-1","max-image-preview":"max-image-preview:large","max-video-preview":"max-video-preview:-1"},"canonical":"https:\/\/informelitoral.com.ar\/alberto-fernandez-anuncio-restricciones-por-el-aumento-de-contagios-de-coronavirus\/","og_locale":"es_ES","og_type":"article","og_title":"Alberto Fern\u00e1ndez anunci\u00f3 restricciones por el aumento de contagios de coronavirus - Informe Litoral","og_description":"El presidente Alberto Fern\u00e1ndez ofreci\u00f3 detalles de las nuevas medidas para contener el coronavirus en el pa\u00eds en una comunicaci\u00f3n a todo el pa\u00eds grabada desde la Quinta de Olivos.","og_url":"https:\/\/informelitoral.com.ar\/alberto-fernandez-anuncio-restricciones-por-el-aumento-de-contagios-de-coronavirus\/","og_site_name":"Informe Litoral","article_publisher":"https:\/\/www.facebook.com\/informelitoral\/","article_published_time":"2021-04-07T21:59:18+00:00","article_modified_time":"2021-04-07T22:03:54+00:00","og_image":[{"width":730,"height":427,"url":"https:\/\/informelitoral.com.ar\/%77%70%2d%63%6f%6e%74%65%6e%74\/uploads\/2021\/04\/alberto-fernandezjpg.jpg","type":"image\/jpeg"}],"author":"Gonzalo Schmidt","twitter_card":"summary_large_image","twitter_creator":"@InformeLitoral","twitter_site":"@InformeLitoral","twitter_misc":{"Escrito por":"Gonzalo Schmidt","Tiempo de lectura":"2 minutos"},"schema":{"@context":"https:\/\/schema.org","@graph":[{"@type":"Article","@id":"https:\/\/informelitoral.com.ar\/alberto-fernandez-anuncio-restricciones-por-el-aumento-de-contagios-de-coronavirus\/#article","isPartOf":{"@id":"https:\/\/informelitoral.com.ar\/alberto-fernandez-anuncio-restricciones-por-el-aumento-de-contagios-de-coronavirus\/"},"author":{"name":"Gonzalo Schmidt","@id":"https:\/\/informelitoral.com.ar\/#\/schema\/person\/b9d00407c836482871ef1d57bf8e3180"},"headline":"Alberto Fern\u00e1ndez anunci\u00f3 restricciones por el aumento de contagios de coronavirus","datePublished":"2021-04-07T21:59:18+00:00","dateModified":"2021-04-07T22:03:54+00:00","mainEntityOfPage":{"@id":"https:\/\/informelitoral.com.ar\/alberto-fernandez-anuncio-restricciones-por-el-aumento-de-contagios-de-coronavirus\/"},"wordCount":317,"commentCount":0,"publisher":{"@id":"https:\/\/informelitoral.com.ar\/#organization"},"image":{"@id":"https:\/\/informelitoral.com.ar\/alberto-fernandez-anuncio-restricciones-por-el-aumento-de-contagios-de-coronavirus\/#primaryimage"},"thumbnailUrl":"https:\/\/informelitoral.com.ar\/%77%70%2d%63%6f%6e%74%65%6e%74\/uploads\/2021\/04\/alberto-fernandezjpg.jpg","keywords":["Alberto Fern\u00e1ndez","Coronavirus"],"articleSection":["Politica"],"inLanguage":"es","potentialAction":[{"@type":"CommentAction","name":"Comment","target":["https:\/\/informelitoral.com.ar\/alberto-fernandez-anuncio-restricciones-por-el-aumento-de-contagios-de-coronavirus\/#respond"]}]},{"@type":"WebPage","@id":"https:\/\/informelitoral.com.ar\/alberto-fernandez-anuncio-restricciones-por-el-aumento-de-contagios-de-coronavirus\/","url":"https:\/\/informelitoral.com.ar\/alberto-fernandez-anuncio-restricciones-por-el-aumento-de-contagios-de-coronavirus\/","name":"Alberto Fern\u00e1ndez anunci\u00f3 restricciones por el aumento de contagios de coronavirus - Informe Litoral","isPartOf":{"@id":"https:\/\/informelitoral.com.ar\/#website"},"primaryImageOfPage":{"@id":"https:\/\/informelitoral.com.ar\/alberto-fernandez-anuncio-restricciones-por-el-aumento-de-contagios-de-coronavirus\/#primaryimage"},"image":{"@id":"https:\/\/informelitoral.com.ar\/alberto-fernandez-anuncio-restricciones-por-el-aumento-de-contagios-de-coronavirus\/#primaryimage"},"thumbnailUrl":"https:\/\/informelitoral.com.ar\/%77%70%2d%63%6f%6e%74%65%6e%74\/uploads\/2021\/04\/alberto-fernandezjpg.jpg","datePublished":"2021-04-07T21:59:18+00:00","dateModified":"2021-04-07T22:03:54+00:00","breadcrumb":{"@id":"https:\/\/informelitoral.com.ar\/alberto-fernandez-anuncio-restricciones-por-el-aumento-de-contagios-de-coronavirus\/#breadcrumb"},"inLanguage":"es","potentialAction":[{"@type":"ReadAction","target":["https:\/\/informelitoral.com.ar\/alberto-fernandez-anuncio-restricciones-por-el-aumento-de-contagios-de-coronavirus\/"]}]},{"@type":"ImageObject","inLanguage":"es","@id":"https:\/\/informelitoral.com.ar\/alberto-fernandez-anuncio-restricciones-por-el-aumento-de-contagios-de-coronavirus\/#primaryimage","url":"https:\/\/informelitoral.com.ar\/%77%70%2d%63%6f%6e%74%65%6e%74\/uploads\/2021\/04\/alberto-fernandezjpg.jpg","contentUrl":"https:\/\/informelitoral.com.ar\/%77%70%2d%63%6f%6e%74%65%6e%74\/uploads\/2021\/04\/alberto-fernandezjpg.jpg","width":730,"height":427},{"@type":"BreadcrumbList","@id":"https:\/\/informelitoral.com.ar\/alberto-fernandez-anuncio-restricciones-por-el-aumento-de-contagios-de-coronavirus\/#breadcrumb","itemListElement":[{"@type":"ListItem","position":1,"name":"Portada","item":"https:\/\/informelitoral.com.ar\/"},{"@type":"ListItem","position":2,"name":"Alberto Fern\u00e1ndez anunci\u00f3 restricciones por el aumento de contagios de coronavirus"}]},{"@type":"WebSite","@id":"https:\/\/informelitoral.com.ar\/#website","url":"https:\/\/informelitoral.com.ar\/","name":"Informe Litoral","description":"&quot;Nos informamos&quot; ","publisher":{"@id":"https:\/\/informelitoral.com.ar\/#organization"},"potentialAction":[{"@type":"SearchAction","target":{"@type":"EntryPoint","urlTemplate":"https:\/\/informelitoral.com.ar\/?s={search_term_string}"},"query-input":{"@type":"PropertyValueSpecification","valueRequired":true,"valueName":"search_term_string"}}],"inLanguage":"es"},{"@type":"Organization","@id":"https:\/\/informelitoral.com.ar\/#organization","name":"Informe Litoral","url":"https:\/\/informelitoral.com.ar\/","logo":{"@type":"ImageObject","inLanguage":"es","@id":"https:\/\/informelitoral.com.ar\/#\/schema\/logo\/image\/","url":"https:\/\/informelitoral.com.ar\/%77%70%2d%63%6f%6e%74%65%6e%74\/uploads\/2021\/01\/circulo.png","contentUrl":"https:\/\/informelitoral.com.ar\/%77%70%2d%63%6f%6e%74%65%6e%74\/uploads\/2021\/01\/circulo.png","width":723,"height":731,"caption":"Informe Litoral"},"image":{"@id":"https:\/\/informelitoral.com.ar\/#\/schema\/logo\/image\/"},"sameAs":["https:\/\/www.facebook.com\/informelitoral\/","https:\/\/x.com\/InformeLitoral","https:\/\/www.instagram.com\/informelitoral\/","https:\/\/www.youtube.com\/channel\/UCua4Qvz8Icb6MYqhoq9xLXw"]},{"@type":"Person","@id":"https:\/\/informelitoral.com.ar\/#\/schema\/person\/b9d00407c836482871ef1d57bf8e3180","name":"Gonzalo Schmidt","image":{"@type":"ImageObject","inLanguage":"es","@id":"https:\/\/secure.gravatar.com\/avatar\/31a1a7b66ff2de83bd0e9fd79d026630d2d99e55e8bfe501287647b4fd9743de?s=96&d=mm&r=g","url":"https:\/\/secure.gravatar.com\/avatar\/31a1a7b66ff2de83bd0e9fd79d026630d2d99e55e8bfe501287647b4fd9743de?s=96&d=mm&r=g","contentUrl":"https:\/\/secure.gravatar.com\/avatar\/31a1a7b66ff2de83bd0e9fd79d026630d2d99e55e8bfe501287647b4fd9743de?s=96&d=mm&r=g","caption":"Gonzalo Schmidt"},"description":"Sitio web de noticias de la provincia de Entre R\u00edos, Argentina. Informaci\u00f3n y entretenimiento. Informe Litoral, nos informamos.","sameAs":["http:\/\/www.isletasnoticias.com.ar"],"url":"https:\/\/informelitoral.com.ar\/author\/gonzalo\/"}]}},"_links":{"self":[{"href":"https:\/\/informelitoral.com.ar\/%77%70%2d%6a%73%6f%6e\/wp\/v2\/posts\/58438","targetHints":{"allow":["GET"]}}],"collection":[{"href":"https:\/\/informelitoral.com.ar\/%77%70%2d%6a%73%6f%6e\/wp\/v2\/posts"}],"about":[{"href":"https:\/\/informelitoral.com.ar\/%77%70%2d%6a%73%6f%6e\/wp\/v2\/types\/post"}],"author":[{"embeddable":true,"href":"https:\/\/informelitoral.com.ar\/%77%70%2d%6a%73%6f%6e\/wp\/v2\/users\/2"}],"replies":[{"embeddable":true,"href":"https:\/\/informelitoral.com.ar\/%77%70%2d%6a%73%6f%6e\/wp\/v2\/comments?post=58438"}],"version-history":[{"count":0,"href":"https:\/\/informelitoral.com.ar\/%77%70%2d%6a%73%6f%6e\/wp\/v2\/posts\/58438\/revisions"}],"wp:featuredmedia":[{"embeddable":true,"href":"https:\/\/informelitoral.com.ar\/%77%70%2d%6a%73%6f%6e\/wp\/v2\/media\/58439"}],"wp:attachment":[{"href":"https:\/\/informelitoral.com.ar\/%77%70%2d%6a%73%6f%6e\/wp\/v2\/media?parent=58438"}],"wp:term":[{"taxonomy":"category","embeddable":true,"href":"https:\/\/informelitoral.com.ar\/%77%70%2d%6a%73%6f%6e\/wp\/v2\/categories?post=58438"},{"taxonomy":"post_tag","embeddable":true,"href":"https:\/\/informelitoral.com.ar\/%77%70%2d%6a%73%6f%6e\/wp\/v2\/tags?post=58438"}],"curies":[{"name":"wp","href":"https:\/\/api.w.org\/{rel}","templated":true}]}}