{"id":58423,"date":"2021-04-07T18:31:57","date_gmt":"2021-04-07T21:31:57","guid":{"rendered":"https:\/\/www.informelitoral.com.ar\/?p=58423"},"modified":"2021-04-07T18:33:00","modified_gmt":"2021-04-07T21:33:00","slug":"comenzo-la-vacunacion-a-adultos-de-entre-60-y-69-anos-en-entre-rios","status":"publish","type":"post","link":"https:\/\/informelitoral.com.ar\/comenzo-la-vacunacion-a-adultos-de-entre-60-y-69-anos-en-entre-rios\/","title":{"rendered":"Comenz\u00f3 la vacunaci\u00f3n a adultos de entre 60 y 69 a\u00f1os en Entre R\u00edos"},"content":{"rendered":"<p>Comenz\u00f3 la vacunaci\u00f3n a los adultos de entre 60 y 69 a\u00f1os en Entre R\u00edos. El Plan Rector de Vacunaci\u00f3n Covid-19 contin\u00faa desarroll\u00e1ndose en Entre R\u00edos de acuerdo a lo planificado. En ese sentido, de acuerdo a los datos reportados en el Registro Federal de Vacunaci\u00f3n Nominalizado (Novimac), se han aplicado en la provincia 119.635 vacunas entre las dosis de Sputnik V (Rusia), Covishield (India) y Sinopharm (China) a los distintos grupos poblacionales.<\/p>\n<p>Actualmente se termin\u00f3 de vacunar a todos los adultos mayores que est\u00e1n en residencias de larga estad\u00eda (geri\u00e1tricos o residencias) as\u00ed como al personal auxiliar en las mismas y a los usuarios de instituciones monovalentes de salud mental, tanto p\u00fablicas como privadas. Adem\u00e1s, se est\u00e1 finalizando la inmunizaci\u00f3n al personal de salud y se avanza con los adultos mayores de 70 a\u00f1os, el personal estrat\u00e9gico (fuerzas de seguridad provincial y nacional; personal de educaci\u00f3n especial e inicial, entre otros); y los pacientes renales dializados que se sumaron en las \u00faltimas semanas.<\/p>\n<figure class=\"wp-block-image size-large\"><img loading=\"lazy\" decoding=\"async\" class=\"wp-image-89590 aligncenter\" src=\"https:\/\/i0.wp.com\/www.entremediosweb.com\/v2\/%77%70%2d%63%6f%6e%74%65%6e%74\/uploads\/2021\/04\/vacuna-60-69.jpg?resize=708%2C472&amp;ssl=1\" sizes=\"auto, (max-width: 708px) 100vw, 708px\" srcset=\"https:\/\/i0.wp.com\/www.entremediosweb.com\/v2\/%77%70%2d%63%6f%6e%74%65%6e%74\/uploads\/2021\/04\/vacuna-60-69.jpg?resize=1024%2C682&amp;ssl=1 1024w, https:\/\/i0.wp.com\/www.entremediosweb.com\/v2\/%77%70%2d%63%6f%6e%74%65%6e%74\/uploads\/2021\/04\/vacuna-60-69.jpg?resize=300%2C200&amp;ssl=1 300w, https:\/\/i0.wp.com\/www.entremediosweb.com\/v2\/%77%70%2d%63%6f%6e%74%65%6e%74\/uploads\/2021\/04\/vacuna-60-69.jpg?resize=768%2C511&amp;ssl=1 768w, https:\/\/i0.wp.com\/www.entremediosweb.com\/v2\/%77%70%2d%63%6f%6e%74%65%6e%74\/uploads\/2021\/04\/vacuna-60-69.jpg?resize=1536%2C1022&amp;ssl=1 1536w, https:\/\/i0.wp.com\/www.entremediosweb.com\/v2\/%77%70%2d%63%6f%6e%74%65%6e%74\/uploads\/2021\/04\/vacuna-60-69.jpg?w=1920&amp;ssl=1 1920w, https:\/\/i0.wp.com\/www.entremediosweb.com\/v2\/%77%70%2d%63%6f%6e%74%65%6e%74\/uploads\/2021\/04\/vacuna-60-69.jpg?w=1416&amp;ssl=1 1416w\" alt=\"\" width=\"708\" height=\"472\" data-attachment-id=\"89590\" data-permalink=\"https:\/\/www.entremediosweb.com\/v2\/comenzo-la-vacunacion-a-adultos-de-entre-60-y-69-anos-en-entre-rios\/vacuna-60-69\/\" data-orig-file=\"https:\/\/i0.wp.com\/www.entremediosweb.com\/v2\/%77%70%2d%63%6f%6e%74%65%6e%74\/uploads\/2021\/04\/vacuna-60-69.jpg?fit=1920%2C1278&amp;ssl=1\" data-orig-size=\"1920,1278\" data-comments-opened=\"0\" data-image-meta=\"{&quot;aperture&quot;:&quot;0&quot;,&quot;credit&quot;:&quot;&quot;,&quot;camera&quot;:&quot;&quot;,&quot;caption&quot;:&quot;&quot;,&quot;created_timestamp&quot;:&quot;0&quot;,&quot;copyright&quot;:&quot;&quot;,&quot;focal_length&quot;:&quot;0&quot;,&quot;iso&quot;:&quot;0&quot;,&quot;shutter_speed&quot;:&quot;0&quot;,&quot;title&quot;:&quot;&quot;,&quot;orientation&quot;:&quot;1&quot;}\" data-image-title=\"vacuna-60-69\" data-image-description=\"\" data-medium-file=\"https:\/\/i0.wp.com\/www.entremediosweb.com\/v2\/%77%70%2d%63%6f%6e%74%65%6e%74\/uploads\/2021\/04\/vacuna-60-69.jpg?fit=300%2C200&amp;ssl=1\" data-large-file=\"https:\/\/i0.wp.com\/www.entremediosweb.com\/v2\/%77%70%2d%63%6f%6e%74%65%6e%74\/uploads\/2021\/04\/vacuna-60-69.jpg?fit=708%2C472&amp;ssl=1\" data-recalc-dims=\"1\" \/><\/figure>\n<h4><strong>En orden decreciente<\/strong><\/h4>\n<p>Por estas horas comenz\u00f3 la vacunaci\u00f3n, con turno y de forma decreciente, al grupo de adultos de entre 60 y 69 a\u00f1os en las ciudades de Paran\u00e1, Diamante, Concordia y Federaci\u00f3n. La ciudad de Gualeguaych\u00fa estar\u00eda comenzando ma\u00f1ana jueves.<\/p>\n<p>De forma desglosada tambi\u00e9n por departamento, en Federal, este mi\u00e9rcoles, comenz\u00f3 la vacunaci\u00f3n y, puntualmente en la ciudad, se instal\u00f3 un vacunatorio en el centro c\u00edvico. Adem\u00e1s, se aprovech\u00f3 para culminar la inoculaci\u00f3n a adultos mayores de 70 a\u00f1os con la aplicaci\u00f3n a 30 personas. Tambi\u00e9n se colocaron dosis en la localidad de El Cimarr\u00f3n y, en total entre ambos lugares y grupos etarios, se administraron 351 dosis.<\/p>\n<p>Asimismo en La Paz, los hospitales 9 de Julio de la misma ciudad cabecera y Santa Elena comenzaron la aplicaci\u00f3n de dosis a este grupo. Tambi\u00e9n en el departamento Islas del Ibicuy a los inscriptos de Villa Paranacito, Ceibas, \u00d1ancay y M\u00e9danos.<\/p>\n<p><span style=\"text-align: center;\">En tanto que el departamento Uruguay ya empezaron a inocular a este grupo etario en las localidades de San Justo, Caseros, Pronunciamiento, Colonia San Cipriano, Primero de Mayo y Colonia Los Ceibos. Y, espec\u00edficamente en Concepci\u00f3n del Uruguay, este jueves se inocular\u00e1n 1.200 adultos mayores en el Centro de Educaci\u00f3n F\u00edsica de la ciudad donde se completar\u00e1 el grupo de mayores de 70 a\u00f1os y se iniciar\u00e1 con aquellos de entre 60 y 69.<\/span><\/p>\n<p>En Feliciano la aplicaci\u00f3n de dosis a personas entre 60 y 69 a\u00f1os se inici\u00f3 en la ciudad hom\u00f3nima con un operativo en el hospital Francisco Ram\u00edrez, mientras que en el resto de los distritos est\u00e1 previsto realizar una ronda sanitaria en los d\u00edas pr\u00f3ximos.<\/p>\n<p>Por su parte en el departamento Tala, los hospitales San Roque (Rosario del Tala) y Nuestra Se\u00f1ora del Carmen (Mansilla) ya han comenzado la inoculaci\u00f3n; y el Falucho de la ciudad de Maci\u00e1 tiene proyectado empezar en los pr\u00f3ximos d\u00edas ya que se encuentra finalizando con los mayores de 70 a\u00f1os.<\/p>\n<p>En coincidencia, el departamento San Salvador comenz\u00f3 los operativos de vacunaci\u00f3n en la ciudad y las localidades de General Campos y Las Colonias, entre otras.<\/p>\n<h4><strong>C\u00f3mo sigue<\/strong><\/h4>\n<p>En los pr\u00f3ximos d\u00edas, los restantes departamentos ampliar\u00e1n hacia este grupo poblacional esta estrategia sanitaria. Es importante mencionar que los operativos dependen, en principio, de la disponibilidad de dosis que ingresan al pa\u00eds y de la log\u00edstica de distribuci\u00f3n que se organiza desde el Ministerio, como as\u00ed tambi\u00e9n de la planificaci\u00f3n de cada servicio de salud en cuanto a las jornadas dispuestas para la vacunaci\u00f3n.<\/p>\n<p>De todos modos resulta esencial mencionar que la vacuna disminuye la posibilidad de padecer efectos graves de Coronavirus, no evita la enfermedad ni la capacidad de transmitirla. Por ello es primordial que la poblaci\u00f3n siga aplicando las medidas de autocuidado: mantener el distanciamiento (dos metros entre personas); uso de tapaboca, nariz y ment\u00f3n; correcta higiene de manos con agua y jab\u00f3n o alcohol en gel; y utilizaci\u00f3n de elementos personales.<\/p>\n<p>Finalmente el Ministerio de Salud recuerda la importancia de registrar la voluntad de vacunaci\u00f3n a trav\u00e9s de la plataforma\u00a0https:\/\/vacunacion.argentina.gob.ar\/vacunacion\/inscripcion\/AR-E.\u00a0Quienes no puedan hacerlo, pueden llamar al 0800-888-8228 (VACU) o acercarse al centro de salud m\u00e1s cercano a su domicilio.<\/p>\n","protected":false},"excerpt":{"rendered":"<p>La campa\u00f1a se inici\u00f3 en distintas ciudades entrerrianas. Contin\u00faa la inoculaci\u00f3n de los restantes grupos. \u2028<\/p>\n","protected":false},"author":2,"featured_media":51770,"comment_status":"open","ping_status":"open","sticky":false,"template":"","format":"standard","meta":{"fifu_image_url":"","fifu_image_alt":"","footnotes":""},"categories":[6],"tags":[1426,1481,214],"class_list":{"0":"post-58423","1":"post","2":"type-post","3":"status-publish","4":"format-standard","5":"has-post-thumbnail","7":"category-entre-rios","8":"tag-coronavirus","9":"tag-covid-19","10":"tag-vacunacion"},"yoast_head":"<title>Comenz\u00f3 la vacunaci\u00f3n a adultos de entre 60 y 69 a\u00f1os en Entre R\u00edos - Informe Litoral<\/title>\n<meta name=\"robots\" content=\"index, follow, max-snippet:-1, max-image-preview:large, max-video-preview:-1\" \/>\n<link rel=\"canonical\" href=\"https:\/\/informelitoral.com.ar\/comenzo-la-vacunacion-a-adultos-de-entre-60-y-69-anos-en-entre-rios\/\" \/>\n<meta property=\"og:locale\" content=\"es_ES\" \/>\n<meta property=\"og:type\" content=\"article\" \/>\n<meta property=\"og:title\" content=\"Comenz\u00f3 la vacunaci\u00f3n a adultos de entre 60 y 69 a\u00f1os en Entre R\u00edos - Informe Litoral\" \/>\n<meta property=\"og:description\" content=\"La campa\u00f1a se inici\u00f3 en distintas ciudades entrerrianas. Contin\u00faa la inoculaci\u00f3n de los restantes grupos. \u2028\" \/>\n<meta property=\"og:url\" content=\"https:\/\/informelitoral.com.ar\/comenzo-la-vacunacion-a-adultos-de-entre-60-y-69-anos-en-entre-rios\/\" \/>\n<meta property=\"og:site_name\" content=\"Informe Litoral\" \/>\n<meta property=\"article:publisher\" content=\"https:\/\/www.facebook.com\/informelitoral\/\" \/>\n<meta property=\"article:published_time\" content=\"2021-04-07T21:31:57+00:00\" \/>\n<meta property=\"article:modified_time\" content=\"2021-04-07T21:33:00+00:00\" \/>\n<meta property=\"og:image\" content=\"https:\/\/informelitoral.com.ar\/%77%70%2d%63%6f%6e%74%65%6e%74\/uploads\/2020\/10\/vacunana-web.jpg\" \/>\n\t<meta property=\"og:image:width\" content=\"1068\" \/>\n\t<meta property=\"og:image:height\" content=\"580\" \/>\n\t<meta property=\"og:image:type\" content=\"image\/jpeg\" \/>\n<meta name=\"author\" content=\"Gonzalo Schmidt\" \/>\n<meta name=\"twitter:card\" content=\"summary_large_image\" \/>\n<meta name=\"twitter:creator\" content=\"@InformeLitoral\" \/>\n<meta name=\"twitter:site\" content=\"@InformeLitoral\" \/>\n<meta name=\"twitter:label1\" content=\"Escrito por\" \/>\n\t<meta name=\"twitter:data1\" content=\"Gonzalo Schmidt\" \/>\n\t<meta name=\"twitter:label2\" content=\"Tiempo de lectura\" \/>\n\t<meta name=\"twitter:data2\" content=\"4 minutos\" \/>\n<script type=\"application\/ld+json\" class=\"yoast-schema-graph\">{\"@context\":\"https:\\\/\\\/schema.org\",\"@graph\":[{\"@type\":\"Article\",\"@id\":\"https:\\\/\\\/informelitoral.com.ar\\\/comenzo-la-vacunacion-a-adultos-de-entre-60-y-69-anos-en-entre-rios\\\/#article\",\"isPartOf\":{\"@id\":\"https:\\\/\\\/informelitoral.com.ar\\\/comenzo-la-vacunacion-a-adultos-de-entre-60-y-69-anos-en-entre-rios\\\/\"},\"author\":{\"name\":\"Gonzalo Schmidt\",\"@id\":\"https:\\\/\\\/informelitoral.com.ar\\\/#\\\/schema\\\/person\\\/b9d00407c836482871ef1d57bf8e3180\"},\"headline\":\"Comenz\u00f3 la vacunaci\u00f3n a adultos de entre 60 y 69 a\u00f1os en Entre R\u00edos\",\"datePublished\":\"2021-04-07T21:31:57+00:00\",\"dateModified\":\"2021-04-07T21:33:00+00:00\",\"mainEntityOfPage\":{\"@id\":\"https:\\\/\\\/informelitoral.com.ar\\\/comenzo-la-vacunacion-a-adultos-de-entre-60-y-69-anos-en-entre-rios\\\/\"},\"wordCount\":764,\"commentCount\":0,\"publisher\":{\"@id\":\"https:\\\/\\\/informelitoral.com.ar\\\/#organization\"},\"image\":{\"@id\":\"https:\\\/\\\/informelitoral.com.ar\\\/comenzo-la-vacunacion-a-adultos-de-entre-60-y-69-anos-en-entre-rios\\\/#primaryimage\"},\"thumbnailUrl\":\"https:\\\/\\\/informelitoral.com.ar\\\/%77%70%2d%63%6f%6e%74%65%6e%74\\\/uploads\\\/2020\\\/10\\\/vacunana-web.jpg\",\"keywords\":[\"Coronavirus\",\"COVID-19\",\"Vacunaci\u00f3n\"],\"articleSection\":[\"Entre R\u00edos\"],\"inLanguage\":\"es\",\"potentialAction\":[{\"@type\":\"CommentAction\",\"name\":\"Comment\",\"target\":[\"https:\\\/\\\/informelitoral.com.ar\\\/comenzo-la-vacunacion-a-adultos-de-entre-60-y-69-anos-en-entre-rios\\\/#respond\"]}]},{\"@type\":\"WebPage\",\"@id\":\"https:\\\/\\\/informelitoral.com.ar\\\/comenzo-la-vacunacion-a-adultos-de-entre-60-y-69-anos-en-entre-rios\\\/\",\"url\":\"https:\\\/\\\/informelitoral.com.ar\\\/comenzo-la-vacunacion-a-adultos-de-entre-60-y-69-anos-en-entre-rios\\\/\",\"name\":\"Comenz\u00f3 la vacunaci\u00f3n a adultos de entre 60 y 69 a\u00f1os en Entre R\u00edos - Informe Litoral\",\"isPartOf\":{\"@id\":\"https:\\\/\\\/informelitoral.com.ar\\\/#website\"},\"primaryImageOfPage\":{\"@id\":\"https:\\\/\\\/informelitoral.com.ar\\\/comenzo-la-vacunacion-a-adultos-de-entre-60-y-69-anos-en-entre-rios\\\/#primaryimage\"},\"image\":{\"@id\":\"https:\\\/\\\/informelitoral.com.ar\\\/comenzo-la-vacunacion-a-adultos-de-entre-60-y-69-anos-en-entre-rios\\\/#primaryimage\"},\"thumbnailUrl\":\"https:\\\/\\\/informelitoral.com.ar\\\/%77%70%2d%63%6f%6e%74%65%6e%74\\\/uploads\\\/2020\\\/10\\\/vacunana-web.jpg\",\"datePublished\":\"2021-04-07T21:31:57+00:00\",\"dateModified\":\"2021-04-07T21:33:00+00:00\",\"breadcrumb\":{\"@id\":\"https:\\\/\\\/informelitoral.com.ar\\\/comenzo-la-vacunacion-a-adultos-de-entre-60-y-69-anos-en-entre-rios\\\/#breadcrumb\"},\"inLanguage\":\"es\",\"potentialAction\":[{\"@type\":\"ReadAction\",\"target\":[\"https:\\\/\\\/informelitoral.com.ar\\\/comenzo-la-vacunacion-a-adultos-de-entre-60-y-69-anos-en-entre-rios\\\/\"]}]},{\"@type\":\"ImageObject\",\"inLanguage\":\"es\",\"@id\":\"https:\\\/\\\/informelitoral.com.ar\\\/comenzo-la-vacunacion-a-adultos-de-entre-60-y-69-anos-en-entre-rios\\\/#primaryimage\",\"url\":\"https:\\\/\\\/informelitoral.com.ar\\\/%77%70%2d%63%6f%6e%74%65%6e%74\\\/uploads\\\/2020\\\/10\\\/vacunana-web.jpg\",\"contentUrl\":\"https:\\\/\\\/informelitoral.com.ar\\\/%77%70%2d%63%6f%6e%74%65%6e%74\\\/uploads\\\/2020\\\/10\\\/vacunana-web.jpg\",\"width\":1068,\"height\":580},{\"@type\":\"BreadcrumbList\",\"@id\":\"https:\\\/\\\/informelitoral.com.ar\\\/comenzo-la-vacunacion-a-adultos-de-entre-60-y-69-anos-en-entre-rios\\\/#breadcrumb\",\"itemListElement\":[{\"@type\":\"ListItem\",\"position\":1,\"name\":\"Portada\",\"item\":\"https:\\\/\\\/informelitoral.com.ar\\\/\"},{\"@type\":\"ListItem\",\"position\":2,\"name\":\"Comenz\u00f3 la vacunaci\u00f3n a adultos de entre 60 y 69 a\u00f1os en Entre R\u00edos\"}]},{\"@type\":\"WebSite\",\"@id\":\"https:\\\/\\\/informelitoral.com.ar\\\/#website\",\"url\":\"https:\\\/\\\/informelitoral.com.ar\\\/\",\"name\":\"Informe Litoral\",\"description\":\"&quot;Nos informamos&quot; \",\"publisher\":{\"@id\":\"https:\\\/\\\/informelitoral.com.ar\\\/#organization\"},\"potentialAction\":[{\"@type\":\"SearchAction\",\"target\":{\"@type\":\"EntryPoint\",\"urlTemplate\":\"https:\\\/\\\/informelitoral.com.ar\\\/?s={search_term_string}\"},\"query-input\":{\"@type\":\"PropertyValueSpecification\",\"valueRequired\":true,\"valueName\":\"search_term_string\"}}],\"inLanguage\":\"es\"},{\"@type\":\"Organization\",\"@id\":\"https:\\\/\\\/informelitoral.com.ar\\\/#organization\",\"name\":\"Informe Litoral\",\"url\":\"https:\\\/\\\/informelitoral.com.ar\\\/\",\"logo\":{\"@type\":\"ImageObject\",\"inLanguage\":\"es\",\"@id\":\"https:\\\/\\\/informelitoral.com.ar\\\/#\\\/schema\\\/logo\\\/image\\\/\",\"url\":\"https:\\\/\\\/informelitoral.com.ar\\\/%77%70%2d%63%6f%6e%74%65%6e%74\\\/uploads\\\/2021\\\/01\\\/circulo.png\",\"contentUrl\":\"https:\\\/\\\/informelitoral.com.ar\\\/%77%70%2d%63%6f%6e%74%65%6e%74\\\/uploads\\\/2021\\\/01\\\/circulo.png\",\"width\":723,\"height\":731,\"caption\":\"Informe Litoral\"},\"image\":{\"@id\":\"https:\\\/\\\/informelitoral.com.ar\\\/#\\\/schema\\\/logo\\\/image\\\/\"},\"sameAs\":[\"https:\\\/\\\/www.facebook.com\\\/informelitoral\\\/\",\"https:\\\/\\\/x.com\\\/InformeLitoral\",\"https:\\\/\\\/www.instagram.com\\\/informelitoral\\\/\",\"https:\\\/\\\/www.youtube.com\\\/channel\\\/UCua4Qvz8Icb6MYqhoq9xLXw\"]},{\"@type\":\"Person\",\"@id\":\"https:\\\/\\\/informelitoral.com.ar\\\/#\\\/schema\\\/person\\\/b9d00407c836482871ef1d57bf8e3180\",\"name\":\"Gonzalo Schmidt\",\"image\":{\"@type\":\"ImageObject\",\"inLanguage\":\"es\",\"@id\":\"https:\\\/\\\/secure.gravatar.com\\\/avatar\\\/31a1a7b66ff2de83bd0e9fd79d026630d2d99e55e8bfe501287647b4fd9743de?s=96&d=mm&r=g\",\"url\":\"https:\\\/\\\/secure.gravatar.com\\\/avatar\\\/31a1a7b66ff2de83bd0e9fd79d026630d2d99e55e8bfe501287647b4fd9743de?s=96&d=mm&r=g\",\"contentUrl\":\"https:\\\/\\\/secure.gravatar.com\\\/avatar\\\/31a1a7b66ff2de83bd0e9fd79d026630d2d99e55e8bfe501287647b4fd9743de?s=96&d=mm&r=g\",\"caption\":\"Gonzalo Schmidt\"},\"description\":\"Sitio web de noticias de la provincia de Entre R\u00edos, Argentina. Informaci\u00f3n y entretenimiento. Informe Litoral, nos informamos.\",\"sameAs\":[\"http:\\\/\\\/www.isletasnoticias.com.ar\"],\"url\":\"https:\\\/\\\/informelitoral.com.ar\\\/author\\\/gonzalo\\\/\"}]}<\/script>","yoast_head_json":{"title":"Comenz\u00f3 la vacunaci\u00f3n a adultos de entre 60 y 69 a\u00f1os en Entre R\u00edos - Informe Litoral","robots":{"index":"index","follow":"follow","max-snippet":"max-snippet:-1","max-image-preview":"max-image-preview:large","max-video-preview":"max-video-preview:-1"},"canonical":"https:\/\/informelitoral.com.ar\/comenzo-la-vacunacion-a-adultos-de-entre-60-y-69-anos-en-entre-rios\/","og_locale":"es_ES","og_type":"article","og_title":"Comenz\u00f3 la vacunaci\u00f3n a adultos de entre 60 y 69 a\u00f1os en Entre R\u00edos - Informe Litoral","og_description":"La campa\u00f1a se inici\u00f3 en distintas ciudades entrerrianas. Contin\u00faa la inoculaci\u00f3n de los restantes grupos. \u2028","og_url":"https:\/\/informelitoral.com.ar\/comenzo-la-vacunacion-a-adultos-de-entre-60-y-69-anos-en-entre-rios\/","og_site_name":"Informe Litoral","article_publisher":"https:\/\/www.facebook.com\/informelitoral\/","article_published_time":"2021-04-07T21:31:57+00:00","article_modified_time":"2021-04-07T21:33:00+00:00","og_image":[{"width":1068,"height":580,"url":"https:\/\/informelitoral.com.ar\/%77%70%2d%63%6f%6e%74%65%6e%74\/uploads\/2020\/10\/vacunana-web.jpg","type":"image\/jpeg"}],"author":"Gonzalo Schmidt","twitter_card":"summary_large_image","twitter_creator":"@InformeLitoral","twitter_site":"@InformeLitoral","twitter_misc":{"Escrito por":"Gonzalo Schmidt","Tiempo de lectura":"4 minutos"},"schema":{"@context":"https:\/\/schema.org","@graph":[{"@type":"Article","@id":"https:\/\/informelitoral.com.ar\/comenzo-la-vacunacion-a-adultos-de-entre-60-y-69-anos-en-entre-rios\/#article","isPartOf":{"@id":"https:\/\/informelitoral.com.ar\/comenzo-la-vacunacion-a-adultos-de-entre-60-y-69-anos-en-entre-rios\/"},"author":{"name":"Gonzalo Schmidt","@id":"https:\/\/informelitoral.com.ar\/#\/schema\/person\/b9d00407c836482871ef1d57bf8e3180"},"headline":"Comenz\u00f3 la vacunaci\u00f3n a adultos de entre 60 y 69 a\u00f1os en Entre R\u00edos","datePublished":"2021-04-07T21:31:57+00:00","dateModified":"2021-04-07T21:33:00+00:00","mainEntityOfPage":{"@id":"https:\/\/informelitoral.com.ar\/comenzo-la-vacunacion-a-adultos-de-entre-60-y-69-anos-en-entre-rios\/"},"wordCount":764,"commentCount":0,"publisher":{"@id":"https:\/\/informelitoral.com.ar\/#organization"},"image":{"@id":"https:\/\/informelitoral.com.ar\/comenzo-la-vacunacion-a-adultos-de-entre-60-y-69-anos-en-entre-rios\/#primaryimage"},"thumbnailUrl":"https:\/\/informelitoral.com.ar\/%77%70%2d%63%6f%6e%74%65%6e%74\/uploads\/2020\/10\/vacunana-web.jpg","keywords":["Coronavirus","COVID-19","Vacunaci\u00f3n"],"articleSection":["Entre R\u00edos"],"inLanguage":"es","potentialAction":[{"@type":"CommentAction","name":"Comment","target":["https:\/\/informelitoral.com.ar\/comenzo-la-vacunacion-a-adultos-de-entre-60-y-69-anos-en-entre-rios\/#respond"]}]},{"@type":"WebPage","@id":"https:\/\/informelitoral.com.ar\/comenzo-la-vacunacion-a-adultos-de-entre-60-y-69-anos-en-entre-rios\/","url":"https:\/\/informelitoral.com.ar\/comenzo-la-vacunacion-a-adultos-de-entre-60-y-69-anos-en-entre-rios\/","name":"Comenz\u00f3 la vacunaci\u00f3n a adultos de entre 60 y 69 a\u00f1os en Entre R\u00edos - Informe Litoral","isPartOf":{"@id":"https:\/\/informelitoral.com.ar\/#website"},"primaryImageOfPage":{"@id":"https:\/\/informelitoral.com.ar\/comenzo-la-vacunacion-a-adultos-de-entre-60-y-69-anos-en-entre-rios\/#primaryimage"},"image":{"@id":"https:\/\/informelitoral.com.ar\/comenzo-la-vacunacion-a-adultos-de-entre-60-y-69-anos-en-entre-rios\/#primaryimage"},"thumbnailUrl":"https:\/\/informelitoral.com.ar\/%77%70%2d%63%6f%6e%74%65%6e%74\/uploads\/2020\/10\/vacunana-web.jpg","datePublished":"2021-04-07T21:31:57+00:00","dateModified":"2021-04-07T21:33:00+00:00","breadcrumb":{"@id":"https:\/\/informelitoral.com.ar\/comenzo-la-vacunacion-a-adultos-de-entre-60-y-69-anos-en-entre-rios\/#breadcrumb"},"inLanguage":"es","potentialAction":[{"@type":"ReadAction","target":["https:\/\/informelitoral.com.ar\/comenzo-la-vacunacion-a-adultos-de-entre-60-y-69-anos-en-entre-rios\/"]}]},{"@type":"ImageObject","inLanguage":"es","@id":"https:\/\/informelitoral.com.ar\/comenzo-la-vacunacion-a-adultos-de-entre-60-y-69-anos-en-entre-rios\/#primaryimage","url":"https:\/\/informelitoral.com.ar\/%77%70%2d%63%6f%6e%74%65%6e%74\/uploads\/2020\/10\/vacunana-web.jpg","contentUrl":"https:\/\/informelitoral.com.ar\/%77%70%2d%63%6f%6e%74%65%6e%74\/uploads\/2020\/10\/vacunana-web.jpg","width":1068,"height":580},{"@type":"BreadcrumbList","@id":"https:\/\/informelitoral.com.ar\/comenzo-la-vacunacion-a-adultos-de-entre-60-y-69-anos-en-entre-rios\/#breadcrumb","itemListElement":[{"@type":"ListItem","position":1,"name":"Portada","item":"https:\/\/informelitoral.com.ar\/"},{"@type":"ListItem","position":2,"name":"Comenz\u00f3 la vacunaci\u00f3n a adultos de entre 60 y 69 a\u00f1os en Entre R\u00edos"}]},{"@type":"WebSite","@id":"https:\/\/informelitoral.com.ar\/#website","url":"https:\/\/informelitoral.com.ar\/","name":"Informe Litoral","description":"&quot;Nos informamos&quot; ","publisher":{"@id":"https:\/\/informelitoral.com.ar\/#organization"},"potentialAction":[{"@type":"SearchAction","target":{"@type":"EntryPoint","urlTemplate":"https:\/\/informelitoral.com.ar\/?s={search_term_string}"},"query-input":{"@type":"PropertyValueSpecification","valueRequired":true,"valueName":"search_term_string"}}],"inLanguage":"es"},{"@type":"Organization","@id":"https:\/\/informelitoral.com.ar\/#organization","name":"Informe Litoral","url":"https:\/\/informelitoral.com.ar\/","logo":{"@type":"ImageObject","inLanguage":"es","@id":"https:\/\/informelitoral.com.ar\/#\/schema\/logo\/image\/","url":"https:\/\/informelitoral.com.ar\/%77%70%2d%63%6f%6e%74%65%6e%74\/uploads\/2021\/01\/circulo.png","contentUrl":"https:\/\/informelitoral.com.ar\/%77%70%2d%63%6f%6e%74%65%6e%74\/uploads\/2021\/01\/circulo.png","width":723,"height":731,"caption":"Informe Litoral"},"image":{"@id":"https:\/\/informelitoral.com.ar\/#\/schema\/logo\/image\/"},"sameAs":["https:\/\/www.facebook.com\/informelitoral\/","https:\/\/x.com\/InformeLitoral","https:\/\/www.instagram.com\/informelitoral\/","https:\/\/www.youtube.com\/channel\/UCua4Qvz8Icb6MYqhoq9xLXw"]},{"@type":"Person","@id":"https:\/\/informelitoral.com.ar\/#\/schema\/person\/b9d00407c836482871ef1d57bf8e3180","name":"Gonzalo Schmidt","image":{"@type":"ImageObject","inLanguage":"es","@id":"https:\/\/secure.gravatar.com\/avatar\/31a1a7b66ff2de83bd0e9fd79d026630d2d99e55e8bfe501287647b4fd9743de?s=96&d=mm&r=g","url":"https:\/\/secure.gravatar.com\/avatar\/31a1a7b66ff2de83bd0e9fd79d026630d2d99e55e8bfe501287647b4fd9743de?s=96&d=mm&r=g","contentUrl":"https:\/\/secure.gravatar.com\/avatar\/31a1a7b66ff2de83bd0e9fd79d026630d2d99e55e8bfe501287647b4fd9743de?s=96&d=mm&r=g","caption":"Gonzalo Schmidt"},"description":"Sitio web de noticias de la provincia de Entre R\u00edos, Argentina. Informaci\u00f3n y entretenimiento. Informe Litoral, nos informamos.","sameAs":["http:\/\/www.isletasnoticias.com.ar"],"url":"https:\/\/informelitoral.com.ar\/author\/gonzalo\/"}]}},"_links":{"self":[{"href":"https:\/\/informelitoral.com.ar\/%77%70%2d%6a%73%6f%6e\/wp\/v2\/posts\/58423","targetHints":{"allow":["GET"]}}],"collection":[{"href":"https:\/\/informelitoral.com.ar\/%77%70%2d%6a%73%6f%6e\/wp\/v2\/posts"}],"about":[{"href":"https:\/\/informelitoral.com.ar\/%77%70%2d%6a%73%6f%6e\/wp\/v2\/types\/post"}],"author":[{"embeddable":true,"href":"https:\/\/informelitoral.com.ar\/%77%70%2d%6a%73%6f%6e\/wp\/v2\/users\/2"}],"replies":[{"embeddable":true,"href":"https:\/\/informelitoral.com.ar\/%77%70%2d%6a%73%6f%6e\/wp\/v2\/comments?post=58423"}],"version-history":[{"count":0,"href":"https:\/\/informelitoral.com.ar\/%77%70%2d%6a%73%6f%6e\/wp\/v2\/posts\/58423\/revisions"}],"wp:featuredmedia":[{"embeddable":true,"href":"https:\/\/informelitoral.com.ar\/%77%70%2d%6a%73%6f%6e\/wp\/v2\/media\/51770"}],"wp:attachment":[{"href":"https:\/\/informelitoral.com.ar\/%77%70%2d%6a%73%6f%6e\/wp\/v2\/media?parent=58423"}],"wp:term":[{"taxonomy":"category","embeddable":true,"href":"https:\/\/informelitoral.com.ar\/%77%70%2d%6a%73%6f%6e\/wp\/v2\/categories?post=58423"},{"taxonomy":"post_tag","embeddable":true,"href":"https:\/\/informelitoral.com.ar\/%77%70%2d%6a%73%6f%6e\/wp\/v2\/tags?post=58423"}],"curies":[{"name":"wp","href":"https:\/\/api.w.org\/{rel}","templated":true}]}}