{"id":58375,"date":"2021-04-06T08:46:41","date_gmt":"2021-04-06T11:46:41","guid":{"rendered":"https:\/\/www.informelitoral.com.ar\/?p=58375"},"modified":"2021-04-06T08:46:41","modified_gmt":"2021-04-06T11:46:41","slug":"bordet-insto-a-reducir-la-circulacion-innecesaria-y-la-aglomeracion-de-personas","status":"publish","type":"post","link":"https:\/\/informelitoral.com.ar\/bordet-insto-a-reducir-la-circulacion-innecesaria-y-la-aglomeracion-de-personas\/","title":{"rendered":"Bordet inst\u00f3 a reducir la circulaci\u00f3n innecesaria y la aglomeraci\u00f3n de personas"},"content":{"rendered":"<p>Consultado sobre las medidas debido a la segunda ola de Covid, el mandatario dijo que \u00abEntre R\u00edos ya tiene implementada restricciones en horario nocturno, de lunes a jueves desde la 1 hasta las 6, y los fines de semana desde las 2 de la madrugada hasta las 6\u00bb y acot\u00f3 que \u00abse est\u00e1 conversando con intendentes para evitar que se puedan generar aglomeraciones, fiestas y eventos que hagan peligrar la situaci\u00f3n sanitaria de la poblaci\u00f3n porque lo que queremos es poder tener niveles de actividad abiertos, la econom\u00eda y el turismo activos, pero necesitamos reducir la circulaci\u00f3n innecesaria de las personas o la realizaci\u00f3n de fiestas\u201d.<\/p>\n<p>Luego sostuvo que \u201cen Entre R\u00edos hay un protocolo vigente que establece con exactitud cu\u00e1ntas personas pueden participar por evento, que es lo mismo que naci\u00f3n, hasta 100 personas en espacios abiertos\u201d.<\/p>\n<p>\u201cSi hay intendentes que habilitan eventos con m\u00e1s de 100 personas al aire libre y mucho m\u00e1s en lugares cerrados, son pasibles de cualquier acci\u00f3n judicial que pueda devenir en este sentido\u201d, continu\u00f3 diciendo Bordet, al tiempo que agreg\u00f3 que \u201csi bien los municipios son aut\u00f3nomos, se est\u00e1 infringiendo un decreto de necesidad y urgencia nacional que establece estos par\u00e1metros y a los cuales la provincia ha adherido\u201d.<\/p>\n<p>Acot\u00f3 que \u201cpor eso siempre pedimos la responsabilidad que nos cabe como Estado para tener el control sobre las habilitaciones y por supuesto que los municipios no las otorguen cuando est\u00e9n por fuera del decreto de necesidad y urgencia porque hay una situaci\u00f3n sanitaria que nos preocupa mucho porque vemos lo que est\u00e1 pasando en Uruguay, en Brasil, en Chile, en Paraguay, donde est\u00e1n colapsados los sistemas de salud y queremos evitar en el futuro nuevas restricciones\u201d.<\/p>\n","protected":false},"excerpt":{"rendered":"<p>\u201cSe est\u00e1 conversando con intendentes para evitar que se puedan generar aglomeraciones, fiestas y eventos que hagan peligrar la situaci\u00f3n sanitaria\u201d, afirm\u00f3 el gobernador Gustavo Bordet e insisti\u00f3 en que se debe reducir la circulaci\u00f3n innecesaria de personas para evitar contagios de covid.<\/p>\n","protected":false},"author":2,"featured_media":58376,"comment_status":"open","ping_status":"open","sticky":false,"template":"","format":"standard","meta":{"fifu_image_url":"","fifu_image_alt":"","footnotes":""},"categories":[16],"tags":[1426,1481,167],"class_list":{"0":"post-58375","1":"post","2":"type-post","3":"status-publish","4":"format-standard","5":"has-post-thumbnail","7":"category-politi","8":"tag-coronavirus","9":"tag-covid-19","10":"tag-gustavo-bordet"},"yoast_head":"<title>Bordet inst\u00f3 a reducir la circulaci\u00f3n innecesaria y la aglomeraci\u00f3n de personas - Informe Litoral<\/title>\n<meta name=\"robots\" content=\"index, follow, max-snippet:-1, max-image-preview:large, max-video-preview:-1\" \/>\n<link rel=\"canonical\" href=\"https:\/\/informelitoral.com.ar\/bordet-insto-a-reducir-la-circulacion-innecesaria-y-la-aglomeracion-de-personas\/\" \/>\n<meta property=\"og:locale\" content=\"es_ES\" \/>\n<meta property=\"og:type\" content=\"article\" \/>\n<meta property=\"og:title\" content=\"Bordet inst\u00f3 a reducir la circulaci\u00f3n innecesaria y la aglomeraci\u00f3n de personas - Informe Litoral\" \/>\n<meta property=\"og:description\" content=\"\u201cSe est\u00e1 conversando con intendentes para evitar que se puedan generar aglomeraciones, fiestas y eventos que hagan peligrar la situaci\u00f3n sanitaria\u201d, afirm\u00f3 el gobernador Gustavo Bordet e insisti\u00f3 en que se debe reducir la circulaci\u00f3n innecesaria de personas para evitar contagios de covid.\" \/>\n<meta property=\"og:url\" content=\"https:\/\/informelitoral.com.ar\/bordet-insto-a-reducir-la-circulacion-innecesaria-y-la-aglomeracion-de-personas\/\" \/>\n<meta property=\"og:site_name\" content=\"Informe Litoral\" \/>\n<meta property=\"article:publisher\" content=\"https:\/\/www.facebook.com\/informelitoral\/\" \/>\n<meta property=\"article:published_time\" content=\"2021-04-06T11:46:41+00:00\" \/>\n<meta property=\"og:image\" content=\"https:\/\/informelitoral.com.ar\/%77%70%2d%63%6f%6e%74%65%6e%74\/uploads\/2021\/04\/1617644257jpg.jpg\" \/>\n\t<meta property=\"og:image:width\" content=\"1920\" \/>\n\t<meta property=\"og:image:height\" content=\"1280\" \/>\n\t<meta property=\"og:image:type\" content=\"image\/jpeg\" \/>\n<meta name=\"author\" content=\"Gonzalo Schmidt\" \/>\n<meta name=\"twitter:card\" content=\"summary_large_image\" \/>\n<meta name=\"twitter:creator\" content=\"@InformeLitoral\" \/>\n<meta name=\"twitter:site\" content=\"@InformeLitoral\" \/>\n<meta name=\"twitter:label1\" content=\"Escrito por\" \/>\n\t<meta name=\"twitter:data1\" content=\"Gonzalo Schmidt\" \/>\n\t<meta name=\"twitter:label2\" content=\"Tiempo de lectura\" \/>\n\t<meta name=\"twitter:data2\" content=\"1 minuto\" \/>\n<script type=\"application\/ld+json\" class=\"yoast-schema-graph\">{\"@context\":\"https:\\\/\\\/schema.org\",\"@graph\":[{\"@type\":\"Article\",\"@id\":\"https:\\\/\\\/informelitoral.com.ar\\\/bordet-insto-a-reducir-la-circulacion-innecesaria-y-la-aglomeracion-de-personas\\\/#article\",\"isPartOf\":{\"@id\":\"https:\\\/\\\/informelitoral.com.ar\\\/bordet-insto-a-reducir-la-circulacion-innecesaria-y-la-aglomeracion-de-personas\\\/\"},\"author\":{\"name\":\"Gonzalo Schmidt\",\"@id\":\"https:\\\/\\\/informelitoral.com.ar\\\/#\\\/schema\\\/person\\\/b9d00407c836482871ef1d57bf8e3180\"},\"headline\":\"Bordet inst\u00f3 a reducir la circulaci\u00f3n innecesaria y la aglomeraci\u00f3n de personas\",\"datePublished\":\"2021-04-06T11:46:41+00:00\",\"mainEntityOfPage\":{\"@id\":\"https:\\\/\\\/informelitoral.com.ar\\\/bordet-insto-a-reducir-la-circulacion-innecesaria-y-la-aglomeracion-de-personas\\\/\"},\"wordCount\":308,\"commentCount\":0,\"publisher\":{\"@id\":\"https:\\\/\\\/informelitoral.com.ar\\\/#organization\"},\"image\":{\"@id\":\"https:\\\/\\\/informelitoral.com.ar\\\/bordet-insto-a-reducir-la-circulacion-innecesaria-y-la-aglomeracion-de-personas\\\/#primaryimage\"},\"thumbnailUrl\":\"https:\\\/\\\/informelitoral.com.ar\\\/%77%70%2d%63%6f%6e%74%65%6e%74\\\/uploads\\\/2021\\\/04\\\/1617644257jpg.jpg\",\"keywords\":[\"Coronavirus\",\"COVID-19\",\"Gustavo Bordet\"],\"articleSection\":[\"Politica\"],\"inLanguage\":\"es\",\"potentialAction\":[{\"@type\":\"CommentAction\",\"name\":\"Comment\",\"target\":[\"https:\\\/\\\/informelitoral.com.ar\\\/bordet-insto-a-reducir-la-circulacion-innecesaria-y-la-aglomeracion-de-personas\\\/#respond\"]}]},{\"@type\":\"WebPage\",\"@id\":\"https:\\\/\\\/informelitoral.com.ar\\\/bordet-insto-a-reducir-la-circulacion-innecesaria-y-la-aglomeracion-de-personas\\\/\",\"url\":\"https:\\\/\\\/informelitoral.com.ar\\\/bordet-insto-a-reducir-la-circulacion-innecesaria-y-la-aglomeracion-de-personas\\\/\",\"name\":\"Bordet inst\u00f3 a reducir la circulaci\u00f3n innecesaria y la aglomeraci\u00f3n de personas - Informe Litoral\",\"isPartOf\":{\"@id\":\"https:\\\/\\\/informelitoral.com.ar\\\/#website\"},\"primaryImageOfPage\":{\"@id\":\"https:\\\/\\\/informelitoral.com.ar\\\/bordet-insto-a-reducir-la-circulacion-innecesaria-y-la-aglomeracion-de-personas\\\/#primaryimage\"},\"image\":{\"@id\":\"https:\\\/\\\/informelitoral.com.ar\\\/bordet-insto-a-reducir-la-circulacion-innecesaria-y-la-aglomeracion-de-personas\\\/#primaryimage\"},\"thumbnailUrl\":\"https:\\\/\\\/informelitoral.com.ar\\\/%77%70%2d%63%6f%6e%74%65%6e%74\\\/uploads\\\/2021\\\/04\\\/1617644257jpg.jpg\",\"datePublished\":\"2021-04-06T11:46:41+00:00\",\"breadcrumb\":{\"@id\":\"https:\\\/\\\/informelitoral.com.ar\\\/bordet-insto-a-reducir-la-circulacion-innecesaria-y-la-aglomeracion-de-personas\\\/#breadcrumb\"},\"inLanguage\":\"es\",\"potentialAction\":[{\"@type\":\"ReadAction\",\"target\":[\"https:\\\/\\\/informelitoral.com.ar\\\/bordet-insto-a-reducir-la-circulacion-innecesaria-y-la-aglomeracion-de-personas\\\/\"]}]},{\"@type\":\"ImageObject\",\"inLanguage\":\"es\",\"@id\":\"https:\\\/\\\/informelitoral.com.ar\\\/bordet-insto-a-reducir-la-circulacion-innecesaria-y-la-aglomeracion-de-personas\\\/#primaryimage\",\"url\":\"https:\\\/\\\/informelitoral.com.ar\\\/%77%70%2d%63%6f%6e%74%65%6e%74\\\/uploads\\\/2021\\\/04\\\/1617644257jpg.jpg\",\"contentUrl\":\"https:\\\/\\\/informelitoral.com.ar\\\/%77%70%2d%63%6f%6e%74%65%6e%74\\\/uploads\\\/2021\\\/04\\\/1617644257jpg.jpg\",\"width\":1920,\"height\":1280},{\"@type\":\"BreadcrumbList\",\"@id\":\"https:\\\/\\\/informelitoral.com.ar\\\/bordet-insto-a-reducir-la-circulacion-innecesaria-y-la-aglomeracion-de-personas\\\/#breadcrumb\",\"itemListElement\":[{\"@type\":\"ListItem\",\"position\":1,\"name\":\"Portada\",\"item\":\"https:\\\/\\\/informelitoral.com.ar\\\/\"},{\"@type\":\"ListItem\",\"position\":2,\"name\":\"Bordet inst\u00f3 a reducir la circulaci\u00f3n innecesaria y la aglomeraci\u00f3n de personas\"}]},{\"@type\":\"WebSite\",\"@id\":\"https:\\\/\\\/informelitoral.com.ar\\\/#website\",\"url\":\"https:\\\/\\\/informelitoral.com.ar\\\/\",\"name\":\"Informe Litoral\",\"description\":\"&quot;Nos informamos&quot; \",\"publisher\":{\"@id\":\"https:\\\/\\\/informelitoral.com.ar\\\/#organization\"},\"potentialAction\":[{\"@type\":\"SearchAction\",\"target\":{\"@type\":\"EntryPoint\",\"urlTemplate\":\"https:\\\/\\\/informelitoral.com.ar\\\/?s={search_term_string}\"},\"query-input\":{\"@type\":\"PropertyValueSpecification\",\"valueRequired\":true,\"valueName\":\"search_term_string\"}}],\"inLanguage\":\"es\"},{\"@type\":\"Organization\",\"@id\":\"https:\\\/\\\/informelitoral.com.ar\\\/#organization\",\"name\":\"Informe Litoral\",\"url\":\"https:\\\/\\\/informelitoral.com.ar\\\/\",\"logo\":{\"@type\":\"ImageObject\",\"inLanguage\":\"es\",\"@id\":\"https:\\\/\\\/informelitoral.com.ar\\\/#\\\/schema\\\/logo\\\/image\\\/\",\"url\":\"https:\\\/\\\/informelitoral.com.ar\\\/%77%70%2d%63%6f%6e%74%65%6e%74\\\/uploads\\\/2021\\\/01\\\/circulo.png\",\"contentUrl\":\"https:\\\/\\\/informelitoral.com.ar\\\/%77%70%2d%63%6f%6e%74%65%6e%74\\\/uploads\\\/2021\\\/01\\\/circulo.png\",\"width\":723,\"height\":731,\"caption\":\"Informe Litoral\"},\"image\":{\"@id\":\"https:\\\/\\\/informelitoral.com.ar\\\/#\\\/schema\\\/logo\\\/image\\\/\"},\"sameAs\":[\"https:\\\/\\\/www.facebook.com\\\/informelitoral\\\/\",\"https:\\\/\\\/x.com\\\/InformeLitoral\",\"https:\\\/\\\/www.instagram.com\\\/informelitoral\\\/\",\"https:\\\/\\\/www.youtube.com\\\/channel\\\/UCua4Qvz8Icb6MYqhoq9xLXw\"]},{\"@type\":\"Person\",\"@id\":\"https:\\\/\\\/informelitoral.com.ar\\\/#\\\/schema\\\/person\\\/b9d00407c836482871ef1d57bf8e3180\",\"name\":\"Gonzalo Schmidt\",\"image\":{\"@type\":\"ImageObject\",\"inLanguage\":\"es\",\"@id\":\"https:\\\/\\\/secure.gravatar.com\\\/avatar\\\/31a1a7b66ff2de83bd0e9fd79d026630d2d99e55e8bfe501287647b4fd9743de?s=96&d=mm&r=g\",\"url\":\"https:\\\/\\\/secure.gravatar.com\\\/avatar\\\/31a1a7b66ff2de83bd0e9fd79d026630d2d99e55e8bfe501287647b4fd9743de?s=96&d=mm&r=g\",\"contentUrl\":\"https:\\\/\\\/secure.gravatar.com\\\/avatar\\\/31a1a7b66ff2de83bd0e9fd79d026630d2d99e55e8bfe501287647b4fd9743de?s=96&d=mm&r=g\",\"caption\":\"Gonzalo Schmidt\"},\"description\":\"Sitio web de noticias de la provincia de Entre R\u00edos, Argentina. Informaci\u00f3n y entretenimiento. Informe Litoral, nos informamos.\",\"sameAs\":[\"http:\\\/\\\/www.isletasnoticias.com.ar\"],\"url\":\"https:\\\/\\\/informelitoral.com.ar\\\/author\\\/gonzalo\\\/\"}]}<\/script>","yoast_head_json":{"title":"Bordet inst\u00f3 a reducir la circulaci\u00f3n innecesaria y la aglomeraci\u00f3n de personas - Informe Litoral","robots":{"index":"index","follow":"follow","max-snippet":"max-snippet:-1","max-image-preview":"max-image-preview:large","max-video-preview":"max-video-preview:-1"},"canonical":"https:\/\/informelitoral.com.ar\/bordet-insto-a-reducir-la-circulacion-innecesaria-y-la-aglomeracion-de-personas\/","og_locale":"es_ES","og_type":"article","og_title":"Bordet inst\u00f3 a reducir la circulaci\u00f3n innecesaria y la aglomeraci\u00f3n de personas - Informe Litoral","og_description":"\u201cSe est\u00e1 conversando con intendentes para evitar que se puedan generar aglomeraciones, fiestas y eventos que hagan peligrar la situaci\u00f3n sanitaria\u201d, afirm\u00f3 el gobernador Gustavo Bordet e insisti\u00f3 en que se debe reducir la circulaci\u00f3n innecesaria de personas para evitar contagios de covid.","og_url":"https:\/\/informelitoral.com.ar\/bordet-insto-a-reducir-la-circulacion-innecesaria-y-la-aglomeracion-de-personas\/","og_site_name":"Informe Litoral","article_publisher":"https:\/\/www.facebook.com\/informelitoral\/","article_published_time":"2021-04-06T11:46:41+00:00","og_image":[{"width":1920,"height":1280,"url":"https:\/\/informelitoral.com.ar\/%77%70%2d%63%6f%6e%74%65%6e%74\/uploads\/2021\/04\/1617644257jpg.jpg","type":"image\/jpeg"}],"author":"Gonzalo Schmidt","twitter_card":"summary_large_image","twitter_creator":"@InformeLitoral","twitter_site":"@InformeLitoral","twitter_misc":{"Escrito por":"Gonzalo Schmidt","Tiempo de lectura":"1 minuto"},"schema":{"@context":"https:\/\/schema.org","@graph":[{"@type":"Article","@id":"https:\/\/informelitoral.com.ar\/bordet-insto-a-reducir-la-circulacion-innecesaria-y-la-aglomeracion-de-personas\/#article","isPartOf":{"@id":"https:\/\/informelitoral.com.ar\/bordet-insto-a-reducir-la-circulacion-innecesaria-y-la-aglomeracion-de-personas\/"},"author":{"name":"Gonzalo Schmidt","@id":"https:\/\/informelitoral.com.ar\/#\/schema\/person\/b9d00407c836482871ef1d57bf8e3180"},"headline":"Bordet inst\u00f3 a reducir la circulaci\u00f3n innecesaria y la aglomeraci\u00f3n de personas","datePublished":"2021-04-06T11:46:41+00:00","mainEntityOfPage":{"@id":"https:\/\/informelitoral.com.ar\/bordet-insto-a-reducir-la-circulacion-innecesaria-y-la-aglomeracion-de-personas\/"},"wordCount":308,"commentCount":0,"publisher":{"@id":"https:\/\/informelitoral.com.ar\/#organization"},"image":{"@id":"https:\/\/informelitoral.com.ar\/bordet-insto-a-reducir-la-circulacion-innecesaria-y-la-aglomeracion-de-personas\/#primaryimage"},"thumbnailUrl":"https:\/\/informelitoral.com.ar\/%77%70%2d%63%6f%6e%74%65%6e%74\/uploads\/2021\/04\/1617644257jpg.jpg","keywords":["Coronavirus","COVID-19","Gustavo Bordet"],"articleSection":["Politica"],"inLanguage":"es","potentialAction":[{"@type":"CommentAction","name":"Comment","target":["https:\/\/informelitoral.com.ar\/bordet-insto-a-reducir-la-circulacion-innecesaria-y-la-aglomeracion-de-personas\/#respond"]}]},{"@type":"WebPage","@id":"https:\/\/informelitoral.com.ar\/bordet-insto-a-reducir-la-circulacion-innecesaria-y-la-aglomeracion-de-personas\/","url":"https:\/\/informelitoral.com.ar\/bordet-insto-a-reducir-la-circulacion-innecesaria-y-la-aglomeracion-de-personas\/","name":"Bordet inst\u00f3 a reducir la circulaci\u00f3n innecesaria y la aglomeraci\u00f3n de personas - Informe Litoral","isPartOf":{"@id":"https:\/\/informelitoral.com.ar\/#website"},"primaryImageOfPage":{"@id":"https:\/\/informelitoral.com.ar\/bordet-insto-a-reducir-la-circulacion-innecesaria-y-la-aglomeracion-de-personas\/#primaryimage"},"image":{"@id":"https:\/\/informelitoral.com.ar\/bordet-insto-a-reducir-la-circulacion-innecesaria-y-la-aglomeracion-de-personas\/#primaryimage"},"thumbnailUrl":"https:\/\/informelitoral.com.ar\/%77%70%2d%63%6f%6e%74%65%6e%74\/uploads\/2021\/04\/1617644257jpg.jpg","datePublished":"2021-04-06T11:46:41+00:00","breadcrumb":{"@id":"https:\/\/informelitoral.com.ar\/bordet-insto-a-reducir-la-circulacion-innecesaria-y-la-aglomeracion-de-personas\/#breadcrumb"},"inLanguage":"es","potentialAction":[{"@type":"ReadAction","target":["https:\/\/informelitoral.com.ar\/bordet-insto-a-reducir-la-circulacion-innecesaria-y-la-aglomeracion-de-personas\/"]}]},{"@type":"ImageObject","inLanguage":"es","@id":"https:\/\/informelitoral.com.ar\/bordet-insto-a-reducir-la-circulacion-innecesaria-y-la-aglomeracion-de-personas\/#primaryimage","url":"https:\/\/informelitoral.com.ar\/%77%70%2d%63%6f%6e%74%65%6e%74\/uploads\/2021\/04\/1617644257jpg.jpg","contentUrl":"https:\/\/informelitoral.com.ar\/%77%70%2d%63%6f%6e%74%65%6e%74\/uploads\/2021\/04\/1617644257jpg.jpg","width":1920,"height":1280},{"@type":"BreadcrumbList","@id":"https:\/\/informelitoral.com.ar\/bordet-insto-a-reducir-la-circulacion-innecesaria-y-la-aglomeracion-de-personas\/#breadcrumb","itemListElement":[{"@type":"ListItem","position":1,"name":"Portada","item":"https:\/\/informelitoral.com.ar\/"},{"@type":"ListItem","position":2,"name":"Bordet inst\u00f3 a reducir la circulaci\u00f3n innecesaria y la aglomeraci\u00f3n de personas"}]},{"@type":"WebSite","@id":"https:\/\/informelitoral.com.ar\/#website","url":"https:\/\/informelitoral.com.ar\/","name":"Informe Litoral","description":"&quot;Nos informamos&quot; ","publisher":{"@id":"https:\/\/informelitoral.com.ar\/#organization"},"potentialAction":[{"@type":"SearchAction","target":{"@type":"EntryPoint","urlTemplate":"https:\/\/informelitoral.com.ar\/?s={search_term_string}"},"query-input":{"@type":"PropertyValueSpecification","valueRequired":true,"valueName":"search_term_string"}}],"inLanguage":"es"},{"@type":"Organization","@id":"https:\/\/informelitoral.com.ar\/#organization","name":"Informe Litoral","url":"https:\/\/informelitoral.com.ar\/","logo":{"@type":"ImageObject","inLanguage":"es","@id":"https:\/\/informelitoral.com.ar\/#\/schema\/logo\/image\/","url":"https:\/\/informelitoral.com.ar\/%77%70%2d%63%6f%6e%74%65%6e%74\/uploads\/2021\/01\/circulo.png","contentUrl":"https:\/\/informelitoral.com.ar\/%77%70%2d%63%6f%6e%74%65%6e%74\/uploads\/2021\/01\/circulo.png","width":723,"height":731,"caption":"Informe Litoral"},"image":{"@id":"https:\/\/informelitoral.com.ar\/#\/schema\/logo\/image\/"},"sameAs":["https:\/\/www.facebook.com\/informelitoral\/","https:\/\/x.com\/InformeLitoral","https:\/\/www.instagram.com\/informelitoral\/","https:\/\/www.youtube.com\/channel\/UCua4Qvz8Icb6MYqhoq9xLXw"]},{"@type":"Person","@id":"https:\/\/informelitoral.com.ar\/#\/schema\/person\/b9d00407c836482871ef1d57bf8e3180","name":"Gonzalo Schmidt","image":{"@type":"ImageObject","inLanguage":"es","@id":"https:\/\/secure.gravatar.com\/avatar\/31a1a7b66ff2de83bd0e9fd79d026630d2d99e55e8bfe501287647b4fd9743de?s=96&d=mm&r=g","url":"https:\/\/secure.gravatar.com\/avatar\/31a1a7b66ff2de83bd0e9fd79d026630d2d99e55e8bfe501287647b4fd9743de?s=96&d=mm&r=g","contentUrl":"https:\/\/secure.gravatar.com\/avatar\/31a1a7b66ff2de83bd0e9fd79d026630d2d99e55e8bfe501287647b4fd9743de?s=96&d=mm&r=g","caption":"Gonzalo Schmidt"},"description":"Sitio web de noticias de la provincia de Entre R\u00edos, Argentina. Informaci\u00f3n y entretenimiento. Informe Litoral, nos informamos.","sameAs":["http:\/\/www.isletasnoticias.com.ar"],"url":"https:\/\/informelitoral.com.ar\/author\/gonzalo\/"}]}},"_links":{"self":[{"href":"https:\/\/informelitoral.com.ar\/%77%70%2d%6a%73%6f%6e\/wp\/v2\/posts\/58375","targetHints":{"allow":["GET"]}}],"collection":[{"href":"https:\/\/informelitoral.com.ar\/%77%70%2d%6a%73%6f%6e\/wp\/v2\/posts"}],"about":[{"href":"https:\/\/informelitoral.com.ar\/%77%70%2d%6a%73%6f%6e\/wp\/v2\/types\/post"}],"author":[{"embeddable":true,"href":"https:\/\/informelitoral.com.ar\/%77%70%2d%6a%73%6f%6e\/wp\/v2\/users\/2"}],"replies":[{"embeddable":true,"href":"https:\/\/informelitoral.com.ar\/%77%70%2d%6a%73%6f%6e\/wp\/v2\/comments?post=58375"}],"version-history":[{"count":0,"href":"https:\/\/informelitoral.com.ar\/%77%70%2d%6a%73%6f%6e\/wp\/v2\/posts\/58375\/revisions"}],"wp:featuredmedia":[{"embeddable":true,"href":"https:\/\/informelitoral.com.ar\/%77%70%2d%6a%73%6f%6e\/wp\/v2\/media\/58376"}],"wp:attachment":[{"href":"https:\/\/informelitoral.com.ar\/%77%70%2d%6a%73%6f%6e\/wp\/v2\/media?parent=58375"}],"wp:term":[{"taxonomy":"category","embeddable":true,"href":"https:\/\/informelitoral.com.ar\/%77%70%2d%6a%73%6f%6e\/wp\/v2\/categories?post=58375"},{"taxonomy":"post_tag","embeddable":true,"href":"https:\/\/informelitoral.com.ar\/%77%70%2d%6a%73%6f%6e\/wp\/v2\/tags?post=58375"}],"curies":[{"name":"wp","href":"https:\/\/api.w.org\/{rel}","templated":true}]}}