{"id":58369,"date":"2021-04-06T07:55:31","date_gmt":"2021-04-06T10:55:31","guid":{"rendered":"https:\/\/www.informelitoral.com.ar\/?p=58369"},"modified":"2021-04-06T07:55:31","modified_gmt":"2021-04-06T10:55:31","slug":"productores-avisan-que-este-ano-se-lanzan-al-crecimiento-en-materia-de-granos-leche-y-carne","status":"publish","type":"post","link":"https:\/\/informelitoral.com.ar\/productores-avisan-que-este-ano-se-lanzan-al-crecimiento-en-materia-de-granos-leche-y-carne\/","title":{"rendered":"Productores avisan que este a\u00f1o se lanzan al crecimiento en materia de granos, leche y carne"},"content":{"rendered":"<article class=\"cont-cuerpo\">\n<section class=\"texto\">La Asociaci\u00f3n Argentina de Consorcios Regionales de Experimentaci\u00f3n Agr\u00edcola (Aacrea) difundi\u00f3 los datos de su \u00faltima encuesta de expectativas sectoriales, con datos recogidos durante marzo.<\/p>\n<p>Y la conclusi\u00f3n general es que reina el optimismo: eso es lo que muestran varios indicadores relevados por la entidad entre m\u00e1s de 1.100 empresas agropecuarias.<\/p>\n<p>Por ejemplo, que los productores planean incrementar la participaci\u00f3n de los cultivos de invierno en la rotaci\u00f3n con respecto a a\u00f1os anteriores.<\/p>\n<p>En concreto, la previsi\u00f3n de las empresas Crea es que el 28 por ciento de la rotaci\u00f3n anual de la campa\u00f1a 2021\/22 estar\u00e1 integrada por trigo, cebada, cultivos de servicios, garbanzo u otros.<\/p>\n<p>Esta incidencia marca una fuerte suba frente al 22 por ciento del ciclo pasado, que a su vez era la mayor proporci\u00f3n registrada en los \u00faltimos ocho ejercicios.<\/p>\n<p>Por otro lado, un 46 por ciento de los ganaderos planea aumentar la cantidad de vientres, una cifra 10 puntos superior a la del mismo mes de 2020. En promedio, las empresas de cr\u00eda calculan un alza en la cantidad de vientres por entorar del 3,8 por ciento, mientras que en marzo de 2020 el incremento medio esperado era de apenas 0,6 por ciento.<\/p>\n<p>En la misma sinton\u00eda, el 39 por ciento y el 49 por ciento de los empresarios ganaderos indicaron que piensan incrementar la superficie de verdeos de invierno y pasturas en implantaci\u00f3n, respectivamente.<\/p>\n<p>El aumento promedio interanual planificado de la superficie de verdeos de invierno es del siete por ciento, mientras que en el caso de las pasturas se ubicar\u00eda en 10 por ciento.<\/p>\n<p>Asimismo, el 40 por ciento de los grupos Crea ganaderos van a aumentar la cantidad de terneros destetados, en un promedio del 2,1 por ciento con respecto a 2020.<\/p>\n<p>El optimismo tambi\u00e9n se traslada a la lecher\u00eda, sector en que el 68 por ciento de las empresas estima un alza de la producci\u00f3n de aproximadamente el seis por ciento, gracias tanto a un aumento de la cantidad de vacas en orde\u00f1e como de una mejora en la producci\u00f3n por ejemplar.<\/p>\n<p>Las buenas perspectivas de los empresarios Crea quedan de manifiesto cuando se observa que el 71 por ciento tiene intenciones de realizar inversiones este a\u00f1o, tanto en lo que respecta a mantenimiento (alambrados, corrales, etc\u00e9tera) como en equipos y maquinaria agr\u00edcola.<\/p>\n<p>No obstante, cay\u00f3 del 41 por ciento al 28 por ciento la cantidad de productores que planean realizar inversiones destinadas a generar mejoras en la capacidad productiva o la eficiencia.<\/p>\n<\/section>\n<\/article>\n","protected":false},"excerpt":{"rendered":"<p>Se estima que el 71 por ciento tiene intenciones de realizar inversiones este a\u00f1o, tanto en lo que respecta a mantenimiento (alambrados, corrales, etc\u00e9tera) como en equipos y maquinaria agr\u00edcola.<\/p>\n","protected":false},"author":2,"featured_media":23772,"comment_status":"open","ping_status":"open","sticky":false,"template":"","format":"standard","meta":{"fifu_image_url":"","fifu_image_alt":"","footnotes":""},"categories":[10,1594],"tags":[120,818],"class_list":{"0":"post-58369","1":"post","2":"type-post","3":"status-publish","4":"format-standard","5":"has-post-thumbnail","7":"category-campo","8":"category-economia","9":"tag-produccion","10":"tag-productores"},"yoast_head":"<title>Productores avisan que este a\u00f1o se lanzan al crecimiento en materia de granos, leche y carne - Informe Litoral<\/title>\n<meta name=\"robots\" content=\"index, follow, max-snippet:-1, max-image-preview:large, max-video-preview:-1\" \/>\n<link rel=\"canonical\" href=\"https:\/\/informelitoral.com.ar\/productores-avisan-que-este-ano-se-lanzan-al-crecimiento-en-materia-de-granos-leche-y-carne\/\" \/>\n<meta property=\"og:locale\" content=\"es_ES\" \/>\n<meta property=\"og:type\" content=\"article\" \/>\n<meta property=\"og:title\" content=\"Productores avisan que este a\u00f1o se lanzan al crecimiento en materia de granos, leche y carne - Informe Litoral\" \/>\n<meta property=\"og:description\" content=\"Se estima que el 71 por ciento tiene intenciones de realizar inversiones este a\u00f1o, tanto en lo que respecta a mantenimiento (alambrados, corrales, etc\u00e9tera) como en equipos y maquinaria agr\u00edcola.\" \/>\n<meta property=\"og:url\" content=\"https:\/\/informelitoral.com.ar\/productores-avisan-que-este-ano-se-lanzan-al-crecimiento-en-materia-de-granos-leche-y-carne\/\" \/>\n<meta property=\"og:site_name\" content=\"Informe Litoral\" \/>\n<meta property=\"article:publisher\" content=\"https:\/\/www.facebook.com\/informelitoral\/\" \/>\n<meta property=\"article:published_time\" content=\"2021-04-06T10:55:31+00:00\" \/>\n<meta property=\"og:image\" content=\"https:\/\/informelitoral.com.ar\/%77%70%2d%63%6f%6e%74%65%6e%74\/uploads\/2017\/11\/productores.jpg\" \/>\n\t<meta property=\"og:image:width\" content=\"960\" \/>\n\t<meta property=\"og:image:height\" content=\"426\" \/>\n\t<meta property=\"og:image:type\" content=\"image\/jpeg\" \/>\n<meta name=\"author\" content=\"Gonzalo Schmidt\" \/>\n<meta name=\"twitter:card\" content=\"summary_large_image\" \/>\n<meta name=\"twitter:creator\" content=\"@InformeLitoral\" \/>\n<meta name=\"twitter:site\" content=\"@InformeLitoral\" \/>\n<meta name=\"twitter:label1\" content=\"Escrito por\" \/>\n\t<meta name=\"twitter:data1\" content=\"Gonzalo Schmidt\" \/>\n\t<meta name=\"twitter:label2\" content=\"Tiempo de lectura\" \/>\n\t<meta name=\"twitter:data2\" content=\"2 minutos\" \/>\n<script type=\"application\/ld+json\" class=\"yoast-schema-graph\">{\"@context\":\"https:\\\/\\\/schema.org\",\"@graph\":[{\"@type\":\"Article\",\"@id\":\"https:\\\/\\\/informelitoral.com.ar\\\/productores-avisan-que-este-ano-se-lanzan-al-crecimiento-en-materia-de-granos-leche-y-carne\\\/#article\",\"isPartOf\":{\"@id\":\"https:\\\/\\\/informelitoral.com.ar\\\/productores-avisan-que-este-ano-se-lanzan-al-crecimiento-en-materia-de-granos-leche-y-carne\\\/\"},\"author\":{\"name\":\"Gonzalo Schmidt\",\"@id\":\"https:\\\/\\\/informelitoral.com.ar\\\/#\\\/schema\\\/person\\\/b9d00407c836482871ef1d57bf8e3180\"},\"headline\":\"Productores avisan que este a\u00f1o se lanzan al crecimiento en materia de granos, leche y carne\",\"datePublished\":\"2021-04-06T10:55:31+00:00\",\"mainEntityOfPage\":{\"@id\":\"https:\\\/\\\/informelitoral.com.ar\\\/productores-avisan-que-este-ano-se-lanzan-al-crecimiento-en-materia-de-granos-leche-y-carne\\\/\"},\"wordCount\":433,\"commentCount\":0,\"publisher\":{\"@id\":\"https:\\\/\\\/informelitoral.com.ar\\\/#organization\"},\"image\":{\"@id\":\"https:\\\/\\\/informelitoral.com.ar\\\/productores-avisan-que-este-ano-se-lanzan-al-crecimiento-en-materia-de-granos-leche-y-carne\\\/#primaryimage\"},\"thumbnailUrl\":\"https:\\\/\\\/informelitoral.com.ar\\\/%77%70%2d%63%6f%6e%74%65%6e%74\\\/uploads\\\/2017\\\/11\\\/productores.jpg\",\"keywords\":[\"Producci\u00f3n\",\"Productores\"],\"articleSection\":[\"Campo\",\"Econom\u00eda\"],\"inLanguage\":\"es\",\"potentialAction\":[{\"@type\":\"CommentAction\",\"name\":\"Comment\",\"target\":[\"https:\\\/\\\/informelitoral.com.ar\\\/productores-avisan-que-este-ano-se-lanzan-al-crecimiento-en-materia-de-granos-leche-y-carne\\\/#respond\"]}]},{\"@type\":\"WebPage\",\"@id\":\"https:\\\/\\\/informelitoral.com.ar\\\/productores-avisan-que-este-ano-se-lanzan-al-crecimiento-en-materia-de-granos-leche-y-carne\\\/\",\"url\":\"https:\\\/\\\/informelitoral.com.ar\\\/productores-avisan-que-este-ano-se-lanzan-al-crecimiento-en-materia-de-granos-leche-y-carne\\\/\",\"name\":\"Productores avisan que este a\u00f1o se lanzan al crecimiento en materia de granos, leche y carne - Informe Litoral\",\"isPartOf\":{\"@id\":\"https:\\\/\\\/informelitoral.com.ar\\\/#website\"},\"primaryImageOfPage\":{\"@id\":\"https:\\\/\\\/informelitoral.com.ar\\\/productores-avisan-que-este-ano-se-lanzan-al-crecimiento-en-materia-de-granos-leche-y-carne\\\/#primaryimage\"},\"image\":{\"@id\":\"https:\\\/\\\/informelitoral.com.ar\\\/productores-avisan-que-este-ano-se-lanzan-al-crecimiento-en-materia-de-granos-leche-y-carne\\\/#primaryimage\"},\"thumbnailUrl\":\"https:\\\/\\\/informelitoral.com.ar\\\/%77%70%2d%63%6f%6e%74%65%6e%74\\\/uploads\\\/2017\\\/11\\\/productores.jpg\",\"datePublished\":\"2021-04-06T10:55:31+00:00\",\"breadcrumb\":{\"@id\":\"https:\\\/\\\/informelitoral.com.ar\\\/productores-avisan-que-este-ano-se-lanzan-al-crecimiento-en-materia-de-granos-leche-y-carne\\\/#breadcrumb\"},\"inLanguage\":\"es\",\"potentialAction\":[{\"@type\":\"ReadAction\",\"target\":[\"https:\\\/\\\/informelitoral.com.ar\\\/productores-avisan-que-este-ano-se-lanzan-al-crecimiento-en-materia-de-granos-leche-y-carne\\\/\"]}]},{\"@type\":\"ImageObject\",\"inLanguage\":\"es\",\"@id\":\"https:\\\/\\\/informelitoral.com.ar\\\/productores-avisan-que-este-ano-se-lanzan-al-crecimiento-en-materia-de-granos-leche-y-carne\\\/#primaryimage\",\"url\":\"https:\\\/\\\/informelitoral.com.ar\\\/%77%70%2d%63%6f%6e%74%65%6e%74\\\/uploads\\\/2017\\\/11\\\/productores.jpg\",\"contentUrl\":\"https:\\\/\\\/informelitoral.com.ar\\\/%77%70%2d%63%6f%6e%74%65%6e%74\\\/uploads\\\/2017\\\/11\\\/productores.jpg\",\"width\":960,\"height\":426},{\"@type\":\"BreadcrumbList\",\"@id\":\"https:\\\/\\\/informelitoral.com.ar\\\/productores-avisan-que-este-ano-se-lanzan-al-crecimiento-en-materia-de-granos-leche-y-carne\\\/#breadcrumb\",\"itemListElement\":[{\"@type\":\"ListItem\",\"position\":1,\"name\":\"Portada\",\"item\":\"https:\\\/\\\/informelitoral.com.ar\\\/\"},{\"@type\":\"ListItem\",\"position\":2,\"name\":\"Productores avisan que este a\u00f1o se lanzan al crecimiento en materia de granos, leche y carne\"}]},{\"@type\":\"WebSite\",\"@id\":\"https:\\\/\\\/informelitoral.com.ar\\\/#website\",\"url\":\"https:\\\/\\\/informelitoral.com.ar\\\/\",\"name\":\"Informe Litoral\",\"description\":\"&quot;Nos informamos&quot; \",\"publisher\":{\"@id\":\"https:\\\/\\\/informelitoral.com.ar\\\/#organization\"},\"potentialAction\":[{\"@type\":\"SearchAction\",\"target\":{\"@type\":\"EntryPoint\",\"urlTemplate\":\"https:\\\/\\\/informelitoral.com.ar\\\/?s={search_term_string}\"},\"query-input\":{\"@type\":\"PropertyValueSpecification\",\"valueRequired\":true,\"valueName\":\"search_term_string\"}}],\"inLanguage\":\"es\"},{\"@type\":\"Organization\",\"@id\":\"https:\\\/\\\/informelitoral.com.ar\\\/#organization\",\"name\":\"Informe Litoral\",\"url\":\"https:\\\/\\\/informelitoral.com.ar\\\/\",\"logo\":{\"@type\":\"ImageObject\",\"inLanguage\":\"es\",\"@id\":\"https:\\\/\\\/informelitoral.com.ar\\\/#\\\/schema\\\/logo\\\/image\\\/\",\"url\":\"https:\\\/\\\/informelitoral.com.ar\\\/%77%70%2d%63%6f%6e%74%65%6e%74\\\/uploads\\\/2021\\\/01\\\/circulo.png\",\"contentUrl\":\"https:\\\/\\\/informelitoral.com.ar\\\/%77%70%2d%63%6f%6e%74%65%6e%74\\\/uploads\\\/2021\\\/01\\\/circulo.png\",\"width\":723,\"height\":731,\"caption\":\"Informe Litoral\"},\"image\":{\"@id\":\"https:\\\/\\\/informelitoral.com.ar\\\/#\\\/schema\\\/logo\\\/image\\\/\"},\"sameAs\":[\"https:\\\/\\\/www.facebook.com\\\/informelitoral\\\/\",\"https:\\\/\\\/x.com\\\/InformeLitoral\",\"https:\\\/\\\/www.instagram.com\\\/informelitoral\\\/\",\"https:\\\/\\\/www.youtube.com\\\/channel\\\/UCua4Qvz8Icb6MYqhoq9xLXw\"]},{\"@type\":\"Person\",\"@id\":\"https:\\\/\\\/informelitoral.com.ar\\\/#\\\/schema\\\/person\\\/b9d00407c836482871ef1d57bf8e3180\",\"name\":\"Gonzalo Schmidt\",\"image\":{\"@type\":\"ImageObject\",\"inLanguage\":\"es\",\"@id\":\"https:\\\/\\\/secure.gravatar.com\\\/avatar\\\/31a1a7b66ff2de83bd0e9fd79d026630d2d99e55e8bfe501287647b4fd9743de?s=96&d=mm&r=g\",\"url\":\"https:\\\/\\\/secure.gravatar.com\\\/avatar\\\/31a1a7b66ff2de83bd0e9fd79d026630d2d99e55e8bfe501287647b4fd9743de?s=96&d=mm&r=g\",\"contentUrl\":\"https:\\\/\\\/secure.gravatar.com\\\/avatar\\\/31a1a7b66ff2de83bd0e9fd79d026630d2d99e55e8bfe501287647b4fd9743de?s=96&d=mm&r=g\",\"caption\":\"Gonzalo Schmidt\"},\"description\":\"Sitio web de noticias de la provincia de Entre R\u00edos, Argentina. Informaci\u00f3n y entretenimiento. Informe Litoral, nos informamos.\",\"sameAs\":[\"http:\\\/\\\/www.isletasnoticias.com.ar\"],\"url\":\"https:\\\/\\\/informelitoral.com.ar\\\/author\\\/gonzalo\\\/\"}]}<\/script>","yoast_head_json":{"title":"Productores avisan que este a\u00f1o se lanzan al crecimiento en materia de granos, leche y carne - Informe Litoral","robots":{"index":"index","follow":"follow","max-snippet":"max-snippet:-1","max-image-preview":"max-image-preview:large","max-video-preview":"max-video-preview:-1"},"canonical":"https:\/\/informelitoral.com.ar\/productores-avisan-que-este-ano-se-lanzan-al-crecimiento-en-materia-de-granos-leche-y-carne\/","og_locale":"es_ES","og_type":"article","og_title":"Productores avisan que este a\u00f1o se lanzan al crecimiento en materia de granos, leche y carne - Informe Litoral","og_description":"Se estima que el 71 por ciento tiene intenciones de realizar inversiones este a\u00f1o, tanto en lo que respecta a mantenimiento (alambrados, corrales, etc\u00e9tera) como en equipos y maquinaria agr\u00edcola.","og_url":"https:\/\/informelitoral.com.ar\/productores-avisan-que-este-ano-se-lanzan-al-crecimiento-en-materia-de-granos-leche-y-carne\/","og_site_name":"Informe Litoral","article_publisher":"https:\/\/www.facebook.com\/informelitoral\/","article_published_time":"2021-04-06T10:55:31+00:00","og_image":[{"width":960,"height":426,"url":"https:\/\/informelitoral.com.ar\/%77%70%2d%63%6f%6e%74%65%6e%74\/uploads\/2017\/11\/productores.jpg","type":"image\/jpeg"}],"author":"Gonzalo Schmidt","twitter_card":"summary_large_image","twitter_creator":"@InformeLitoral","twitter_site":"@InformeLitoral","twitter_misc":{"Escrito por":"Gonzalo Schmidt","Tiempo de lectura":"2 minutos"},"schema":{"@context":"https:\/\/schema.org","@graph":[{"@type":"Article","@id":"https:\/\/informelitoral.com.ar\/productores-avisan-que-este-ano-se-lanzan-al-crecimiento-en-materia-de-granos-leche-y-carne\/#article","isPartOf":{"@id":"https:\/\/informelitoral.com.ar\/productores-avisan-que-este-ano-se-lanzan-al-crecimiento-en-materia-de-granos-leche-y-carne\/"},"author":{"name":"Gonzalo Schmidt","@id":"https:\/\/informelitoral.com.ar\/#\/schema\/person\/b9d00407c836482871ef1d57bf8e3180"},"headline":"Productores avisan que este a\u00f1o se lanzan al crecimiento en materia de granos, leche y carne","datePublished":"2021-04-06T10:55:31+00:00","mainEntityOfPage":{"@id":"https:\/\/informelitoral.com.ar\/productores-avisan-que-este-ano-se-lanzan-al-crecimiento-en-materia-de-granos-leche-y-carne\/"},"wordCount":433,"commentCount":0,"publisher":{"@id":"https:\/\/informelitoral.com.ar\/#organization"},"image":{"@id":"https:\/\/informelitoral.com.ar\/productores-avisan-que-este-ano-se-lanzan-al-crecimiento-en-materia-de-granos-leche-y-carne\/#primaryimage"},"thumbnailUrl":"https:\/\/informelitoral.com.ar\/%77%70%2d%63%6f%6e%74%65%6e%74\/uploads\/2017\/11\/productores.jpg","keywords":["Producci\u00f3n","Productores"],"articleSection":["Campo","Econom\u00eda"],"inLanguage":"es","potentialAction":[{"@type":"CommentAction","name":"Comment","target":["https:\/\/informelitoral.com.ar\/productores-avisan-que-este-ano-se-lanzan-al-crecimiento-en-materia-de-granos-leche-y-carne\/#respond"]}]},{"@type":"WebPage","@id":"https:\/\/informelitoral.com.ar\/productores-avisan-que-este-ano-se-lanzan-al-crecimiento-en-materia-de-granos-leche-y-carne\/","url":"https:\/\/informelitoral.com.ar\/productores-avisan-que-este-ano-se-lanzan-al-crecimiento-en-materia-de-granos-leche-y-carne\/","name":"Productores avisan que este a\u00f1o se lanzan al crecimiento en materia de granos, leche y carne - Informe Litoral","isPartOf":{"@id":"https:\/\/informelitoral.com.ar\/#website"},"primaryImageOfPage":{"@id":"https:\/\/informelitoral.com.ar\/productores-avisan-que-este-ano-se-lanzan-al-crecimiento-en-materia-de-granos-leche-y-carne\/#primaryimage"},"image":{"@id":"https:\/\/informelitoral.com.ar\/productores-avisan-que-este-ano-se-lanzan-al-crecimiento-en-materia-de-granos-leche-y-carne\/#primaryimage"},"thumbnailUrl":"https:\/\/informelitoral.com.ar\/%77%70%2d%63%6f%6e%74%65%6e%74\/uploads\/2017\/11\/productores.jpg","datePublished":"2021-04-06T10:55:31+00:00","breadcrumb":{"@id":"https:\/\/informelitoral.com.ar\/productores-avisan-que-este-ano-se-lanzan-al-crecimiento-en-materia-de-granos-leche-y-carne\/#breadcrumb"},"inLanguage":"es","potentialAction":[{"@type":"ReadAction","target":["https:\/\/informelitoral.com.ar\/productores-avisan-que-este-ano-se-lanzan-al-crecimiento-en-materia-de-granos-leche-y-carne\/"]}]},{"@type":"ImageObject","inLanguage":"es","@id":"https:\/\/informelitoral.com.ar\/productores-avisan-que-este-ano-se-lanzan-al-crecimiento-en-materia-de-granos-leche-y-carne\/#primaryimage","url":"https:\/\/informelitoral.com.ar\/%77%70%2d%63%6f%6e%74%65%6e%74\/uploads\/2017\/11\/productores.jpg","contentUrl":"https:\/\/informelitoral.com.ar\/%77%70%2d%63%6f%6e%74%65%6e%74\/uploads\/2017\/11\/productores.jpg","width":960,"height":426},{"@type":"BreadcrumbList","@id":"https:\/\/informelitoral.com.ar\/productores-avisan-que-este-ano-se-lanzan-al-crecimiento-en-materia-de-granos-leche-y-carne\/#breadcrumb","itemListElement":[{"@type":"ListItem","position":1,"name":"Portada","item":"https:\/\/informelitoral.com.ar\/"},{"@type":"ListItem","position":2,"name":"Productores avisan que este a\u00f1o se lanzan al crecimiento en materia de granos, leche y carne"}]},{"@type":"WebSite","@id":"https:\/\/informelitoral.com.ar\/#website","url":"https:\/\/informelitoral.com.ar\/","name":"Informe Litoral","description":"&quot;Nos informamos&quot; ","publisher":{"@id":"https:\/\/informelitoral.com.ar\/#organization"},"potentialAction":[{"@type":"SearchAction","target":{"@type":"EntryPoint","urlTemplate":"https:\/\/informelitoral.com.ar\/?s={search_term_string}"},"query-input":{"@type":"PropertyValueSpecification","valueRequired":true,"valueName":"search_term_string"}}],"inLanguage":"es"},{"@type":"Organization","@id":"https:\/\/informelitoral.com.ar\/#organization","name":"Informe Litoral","url":"https:\/\/informelitoral.com.ar\/","logo":{"@type":"ImageObject","inLanguage":"es","@id":"https:\/\/informelitoral.com.ar\/#\/schema\/logo\/image\/","url":"https:\/\/informelitoral.com.ar\/%77%70%2d%63%6f%6e%74%65%6e%74\/uploads\/2021\/01\/circulo.png","contentUrl":"https:\/\/informelitoral.com.ar\/%77%70%2d%63%6f%6e%74%65%6e%74\/uploads\/2021\/01\/circulo.png","width":723,"height":731,"caption":"Informe Litoral"},"image":{"@id":"https:\/\/informelitoral.com.ar\/#\/schema\/logo\/image\/"},"sameAs":["https:\/\/www.facebook.com\/informelitoral\/","https:\/\/x.com\/InformeLitoral","https:\/\/www.instagram.com\/informelitoral\/","https:\/\/www.youtube.com\/channel\/UCua4Qvz8Icb6MYqhoq9xLXw"]},{"@type":"Person","@id":"https:\/\/informelitoral.com.ar\/#\/schema\/person\/b9d00407c836482871ef1d57bf8e3180","name":"Gonzalo Schmidt","image":{"@type":"ImageObject","inLanguage":"es","@id":"https:\/\/secure.gravatar.com\/avatar\/31a1a7b66ff2de83bd0e9fd79d026630d2d99e55e8bfe501287647b4fd9743de?s=96&d=mm&r=g","url":"https:\/\/secure.gravatar.com\/avatar\/31a1a7b66ff2de83bd0e9fd79d026630d2d99e55e8bfe501287647b4fd9743de?s=96&d=mm&r=g","contentUrl":"https:\/\/secure.gravatar.com\/avatar\/31a1a7b66ff2de83bd0e9fd79d026630d2d99e55e8bfe501287647b4fd9743de?s=96&d=mm&r=g","caption":"Gonzalo Schmidt"},"description":"Sitio web de noticias de la provincia de Entre R\u00edos, Argentina. Informaci\u00f3n y entretenimiento. Informe Litoral, nos informamos.","sameAs":["http:\/\/www.isletasnoticias.com.ar"],"url":"https:\/\/informelitoral.com.ar\/author\/gonzalo\/"}]}},"_links":{"self":[{"href":"https:\/\/informelitoral.com.ar\/%77%70%2d%6a%73%6f%6e\/wp\/v2\/posts\/58369","targetHints":{"allow":["GET"]}}],"collection":[{"href":"https:\/\/informelitoral.com.ar\/%77%70%2d%6a%73%6f%6e\/wp\/v2\/posts"}],"about":[{"href":"https:\/\/informelitoral.com.ar\/%77%70%2d%6a%73%6f%6e\/wp\/v2\/types\/post"}],"author":[{"embeddable":true,"href":"https:\/\/informelitoral.com.ar\/%77%70%2d%6a%73%6f%6e\/wp\/v2\/users\/2"}],"replies":[{"embeddable":true,"href":"https:\/\/informelitoral.com.ar\/%77%70%2d%6a%73%6f%6e\/wp\/v2\/comments?post=58369"}],"version-history":[{"count":0,"href":"https:\/\/informelitoral.com.ar\/%77%70%2d%6a%73%6f%6e\/wp\/v2\/posts\/58369\/revisions"}],"wp:featuredmedia":[{"embeddable":true,"href":"https:\/\/informelitoral.com.ar\/%77%70%2d%6a%73%6f%6e\/wp\/v2\/media\/23772"}],"wp:attachment":[{"href":"https:\/\/informelitoral.com.ar\/%77%70%2d%6a%73%6f%6e\/wp\/v2\/media?parent=58369"}],"wp:term":[{"taxonomy":"category","embeddable":true,"href":"https:\/\/informelitoral.com.ar\/%77%70%2d%6a%73%6f%6e\/wp\/v2\/categories?post=58369"},{"taxonomy":"post_tag","embeddable":true,"href":"https:\/\/informelitoral.com.ar\/%77%70%2d%6a%73%6f%6e\/wp\/v2\/tags?post=58369"}],"curies":[{"name":"wp","href":"https:\/\/api.w.org\/{rel}","templated":true}]}}