{"id":5829,"date":"2014-02-25T10:02:57","date_gmt":"2014-02-25T13:02:57","guid":{"rendered":"http:\/\/www.isletasnoticias.com.ar\/?p=5829"},"modified":"2014-02-25T10:49:32","modified_gmt":"2014-02-25T13:49:32","slug":"rodriguez-sobre-el-camino-isletas-crespo-me-comprometo-a-hacerlo-fervientemente","status":"publish","type":"post","link":"https:\/\/informelitoral.com.ar\/rodriguez-sobre-el-camino-isletas-crespo-me-comprometo-a-hacerlo-fervientemente\/","title":{"rendered":"Rodr\u00edguez sobre el camino Isletas &#8211; Crespo: \u201cme comprometo a hacerlo fervientemente\u201d"},"content":{"rendered":"<p><b>De esta forma se expres\u00f3 el director de la Direcci\u00f3n Provincial de Vialidad, al hacer el anuncio del mejorado del camino que une la localidad con Crespo. La obra que consistir\u00e1 en la colocaci\u00f3n de broza y ripio a lo largo de 23 km. se llevar\u00e1 a cabo en dos etapas. La licitaci\u00f3n se realizar\u00eda en un mes y los trabajos estar\u00edan concluidos hacia fin de a\u00f1o. El anuncio fue bien recibido por la Junta de Gobierno, productores y vecinos en general.<\/b><\/p>\n<p style=\"text-align: center;\"><a href=\"http:\/\/www.isletasnoticias.com.ar\/%77%70%2d%63%6f%6e%74%65%6e%74\/uploads\/2014\/02\/Foto0886.jpg\"><img loading=\"lazy\" decoding=\"async\" class=\"aligncenter size-medium wp-image-5833\" title=\"De izq. a der.): H\u00e9ctor Sommer, Jorge Rodr\u00edguez, Daniel Kramer, Jos\u00e9 Luis Isaac y Omar Capellino (Junta de Gobierno de Isletas).\" alt=\"Foto0886\" src=\"http:\/\/www.isletasnoticias.com.ar\/%77%70%2d%63%6f%6e%74%65%6e%74\/uploads\/2014\/02\/Foto0886-300x225.jpg\" width=\"300\" height=\"225\" srcset=\"https:\/\/informelitoral.com.ar\/%77%70%2d%63%6f%6e%74%65%6e%74\/uploads\/2014\/02\/Foto0886-300x225.jpg 300w, https:\/\/informelitoral.com.ar\/%77%70%2d%63%6f%6e%74%65%6e%74\/uploads\/2014\/02\/Foto0886-1024x768.jpg 1024w, https:\/\/informelitoral.com.ar\/%77%70%2d%63%6f%6e%74%65%6e%74\/uploads\/2014\/02\/Foto0886.jpg 2048w\" sizes=\"auto, (max-width: 300px) 100vw, 300px\" \/><\/a><\/p>\n<p>Tal como lo hab\u00edamos adelantado, este lunes se concret\u00f3 un importante anuncio para Isletas y localidades vecinas. Es el enrripiado del camino de tierra Isletas-Crespo; un total de 23 km. que tendr\u00e1n cinco metros de ancho.<\/p>\n<p>En una primera etapa se van a hacer 17 km desde \u2018La \u00daltima Copa\u2019 (Crespo) hasta Cuatro Bocas (Isletas), pero mientras tanto se colocar\u00e1 broza en el tramo restante \u2013de unos cinco km.- desde Cuatro Bocas hasta \u00b4La Tablilla\u00b4, donde se une con el camino Costa Grande \u2013 Isletas- Ram\u00edrez.<\/p>\n<p><img loading=\"lazy\" decoding=\"async\" class=\"size-medium wp-image-5835 alignright\" style=\"color: #0000ee; font-weight: bold;\" title=\"Rodr\u00edguez en di\u00e1logo con IN.\" alt=\"Foto0890\" src=\"http:\/\/www.isletasnoticias.com.ar\/%77%70%2d%63%6f%6e%74%65%6e%74\/uploads\/2014\/02\/Foto0890-300x225.jpg\" width=\"300\" height=\"225\" srcset=\"https:\/\/informelitoral.com.ar\/%77%70%2d%63%6f%6e%74%65%6e%74\/uploads\/2014\/02\/Foto0890-300x225.jpg 300w, https:\/\/informelitoral.com.ar\/%77%70%2d%63%6f%6e%74%65%6e%74\/uploads\/2014\/02\/Foto0890-1024x768.jpg 1024w, https:\/\/informelitoral.com.ar\/%77%70%2d%63%6f%6e%74%65%6e%74\/uploads\/2014\/02\/Foto0890.jpg 2048w\" sizes=\"auto, (max-width: 300px) 100vw, 300px\" \/><\/p>\n<p>El director de la Direcci\u00f3n Provincial de Vialidad, el ing. <b>Jorge Rodr\u00edguez<\/b>, en declaraciones a <b><i>IN<\/i><\/b>, explic\u00f3 que \u201cel llamado a licitaci\u00f3n se va a hacer en un mes y la idea es abrir los sobres en Isletas\u201d, adelant\u00f3 el funcionario.<\/p>\n<p>Rodr\u00edguez sostuvo que el transporte de ripio \u201cva a ser costoso para nuestra repartici\u00f3n, ya que se traer\u00e1 desde la costa del R\u00edo Uruguay.\u00a0 Si bien ya tenemos 11 km. con broza, hay que rehacerlo para que quede bien y la idea es concluir la obra hacia fin de a\u00f1o\u201d, dijo el ingeniero.<\/p>\n<p><span style=\"text-decoration: underline;\">El anuncio oficial:<\/span><\/p>\n<p><b>Kramer: \u201cles digo a los productores que conf\u00eden porque este camino se va a hacer\u201d<\/b><\/p>\n<p>El senador <b>Daniel Ernesto Kramer<\/b> (FPV), reconoci\u00f3: \u201cme toca de cerca la situaci\u00f3n de Isletas y en particular lo de este camino, que viene gestion\u00e1ndose desde hace alrededor de 30 a\u00f1os.\u00a0 Es justificable el reclamo que hacen desde la Junta de Gobierno, pero Vialidad tambi\u00e9n siempre trabaja, a pesar de las dificultades que tienen. Adem\u00e1s en estas \u00faltimas semanas ha llovido much\u00edsimo y es obvio que todos queremos tener un camino en condiciones para salir y sacar la producci\u00f3n, pero a veces hay cosas que se nos escapan de\u00a0la mano\u201d, expres\u00f3 el legislador por el departamento Diamante.<\/p>\n<p>En este sentido, el ex intendente de Ram\u00edrez dej\u00f3 en claro que \u201cvengo a cumplir el mandato de la gente, porque cuando me consultaron para hacer el nexo con Vialidad, lo habl\u00e9 con <b>Jorge (Rodr\u00edguez)<\/b> y \u00e9l se comprometi\u00f3 y vino\u201d, destac\u00f3 el senador y valor\u00f3: \u201cen mi experiencia de haber sido intendente de Ram\u00edrez durante dos periodos, el ingeniero me cumpli\u00f3 todo lo que gestion\u00e9, por eso hicimos muchas obras impensadas. Les digo a los productores que conf\u00eden porque este camino se va a hacer\u201d; remarc\u00f3 Kramer.<\/p>\n<p><b>Rodr\u00edguez<\/b>:<b>\u201cvamos a terminar de hacer la broza y la colo<\/b><b>caci\u00f3n de ripio este a\u00f1o\u201d<\/b><\/p>\n<p>Al hacer uso de la palabra, el director de la Direcci\u00f3n Provincial de Vialidad, el ing. <b>Jorge Rodr\u00edguez, <\/b>sostuvo que de su parte \u201cme gusta dar la cara siempre y tratar de dar una soluci\u00f3n dentro de lo posible y lo m\u00e1s r\u00e1pido posible\u201d, afirm\u00f3 el funcionario y reconoci\u00f3:\u00a0 \u201cla verdad que tuvimos algunas dificultades, porque hab\u00eda prometido hace cuatro a\u00f1os hacer esta ruta, pero por una cuesti\u00f3n interna de Vialidad nunca se pudieron terminar las obras, por eso les pido disculpas\u201d, afirm\u00f3 Rodr\u00edguez.<\/p>\n<p>El funcionario provincial record\u00f3 que \u201cel a\u00f1o pasado me compromet\u00ed ante integrantes de la Junta de Gobierno que lo \u00edbamos a hacer poco a poco.\u00a0 Ahora con el presupuesto 2014 vamos a terminar la broza y la colocaci\u00f3n de ripio que compraremos de la costa del R\u00edo Uruguay, con fondos de nuestra repartici\u00f3n, para cumplir con ustedes\u201d, anunci\u00f3 el ingeniero y subray\u00f3: \u201cme comprometo a hacerlo fervientemente porque hace mucho que vengo hablando de este tema. Nunca se hicieron tantas obras como ahora, esto se ve en cada Zonal de Vialidad\u201d, dijo Rodr\u00edguez quien tambi\u00e9n valor\u00f3 el muto respeto con que se desarroll\u00f3 cada encuentro con los integrantes del ente gubernamental local.<\/p>\n<p><b>Eichmann: \u201ces una obra important\u00edsima pa<\/b><b>ra la zona\u201d<\/b><\/p>\n<p>El presidente de la Junta de Gobierno <b>Ra\u00fal Eichmann<\/b>, en di\u00e1logo con <b><i>IN<\/i><\/b> afirm\u00f3: \u201ces una obra important\u00edsima para la zona, porque hace 30 a\u00f1os que estamos peleando por ese camino. Tenemos que estar agradecidos a la Direcci\u00f3n Provincial de Vialidad que nos trajo esta noticia\u201d, sostuvo el isletense.<\/p>\n<p><img loading=\"lazy\" decoding=\"async\" class=\"size-medium wp-image-5834 alignright\" title=\"El diputado Jorge Monge (UCR) y Ra\u00fal Eichmann de la Junta de Gobierno de Isletas.\" alt=\"Foto0888\" src=\"http:\/\/www.isletasnoticias.com.ar\/%77%70%2d%63%6f%6e%74%65%6e%74\/uploads\/2014\/02\/Foto0888-300x225.jpg\" width=\"300\" height=\"225\" srcset=\"https:\/\/informelitoral.com.ar\/%77%70%2d%63%6f%6e%74%65%6e%74\/uploads\/2014\/02\/Foto0888-300x225.jpg 300w, https:\/\/informelitoral.com.ar\/%77%70%2d%63%6f%6e%74%65%6e%74\/uploads\/2014\/02\/Foto0888-1024x768.jpg 1024w, https:\/\/informelitoral.com.ar\/%77%70%2d%63%6f%6e%74%65%6e%74\/uploads\/2014\/02\/Foto0888.jpg 2048w\" sizes=\"auto, (max-width: 300px) 100vw, 300px\" \/><\/p>\n<p>El jefe comunal destac\u00f3 adem\u00e1s la participaci\u00f3n de los vecinos en las reuniones y el trabajo mancomunado entre diferentes \u00e1reas para \u201cque la obra se haga\u201d.<\/p>\n<p>Por otro lado record\u00f3 que contin\u00faan \u201ctrabajando en la calzada de Dorch, donde empezamos el encofrado del puente para luego hacer el hormig\u00f3n. Lo hacemos en conjunto con Vialidad, que pone el material y nosotros la mano de obra. Tambi\u00e9n colocamos el techo en el sal\u00f3n de la Escuela Agrot\u00e9cnica N\u00ba 153\u201d, enumer\u00f3 Eichmann.<\/p>\n<p><b>Representante de LAR: \u201ces una excelente noticia\u201d<\/b><\/p>\n<p>De la reuni\u00f3n tambi\u00e9n particip\u00f3 un integrante de La Agr\u00edcola Regional de Crespo (LAR), una cooperativa con una importante influencia en la zona norte de Isletas. El dirigente cooperativista valor\u00f3: \u201cel anuncio de Vialidad es una excelente noticia. Nosotros compartimos el pedido de los vecinos porque creemos que tener un camino accesible mejora la calidad de vida en la zona, tanto para la producci\u00f3n como para la salud y la educaci\u00f3n\u201d.<\/p>\n<p><b>Los presentes<\/b><\/p>\n<p><a href=\"http:\/\/www.isletasnoticias.com.ar\/%77%70%2d%63%6f%6e%74%65%6e%74\/uploads\/2014\/02\/caminos1.jpg\"><img loading=\"lazy\" decoding=\"async\" class=\"size-medium wp-image-5838 alignright\" alt=\"\" src=\"http:\/\/www.isletasnoticias.com.ar\/%77%70%2d%63%6f%6e%74%65%6e%74\/uploads\/2014\/02\/caminos1-300x225.jpg\" width=\"300\" height=\"225\" srcset=\"https:\/\/informelitoral.com.ar\/%77%70%2d%63%6f%6e%74%65%6e%74\/uploads\/2014\/02\/caminos1-300x225.jpg 300w, https:\/\/informelitoral.com.ar\/%77%70%2d%63%6f%6e%74%65%6e%74\/uploads\/2014\/02\/caminos1.jpg 960w\" sizes=\"auto, (max-width: 300px) 100vw, 300px\" \/><\/a>Del encuentro en la Escuela N\u00b0 32, Mariano Moreno\u00a0de Isletas, participaron el director de la Direcci\u00f3n Provincial de Vialidad, el ing. <b>Jorge Rodr\u00edguez<\/b>, el director de conservaci\u00f3n <b>H\u00e9ctor Sommer<\/b>, el jefe de la Zonal Diamante <b>Jos\u00e9 Luis Isaac<\/b>. Tambi\u00e9n lo hicieron el diputado <b>Jorge Monge<\/b> (UCR), el senador <b>Daniel Kramer<\/b> (FPV), integrantes de la Junta de Gobierno encabezada por <b>Ra\u00fal Eichmann<\/b>, el dirigente del justicialismo local <b>Luis Ch\u00e9mez<\/b>, un representante\u00a0 de La Agr\u00edcola Regional de Crespo, el director del establecimiento educativo <strong>Dar\u00edo Chaparro<\/strong> \u00a0y un grupo de unos 40 productores. \u00a0El diputado <b>Juan Carlos Darrich\u00f3n<\/b> no pudo participar, ya que seg\u00fan inform\u00f3, se encontraba fuera del pa\u00eds. <em>(Isletas Noticias)<\/em><\/p>\n","protected":false},"excerpt":{"rendered":"<p>De esta forma se expres&oacute; el director de la Direcci&oacute;n Provincial de Vialidad, al hacer el anuncio del mejorado del camino que une la localidad con Crespo. La obra que consistir&aacute; en la colocaci&oacute;n de broza y ripio a lo largo de 23 km. se llevar&aacute; a cabo en dos etapas. La licitaci&oacute;n se realizar&iacute;a [&hellip;]<\/p>\n","protected":false},"author":2,"featured_media":0,"comment_status":"open","ping_status":"open","sticky":false,"template":"","format":"standard","meta":{"fifu_image_url":"","fifu_image_alt":"","footnotes":""},"categories":[4,16],"tags":[],"class_list":{"0":"post-5829","1":"post","2":"type-post","3":"status-publish","4":"format-standard","6":"category-locales","7":"category-politi"},"yoast_head":"<title>Rodr\u00edguez sobre el camino Isletas - Crespo: \u201cme comprometo a hacerlo fervientemente\u201d - Informe Litoral<\/title>\n<meta name=\"robots\" content=\"index, follow, max-snippet:-1, max-image-preview:large, max-video-preview:-1\" \/>\n<link rel=\"canonical\" href=\"https:\/\/informelitoral.com.ar\/rodriguez-sobre-el-camino-isletas-crespo-me-comprometo-a-hacerlo-fervientemente\/\" \/>\n<meta property=\"og:locale\" content=\"es_ES\" \/>\n<meta property=\"og:type\" content=\"article\" \/>\n<meta property=\"og:title\" content=\"Rodr\u00edguez sobre el camino Isletas - Crespo: \u201cme comprometo a hacerlo fervientemente\u201d - Informe Litoral\" \/>\n<meta property=\"og:description\" content=\"De esta forma se expres&oacute; el director de la Direcci&oacute;n Provincial de Vialidad, al hacer el anuncio del mejorado del camino que une la localidad con Crespo. La obra que consistir&aacute; en la colocaci&oacute;n de broza y ripio a lo largo de 23 km. se llevar&aacute; a cabo en dos etapas. La licitaci&oacute;n se realizar&iacute;a [&hellip;]\" \/>\n<meta property=\"og:url\" content=\"https:\/\/informelitoral.com.ar\/rodriguez-sobre-el-camino-isletas-crespo-me-comprometo-a-hacerlo-fervientemente\/\" \/>\n<meta property=\"og:site_name\" content=\"Informe Litoral\" \/>\n<meta property=\"article:publisher\" content=\"https:\/\/www.facebook.com\/informelitoral\/\" \/>\n<meta property=\"article:published_time\" content=\"2014-02-25T13:02:57+00:00\" \/>\n<meta property=\"article:modified_time\" content=\"2014-02-25T13:49:32+00:00\" \/>\n<meta property=\"og:image\" content=\"https:\/\/informelitoral.com.ar\/%77%70%2d%63%6f%6e%74%65%6e%74\/uploads\/2014\/02\/Foto0886.jpg\" \/>\n\t<meta property=\"og:image:width\" content=\"2048\" \/>\n\t<meta property=\"og:image:height\" content=\"1536\" \/>\n\t<meta property=\"og:image:type\" content=\"image\/jpeg\" \/>\n<meta name=\"author\" content=\"Gonzalo Schmidt\" \/>\n<meta name=\"twitter:card\" content=\"summary_large_image\" \/>\n<meta name=\"twitter:creator\" content=\"@InformeLitoral\" \/>\n<meta name=\"twitter:site\" content=\"@InformeLitoral\" \/>\n<meta name=\"twitter:label1\" content=\"Escrito por\" \/>\n\t<meta name=\"twitter:data1\" content=\"Gonzalo Schmidt\" \/>\n\t<meta name=\"twitter:label2\" content=\"Tiempo de lectura\" \/>\n\t<meta name=\"twitter:data2\" content=\"5 minutos\" \/>\n<script type=\"application\/ld+json\" class=\"yoast-schema-graph\">{\"@context\":\"https:\\\/\\\/schema.org\",\"@graph\":[{\"@type\":\"Article\",\"@id\":\"https:\\\/\\\/informelitoral.com.ar\\\/rodriguez-sobre-el-camino-isletas-crespo-me-comprometo-a-hacerlo-fervientemente\\\/#article\",\"isPartOf\":{\"@id\":\"https:\\\/\\\/informelitoral.com.ar\\\/rodriguez-sobre-el-camino-isletas-crespo-me-comprometo-a-hacerlo-fervientemente\\\/\"},\"author\":{\"name\":\"Gonzalo Schmidt\",\"@id\":\"https:\\\/\\\/informelitoral.com.ar\\\/#\\\/schema\\\/person\\\/b9d00407c836482871ef1d57bf8e3180\"},\"headline\":\"Rodr\u00edguez sobre el camino Isletas &#8211; Crespo: \u201cme comprometo a hacerlo fervientemente\u201d\",\"datePublished\":\"2014-02-25T13:02:57+00:00\",\"dateModified\":\"2014-02-25T13:49:32+00:00\",\"mainEntityOfPage\":{\"@id\":\"https:\\\/\\\/informelitoral.com.ar\\\/rodriguez-sobre-el-camino-isletas-crespo-me-comprometo-a-hacerlo-fervientemente\\\/\"},\"wordCount\":1085,\"commentCount\":0,\"publisher\":{\"@id\":\"https:\\\/\\\/informelitoral.com.ar\\\/#organization\"},\"image\":{\"@id\":\"https:\\\/\\\/informelitoral.com.ar\\\/rodriguez-sobre-el-camino-isletas-crespo-me-comprometo-a-hacerlo-fervientemente\\\/#primaryimage\"},\"thumbnailUrl\":\"http:\\\/\\\/www.isletasnoticias.com.ar\\\/%77%70%2d%63%6f%6e%74%65%6e%74\\\/uploads\\\/2014\\\/02\\\/Foto0886-300x225.jpg\",\"articleSection\":[\"Isletas\",\"Politica\"],\"inLanguage\":\"es\",\"potentialAction\":[{\"@type\":\"CommentAction\",\"name\":\"Comment\",\"target\":[\"https:\\\/\\\/informelitoral.com.ar\\\/rodriguez-sobre-el-camino-isletas-crespo-me-comprometo-a-hacerlo-fervientemente\\\/#respond\"]}]},{\"@type\":\"WebPage\",\"@id\":\"https:\\\/\\\/informelitoral.com.ar\\\/rodriguez-sobre-el-camino-isletas-crespo-me-comprometo-a-hacerlo-fervientemente\\\/\",\"url\":\"https:\\\/\\\/informelitoral.com.ar\\\/rodriguez-sobre-el-camino-isletas-crespo-me-comprometo-a-hacerlo-fervientemente\\\/\",\"name\":\"Rodr\u00edguez sobre el camino Isletas - Crespo: \u201cme comprometo a hacerlo fervientemente\u201d - Informe Litoral\",\"isPartOf\":{\"@id\":\"https:\\\/\\\/informelitoral.com.ar\\\/#website\"},\"primaryImageOfPage\":{\"@id\":\"https:\\\/\\\/informelitoral.com.ar\\\/rodriguez-sobre-el-camino-isletas-crespo-me-comprometo-a-hacerlo-fervientemente\\\/#primaryimage\"},\"image\":{\"@id\":\"https:\\\/\\\/informelitoral.com.ar\\\/rodriguez-sobre-el-camino-isletas-crespo-me-comprometo-a-hacerlo-fervientemente\\\/#primaryimage\"},\"thumbnailUrl\":\"http:\\\/\\\/www.isletasnoticias.com.ar\\\/%77%70%2d%63%6f%6e%74%65%6e%74\\\/uploads\\\/2014\\\/02\\\/Foto0886-300x225.jpg\",\"datePublished\":\"2014-02-25T13:02:57+00:00\",\"dateModified\":\"2014-02-25T13:49:32+00:00\",\"breadcrumb\":{\"@id\":\"https:\\\/\\\/informelitoral.com.ar\\\/rodriguez-sobre-el-camino-isletas-crespo-me-comprometo-a-hacerlo-fervientemente\\\/#breadcrumb\"},\"inLanguage\":\"es\",\"potentialAction\":[{\"@type\":\"ReadAction\",\"target\":[\"https:\\\/\\\/informelitoral.com.ar\\\/rodriguez-sobre-el-camino-isletas-crespo-me-comprometo-a-hacerlo-fervientemente\\\/\"]}]},{\"@type\":\"ImageObject\",\"inLanguage\":\"es\",\"@id\":\"https:\\\/\\\/informelitoral.com.ar\\\/rodriguez-sobre-el-camino-isletas-crespo-me-comprometo-a-hacerlo-fervientemente\\\/#primaryimage\",\"url\":\"http:\\\/\\\/www.isletasnoticias.com.ar\\\/%77%70%2d%63%6f%6e%74%65%6e%74\\\/uploads\\\/2014\\\/02\\\/Foto0886-300x225.jpg\",\"contentUrl\":\"http:\\\/\\\/www.isletasnoticias.com.ar\\\/%77%70%2d%63%6f%6e%74%65%6e%74\\\/uploads\\\/2014\\\/02\\\/Foto0886-300x225.jpg\"},{\"@type\":\"BreadcrumbList\",\"@id\":\"https:\\\/\\\/informelitoral.com.ar\\\/rodriguez-sobre-el-camino-isletas-crespo-me-comprometo-a-hacerlo-fervientemente\\\/#breadcrumb\",\"itemListElement\":[{\"@type\":\"ListItem\",\"position\":1,\"name\":\"Portada\",\"item\":\"https:\\\/\\\/informelitoral.com.ar\\\/\"},{\"@type\":\"ListItem\",\"position\":2,\"name\":\"Rodr\u00edguez sobre el camino Isletas &#8211; Crespo: \u201cme comprometo a hacerlo fervientemente\u201d\"}]},{\"@type\":\"WebSite\",\"@id\":\"https:\\\/\\\/informelitoral.com.ar\\\/#website\",\"url\":\"https:\\\/\\\/informelitoral.com.ar\\\/\",\"name\":\"Informe Litoral\",\"description\":\"&quot;Nos informamos&quot; \",\"publisher\":{\"@id\":\"https:\\\/\\\/informelitoral.com.ar\\\/#organization\"},\"potentialAction\":[{\"@type\":\"SearchAction\",\"target\":{\"@type\":\"EntryPoint\",\"urlTemplate\":\"https:\\\/\\\/informelitoral.com.ar\\\/?s={search_term_string}\"},\"query-input\":{\"@type\":\"PropertyValueSpecification\",\"valueRequired\":true,\"valueName\":\"search_term_string\"}}],\"inLanguage\":\"es\"},{\"@type\":\"Organization\",\"@id\":\"https:\\\/\\\/informelitoral.com.ar\\\/#organization\",\"name\":\"Informe Litoral\",\"url\":\"https:\\\/\\\/informelitoral.com.ar\\\/\",\"logo\":{\"@type\":\"ImageObject\",\"inLanguage\":\"es\",\"@id\":\"https:\\\/\\\/informelitoral.com.ar\\\/#\\\/schema\\\/logo\\\/image\\\/\",\"url\":\"https:\\\/\\\/informelitoral.com.ar\\\/%77%70%2d%63%6f%6e%74%65%6e%74\\\/uploads\\\/2021\\\/01\\\/circulo.png\",\"contentUrl\":\"https:\\\/\\\/informelitoral.com.ar\\\/%77%70%2d%63%6f%6e%74%65%6e%74\\\/uploads\\\/2021\\\/01\\\/circulo.png\",\"width\":723,\"height\":731,\"caption\":\"Informe Litoral\"},\"image\":{\"@id\":\"https:\\\/\\\/informelitoral.com.ar\\\/#\\\/schema\\\/logo\\\/image\\\/\"},\"sameAs\":[\"https:\\\/\\\/www.facebook.com\\\/informelitoral\\\/\",\"https:\\\/\\\/x.com\\\/InformeLitoral\",\"https:\\\/\\\/www.instagram.com\\\/informelitoral\\\/\",\"https:\\\/\\\/www.youtube.com\\\/channel\\\/UCua4Qvz8Icb6MYqhoq9xLXw\"]},{\"@type\":\"Person\",\"@id\":\"https:\\\/\\\/informelitoral.com.ar\\\/#\\\/schema\\\/person\\\/b9d00407c836482871ef1d57bf8e3180\",\"name\":\"Gonzalo Schmidt\",\"image\":{\"@type\":\"ImageObject\",\"inLanguage\":\"es\",\"@id\":\"https:\\\/\\\/secure.gravatar.com\\\/avatar\\\/31a1a7b66ff2de83bd0e9fd79d026630d2d99e55e8bfe501287647b4fd9743de?s=96&d=mm&r=g\",\"url\":\"https:\\\/\\\/secure.gravatar.com\\\/avatar\\\/31a1a7b66ff2de83bd0e9fd79d026630d2d99e55e8bfe501287647b4fd9743de?s=96&d=mm&r=g\",\"contentUrl\":\"https:\\\/\\\/secure.gravatar.com\\\/avatar\\\/31a1a7b66ff2de83bd0e9fd79d026630d2d99e55e8bfe501287647b4fd9743de?s=96&d=mm&r=g\",\"caption\":\"Gonzalo Schmidt\"},\"description\":\"Sitio web de noticias de la provincia de Entre R\u00edos, Argentina. Informaci\u00f3n y entretenimiento. Informe Litoral, nos informamos.\",\"sameAs\":[\"http:\\\/\\\/www.isletasnoticias.com.ar\"],\"url\":\"https:\\\/\\\/informelitoral.com.ar\\\/author\\\/gonzalo\\\/\"}]}<\/script>","yoast_head_json":{"title":"Rodr\u00edguez sobre el camino Isletas - Crespo: \u201cme comprometo a hacerlo fervientemente\u201d - Informe Litoral","robots":{"index":"index","follow":"follow","max-snippet":"max-snippet:-1","max-image-preview":"max-image-preview:large","max-video-preview":"max-video-preview:-1"},"canonical":"https:\/\/informelitoral.com.ar\/rodriguez-sobre-el-camino-isletas-crespo-me-comprometo-a-hacerlo-fervientemente\/","og_locale":"es_ES","og_type":"article","og_title":"Rodr\u00edguez sobre el camino Isletas - Crespo: \u201cme comprometo a hacerlo fervientemente\u201d - Informe Litoral","og_description":"De esta forma se expres&oacute; el director de la Direcci&oacute;n Provincial de Vialidad, al hacer el anuncio del mejorado del camino que une la localidad con Crespo. La obra que consistir&aacute; en la colocaci&oacute;n de broza y ripio a lo largo de 23 km. se llevar&aacute; a cabo en dos etapas. La licitaci&oacute;n se realizar&iacute;a [&hellip;]","og_url":"https:\/\/informelitoral.com.ar\/rodriguez-sobre-el-camino-isletas-crespo-me-comprometo-a-hacerlo-fervientemente\/","og_site_name":"Informe Litoral","article_publisher":"https:\/\/www.facebook.com\/informelitoral\/","article_published_time":"2014-02-25T13:02:57+00:00","article_modified_time":"2014-02-25T13:49:32+00:00","og_image":[{"width":2048,"height":1536,"url":"https:\/\/informelitoral.com.ar\/%77%70%2d%63%6f%6e%74%65%6e%74\/uploads\/2014\/02\/Foto0886.jpg","type":"image\/jpeg"}],"author":"Gonzalo Schmidt","twitter_card":"summary_large_image","twitter_creator":"@InformeLitoral","twitter_site":"@InformeLitoral","twitter_misc":{"Escrito por":"Gonzalo Schmidt","Tiempo de lectura":"5 minutos"},"schema":{"@context":"https:\/\/schema.org","@graph":[{"@type":"Article","@id":"https:\/\/informelitoral.com.ar\/rodriguez-sobre-el-camino-isletas-crespo-me-comprometo-a-hacerlo-fervientemente\/#article","isPartOf":{"@id":"https:\/\/informelitoral.com.ar\/rodriguez-sobre-el-camino-isletas-crespo-me-comprometo-a-hacerlo-fervientemente\/"},"author":{"name":"Gonzalo Schmidt","@id":"https:\/\/informelitoral.com.ar\/#\/schema\/person\/b9d00407c836482871ef1d57bf8e3180"},"headline":"Rodr\u00edguez sobre el camino Isletas &#8211; Crespo: \u201cme comprometo a hacerlo fervientemente\u201d","datePublished":"2014-02-25T13:02:57+00:00","dateModified":"2014-02-25T13:49:32+00:00","mainEntityOfPage":{"@id":"https:\/\/informelitoral.com.ar\/rodriguez-sobre-el-camino-isletas-crespo-me-comprometo-a-hacerlo-fervientemente\/"},"wordCount":1085,"commentCount":0,"publisher":{"@id":"https:\/\/informelitoral.com.ar\/#organization"},"image":{"@id":"https:\/\/informelitoral.com.ar\/rodriguez-sobre-el-camino-isletas-crespo-me-comprometo-a-hacerlo-fervientemente\/#primaryimage"},"thumbnailUrl":"http:\/\/www.isletasnoticias.com.ar\/%77%70%2d%63%6f%6e%74%65%6e%74\/uploads\/2014\/02\/Foto0886-300x225.jpg","articleSection":["Isletas","Politica"],"inLanguage":"es","potentialAction":[{"@type":"CommentAction","name":"Comment","target":["https:\/\/informelitoral.com.ar\/rodriguez-sobre-el-camino-isletas-crespo-me-comprometo-a-hacerlo-fervientemente\/#respond"]}]},{"@type":"WebPage","@id":"https:\/\/informelitoral.com.ar\/rodriguez-sobre-el-camino-isletas-crespo-me-comprometo-a-hacerlo-fervientemente\/","url":"https:\/\/informelitoral.com.ar\/rodriguez-sobre-el-camino-isletas-crespo-me-comprometo-a-hacerlo-fervientemente\/","name":"Rodr\u00edguez sobre el camino Isletas - Crespo: \u201cme comprometo a hacerlo fervientemente\u201d - Informe Litoral","isPartOf":{"@id":"https:\/\/informelitoral.com.ar\/#website"},"primaryImageOfPage":{"@id":"https:\/\/informelitoral.com.ar\/rodriguez-sobre-el-camino-isletas-crespo-me-comprometo-a-hacerlo-fervientemente\/#primaryimage"},"image":{"@id":"https:\/\/informelitoral.com.ar\/rodriguez-sobre-el-camino-isletas-crespo-me-comprometo-a-hacerlo-fervientemente\/#primaryimage"},"thumbnailUrl":"http:\/\/www.isletasnoticias.com.ar\/%77%70%2d%63%6f%6e%74%65%6e%74\/uploads\/2014\/02\/Foto0886-300x225.jpg","datePublished":"2014-02-25T13:02:57+00:00","dateModified":"2014-02-25T13:49:32+00:00","breadcrumb":{"@id":"https:\/\/informelitoral.com.ar\/rodriguez-sobre-el-camino-isletas-crespo-me-comprometo-a-hacerlo-fervientemente\/#breadcrumb"},"inLanguage":"es","potentialAction":[{"@type":"ReadAction","target":["https:\/\/informelitoral.com.ar\/rodriguez-sobre-el-camino-isletas-crespo-me-comprometo-a-hacerlo-fervientemente\/"]}]},{"@type":"ImageObject","inLanguage":"es","@id":"https:\/\/informelitoral.com.ar\/rodriguez-sobre-el-camino-isletas-crespo-me-comprometo-a-hacerlo-fervientemente\/#primaryimage","url":"http:\/\/www.isletasnoticias.com.ar\/%77%70%2d%63%6f%6e%74%65%6e%74\/uploads\/2014\/02\/Foto0886-300x225.jpg","contentUrl":"http:\/\/www.isletasnoticias.com.ar\/%77%70%2d%63%6f%6e%74%65%6e%74\/uploads\/2014\/02\/Foto0886-300x225.jpg"},{"@type":"BreadcrumbList","@id":"https:\/\/informelitoral.com.ar\/rodriguez-sobre-el-camino-isletas-crespo-me-comprometo-a-hacerlo-fervientemente\/#breadcrumb","itemListElement":[{"@type":"ListItem","position":1,"name":"Portada","item":"https:\/\/informelitoral.com.ar\/"},{"@type":"ListItem","position":2,"name":"Rodr\u00edguez sobre el camino Isletas &#8211; Crespo: \u201cme comprometo a hacerlo fervientemente\u201d"}]},{"@type":"WebSite","@id":"https:\/\/informelitoral.com.ar\/#website","url":"https:\/\/informelitoral.com.ar\/","name":"Informe Litoral","description":"&quot;Nos informamos&quot; ","publisher":{"@id":"https:\/\/informelitoral.com.ar\/#organization"},"potentialAction":[{"@type":"SearchAction","target":{"@type":"EntryPoint","urlTemplate":"https:\/\/informelitoral.com.ar\/?s={search_term_string}"},"query-input":{"@type":"PropertyValueSpecification","valueRequired":true,"valueName":"search_term_string"}}],"inLanguage":"es"},{"@type":"Organization","@id":"https:\/\/informelitoral.com.ar\/#organization","name":"Informe Litoral","url":"https:\/\/informelitoral.com.ar\/","logo":{"@type":"ImageObject","inLanguage":"es","@id":"https:\/\/informelitoral.com.ar\/#\/schema\/logo\/image\/","url":"https:\/\/informelitoral.com.ar\/%77%70%2d%63%6f%6e%74%65%6e%74\/uploads\/2021\/01\/circulo.png","contentUrl":"https:\/\/informelitoral.com.ar\/%77%70%2d%63%6f%6e%74%65%6e%74\/uploads\/2021\/01\/circulo.png","width":723,"height":731,"caption":"Informe Litoral"},"image":{"@id":"https:\/\/informelitoral.com.ar\/#\/schema\/logo\/image\/"},"sameAs":["https:\/\/www.facebook.com\/informelitoral\/","https:\/\/x.com\/InformeLitoral","https:\/\/www.instagram.com\/informelitoral\/","https:\/\/www.youtube.com\/channel\/UCua4Qvz8Icb6MYqhoq9xLXw"]},{"@type":"Person","@id":"https:\/\/informelitoral.com.ar\/#\/schema\/person\/b9d00407c836482871ef1d57bf8e3180","name":"Gonzalo Schmidt","image":{"@type":"ImageObject","inLanguage":"es","@id":"https:\/\/secure.gravatar.com\/avatar\/31a1a7b66ff2de83bd0e9fd79d026630d2d99e55e8bfe501287647b4fd9743de?s=96&d=mm&r=g","url":"https:\/\/secure.gravatar.com\/avatar\/31a1a7b66ff2de83bd0e9fd79d026630d2d99e55e8bfe501287647b4fd9743de?s=96&d=mm&r=g","contentUrl":"https:\/\/secure.gravatar.com\/avatar\/31a1a7b66ff2de83bd0e9fd79d026630d2d99e55e8bfe501287647b4fd9743de?s=96&d=mm&r=g","caption":"Gonzalo Schmidt"},"description":"Sitio web de noticias de la provincia de Entre R\u00edos, Argentina. Informaci\u00f3n y entretenimiento. Informe Litoral, nos informamos.","sameAs":["http:\/\/www.isletasnoticias.com.ar"],"url":"https:\/\/informelitoral.com.ar\/author\/gonzalo\/"}]}},"_links":{"self":[{"href":"https:\/\/informelitoral.com.ar\/%77%70%2d%6a%73%6f%6e\/wp\/v2\/posts\/5829","targetHints":{"allow":["GET"]}}],"collection":[{"href":"https:\/\/informelitoral.com.ar\/%77%70%2d%6a%73%6f%6e\/wp\/v2\/posts"}],"about":[{"href":"https:\/\/informelitoral.com.ar\/%77%70%2d%6a%73%6f%6e\/wp\/v2\/types\/post"}],"author":[{"embeddable":true,"href":"https:\/\/informelitoral.com.ar\/%77%70%2d%6a%73%6f%6e\/wp\/v2\/users\/2"}],"replies":[{"embeddable":true,"href":"https:\/\/informelitoral.com.ar\/%77%70%2d%6a%73%6f%6e\/wp\/v2\/comments?post=5829"}],"version-history":[{"count":0,"href":"https:\/\/informelitoral.com.ar\/%77%70%2d%6a%73%6f%6e\/wp\/v2\/posts\/5829\/revisions"}],"wp:attachment":[{"href":"https:\/\/informelitoral.com.ar\/%77%70%2d%6a%73%6f%6e\/wp\/v2\/media?parent=5829"}],"wp:term":[{"taxonomy":"category","embeddable":true,"href":"https:\/\/informelitoral.com.ar\/%77%70%2d%6a%73%6f%6e\/wp\/v2\/categories?post=5829"},{"taxonomy":"post_tag","embeddable":true,"href":"https:\/\/informelitoral.com.ar\/%77%70%2d%6a%73%6f%6e\/wp\/v2\/tags?post=5829"}],"curies":[{"name":"wp","href":"https:\/\/api.w.org\/{rel}","templated":true}]}}