{"id":5822,"date":"2014-02-24T09:57:25","date_gmt":"2014-02-24T12:57:25","guid":{"rendered":"http:\/\/www.isletasnoticias.com.ar\/?p=5822"},"modified":"2014-02-24T10:07:20","modified_gmt":"2014-02-24T13:07:20","slug":"isletas-un-camino-unira-a-tres-legisladores","status":"publish","type":"post","link":"https:\/\/informelitoral.com.ar\/isletas-un-camino-unira-a-tres-legisladores\/","title":{"rendered":"Isletas: un camino unir\u00e1 a tres legisladores"},"content":{"rendered":"<p><strong>Ser\u00e1 este lunes a las 18:00, donde tienen previsto llegar a Isletas, los diputados<em> Darrich\u00f3n<\/em> (FPV),<em> Monge<\/em> (UCR) y el senador <em>Kramer<\/em> (FPV), m\u00e1s el director de la Direcci\u00f3n Provincial de Vialidad y de la Zonal Diamante. De suceder tal como est\u00e1 previsto, ser\u00e1 un acontecimiento trascendente para la localidad, que desde hace m\u00e1s de 10 a\u00f1os espera el mejorado del camino desde &#8216;La Tablilla&#8217;, hasta la \u00b4\u00daltima Copa\u00b4, en Crespo.<\/strong><\/p>\n<p style=\"text-align: center;\"><img loading=\"lazy\" decoding=\"async\" class=\"aligncenter  wp-image-5823\" title=\"Kramer, Monge y Darrich\u00f3n tienen previsto visitar Isletas este lunes.\" alt=\"KramerMongeDarrich\u00f3n\" src=\"http:\/\/www.isletasnoticias.com.ar\/%77%70%2d%63%6f%6e%74%65%6e%74\/uploads\/2014\/02\/KramerMongeDarrich\u00f3n-300x168.jpg\" width=\"300\" height=\"168\" srcset=\"https:\/\/informelitoral.com.ar\/%77%70%2d%63%6f%6e%74%65%6e%74\/uploads\/2014\/02\/KramerMongeDarrich\u00f3n-300x168.jpg 300w, https:\/\/informelitoral.com.ar\/%77%70%2d%63%6f%6e%74%65%6e%74\/uploads\/2014\/02\/KramerMongeDarrich\u00f3n.jpg 640w\" sizes=\"auto, (max-width: 300px) 100vw, 300px\" \/><\/p>\n<p>Este lunes 24, a las 18:00 en la Escuela N\u00b0 32, Mariano Moreno de Isletas, se realizar\u00e1 una reuni\u00f3n que puede quedar en la historia de esta localidad de no m\u00e1s de 800 habitantes, como uno de los hechos m\u00e1s destacados.<\/p>\n<p>Seg\u00fan pudo conocer<strong><em> ISLETAS NOTICIAS<\/em><\/strong>, del encuentro\u00a0participar\u00e1 el director de la Direcci\u00f3n Provincial de Vialidad, el ing. <strong>Jorge Rodr\u00edguez<\/strong>, y los tres legisladores del departamento Diamante, que son: el diputado <strong>Juan Carlos Darrich\u00f3n<\/strong> (FPV), su par <strong>Jorge Monge<\/strong> (UCR) y el senador <strong>Daniel Kramer<\/strong> (FPV). Tambi\u00e9n estar\u00e1 el jefe de la Zonal Diamante de Vialidad, <strong>Jos\u00e9 Luis Isaac<\/strong>, los integrantes de la Junta de Gobierno encabezada por <strong>Ra\u00fal Eichmann<\/strong> (UCR) y un grupo de productores.<\/p>\n<p>El objetivo del encuentro ser\u00e1 el mejorado de alrededor de 23 km. del camino que une Isletas con Crespo, desde un lugar conocido como \u00b4La Tablilla\u00b4, hasta \u00b4La \u00daltima Copa\u00b4 (ruta 131).<\/p>\n<p>El mencionado camino, adem\u00e1s de comunicar a varias localidades rurales con la Capital Nacional de la Avicultura, en la zona de Isletas beneficia a unos 20 tambos, 15 agricultores, una iglesia, la escuela N\u00b0 32 y el Destacamento Policial Cuatro Bocas.<\/p>\n<p>Las gestiones formales comenzaron en el\u00a02000, cuando se conform\u00f3 el consorcio caminero Isletas Norte. A partir de ese momento, a pesar de algunos avances en el embrozado, nunca se pudo concluir la obra.<\/p>\n<p><span style=\"text-decoration: underline;\"><a href=\"http:\/\/goo.gl\/S4knBw\"><span style=\"text-decoration: underline;\">La \u00faltima reuni\u00f3n por el camino se realiz\u00f3 el 14 de enero<\/span><\/a>,<\/span> oportunidad en que unos 40 vecinos firmaron un petitorio solicitando, entre otras cosas, el\u00a0\u201curgente mejorado\u201d del mencionado tramo.<\/p>\n<p>Las autoridades del ente gubernamental local, tambi\u00e9n se comprometieron en hacer llegar una copia del petitorio a los legisladores del departamento e invitarlos para una pr\u00f3xima reuni\u00f3n, aunque algunos participantes ve\u00edan casi imposible \u00abque se junten tres legisladores de distinto color pol\u00edtico\u00bb, otros eran optimistas.<\/p>\n<p>El encuentro ser\u00e1 este lunes y todos habr\u00edan confirmado su asistencia, m\u00e1s el ingeniero<span style=\"text-decoration: underline;\"><a href=\"http:\/\/goo.gl\/cXXYxN\"> Rodr\u00edguez que fue invitado por Kramer,<\/a><\/span> \u00a0lo que por estas horas representa uno de los logros m\u00e1s importantes de la gesti\u00f3n Eichmann, teniendo en cuenta que el eje de la campa\u00f1a era \u00abmejorar los caminos\u00bb.<\/p>\n<p>S\u00f3lo habr\u00e1 que esperar algunas horas m\u00e1s, para ver qu\u00e9 se define. (<em>Isletas Noticias<\/em>).<\/p>\n","protected":false},"excerpt":{"rendered":"<p>Ser&aacute; este lunes a las 18:00, donde tienen previsto llegar a Isletas, los diputados Darrich&oacute;n (FPV), Monge (UCR) y el senador Kramer (FPV), m&aacute;s el director de la Direcci&oacute;n Provincial de Vialidad y de la Zonal Diamante. De suceder tal como est&aacute; previsto, ser&aacute; un acontecimiento trascendente para la localidad, que desde hace m&aacute;s de [&hellip;]<\/p>\n","protected":false},"author":2,"featured_media":0,"comment_status":"open","ping_status":"open","sticky":false,"template":"","format":"standard","meta":{"fifu_image_url":"","fifu_image_alt":"","footnotes":""},"categories":[4,16],"tags":[],"class_list":{"0":"post-5822","1":"post","2":"type-post","3":"status-publish","4":"format-standard","6":"category-locales","7":"category-politi"},"yoast_head":"<title>Isletas: un camino unir\u00e1 a tres legisladores - Informe Litoral<\/title>\n<meta name=\"robots\" content=\"index, follow, max-snippet:-1, max-image-preview:large, max-video-preview:-1\" \/>\n<link rel=\"canonical\" href=\"https:\/\/informelitoral.com.ar\/isletas-un-camino-unira-a-tres-legisladores\/\" \/>\n<meta property=\"og:locale\" content=\"es_ES\" \/>\n<meta property=\"og:type\" content=\"article\" \/>\n<meta property=\"og:title\" content=\"Isletas: un camino unir\u00e1 a tres legisladores - Informe Litoral\" \/>\n<meta property=\"og:description\" content=\"Ser&aacute; este lunes a las 18:00, donde tienen previsto llegar a Isletas, los diputados Darrich&oacute;n (FPV), Monge (UCR) y el senador Kramer (FPV), m&aacute;s el director de la Direcci&oacute;n Provincial de Vialidad y de la Zonal Diamante. De suceder tal como est&aacute; previsto, ser&aacute; un acontecimiento trascendente para la localidad, que desde hace m&aacute;s de [&hellip;]\" \/>\n<meta property=\"og:url\" content=\"https:\/\/informelitoral.com.ar\/isletas-un-camino-unira-a-tres-legisladores\/\" \/>\n<meta property=\"og:site_name\" content=\"Informe Litoral\" \/>\n<meta property=\"article:publisher\" content=\"https:\/\/www.facebook.com\/informelitoral\/\" \/>\n<meta property=\"article:published_time\" content=\"2014-02-24T12:57:25+00:00\" \/>\n<meta property=\"article:modified_time\" content=\"2014-02-24T13:07:20+00:00\" \/>\n<meta name=\"author\" content=\"Gonzalo Schmidt\" \/>\n<meta name=\"twitter:card\" content=\"summary_large_image\" \/>\n<meta name=\"twitter:creator\" content=\"@InformeLitoral\" \/>\n<meta name=\"twitter:site\" content=\"@InformeLitoral\" \/>\n<meta name=\"twitter:label1\" content=\"Escrito por\" \/>\n\t<meta name=\"twitter:data1\" content=\"Gonzalo Schmidt\" \/>\n\t<meta name=\"twitter:label2\" content=\"Tiempo de lectura\" \/>\n\t<meta name=\"twitter:data2\" content=\"2 minutos\" \/>\n<script type=\"application\/ld+json\" class=\"yoast-schema-graph\">{\"@context\":\"https:\\\/\\\/schema.org\",\"@graph\":[{\"@type\":\"Article\",\"@id\":\"https:\\\/\\\/informelitoral.com.ar\\\/isletas-un-camino-unira-a-tres-legisladores\\\/#article\",\"isPartOf\":{\"@id\":\"https:\\\/\\\/informelitoral.com.ar\\\/isletas-un-camino-unira-a-tres-legisladores\\\/\"},\"author\":{\"name\":\"Gonzalo Schmidt\",\"@id\":\"https:\\\/\\\/informelitoral.com.ar\\\/#\\\/schema\\\/person\\\/b9d00407c836482871ef1d57bf8e3180\"},\"headline\":\"Isletas: un camino unir\u00e1 a tres legisladores\",\"datePublished\":\"2014-02-24T12:57:25+00:00\",\"dateModified\":\"2014-02-24T13:07:20+00:00\",\"mainEntityOfPage\":{\"@id\":\"https:\\\/\\\/informelitoral.com.ar\\\/isletas-un-camino-unira-a-tres-legisladores\\\/\"},\"wordCount\":456,\"commentCount\":0,\"publisher\":{\"@id\":\"https:\\\/\\\/informelitoral.com.ar\\\/#organization\"},\"articleSection\":[\"Isletas\",\"Politica\"],\"inLanguage\":\"es\",\"potentialAction\":[{\"@type\":\"CommentAction\",\"name\":\"Comment\",\"target\":[\"https:\\\/\\\/informelitoral.com.ar\\\/isletas-un-camino-unira-a-tres-legisladores\\\/#respond\"]}]},{\"@type\":\"WebPage\",\"@id\":\"https:\\\/\\\/informelitoral.com.ar\\\/isletas-un-camino-unira-a-tres-legisladores\\\/\",\"url\":\"https:\\\/\\\/informelitoral.com.ar\\\/isletas-un-camino-unira-a-tres-legisladores\\\/\",\"name\":\"Isletas: un camino unir\u00e1 a tres legisladores - Informe Litoral\",\"isPartOf\":{\"@id\":\"https:\\\/\\\/informelitoral.com.ar\\\/#website\"},\"datePublished\":\"2014-02-24T12:57:25+00:00\",\"dateModified\":\"2014-02-24T13:07:20+00:00\",\"breadcrumb\":{\"@id\":\"https:\\\/\\\/informelitoral.com.ar\\\/isletas-un-camino-unira-a-tres-legisladores\\\/#breadcrumb\"},\"inLanguage\":\"es\",\"potentialAction\":[{\"@type\":\"ReadAction\",\"target\":[\"https:\\\/\\\/informelitoral.com.ar\\\/isletas-un-camino-unira-a-tres-legisladores\\\/\"]}]},{\"@type\":\"BreadcrumbList\",\"@id\":\"https:\\\/\\\/informelitoral.com.ar\\\/isletas-un-camino-unira-a-tres-legisladores\\\/#breadcrumb\",\"itemListElement\":[{\"@type\":\"ListItem\",\"position\":1,\"name\":\"Portada\",\"item\":\"https:\\\/\\\/informelitoral.com.ar\\\/\"},{\"@type\":\"ListItem\",\"position\":2,\"name\":\"Isletas: un camino unir\u00e1 a tres legisladores\"}]},{\"@type\":\"WebSite\",\"@id\":\"https:\\\/\\\/informelitoral.com.ar\\\/#website\",\"url\":\"https:\\\/\\\/informelitoral.com.ar\\\/\",\"name\":\"Informe Litoral\",\"description\":\"&quot;Nos informamos&quot; \",\"publisher\":{\"@id\":\"https:\\\/\\\/informelitoral.com.ar\\\/#organization\"},\"potentialAction\":[{\"@type\":\"SearchAction\",\"target\":{\"@type\":\"EntryPoint\",\"urlTemplate\":\"https:\\\/\\\/informelitoral.com.ar\\\/?s={search_term_string}\"},\"query-input\":{\"@type\":\"PropertyValueSpecification\",\"valueRequired\":true,\"valueName\":\"search_term_string\"}}],\"inLanguage\":\"es\"},{\"@type\":\"Organization\",\"@id\":\"https:\\\/\\\/informelitoral.com.ar\\\/#organization\",\"name\":\"Informe Litoral\",\"url\":\"https:\\\/\\\/informelitoral.com.ar\\\/\",\"logo\":{\"@type\":\"ImageObject\",\"inLanguage\":\"es\",\"@id\":\"https:\\\/\\\/informelitoral.com.ar\\\/#\\\/schema\\\/logo\\\/image\\\/\",\"url\":\"https:\\\/\\\/informelitoral.com.ar\\\/%77%70%2d%63%6f%6e%74%65%6e%74\\\/uploads\\\/2021\\\/01\\\/circulo.png\",\"contentUrl\":\"https:\\\/\\\/informelitoral.com.ar\\\/%77%70%2d%63%6f%6e%74%65%6e%74\\\/uploads\\\/2021\\\/01\\\/circulo.png\",\"width\":723,\"height\":731,\"caption\":\"Informe Litoral\"},\"image\":{\"@id\":\"https:\\\/\\\/informelitoral.com.ar\\\/#\\\/schema\\\/logo\\\/image\\\/\"},\"sameAs\":[\"https:\\\/\\\/www.facebook.com\\\/informelitoral\\\/\",\"https:\\\/\\\/x.com\\\/InformeLitoral\",\"https:\\\/\\\/www.instagram.com\\\/informelitoral\\\/\",\"https:\\\/\\\/www.youtube.com\\\/channel\\\/UCua4Qvz8Icb6MYqhoq9xLXw\"]},{\"@type\":\"Person\",\"@id\":\"https:\\\/\\\/informelitoral.com.ar\\\/#\\\/schema\\\/person\\\/b9d00407c836482871ef1d57bf8e3180\",\"name\":\"Gonzalo Schmidt\",\"image\":{\"@type\":\"ImageObject\",\"inLanguage\":\"es\",\"@id\":\"https:\\\/\\\/secure.gravatar.com\\\/avatar\\\/31a1a7b66ff2de83bd0e9fd79d026630d2d99e55e8bfe501287647b4fd9743de?s=96&d=mm&r=g\",\"url\":\"https:\\\/\\\/secure.gravatar.com\\\/avatar\\\/31a1a7b66ff2de83bd0e9fd79d026630d2d99e55e8bfe501287647b4fd9743de?s=96&d=mm&r=g\",\"contentUrl\":\"https:\\\/\\\/secure.gravatar.com\\\/avatar\\\/31a1a7b66ff2de83bd0e9fd79d026630d2d99e55e8bfe501287647b4fd9743de?s=96&d=mm&r=g\",\"caption\":\"Gonzalo Schmidt\"},\"description\":\"Sitio web de noticias de la provincia de Entre R\u00edos, Argentina. Informaci\u00f3n y entretenimiento. Informe Litoral, nos informamos.\",\"sameAs\":[\"http:\\\/\\\/www.isletasnoticias.com.ar\"],\"url\":\"https:\\\/\\\/informelitoral.com.ar\\\/author\\\/gonzalo\\\/\"}]}<\/script>","yoast_head_json":{"title":"Isletas: un camino unir\u00e1 a tres legisladores - Informe Litoral","robots":{"index":"index","follow":"follow","max-snippet":"max-snippet:-1","max-image-preview":"max-image-preview:large","max-video-preview":"max-video-preview:-1"},"canonical":"https:\/\/informelitoral.com.ar\/isletas-un-camino-unira-a-tres-legisladores\/","og_locale":"es_ES","og_type":"article","og_title":"Isletas: un camino unir\u00e1 a tres legisladores - Informe Litoral","og_description":"Ser&aacute; este lunes a las 18:00, donde tienen previsto llegar a Isletas, los diputados Darrich&oacute;n (FPV), Monge (UCR) y el senador Kramer (FPV), m&aacute;s el director de la Direcci&oacute;n Provincial de Vialidad y de la Zonal Diamante. De suceder tal como est&aacute; previsto, ser&aacute; un acontecimiento trascendente para la localidad, que desde hace m&aacute;s de [&hellip;]","og_url":"https:\/\/informelitoral.com.ar\/isletas-un-camino-unira-a-tres-legisladores\/","og_site_name":"Informe Litoral","article_publisher":"https:\/\/www.facebook.com\/informelitoral\/","article_published_time":"2014-02-24T12:57:25+00:00","article_modified_time":"2014-02-24T13:07:20+00:00","author":"Gonzalo Schmidt","twitter_card":"summary_large_image","twitter_creator":"@InformeLitoral","twitter_site":"@InformeLitoral","twitter_misc":{"Escrito por":"Gonzalo Schmidt","Tiempo de lectura":"2 minutos"},"schema":{"@context":"https:\/\/schema.org","@graph":[{"@type":"Article","@id":"https:\/\/informelitoral.com.ar\/isletas-un-camino-unira-a-tres-legisladores\/#article","isPartOf":{"@id":"https:\/\/informelitoral.com.ar\/isletas-un-camino-unira-a-tres-legisladores\/"},"author":{"name":"Gonzalo Schmidt","@id":"https:\/\/informelitoral.com.ar\/#\/schema\/person\/b9d00407c836482871ef1d57bf8e3180"},"headline":"Isletas: un camino unir\u00e1 a tres legisladores","datePublished":"2014-02-24T12:57:25+00:00","dateModified":"2014-02-24T13:07:20+00:00","mainEntityOfPage":{"@id":"https:\/\/informelitoral.com.ar\/isletas-un-camino-unira-a-tres-legisladores\/"},"wordCount":456,"commentCount":0,"publisher":{"@id":"https:\/\/informelitoral.com.ar\/#organization"},"articleSection":["Isletas","Politica"],"inLanguage":"es","potentialAction":[{"@type":"CommentAction","name":"Comment","target":["https:\/\/informelitoral.com.ar\/isletas-un-camino-unira-a-tres-legisladores\/#respond"]}]},{"@type":"WebPage","@id":"https:\/\/informelitoral.com.ar\/isletas-un-camino-unira-a-tres-legisladores\/","url":"https:\/\/informelitoral.com.ar\/isletas-un-camino-unira-a-tres-legisladores\/","name":"Isletas: un camino unir\u00e1 a tres legisladores - Informe Litoral","isPartOf":{"@id":"https:\/\/informelitoral.com.ar\/#website"},"datePublished":"2014-02-24T12:57:25+00:00","dateModified":"2014-02-24T13:07:20+00:00","breadcrumb":{"@id":"https:\/\/informelitoral.com.ar\/isletas-un-camino-unira-a-tres-legisladores\/#breadcrumb"},"inLanguage":"es","potentialAction":[{"@type":"ReadAction","target":["https:\/\/informelitoral.com.ar\/isletas-un-camino-unira-a-tres-legisladores\/"]}]},{"@type":"BreadcrumbList","@id":"https:\/\/informelitoral.com.ar\/isletas-un-camino-unira-a-tres-legisladores\/#breadcrumb","itemListElement":[{"@type":"ListItem","position":1,"name":"Portada","item":"https:\/\/informelitoral.com.ar\/"},{"@type":"ListItem","position":2,"name":"Isletas: un camino unir\u00e1 a tres legisladores"}]},{"@type":"WebSite","@id":"https:\/\/informelitoral.com.ar\/#website","url":"https:\/\/informelitoral.com.ar\/","name":"Informe Litoral","description":"&quot;Nos informamos&quot; ","publisher":{"@id":"https:\/\/informelitoral.com.ar\/#organization"},"potentialAction":[{"@type":"SearchAction","target":{"@type":"EntryPoint","urlTemplate":"https:\/\/informelitoral.com.ar\/?s={search_term_string}"},"query-input":{"@type":"PropertyValueSpecification","valueRequired":true,"valueName":"search_term_string"}}],"inLanguage":"es"},{"@type":"Organization","@id":"https:\/\/informelitoral.com.ar\/#organization","name":"Informe Litoral","url":"https:\/\/informelitoral.com.ar\/","logo":{"@type":"ImageObject","inLanguage":"es","@id":"https:\/\/informelitoral.com.ar\/#\/schema\/logo\/image\/","url":"https:\/\/informelitoral.com.ar\/%77%70%2d%63%6f%6e%74%65%6e%74\/uploads\/2021\/01\/circulo.png","contentUrl":"https:\/\/informelitoral.com.ar\/%77%70%2d%63%6f%6e%74%65%6e%74\/uploads\/2021\/01\/circulo.png","width":723,"height":731,"caption":"Informe Litoral"},"image":{"@id":"https:\/\/informelitoral.com.ar\/#\/schema\/logo\/image\/"},"sameAs":["https:\/\/www.facebook.com\/informelitoral\/","https:\/\/x.com\/InformeLitoral","https:\/\/www.instagram.com\/informelitoral\/","https:\/\/www.youtube.com\/channel\/UCua4Qvz8Icb6MYqhoq9xLXw"]},{"@type":"Person","@id":"https:\/\/informelitoral.com.ar\/#\/schema\/person\/b9d00407c836482871ef1d57bf8e3180","name":"Gonzalo Schmidt","image":{"@type":"ImageObject","inLanguage":"es","@id":"https:\/\/secure.gravatar.com\/avatar\/31a1a7b66ff2de83bd0e9fd79d026630d2d99e55e8bfe501287647b4fd9743de?s=96&d=mm&r=g","url":"https:\/\/secure.gravatar.com\/avatar\/31a1a7b66ff2de83bd0e9fd79d026630d2d99e55e8bfe501287647b4fd9743de?s=96&d=mm&r=g","contentUrl":"https:\/\/secure.gravatar.com\/avatar\/31a1a7b66ff2de83bd0e9fd79d026630d2d99e55e8bfe501287647b4fd9743de?s=96&d=mm&r=g","caption":"Gonzalo Schmidt"},"description":"Sitio web de noticias de la provincia de Entre R\u00edos, Argentina. Informaci\u00f3n y entretenimiento. Informe Litoral, nos informamos.","sameAs":["http:\/\/www.isletasnoticias.com.ar"],"url":"https:\/\/informelitoral.com.ar\/author\/gonzalo\/"}]}},"_links":{"self":[{"href":"https:\/\/informelitoral.com.ar\/%77%70%2d%6a%73%6f%6e\/wp\/v2\/posts\/5822","targetHints":{"allow":["GET"]}}],"collection":[{"href":"https:\/\/informelitoral.com.ar\/%77%70%2d%6a%73%6f%6e\/wp\/v2\/posts"}],"about":[{"href":"https:\/\/informelitoral.com.ar\/%77%70%2d%6a%73%6f%6e\/wp\/v2\/types\/post"}],"author":[{"embeddable":true,"href":"https:\/\/informelitoral.com.ar\/%77%70%2d%6a%73%6f%6e\/wp\/v2\/users\/2"}],"replies":[{"embeddable":true,"href":"https:\/\/informelitoral.com.ar\/%77%70%2d%6a%73%6f%6e\/wp\/v2\/comments?post=5822"}],"version-history":[{"count":0,"href":"https:\/\/informelitoral.com.ar\/%77%70%2d%6a%73%6f%6e\/wp\/v2\/posts\/5822\/revisions"}],"wp:attachment":[{"href":"https:\/\/informelitoral.com.ar\/%77%70%2d%6a%73%6f%6e\/wp\/v2\/media?parent=5822"}],"wp:term":[{"taxonomy":"category","embeddable":true,"href":"https:\/\/informelitoral.com.ar\/%77%70%2d%6a%73%6f%6e\/wp\/v2\/categories?post=5822"},{"taxonomy":"post_tag","embeddable":true,"href":"https:\/\/informelitoral.com.ar\/%77%70%2d%6a%73%6f%6e\/wp\/v2\/tags?post=5822"}],"curies":[{"name":"wp","href":"https:\/\/api.w.org\/{rel}","templated":true}]}}