{"id":58170,"date":"2021-03-28T10:04:44","date_gmt":"2021-03-28T13:04:44","guid":{"rendered":"https:\/\/www.informelitoral.com.ar\/?p=58170"},"modified":"2021-03-28T10:04:44","modified_gmt":"2021-03-28T13:04:44","slug":"alberto-fernandez-adelanto-que-en-la-semana-anunciaran-restricciones-para-evitar-contagios","status":"publish","type":"post","link":"https:\/\/informelitoral.com.ar\/alberto-fernandez-adelanto-que-en-la-semana-anunciaran-restricciones-para-evitar-contagios\/","title":{"rendered":"Alberto Fern\u00e1ndez adelant\u00f3 que en la semana anunciar\u00e1n restricciones para evitar contagios"},"content":{"rendered":"<p>El presidente<strong>\u00a0Alberto Fern\u00e1ndez<\/strong>\u00a0afirm\u00f3 anoche que en las pr\u00f3ximas horas mantendr\u00e1 reuniones con parte de su gabinete para proponer las<strong>\u00a0pr\u00f3ximas restricciones ante la suba de casos de coronavirus, pero descart\u00f3 volver a \u00abun aislamiento estricto\u00bb.<\/strong><\/p>\n<p>\u00abVamos a reunirnos este domingo para analizar las pr\u00f3ximas restricciones con parte del Gobierno. Creo que estamos en el comienzo de una segunda ola de contagios de coronavirus\u00bb, se\u00f1al\u00f3 el jefe de Estado en declaraciones a\u00a0<em>C5N.<\/em><\/p>\n<p>De esta forma, Fern\u00e1ndez confirm\u00f3 que se reunir\u00e1 con el jefe de Gabinete,\u00a0<strong>Santiago Cafiero<\/strong>, con la ministra de Salud,<strong>\u00a0Carla Vizzotti\u00a0<\/strong>y su par de Interior,\u00a0<strong>Eduardo \u00abWado\u00bb de Pedro\u00a0<\/strong>para analizar las medidas que se toman para<strong>\u00a0bajar la circulaci\u00f3n de personas<\/strong>\u00a0con el prop\u00f3sito de bajar los contagios.<\/p>\n<p>En ese sentido, el jefe de Estado reconoci\u00f3 que e<strong>xiste preocupaci\u00f3n por las nuevas cepas del virus circulan en los pa\u00edses lim\u00edtrofes,<\/strong>\u00a0y consider\u00f3 que desde el comienzo de la pandemia se gan\u00f3 experiencia\u00bb.<\/p>\n<p>Fern\u00e1ndez asegur\u00f3 que\u00a0<strong>se trabaja para que \u00ablas vacunas sigan llegando\u00bb<\/strong>\u00a0y afirm\u00f3 que muchas empresas no cumplieron con las entregas de las dosis en casi todos los pa\u00edses del mundo.<\/p>\n","protected":false},"excerpt":{"rendered":"<p>Este domingo habr\u00e1 reuniones para definir las nuevas disposiciones. El objetivo es reducir la circulaci\u00f3n, pero no habr\u00e1 \u00abaislamiento estricto\u00bb.<\/p>\n","protected":false},"author":2,"featured_media":58171,"comment_status":"open","ping_status":"open","sticky":false,"template":"","format":"standard","meta":{"fifu_image_url":"","fifu_image_alt":"","footnotes":""},"categories":[7,16],"tags":[1311,1426,2257],"class_list":{"0":"post-58170","1":"post","2":"type-post","3":"status-publish","4":"format-standard","5":"has-post-thumbnail","7":"category-nacionales","8":"category-politi","9":"tag-alberto-fernandez","10":"tag-coronavirus","11":"tag-restricciones-nocturnas"},"yoast_head":"<title>Alberto Fern\u00e1ndez adelant\u00f3 que en la semana anunciar\u00e1n restricciones para evitar contagios - Informe Litoral<\/title>\n<meta name=\"robots\" content=\"index, follow, max-snippet:-1, max-image-preview:large, max-video-preview:-1\" \/>\n<link rel=\"canonical\" href=\"https:\/\/informelitoral.com.ar\/alberto-fernandez-adelanto-que-en-la-semana-anunciaran-restricciones-para-evitar-contagios\/\" \/>\n<meta property=\"og:locale\" content=\"es_ES\" \/>\n<meta property=\"og:type\" content=\"article\" \/>\n<meta property=\"og:title\" content=\"Alberto Fern\u00e1ndez adelant\u00f3 que en la semana anunciar\u00e1n restricciones para evitar contagios - Informe Litoral\" \/>\n<meta property=\"og:description\" content=\"Este domingo habr\u00e1 reuniones para definir las nuevas disposiciones. El objetivo es reducir la circulaci\u00f3n, pero no habr\u00e1 &quot;aislamiento estricto&quot;.\" \/>\n<meta property=\"og:url\" content=\"https:\/\/informelitoral.com.ar\/alberto-fernandez-adelanto-que-en-la-semana-anunciaran-restricciones-para-evitar-contagios\/\" \/>\n<meta property=\"og:site_name\" content=\"Informe Litoral\" \/>\n<meta property=\"article:publisher\" content=\"https:\/\/www.facebook.com\/informelitoral\/\" \/>\n<meta property=\"article:published_time\" content=\"2021-03-28T13:04:44+00:00\" \/>\n<meta property=\"og:image\" content=\"https:\/\/informelitoral.com.ar\/%77%70%2d%63%6f%6e%74%65%6e%74\/uploads\/2021\/03\/alberto-cnjpg.jpg\" \/>\n\t<meta property=\"og:image:width\" content=\"730\" \/>\n\t<meta property=\"og:image:height\" content=\"437\" \/>\n\t<meta property=\"og:image:type\" content=\"image\/jpeg\" \/>\n<meta name=\"author\" content=\"Gonzalo Schmidt\" \/>\n<meta name=\"twitter:card\" content=\"summary_large_image\" \/>\n<meta name=\"twitter:creator\" content=\"@InformeLitoral\" \/>\n<meta name=\"twitter:site\" content=\"@InformeLitoral\" \/>\n<meta name=\"twitter:label1\" content=\"Escrito por\" \/>\n\t<meta name=\"twitter:data1\" content=\"Gonzalo Schmidt\" \/>\n\t<meta name=\"twitter:label2\" content=\"Tiempo de lectura\" \/>\n\t<meta name=\"twitter:data2\" content=\"1 minuto\" \/>\n<script type=\"application\/ld+json\" class=\"yoast-schema-graph\">{\"@context\":\"https:\\\/\\\/schema.org\",\"@graph\":[{\"@type\":\"Article\",\"@id\":\"https:\\\/\\\/informelitoral.com.ar\\\/alberto-fernandez-adelanto-que-en-la-semana-anunciaran-restricciones-para-evitar-contagios\\\/#article\",\"isPartOf\":{\"@id\":\"https:\\\/\\\/informelitoral.com.ar\\\/alberto-fernandez-adelanto-que-en-la-semana-anunciaran-restricciones-para-evitar-contagios\\\/\"},\"author\":{\"name\":\"Gonzalo Schmidt\",\"@id\":\"https:\\\/\\\/informelitoral.com.ar\\\/#\\\/schema\\\/person\\\/b9d00407c836482871ef1d57bf8e3180\"},\"headline\":\"Alberto Fern\u00e1ndez adelant\u00f3 que en la semana anunciar\u00e1n restricciones para evitar contagios\",\"datePublished\":\"2021-03-28T13:04:44+00:00\",\"mainEntityOfPage\":{\"@id\":\"https:\\\/\\\/informelitoral.com.ar\\\/alberto-fernandez-adelanto-que-en-la-semana-anunciaran-restricciones-para-evitar-contagios\\\/\"},\"wordCount\":218,\"commentCount\":0,\"publisher\":{\"@id\":\"https:\\\/\\\/informelitoral.com.ar\\\/#organization\"},\"image\":{\"@id\":\"https:\\\/\\\/informelitoral.com.ar\\\/alberto-fernandez-adelanto-que-en-la-semana-anunciaran-restricciones-para-evitar-contagios\\\/#primaryimage\"},\"thumbnailUrl\":\"https:\\\/\\\/informelitoral.com.ar\\\/%77%70%2d%63%6f%6e%74%65%6e%74\\\/uploads\\\/2021\\\/03\\\/alberto-cnjpg.jpg\",\"keywords\":[\"Alberto Fern\u00e1ndez\",\"Coronavirus\",\"Restricciones nocturnas\"],\"articleSection\":[\"Nacionales\",\"Politica\"],\"inLanguage\":\"es\",\"potentialAction\":[{\"@type\":\"CommentAction\",\"name\":\"Comment\",\"target\":[\"https:\\\/\\\/informelitoral.com.ar\\\/alberto-fernandez-adelanto-que-en-la-semana-anunciaran-restricciones-para-evitar-contagios\\\/#respond\"]}]},{\"@type\":\"WebPage\",\"@id\":\"https:\\\/\\\/informelitoral.com.ar\\\/alberto-fernandez-adelanto-que-en-la-semana-anunciaran-restricciones-para-evitar-contagios\\\/\",\"url\":\"https:\\\/\\\/informelitoral.com.ar\\\/alberto-fernandez-adelanto-que-en-la-semana-anunciaran-restricciones-para-evitar-contagios\\\/\",\"name\":\"Alberto Fern\u00e1ndez adelant\u00f3 que en la semana anunciar\u00e1n restricciones para evitar contagios - Informe Litoral\",\"isPartOf\":{\"@id\":\"https:\\\/\\\/informelitoral.com.ar\\\/#website\"},\"primaryImageOfPage\":{\"@id\":\"https:\\\/\\\/informelitoral.com.ar\\\/alberto-fernandez-adelanto-que-en-la-semana-anunciaran-restricciones-para-evitar-contagios\\\/#primaryimage\"},\"image\":{\"@id\":\"https:\\\/\\\/informelitoral.com.ar\\\/alberto-fernandez-adelanto-que-en-la-semana-anunciaran-restricciones-para-evitar-contagios\\\/#primaryimage\"},\"thumbnailUrl\":\"https:\\\/\\\/informelitoral.com.ar\\\/%77%70%2d%63%6f%6e%74%65%6e%74\\\/uploads\\\/2021\\\/03\\\/alberto-cnjpg.jpg\",\"datePublished\":\"2021-03-28T13:04:44+00:00\",\"breadcrumb\":{\"@id\":\"https:\\\/\\\/informelitoral.com.ar\\\/alberto-fernandez-adelanto-que-en-la-semana-anunciaran-restricciones-para-evitar-contagios\\\/#breadcrumb\"},\"inLanguage\":\"es\",\"potentialAction\":[{\"@type\":\"ReadAction\",\"target\":[\"https:\\\/\\\/informelitoral.com.ar\\\/alberto-fernandez-adelanto-que-en-la-semana-anunciaran-restricciones-para-evitar-contagios\\\/\"]}]},{\"@type\":\"ImageObject\",\"inLanguage\":\"es\",\"@id\":\"https:\\\/\\\/informelitoral.com.ar\\\/alberto-fernandez-adelanto-que-en-la-semana-anunciaran-restricciones-para-evitar-contagios\\\/#primaryimage\",\"url\":\"https:\\\/\\\/informelitoral.com.ar\\\/%77%70%2d%63%6f%6e%74%65%6e%74\\\/uploads\\\/2021\\\/03\\\/alberto-cnjpg.jpg\",\"contentUrl\":\"https:\\\/\\\/informelitoral.com.ar\\\/%77%70%2d%63%6f%6e%74%65%6e%74\\\/uploads\\\/2021\\\/03\\\/alberto-cnjpg.jpg\",\"width\":730,\"height\":437},{\"@type\":\"BreadcrumbList\",\"@id\":\"https:\\\/\\\/informelitoral.com.ar\\\/alberto-fernandez-adelanto-que-en-la-semana-anunciaran-restricciones-para-evitar-contagios\\\/#breadcrumb\",\"itemListElement\":[{\"@type\":\"ListItem\",\"position\":1,\"name\":\"Portada\",\"item\":\"https:\\\/\\\/informelitoral.com.ar\\\/\"},{\"@type\":\"ListItem\",\"position\":2,\"name\":\"Alberto Fern\u00e1ndez adelant\u00f3 que en la semana anunciar\u00e1n restricciones para evitar contagios\"}]},{\"@type\":\"WebSite\",\"@id\":\"https:\\\/\\\/informelitoral.com.ar\\\/#website\",\"url\":\"https:\\\/\\\/informelitoral.com.ar\\\/\",\"name\":\"Informe Litoral\",\"description\":\"&quot;Nos informamos&quot; \",\"publisher\":{\"@id\":\"https:\\\/\\\/informelitoral.com.ar\\\/#organization\"},\"potentialAction\":[{\"@type\":\"SearchAction\",\"target\":{\"@type\":\"EntryPoint\",\"urlTemplate\":\"https:\\\/\\\/informelitoral.com.ar\\\/?s={search_term_string}\"},\"query-input\":{\"@type\":\"PropertyValueSpecification\",\"valueRequired\":true,\"valueName\":\"search_term_string\"}}],\"inLanguage\":\"es\"},{\"@type\":\"Organization\",\"@id\":\"https:\\\/\\\/informelitoral.com.ar\\\/#organization\",\"name\":\"Informe Litoral\",\"url\":\"https:\\\/\\\/informelitoral.com.ar\\\/\",\"logo\":{\"@type\":\"ImageObject\",\"inLanguage\":\"es\",\"@id\":\"https:\\\/\\\/informelitoral.com.ar\\\/#\\\/schema\\\/logo\\\/image\\\/\",\"url\":\"https:\\\/\\\/informelitoral.com.ar\\\/%77%70%2d%63%6f%6e%74%65%6e%74\\\/uploads\\\/2021\\\/01\\\/circulo.png\",\"contentUrl\":\"https:\\\/\\\/informelitoral.com.ar\\\/%77%70%2d%63%6f%6e%74%65%6e%74\\\/uploads\\\/2021\\\/01\\\/circulo.png\",\"width\":723,\"height\":731,\"caption\":\"Informe Litoral\"},\"image\":{\"@id\":\"https:\\\/\\\/informelitoral.com.ar\\\/#\\\/schema\\\/logo\\\/image\\\/\"},\"sameAs\":[\"https:\\\/\\\/www.facebook.com\\\/informelitoral\\\/\",\"https:\\\/\\\/x.com\\\/InformeLitoral\",\"https:\\\/\\\/www.instagram.com\\\/informelitoral\\\/\",\"https:\\\/\\\/www.youtube.com\\\/channel\\\/UCua4Qvz8Icb6MYqhoq9xLXw\"]},{\"@type\":\"Person\",\"@id\":\"https:\\\/\\\/informelitoral.com.ar\\\/#\\\/schema\\\/person\\\/b9d00407c836482871ef1d57bf8e3180\",\"name\":\"Gonzalo Schmidt\",\"image\":{\"@type\":\"ImageObject\",\"inLanguage\":\"es\",\"@id\":\"https:\\\/\\\/secure.gravatar.com\\\/avatar\\\/31a1a7b66ff2de83bd0e9fd79d026630d2d99e55e8bfe501287647b4fd9743de?s=96&d=mm&r=g\",\"url\":\"https:\\\/\\\/secure.gravatar.com\\\/avatar\\\/31a1a7b66ff2de83bd0e9fd79d026630d2d99e55e8bfe501287647b4fd9743de?s=96&d=mm&r=g\",\"contentUrl\":\"https:\\\/\\\/secure.gravatar.com\\\/avatar\\\/31a1a7b66ff2de83bd0e9fd79d026630d2d99e55e8bfe501287647b4fd9743de?s=96&d=mm&r=g\",\"caption\":\"Gonzalo Schmidt\"},\"description\":\"Sitio web de noticias de la provincia de Entre R\u00edos, Argentina. Informaci\u00f3n y entretenimiento. Informe Litoral, nos informamos.\",\"sameAs\":[\"http:\\\/\\\/www.isletasnoticias.com.ar\"],\"url\":\"https:\\\/\\\/informelitoral.com.ar\\\/author\\\/gonzalo\\\/\"}]}<\/script>","yoast_head_json":{"title":"Alberto Fern\u00e1ndez adelant\u00f3 que en la semana anunciar\u00e1n restricciones para evitar contagios - Informe Litoral","robots":{"index":"index","follow":"follow","max-snippet":"max-snippet:-1","max-image-preview":"max-image-preview:large","max-video-preview":"max-video-preview:-1"},"canonical":"https:\/\/informelitoral.com.ar\/alberto-fernandez-adelanto-que-en-la-semana-anunciaran-restricciones-para-evitar-contagios\/","og_locale":"es_ES","og_type":"article","og_title":"Alberto Fern\u00e1ndez adelant\u00f3 que en la semana anunciar\u00e1n restricciones para evitar contagios - Informe Litoral","og_description":"Este domingo habr\u00e1 reuniones para definir las nuevas disposiciones. El objetivo es reducir la circulaci\u00f3n, pero no habr\u00e1 \"aislamiento estricto\".","og_url":"https:\/\/informelitoral.com.ar\/alberto-fernandez-adelanto-que-en-la-semana-anunciaran-restricciones-para-evitar-contagios\/","og_site_name":"Informe Litoral","article_publisher":"https:\/\/www.facebook.com\/informelitoral\/","article_published_time":"2021-03-28T13:04:44+00:00","og_image":[{"width":730,"height":437,"url":"https:\/\/informelitoral.com.ar\/%77%70%2d%63%6f%6e%74%65%6e%74\/uploads\/2021\/03\/alberto-cnjpg.jpg","type":"image\/jpeg"}],"author":"Gonzalo Schmidt","twitter_card":"summary_large_image","twitter_creator":"@InformeLitoral","twitter_site":"@InformeLitoral","twitter_misc":{"Escrito por":"Gonzalo Schmidt","Tiempo de lectura":"1 minuto"},"schema":{"@context":"https:\/\/schema.org","@graph":[{"@type":"Article","@id":"https:\/\/informelitoral.com.ar\/alberto-fernandez-adelanto-que-en-la-semana-anunciaran-restricciones-para-evitar-contagios\/#article","isPartOf":{"@id":"https:\/\/informelitoral.com.ar\/alberto-fernandez-adelanto-que-en-la-semana-anunciaran-restricciones-para-evitar-contagios\/"},"author":{"name":"Gonzalo Schmidt","@id":"https:\/\/informelitoral.com.ar\/#\/schema\/person\/b9d00407c836482871ef1d57bf8e3180"},"headline":"Alberto Fern\u00e1ndez adelant\u00f3 que en la semana anunciar\u00e1n restricciones para evitar contagios","datePublished":"2021-03-28T13:04:44+00:00","mainEntityOfPage":{"@id":"https:\/\/informelitoral.com.ar\/alberto-fernandez-adelanto-que-en-la-semana-anunciaran-restricciones-para-evitar-contagios\/"},"wordCount":218,"commentCount":0,"publisher":{"@id":"https:\/\/informelitoral.com.ar\/#organization"},"image":{"@id":"https:\/\/informelitoral.com.ar\/alberto-fernandez-adelanto-que-en-la-semana-anunciaran-restricciones-para-evitar-contagios\/#primaryimage"},"thumbnailUrl":"https:\/\/informelitoral.com.ar\/%77%70%2d%63%6f%6e%74%65%6e%74\/uploads\/2021\/03\/alberto-cnjpg.jpg","keywords":["Alberto Fern\u00e1ndez","Coronavirus","Restricciones nocturnas"],"articleSection":["Nacionales","Politica"],"inLanguage":"es","potentialAction":[{"@type":"CommentAction","name":"Comment","target":["https:\/\/informelitoral.com.ar\/alberto-fernandez-adelanto-que-en-la-semana-anunciaran-restricciones-para-evitar-contagios\/#respond"]}]},{"@type":"WebPage","@id":"https:\/\/informelitoral.com.ar\/alberto-fernandez-adelanto-que-en-la-semana-anunciaran-restricciones-para-evitar-contagios\/","url":"https:\/\/informelitoral.com.ar\/alberto-fernandez-adelanto-que-en-la-semana-anunciaran-restricciones-para-evitar-contagios\/","name":"Alberto Fern\u00e1ndez adelant\u00f3 que en la semana anunciar\u00e1n restricciones para evitar contagios - Informe Litoral","isPartOf":{"@id":"https:\/\/informelitoral.com.ar\/#website"},"primaryImageOfPage":{"@id":"https:\/\/informelitoral.com.ar\/alberto-fernandez-adelanto-que-en-la-semana-anunciaran-restricciones-para-evitar-contagios\/#primaryimage"},"image":{"@id":"https:\/\/informelitoral.com.ar\/alberto-fernandez-adelanto-que-en-la-semana-anunciaran-restricciones-para-evitar-contagios\/#primaryimage"},"thumbnailUrl":"https:\/\/informelitoral.com.ar\/%77%70%2d%63%6f%6e%74%65%6e%74\/uploads\/2021\/03\/alberto-cnjpg.jpg","datePublished":"2021-03-28T13:04:44+00:00","breadcrumb":{"@id":"https:\/\/informelitoral.com.ar\/alberto-fernandez-adelanto-que-en-la-semana-anunciaran-restricciones-para-evitar-contagios\/#breadcrumb"},"inLanguage":"es","potentialAction":[{"@type":"ReadAction","target":["https:\/\/informelitoral.com.ar\/alberto-fernandez-adelanto-que-en-la-semana-anunciaran-restricciones-para-evitar-contagios\/"]}]},{"@type":"ImageObject","inLanguage":"es","@id":"https:\/\/informelitoral.com.ar\/alberto-fernandez-adelanto-que-en-la-semana-anunciaran-restricciones-para-evitar-contagios\/#primaryimage","url":"https:\/\/informelitoral.com.ar\/%77%70%2d%63%6f%6e%74%65%6e%74\/uploads\/2021\/03\/alberto-cnjpg.jpg","contentUrl":"https:\/\/informelitoral.com.ar\/%77%70%2d%63%6f%6e%74%65%6e%74\/uploads\/2021\/03\/alberto-cnjpg.jpg","width":730,"height":437},{"@type":"BreadcrumbList","@id":"https:\/\/informelitoral.com.ar\/alberto-fernandez-adelanto-que-en-la-semana-anunciaran-restricciones-para-evitar-contagios\/#breadcrumb","itemListElement":[{"@type":"ListItem","position":1,"name":"Portada","item":"https:\/\/informelitoral.com.ar\/"},{"@type":"ListItem","position":2,"name":"Alberto Fern\u00e1ndez adelant\u00f3 que en la semana anunciar\u00e1n restricciones para evitar contagios"}]},{"@type":"WebSite","@id":"https:\/\/informelitoral.com.ar\/#website","url":"https:\/\/informelitoral.com.ar\/","name":"Informe Litoral","description":"&quot;Nos informamos&quot; ","publisher":{"@id":"https:\/\/informelitoral.com.ar\/#organization"},"potentialAction":[{"@type":"SearchAction","target":{"@type":"EntryPoint","urlTemplate":"https:\/\/informelitoral.com.ar\/?s={search_term_string}"},"query-input":{"@type":"PropertyValueSpecification","valueRequired":true,"valueName":"search_term_string"}}],"inLanguage":"es"},{"@type":"Organization","@id":"https:\/\/informelitoral.com.ar\/#organization","name":"Informe Litoral","url":"https:\/\/informelitoral.com.ar\/","logo":{"@type":"ImageObject","inLanguage":"es","@id":"https:\/\/informelitoral.com.ar\/#\/schema\/logo\/image\/","url":"https:\/\/informelitoral.com.ar\/%77%70%2d%63%6f%6e%74%65%6e%74\/uploads\/2021\/01\/circulo.png","contentUrl":"https:\/\/informelitoral.com.ar\/%77%70%2d%63%6f%6e%74%65%6e%74\/uploads\/2021\/01\/circulo.png","width":723,"height":731,"caption":"Informe Litoral"},"image":{"@id":"https:\/\/informelitoral.com.ar\/#\/schema\/logo\/image\/"},"sameAs":["https:\/\/www.facebook.com\/informelitoral\/","https:\/\/x.com\/InformeLitoral","https:\/\/www.instagram.com\/informelitoral\/","https:\/\/www.youtube.com\/channel\/UCua4Qvz8Icb6MYqhoq9xLXw"]},{"@type":"Person","@id":"https:\/\/informelitoral.com.ar\/#\/schema\/person\/b9d00407c836482871ef1d57bf8e3180","name":"Gonzalo Schmidt","image":{"@type":"ImageObject","inLanguage":"es","@id":"https:\/\/secure.gravatar.com\/avatar\/31a1a7b66ff2de83bd0e9fd79d026630d2d99e55e8bfe501287647b4fd9743de?s=96&d=mm&r=g","url":"https:\/\/secure.gravatar.com\/avatar\/31a1a7b66ff2de83bd0e9fd79d026630d2d99e55e8bfe501287647b4fd9743de?s=96&d=mm&r=g","contentUrl":"https:\/\/secure.gravatar.com\/avatar\/31a1a7b66ff2de83bd0e9fd79d026630d2d99e55e8bfe501287647b4fd9743de?s=96&d=mm&r=g","caption":"Gonzalo Schmidt"},"description":"Sitio web de noticias de la provincia de Entre R\u00edos, Argentina. Informaci\u00f3n y entretenimiento. Informe Litoral, nos informamos.","sameAs":["http:\/\/www.isletasnoticias.com.ar"],"url":"https:\/\/informelitoral.com.ar\/author\/gonzalo\/"}]}},"_links":{"self":[{"href":"https:\/\/informelitoral.com.ar\/%77%70%2d%6a%73%6f%6e\/wp\/v2\/posts\/58170","targetHints":{"allow":["GET"]}}],"collection":[{"href":"https:\/\/informelitoral.com.ar\/%77%70%2d%6a%73%6f%6e\/wp\/v2\/posts"}],"about":[{"href":"https:\/\/informelitoral.com.ar\/%77%70%2d%6a%73%6f%6e\/wp\/v2\/types\/post"}],"author":[{"embeddable":true,"href":"https:\/\/informelitoral.com.ar\/%77%70%2d%6a%73%6f%6e\/wp\/v2\/users\/2"}],"replies":[{"embeddable":true,"href":"https:\/\/informelitoral.com.ar\/%77%70%2d%6a%73%6f%6e\/wp\/v2\/comments?post=58170"}],"version-history":[{"count":0,"href":"https:\/\/informelitoral.com.ar\/%77%70%2d%6a%73%6f%6e\/wp\/v2\/posts\/58170\/revisions"}],"wp:featuredmedia":[{"embeddable":true,"href":"https:\/\/informelitoral.com.ar\/%77%70%2d%6a%73%6f%6e\/wp\/v2\/media\/58171"}],"wp:attachment":[{"href":"https:\/\/informelitoral.com.ar\/%77%70%2d%6a%73%6f%6e\/wp\/v2\/media?parent=58170"}],"wp:term":[{"taxonomy":"category","embeddable":true,"href":"https:\/\/informelitoral.com.ar\/%77%70%2d%6a%73%6f%6e\/wp\/v2\/categories?post=58170"},{"taxonomy":"post_tag","embeddable":true,"href":"https:\/\/informelitoral.com.ar\/%77%70%2d%6a%73%6f%6e\/wp\/v2\/tags?post=58170"}],"curies":[{"name":"wp","href":"https:\/\/api.w.org\/{rel}","templated":true}]}}