{"id":5817,"date":"2014-02-24T09:04:25","date_gmt":"2014-02-24T12:04:25","guid":{"rendered":"http:\/\/www.isletasnoticias.com.ar\/?p=5817"},"modified":"2014-02-24T10:09:48","modified_gmt":"2014-02-24T13:09:48","slug":"agmer-define-el-viernes-si-comienzan-las-clases-en-entre-rios","status":"publish","type":"post","link":"https:\/\/informelitoral.com.ar\/agmer-define-el-viernes-si-comienzan-las-clases-en-entre-rios\/","title":{"rendered":"Agmer define el viernes si comienzan las clases en Entre R\u00edos"},"content":{"rendered":"<div><strong>El gremio docente convoc\u00f3 a un Congreso para el 28 de febrero en Gualeguaych\u00fa. All\u00ed analizar\u00e1n la propuesta salarial que presentar\u00e1 la Provincia este martes. Se estima que la oferta est\u00e9 en sinton\u00eda con la presentada a nivel nacional.<\/strong><\/div>\n<div><a href=\"http:\/\/www.isletasnoticias.com.ar\/%77%70%2d%63%6f%6e%74%65%6e%74\/uploads\/2014\/02\/aulas.jpg\"><img loading=\"lazy\" decoding=\"async\" class=\"aligncenter size-medium wp-image-5818\" alt=\"aulas\" src=\"http:\/\/www.isletasnoticias.com.ar\/%77%70%2d%63%6f%6e%74%65%6e%74\/uploads\/2014\/02\/aulas-300x168.jpg\" width=\"300\" height=\"168\" srcset=\"https:\/\/informelitoral.com.ar\/%77%70%2d%63%6f%6e%74%65%6e%74\/uploads\/2014\/02\/aulas-300x168.jpg 300w, https:\/\/informelitoral.com.ar\/%77%70%2d%63%6f%6e%74%65%6e%74\/uploads\/2014\/02\/aulas.jpg 640w\" sizes=\"auto, (max-width: 300px) 100vw, 300px\" \/><\/a><\/div>\n<div>La Asociaci\u00f3n Gremial del Magisterio de Entre R\u00edos (AGMER) se reunir\u00e1 en Gualeguaych\u00fa el pr\u00f3ximo viernes 28 de febrero en Congreso extraordianario. En ese \u00e1mbito los docentes decidir\u00e1n si aceptan o rechazan la oferta de aumento salarial que el gobierno entrerriano prometi\u00f3 presentar este martes en el marco de las negociaciones salariales.<\/div>\n<div><\/div>\n<div>Cabe remarcar que Agmer es el gremio docente entrerriano mayoritario, por lo que las definiciones de este sector son vistas con atenci\u00f3n desde la Casa Gris. Luego le sigue la Asociaci\u00f3n del Magisterio de Ense\u00f1anza T\u00e9cnica (Amet), el Sindicato Argentino de Docentes Particulares (Sadop) y la Uni\u00f3n Docentes Argentinos (UDA).El congreso de Agmer en Gualeguaych\u00fa ser\u00e1 clave para el inicio de las clases en Entre R\u00edos previsto para el 5 de marzo. En el pa\u00eds ya son cinco provincias las que anunciaron que no comenzar\u00e1n con el ciclo lectivo 2014, ellas son: R\u00edo Negro, Chaco, Catamarca, La Rioja y Santa Cruz.<\/div>\n<div>\n<p style=\"display: inline !important;\">\n<p style=\"display: inline !important;\">El 18 de febrero Agmer se declar\u00f3 en \u201csituaci\u00f3n de conflicto\u201d a ra\u00edz de la demora del Poder Ejecutivo en presentar una oferta de recomposici\u00f3n salarial para este a\u00f1o.<\/p>\n<p style=\"display: inline !important;\">\n<p style=\"display: inline !important;\">\n<\/div>\n<div>\n<p>El pasado jueves el gobierno entrerriano y los gremios docentes se volvieron a encontrar para discutir las demandas docentes. Sin embargo, el encuentro no arroj\u00f3 avances ya que no hubo oferta salarial y se pas\u00f3 a cuarto intermedio hasta este martes.<\/p>\n<p>En rigor, la Provincia esper\u00f3 a que Naci\u00f3n defina un monto en la paritaria nacional, la que finalmente fue del 22% en tres cuotas, llevando el sueldo m\u00ednimo a $3.825 y el premio por presentismo. La propuesta no est\u00e1 ni cerca de conformar a las principales entidades educativas.<\/p>\n<p>As\u00ed las cosas, con los n\u00fameros a nivel nacional en escena los docentes entrerrianos esperan que este martes la propuesta salarial de la Casa Gris. Luego se prev\u00e9 que la oferta sea analizada por asambleas docentes y que los mandatos de cada escuela lleguen el viernes al Congreso extraordinario en Gualeguaych\u00fa. (Fuente: <em>Informe Digital<\/em>)<\/p>\n<\/div>\n","protected":false},"excerpt":{"rendered":"<p>El gremio docente convoc&oacute; a un Congreso para el 28 de febrero en Gualeguaych&uacute;. All&iacute; analizar&aacute;n la propuesta salarial que presentar&aacute; la Provincia este martes. Se estima que la oferta est&eacute; en sinton&iacute;a con la presentada a nivel nacional. La Asociaci&oacute;n Gremial del Magisterio de Entre R&iacute;os (AGMER) se reunir&aacute; en Gualeguaych&uacute; el pr&oacute;ximo viernes [&hellip;]<\/p>\n","protected":false},"author":2,"featured_media":0,"comment_status":"open","ping_status":"open","sticky":false,"template":"","format":"standard","meta":{"fifu_image_url":"","fifu_image_alt":"","footnotes":""},"categories":[6],"tags":[],"class_list":{"0":"post-5817","1":"post","2":"type-post","3":"status-publish","4":"format-standard","6":"category-entre-rios"},"yoast_head":"<title>Agmer define el viernes si comienzan las clases en Entre R\u00edos - Informe Litoral<\/title>\n<meta name=\"robots\" content=\"index, follow, max-snippet:-1, max-image-preview:large, max-video-preview:-1\" \/>\n<link rel=\"canonical\" href=\"https:\/\/informelitoral.com.ar\/agmer-define-el-viernes-si-comienzan-las-clases-en-entre-rios\/\" \/>\n<meta property=\"og:locale\" content=\"es_ES\" \/>\n<meta property=\"og:type\" content=\"article\" \/>\n<meta property=\"og:title\" content=\"Agmer define el viernes si comienzan las clases en Entre R\u00edos - Informe Litoral\" \/>\n<meta property=\"og:description\" content=\"El gremio docente convoc&oacute; a un Congreso para el 28 de febrero en Gualeguaych&uacute;. All&iacute; analizar&aacute;n la propuesta salarial que presentar&aacute; la Provincia este martes. Se estima que la oferta est&eacute; en sinton&iacute;a con la presentada a nivel nacional. La Asociaci&oacute;n Gremial del Magisterio de Entre R&iacute;os (AGMER) se reunir&aacute; en Gualeguaych&uacute; el pr&oacute;ximo viernes [&hellip;]\" \/>\n<meta property=\"og:url\" content=\"https:\/\/informelitoral.com.ar\/agmer-define-el-viernes-si-comienzan-las-clases-en-entre-rios\/\" \/>\n<meta property=\"og:site_name\" content=\"Informe Litoral\" \/>\n<meta property=\"article:publisher\" content=\"https:\/\/www.facebook.com\/informelitoral\/\" \/>\n<meta property=\"article:published_time\" content=\"2014-02-24T12:04:25+00:00\" \/>\n<meta property=\"article:modified_time\" content=\"2014-02-24T13:09:48+00:00\" \/>\n<meta property=\"og:image\" content=\"https:\/\/informelitoral.com.ar\/%77%70%2d%63%6f%6e%74%65%6e%74\/uploads\/2014\/02\/aulas.jpg\" \/>\n\t<meta property=\"og:image:width\" content=\"640\" \/>\n\t<meta property=\"og:image:height\" content=\"360\" \/>\n\t<meta property=\"og:image:type\" content=\"image\/jpeg\" \/>\n<meta name=\"author\" content=\"Gonzalo Schmidt\" \/>\n<meta name=\"twitter:card\" content=\"summary_large_image\" \/>\n<meta name=\"twitter:creator\" content=\"@InformeLitoral\" \/>\n<meta name=\"twitter:site\" content=\"@InformeLitoral\" \/>\n<meta name=\"twitter:label1\" content=\"Escrito por\" \/>\n\t<meta name=\"twitter:data1\" content=\"Gonzalo Schmidt\" \/>\n\t<meta name=\"twitter:label2\" content=\"Tiempo de lectura\" \/>\n\t<meta name=\"twitter:data2\" content=\"2 minutos\" \/>\n<script type=\"application\/ld+json\" class=\"yoast-schema-graph\">{\"@context\":\"https:\\\/\\\/schema.org\",\"@graph\":[{\"@type\":\"Article\",\"@id\":\"https:\\\/\\\/informelitoral.com.ar\\\/agmer-define-el-viernes-si-comienzan-las-clases-en-entre-rios\\\/#article\",\"isPartOf\":{\"@id\":\"https:\\\/\\\/informelitoral.com.ar\\\/agmer-define-el-viernes-si-comienzan-las-clases-en-entre-rios\\\/\"},\"author\":{\"name\":\"Gonzalo Schmidt\",\"@id\":\"https:\\\/\\\/informelitoral.com.ar\\\/#\\\/schema\\\/person\\\/b9d00407c836482871ef1d57bf8e3180\"},\"headline\":\"Agmer define el viernes si comienzan las clases en Entre R\u00edos\",\"datePublished\":\"2014-02-24T12:04:25+00:00\",\"dateModified\":\"2014-02-24T13:09:48+00:00\",\"mainEntityOfPage\":{\"@id\":\"https:\\\/\\\/informelitoral.com.ar\\\/agmer-define-el-viernes-si-comienzan-las-clases-en-entre-rios\\\/\"},\"wordCount\":392,\"commentCount\":0,\"publisher\":{\"@id\":\"https:\\\/\\\/informelitoral.com.ar\\\/#organization\"},\"image\":{\"@id\":\"https:\\\/\\\/informelitoral.com.ar\\\/agmer-define-el-viernes-si-comienzan-las-clases-en-entre-rios\\\/#primaryimage\"},\"thumbnailUrl\":\"http:\\\/\\\/www.isletasnoticias.com.ar\\\/%77%70%2d%63%6f%6e%74%65%6e%74\\\/uploads\\\/2014\\\/02\\\/aulas-300x168.jpg\",\"articleSection\":[\"Entre R\u00edos\"],\"inLanguage\":\"es\",\"potentialAction\":[{\"@type\":\"CommentAction\",\"name\":\"Comment\",\"target\":[\"https:\\\/\\\/informelitoral.com.ar\\\/agmer-define-el-viernes-si-comienzan-las-clases-en-entre-rios\\\/#respond\"]}]},{\"@type\":\"WebPage\",\"@id\":\"https:\\\/\\\/informelitoral.com.ar\\\/agmer-define-el-viernes-si-comienzan-las-clases-en-entre-rios\\\/\",\"url\":\"https:\\\/\\\/informelitoral.com.ar\\\/agmer-define-el-viernes-si-comienzan-las-clases-en-entre-rios\\\/\",\"name\":\"Agmer define el viernes si comienzan las clases en Entre R\u00edos - Informe Litoral\",\"isPartOf\":{\"@id\":\"https:\\\/\\\/informelitoral.com.ar\\\/#website\"},\"primaryImageOfPage\":{\"@id\":\"https:\\\/\\\/informelitoral.com.ar\\\/agmer-define-el-viernes-si-comienzan-las-clases-en-entre-rios\\\/#primaryimage\"},\"image\":{\"@id\":\"https:\\\/\\\/informelitoral.com.ar\\\/agmer-define-el-viernes-si-comienzan-las-clases-en-entre-rios\\\/#primaryimage\"},\"thumbnailUrl\":\"http:\\\/\\\/www.isletasnoticias.com.ar\\\/%77%70%2d%63%6f%6e%74%65%6e%74\\\/uploads\\\/2014\\\/02\\\/aulas-300x168.jpg\",\"datePublished\":\"2014-02-24T12:04:25+00:00\",\"dateModified\":\"2014-02-24T13:09:48+00:00\",\"breadcrumb\":{\"@id\":\"https:\\\/\\\/informelitoral.com.ar\\\/agmer-define-el-viernes-si-comienzan-las-clases-en-entre-rios\\\/#breadcrumb\"},\"inLanguage\":\"es\",\"potentialAction\":[{\"@type\":\"ReadAction\",\"target\":[\"https:\\\/\\\/informelitoral.com.ar\\\/agmer-define-el-viernes-si-comienzan-las-clases-en-entre-rios\\\/\"]}]},{\"@type\":\"ImageObject\",\"inLanguage\":\"es\",\"@id\":\"https:\\\/\\\/informelitoral.com.ar\\\/agmer-define-el-viernes-si-comienzan-las-clases-en-entre-rios\\\/#primaryimage\",\"url\":\"http:\\\/\\\/www.isletasnoticias.com.ar\\\/%77%70%2d%63%6f%6e%74%65%6e%74\\\/uploads\\\/2014\\\/02\\\/aulas-300x168.jpg\",\"contentUrl\":\"http:\\\/\\\/www.isletasnoticias.com.ar\\\/%77%70%2d%63%6f%6e%74%65%6e%74\\\/uploads\\\/2014\\\/02\\\/aulas-300x168.jpg\"},{\"@type\":\"BreadcrumbList\",\"@id\":\"https:\\\/\\\/informelitoral.com.ar\\\/agmer-define-el-viernes-si-comienzan-las-clases-en-entre-rios\\\/#breadcrumb\",\"itemListElement\":[{\"@type\":\"ListItem\",\"position\":1,\"name\":\"Portada\",\"item\":\"https:\\\/\\\/informelitoral.com.ar\\\/\"},{\"@type\":\"ListItem\",\"position\":2,\"name\":\"Agmer define el viernes si comienzan las clases en Entre R\u00edos\"}]},{\"@type\":\"WebSite\",\"@id\":\"https:\\\/\\\/informelitoral.com.ar\\\/#website\",\"url\":\"https:\\\/\\\/informelitoral.com.ar\\\/\",\"name\":\"Informe Litoral\",\"description\":\"&quot;Nos informamos&quot; \",\"publisher\":{\"@id\":\"https:\\\/\\\/informelitoral.com.ar\\\/#organization\"},\"potentialAction\":[{\"@type\":\"SearchAction\",\"target\":{\"@type\":\"EntryPoint\",\"urlTemplate\":\"https:\\\/\\\/informelitoral.com.ar\\\/?s={search_term_string}\"},\"query-input\":{\"@type\":\"PropertyValueSpecification\",\"valueRequired\":true,\"valueName\":\"search_term_string\"}}],\"inLanguage\":\"es\"},{\"@type\":\"Organization\",\"@id\":\"https:\\\/\\\/informelitoral.com.ar\\\/#organization\",\"name\":\"Informe Litoral\",\"url\":\"https:\\\/\\\/informelitoral.com.ar\\\/\",\"logo\":{\"@type\":\"ImageObject\",\"inLanguage\":\"es\",\"@id\":\"https:\\\/\\\/informelitoral.com.ar\\\/#\\\/schema\\\/logo\\\/image\\\/\",\"url\":\"https:\\\/\\\/informelitoral.com.ar\\\/%77%70%2d%63%6f%6e%74%65%6e%74\\\/uploads\\\/2021\\\/01\\\/circulo.png\",\"contentUrl\":\"https:\\\/\\\/informelitoral.com.ar\\\/%77%70%2d%63%6f%6e%74%65%6e%74\\\/uploads\\\/2021\\\/01\\\/circulo.png\",\"width\":723,\"height\":731,\"caption\":\"Informe Litoral\"},\"image\":{\"@id\":\"https:\\\/\\\/informelitoral.com.ar\\\/#\\\/schema\\\/logo\\\/image\\\/\"},\"sameAs\":[\"https:\\\/\\\/www.facebook.com\\\/informelitoral\\\/\",\"https:\\\/\\\/x.com\\\/InformeLitoral\",\"https:\\\/\\\/www.instagram.com\\\/informelitoral\\\/\",\"https:\\\/\\\/www.youtube.com\\\/channel\\\/UCua4Qvz8Icb6MYqhoq9xLXw\"]},{\"@type\":\"Person\",\"@id\":\"https:\\\/\\\/informelitoral.com.ar\\\/#\\\/schema\\\/person\\\/b9d00407c836482871ef1d57bf8e3180\",\"name\":\"Gonzalo Schmidt\",\"image\":{\"@type\":\"ImageObject\",\"inLanguage\":\"es\",\"@id\":\"https:\\\/\\\/secure.gravatar.com\\\/avatar\\\/31a1a7b66ff2de83bd0e9fd79d026630d2d99e55e8bfe501287647b4fd9743de?s=96&d=mm&r=g\",\"url\":\"https:\\\/\\\/secure.gravatar.com\\\/avatar\\\/31a1a7b66ff2de83bd0e9fd79d026630d2d99e55e8bfe501287647b4fd9743de?s=96&d=mm&r=g\",\"contentUrl\":\"https:\\\/\\\/secure.gravatar.com\\\/avatar\\\/31a1a7b66ff2de83bd0e9fd79d026630d2d99e55e8bfe501287647b4fd9743de?s=96&d=mm&r=g\",\"caption\":\"Gonzalo Schmidt\"},\"description\":\"Sitio web de noticias de la provincia de Entre R\u00edos, Argentina. Informaci\u00f3n y entretenimiento. Informe Litoral, nos informamos.\",\"sameAs\":[\"http:\\\/\\\/www.isletasnoticias.com.ar\"],\"url\":\"https:\\\/\\\/informelitoral.com.ar\\\/author\\\/gonzalo\\\/\"}]}<\/script>","yoast_head_json":{"title":"Agmer define el viernes si comienzan las clases en Entre R\u00edos - Informe Litoral","robots":{"index":"index","follow":"follow","max-snippet":"max-snippet:-1","max-image-preview":"max-image-preview:large","max-video-preview":"max-video-preview:-1"},"canonical":"https:\/\/informelitoral.com.ar\/agmer-define-el-viernes-si-comienzan-las-clases-en-entre-rios\/","og_locale":"es_ES","og_type":"article","og_title":"Agmer define el viernes si comienzan las clases en Entre R\u00edos - Informe Litoral","og_description":"El gremio docente convoc&oacute; a un Congreso para el 28 de febrero en Gualeguaych&uacute;. All&iacute; analizar&aacute;n la propuesta salarial que presentar&aacute; la Provincia este martes. Se estima que la oferta est&eacute; en sinton&iacute;a con la presentada a nivel nacional. La Asociaci&oacute;n Gremial del Magisterio de Entre R&iacute;os (AGMER) se reunir&aacute; en Gualeguaych&uacute; el pr&oacute;ximo viernes [&hellip;]","og_url":"https:\/\/informelitoral.com.ar\/agmer-define-el-viernes-si-comienzan-las-clases-en-entre-rios\/","og_site_name":"Informe Litoral","article_publisher":"https:\/\/www.facebook.com\/informelitoral\/","article_published_time":"2014-02-24T12:04:25+00:00","article_modified_time":"2014-02-24T13:09:48+00:00","og_image":[{"width":640,"height":360,"url":"https:\/\/informelitoral.com.ar\/%77%70%2d%63%6f%6e%74%65%6e%74\/uploads\/2014\/02\/aulas.jpg","type":"image\/jpeg"}],"author":"Gonzalo Schmidt","twitter_card":"summary_large_image","twitter_creator":"@InformeLitoral","twitter_site":"@InformeLitoral","twitter_misc":{"Escrito por":"Gonzalo Schmidt","Tiempo de lectura":"2 minutos"},"schema":{"@context":"https:\/\/schema.org","@graph":[{"@type":"Article","@id":"https:\/\/informelitoral.com.ar\/agmer-define-el-viernes-si-comienzan-las-clases-en-entre-rios\/#article","isPartOf":{"@id":"https:\/\/informelitoral.com.ar\/agmer-define-el-viernes-si-comienzan-las-clases-en-entre-rios\/"},"author":{"name":"Gonzalo Schmidt","@id":"https:\/\/informelitoral.com.ar\/#\/schema\/person\/b9d00407c836482871ef1d57bf8e3180"},"headline":"Agmer define el viernes si comienzan las clases en Entre R\u00edos","datePublished":"2014-02-24T12:04:25+00:00","dateModified":"2014-02-24T13:09:48+00:00","mainEntityOfPage":{"@id":"https:\/\/informelitoral.com.ar\/agmer-define-el-viernes-si-comienzan-las-clases-en-entre-rios\/"},"wordCount":392,"commentCount":0,"publisher":{"@id":"https:\/\/informelitoral.com.ar\/#organization"},"image":{"@id":"https:\/\/informelitoral.com.ar\/agmer-define-el-viernes-si-comienzan-las-clases-en-entre-rios\/#primaryimage"},"thumbnailUrl":"http:\/\/www.isletasnoticias.com.ar\/%77%70%2d%63%6f%6e%74%65%6e%74\/uploads\/2014\/02\/aulas-300x168.jpg","articleSection":["Entre R\u00edos"],"inLanguage":"es","potentialAction":[{"@type":"CommentAction","name":"Comment","target":["https:\/\/informelitoral.com.ar\/agmer-define-el-viernes-si-comienzan-las-clases-en-entre-rios\/#respond"]}]},{"@type":"WebPage","@id":"https:\/\/informelitoral.com.ar\/agmer-define-el-viernes-si-comienzan-las-clases-en-entre-rios\/","url":"https:\/\/informelitoral.com.ar\/agmer-define-el-viernes-si-comienzan-las-clases-en-entre-rios\/","name":"Agmer define el viernes si comienzan las clases en Entre R\u00edos - Informe Litoral","isPartOf":{"@id":"https:\/\/informelitoral.com.ar\/#website"},"primaryImageOfPage":{"@id":"https:\/\/informelitoral.com.ar\/agmer-define-el-viernes-si-comienzan-las-clases-en-entre-rios\/#primaryimage"},"image":{"@id":"https:\/\/informelitoral.com.ar\/agmer-define-el-viernes-si-comienzan-las-clases-en-entre-rios\/#primaryimage"},"thumbnailUrl":"http:\/\/www.isletasnoticias.com.ar\/%77%70%2d%63%6f%6e%74%65%6e%74\/uploads\/2014\/02\/aulas-300x168.jpg","datePublished":"2014-02-24T12:04:25+00:00","dateModified":"2014-02-24T13:09:48+00:00","breadcrumb":{"@id":"https:\/\/informelitoral.com.ar\/agmer-define-el-viernes-si-comienzan-las-clases-en-entre-rios\/#breadcrumb"},"inLanguage":"es","potentialAction":[{"@type":"ReadAction","target":["https:\/\/informelitoral.com.ar\/agmer-define-el-viernes-si-comienzan-las-clases-en-entre-rios\/"]}]},{"@type":"ImageObject","inLanguage":"es","@id":"https:\/\/informelitoral.com.ar\/agmer-define-el-viernes-si-comienzan-las-clases-en-entre-rios\/#primaryimage","url":"http:\/\/www.isletasnoticias.com.ar\/%77%70%2d%63%6f%6e%74%65%6e%74\/uploads\/2014\/02\/aulas-300x168.jpg","contentUrl":"http:\/\/www.isletasnoticias.com.ar\/%77%70%2d%63%6f%6e%74%65%6e%74\/uploads\/2014\/02\/aulas-300x168.jpg"},{"@type":"BreadcrumbList","@id":"https:\/\/informelitoral.com.ar\/agmer-define-el-viernes-si-comienzan-las-clases-en-entre-rios\/#breadcrumb","itemListElement":[{"@type":"ListItem","position":1,"name":"Portada","item":"https:\/\/informelitoral.com.ar\/"},{"@type":"ListItem","position":2,"name":"Agmer define el viernes si comienzan las clases en Entre R\u00edos"}]},{"@type":"WebSite","@id":"https:\/\/informelitoral.com.ar\/#website","url":"https:\/\/informelitoral.com.ar\/","name":"Informe Litoral","description":"&quot;Nos informamos&quot; ","publisher":{"@id":"https:\/\/informelitoral.com.ar\/#organization"},"potentialAction":[{"@type":"SearchAction","target":{"@type":"EntryPoint","urlTemplate":"https:\/\/informelitoral.com.ar\/?s={search_term_string}"},"query-input":{"@type":"PropertyValueSpecification","valueRequired":true,"valueName":"search_term_string"}}],"inLanguage":"es"},{"@type":"Organization","@id":"https:\/\/informelitoral.com.ar\/#organization","name":"Informe Litoral","url":"https:\/\/informelitoral.com.ar\/","logo":{"@type":"ImageObject","inLanguage":"es","@id":"https:\/\/informelitoral.com.ar\/#\/schema\/logo\/image\/","url":"https:\/\/informelitoral.com.ar\/%77%70%2d%63%6f%6e%74%65%6e%74\/uploads\/2021\/01\/circulo.png","contentUrl":"https:\/\/informelitoral.com.ar\/%77%70%2d%63%6f%6e%74%65%6e%74\/uploads\/2021\/01\/circulo.png","width":723,"height":731,"caption":"Informe Litoral"},"image":{"@id":"https:\/\/informelitoral.com.ar\/#\/schema\/logo\/image\/"},"sameAs":["https:\/\/www.facebook.com\/informelitoral\/","https:\/\/x.com\/InformeLitoral","https:\/\/www.instagram.com\/informelitoral\/","https:\/\/www.youtube.com\/channel\/UCua4Qvz8Icb6MYqhoq9xLXw"]},{"@type":"Person","@id":"https:\/\/informelitoral.com.ar\/#\/schema\/person\/b9d00407c836482871ef1d57bf8e3180","name":"Gonzalo Schmidt","image":{"@type":"ImageObject","inLanguage":"es","@id":"https:\/\/secure.gravatar.com\/avatar\/31a1a7b66ff2de83bd0e9fd79d026630d2d99e55e8bfe501287647b4fd9743de?s=96&d=mm&r=g","url":"https:\/\/secure.gravatar.com\/avatar\/31a1a7b66ff2de83bd0e9fd79d026630d2d99e55e8bfe501287647b4fd9743de?s=96&d=mm&r=g","contentUrl":"https:\/\/secure.gravatar.com\/avatar\/31a1a7b66ff2de83bd0e9fd79d026630d2d99e55e8bfe501287647b4fd9743de?s=96&d=mm&r=g","caption":"Gonzalo Schmidt"},"description":"Sitio web de noticias de la provincia de Entre R\u00edos, Argentina. Informaci\u00f3n y entretenimiento. Informe Litoral, nos informamos.","sameAs":["http:\/\/www.isletasnoticias.com.ar"],"url":"https:\/\/informelitoral.com.ar\/author\/gonzalo\/"}]}},"_links":{"self":[{"href":"https:\/\/informelitoral.com.ar\/%77%70%2d%6a%73%6f%6e\/wp\/v2\/posts\/5817","targetHints":{"allow":["GET"]}}],"collection":[{"href":"https:\/\/informelitoral.com.ar\/%77%70%2d%6a%73%6f%6e\/wp\/v2\/posts"}],"about":[{"href":"https:\/\/informelitoral.com.ar\/%77%70%2d%6a%73%6f%6e\/wp\/v2\/types\/post"}],"author":[{"embeddable":true,"href":"https:\/\/informelitoral.com.ar\/%77%70%2d%6a%73%6f%6e\/wp\/v2\/users\/2"}],"replies":[{"embeddable":true,"href":"https:\/\/informelitoral.com.ar\/%77%70%2d%6a%73%6f%6e\/wp\/v2\/comments?post=5817"}],"version-history":[{"count":0,"href":"https:\/\/informelitoral.com.ar\/%77%70%2d%6a%73%6f%6e\/wp\/v2\/posts\/5817\/revisions"}],"wp:attachment":[{"href":"https:\/\/informelitoral.com.ar\/%77%70%2d%6a%73%6f%6e\/wp\/v2\/media?parent=5817"}],"wp:term":[{"taxonomy":"category","embeddable":true,"href":"https:\/\/informelitoral.com.ar\/%77%70%2d%6a%73%6f%6e\/wp\/v2\/categories?post=5817"},{"taxonomy":"post_tag","embeddable":true,"href":"https:\/\/informelitoral.com.ar\/%77%70%2d%6a%73%6f%6e\/wp\/v2\/tags?post=5817"}],"curies":[{"name":"wp","href":"https:\/\/api.w.org\/{rel}","templated":true}]}}