{"id":58143,"date":"2021-03-27T09:06:23","date_gmt":"2021-03-27T12:06:23","guid":{"rendered":"https:\/\/www.informelitoral.com.ar\/?p=58143"},"modified":"2021-03-27T09:06:23","modified_gmt":"2021-03-27T12:06:23","slug":"en-entre-rios-se-comenzara-a-aplicar-la-vacuna-china-a-personas-mayores-de-70-anos","status":"publish","type":"post","link":"https:\/\/informelitoral.com.ar\/en-entre-rios-se-comenzara-a-aplicar-la-vacuna-china-a-personas-mayores-de-70-anos\/","title":{"rendered":"En Entre R\u00edos se comenzar\u00e1 a aplicar la vacuna china a personas mayores de 70 a\u00f1os"},"content":{"rendered":"<p>Integrantes del gabinete provincial se reunieron en el Sal\u00f3n de los Gobernadores con representantes del Comit\u00e9 de Organizaci\u00f3n de Emergencia de Salud (COES) para analizar la situaci\u00f3n epidemiol\u00f3gica de Entre R\u00edos y avanzar sobre un plan de acci\u00f3n ante la posible segunda ola de covid 19 en el pa\u00eds.<\/p>\n<p>Se afirm\u00f3 que la pandemia no s\u00f3lo tiene una dimensi\u00f3n sanitaria sino tambi\u00e9n una dimensi\u00f3n social y econ\u00f3mica a atender, y se acord\u00f3 el redise\u00f1o y fortalecimiento de planes estrat\u00e9gicos operativos en el contexto de pandemia.<\/p>\n<p>\u00abEl gobernador Gustavo Bordet destaca la necesidad de trabajar en este contexto de pandemia de un modo intersectorial, interministerial e interjurisdiccional. Hoy nos reunimos todas las \u00e1reas del gobierno provincial con el COES que nos brind\u00f3 un estado de situaci\u00f3n, no solamente sobre el plan rector de vacunaci\u00f3n, sino tambi\u00e9n el contexto internacional y regional, c\u00f3mo se encuentra el sistema sanitario y de la necesidad de seguir fortaleciendo las pol\u00edticas de cuidado\u00bb, dijo la vicegobernadora Laura Stratta tras el encuentro.<\/p>\n<p>Explic\u00f3 que la vacuna es una herramienta muy importante pero reiter\u00f3 la importancia de seguir profundizando las medidas de autocuidado, como el tapabocas, el distanciamiento y la higiene, \u201cadem\u00e1s de continuar trabajando con cada uno de los municipios, el sector productivo, industrial, los comercios, emprendimientos e instituciones para el cumplimiento de los protocolos\u201d.<\/p>\n<p>\u201cEsto es algo que tenemos que seguir sosteniendo como parte del plan de acci\u00f3n, pero sobre todo entendiendo que somos todos eslabones que necesitamos construir estas pol\u00edticas de cuidados integrales que incluyen a la vacuna pero que tambi\u00e9n requieren de una gran responsabilidad social\u201d.<\/p>\n<p>\u201cAvanzamos en un plan de acci\u00f3n que nos permita recibir lo que se espera sea la segunda ola en nuestro pa\u00eds y en la provincia, con todo el aprendizaje acumulado en este a\u00f1o de pandemia, detectando fortalezas y debilidades, pero sobre todo siendo plenamente conscientes que la pandemia no solo tiene una dimensi\u00f3n sanitaria sino que tambi\u00e9n tiene una dimensi\u00f3n social y econ\u00f3mica que tenemos que atender\u00bb, expres\u00f3 la vicegobernadora.<\/p>\n<p>Dijo en este sentido que es importante remarcar que las actividades econ\u00f3micas se enmarquen en los protocolos de cuidados y remarc\u00f3: \u00abSi se enmarcan en los protocolos que se aprobaron y que est\u00e1n vigentes, no hay por qu\u00e9 restringir. Hay un contexto dif\u00edcil y complejo, asumimos que las actividades econ\u00f3micas puedan seguir su ritmo, pero apelamos a la responsabilidad del cumplimiento de los protocolos, justamente para no tener que obligarnos a restringir\u00bb, complet\u00f3 Stratta.<\/p>\n<p><b>Pol\u00edticas sanitarias integradas<\/b><\/p>\n<p>Por su parte la ministra de Salud, Sonia Vel\u00e1zquez, record\u00f3 que se contin\u00faa en contexto de pandemia y que se sigue trabajando \u201ccon un pron\u00f3stico posible que puede suceder en funci\u00f3n de las nuevas variantes y nuevas cepas que est\u00e1n asolando a otros pa\u00edses del mundo\u00bb, dijo y remarc\u00f3 la importancia de entender que la vacuna es una herramienta sanitaria m\u00e1s dentro de este contexto.<\/p>\n<p>En ese marco, indic\u00f3 que \u00abtrabajamos sobre varias dimensiones que tienen que ver con la organizaci\u00f3n de los servicios, ya que nuestros servicios de salud no se pueden expandir m\u00e1s porque ya lo hemos hecho, tenemos un recurso humano cr\u00edtico que es finito y por lo tanto tenemos que planificar y organizar en funci\u00f3n de la din\u00e1mica que nos va planteando la pandemia\u00bb.<\/p>\n<p>Se\u00f1al\u00f3 que \u201cotro de los componentes tiene que ver con la adquisici\u00f3n de los insumos, que ya hemos previsto y nos estamos estoqueando para poder centralizar compras que luego vamos a ir distribuyendo en funci\u00f3n de lo que vaya ocurriendo en el tr\u00e1nsito de la pandemia\u00bb.<\/p>\n<p>Mencion\u00f3 como otro de los aspectos importantes \u201cla capacitaci\u00f3n, que seguimos desarrollando en los equipos de salud. Nosotros contamos con muchas lecciones aprendidas, en funci\u00f3n de fortalezas y debilidades, que es muy necesario poner en agenda a los fines de seguir trabajando la pol\u00edtica p\u00fablica sanitaria, pero de forma integrada, intersectorial con las otras pol\u00edticas p\u00fablicas del Estado provincial\u00bb.<\/p>\n<p>\u00abLa dimensi\u00f3n que tiene esta pandemia tambi\u00e9n atraviesa varias cuestiones que tienen que ver con lo econ\u00f3mico, lo social, lo pol\u00edtico, lo institucional, y es por ello que apelamos a trabajar fuertemente en lo que tenga que ver con pol\u00edticas de cuidado, que impliquen no solamente la internalizaci\u00f3n de medidas de bioseguridad, sino tambi\u00e9n el cumplimiento estricto de los protocolos\u201d, se\u00f1al\u00f3 Vel\u00e1zquez.<\/p>\n<p>\u201cSi nosotros los cumplimentamos en cada una de las instituciones, en los comercios, en nuestro desarrollo personal, va a redundar en un fortalecimiento y en un cuidado colectivo. De esa forma, podemos prevenir los confinamientos y otras medidas restrictivas a las que no queremos llegar\u00bb, subray\u00f3.<\/p>\n<p>En ese marco, consider\u00f3 que \u201choy tenemos que redise\u00f1ar y fortalecer nuestros planes estrat\u00e9gicos operativos en el contexto de pandemia, a nivel sanitario y epidemiol\u00f3gico, y tambi\u00e9n nuestros planes estrat\u00e9gicos de vacunaci\u00f3n\u201d.<\/p>\n<p>Respecto a esto \u00faltimo, destac\u00f3 que \u201cvenimos trabajando con un ritmo realmente muy prometedor, en funci\u00f3n de la llegada de las nuevas vacunas y de la aprobaci\u00f3n reciente de la Sinopharm, que estaba aprobada para menores de 59 a\u00f1os y ahora la contamos tambi\u00e9n para poder orientar todo nuestro esfuerzo a vacunar no solamente a la poblaci\u00f3n de mayores de 70 a\u00f1os, sino a incorporar una poblaci\u00f3n objetivo muy importante que son los mayores de 60 a\u00f1os y teniendo en cuenta los factores de riegos\u201d.<\/p>\n<p><b>Autoridades presentes<\/b><\/p>\n<p>Los ministros de Salud, Sonia Vel\u00e1zquez; de Producci\u00f3n, Juan Jos\u00e9 Bahillo; de Econom\u00eda, Hugo Ballay, y de Desarrollo Social, Marisa Paira, participaron en el encuentro, al igual que el fiscal de Estado, Julio Rodr\u00edguez Signes; el presidente del Consejo General de Educaci\u00f3n, Mart\u00edn M\u00fcller; y el jefe de Polic\u00eda, Gustavo Maslein, entre otras autoridades.<\/p>\n<p>En tanto, la secretaria de Salud, Carina Reh; el subsecretario de Redes Integradas de Servicios de Salud, Marcos Bachetti, y el director General de Epidemiolog\u00eda, Diego Garcilazo, adem\u00e1s del director del hospital San Mart\u00edn, Carlos Bantar, fueron los funcionarios de Salud que se sumaron a la reuni\u00f3n.<\/p>\n","protected":false},"excerpt":{"rendered":"<p>El gobierno provincial inform\u00f3 que la vacuna china Sinopham comenzar\u00e1 a aplicarse a personas mayores de 70 a\u00f1os, tras ser aprobada por la Anmat para este rango etario.<\/p>\n","protected":false},"author":2,"featured_media":58144,"comment_status":"open","ping_status":"open","sticky":false,"template":"","format":"standard","meta":{"fifu_image_url":"","fifu_image_alt":"","footnotes":""},"categories":[6],"tags":[2153],"class_list":{"0":"post-58143","1":"post","2":"type-post","3":"status-publish","4":"format-standard","5":"has-post-thumbnail","7":"category-entre-rios","8":"tag-vacuna-coronavirus"},"yoast_head":"<title>En Entre R\u00edos se comenzar\u00e1 a aplicar la vacuna china a personas mayores de 70 a\u00f1os - Informe Litoral<\/title>\n<meta name=\"robots\" content=\"index, follow, max-snippet:-1, max-image-preview:large, max-video-preview:-1\" \/>\n<link rel=\"canonical\" href=\"https:\/\/informelitoral.com.ar\/en-entre-rios-se-comenzara-a-aplicar-la-vacuna-china-a-personas-mayores-de-70-anos\/\" \/>\n<meta property=\"og:locale\" content=\"es_ES\" \/>\n<meta property=\"og:type\" content=\"article\" \/>\n<meta property=\"og:title\" content=\"En Entre R\u00edos se comenzar\u00e1 a aplicar la vacuna china a personas mayores de 70 a\u00f1os - Informe Litoral\" \/>\n<meta property=\"og:description\" content=\"El gobierno provincial inform\u00f3 que la vacuna china Sinopham comenzar\u00e1 a aplicarse a personas mayores de 70 a\u00f1os, tras ser aprobada por la Anmat para este rango etario.\" \/>\n<meta property=\"og:url\" content=\"https:\/\/informelitoral.com.ar\/en-entre-rios-se-comenzara-a-aplicar-la-vacuna-china-a-personas-mayores-de-70-anos\/\" \/>\n<meta property=\"og:site_name\" content=\"Informe Litoral\" \/>\n<meta property=\"article:publisher\" content=\"https:\/\/www.facebook.com\/informelitoral\/\" \/>\n<meta property=\"article:published_time\" content=\"2021-03-27T12:06:23+00:00\" \/>\n<meta property=\"og:image\" content=\"https:\/\/informelitoral.com.ar\/%77%70%2d%63%6f%6e%74%65%6e%74\/uploads\/2021\/03\/1616781276jpg-scaled.jpg\" \/>\n\t<meta property=\"og:image:width\" content=\"2560\" \/>\n\t<meta property=\"og:image:height\" content=\"1708\" \/>\n\t<meta property=\"og:image:type\" content=\"image\/jpeg\" \/>\n<meta name=\"author\" content=\"Gonzalo Schmidt\" \/>\n<meta name=\"twitter:card\" content=\"summary_large_image\" \/>\n<meta name=\"twitter:creator\" content=\"@InformeLitoral\" \/>\n<meta name=\"twitter:site\" content=\"@InformeLitoral\" \/>\n<meta name=\"twitter:label1\" content=\"Escrito por\" \/>\n\t<meta name=\"twitter:data1\" content=\"Gonzalo Schmidt\" \/>\n\t<meta name=\"twitter:label2\" content=\"Tiempo de lectura\" \/>\n\t<meta name=\"twitter:data2\" content=\"5 minutos\" \/>\n<script type=\"application\/ld+json\" class=\"yoast-schema-graph\">{\"@context\":\"https:\\\/\\\/schema.org\",\"@graph\":[{\"@type\":\"Article\",\"@id\":\"https:\\\/\\\/informelitoral.com.ar\\\/en-entre-rios-se-comenzara-a-aplicar-la-vacuna-china-a-personas-mayores-de-70-anos\\\/#article\",\"isPartOf\":{\"@id\":\"https:\\\/\\\/informelitoral.com.ar\\\/en-entre-rios-se-comenzara-a-aplicar-la-vacuna-china-a-personas-mayores-de-70-anos\\\/\"},\"author\":{\"name\":\"Gonzalo Schmidt\",\"@id\":\"https:\\\/\\\/informelitoral.com.ar\\\/#\\\/schema\\\/person\\\/b9d00407c836482871ef1d57bf8e3180\"},\"headline\":\"En Entre R\u00edos se comenzar\u00e1 a aplicar la vacuna china a personas mayores de 70 a\u00f1os\",\"datePublished\":\"2021-03-27T12:06:23+00:00\",\"mainEntityOfPage\":{\"@id\":\"https:\\\/\\\/informelitoral.com.ar\\\/en-entre-rios-se-comenzara-a-aplicar-la-vacuna-china-a-personas-mayores-de-70-anos\\\/\"},\"wordCount\":1075,\"commentCount\":0,\"publisher\":{\"@id\":\"https:\\\/\\\/informelitoral.com.ar\\\/#organization\"},\"image\":{\"@id\":\"https:\\\/\\\/informelitoral.com.ar\\\/en-entre-rios-se-comenzara-a-aplicar-la-vacuna-china-a-personas-mayores-de-70-anos\\\/#primaryimage\"},\"thumbnailUrl\":\"https:\\\/\\\/informelitoral.com.ar\\\/%77%70%2d%63%6f%6e%74%65%6e%74\\\/uploads\\\/2021\\\/03\\\/1616781276jpg-scaled.jpg\",\"keywords\":[\"Vacuna coronavirus\"],\"articleSection\":[\"Entre R\u00edos\"],\"inLanguage\":\"es\",\"potentialAction\":[{\"@type\":\"CommentAction\",\"name\":\"Comment\",\"target\":[\"https:\\\/\\\/informelitoral.com.ar\\\/en-entre-rios-se-comenzara-a-aplicar-la-vacuna-china-a-personas-mayores-de-70-anos\\\/#respond\"]}]},{\"@type\":\"WebPage\",\"@id\":\"https:\\\/\\\/informelitoral.com.ar\\\/en-entre-rios-se-comenzara-a-aplicar-la-vacuna-china-a-personas-mayores-de-70-anos\\\/\",\"url\":\"https:\\\/\\\/informelitoral.com.ar\\\/en-entre-rios-se-comenzara-a-aplicar-la-vacuna-china-a-personas-mayores-de-70-anos\\\/\",\"name\":\"En Entre R\u00edos se comenzar\u00e1 a aplicar la vacuna china a personas mayores de 70 a\u00f1os - Informe Litoral\",\"isPartOf\":{\"@id\":\"https:\\\/\\\/informelitoral.com.ar\\\/#website\"},\"primaryImageOfPage\":{\"@id\":\"https:\\\/\\\/informelitoral.com.ar\\\/en-entre-rios-se-comenzara-a-aplicar-la-vacuna-china-a-personas-mayores-de-70-anos\\\/#primaryimage\"},\"image\":{\"@id\":\"https:\\\/\\\/informelitoral.com.ar\\\/en-entre-rios-se-comenzara-a-aplicar-la-vacuna-china-a-personas-mayores-de-70-anos\\\/#primaryimage\"},\"thumbnailUrl\":\"https:\\\/\\\/informelitoral.com.ar\\\/%77%70%2d%63%6f%6e%74%65%6e%74\\\/uploads\\\/2021\\\/03\\\/1616781276jpg-scaled.jpg\",\"datePublished\":\"2021-03-27T12:06:23+00:00\",\"breadcrumb\":{\"@id\":\"https:\\\/\\\/informelitoral.com.ar\\\/en-entre-rios-se-comenzara-a-aplicar-la-vacuna-china-a-personas-mayores-de-70-anos\\\/#breadcrumb\"},\"inLanguage\":\"es\",\"potentialAction\":[{\"@type\":\"ReadAction\",\"target\":[\"https:\\\/\\\/informelitoral.com.ar\\\/en-entre-rios-se-comenzara-a-aplicar-la-vacuna-china-a-personas-mayores-de-70-anos\\\/\"]}]},{\"@type\":\"ImageObject\",\"inLanguage\":\"es\",\"@id\":\"https:\\\/\\\/informelitoral.com.ar\\\/en-entre-rios-se-comenzara-a-aplicar-la-vacuna-china-a-personas-mayores-de-70-anos\\\/#primaryimage\",\"url\":\"https:\\\/\\\/informelitoral.com.ar\\\/%77%70%2d%63%6f%6e%74%65%6e%74\\\/uploads\\\/2021\\\/03\\\/1616781276jpg-scaled.jpg\",\"contentUrl\":\"https:\\\/\\\/informelitoral.com.ar\\\/%77%70%2d%63%6f%6e%74%65%6e%74\\\/uploads\\\/2021\\\/03\\\/1616781276jpg-scaled.jpg\",\"width\":2560,\"height\":1708},{\"@type\":\"BreadcrumbList\",\"@id\":\"https:\\\/\\\/informelitoral.com.ar\\\/en-entre-rios-se-comenzara-a-aplicar-la-vacuna-china-a-personas-mayores-de-70-anos\\\/#breadcrumb\",\"itemListElement\":[{\"@type\":\"ListItem\",\"position\":1,\"name\":\"Portada\",\"item\":\"https:\\\/\\\/informelitoral.com.ar\\\/\"},{\"@type\":\"ListItem\",\"position\":2,\"name\":\"En Entre R\u00edos se comenzar\u00e1 a aplicar la vacuna china a personas mayores de 70 a\u00f1os\"}]},{\"@type\":\"WebSite\",\"@id\":\"https:\\\/\\\/informelitoral.com.ar\\\/#website\",\"url\":\"https:\\\/\\\/informelitoral.com.ar\\\/\",\"name\":\"Informe Litoral\",\"description\":\"&quot;Nos informamos&quot; \",\"publisher\":{\"@id\":\"https:\\\/\\\/informelitoral.com.ar\\\/#organization\"},\"potentialAction\":[{\"@type\":\"SearchAction\",\"target\":{\"@type\":\"EntryPoint\",\"urlTemplate\":\"https:\\\/\\\/informelitoral.com.ar\\\/?s={search_term_string}\"},\"query-input\":{\"@type\":\"PropertyValueSpecification\",\"valueRequired\":true,\"valueName\":\"search_term_string\"}}],\"inLanguage\":\"es\"},{\"@type\":\"Organization\",\"@id\":\"https:\\\/\\\/informelitoral.com.ar\\\/#organization\",\"name\":\"Informe Litoral\",\"url\":\"https:\\\/\\\/informelitoral.com.ar\\\/\",\"logo\":{\"@type\":\"ImageObject\",\"inLanguage\":\"es\",\"@id\":\"https:\\\/\\\/informelitoral.com.ar\\\/#\\\/schema\\\/logo\\\/image\\\/\",\"url\":\"https:\\\/\\\/informelitoral.com.ar\\\/%77%70%2d%63%6f%6e%74%65%6e%74\\\/uploads\\\/2021\\\/01\\\/circulo.png\",\"contentUrl\":\"https:\\\/\\\/informelitoral.com.ar\\\/%77%70%2d%63%6f%6e%74%65%6e%74\\\/uploads\\\/2021\\\/01\\\/circulo.png\",\"width\":723,\"height\":731,\"caption\":\"Informe Litoral\"},\"image\":{\"@id\":\"https:\\\/\\\/informelitoral.com.ar\\\/#\\\/schema\\\/logo\\\/image\\\/\"},\"sameAs\":[\"https:\\\/\\\/www.facebook.com\\\/informelitoral\\\/\",\"https:\\\/\\\/x.com\\\/InformeLitoral\",\"https:\\\/\\\/www.instagram.com\\\/informelitoral\\\/\",\"https:\\\/\\\/www.youtube.com\\\/channel\\\/UCua4Qvz8Icb6MYqhoq9xLXw\"]},{\"@type\":\"Person\",\"@id\":\"https:\\\/\\\/informelitoral.com.ar\\\/#\\\/schema\\\/person\\\/b9d00407c836482871ef1d57bf8e3180\",\"name\":\"Gonzalo Schmidt\",\"image\":{\"@type\":\"ImageObject\",\"inLanguage\":\"es\",\"@id\":\"https:\\\/\\\/secure.gravatar.com\\\/avatar\\\/31a1a7b66ff2de83bd0e9fd79d026630d2d99e55e8bfe501287647b4fd9743de?s=96&d=mm&r=g\",\"url\":\"https:\\\/\\\/secure.gravatar.com\\\/avatar\\\/31a1a7b66ff2de83bd0e9fd79d026630d2d99e55e8bfe501287647b4fd9743de?s=96&d=mm&r=g\",\"contentUrl\":\"https:\\\/\\\/secure.gravatar.com\\\/avatar\\\/31a1a7b66ff2de83bd0e9fd79d026630d2d99e55e8bfe501287647b4fd9743de?s=96&d=mm&r=g\",\"caption\":\"Gonzalo Schmidt\"},\"description\":\"Sitio web de noticias de la provincia de Entre R\u00edos, Argentina. Informaci\u00f3n y entretenimiento. Informe Litoral, nos informamos.\",\"sameAs\":[\"http:\\\/\\\/www.isletasnoticias.com.ar\"],\"url\":\"https:\\\/\\\/informelitoral.com.ar\\\/author\\\/gonzalo\\\/\"}]}<\/script>","yoast_head_json":{"title":"En Entre R\u00edos se comenzar\u00e1 a aplicar la vacuna china a personas mayores de 70 a\u00f1os - Informe Litoral","robots":{"index":"index","follow":"follow","max-snippet":"max-snippet:-1","max-image-preview":"max-image-preview:large","max-video-preview":"max-video-preview:-1"},"canonical":"https:\/\/informelitoral.com.ar\/en-entre-rios-se-comenzara-a-aplicar-la-vacuna-china-a-personas-mayores-de-70-anos\/","og_locale":"es_ES","og_type":"article","og_title":"En Entre R\u00edos se comenzar\u00e1 a aplicar la vacuna china a personas mayores de 70 a\u00f1os - Informe Litoral","og_description":"El gobierno provincial inform\u00f3 que la vacuna china Sinopham comenzar\u00e1 a aplicarse a personas mayores de 70 a\u00f1os, tras ser aprobada por la Anmat para este rango etario.","og_url":"https:\/\/informelitoral.com.ar\/en-entre-rios-se-comenzara-a-aplicar-la-vacuna-china-a-personas-mayores-de-70-anos\/","og_site_name":"Informe Litoral","article_publisher":"https:\/\/www.facebook.com\/informelitoral\/","article_published_time":"2021-03-27T12:06:23+00:00","og_image":[{"width":2560,"height":1708,"url":"https:\/\/informelitoral.com.ar\/%77%70%2d%63%6f%6e%74%65%6e%74\/uploads\/2021\/03\/1616781276jpg-scaled.jpg","type":"image\/jpeg"}],"author":"Gonzalo Schmidt","twitter_card":"summary_large_image","twitter_creator":"@InformeLitoral","twitter_site":"@InformeLitoral","twitter_misc":{"Escrito por":"Gonzalo Schmidt","Tiempo de lectura":"5 minutos"},"schema":{"@context":"https:\/\/schema.org","@graph":[{"@type":"Article","@id":"https:\/\/informelitoral.com.ar\/en-entre-rios-se-comenzara-a-aplicar-la-vacuna-china-a-personas-mayores-de-70-anos\/#article","isPartOf":{"@id":"https:\/\/informelitoral.com.ar\/en-entre-rios-se-comenzara-a-aplicar-la-vacuna-china-a-personas-mayores-de-70-anos\/"},"author":{"name":"Gonzalo Schmidt","@id":"https:\/\/informelitoral.com.ar\/#\/schema\/person\/b9d00407c836482871ef1d57bf8e3180"},"headline":"En Entre R\u00edos se comenzar\u00e1 a aplicar la vacuna china a personas mayores de 70 a\u00f1os","datePublished":"2021-03-27T12:06:23+00:00","mainEntityOfPage":{"@id":"https:\/\/informelitoral.com.ar\/en-entre-rios-se-comenzara-a-aplicar-la-vacuna-china-a-personas-mayores-de-70-anos\/"},"wordCount":1075,"commentCount":0,"publisher":{"@id":"https:\/\/informelitoral.com.ar\/#organization"},"image":{"@id":"https:\/\/informelitoral.com.ar\/en-entre-rios-se-comenzara-a-aplicar-la-vacuna-china-a-personas-mayores-de-70-anos\/#primaryimage"},"thumbnailUrl":"https:\/\/informelitoral.com.ar\/%77%70%2d%63%6f%6e%74%65%6e%74\/uploads\/2021\/03\/1616781276jpg-scaled.jpg","keywords":["Vacuna coronavirus"],"articleSection":["Entre R\u00edos"],"inLanguage":"es","potentialAction":[{"@type":"CommentAction","name":"Comment","target":["https:\/\/informelitoral.com.ar\/en-entre-rios-se-comenzara-a-aplicar-la-vacuna-china-a-personas-mayores-de-70-anos\/#respond"]}]},{"@type":"WebPage","@id":"https:\/\/informelitoral.com.ar\/en-entre-rios-se-comenzara-a-aplicar-la-vacuna-china-a-personas-mayores-de-70-anos\/","url":"https:\/\/informelitoral.com.ar\/en-entre-rios-se-comenzara-a-aplicar-la-vacuna-china-a-personas-mayores-de-70-anos\/","name":"En Entre R\u00edos se comenzar\u00e1 a aplicar la vacuna china a personas mayores de 70 a\u00f1os - Informe Litoral","isPartOf":{"@id":"https:\/\/informelitoral.com.ar\/#website"},"primaryImageOfPage":{"@id":"https:\/\/informelitoral.com.ar\/en-entre-rios-se-comenzara-a-aplicar-la-vacuna-china-a-personas-mayores-de-70-anos\/#primaryimage"},"image":{"@id":"https:\/\/informelitoral.com.ar\/en-entre-rios-se-comenzara-a-aplicar-la-vacuna-china-a-personas-mayores-de-70-anos\/#primaryimage"},"thumbnailUrl":"https:\/\/informelitoral.com.ar\/%77%70%2d%63%6f%6e%74%65%6e%74\/uploads\/2021\/03\/1616781276jpg-scaled.jpg","datePublished":"2021-03-27T12:06:23+00:00","breadcrumb":{"@id":"https:\/\/informelitoral.com.ar\/en-entre-rios-se-comenzara-a-aplicar-la-vacuna-china-a-personas-mayores-de-70-anos\/#breadcrumb"},"inLanguage":"es","potentialAction":[{"@type":"ReadAction","target":["https:\/\/informelitoral.com.ar\/en-entre-rios-se-comenzara-a-aplicar-la-vacuna-china-a-personas-mayores-de-70-anos\/"]}]},{"@type":"ImageObject","inLanguage":"es","@id":"https:\/\/informelitoral.com.ar\/en-entre-rios-se-comenzara-a-aplicar-la-vacuna-china-a-personas-mayores-de-70-anos\/#primaryimage","url":"https:\/\/informelitoral.com.ar\/%77%70%2d%63%6f%6e%74%65%6e%74\/uploads\/2021\/03\/1616781276jpg-scaled.jpg","contentUrl":"https:\/\/informelitoral.com.ar\/%77%70%2d%63%6f%6e%74%65%6e%74\/uploads\/2021\/03\/1616781276jpg-scaled.jpg","width":2560,"height":1708},{"@type":"BreadcrumbList","@id":"https:\/\/informelitoral.com.ar\/en-entre-rios-se-comenzara-a-aplicar-la-vacuna-china-a-personas-mayores-de-70-anos\/#breadcrumb","itemListElement":[{"@type":"ListItem","position":1,"name":"Portada","item":"https:\/\/informelitoral.com.ar\/"},{"@type":"ListItem","position":2,"name":"En Entre R\u00edos se comenzar\u00e1 a aplicar la vacuna china a personas mayores de 70 a\u00f1os"}]},{"@type":"WebSite","@id":"https:\/\/informelitoral.com.ar\/#website","url":"https:\/\/informelitoral.com.ar\/","name":"Informe Litoral","description":"&quot;Nos informamos&quot; ","publisher":{"@id":"https:\/\/informelitoral.com.ar\/#organization"},"potentialAction":[{"@type":"SearchAction","target":{"@type":"EntryPoint","urlTemplate":"https:\/\/informelitoral.com.ar\/?s={search_term_string}"},"query-input":{"@type":"PropertyValueSpecification","valueRequired":true,"valueName":"search_term_string"}}],"inLanguage":"es"},{"@type":"Organization","@id":"https:\/\/informelitoral.com.ar\/#organization","name":"Informe Litoral","url":"https:\/\/informelitoral.com.ar\/","logo":{"@type":"ImageObject","inLanguage":"es","@id":"https:\/\/informelitoral.com.ar\/#\/schema\/logo\/image\/","url":"https:\/\/informelitoral.com.ar\/%77%70%2d%63%6f%6e%74%65%6e%74\/uploads\/2021\/01\/circulo.png","contentUrl":"https:\/\/informelitoral.com.ar\/%77%70%2d%63%6f%6e%74%65%6e%74\/uploads\/2021\/01\/circulo.png","width":723,"height":731,"caption":"Informe Litoral"},"image":{"@id":"https:\/\/informelitoral.com.ar\/#\/schema\/logo\/image\/"},"sameAs":["https:\/\/www.facebook.com\/informelitoral\/","https:\/\/x.com\/InformeLitoral","https:\/\/www.instagram.com\/informelitoral\/","https:\/\/www.youtube.com\/channel\/UCua4Qvz8Icb6MYqhoq9xLXw"]},{"@type":"Person","@id":"https:\/\/informelitoral.com.ar\/#\/schema\/person\/b9d00407c836482871ef1d57bf8e3180","name":"Gonzalo Schmidt","image":{"@type":"ImageObject","inLanguage":"es","@id":"https:\/\/secure.gravatar.com\/avatar\/31a1a7b66ff2de83bd0e9fd79d026630d2d99e55e8bfe501287647b4fd9743de?s=96&d=mm&r=g","url":"https:\/\/secure.gravatar.com\/avatar\/31a1a7b66ff2de83bd0e9fd79d026630d2d99e55e8bfe501287647b4fd9743de?s=96&d=mm&r=g","contentUrl":"https:\/\/secure.gravatar.com\/avatar\/31a1a7b66ff2de83bd0e9fd79d026630d2d99e55e8bfe501287647b4fd9743de?s=96&d=mm&r=g","caption":"Gonzalo Schmidt"},"description":"Sitio web de noticias de la provincia de Entre R\u00edos, Argentina. Informaci\u00f3n y entretenimiento. Informe Litoral, nos informamos.","sameAs":["http:\/\/www.isletasnoticias.com.ar"],"url":"https:\/\/informelitoral.com.ar\/author\/gonzalo\/"}]}},"_links":{"self":[{"href":"https:\/\/informelitoral.com.ar\/%77%70%2d%6a%73%6f%6e\/wp\/v2\/posts\/58143","targetHints":{"allow":["GET"]}}],"collection":[{"href":"https:\/\/informelitoral.com.ar\/%77%70%2d%6a%73%6f%6e\/wp\/v2\/posts"}],"about":[{"href":"https:\/\/informelitoral.com.ar\/%77%70%2d%6a%73%6f%6e\/wp\/v2\/types\/post"}],"author":[{"embeddable":true,"href":"https:\/\/informelitoral.com.ar\/%77%70%2d%6a%73%6f%6e\/wp\/v2\/users\/2"}],"replies":[{"embeddable":true,"href":"https:\/\/informelitoral.com.ar\/%77%70%2d%6a%73%6f%6e\/wp\/v2\/comments?post=58143"}],"version-history":[{"count":0,"href":"https:\/\/informelitoral.com.ar\/%77%70%2d%6a%73%6f%6e\/wp\/v2\/posts\/58143\/revisions"}],"wp:featuredmedia":[{"embeddable":true,"href":"https:\/\/informelitoral.com.ar\/%77%70%2d%6a%73%6f%6e\/wp\/v2\/media\/58144"}],"wp:attachment":[{"href":"https:\/\/informelitoral.com.ar\/%77%70%2d%6a%73%6f%6e\/wp\/v2\/media?parent=58143"}],"wp:term":[{"taxonomy":"category","embeddable":true,"href":"https:\/\/informelitoral.com.ar\/%77%70%2d%6a%73%6f%6e\/wp\/v2\/categories?post=58143"},{"taxonomy":"post_tag","embeddable":true,"href":"https:\/\/informelitoral.com.ar\/%77%70%2d%6a%73%6f%6e\/wp\/v2\/tags?post=58143"}],"curies":[{"name":"wp","href":"https:\/\/api.w.org\/{rel}","templated":true}]}}