{"id":58075,"date":"2021-03-25T11:39:41","date_gmt":"2021-03-25T14:39:41","guid":{"rendered":"https:\/\/www.informelitoral.com.ar\/?p=58075"},"modified":"2021-03-25T11:39:41","modified_gmt":"2021-03-25T14:39:41","slug":"un-ganadero-baleo-y-atropello-con-su-camioneta-a-un-cuatrero-porque-se-canso-de-los-robos","status":"publish","type":"post","link":"https:\/\/informelitoral.com.ar\/un-ganadero-baleo-y-atropello-con-su-camioneta-a-un-cuatrero-porque-se-canso-de-los-robos\/","title":{"rendered":"Un ganadero bale\u00f3 y atropell\u00f3 con su camioneta a un cuatrero porque se cans\u00f3 de los robos"},"content":{"rendered":"<p>Un productor ganadero, cansado de los robos de ganado en su campo, decidi\u00f3 quedarse en su finca y se enfrent\u00f3 a dos sujetos, de los cuales uno esgrimi\u00f3 un cuchillo, a lo que el productor respondi\u00f3 a los disparos con un rev\u00f3lver calibre 22, impactando a uno de los ladrones en el abdomen.<\/p>\n<p>La Polic\u00eda del Chaco tom\u00f3 conocimiento del hecho a trav\u00e9s de un llamado telef\u00f3nico realizado por parte del productor ganadero, quien relat\u00f3 que se encontraba en su campo, en Lote 236 Colonia Juan Jos\u00e9 Paso, distante unos cinco kil\u00f3metros al suroeste de Villa \u00c1ngela.<\/p>\n<p>La v\u00edctima cansado de los robos que habr\u00eda sufrido en los \u00faltimos d\u00edas decidi\u00f3 quedarse en su campo y en un momento dado divis\u00f3 a dos sujetos desconocidos, que se movilizaban en una motocicleta de 110 cilindradas.<\/p>\n<p>Sin su autorizaci\u00f3n ingresaron a su terreno y exhibi\u00e9ndole un cuchillo, con el cual lo amenazaron, seg\u00fan su denuncia en sede policial.<\/p>\n<p>El ciudadano en su defensa sac\u00f3 su rev\u00f3lver calibre 22 y efectu\u00f3 disparos, hiriendo a uno de ellos en el abdomen.<\/p>\n<p>Los intrusos emprendieron la fuga en sus motocicletas y el productor ganadero los sigui\u00f3 en su camioneta Ford F-100, alcanz\u00e1ndolos, y atropellando al herido para hacerlo detener la marcha.<\/p>\n<p>As\u00ed fue que el ladr\u00f3n qued\u00f3 tirado, pidiendo auxilio, habiendo sido impactado por un proyectil de arma de fuego.<\/p>\n<p>En tanto su c\u00f3mplice logr\u00f3 huir y hasta el momento no fue localizado.<\/p>\n<p>El delincuente herido fue identificado por las autoridades con las inciales D.M, de 30 a\u00f1os, y debi\u00f3 ser trasladado al hospital local, pero por la gravedad de la herida fue derivado al Hospital 4 de Junio de S\u00e1enz Pe\u00f1a.<\/p>\n<p>Las autoridades incautaron los veh\u00edculos; un rev\u00f3lver calibre 22, conteniendo en su cargador dos cartuchos sin percutar, y cuatro vainas servidas del mismo calibre.<\/p>\n","protected":false},"excerpt":{"rendered":"<p>Se enfrent\u00f3 a dos sujetos, de los cuales uno esgrimi\u00f3 un cuchillo, a lo que el productor respondi\u00f3 a los disparos. Los intrusos huyeron en motos. El productor los sigui\u00f3 en su Ford F-100 y atropell\u00f3 al herido para hacerlo detener la marcha.<\/p>\n","protected":false},"author":2,"featured_media":58076,"comment_status":"open","ping_status":"open","sticky":false,"template":"","format":"standard","meta":{"fifu_image_url":"","fifu_image_alt":"","footnotes":""},"categories":[14],"tags":[1332],"class_list":{"0":"post-58075","1":"post","2":"type-post","3":"status-publish","4":"format-standard","5":"has-post-thumbnail","7":"category-policiales","8":"tag-chaco"},"yoast_head":"<title>Un ganadero bale\u00f3 y atropell\u00f3 con su camioneta a un cuatrero porque se cans\u00f3 de los robos - Informe Litoral<\/title>\n<meta name=\"robots\" content=\"index, follow, max-snippet:-1, max-image-preview:large, max-video-preview:-1\" \/>\n<link rel=\"canonical\" href=\"https:\/\/informelitoral.com.ar\/un-ganadero-baleo-y-atropello-con-su-camioneta-a-un-cuatrero-porque-se-canso-de-los-robos\/\" \/>\n<meta property=\"og:locale\" content=\"es_ES\" \/>\n<meta property=\"og:type\" content=\"article\" \/>\n<meta property=\"og:title\" content=\"Un ganadero bale\u00f3 y atropell\u00f3 con su camioneta a un cuatrero porque se cans\u00f3 de los robos - Informe Litoral\" \/>\n<meta property=\"og:description\" content=\"Se enfrent\u00f3 a dos sujetos, de los cuales uno esgrimi\u00f3 un cuchillo, a lo que el productor respondi\u00f3 a los disparos. Los intrusos huyeron en motos. El productor los sigui\u00f3 en su Ford F-100 y atropell\u00f3 al herido para hacerlo detener la marcha.\" \/>\n<meta property=\"og:url\" content=\"https:\/\/informelitoral.com.ar\/un-ganadero-baleo-y-atropello-con-su-camioneta-a-un-cuatrero-porque-se-canso-de-los-robos\/\" \/>\n<meta property=\"og:site_name\" content=\"Informe Litoral\" \/>\n<meta property=\"article:publisher\" content=\"https:\/\/www.facebook.com\/informelitoral\/\" \/>\n<meta property=\"article:published_time\" content=\"2021-03-25T14:39:41+00:00\" \/>\n<meta property=\"og:image\" content=\"https:\/\/informelitoral.com.ar\/%77%70%2d%63%6f%6e%74%65%6e%74\/uploads\/2021\/03\/o_1616658324.jpg\" \/>\n\t<meta property=\"og:image:width\" content=\"800\" \/>\n\t<meta property=\"og:image:height\" content=\"450\" \/>\n\t<meta property=\"og:image:type\" content=\"image\/jpeg\" \/>\n<meta name=\"author\" content=\"Gonzalo Schmidt\" \/>\n<meta name=\"twitter:card\" content=\"summary_large_image\" \/>\n<meta name=\"twitter:creator\" content=\"@InformeLitoral\" \/>\n<meta name=\"twitter:site\" content=\"@InformeLitoral\" \/>\n<meta name=\"twitter:label1\" content=\"Escrito por\" \/>\n\t<meta name=\"twitter:data1\" content=\"Gonzalo Schmidt\" \/>\n\t<meta name=\"twitter:label2\" content=\"Tiempo de lectura\" \/>\n\t<meta name=\"twitter:data2\" content=\"2 minutos\" \/>\n<script type=\"application\/ld+json\" class=\"yoast-schema-graph\">{\"@context\":\"https:\\\/\\\/schema.org\",\"@graph\":[{\"@type\":\"Article\",\"@id\":\"https:\\\/\\\/informelitoral.com.ar\\\/un-ganadero-baleo-y-atropello-con-su-camioneta-a-un-cuatrero-porque-se-canso-de-los-robos\\\/#article\",\"isPartOf\":{\"@id\":\"https:\\\/\\\/informelitoral.com.ar\\\/un-ganadero-baleo-y-atropello-con-su-camioneta-a-un-cuatrero-porque-se-canso-de-los-robos\\\/\"},\"author\":{\"name\":\"Gonzalo Schmidt\",\"@id\":\"https:\\\/\\\/informelitoral.com.ar\\\/#\\\/schema\\\/person\\\/b9d00407c836482871ef1d57bf8e3180\"},\"headline\":\"Un ganadero bale\u00f3 y atropell\u00f3 con su camioneta a un cuatrero porque se cans\u00f3 de los robos\",\"datePublished\":\"2021-03-25T14:39:41+00:00\",\"mainEntityOfPage\":{\"@id\":\"https:\\\/\\\/informelitoral.com.ar\\\/un-ganadero-baleo-y-atropello-con-su-camioneta-a-un-cuatrero-porque-se-canso-de-los-robos\\\/\"},\"wordCount\":332,\"commentCount\":0,\"publisher\":{\"@id\":\"https:\\\/\\\/informelitoral.com.ar\\\/#organization\"},\"image\":{\"@id\":\"https:\\\/\\\/informelitoral.com.ar\\\/un-ganadero-baleo-y-atropello-con-su-camioneta-a-un-cuatrero-porque-se-canso-de-los-robos\\\/#primaryimage\"},\"thumbnailUrl\":\"https:\\\/\\\/informelitoral.com.ar\\\/%77%70%2d%63%6f%6e%74%65%6e%74\\\/uploads\\\/2021\\\/03\\\/o_1616658324.jpg\",\"keywords\":[\"Chaco\"],\"articleSection\":[\"Policiales\"],\"inLanguage\":\"es\",\"potentialAction\":[{\"@type\":\"CommentAction\",\"name\":\"Comment\",\"target\":[\"https:\\\/\\\/informelitoral.com.ar\\\/un-ganadero-baleo-y-atropello-con-su-camioneta-a-un-cuatrero-porque-se-canso-de-los-robos\\\/#respond\"]}]},{\"@type\":\"WebPage\",\"@id\":\"https:\\\/\\\/informelitoral.com.ar\\\/un-ganadero-baleo-y-atropello-con-su-camioneta-a-un-cuatrero-porque-se-canso-de-los-robos\\\/\",\"url\":\"https:\\\/\\\/informelitoral.com.ar\\\/un-ganadero-baleo-y-atropello-con-su-camioneta-a-un-cuatrero-porque-se-canso-de-los-robos\\\/\",\"name\":\"Un ganadero bale\u00f3 y atropell\u00f3 con su camioneta a un cuatrero porque se cans\u00f3 de los robos - Informe Litoral\",\"isPartOf\":{\"@id\":\"https:\\\/\\\/informelitoral.com.ar\\\/#website\"},\"primaryImageOfPage\":{\"@id\":\"https:\\\/\\\/informelitoral.com.ar\\\/un-ganadero-baleo-y-atropello-con-su-camioneta-a-un-cuatrero-porque-se-canso-de-los-robos\\\/#primaryimage\"},\"image\":{\"@id\":\"https:\\\/\\\/informelitoral.com.ar\\\/un-ganadero-baleo-y-atropello-con-su-camioneta-a-un-cuatrero-porque-se-canso-de-los-robos\\\/#primaryimage\"},\"thumbnailUrl\":\"https:\\\/\\\/informelitoral.com.ar\\\/%77%70%2d%63%6f%6e%74%65%6e%74\\\/uploads\\\/2021\\\/03\\\/o_1616658324.jpg\",\"datePublished\":\"2021-03-25T14:39:41+00:00\",\"breadcrumb\":{\"@id\":\"https:\\\/\\\/informelitoral.com.ar\\\/un-ganadero-baleo-y-atropello-con-su-camioneta-a-un-cuatrero-porque-se-canso-de-los-robos\\\/#breadcrumb\"},\"inLanguage\":\"es\",\"potentialAction\":[{\"@type\":\"ReadAction\",\"target\":[\"https:\\\/\\\/informelitoral.com.ar\\\/un-ganadero-baleo-y-atropello-con-su-camioneta-a-un-cuatrero-porque-se-canso-de-los-robos\\\/\"]}]},{\"@type\":\"ImageObject\",\"inLanguage\":\"es\",\"@id\":\"https:\\\/\\\/informelitoral.com.ar\\\/un-ganadero-baleo-y-atropello-con-su-camioneta-a-un-cuatrero-porque-se-canso-de-los-robos\\\/#primaryimage\",\"url\":\"https:\\\/\\\/informelitoral.com.ar\\\/%77%70%2d%63%6f%6e%74%65%6e%74\\\/uploads\\\/2021\\\/03\\\/o_1616658324.jpg\",\"contentUrl\":\"https:\\\/\\\/informelitoral.com.ar\\\/%77%70%2d%63%6f%6e%74%65%6e%74\\\/uploads\\\/2021\\\/03\\\/o_1616658324.jpg\",\"width\":800,\"height\":450},{\"@type\":\"BreadcrumbList\",\"@id\":\"https:\\\/\\\/informelitoral.com.ar\\\/un-ganadero-baleo-y-atropello-con-su-camioneta-a-un-cuatrero-porque-se-canso-de-los-robos\\\/#breadcrumb\",\"itemListElement\":[{\"@type\":\"ListItem\",\"position\":1,\"name\":\"Portada\",\"item\":\"https:\\\/\\\/informelitoral.com.ar\\\/\"},{\"@type\":\"ListItem\",\"position\":2,\"name\":\"Un ganadero bale\u00f3 y atropell\u00f3 con su camioneta a un cuatrero porque se cans\u00f3 de los robos\"}]},{\"@type\":\"WebSite\",\"@id\":\"https:\\\/\\\/informelitoral.com.ar\\\/#website\",\"url\":\"https:\\\/\\\/informelitoral.com.ar\\\/\",\"name\":\"Informe Litoral\",\"description\":\"&quot;Nos informamos&quot; \",\"publisher\":{\"@id\":\"https:\\\/\\\/informelitoral.com.ar\\\/#organization\"},\"potentialAction\":[{\"@type\":\"SearchAction\",\"target\":{\"@type\":\"EntryPoint\",\"urlTemplate\":\"https:\\\/\\\/informelitoral.com.ar\\\/?s={search_term_string}\"},\"query-input\":{\"@type\":\"PropertyValueSpecification\",\"valueRequired\":true,\"valueName\":\"search_term_string\"}}],\"inLanguage\":\"es\"},{\"@type\":\"Organization\",\"@id\":\"https:\\\/\\\/informelitoral.com.ar\\\/#organization\",\"name\":\"Informe Litoral\",\"url\":\"https:\\\/\\\/informelitoral.com.ar\\\/\",\"logo\":{\"@type\":\"ImageObject\",\"inLanguage\":\"es\",\"@id\":\"https:\\\/\\\/informelitoral.com.ar\\\/#\\\/schema\\\/logo\\\/image\\\/\",\"url\":\"https:\\\/\\\/informelitoral.com.ar\\\/%77%70%2d%63%6f%6e%74%65%6e%74\\\/uploads\\\/2021\\\/01\\\/circulo.png\",\"contentUrl\":\"https:\\\/\\\/informelitoral.com.ar\\\/%77%70%2d%63%6f%6e%74%65%6e%74\\\/uploads\\\/2021\\\/01\\\/circulo.png\",\"width\":723,\"height\":731,\"caption\":\"Informe Litoral\"},\"image\":{\"@id\":\"https:\\\/\\\/informelitoral.com.ar\\\/#\\\/schema\\\/logo\\\/image\\\/\"},\"sameAs\":[\"https:\\\/\\\/www.facebook.com\\\/informelitoral\\\/\",\"https:\\\/\\\/x.com\\\/InformeLitoral\",\"https:\\\/\\\/www.instagram.com\\\/informelitoral\\\/\",\"https:\\\/\\\/www.youtube.com\\\/channel\\\/UCua4Qvz8Icb6MYqhoq9xLXw\"]},{\"@type\":\"Person\",\"@id\":\"https:\\\/\\\/informelitoral.com.ar\\\/#\\\/schema\\\/person\\\/b9d00407c836482871ef1d57bf8e3180\",\"name\":\"Gonzalo Schmidt\",\"image\":{\"@type\":\"ImageObject\",\"inLanguage\":\"es\",\"@id\":\"https:\\\/\\\/secure.gravatar.com\\\/avatar\\\/31a1a7b66ff2de83bd0e9fd79d026630d2d99e55e8bfe501287647b4fd9743de?s=96&d=mm&r=g\",\"url\":\"https:\\\/\\\/secure.gravatar.com\\\/avatar\\\/31a1a7b66ff2de83bd0e9fd79d026630d2d99e55e8bfe501287647b4fd9743de?s=96&d=mm&r=g\",\"contentUrl\":\"https:\\\/\\\/secure.gravatar.com\\\/avatar\\\/31a1a7b66ff2de83bd0e9fd79d026630d2d99e55e8bfe501287647b4fd9743de?s=96&d=mm&r=g\",\"caption\":\"Gonzalo Schmidt\"},\"description\":\"Sitio web de noticias de la provincia de Entre R\u00edos, Argentina. Informaci\u00f3n y entretenimiento. Informe Litoral, nos informamos.\",\"sameAs\":[\"http:\\\/\\\/www.isletasnoticias.com.ar\"],\"url\":\"https:\\\/\\\/informelitoral.com.ar\\\/author\\\/gonzalo\\\/\"}]}<\/script>","yoast_head_json":{"title":"Un ganadero bale\u00f3 y atropell\u00f3 con su camioneta a un cuatrero porque se cans\u00f3 de los robos - Informe Litoral","robots":{"index":"index","follow":"follow","max-snippet":"max-snippet:-1","max-image-preview":"max-image-preview:large","max-video-preview":"max-video-preview:-1"},"canonical":"https:\/\/informelitoral.com.ar\/un-ganadero-baleo-y-atropello-con-su-camioneta-a-un-cuatrero-porque-se-canso-de-los-robos\/","og_locale":"es_ES","og_type":"article","og_title":"Un ganadero bale\u00f3 y atropell\u00f3 con su camioneta a un cuatrero porque se cans\u00f3 de los robos - Informe Litoral","og_description":"Se enfrent\u00f3 a dos sujetos, de los cuales uno esgrimi\u00f3 un cuchillo, a lo que el productor respondi\u00f3 a los disparos. Los intrusos huyeron en motos. El productor los sigui\u00f3 en su Ford F-100 y atropell\u00f3 al herido para hacerlo detener la marcha.","og_url":"https:\/\/informelitoral.com.ar\/un-ganadero-baleo-y-atropello-con-su-camioneta-a-un-cuatrero-porque-se-canso-de-los-robos\/","og_site_name":"Informe Litoral","article_publisher":"https:\/\/www.facebook.com\/informelitoral\/","article_published_time":"2021-03-25T14:39:41+00:00","og_image":[{"width":800,"height":450,"url":"https:\/\/informelitoral.com.ar\/%77%70%2d%63%6f%6e%74%65%6e%74\/uploads\/2021\/03\/o_1616658324.jpg","type":"image\/jpeg"}],"author":"Gonzalo Schmidt","twitter_card":"summary_large_image","twitter_creator":"@InformeLitoral","twitter_site":"@InformeLitoral","twitter_misc":{"Escrito por":"Gonzalo Schmidt","Tiempo de lectura":"2 minutos"},"schema":{"@context":"https:\/\/schema.org","@graph":[{"@type":"Article","@id":"https:\/\/informelitoral.com.ar\/un-ganadero-baleo-y-atropello-con-su-camioneta-a-un-cuatrero-porque-se-canso-de-los-robos\/#article","isPartOf":{"@id":"https:\/\/informelitoral.com.ar\/un-ganadero-baleo-y-atropello-con-su-camioneta-a-un-cuatrero-porque-se-canso-de-los-robos\/"},"author":{"name":"Gonzalo Schmidt","@id":"https:\/\/informelitoral.com.ar\/#\/schema\/person\/b9d00407c836482871ef1d57bf8e3180"},"headline":"Un ganadero bale\u00f3 y atropell\u00f3 con su camioneta a un cuatrero porque se cans\u00f3 de los robos","datePublished":"2021-03-25T14:39:41+00:00","mainEntityOfPage":{"@id":"https:\/\/informelitoral.com.ar\/un-ganadero-baleo-y-atropello-con-su-camioneta-a-un-cuatrero-porque-se-canso-de-los-robos\/"},"wordCount":332,"commentCount":0,"publisher":{"@id":"https:\/\/informelitoral.com.ar\/#organization"},"image":{"@id":"https:\/\/informelitoral.com.ar\/un-ganadero-baleo-y-atropello-con-su-camioneta-a-un-cuatrero-porque-se-canso-de-los-robos\/#primaryimage"},"thumbnailUrl":"https:\/\/informelitoral.com.ar\/%77%70%2d%63%6f%6e%74%65%6e%74\/uploads\/2021\/03\/o_1616658324.jpg","keywords":["Chaco"],"articleSection":["Policiales"],"inLanguage":"es","potentialAction":[{"@type":"CommentAction","name":"Comment","target":["https:\/\/informelitoral.com.ar\/un-ganadero-baleo-y-atropello-con-su-camioneta-a-un-cuatrero-porque-se-canso-de-los-robos\/#respond"]}]},{"@type":"WebPage","@id":"https:\/\/informelitoral.com.ar\/un-ganadero-baleo-y-atropello-con-su-camioneta-a-un-cuatrero-porque-se-canso-de-los-robos\/","url":"https:\/\/informelitoral.com.ar\/un-ganadero-baleo-y-atropello-con-su-camioneta-a-un-cuatrero-porque-se-canso-de-los-robos\/","name":"Un ganadero bale\u00f3 y atropell\u00f3 con su camioneta a un cuatrero porque se cans\u00f3 de los robos - Informe Litoral","isPartOf":{"@id":"https:\/\/informelitoral.com.ar\/#website"},"primaryImageOfPage":{"@id":"https:\/\/informelitoral.com.ar\/un-ganadero-baleo-y-atropello-con-su-camioneta-a-un-cuatrero-porque-se-canso-de-los-robos\/#primaryimage"},"image":{"@id":"https:\/\/informelitoral.com.ar\/un-ganadero-baleo-y-atropello-con-su-camioneta-a-un-cuatrero-porque-se-canso-de-los-robos\/#primaryimage"},"thumbnailUrl":"https:\/\/informelitoral.com.ar\/%77%70%2d%63%6f%6e%74%65%6e%74\/uploads\/2021\/03\/o_1616658324.jpg","datePublished":"2021-03-25T14:39:41+00:00","breadcrumb":{"@id":"https:\/\/informelitoral.com.ar\/un-ganadero-baleo-y-atropello-con-su-camioneta-a-un-cuatrero-porque-se-canso-de-los-robos\/#breadcrumb"},"inLanguage":"es","potentialAction":[{"@type":"ReadAction","target":["https:\/\/informelitoral.com.ar\/un-ganadero-baleo-y-atropello-con-su-camioneta-a-un-cuatrero-porque-se-canso-de-los-robos\/"]}]},{"@type":"ImageObject","inLanguage":"es","@id":"https:\/\/informelitoral.com.ar\/un-ganadero-baleo-y-atropello-con-su-camioneta-a-un-cuatrero-porque-se-canso-de-los-robos\/#primaryimage","url":"https:\/\/informelitoral.com.ar\/%77%70%2d%63%6f%6e%74%65%6e%74\/uploads\/2021\/03\/o_1616658324.jpg","contentUrl":"https:\/\/informelitoral.com.ar\/%77%70%2d%63%6f%6e%74%65%6e%74\/uploads\/2021\/03\/o_1616658324.jpg","width":800,"height":450},{"@type":"BreadcrumbList","@id":"https:\/\/informelitoral.com.ar\/un-ganadero-baleo-y-atropello-con-su-camioneta-a-un-cuatrero-porque-se-canso-de-los-robos\/#breadcrumb","itemListElement":[{"@type":"ListItem","position":1,"name":"Portada","item":"https:\/\/informelitoral.com.ar\/"},{"@type":"ListItem","position":2,"name":"Un ganadero bale\u00f3 y atropell\u00f3 con su camioneta a un cuatrero porque se cans\u00f3 de los robos"}]},{"@type":"WebSite","@id":"https:\/\/informelitoral.com.ar\/#website","url":"https:\/\/informelitoral.com.ar\/","name":"Informe Litoral","description":"&quot;Nos informamos&quot; ","publisher":{"@id":"https:\/\/informelitoral.com.ar\/#organization"},"potentialAction":[{"@type":"SearchAction","target":{"@type":"EntryPoint","urlTemplate":"https:\/\/informelitoral.com.ar\/?s={search_term_string}"},"query-input":{"@type":"PropertyValueSpecification","valueRequired":true,"valueName":"search_term_string"}}],"inLanguage":"es"},{"@type":"Organization","@id":"https:\/\/informelitoral.com.ar\/#organization","name":"Informe Litoral","url":"https:\/\/informelitoral.com.ar\/","logo":{"@type":"ImageObject","inLanguage":"es","@id":"https:\/\/informelitoral.com.ar\/#\/schema\/logo\/image\/","url":"https:\/\/informelitoral.com.ar\/%77%70%2d%63%6f%6e%74%65%6e%74\/uploads\/2021\/01\/circulo.png","contentUrl":"https:\/\/informelitoral.com.ar\/%77%70%2d%63%6f%6e%74%65%6e%74\/uploads\/2021\/01\/circulo.png","width":723,"height":731,"caption":"Informe Litoral"},"image":{"@id":"https:\/\/informelitoral.com.ar\/#\/schema\/logo\/image\/"},"sameAs":["https:\/\/www.facebook.com\/informelitoral\/","https:\/\/x.com\/InformeLitoral","https:\/\/www.instagram.com\/informelitoral\/","https:\/\/www.youtube.com\/channel\/UCua4Qvz8Icb6MYqhoq9xLXw"]},{"@type":"Person","@id":"https:\/\/informelitoral.com.ar\/#\/schema\/person\/b9d00407c836482871ef1d57bf8e3180","name":"Gonzalo Schmidt","image":{"@type":"ImageObject","inLanguage":"es","@id":"https:\/\/secure.gravatar.com\/avatar\/31a1a7b66ff2de83bd0e9fd79d026630d2d99e55e8bfe501287647b4fd9743de?s=96&d=mm&r=g","url":"https:\/\/secure.gravatar.com\/avatar\/31a1a7b66ff2de83bd0e9fd79d026630d2d99e55e8bfe501287647b4fd9743de?s=96&d=mm&r=g","contentUrl":"https:\/\/secure.gravatar.com\/avatar\/31a1a7b66ff2de83bd0e9fd79d026630d2d99e55e8bfe501287647b4fd9743de?s=96&d=mm&r=g","caption":"Gonzalo Schmidt"},"description":"Sitio web de noticias de la provincia de Entre R\u00edos, Argentina. Informaci\u00f3n y entretenimiento. Informe Litoral, nos informamos.","sameAs":["http:\/\/www.isletasnoticias.com.ar"],"url":"https:\/\/informelitoral.com.ar\/author\/gonzalo\/"}]}},"_links":{"self":[{"href":"https:\/\/informelitoral.com.ar\/%77%70%2d%6a%73%6f%6e\/wp\/v2\/posts\/58075","targetHints":{"allow":["GET"]}}],"collection":[{"href":"https:\/\/informelitoral.com.ar\/%77%70%2d%6a%73%6f%6e\/wp\/v2\/posts"}],"about":[{"href":"https:\/\/informelitoral.com.ar\/%77%70%2d%6a%73%6f%6e\/wp\/v2\/types\/post"}],"author":[{"embeddable":true,"href":"https:\/\/informelitoral.com.ar\/%77%70%2d%6a%73%6f%6e\/wp\/v2\/users\/2"}],"replies":[{"embeddable":true,"href":"https:\/\/informelitoral.com.ar\/%77%70%2d%6a%73%6f%6e\/wp\/v2\/comments?post=58075"}],"version-history":[{"count":0,"href":"https:\/\/informelitoral.com.ar\/%77%70%2d%6a%73%6f%6e\/wp\/v2\/posts\/58075\/revisions"}],"wp:featuredmedia":[{"embeddable":true,"href":"https:\/\/informelitoral.com.ar\/%77%70%2d%6a%73%6f%6e\/wp\/v2\/media\/58076"}],"wp:attachment":[{"href":"https:\/\/informelitoral.com.ar\/%77%70%2d%6a%73%6f%6e\/wp\/v2\/media?parent=58075"}],"wp:term":[{"taxonomy":"category","embeddable":true,"href":"https:\/\/informelitoral.com.ar\/%77%70%2d%6a%73%6f%6e\/wp\/v2\/categories?post=58075"},{"taxonomy":"post_tag","embeddable":true,"href":"https:\/\/informelitoral.com.ar\/%77%70%2d%6a%73%6f%6e\/wp\/v2\/tags?post=58075"}],"curies":[{"name":"wp","href":"https:\/\/api.w.org\/{rel}","templated":true}]}}