{"id":58070,"date":"2021-03-25T07:32:52","date_gmt":"2021-03-25T10:32:52","guid":{"rendered":"https:\/\/www.informelitoral.com.ar\/?p=58070"},"modified":"2021-03-25T07:32:52","modified_gmt":"2021-03-25T10:32:52","slug":"hay-alerta-meteorologico-y-podria-llover-cerca-de-100-mm","status":"publish","type":"post","link":"https:\/\/informelitoral.com.ar\/hay-alerta-meteorologico-y-podria-llover-cerca-de-100-mm\/","title":{"rendered":"Hay alerta meteorol\u00f3gico y podr\u00eda llover cerca de 100 mm"},"content":{"rendered":"<p>Una destacada situaci\u00f3n de mal tiempo se desarrollar\u00e1 como consecuencia del\u00a0<strong>encuentro de un frente fr\u00edo con un frente c\u00e1lido en la franja central del pa\u00eds. Esta frontog\u00e9nesis<\/strong>, dejar\u00e1 lluvias y tormentas en amplios sectores de Cuyo, regi\u00f3n pampeana y sur del Litoral.<\/p>\n<p>El meteor\u00f3logo Christian Garavaglia adelant\u00f3 que en C\u00f3rdoba inicialmente, desde la madrugada de jueves, podr\u00e1n producirse tormentas localmente fuertes que luego se desplazar\u00e1n al este.<\/p>\n<p>Esta \u00e1rea de inestabilidad se potenciar\u00e1 sobre el sur del Litoral a lo largo del d\u00eda,\u00a0<strong>regenerando lluvias y tormentas que afectar\u00e1n al sur de Santa Fe, sur de Entre R\u00edos y norte de la provincia de Buenos Aires<\/strong>\u00a0en donde se esperan los fen\u00f3menos m\u00e1s destacados. Las tormentas podr\u00e1n ser localmente fuertes a severas, con acumulados de lluvia significativos.<\/p>\n<p>Seg\u00fan distintos modelos de pron\u00f3stico,\u00a0<strong>el \u00e1rea comprendida por las ciudades de Rosario, Gualeguaych\u00fa y San Nicol\u00e1s de los Arroyos podr\u00eda presentar los m\u00e1ximos de lluvia a lo largo del jueves, con picos superiores a los 100 mm que podr\u00edan traer complicaciones<\/strong>.<\/p>\n<p><strong>La inestabilidad en la regi\u00f3n va a persistir al menos hasta el pr\u00f3ximo domingo<\/strong>, se\u00f1ala el especialista en\u00a0<em>Meteored<\/em>.<\/p>\n<p><strong style=\"text-align: center; color: #111111; font-family: Roboto, sans-serif; font-size: 27px;\">Alerta naranja<\/strong><\/p>\n<figure class=\"wp-block-image size-large\"><img loading=\"lazy\" decoding=\"async\" class=\"wp-image-87838\" src=\"https:\/\/i2.wp.com\/www.entremediosweb.com\/v2\/%77%70%2d%63%6f%6e%74%65%6e%74\/uploads\/2021\/03\/o_1616623429.jpg?resize=708%2C398&amp;ssl=1\" sizes=\"auto, (max-width: 708px) 100vw, 708px\" srcset=\"https:\/\/i2.wp.com\/www.entremediosweb.com\/v2\/%77%70%2d%63%6f%6e%74%65%6e%74\/uploads\/2021\/03\/o_1616623429.jpg?w=800&amp;ssl=1 800w, https:\/\/i2.wp.com\/www.entremediosweb.com\/v2\/%77%70%2d%63%6f%6e%74%65%6e%74\/uploads\/2021\/03\/o_1616623429.jpg?resize=300%2C169&amp;ssl=1 300w, https:\/\/i2.wp.com\/www.entremediosweb.com\/v2\/%77%70%2d%63%6f%6e%74%65%6e%74\/uploads\/2021\/03\/o_1616623429.jpg?resize=768%2C432&amp;ssl=1 768w, https:\/\/i2.wp.com\/www.entremediosweb.com\/v2\/%77%70%2d%63%6f%6e%74%65%6e%74\/uploads\/2021\/03\/o_1616623429.jpg?resize=390%2C220&amp;ssl=1 390w\" alt=\"\" width=\"708\" height=\"398\" data-attachment-id=\"87838\" data-permalink=\"https:\/\/www.entremediosweb.com\/v2\/frontogenesis-el-fenomeno-que-podria-dejar-lluvias-cercanas-a-los-100-mm\/o_1616623429\/\" data-orig-file=\"https:\/\/i2.wp.com\/www.entremediosweb.com\/v2\/%77%70%2d%63%6f%6e%74%65%6e%74\/uploads\/2021\/03\/o_1616623429.jpg?fit=800%2C450&amp;ssl=1\" data-orig-size=\"800,450\" data-comments-opened=\"0\" data-image-meta=\"{&quot;aperture&quot;:&quot;0&quot;,&quot;credit&quot;:&quot;&quot;,&quot;camera&quot;:&quot;&quot;,&quot;caption&quot;:&quot;&quot;,&quot;created_timestamp&quot;:&quot;0&quot;,&quot;copyright&quot;:&quot;&quot;,&quot;focal_length&quot;:&quot;0&quot;,&quot;iso&quot;:&quot;0&quot;,&quot;shutter_speed&quot;:&quot;0&quot;,&quot;title&quot;:&quot;&quot;,&quot;orientation&quot;:&quot;0&quot;}\" data-image-title=\"o_1616623429\" data-image-description=\"\" data-medium-file=\"https:\/\/i2.wp.com\/www.entremediosweb.com\/v2\/%77%70%2d%63%6f%6e%74%65%6e%74\/uploads\/2021\/03\/o_1616623429.jpg?fit=300%2C169&amp;ssl=1\" data-large-file=\"https:\/\/i2.wp.com\/www.entremediosweb.com\/v2\/%77%70%2d%63%6f%6e%74%65%6e%74\/uploads\/2021\/03\/o_1616623429.jpg?fit=708%2C398&amp;ssl=1\" data-recalc-dims=\"1\" \/><\/figure>\n<p>En tanto, el\u00a0Servicio Meteorol\u00f3gico Nacional -SMN-\u00a0elev\u00f3 este mi\u00e9rcoles por la tarde a\u00a0<strong>\u201cnaranja \u201cel nivel de alerta por tormentas<\/strong>\u00a0en gran parte de Entre R\u00edos y otras provincias, las cuales\u00a0<strong>se producir\u00edan el jueves<\/strong>.<\/p>\n<p>En tal sentido, desde el organismo instan a la ciudadan\u00eda a \u201cprepararse\u201d porque \u201cse esperan\u00a0<strong>fen\u00f3menos meteorol\u00f3gicos peligrosos para la sociedad, la vida, los bienes y el medio ambiente\u201d<\/strong>.<\/p>\n<p>La advertencia abarca a\u00a0<strong>toda nuestra provincia, salvo el sector noreste que sigue en alerta amarilla<\/strong>. Adem\u00e1s, los fen\u00f3menos m\u00e1s fuertes se producir\u00edan tambi\u00e9n en\u00a0<strong>el centro-sur de Santa Fe y una porci\u00f3n de C\u00f3rdoba.<\/strong><\/p>\n<p>Se alerta que durante este jueves \u201cel \u00e1rea ser\u00e1 afectada por\u00a0<strong>tormentas, las cuales podr\u00e1n presentar intensidad fuerte a severa, con fuerte actividad el\u00e9ctrica, intensas r\u00e1fagas, ca\u00edda de granizo, y abundante ca\u00edda de agua<\/strong>\u00a0en cortos periodos\u201d.<\/p>\n<p>Se esperan \u201cvalores de precipitaci\u00f3n acumulada entre\u00a0<strong>30 y 90 mil\u00edmetros<\/strong>, pudiendo ser superados de forma puntual\u201d.<\/p>\n","protected":false},"excerpt":{"rendered":"<p>Advierten que en el sur del Litoral, incluida una zona de Entre R\u00edos, las tormentas podr\u00e1n ser localmente severas. El mal tiempo podr\u00eda continua hasta el fin de semana inclusive.<\/p>\n","protected":false},"author":2,"featured_media":56032,"comment_status":"open","ping_status":"open","sticky":false,"template":"","format":"standard","meta":{"fifu_image_url":"","fifu_image_alt":"","footnotes":""},"categories":[6],"tags":[1557,38,113],"class_list":{"0":"post-58070","1":"post","2":"type-post","3":"status-publish","4":"format-standard","5":"has-post-thumbnail","7":"category-entre-rios","8":"tag-alerta-meteorologico","9":"tag-el-tiempo","10":"tag-smn"},"yoast_head":"<title>Hay alerta meteorol\u00f3gico y podr\u00eda llover cerca de 100 mm - Informe Litoral<\/title>\n<meta name=\"robots\" content=\"index, follow, max-snippet:-1, max-image-preview:large, max-video-preview:-1\" \/>\n<link rel=\"canonical\" href=\"https:\/\/informelitoral.com.ar\/hay-alerta-meteorologico-y-podria-llover-cerca-de-100-mm\/\" \/>\n<meta property=\"og:locale\" content=\"es_ES\" \/>\n<meta property=\"og:type\" content=\"article\" \/>\n<meta property=\"og:title\" content=\"Hay alerta meteorol\u00f3gico y podr\u00eda llover cerca de 100 mm - Informe Litoral\" \/>\n<meta property=\"og:description\" content=\"Advierten que en el sur del Litoral, incluida una zona de Entre R\u00edos, las tormentas podr\u00e1n ser localmente severas. El mal tiempo podr\u00eda continua hasta el fin de semana inclusive.\" \/>\n<meta property=\"og:url\" content=\"https:\/\/informelitoral.com.ar\/hay-alerta-meteorologico-y-podria-llover-cerca-de-100-mm\/\" \/>\n<meta property=\"og:site_name\" content=\"Informe Litoral\" \/>\n<meta property=\"article:publisher\" content=\"https:\/\/www.facebook.com\/informelitoral\/\" \/>\n<meta property=\"article:published_time\" content=\"2021-03-25T10:32:52+00:00\" \/>\n<meta property=\"og:image\" content=\"https:\/\/informelitoral.com.ar\/%77%70%2d%63%6f%6e%74%65%6e%74\/uploads\/2021\/01\/alerta-por-tormentas.jpg\" \/>\n\t<meta property=\"og:image:width\" content=\"1004\" \/>\n\t<meta property=\"og:image:height\" content=\"565\" \/>\n\t<meta property=\"og:image:type\" content=\"image\/jpeg\" \/>\n<meta name=\"author\" content=\"Gonzalo Schmidt\" \/>\n<meta name=\"twitter:card\" content=\"summary_large_image\" \/>\n<meta name=\"twitter:creator\" content=\"@InformeLitoral\" \/>\n<meta name=\"twitter:site\" content=\"@InformeLitoral\" \/>\n<meta name=\"twitter:label1\" content=\"Escrito por\" \/>\n\t<meta name=\"twitter:data1\" content=\"Gonzalo Schmidt\" \/>\n\t<meta name=\"twitter:label2\" content=\"Tiempo de lectura\" \/>\n\t<meta name=\"twitter:data2\" content=\"2 minutos\" \/>\n<script type=\"application\/ld+json\" class=\"yoast-schema-graph\">{\"@context\":\"https:\\\/\\\/schema.org\",\"@graph\":[{\"@type\":\"Article\",\"@id\":\"https:\\\/\\\/informelitoral.com.ar\\\/hay-alerta-meteorologico-y-podria-llover-cerca-de-100-mm\\\/#article\",\"isPartOf\":{\"@id\":\"https:\\\/\\\/informelitoral.com.ar\\\/hay-alerta-meteorologico-y-podria-llover-cerca-de-100-mm\\\/\"},\"author\":{\"name\":\"Gonzalo Schmidt\",\"@id\":\"https:\\\/\\\/informelitoral.com.ar\\\/#\\\/schema\\\/person\\\/b9d00407c836482871ef1d57bf8e3180\"},\"headline\":\"Hay alerta meteorol\u00f3gico y podr\u00eda llover cerca de 100 mm\",\"datePublished\":\"2021-03-25T10:32:52+00:00\",\"mainEntityOfPage\":{\"@id\":\"https:\\\/\\\/informelitoral.com.ar\\\/hay-alerta-meteorologico-y-podria-llover-cerca-de-100-mm\\\/\"},\"wordCount\":399,\"commentCount\":0,\"publisher\":{\"@id\":\"https:\\\/\\\/informelitoral.com.ar\\\/#organization\"},\"image\":{\"@id\":\"https:\\\/\\\/informelitoral.com.ar\\\/hay-alerta-meteorologico-y-podria-llover-cerca-de-100-mm\\\/#primaryimage\"},\"thumbnailUrl\":\"https:\\\/\\\/informelitoral.com.ar\\\/%77%70%2d%63%6f%6e%74%65%6e%74\\\/uploads\\\/2021\\\/01\\\/alerta-por-tormentas.jpg\",\"keywords\":[\"Alerta meteorol\u00f3gico\",\"El tiempo\",\"SMN\"],\"articleSection\":[\"Entre R\u00edos\"],\"inLanguage\":\"es\",\"potentialAction\":[{\"@type\":\"CommentAction\",\"name\":\"Comment\",\"target\":[\"https:\\\/\\\/informelitoral.com.ar\\\/hay-alerta-meteorologico-y-podria-llover-cerca-de-100-mm\\\/#respond\"]}]},{\"@type\":\"WebPage\",\"@id\":\"https:\\\/\\\/informelitoral.com.ar\\\/hay-alerta-meteorologico-y-podria-llover-cerca-de-100-mm\\\/\",\"url\":\"https:\\\/\\\/informelitoral.com.ar\\\/hay-alerta-meteorologico-y-podria-llover-cerca-de-100-mm\\\/\",\"name\":\"Hay alerta meteorol\u00f3gico y podr\u00eda llover cerca de 100 mm - Informe Litoral\",\"isPartOf\":{\"@id\":\"https:\\\/\\\/informelitoral.com.ar\\\/#website\"},\"primaryImageOfPage\":{\"@id\":\"https:\\\/\\\/informelitoral.com.ar\\\/hay-alerta-meteorologico-y-podria-llover-cerca-de-100-mm\\\/#primaryimage\"},\"image\":{\"@id\":\"https:\\\/\\\/informelitoral.com.ar\\\/hay-alerta-meteorologico-y-podria-llover-cerca-de-100-mm\\\/#primaryimage\"},\"thumbnailUrl\":\"https:\\\/\\\/informelitoral.com.ar\\\/%77%70%2d%63%6f%6e%74%65%6e%74\\\/uploads\\\/2021\\\/01\\\/alerta-por-tormentas.jpg\",\"datePublished\":\"2021-03-25T10:32:52+00:00\",\"breadcrumb\":{\"@id\":\"https:\\\/\\\/informelitoral.com.ar\\\/hay-alerta-meteorologico-y-podria-llover-cerca-de-100-mm\\\/#breadcrumb\"},\"inLanguage\":\"es\",\"potentialAction\":[{\"@type\":\"ReadAction\",\"target\":[\"https:\\\/\\\/informelitoral.com.ar\\\/hay-alerta-meteorologico-y-podria-llover-cerca-de-100-mm\\\/\"]}]},{\"@type\":\"ImageObject\",\"inLanguage\":\"es\",\"@id\":\"https:\\\/\\\/informelitoral.com.ar\\\/hay-alerta-meteorologico-y-podria-llover-cerca-de-100-mm\\\/#primaryimage\",\"url\":\"https:\\\/\\\/informelitoral.com.ar\\\/%77%70%2d%63%6f%6e%74%65%6e%74\\\/uploads\\\/2021\\\/01\\\/alerta-por-tormentas.jpg\",\"contentUrl\":\"https:\\\/\\\/informelitoral.com.ar\\\/%77%70%2d%63%6f%6e%74%65%6e%74\\\/uploads\\\/2021\\\/01\\\/alerta-por-tormentas.jpg\",\"width\":1004,\"height\":565,\"caption\":\"Imagen ilustrativa.\"},{\"@type\":\"BreadcrumbList\",\"@id\":\"https:\\\/\\\/informelitoral.com.ar\\\/hay-alerta-meteorologico-y-podria-llover-cerca-de-100-mm\\\/#breadcrumb\",\"itemListElement\":[{\"@type\":\"ListItem\",\"position\":1,\"name\":\"Portada\",\"item\":\"https:\\\/\\\/informelitoral.com.ar\\\/\"},{\"@type\":\"ListItem\",\"position\":2,\"name\":\"Hay alerta meteorol\u00f3gico y podr\u00eda llover cerca de 100 mm\"}]},{\"@type\":\"WebSite\",\"@id\":\"https:\\\/\\\/informelitoral.com.ar\\\/#website\",\"url\":\"https:\\\/\\\/informelitoral.com.ar\\\/\",\"name\":\"Informe Litoral\",\"description\":\"&quot;Nos informamos&quot; \",\"publisher\":{\"@id\":\"https:\\\/\\\/informelitoral.com.ar\\\/#organization\"},\"potentialAction\":[{\"@type\":\"SearchAction\",\"target\":{\"@type\":\"EntryPoint\",\"urlTemplate\":\"https:\\\/\\\/informelitoral.com.ar\\\/?s={search_term_string}\"},\"query-input\":{\"@type\":\"PropertyValueSpecification\",\"valueRequired\":true,\"valueName\":\"search_term_string\"}}],\"inLanguage\":\"es\"},{\"@type\":\"Organization\",\"@id\":\"https:\\\/\\\/informelitoral.com.ar\\\/#organization\",\"name\":\"Informe Litoral\",\"url\":\"https:\\\/\\\/informelitoral.com.ar\\\/\",\"logo\":{\"@type\":\"ImageObject\",\"inLanguage\":\"es\",\"@id\":\"https:\\\/\\\/informelitoral.com.ar\\\/#\\\/schema\\\/logo\\\/image\\\/\",\"url\":\"https:\\\/\\\/informelitoral.com.ar\\\/%77%70%2d%63%6f%6e%74%65%6e%74\\\/uploads\\\/2021\\\/01\\\/circulo.png\",\"contentUrl\":\"https:\\\/\\\/informelitoral.com.ar\\\/%77%70%2d%63%6f%6e%74%65%6e%74\\\/uploads\\\/2021\\\/01\\\/circulo.png\",\"width\":723,\"height\":731,\"caption\":\"Informe Litoral\"},\"image\":{\"@id\":\"https:\\\/\\\/informelitoral.com.ar\\\/#\\\/schema\\\/logo\\\/image\\\/\"},\"sameAs\":[\"https:\\\/\\\/www.facebook.com\\\/informelitoral\\\/\",\"https:\\\/\\\/x.com\\\/InformeLitoral\",\"https:\\\/\\\/www.instagram.com\\\/informelitoral\\\/\",\"https:\\\/\\\/www.youtube.com\\\/channel\\\/UCua4Qvz8Icb6MYqhoq9xLXw\"]},{\"@type\":\"Person\",\"@id\":\"https:\\\/\\\/informelitoral.com.ar\\\/#\\\/schema\\\/person\\\/b9d00407c836482871ef1d57bf8e3180\",\"name\":\"Gonzalo Schmidt\",\"image\":{\"@type\":\"ImageObject\",\"inLanguage\":\"es\",\"@id\":\"https:\\\/\\\/secure.gravatar.com\\\/avatar\\\/31a1a7b66ff2de83bd0e9fd79d026630d2d99e55e8bfe501287647b4fd9743de?s=96&d=mm&r=g\",\"url\":\"https:\\\/\\\/secure.gravatar.com\\\/avatar\\\/31a1a7b66ff2de83bd0e9fd79d026630d2d99e55e8bfe501287647b4fd9743de?s=96&d=mm&r=g\",\"contentUrl\":\"https:\\\/\\\/secure.gravatar.com\\\/avatar\\\/31a1a7b66ff2de83bd0e9fd79d026630d2d99e55e8bfe501287647b4fd9743de?s=96&d=mm&r=g\",\"caption\":\"Gonzalo Schmidt\"},\"description\":\"Sitio web de noticias de la provincia de Entre R\u00edos, Argentina. Informaci\u00f3n y entretenimiento. Informe Litoral, nos informamos.\",\"sameAs\":[\"http:\\\/\\\/www.isletasnoticias.com.ar\"],\"url\":\"https:\\\/\\\/informelitoral.com.ar\\\/author\\\/gonzalo\\\/\"}]}<\/script>","yoast_head_json":{"title":"Hay alerta meteorol\u00f3gico y podr\u00eda llover cerca de 100 mm - Informe Litoral","robots":{"index":"index","follow":"follow","max-snippet":"max-snippet:-1","max-image-preview":"max-image-preview:large","max-video-preview":"max-video-preview:-1"},"canonical":"https:\/\/informelitoral.com.ar\/hay-alerta-meteorologico-y-podria-llover-cerca-de-100-mm\/","og_locale":"es_ES","og_type":"article","og_title":"Hay alerta meteorol\u00f3gico y podr\u00eda llover cerca de 100 mm - Informe Litoral","og_description":"Advierten que en el sur del Litoral, incluida una zona de Entre R\u00edos, las tormentas podr\u00e1n ser localmente severas. El mal tiempo podr\u00eda continua hasta el fin de semana inclusive.","og_url":"https:\/\/informelitoral.com.ar\/hay-alerta-meteorologico-y-podria-llover-cerca-de-100-mm\/","og_site_name":"Informe Litoral","article_publisher":"https:\/\/www.facebook.com\/informelitoral\/","article_published_time":"2021-03-25T10:32:52+00:00","og_image":[{"width":1004,"height":565,"url":"https:\/\/informelitoral.com.ar\/%77%70%2d%63%6f%6e%74%65%6e%74\/uploads\/2021\/01\/alerta-por-tormentas.jpg","type":"image\/jpeg"}],"author":"Gonzalo Schmidt","twitter_card":"summary_large_image","twitter_creator":"@InformeLitoral","twitter_site":"@InformeLitoral","twitter_misc":{"Escrito por":"Gonzalo Schmidt","Tiempo de lectura":"2 minutos"},"schema":{"@context":"https:\/\/schema.org","@graph":[{"@type":"Article","@id":"https:\/\/informelitoral.com.ar\/hay-alerta-meteorologico-y-podria-llover-cerca-de-100-mm\/#article","isPartOf":{"@id":"https:\/\/informelitoral.com.ar\/hay-alerta-meteorologico-y-podria-llover-cerca-de-100-mm\/"},"author":{"name":"Gonzalo Schmidt","@id":"https:\/\/informelitoral.com.ar\/#\/schema\/person\/b9d00407c836482871ef1d57bf8e3180"},"headline":"Hay alerta meteorol\u00f3gico y podr\u00eda llover cerca de 100 mm","datePublished":"2021-03-25T10:32:52+00:00","mainEntityOfPage":{"@id":"https:\/\/informelitoral.com.ar\/hay-alerta-meteorologico-y-podria-llover-cerca-de-100-mm\/"},"wordCount":399,"commentCount":0,"publisher":{"@id":"https:\/\/informelitoral.com.ar\/#organization"},"image":{"@id":"https:\/\/informelitoral.com.ar\/hay-alerta-meteorologico-y-podria-llover-cerca-de-100-mm\/#primaryimage"},"thumbnailUrl":"https:\/\/informelitoral.com.ar\/%77%70%2d%63%6f%6e%74%65%6e%74\/uploads\/2021\/01\/alerta-por-tormentas.jpg","keywords":["Alerta meteorol\u00f3gico","El tiempo","SMN"],"articleSection":["Entre R\u00edos"],"inLanguage":"es","potentialAction":[{"@type":"CommentAction","name":"Comment","target":["https:\/\/informelitoral.com.ar\/hay-alerta-meteorologico-y-podria-llover-cerca-de-100-mm\/#respond"]}]},{"@type":"WebPage","@id":"https:\/\/informelitoral.com.ar\/hay-alerta-meteorologico-y-podria-llover-cerca-de-100-mm\/","url":"https:\/\/informelitoral.com.ar\/hay-alerta-meteorologico-y-podria-llover-cerca-de-100-mm\/","name":"Hay alerta meteorol\u00f3gico y podr\u00eda llover cerca de 100 mm - Informe Litoral","isPartOf":{"@id":"https:\/\/informelitoral.com.ar\/#website"},"primaryImageOfPage":{"@id":"https:\/\/informelitoral.com.ar\/hay-alerta-meteorologico-y-podria-llover-cerca-de-100-mm\/#primaryimage"},"image":{"@id":"https:\/\/informelitoral.com.ar\/hay-alerta-meteorologico-y-podria-llover-cerca-de-100-mm\/#primaryimage"},"thumbnailUrl":"https:\/\/informelitoral.com.ar\/%77%70%2d%63%6f%6e%74%65%6e%74\/uploads\/2021\/01\/alerta-por-tormentas.jpg","datePublished":"2021-03-25T10:32:52+00:00","breadcrumb":{"@id":"https:\/\/informelitoral.com.ar\/hay-alerta-meteorologico-y-podria-llover-cerca-de-100-mm\/#breadcrumb"},"inLanguage":"es","potentialAction":[{"@type":"ReadAction","target":["https:\/\/informelitoral.com.ar\/hay-alerta-meteorologico-y-podria-llover-cerca-de-100-mm\/"]}]},{"@type":"ImageObject","inLanguage":"es","@id":"https:\/\/informelitoral.com.ar\/hay-alerta-meteorologico-y-podria-llover-cerca-de-100-mm\/#primaryimage","url":"https:\/\/informelitoral.com.ar\/%77%70%2d%63%6f%6e%74%65%6e%74\/uploads\/2021\/01\/alerta-por-tormentas.jpg","contentUrl":"https:\/\/informelitoral.com.ar\/%77%70%2d%63%6f%6e%74%65%6e%74\/uploads\/2021\/01\/alerta-por-tormentas.jpg","width":1004,"height":565,"caption":"Imagen ilustrativa."},{"@type":"BreadcrumbList","@id":"https:\/\/informelitoral.com.ar\/hay-alerta-meteorologico-y-podria-llover-cerca-de-100-mm\/#breadcrumb","itemListElement":[{"@type":"ListItem","position":1,"name":"Portada","item":"https:\/\/informelitoral.com.ar\/"},{"@type":"ListItem","position":2,"name":"Hay alerta meteorol\u00f3gico y podr\u00eda llover cerca de 100 mm"}]},{"@type":"WebSite","@id":"https:\/\/informelitoral.com.ar\/#website","url":"https:\/\/informelitoral.com.ar\/","name":"Informe Litoral","description":"&quot;Nos informamos&quot; ","publisher":{"@id":"https:\/\/informelitoral.com.ar\/#organization"},"potentialAction":[{"@type":"SearchAction","target":{"@type":"EntryPoint","urlTemplate":"https:\/\/informelitoral.com.ar\/?s={search_term_string}"},"query-input":{"@type":"PropertyValueSpecification","valueRequired":true,"valueName":"search_term_string"}}],"inLanguage":"es"},{"@type":"Organization","@id":"https:\/\/informelitoral.com.ar\/#organization","name":"Informe Litoral","url":"https:\/\/informelitoral.com.ar\/","logo":{"@type":"ImageObject","inLanguage":"es","@id":"https:\/\/informelitoral.com.ar\/#\/schema\/logo\/image\/","url":"https:\/\/informelitoral.com.ar\/%77%70%2d%63%6f%6e%74%65%6e%74\/uploads\/2021\/01\/circulo.png","contentUrl":"https:\/\/informelitoral.com.ar\/%77%70%2d%63%6f%6e%74%65%6e%74\/uploads\/2021\/01\/circulo.png","width":723,"height":731,"caption":"Informe Litoral"},"image":{"@id":"https:\/\/informelitoral.com.ar\/#\/schema\/logo\/image\/"},"sameAs":["https:\/\/www.facebook.com\/informelitoral\/","https:\/\/x.com\/InformeLitoral","https:\/\/www.instagram.com\/informelitoral\/","https:\/\/www.youtube.com\/channel\/UCua4Qvz8Icb6MYqhoq9xLXw"]},{"@type":"Person","@id":"https:\/\/informelitoral.com.ar\/#\/schema\/person\/b9d00407c836482871ef1d57bf8e3180","name":"Gonzalo Schmidt","image":{"@type":"ImageObject","inLanguage":"es","@id":"https:\/\/secure.gravatar.com\/avatar\/31a1a7b66ff2de83bd0e9fd79d026630d2d99e55e8bfe501287647b4fd9743de?s=96&d=mm&r=g","url":"https:\/\/secure.gravatar.com\/avatar\/31a1a7b66ff2de83bd0e9fd79d026630d2d99e55e8bfe501287647b4fd9743de?s=96&d=mm&r=g","contentUrl":"https:\/\/secure.gravatar.com\/avatar\/31a1a7b66ff2de83bd0e9fd79d026630d2d99e55e8bfe501287647b4fd9743de?s=96&d=mm&r=g","caption":"Gonzalo Schmidt"},"description":"Sitio web de noticias de la provincia de Entre R\u00edos, Argentina. Informaci\u00f3n y entretenimiento. Informe Litoral, nos informamos.","sameAs":["http:\/\/www.isletasnoticias.com.ar"],"url":"https:\/\/informelitoral.com.ar\/author\/gonzalo\/"}]}},"_links":{"self":[{"href":"https:\/\/informelitoral.com.ar\/%77%70%2d%6a%73%6f%6e\/wp\/v2\/posts\/58070","targetHints":{"allow":["GET"]}}],"collection":[{"href":"https:\/\/informelitoral.com.ar\/%77%70%2d%6a%73%6f%6e\/wp\/v2\/posts"}],"about":[{"href":"https:\/\/informelitoral.com.ar\/%77%70%2d%6a%73%6f%6e\/wp\/v2\/types\/post"}],"author":[{"embeddable":true,"href":"https:\/\/informelitoral.com.ar\/%77%70%2d%6a%73%6f%6e\/wp\/v2\/users\/2"}],"replies":[{"embeddable":true,"href":"https:\/\/informelitoral.com.ar\/%77%70%2d%6a%73%6f%6e\/wp\/v2\/comments?post=58070"}],"version-history":[{"count":0,"href":"https:\/\/informelitoral.com.ar\/%77%70%2d%6a%73%6f%6e\/wp\/v2\/posts\/58070\/revisions"}],"wp:featuredmedia":[{"embeddable":true,"href":"https:\/\/informelitoral.com.ar\/%77%70%2d%6a%73%6f%6e\/wp\/v2\/media\/56032"}],"wp:attachment":[{"href":"https:\/\/informelitoral.com.ar\/%77%70%2d%6a%73%6f%6e\/wp\/v2\/media?parent=58070"}],"wp:term":[{"taxonomy":"category","embeddable":true,"href":"https:\/\/informelitoral.com.ar\/%77%70%2d%6a%73%6f%6e\/wp\/v2\/categories?post=58070"},{"taxonomy":"post_tag","embeddable":true,"href":"https:\/\/informelitoral.com.ar\/%77%70%2d%6a%73%6f%6e\/wp\/v2\/tags?post=58070"}],"curies":[{"name":"wp","href":"https:\/\/api.w.org\/{rel}","templated":true}]}}