{"id":58051,"date":"2021-03-24T11:08:16","date_gmt":"2021-03-24T14:08:16","guid":{"rendered":"https:\/\/www.informelitoral.com.ar\/?p=58051"},"modified":"2021-03-24T11:08:16","modified_gmt":"2021-03-24T14:08:16","slug":"advierten-que-si-aumentan-los-casos-de-coronavirus-habra-restricciones-a-la-circulacion","status":"publish","type":"post","link":"https:\/\/informelitoral.com.ar\/advierten-que-si-aumentan-los-casos-de-coronavirus-habra-restricciones-a-la-circulacion\/","title":{"rendered":"Advierten que si aumentan los casos de coronavirus habr\u00e1 restricciones a la circulaci\u00f3n"},"content":{"rendered":"<p>La ministra de Salud,\u00a0<strong>Carla Vizzotti<\/strong>, asegur\u00f3 que si los casos de\u00a0coronavirus\u00a0aumentan de forma acelerada se tomar\u00e1n medidas \u00abtempranas\u00bb para evitar un rebrote que derive en una situaci\u00f3n de colapso del sistema sanitario, adem\u00e1s de prevenir la mayor cantidad de muertes.<\/p>\n<p>En ese sentido,\u00a0sostuvo que se aplicar\u00e1n restricciones por franjas horarias, pero asegur\u00f3 que<strong>\u00a0no volver\u00eda a instalarse una cuarentena total<\/strong>,\u00a0que implique el cierre casi completo de la econom\u00eda y la limitaci\u00f3n nuevamente de salir a trabajar y a la calle.<\/p>\n<p>En declaraciones a\u00a0<em>Radio La Red<strong>,<\/strong><\/em>\u00a0la titular de la cartera sanitaria afirm\u00f3 que \u00abla mayor\u00eda de la poblaci\u00f3n est\u00e1 muy atenta a la situaci\u00f3n epidemiol\u00f3gica y atenta a las recomendaciones\u00bb. Por eso, dijo,<strong>\u00a0\u00abs\u00ed apuntamos que si hay un aumento de casos, tomaremos medidas y lo m\u00e1s tempranamente posible, antes del aceleramiento del aumento de contagios, y no apuntar a un confinamiento\u00bb.<\/strong><\/p>\n<p>\u00abEstamos en una situaci\u00f3n de alerta no s\u00f3lo por la Argentina sino por una situaci\u00f3n global, en especial Brasil, Chile y Paraguay. En el pa\u00eds, las provincias densamente pobladas han tenido un aumento importante de casos y estamos analizando c\u00f3mo evolucionan en los pr\u00f3ximos d\u00edas. Por eso, pedimos reforzar los cuidados como lavarse las manos y usar tapabocas siempre para disminuir la transmisi\u00f3n y atrasar la mayor cantidad de nuevos casos mientras avanzamos con la inmunizaci\u00f3n de los grupos de riesgo\u00bb, se\u00f1al\u00f3 Vizzotti.<\/p>\n<p>Y remarc\u00f3: \u00abNosotros apuntamos a que con todo lo que se conoce del virus y la experiencia de gesti\u00f3n de las 24 jurisdicciones podamos atrasar lo m\u00e1s posible un nuevo rebrote del virus\u00bb.<\/p>\n<blockquote class=\"twitter-tweet\" data-width=\"550\" data-dnt=\"true\">\n<p lang=\"es\" dir=\"ltr\">?? <a href=\"https:\/\/twitter.com\/hashtag\/Vilouta910?src=hash&amp;ref_src=twsrc%5Etfw\">#Vilouta910<\/a> | <a href=\"https:\/\/twitter.com\/carlavizzotti?ref_src=twsrc%5Etfw\">@carlavizzotti<\/a>, ministra de <a href=\"https:\/\/twitter.com\/msalnacion?ref_src=twsrc%5Etfw\">@msalnacion<\/a>, habl\u00f3 con <a href=\"https:\/\/twitter.com\/pviloutaoficial?ref_src=twsrc%5Etfw\">@pviloutaoficial<\/a> y <a href=\"https:\/\/twitter.com\/MarianaContar?ref_src=twsrc%5Etfw\">@MarianaContar<\/a> de las medidas que se tomar\u00edan para evitar el ingreso de las nuevas cepas, asegur\u00f3 que &quot;no hay vacunatorio VIP&quot;, y destac\u00f3 el plan de vacunaci\u00f3n. <a href=\"https:\/\/t.co\/pkCcXfIEGw\">https:\/\/t.co\/pkCcXfIEGw<\/a> <a href=\"https:\/\/t.co\/DZgqzkzsKC\">pic.twitter.com\/DZgqzkzsKC<\/a><\/p>\n<p>&mdash; Radio La Red AM 910 (@radiolared) <a href=\"https:\/\/twitter.com\/radiolared\/status\/1374695646515625987?ref_src=twsrc%5Etfw\">March 24, 2021<\/a><\/p><\/blockquote>\n<p><script async src=\"https:\/\/platform.twitter.com\/widgets.js\" charset=\"utf-8\"><\/script><\/p>\n<p>Respecto de las nuevas medidas restrictivas para los argentinos que viajen al exterior, se\u00f1al\u00f3 que el PCR pago est\u00e1n trabajando para \u00abpoder implementarlo antes de Semana Santa\u00bb, donde habr\u00e1 mayor circulaci\u00f3n de turistas.<\/p>\n<p>Sobre la vacunaci\u00f3n,\u00a0<strong>subray\u00f3 que se dar\u00e1n las dos dosis de vacunas, pero se diferir\u00e1 la segunda dosis \u00abalgunos meses\u00bb.<\/strong>\u00a0\u00abMa\u00f1ana jueves con las provincias se definir\u00e1 el tiempo de ventana entre dosis\u00bb, dijo y record\u00f3 que retrasar la segunda aplicaci\u00f3n \u00abredunda en un beneficio\u00bb para la persona porque \u00abse comprob\u00f3 que adquiere mayor inmunizaci\u00f3n la primera dosis con el tiempo\u00bb.<\/p>\n","protected":false},"excerpt":{"rendered":"<p>La ministra de Salud de la Naci\u00f3n dijo que ante un posible rebrote aplicar\u00e1n limitaciones horarias, pero descart\u00f3 una cuarentena total.<\/p>\n","protected":false},"author":2,"featured_media":58052,"comment_status":"open","ping_status":"open","sticky":false,"template":"","format":"standard","meta":{"fifu_image_url":"","fifu_image_alt":"","footnotes":""},"categories":[7],"tags":[1426,1481],"class_list":{"0":"post-58051","1":"post","2":"type-post","3":"status-publish","4":"format-standard","5":"has-post-thumbnail","7":"category-nacionales","8":"tag-coronavirus","9":"tag-covid-19"},"yoast_head":"<title>Advierten que si aumentan los casos de coronavirus habr\u00e1 restricciones a la circulaci\u00f3n - Informe Litoral<\/title>\n<meta name=\"robots\" content=\"index, follow, max-snippet:-1, max-image-preview:large, max-video-preview:-1\" \/>\n<link rel=\"canonical\" href=\"https:\/\/informelitoral.com.ar\/advierten-que-si-aumentan-los-casos-de-coronavirus-habra-restricciones-a-la-circulacion\/\" \/>\n<meta property=\"og:locale\" content=\"es_ES\" \/>\n<meta property=\"og:type\" content=\"article\" \/>\n<meta property=\"og:title\" content=\"Advierten que si aumentan los casos de coronavirus habr\u00e1 restricciones a la circulaci\u00f3n - Informe Litoral\" \/>\n<meta property=\"og:description\" content=\"La ministra de Salud de la Naci\u00f3n dijo que ante un posible rebrote aplicar\u00e1n limitaciones horarias, pero descart\u00f3 una cuarentena total.\" \/>\n<meta property=\"og:url\" content=\"https:\/\/informelitoral.com.ar\/advierten-que-si-aumentan-los-casos-de-coronavirus-habra-restricciones-a-la-circulacion\/\" \/>\n<meta property=\"og:site_name\" content=\"Informe Litoral\" \/>\n<meta property=\"article:publisher\" content=\"https:\/\/www.facebook.com\/informelitoral\/\" \/>\n<meta property=\"article:published_time\" content=\"2021-03-24T14:08:16+00:00\" \/>\n<meta property=\"og:image\" content=\"https:\/\/informelitoral.com.ar\/%77%70%2d%63%6f%6e%74%65%6e%74\/uploads\/2021\/03\/restricciones-circulacion-ramirez.jpg\" \/>\n\t<meta property=\"og:image:width\" content=\"960\" \/>\n\t<meta property=\"og:image:height\" content=\"640\" \/>\n\t<meta property=\"og:image:type\" content=\"image\/jpeg\" \/>\n<meta name=\"author\" content=\"Gonzalo Schmidt\" \/>\n<meta name=\"twitter:card\" content=\"summary_large_image\" \/>\n<meta name=\"twitter:creator\" content=\"@InformeLitoral\" \/>\n<meta name=\"twitter:site\" content=\"@InformeLitoral\" \/>\n<meta name=\"twitter:label1\" content=\"Escrito por\" \/>\n\t<meta name=\"twitter:data1\" content=\"Gonzalo Schmidt\" \/>\n\t<meta name=\"twitter:label2\" content=\"Tiempo de lectura\" \/>\n\t<meta name=\"twitter:data2\" content=\"2 minutos\" \/>\n<script type=\"application\/ld+json\" class=\"yoast-schema-graph\">{\"@context\":\"https:\\\/\\\/schema.org\",\"@graph\":[{\"@type\":\"Article\",\"@id\":\"https:\\\/\\\/informelitoral.com.ar\\\/advierten-que-si-aumentan-los-casos-de-coronavirus-habra-restricciones-a-la-circulacion\\\/#article\",\"isPartOf\":{\"@id\":\"https:\\\/\\\/informelitoral.com.ar\\\/advierten-que-si-aumentan-los-casos-de-coronavirus-habra-restricciones-a-la-circulacion\\\/\"},\"author\":{\"name\":\"Gonzalo Schmidt\",\"@id\":\"https:\\\/\\\/informelitoral.com.ar\\\/#\\\/schema\\\/person\\\/b9d00407c836482871ef1d57bf8e3180\"},\"headline\":\"Advierten que si aumentan los casos de coronavirus habr\u00e1 restricciones a la circulaci\u00f3n\",\"datePublished\":\"2021-03-24T14:08:16+00:00\",\"mainEntityOfPage\":{\"@id\":\"https:\\\/\\\/informelitoral.com.ar\\\/advierten-que-si-aumentan-los-casos-de-coronavirus-habra-restricciones-a-la-circulacion\\\/\"},\"wordCount\":432,\"commentCount\":0,\"publisher\":{\"@id\":\"https:\\\/\\\/informelitoral.com.ar\\\/#organization\"},\"image\":{\"@id\":\"https:\\\/\\\/informelitoral.com.ar\\\/advierten-que-si-aumentan-los-casos-de-coronavirus-habra-restricciones-a-la-circulacion\\\/#primaryimage\"},\"thumbnailUrl\":\"https:\\\/\\\/informelitoral.com.ar\\\/%77%70%2d%63%6f%6e%74%65%6e%74\\\/uploads\\\/2021\\\/03\\\/restricciones-circulacion-ramirez.jpg\",\"keywords\":[\"Coronavirus\",\"COVID-19\"],\"articleSection\":[\"Nacionales\"],\"inLanguage\":\"es\",\"potentialAction\":[{\"@type\":\"CommentAction\",\"name\":\"Comment\",\"target\":[\"https:\\\/\\\/informelitoral.com.ar\\\/advierten-que-si-aumentan-los-casos-de-coronavirus-habra-restricciones-a-la-circulacion\\\/#respond\"]}]},{\"@type\":\"WebPage\",\"@id\":\"https:\\\/\\\/informelitoral.com.ar\\\/advierten-que-si-aumentan-los-casos-de-coronavirus-habra-restricciones-a-la-circulacion\\\/\",\"url\":\"https:\\\/\\\/informelitoral.com.ar\\\/advierten-que-si-aumentan-los-casos-de-coronavirus-habra-restricciones-a-la-circulacion\\\/\",\"name\":\"Advierten que si aumentan los casos de coronavirus habr\u00e1 restricciones a la circulaci\u00f3n - Informe Litoral\",\"isPartOf\":{\"@id\":\"https:\\\/\\\/informelitoral.com.ar\\\/#website\"},\"primaryImageOfPage\":{\"@id\":\"https:\\\/\\\/informelitoral.com.ar\\\/advierten-que-si-aumentan-los-casos-de-coronavirus-habra-restricciones-a-la-circulacion\\\/#primaryimage\"},\"image\":{\"@id\":\"https:\\\/\\\/informelitoral.com.ar\\\/advierten-que-si-aumentan-los-casos-de-coronavirus-habra-restricciones-a-la-circulacion\\\/#primaryimage\"},\"thumbnailUrl\":\"https:\\\/\\\/informelitoral.com.ar\\\/%77%70%2d%63%6f%6e%74%65%6e%74\\\/uploads\\\/2021\\\/03\\\/restricciones-circulacion-ramirez.jpg\",\"datePublished\":\"2021-03-24T14:08:16+00:00\",\"breadcrumb\":{\"@id\":\"https:\\\/\\\/informelitoral.com.ar\\\/advierten-que-si-aumentan-los-casos-de-coronavirus-habra-restricciones-a-la-circulacion\\\/#breadcrumb\"},\"inLanguage\":\"es\",\"potentialAction\":[{\"@type\":\"ReadAction\",\"target\":[\"https:\\\/\\\/informelitoral.com.ar\\\/advierten-que-si-aumentan-los-casos-de-coronavirus-habra-restricciones-a-la-circulacion\\\/\"]}]},{\"@type\":\"ImageObject\",\"inLanguage\":\"es\",\"@id\":\"https:\\\/\\\/informelitoral.com.ar\\\/advierten-que-si-aumentan-los-casos-de-coronavirus-habra-restricciones-a-la-circulacion\\\/#primaryimage\",\"url\":\"https:\\\/\\\/informelitoral.com.ar\\\/%77%70%2d%63%6f%6e%74%65%6e%74\\\/uploads\\\/2021\\\/03\\\/restricciones-circulacion-ramirez.jpg\",\"contentUrl\":\"https:\\\/\\\/informelitoral.com.ar\\\/%77%70%2d%63%6f%6e%74%65%6e%74\\\/uploads\\\/2021\\\/03\\\/restricciones-circulacion-ramirez.jpg\",\"width\":960,\"height\":640},{\"@type\":\"BreadcrumbList\",\"@id\":\"https:\\\/\\\/informelitoral.com.ar\\\/advierten-que-si-aumentan-los-casos-de-coronavirus-habra-restricciones-a-la-circulacion\\\/#breadcrumb\",\"itemListElement\":[{\"@type\":\"ListItem\",\"position\":1,\"name\":\"Portada\",\"item\":\"https:\\\/\\\/informelitoral.com.ar\\\/\"},{\"@type\":\"ListItem\",\"position\":2,\"name\":\"Advierten que si aumentan los casos de coronavirus habr\u00e1 restricciones a la circulaci\u00f3n\"}]},{\"@type\":\"WebSite\",\"@id\":\"https:\\\/\\\/informelitoral.com.ar\\\/#website\",\"url\":\"https:\\\/\\\/informelitoral.com.ar\\\/\",\"name\":\"Informe Litoral\",\"description\":\"&quot;Nos informamos&quot; \",\"publisher\":{\"@id\":\"https:\\\/\\\/informelitoral.com.ar\\\/#organization\"},\"potentialAction\":[{\"@type\":\"SearchAction\",\"target\":{\"@type\":\"EntryPoint\",\"urlTemplate\":\"https:\\\/\\\/informelitoral.com.ar\\\/?s={search_term_string}\"},\"query-input\":{\"@type\":\"PropertyValueSpecification\",\"valueRequired\":true,\"valueName\":\"search_term_string\"}}],\"inLanguage\":\"es\"},{\"@type\":\"Organization\",\"@id\":\"https:\\\/\\\/informelitoral.com.ar\\\/#organization\",\"name\":\"Informe Litoral\",\"url\":\"https:\\\/\\\/informelitoral.com.ar\\\/\",\"logo\":{\"@type\":\"ImageObject\",\"inLanguage\":\"es\",\"@id\":\"https:\\\/\\\/informelitoral.com.ar\\\/#\\\/schema\\\/logo\\\/image\\\/\",\"url\":\"https:\\\/\\\/informelitoral.com.ar\\\/%77%70%2d%63%6f%6e%74%65%6e%74\\\/uploads\\\/2021\\\/01\\\/circulo.png\",\"contentUrl\":\"https:\\\/\\\/informelitoral.com.ar\\\/%77%70%2d%63%6f%6e%74%65%6e%74\\\/uploads\\\/2021\\\/01\\\/circulo.png\",\"width\":723,\"height\":731,\"caption\":\"Informe Litoral\"},\"image\":{\"@id\":\"https:\\\/\\\/informelitoral.com.ar\\\/#\\\/schema\\\/logo\\\/image\\\/\"},\"sameAs\":[\"https:\\\/\\\/www.facebook.com\\\/informelitoral\\\/\",\"https:\\\/\\\/x.com\\\/InformeLitoral\",\"https:\\\/\\\/www.instagram.com\\\/informelitoral\\\/\",\"https:\\\/\\\/www.youtube.com\\\/channel\\\/UCua4Qvz8Icb6MYqhoq9xLXw\"]},{\"@type\":\"Person\",\"@id\":\"https:\\\/\\\/informelitoral.com.ar\\\/#\\\/schema\\\/person\\\/b9d00407c836482871ef1d57bf8e3180\",\"name\":\"Gonzalo Schmidt\",\"image\":{\"@type\":\"ImageObject\",\"inLanguage\":\"es\",\"@id\":\"https:\\\/\\\/secure.gravatar.com\\\/avatar\\\/31a1a7b66ff2de83bd0e9fd79d026630d2d99e55e8bfe501287647b4fd9743de?s=96&d=mm&r=g\",\"url\":\"https:\\\/\\\/secure.gravatar.com\\\/avatar\\\/31a1a7b66ff2de83bd0e9fd79d026630d2d99e55e8bfe501287647b4fd9743de?s=96&d=mm&r=g\",\"contentUrl\":\"https:\\\/\\\/secure.gravatar.com\\\/avatar\\\/31a1a7b66ff2de83bd0e9fd79d026630d2d99e55e8bfe501287647b4fd9743de?s=96&d=mm&r=g\",\"caption\":\"Gonzalo Schmidt\"},\"description\":\"Sitio web de noticias de la provincia de Entre R\u00edos, Argentina. Informaci\u00f3n y entretenimiento. Informe Litoral, nos informamos.\",\"sameAs\":[\"http:\\\/\\\/www.isletasnoticias.com.ar\"],\"url\":\"https:\\\/\\\/informelitoral.com.ar\\\/author\\\/gonzalo\\\/\"}]}<\/script>","yoast_head_json":{"title":"Advierten que si aumentan los casos de coronavirus habr\u00e1 restricciones a la circulaci\u00f3n - Informe Litoral","robots":{"index":"index","follow":"follow","max-snippet":"max-snippet:-1","max-image-preview":"max-image-preview:large","max-video-preview":"max-video-preview:-1"},"canonical":"https:\/\/informelitoral.com.ar\/advierten-que-si-aumentan-los-casos-de-coronavirus-habra-restricciones-a-la-circulacion\/","og_locale":"es_ES","og_type":"article","og_title":"Advierten que si aumentan los casos de coronavirus habr\u00e1 restricciones a la circulaci\u00f3n - Informe Litoral","og_description":"La ministra de Salud de la Naci\u00f3n dijo que ante un posible rebrote aplicar\u00e1n limitaciones horarias, pero descart\u00f3 una cuarentena total.","og_url":"https:\/\/informelitoral.com.ar\/advierten-que-si-aumentan-los-casos-de-coronavirus-habra-restricciones-a-la-circulacion\/","og_site_name":"Informe Litoral","article_publisher":"https:\/\/www.facebook.com\/informelitoral\/","article_published_time":"2021-03-24T14:08:16+00:00","og_image":[{"width":960,"height":640,"url":"https:\/\/informelitoral.com.ar\/%77%70%2d%63%6f%6e%74%65%6e%74\/uploads\/2021\/03\/restricciones-circulacion-ramirez.jpg","type":"image\/jpeg"}],"author":"Gonzalo Schmidt","twitter_card":"summary_large_image","twitter_creator":"@InformeLitoral","twitter_site":"@InformeLitoral","twitter_misc":{"Escrito por":"Gonzalo Schmidt","Tiempo de lectura":"2 minutos"},"schema":{"@context":"https:\/\/schema.org","@graph":[{"@type":"Article","@id":"https:\/\/informelitoral.com.ar\/advierten-que-si-aumentan-los-casos-de-coronavirus-habra-restricciones-a-la-circulacion\/#article","isPartOf":{"@id":"https:\/\/informelitoral.com.ar\/advierten-que-si-aumentan-los-casos-de-coronavirus-habra-restricciones-a-la-circulacion\/"},"author":{"name":"Gonzalo Schmidt","@id":"https:\/\/informelitoral.com.ar\/#\/schema\/person\/b9d00407c836482871ef1d57bf8e3180"},"headline":"Advierten que si aumentan los casos de coronavirus habr\u00e1 restricciones a la circulaci\u00f3n","datePublished":"2021-03-24T14:08:16+00:00","mainEntityOfPage":{"@id":"https:\/\/informelitoral.com.ar\/advierten-que-si-aumentan-los-casos-de-coronavirus-habra-restricciones-a-la-circulacion\/"},"wordCount":432,"commentCount":0,"publisher":{"@id":"https:\/\/informelitoral.com.ar\/#organization"},"image":{"@id":"https:\/\/informelitoral.com.ar\/advierten-que-si-aumentan-los-casos-de-coronavirus-habra-restricciones-a-la-circulacion\/#primaryimage"},"thumbnailUrl":"https:\/\/informelitoral.com.ar\/%77%70%2d%63%6f%6e%74%65%6e%74\/uploads\/2021\/03\/restricciones-circulacion-ramirez.jpg","keywords":["Coronavirus","COVID-19"],"articleSection":["Nacionales"],"inLanguage":"es","potentialAction":[{"@type":"CommentAction","name":"Comment","target":["https:\/\/informelitoral.com.ar\/advierten-que-si-aumentan-los-casos-de-coronavirus-habra-restricciones-a-la-circulacion\/#respond"]}]},{"@type":"WebPage","@id":"https:\/\/informelitoral.com.ar\/advierten-que-si-aumentan-los-casos-de-coronavirus-habra-restricciones-a-la-circulacion\/","url":"https:\/\/informelitoral.com.ar\/advierten-que-si-aumentan-los-casos-de-coronavirus-habra-restricciones-a-la-circulacion\/","name":"Advierten que si aumentan los casos de coronavirus habr\u00e1 restricciones a la circulaci\u00f3n - Informe Litoral","isPartOf":{"@id":"https:\/\/informelitoral.com.ar\/#website"},"primaryImageOfPage":{"@id":"https:\/\/informelitoral.com.ar\/advierten-que-si-aumentan-los-casos-de-coronavirus-habra-restricciones-a-la-circulacion\/#primaryimage"},"image":{"@id":"https:\/\/informelitoral.com.ar\/advierten-que-si-aumentan-los-casos-de-coronavirus-habra-restricciones-a-la-circulacion\/#primaryimage"},"thumbnailUrl":"https:\/\/informelitoral.com.ar\/%77%70%2d%63%6f%6e%74%65%6e%74\/uploads\/2021\/03\/restricciones-circulacion-ramirez.jpg","datePublished":"2021-03-24T14:08:16+00:00","breadcrumb":{"@id":"https:\/\/informelitoral.com.ar\/advierten-que-si-aumentan-los-casos-de-coronavirus-habra-restricciones-a-la-circulacion\/#breadcrumb"},"inLanguage":"es","potentialAction":[{"@type":"ReadAction","target":["https:\/\/informelitoral.com.ar\/advierten-que-si-aumentan-los-casos-de-coronavirus-habra-restricciones-a-la-circulacion\/"]}]},{"@type":"ImageObject","inLanguage":"es","@id":"https:\/\/informelitoral.com.ar\/advierten-que-si-aumentan-los-casos-de-coronavirus-habra-restricciones-a-la-circulacion\/#primaryimage","url":"https:\/\/informelitoral.com.ar\/%77%70%2d%63%6f%6e%74%65%6e%74\/uploads\/2021\/03\/restricciones-circulacion-ramirez.jpg","contentUrl":"https:\/\/informelitoral.com.ar\/%77%70%2d%63%6f%6e%74%65%6e%74\/uploads\/2021\/03\/restricciones-circulacion-ramirez.jpg","width":960,"height":640},{"@type":"BreadcrumbList","@id":"https:\/\/informelitoral.com.ar\/advierten-que-si-aumentan-los-casos-de-coronavirus-habra-restricciones-a-la-circulacion\/#breadcrumb","itemListElement":[{"@type":"ListItem","position":1,"name":"Portada","item":"https:\/\/informelitoral.com.ar\/"},{"@type":"ListItem","position":2,"name":"Advierten que si aumentan los casos de coronavirus habr\u00e1 restricciones a la circulaci\u00f3n"}]},{"@type":"WebSite","@id":"https:\/\/informelitoral.com.ar\/#website","url":"https:\/\/informelitoral.com.ar\/","name":"Informe Litoral","description":"&quot;Nos informamos&quot; ","publisher":{"@id":"https:\/\/informelitoral.com.ar\/#organization"},"potentialAction":[{"@type":"SearchAction","target":{"@type":"EntryPoint","urlTemplate":"https:\/\/informelitoral.com.ar\/?s={search_term_string}"},"query-input":{"@type":"PropertyValueSpecification","valueRequired":true,"valueName":"search_term_string"}}],"inLanguage":"es"},{"@type":"Organization","@id":"https:\/\/informelitoral.com.ar\/#organization","name":"Informe Litoral","url":"https:\/\/informelitoral.com.ar\/","logo":{"@type":"ImageObject","inLanguage":"es","@id":"https:\/\/informelitoral.com.ar\/#\/schema\/logo\/image\/","url":"https:\/\/informelitoral.com.ar\/%77%70%2d%63%6f%6e%74%65%6e%74\/uploads\/2021\/01\/circulo.png","contentUrl":"https:\/\/informelitoral.com.ar\/%77%70%2d%63%6f%6e%74%65%6e%74\/uploads\/2021\/01\/circulo.png","width":723,"height":731,"caption":"Informe Litoral"},"image":{"@id":"https:\/\/informelitoral.com.ar\/#\/schema\/logo\/image\/"},"sameAs":["https:\/\/www.facebook.com\/informelitoral\/","https:\/\/x.com\/InformeLitoral","https:\/\/www.instagram.com\/informelitoral\/","https:\/\/www.youtube.com\/channel\/UCua4Qvz8Icb6MYqhoq9xLXw"]},{"@type":"Person","@id":"https:\/\/informelitoral.com.ar\/#\/schema\/person\/b9d00407c836482871ef1d57bf8e3180","name":"Gonzalo Schmidt","image":{"@type":"ImageObject","inLanguage":"es","@id":"https:\/\/secure.gravatar.com\/avatar\/31a1a7b66ff2de83bd0e9fd79d026630d2d99e55e8bfe501287647b4fd9743de?s=96&d=mm&r=g","url":"https:\/\/secure.gravatar.com\/avatar\/31a1a7b66ff2de83bd0e9fd79d026630d2d99e55e8bfe501287647b4fd9743de?s=96&d=mm&r=g","contentUrl":"https:\/\/secure.gravatar.com\/avatar\/31a1a7b66ff2de83bd0e9fd79d026630d2d99e55e8bfe501287647b4fd9743de?s=96&d=mm&r=g","caption":"Gonzalo Schmidt"},"description":"Sitio web de noticias de la provincia de Entre R\u00edos, Argentina. Informaci\u00f3n y entretenimiento. Informe Litoral, nos informamos.","sameAs":["http:\/\/www.isletasnoticias.com.ar"],"url":"https:\/\/informelitoral.com.ar\/author\/gonzalo\/"}]}},"_links":{"self":[{"href":"https:\/\/informelitoral.com.ar\/%77%70%2d%6a%73%6f%6e\/wp\/v2\/posts\/58051","targetHints":{"allow":["GET"]}}],"collection":[{"href":"https:\/\/informelitoral.com.ar\/%77%70%2d%6a%73%6f%6e\/wp\/v2\/posts"}],"about":[{"href":"https:\/\/informelitoral.com.ar\/%77%70%2d%6a%73%6f%6e\/wp\/v2\/types\/post"}],"author":[{"embeddable":true,"href":"https:\/\/informelitoral.com.ar\/%77%70%2d%6a%73%6f%6e\/wp\/v2\/users\/2"}],"replies":[{"embeddable":true,"href":"https:\/\/informelitoral.com.ar\/%77%70%2d%6a%73%6f%6e\/wp\/v2\/comments?post=58051"}],"version-history":[{"count":0,"href":"https:\/\/informelitoral.com.ar\/%77%70%2d%6a%73%6f%6e\/wp\/v2\/posts\/58051\/revisions"}],"wp:featuredmedia":[{"embeddable":true,"href":"https:\/\/informelitoral.com.ar\/%77%70%2d%6a%73%6f%6e\/wp\/v2\/media\/58052"}],"wp:attachment":[{"href":"https:\/\/informelitoral.com.ar\/%77%70%2d%6a%73%6f%6e\/wp\/v2\/media?parent=58051"}],"wp:term":[{"taxonomy":"category","embeddable":true,"href":"https:\/\/informelitoral.com.ar\/%77%70%2d%6a%73%6f%6e\/wp\/v2\/categories?post=58051"},{"taxonomy":"post_tag","embeddable":true,"href":"https:\/\/informelitoral.com.ar\/%77%70%2d%6a%73%6f%6e\/wp\/v2\/tags?post=58051"}],"curies":[{"name":"wp","href":"https:\/\/api.w.org\/{rel}","templated":true}]}}