{"id":57974,"date":"2021-03-23T14:07:51","date_gmt":"2021-03-23T17:07:51","guid":{"rendered":"https:\/\/www.informelitoral.com.ar\/?p=57974"},"modified":"2021-03-23T14:07:51","modified_gmt":"2021-03-23T17:07:51","slug":"variadas-actividades-de-la-senadora-claudia-gieco-en-todo-el-departamento","status":"publish","type":"post","link":"https:\/\/informelitoral.com.ar\/variadas-actividades-de-la-senadora-claudia-gieco-en-todo-el-departamento\/","title":{"rendered":"Variadas actividades de la senadora Claudia Gieco en todo el Departamento"},"content":{"rendered":"<p><strong>Claudia Gieco particip\u00f3 de la agenda gubernamental por la Semana de la Mujer.<\/strong> En Paran\u00e1, comparti\u00f3 el espacio de la Red para la Igualdad durante la visita de Mercedes D&#8217;Allesandro. Tambi\u00e9n fue parte del reconocimiento a mujeres entrerrianas que dejaron una huella en nuestra sociedad en distintos \u00e1mbitos: Juana Castro, Celia Torr\u00e1, Ederlinda Yel\u00f3n, Ofelia Sors, Rosa Sobr\u00f3n y Nina Landreani.<\/p>\n<p>\u201cEs importante para nosotras este tipo de acciones, que buscan destacar a las mujeres, que d\u00eda a d\u00eda forjamos -con nuestro trabajo- la historia de nuestros pueblos\u201d, dijo.<\/p>\n<p>Invitada por la Asociaci\u00f3n Civil La Solapa, particip\u00f3 de la muestra itinerante Ser Mujeres en la Esma, en el Centro Provincial de Convenciones.<\/p>\n<p>En <strong>Colonia Ensayo<\/strong> recorri\u00f3 la Feria de Emprendedores en el marco de las actividades por el D\u00eda de la Mujer y en Gobernador Etchevehere se sum\u00f3 al inicio del Torneo Copa de las Mujeres, donde participan equipos de los departamentos Diamante y Paran\u00e1.<\/p>\n<p>En <strong>Valle Mar\u00eda<\/strong> particip\u00f3 del Conversatorio sobre Conquistas y Nuevos Desaf\u00edos de la Mujer, acompa\u00f1ando a Sigrid Kunath.<\/p>\n<p>Finalmente, expuso en el Ciclo de Conversaciones organizado por Ater, Mirada femenina desde el \u00e1mbito social, t\u00e9cnico y pol\u00edtico.<\/p>\n<h4><strong>Iluminaci\u00f3n en establecimientos educativos<\/strong><\/h4>\n<p>Gracias a gestiones realizadas ante Enersa, <span style=\"background-color: #ffff00;\">se colocaron artefactos de iluminaci\u00f3n Led exterior en la Escuela de Educaci\u00f3n Agrot\u00e9cnica N\u00b0153, Horacio Mann, de Isletas<\/span>. En tanto en la<strong> Escuela N\u00b09, de Aldea Brasilera, se realiz\u00f3 el relevamiento para la realizaci\u00f3n del proyecto de iluminaci\u00f3n integral de la misma.<\/strong><\/p>\n<p>Gracias a una gesti\u00f3n junto al presidente comunal de Aldea Spatzenkutter, Juan Lell, se dot\u00f3 de<strong> iluminaci\u00f3n exterior a la Escuela N\u00b026, Bernardo Monteagudo, en la zona rural de Valle Mar\u00eda.<\/strong> Tambi\u00e9n realiz\u00f3 un aporte para la<strong> construcci\u00f3n de la vereda alrededor de los sanitarios.<\/strong><\/p>\n<h4><strong>Otras actividades<\/strong><\/h4>\n<p>En <strong>Aldea Spatzenkutter,<\/strong> con la compa\u00f1\u00eda del director General de Industria, Cristian Kaehler y del presidente comunal Juan Lell,<strong> visit\u00f3 la granja aviar La So\u00f1ada y la marmoler\u00eda Deiloff.<\/strong><\/p>\n<p>En la zona rural del Departamento <strong>se reuni\u00f3 con productores de Costa Grande e Isletas.<\/strong><\/p>\n<p>Durante su visita a <strong>Valle Mar\u00eda<\/strong>, junto al director de Conservaci\u00f3n Vial Eduardo Urrutia y el intendente Mario Sokolovsky, <strong>evaluaron el estado del puente sobre el arroyo Crespo y calzadas aleda\u00f1as.<\/strong><\/p>\n","protected":false},"excerpt":{"rendered":"<p>La legisladora recorri\u00f3 escuelas del Departamento y particip\u00f3 de actividades vinculadas con la Semana de la Mujer.<\/p>\n","protected":false},"author":2,"featured_media":57975,"comment_status":"open","ping_status":"open","sticky":false,"template":"","format":"standard","meta":{"fifu_image_url":"","fifu_image_alt":"","footnotes":""},"categories":[5,16],"tags":[1037,464,1480],"class_list":{"0":"post-57974","1":"post","2":"type-post","3":"status-publish","4":"format-standard","5":"has-post-thumbnail","7":"category-zonales","8":"category-politi","9":"tag-claudia-gieco","10":"tag-senado","11":"tag-senadora"},"yoast_head":"<title>Variadas actividades de la senadora Claudia Gieco en todo el Departamento - Informe Litoral<\/title>\n<meta name=\"robots\" content=\"index, follow, max-snippet:-1, max-image-preview:large, max-video-preview:-1\" \/>\n<link rel=\"canonical\" href=\"https:\/\/informelitoral.com.ar\/variadas-actividades-de-la-senadora-claudia-gieco-en-todo-el-departamento\/\" \/>\n<meta property=\"og:locale\" content=\"es_ES\" \/>\n<meta property=\"og:type\" content=\"article\" \/>\n<meta property=\"og:title\" content=\"Variadas actividades de la senadora Claudia Gieco en todo el Departamento - Informe Litoral\" \/>\n<meta property=\"og:description\" content=\"La legisladora recorri\u00f3 escuelas del Departamento y particip\u00f3 de actividades vinculadas con la Semana de la Mujer.\" \/>\n<meta property=\"og:url\" content=\"https:\/\/informelitoral.com.ar\/variadas-actividades-de-la-senadora-claudia-gieco-en-todo-el-departamento\/\" \/>\n<meta property=\"og:site_name\" content=\"Informe Litoral\" \/>\n<meta property=\"article:publisher\" content=\"https:\/\/www.facebook.com\/informelitoral\/\" \/>\n<meta property=\"article:published_time\" content=\"2021-03-23T17:07:51+00:00\" \/>\n<meta property=\"og:image\" content=\"https:\/\/informelitoral.com.ar\/%77%70%2d%63%6f%6e%74%65%6e%74\/uploads\/2021\/03\/claudia-gieco-senadora.jpg\" \/>\n\t<meta property=\"og:image:width\" content=\"1280\" \/>\n\t<meta property=\"og:image:height\" content=\"853\" \/>\n\t<meta property=\"og:image:type\" content=\"image\/jpeg\" \/>\n<meta name=\"author\" content=\"Gonzalo Schmidt\" \/>\n<meta name=\"twitter:card\" content=\"summary_large_image\" \/>\n<meta name=\"twitter:creator\" content=\"@InformeLitoral\" \/>\n<meta name=\"twitter:site\" content=\"@InformeLitoral\" \/>\n<meta name=\"twitter:label1\" content=\"Escrito por\" \/>\n\t<meta name=\"twitter:data1\" content=\"Gonzalo Schmidt\" \/>\n\t<meta name=\"twitter:label2\" content=\"Tiempo de lectura\" \/>\n\t<meta name=\"twitter:data2\" content=\"2 minutos\" \/>\n<script type=\"application\/ld+json\" class=\"yoast-schema-graph\">{\"@context\":\"https:\\\/\\\/schema.org\",\"@graph\":[{\"@type\":\"Article\",\"@id\":\"https:\\\/\\\/informelitoral.com.ar\\\/variadas-actividades-de-la-senadora-claudia-gieco-en-todo-el-departamento\\\/#article\",\"isPartOf\":{\"@id\":\"https:\\\/\\\/informelitoral.com.ar\\\/variadas-actividades-de-la-senadora-claudia-gieco-en-todo-el-departamento\\\/\"},\"author\":{\"name\":\"Gonzalo Schmidt\",\"@id\":\"https:\\\/\\\/informelitoral.com.ar\\\/#\\\/schema\\\/person\\\/b9d00407c836482871ef1d57bf8e3180\"},\"headline\":\"Variadas actividades de la senadora Claudia Gieco en todo el Departamento\",\"datePublished\":\"2021-03-23T17:07:51+00:00\",\"mainEntityOfPage\":{\"@id\":\"https:\\\/\\\/informelitoral.com.ar\\\/variadas-actividades-de-la-senadora-claudia-gieco-en-todo-el-departamento\\\/\"},\"wordCount\":407,\"commentCount\":0,\"publisher\":{\"@id\":\"https:\\\/\\\/informelitoral.com.ar\\\/#organization\"},\"image\":{\"@id\":\"https:\\\/\\\/informelitoral.com.ar\\\/variadas-actividades-de-la-senadora-claudia-gieco-en-todo-el-departamento\\\/#primaryimage\"},\"thumbnailUrl\":\"https:\\\/\\\/informelitoral.com.ar\\\/%77%70%2d%63%6f%6e%74%65%6e%74\\\/uploads\\\/2021\\\/03\\\/claudia-gieco-senadora.jpg\",\"keywords\":[\"Claudia Gieco\",\"Senado\",\"Senadora\"],\"articleSection\":[\"Departamento Diamante\",\"Politica\"],\"inLanguage\":\"es\",\"potentialAction\":[{\"@type\":\"CommentAction\",\"name\":\"Comment\",\"target\":[\"https:\\\/\\\/informelitoral.com.ar\\\/variadas-actividades-de-la-senadora-claudia-gieco-en-todo-el-departamento\\\/#respond\"]}]},{\"@type\":\"WebPage\",\"@id\":\"https:\\\/\\\/informelitoral.com.ar\\\/variadas-actividades-de-la-senadora-claudia-gieco-en-todo-el-departamento\\\/\",\"url\":\"https:\\\/\\\/informelitoral.com.ar\\\/variadas-actividades-de-la-senadora-claudia-gieco-en-todo-el-departamento\\\/\",\"name\":\"Variadas actividades de la senadora Claudia Gieco en todo el Departamento - Informe Litoral\",\"isPartOf\":{\"@id\":\"https:\\\/\\\/informelitoral.com.ar\\\/#website\"},\"primaryImageOfPage\":{\"@id\":\"https:\\\/\\\/informelitoral.com.ar\\\/variadas-actividades-de-la-senadora-claudia-gieco-en-todo-el-departamento\\\/#primaryimage\"},\"image\":{\"@id\":\"https:\\\/\\\/informelitoral.com.ar\\\/variadas-actividades-de-la-senadora-claudia-gieco-en-todo-el-departamento\\\/#primaryimage\"},\"thumbnailUrl\":\"https:\\\/\\\/informelitoral.com.ar\\\/%77%70%2d%63%6f%6e%74%65%6e%74\\\/uploads\\\/2021\\\/03\\\/claudia-gieco-senadora.jpg\",\"datePublished\":\"2021-03-23T17:07:51+00:00\",\"breadcrumb\":{\"@id\":\"https:\\\/\\\/informelitoral.com.ar\\\/variadas-actividades-de-la-senadora-claudia-gieco-en-todo-el-departamento\\\/#breadcrumb\"},\"inLanguage\":\"es\",\"potentialAction\":[{\"@type\":\"ReadAction\",\"target\":[\"https:\\\/\\\/informelitoral.com.ar\\\/variadas-actividades-de-la-senadora-claudia-gieco-en-todo-el-departamento\\\/\"]}]},{\"@type\":\"ImageObject\",\"inLanguage\":\"es\",\"@id\":\"https:\\\/\\\/informelitoral.com.ar\\\/variadas-actividades-de-la-senadora-claudia-gieco-en-todo-el-departamento\\\/#primaryimage\",\"url\":\"https:\\\/\\\/informelitoral.com.ar\\\/%77%70%2d%63%6f%6e%74%65%6e%74\\\/uploads\\\/2021\\\/03\\\/claudia-gieco-senadora.jpg\",\"contentUrl\":\"https:\\\/\\\/informelitoral.com.ar\\\/%77%70%2d%63%6f%6e%74%65%6e%74\\\/uploads\\\/2021\\\/03\\\/claudia-gieco-senadora.jpg\",\"width\":1280,\"height\":853},{\"@type\":\"BreadcrumbList\",\"@id\":\"https:\\\/\\\/informelitoral.com.ar\\\/variadas-actividades-de-la-senadora-claudia-gieco-en-todo-el-departamento\\\/#breadcrumb\",\"itemListElement\":[{\"@type\":\"ListItem\",\"position\":1,\"name\":\"Portada\",\"item\":\"https:\\\/\\\/informelitoral.com.ar\\\/\"},{\"@type\":\"ListItem\",\"position\":2,\"name\":\"Variadas actividades de la senadora Claudia Gieco en todo el Departamento\"}]},{\"@type\":\"WebSite\",\"@id\":\"https:\\\/\\\/informelitoral.com.ar\\\/#website\",\"url\":\"https:\\\/\\\/informelitoral.com.ar\\\/\",\"name\":\"Informe Litoral\",\"description\":\"&quot;Nos informamos&quot; \",\"publisher\":{\"@id\":\"https:\\\/\\\/informelitoral.com.ar\\\/#organization\"},\"potentialAction\":[{\"@type\":\"SearchAction\",\"target\":{\"@type\":\"EntryPoint\",\"urlTemplate\":\"https:\\\/\\\/informelitoral.com.ar\\\/?s={search_term_string}\"},\"query-input\":{\"@type\":\"PropertyValueSpecification\",\"valueRequired\":true,\"valueName\":\"search_term_string\"}}],\"inLanguage\":\"es\"},{\"@type\":\"Organization\",\"@id\":\"https:\\\/\\\/informelitoral.com.ar\\\/#organization\",\"name\":\"Informe Litoral\",\"url\":\"https:\\\/\\\/informelitoral.com.ar\\\/\",\"logo\":{\"@type\":\"ImageObject\",\"inLanguage\":\"es\",\"@id\":\"https:\\\/\\\/informelitoral.com.ar\\\/#\\\/schema\\\/logo\\\/image\\\/\",\"url\":\"https:\\\/\\\/informelitoral.com.ar\\\/%77%70%2d%63%6f%6e%74%65%6e%74\\\/uploads\\\/2021\\\/01\\\/circulo.png\",\"contentUrl\":\"https:\\\/\\\/informelitoral.com.ar\\\/%77%70%2d%63%6f%6e%74%65%6e%74\\\/uploads\\\/2021\\\/01\\\/circulo.png\",\"width\":723,\"height\":731,\"caption\":\"Informe Litoral\"},\"image\":{\"@id\":\"https:\\\/\\\/informelitoral.com.ar\\\/#\\\/schema\\\/logo\\\/image\\\/\"},\"sameAs\":[\"https:\\\/\\\/www.facebook.com\\\/informelitoral\\\/\",\"https:\\\/\\\/x.com\\\/InformeLitoral\",\"https:\\\/\\\/www.instagram.com\\\/informelitoral\\\/\",\"https:\\\/\\\/www.youtube.com\\\/channel\\\/UCua4Qvz8Icb6MYqhoq9xLXw\"]},{\"@type\":\"Person\",\"@id\":\"https:\\\/\\\/informelitoral.com.ar\\\/#\\\/schema\\\/person\\\/b9d00407c836482871ef1d57bf8e3180\",\"name\":\"Gonzalo Schmidt\",\"image\":{\"@type\":\"ImageObject\",\"inLanguage\":\"es\",\"@id\":\"https:\\\/\\\/secure.gravatar.com\\\/avatar\\\/31a1a7b66ff2de83bd0e9fd79d026630d2d99e55e8bfe501287647b4fd9743de?s=96&d=mm&r=g\",\"url\":\"https:\\\/\\\/secure.gravatar.com\\\/avatar\\\/31a1a7b66ff2de83bd0e9fd79d026630d2d99e55e8bfe501287647b4fd9743de?s=96&d=mm&r=g\",\"contentUrl\":\"https:\\\/\\\/secure.gravatar.com\\\/avatar\\\/31a1a7b66ff2de83bd0e9fd79d026630d2d99e55e8bfe501287647b4fd9743de?s=96&d=mm&r=g\",\"caption\":\"Gonzalo Schmidt\"},\"description\":\"Sitio web de noticias de la provincia de Entre R\u00edos, Argentina. Informaci\u00f3n y entretenimiento. Informe Litoral, nos informamos.\",\"sameAs\":[\"http:\\\/\\\/www.isletasnoticias.com.ar\"],\"url\":\"https:\\\/\\\/informelitoral.com.ar\\\/author\\\/gonzalo\\\/\"}]}<\/script>","yoast_head_json":{"title":"Variadas actividades de la senadora Claudia Gieco en todo el Departamento - Informe Litoral","robots":{"index":"index","follow":"follow","max-snippet":"max-snippet:-1","max-image-preview":"max-image-preview:large","max-video-preview":"max-video-preview:-1"},"canonical":"https:\/\/informelitoral.com.ar\/variadas-actividades-de-la-senadora-claudia-gieco-en-todo-el-departamento\/","og_locale":"es_ES","og_type":"article","og_title":"Variadas actividades de la senadora Claudia Gieco en todo el Departamento - Informe Litoral","og_description":"La legisladora recorri\u00f3 escuelas del Departamento y particip\u00f3 de actividades vinculadas con la Semana de la Mujer.","og_url":"https:\/\/informelitoral.com.ar\/variadas-actividades-de-la-senadora-claudia-gieco-en-todo-el-departamento\/","og_site_name":"Informe Litoral","article_publisher":"https:\/\/www.facebook.com\/informelitoral\/","article_published_time":"2021-03-23T17:07:51+00:00","og_image":[{"width":1280,"height":853,"url":"https:\/\/informelitoral.com.ar\/%77%70%2d%63%6f%6e%74%65%6e%74\/uploads\/2021\/03\/claudia-gieco-senadora.jpg","type":"image\/jpeg"}],"author":"Gonzalo Schmidt","twitter_card":"summary_large_image","twitter_creator":"@InformeLitoral","twitter_site":"@InformeLitoral","twitter_misc":{"Escrito por":"Gonzalo Schmidt","Tiempo de lectura":"2 minutos"},"schema":{"@context":"https:\/\/schema.org","@graph":[{"@type":"Article","@id":"https:\/\/informelitoral.com.ar\/variadas-actividades-de-la-senadora-claudia-gieco-en-todo-el-departamento\/#article","isPartOf":{"@id":"https:\/\/informelitoral.com.ar\/variadas-actividades-de-la-senadora-claudia-gieco-en-todo-el-departamento\/"},"author":{"name":"Gonzalo Schmidt","@id":"https:\/\/informelitoral.com.ar\/#\/schema\/person\/b9d00407c836482871ef1d57bf8e3180"},"headline":"Variadas actividades de la senadora Claudia Gieco en todo el Departamento","datePublished":"2021-03-23T17:07:51+00:00","mainEntityOfPage":{"@id":"https:\/\/informelitoral.com.ar\/variadas-actividades-de-la-senadora-claudia-gieco-en-todo-el-departamento\/"},"wordCount":407,"commentCount":0,"publisher":{"@id":"https:\/\/informelitoral.com.ar\/#organization"},"image":{"@id":"https:\/\/informelitoral.com.ar\/variadas-actividades-de-la-senadora-claudia-gieco-en-todo-el-departamento\/#primaryimage"},"thumbnailUrl":"https:\/\/informelitoral.com.ar\/%77%70%2d%63%6f%6e%74%65%6e%74\/uploads\/2021\/03\/claudia-gieco-senadora.jpg","keywords":["Claudia Gieco","Senado","Senadora"],"articleSection":["Departamento Diamante","Politica"],"inLanguage":"es","potentialAction":[{"@type":"CommentAction","name":"Comment","target":["https:\/\/informelitoral.com.ar\/variadas-actividades-de-la-senadora-claudia-gieco-en-todo-el-departamento\/#respond"]}]},{"@type":"WebPage","@id":"https:\/\/informelitoral.com.ar\/variadas-actividades-de-la-senadora-claudia-gieco-en-todo-el-departamento\/","url":"https:\/\/informelitoral.com.ar\/variadas-actividades-de-la-senadora-claudia-gieco-en-todo-el-departamento\/","name":"Variadas actividades de la senadora Claudia Gieco en todo el Departamento - Informe Litoral","isPartOf":{"@id":"https:\/\/informelitoral.com.ar\/#website"},"primaryImageOfPage":{"@id":"https:\/\/informelitoral.com.ar\/variadas-actividades-de-la-senadora-claudia-gieco-en-todo-el-departamento\/#primaryimage"},"image":{"@id":"https:\/\/informelitoral.com.ar\/variadas-actividades-de-la-senadora-claudia-gieco-en-todo-el-departamento\/#primaryimage"},"thumbnailUrl":"https:\/\/informelitoral.com.ar\/%77%70%2d%63%6f%6e%74%65%6e%74\/uploads\/2021\/03\/claudia-gieco-senadora.jpg","datePublished":"2021-03-23T17:07:51+00:00","breadcrumb":{"@id":"https:\/\/informelitoral.com.ar\/variadas-actividades-de-la-senadora-claudia-gieco-en-todo-el-departamento\/#breadcrumb"},"inLanguage":"es","potentialAction":[{"@type":"ReadAction","target":["https:\/\/informelitoral.com.ar\/variadas-actividades-de-la-senadora-claudia-gieco-en-todo-el-departamento\/"]}]},{"@type":"ImageObject","inLanguage":"es","@id":"https:\/\/informelitoral.com.ar\/variadas-actividades-de-la-senadora-claudia-gieco-en-todo-el-departamento\/#primaryimage","url":"https:\/\/informelitoral.com.ar\/%77%70%2d%63%6f%6e%74%65%6e%74\/uploads\/2021\/03\/claudia-gieco-senadora.jpg","contentUrl":"https:\/\/informelitoral.com.ar\/%77%70%2d%63%6f%6e%74%65%6e%74\/uploads\/2021\/03\/claudia-gieco-senadora.jpg","width":1280,"height":853},{"@type":"BreadcrumbList","@id":"https:\/\/informelitoral.com.ar\/variadas-actividades-de-la-senadora-claudia-gieco-en-todo-el-departamento\/#breadcrumb","itemListElement":[{"@type":"ListItem","position":1,"name":"Portada","item":"https:\/\/informelitoral.com.ar\/"},{"@type":"ListItem","position":2,"name":"Variadas actividades de la senadora Claudia Gieco en todo el Departamento"}]},{"@type":"WebSite","@id":"https:\/\/informelitoral.com.ar\/#website","url":"https:\/\/informelitoral.com.ar\/","name":"Informe Litoral","description":"&quot;Nos informamos&quot; ","publisher":{"@id":"https:\/\/informelitoral.com.ar\/#organization"},"potentialAction":[{"@type":"SearchAction","target":{"@type":"EntryPoint","urlTemplate":"https:\/\/informelitoral.com.ar\/?s={search_term_string}"},"query-input":{"@type":"PropertyValueSpecification","valueRequired":true,"valueName":"search_term_string"}}],"inLanguage":"es"},{"@type":"Organization","@id":"https:\/\/informelitoral.com.ar\/#organization","name":"Informe Litoral","url":"https:\/\/informelitoral.com.ar\/","logo":{"@type":"ImageObject","inLanguage":"es","@id":"https:\/\/informelitoral.com.ar\/#\/schema\/logo\/image\/","url":"https:\/\/informelitoral.com.ar\/%77%70%2d%63%6f%6e%74%65%6e%74\/uploads\/2021\/01\/circulo.png","contentUrl":"https:\/\/informelitoral.com.ar\/%77%70%2d%63%6f%6e%74%65%6e%74\/uploads\/2021\/01\/circulo.png","width":723,"height":731,"caption":"Informe Litoral"},"image":{"@id":"https:\/\/informelitoral.com.ar\/#\/schema\/logo\/image\/"},"sameAs":["https:\/\/www.facebook.com\/informelitoral\/","https:\/\/x.com\/InformeLitoral","https:\/\/www.instagram.com\/informelitoral\/","https:\/\/www.youtube.com\/channel\/UCua4Qvz8Icb6MYqhoq9xLXw"]},{"@type":"Person","@id":"https:\/\/informelitoral.com.ar\/#\/schema\/person\/b9d00407c836482871ef1d57bf8e3180","name":"Gonzalo Schmidt","image":{"@type":"ImageObject","inLanguage":"es","@id":"https:\/\/secure.gravatar.com\/avatar\/31a1a7b66ff2de83bd0e9fd79d026630d2d99e55e8bfe501287647b4fd9743de?s=96&d=mm&r=g","url":"https:\/\/secure.gravatar.com\/avatar\/31a1a7b66ff2de83bd0e9fd79d026630d2d99e55e8bfe501287647b4fd9743de?s=96&d=mm&r=g","contentUrl":"https:\/\/secure.gravatar.com\/avatar\/31a1a7b66ff2de83bd0e9fd79d026630d2d99e55e8bfe501287647b4fd9743de?s=96&d=mm&r=g","caption":"Gonzalo Schmidt"},"description":"Sitio web de noticias de la provincia de Entre R\u00edos, Argentina. Informaci\u00f3n y entretenimiento. Informe Litoral, nos informamos.","sameAs":["http:\/\/www.isletasnoticias.com.ar"],"url":"https:\/\/informelitoral.com.ar\/author\/gonzalo\/"}]}},"_links":{"self":[{"href":"https:\/\/informelitoral.com.ar\/%77%70%2d%6a%73%6f%6e\/wp\/v2\/posts\/57974","targetHints":{"allow":["GET"]}}],"collection":[{"href":"https:\/\/informelitoral.com.ar\/%77%70%2d%6a%73%6f%6e\/wp\/v2\/posts"}],"about":[{"href":"https:\/\/informelitoral.com.ar\/%77%70%2d%6a%73%6f%6e\/wp\/v2\/types\/post"}],"author":[{"embeddable":true,"href":"https:\/\/informelitoral.com.ar\/%77%70%2d%6a%73%6f%6e\/wp\/v2\/users\/2"}],"replies":[{"embeddable":true,"href":"https:\/\/informelitoral.com.ar\/%77%70%2d%6a%73%6f%6e\/wp\/v2\/comments?post=57974"}],"version-history":[{"count":0,"href":"https:\/\/informelitoral.com.ar\/%77%70%2d%6a%73%6f%6e\/wp\/v2\/posts\/57974\/revisions"}],"wp:featuredmedia":[{"embeddable":true,"href":"https:\/\/informelitoral.com.ar\/%77%70%2d%6a%73%6f%6e\/wp\/v2\/media\/57975"}],"wp:attachment":[{"href":"https:\/\/informelitoral.com.ar\/%77%70%2d%6a%73%6f%6e\/wp\/v2\/media?parent=57974"}],"wp:term":[{"taxonomy":"category","embeddable":true,"href":"https:\/\/informelitoral.com.ar\/%77%70%2d%6a%73%6f%6e\/wp\/v2\/categories?post=57974"},{"taxonomy":"post_tag","embeddable":true,"href":"https:\/\/informelitoral.com.ar\/%77%70%2d%6a%73%6f%6e\/wp\/v2\/tags?post=57974"}],"curies":[{"name":"wp","href":"https:\/\/api.w.org\/{rel}","templated":true}]}}