{"id":57970,"date":"2021-03-23T08:11:14","date_gmt":"2021-03-23T11:11:14","guid":{"rendered":"https:\/\/www.informelitoral.com.ar\/?p=57970"},"modified":"2021-03-23T08:11:14","modified_gmt":"2021-03-23T11:11:14","slug":"el-nino-gaucho-entrerriano-que-asiste-a-folclore-y-reivindica-las-tradiciones","status":"publish","type":"post","link":"https:\/\/informelitoral.com.ar\/el-nino-gaucho-entrerriano-que-asiste-a-folclore-y-reivindica-las-tradiciones\/","title":{"rendered":"El ni\u00f1o gaucho entrerriano que asiste a folclore y reivindica las tradiciones"},"content":{"rendered":"<p>\u201cPilchas gauchas con orgullo me gustan lucir a m\u00ed, porque ando cantando coplas que en esta tierra aprend\u00ed\u2026\u201d dice Orlando Vera Cruz en su canci\u00f3n Pilcha Gaucha, y un nenito entrerriano se lo toma muy en serio y cultiva esa tradici\u00f3n desde peque\u00f1o.<\/p>\n<p>Juan Sebasti\u00e1n tiene cinco a\u00f1os, es oriundo de la localidad de Bovril y ama el folclore.<\/p>\n<figure class=\"embed\"><img decoding=\"async\" title=\"\" src=\"https:\/\/elonce-media2.elonce.com.ar\/fotos-nuevo\/2021\/03\/22\/o_1616459831.jpg\" alt=\"\" width=\"640\" \/><\/figure>\n<p>Siempre acompa\u00f1ado por sus padres, desde los dos a\u00f1os el ni\u00f1o asisti\u00f3 a la academia. Seg\u00fan relat\u00f3 su mam\u00e1, Sonia Patricia Villar, a<em>\u00a0Elonce,<\/em> \u201cdesde este a\u00f1o se toma como alumno, por la edad. El sistema es as\u00ed, desde la edad escolar se toma como parte de la academia\u201d.<\/p>\n<p>El ni\u00f1o comenz\u00f3 este a\u00f1o primer grado en un colegio de esa ciudad. Luego de cumplir con sus obligaciones, los lunes y mi\u00e9rcoles se cambia r\u00e1pido y ansioso para ir a folclore: se deja la chomba de la escuela, se saca el jogging azul escolar y se pone la bombacha de campo. Tambi\u00e9n deja sus zapatillas negras de lado y se pone las alpargatas. Infaltable: la boina, que se la ubica hacia un costado. As\u00ed, feliz, se va a hacer lo que m\u00e1s ama.<\/p>\n<figure class=\"embed\"><img decoding=\"async\" title=\"\" src=\"https:\/\/elonce-media2.elonce.com.ar\/fotos-nuevo\/2021\/03\/22\/o_1616459920.jpg\" alt=\"\" width=\"640\" \/><\/figure>\n<p>Asimismo, su mam\u00e1 relat\u00f3 que un domingo por mes tambi\u00e9n tiene clases de bombo.<\/p>\n<p>\u201cEn casa no hay internet, as\u00ed que tenemos por costumbre escuchar radio todas las ma\u00f1anas. Escuchamos chamam\u00e9 y m\u00fasica folcl\u00f3rica. En realidad, le gusta todo lo referente al campo, levantarse temprano a tomar mate o mate cocido, mirar folclorismo o domas\u201d, asegur\u00f3 Sonia sobre c\u00f3mo surgi\u00f3 la pasi\u00f3n de su hijo por nuestras tradiciones.<\/p>\n<p>Adem\u00e1s, confirm\u00f3 que el peque\u00f1o se viste todos los d\u00edas con prendas gauchas porque \u201cle encanta\u201d y lo hace sentir feliz. \u00abToda su ropa es as\u00ed. Bombachas y camisas, fajas y cintos con yunta y rastras. Boinas. Lo tiene adquirido como su vestimenta diaria\u00bb, dijo su mam\u00e1, quien tambi\u00e9n cont\u00f3 que cuando llega el fr\u00edo el infaltable es \u00absu fiel poncho colorado\u00bb. <em>(Fuente: Elonce.com)<\/em><\/p>\n","protected":false},"excerpt":{"rendered":"<p>Se llama Juan Sebasti\u00e1n, tiene cinco a\u00f1os y vive en la localidad de Bovril. Desde los dos a\u00f1os asiste a folclore y reivindica las tradiciones en su vida cotidiana. <\/p>\n","protected":false},"author":2,"featured_media":57971,"comment_status":"open","ping_status":"open","sticky":false,"template":"","format":"standard","meta":{"fifu_image_url":"","fifu_image_alt":"","footnotes":""},"categories":[9],"tags":[1609,793],"class_list":{"0":"post-57970","1":"post","2":"type-post","3":"status-publish","4":"format-standard","5":"has-post-thumbnail","7":"category-sociedad","8":"tag-bovril","9":"tag-tradicion"},"yoast_head":"<title>El ni\u00f1o gaucho entrerriano que asiste a folclore y reivindica las tradiciones - Informe Litoral<\/title>\n<meta name=\"robots\" content=\"index, follow, max-snippet:-1, max-image-preview:large, max-video-preview:-1\" \/>\n<link rel=\"canonical\" href=\"https:\/\/informelitoral.com.ar\/el-nino-gaucho-entrerriano-que-asiste-a-folclore-y-reivindica-las-tradiciones\/\" \/>\n<meta property=\"og:locale\" content=\"es_ES\" \/>\n<meta property=\"og:type\" content=\"article\" \/>\n<meta property=\"og:title\" content=\"El ni\u00f1o gaucho entrerriano que asiste a folclore y reivindica las tradiciones - Informe Litoral\" \/>\n<meta property=\"og:description\" content=\"Se llama Juan Sebasti\u00e1n, tiene cinco a\u00f1os y vive en la localidad de Bovril. Desde los dos a\u00f1os asiste a folclore y reivindica las tradiciones en su vida cotidiana.\" \/>\n<meta property=\"og:url\" content=\"https:\/\/informelitoral.com.ar\/el-nino-gaucho-entrerriano-que-asiste-a-folclore-y-reivindica-las-tradiciones\/\" \/>\n<meta property=\"og:site_name\" content=\"Informe Litoral\" \/>\n<meta property=\"article:publisher\" content=\"https:\/\/www.facebook.com\/informelitoral\/\" \/>\n<meta property=\"article:published_time\" content=\"2021-03-23T11:11:14+00:00\" \/>\n<meta property=\"og:image\" content=\"https:\/\/informelitoral.com.ar\/%77%70%2d%63%6f%6e%74%65%6e%74\/uploads\/2021\/03\/o_1616459830.jpg\" \/>\n\t<meta property=\"og:image:width\" content=\"800\" \/>\n\t<meta property=\"og:image:height\" content=\"450\" \/>\n\t<meta property=\"og:image:type\" content=\"image\/jpeg\" \/>\n<meta name=\"author\" content=\"Gonzalo Schmidt\" \/>\n<meta name=\"twitter:card\" content=\"summary_large_image\" \/>\n<meta name=\"twitter:creator\" content=\"@InformeLitoral\" \/>\n<meta name=\"twitter:site\" content=\"@InformeLitoral\" \/>\n<meta name=\"twitter:label1\" content=\"Escrito por\" \/>\n\t<meta name=\"twitter:data1\" content=\"Gonzalo Schmidt\" \/>\n\t<meta name=\"twitter:label2\" content=\"Tiempo de lectura\" \/>\n\t<meta name=\"twitter:data2\" content=\"2 minutos\" \/>\n<script type=\"application\/ld+json\" class=\"yoast-schema-graph\">{\"@context\":\"https:\\\/\\\/schema.org\",\"@graph\":[{\"@type\":\"Article\",\"@id\":\"https:\\\/\\\/informelitoral.com.ar\\\/el-nino-gaucho-entrerriano-que-asiste-a-folclore-y-reivindica-las-tradiciones\\\/#article\",\"isPartOf\":{\"@id\":\"https:\\\/\\\/informelitoral.com.ar\\\/el-nino-gaucho-entrerriano-que-asiste-a-folclore-y-reivindica-las-tradiciones\\\/\"},\"author\":{\"name\":\"Gonzalo Schmidt\",\"@id\":\"https:\\\/\\\/informelitoral.com.ar\\\/#\\\/schema\\\/person\\\/b9d00407c836482871ef1d57bf8e3180\"},\"headline\":\"El ni\u00f1o gaucho entrerriano que asiste a folclore y reivindica las tradiciones\",\"datePublished\":\"2021-03-23T11:11:14+00:00\",\"mainEntityOfPage\":{\"@id\":\"https:\\\/\\\/informelitoral.com.ar\\\/el-nino-gaucho-entrerriano-que-asiste-a-folclore-y-reivindica-las-tradiciones\\\/\"},\"wordCount\":365,\"commentCount\":0,\"publisher\":{\"@id\":\"https:\\\/\\\/informelitoral.com.ar\\\/#organization\"},\"image\":{\"@id\":\"https:\\\/\\\/informelitoral.com.ar\\\/el-nino-gaucho-entrerriano-que-asiste-a-folclore-y-reivindica-las-tradiciones\\\/#primaryimage\"},\"thumbnailUrl\":\"https:\\\/\\\/informelitoral.com.ar\\\/%77%70%2d%63%6f%6e%74%65%6e%74\\\/uploads\\\/2021\\\/03\\\/o_1616459830.jpg\",\"keywords\":[\"Bovril\",\"Tradici\u00f3n\"],\"articleSection\":[\"Sociedad\"],\"inLanguage\":\"es\",\"potentialAction\":[{\"@type\":\"CommentAction\",\"name\":\"Comment\",\"target\":[\"https:\\\/\\\/informelitoral.com.ar\\\/el-nino-gaucho-entrerriano-que-asiste-a-folclore-y-reivindica-las-tradiciones\\\/#respond\"]}]},{\"@type\":\"WebPage\",\"@id\":\"https:\\\/\\\/informelitoral.com.ar\\\/el-nino-gaucho-entrerriano-que-asiste-a-folclore-y-reivindica-las-tradiciones\\\/\",\"url\":\"https:\\\/\\\/informelitoral.com.ar\\\/el-nino-gaucho-entrerriano-que-asiste-a-folclore-y-reivindica-las-tradiciones\\\/\",\"name\":\"El ni\u00f1o gaucho entrerriano que asiste a folclore y reivindica las tradiciones - Informe Litoral\",\"isPartOf\":{\"@id\":\"https:\\\/\\\/informelitoral.com.ar\\\/#website\"},\"primaryImageOfPage\":{\"@id\":\"https:\\\/\\\/informelitoral.com.ar\\\/el-nino-gaucho-entrerriano-que-asiste-a-folclore-y-reivindica-las-tradiciones\\\/#primaryimage\"},\"image\":{\"@id\":\"https:\\\/\\\/informelitoral.com.ar\\\/el-nino-gaucho-entrerriano-que-asiste-a-folclore-y-reivindica-las-tradiciones\\\/#primaryimage\"},\"thumbnailUrl\":\"https:\\\/\\\/informelitoral.com.ar\\\/%77%70%2d%63%6f%6e%74%65%6e%74\\\/uploads\\\/2021\\\/03\\\/o_1616459830.jpg\",\"datePublished\":\"2021-03-23T11:11:14+00:00\",\"breadcrumb\":{\"@id\":\"https:\\\/\\\/informelitoral.com.ar\\\/el-nino-gaucho-entrerriano-que-asiste-a-folclore-y-reivindica-las-tradiciones\\\/#breadcrumb\"},\"inLanguage\":\"es\",\"potentialAction\":[{\"@type\":\"ReadAction\",\"target\":[\"https:\\\/\\\/informelitoral.com.ar\\\/el-nino-gaucho-entrerriano-que-asiste-a-folclore-y-reivindica-las-tradiciones\\\/\"]}]},{\"@type\":\"ImageObject\",\"inLanguage\":\"es\",\"@id\":\"https:\\\/\\\/informelitoral.com.ar\\\/el-nino-gaucho-entrerriano-que-asiste-a-folclore-y-reivindica-las-tradiciones\\\/#primaryimage\",\"url\":\"https:\\\/\\\/informelitoral.com.ar\\\/%77%70%2d%63%6f%6e%74%65%6e%74\\\/uploads\\\/2021\\\/03\\\/o_1616459830.jpg\",\"contentUrl\":\"https:\\\/\\\/informelitoral.com.ar\\\/%77%70%2d%63%6f%6e%74%65%6e%74\\\/uploads\\\/2021\\\/03\\\/o_1616459830.jpg\",\"width\":800,\"height\":450},{\"@type\":\"BreadcrumbList\",\"@id\":\"https:\\\/\\\/informelitoral.com.ar\\\/el-nino-gaucho-entrerriano-que-asiste-a-folclore-y-reivindica-las-tradiciones\\\/#breadcrumb\",\"itemListElement\":[{\"@type\":\"ListItem\",\"position\":1,\"name\":\"Portada\",\"item\":\"https:\\\/\\\/informelitoral.com.ar\\\/\"},{\"@type\":\"ListItem\",\"position\":2,\"name\":\"El ni\u00f1o gaucho entrerriano que asiste a folclore y reivindica las tradiciones\"}]},{\"@type\":\"WebSite\",\"@id\":\"https:\\\/\\\/informelitoral.com.ar\\\/#website\",\"url\":\"https:\\\/\\\/informelitoral.com.ar\\\/\",\"name\":\"Informe Litoral\",\"description\":\"&quot;Nos informamos&quot; \",\"publisher\":{\"@id\":\"https:\\\/\\\/informelitoral.com.ar\\\/#organization\"},\"potentialAction\":[{\"@type\":\"SearchAction\",\"target\":{\"@type\":\"EntryPoint\",\"urlTemplate\":\"https:\\\/\\\/informelitoral.com.ar\\\/?s={search_term_string}\"},\"query-input\":{\"@type\":\"PropertyValueSpecification\",\"valueRequired\":true,\"valueName\":\"search_term_string\"}}],\"inLanguage\":\"es\"},{\"@type\":\"Organization\",\"@id\":\"https:\\\/\\\/informelitoral.com.ar\\\/#organization\",\"name\":\"Informe Litoral\",\"url\":\"https:\\\/\\\/informelitoral.com.ar\\\/\",\"logo\":{\"@type\":\"ImageObject\",\"inLanguage\":\"es\",\"@id\":\"https:\\\/\\\/informelitoral.com.ar\\\/#\\\/schema\\\/logo\\\/image\\\/\",\"url\":\"https:\\\/\\\/informelitoral.com.ar\\\/%77%70%2d%63%6f%6e%74%65%6e%74\\\/uploads\\\/2021\\\/01\\\/circulo.png\",\"contentUrl\":\"https:\\\/\\\/informelitoral.com.ar\\\/%77%70%2d%63%6f%6e%74%65%6e%74\\\/uploads\\\/2021\\\/01\\\/circulo.png\",\"width\":723,\"height\":731,\"caption\":\"Informe Litoral\"},\"image\":{\"@id\":\"https:\\\/\\\/informelitoral.com.ar\\\/#\\\/schema\\\/logo\\\/image\\\/\"},\"sameAs\":[\"https:\\\/\\\/www.facebook.com\\\/informelitoral\\\/\",\"https:\\\/\\\/x.com\\\/InformeLitoral\",\"https:\\\/\\\/www.instagram.com\\\/informelitoral\\\/\",\"https:\\\/\\\/www.youtube.com\\\/channel\\\/UCua4Qvz8Icb6MYqhoq9xLXw\"]},{\"@type\":\"Person\",\"@id\":\"https:\\\/\\\/informelitoral.com.ar\\\/#\\\/schema\\\/person\\\/b9d00407c836482871ef1d57bf8e3180\",\"name\":\"Gonzalo Schmidt\",\"image\":{\"@type\":\"ImageObject\",\"inLanguage\":\"es\",\"@id\":\"https:\\\/\\\/secure.gravatar.com\\\/avatar\\\/31a1a7b66ff2de83bd0e9fd79d026630d2d99e55e8bfe501287647b4fd9743de?s=96&d=mm&r=g\",\"url\":\"https:\\\/\\\/secure.gravatar.com\\\/avatar\\\/31a1a7b66ff2de83bd0e9fd79d026630d2d99e55e8bfe501287647b4fd9743de?s=96&d=mm&r=g\",\"contentUrl\":\"https:\\\/\\\/secure.gravatar.com\\\/avatar\\\/31a1a7b66ff2de83bd0e9fd79d026630d2d99e55e8bfe501287647b4fd9743de?s=96&d=mm&r=g\",\"caption\":\"Gonzalo Schmidt\"},\"description\":\"Sitio web de noticias de la provincia de Entre R\u00edos, Argentina. Informaci\u00f3n y entretenimiento. Informe Litoral, nos informamos.\",\"sameAs\":[\"http:\\\/\\\/www.isletasnoticias.com.ar\"],\"url\":\"https:\\\/\\\/informelitoral.com.ar\\\/author\\\/gonzalo\\\/\"}]}<\/script>","yoast_head_json":{"title":"El ni\u00f1o gaucho entrerriano que asiste a folclore y reivindica las tradiciones - Informe Litoral","robots":{"index":"index","follow":"follow","max-snippet":"max-snippet:-1","max-image-preview":"max-image-preview:large","max-video-preview":"max-video-preview:-1"},"canonical":"https:\/\/informelitoral.com.ar\/el-nino-gaucho-entrerriano-que-asiste-a-folclore-y-reivindica-las-tradiciones\/","og_locale":"es_ES","og_type":"article","og_title":"El ni\u00f1o gaucho entrerriano que asiste a folclore y reivindica las tradiciones - Informe Litoral","og_description":"Se llama Juan Sebasti\u00e1n, tiene cinco a\u00f1os y vive en la localidad de Bovril. Desde los dos a\u00f1os asiste a folclore y reivindica las tradiciones en su vida cotidiana.","og_url":"https:\/\/informelitoral.com.ar\/el-nino-gaucho-entrerriano-que-asiste-a-folclore-y-reivindica-las-tradiciones\/","og_site_name":"Informe Litoral","article_publisher":"https:\/\/www.facebook.com\/informelitoral\/","article_published_time":"2021-03-23T11:11:14+00:00","og_image":[{"width":800,"height":450,"url":"https:\/\/informelitoral.com.ar\/%77%70%2d%63%6f%6e%74%65%6e%74\/uploads\/2021\/03\/o_1616459830.jpg","type":"image\/jpeg"}],"author":"Gonzalo Schmidt","twitter_card":"summary_large_image","twitter_creator":"@InformeLitoral","twitter_site":"@InformeLitoral","twitter_misc":{"Escrito por":"Gonzalo Schmidt","Tiempo de lectura":"2 minutos"},"schema":{"@context":"https:\/\/schema.org","@graph":[{"@type":"Article","@id":"https:\/\/informelitoral.com.ar\/el-nino-gaucho-entrerriano-que-asiste-a-folclore-y-reivindica-las-tradiciones\/#article","isPartOf":{"@id":"https:\/\/informelitoral.com.ar\/el-nino-gaucho-entrerriano-que-asiste-a-folclore-y-reivindica-las-tradiciones\/"},"author":{"name":"Gonzalo Schmidt","@id":"https:\/\/informelitoral.com.ar\/#\/schema\/person\/b9d00407c836482871ef1d57bf8e3180"},"headline":"El ni\u00f1o gaucho entrerriano que asiste a folclore y reivindica las tradiciones","datePublished":"2021-03-23T11:11:14+00:00","mainEntityOfPage":{"@id":"https:\/\/informelitoral.com.ar\/el-nino-gaucho-entrerriano-que-asiste-a-folclore-y-reivindica-las-tradiciones\/"},"wordCount":365,"commentCount":0,"publisher":{"@id":"https:\/\/informelitoral.com.ar\/#organization"},"image":{"@id":"https:\/\/informelitoral.com.ar\/el-nino-gaucho-entrerriano-que-asiste-a-folclore-y-reivindica-las-tradiciones\/#primaryimage"},"thumbnailUrl":"https:\/\/informelitoral.com.ar\/%77%70%2d%63%6f%6e%74%65%6e%74\/uploads\/2021\/03\/o_1616459830.jpg","keywords":["Bovril","Tradici\u00f3n"],"articleSection":["Sociedad"],"inLanguage":"es","potentialAction":[{"@type":"CommentAction","name":"Comment","target":["https:\/\/informelitoral.com.ar\/el-nino-gaucho-entrerriano-que-asiste-a-folclore-y-reivindica-las-tradiciones\/#respond"]}]},{"@type":"WebPage","@id":"https:\/\/informelitoral.com.ar\/el-nino-gaucho-entrerriano-que-asiste-a-folclore-y-reivindica-las-tradiciones\/","url":"https:\/\/informelitoral.com.ar\/el-nino-gaucho-entrerriano-que-asiste-a-folclore-y-reivindica-las-tradiciones\/","name":"El ni\u00f1o gaucho entrerriano que asiste a folclore y reivindica las tradiciones - Informe Litoral","isPartOf":{"@id":"https:\/\/informelitoral.com.ar\/#website"},"primaryImageOfPage":{"@id":"https:\/\/informelitoral.com.ar\/el-nino-gaucho-entrerriano-que-asiste-a-folclore-y-reivindica-las-tradiciones\/#primaryimage"},"image":{"@id":"https:\/\/informelitoral.com.ar\/el-nino-gaucho-entrerriano-que-asiste-a-folclore-y-reivindica-las-tradiciones\/#primaryimage"},"thumbnailUrl":"https:\/\/informelitoral.com.ar\/%77%70%2d%63%6f%6e%74%65%6e%74\/uploads\/2021\/03\/o_1616459830.jpg","datePublished":"2021-03-23T11:11:14+00:00","breadcrumb":{"@id":"https:\/\/informelitoral.com.ar\/el-nino-gaucho-entrerriano-que-asiste-a-folclore-y-reivindica-las-tradiciones\/#breadcrumb"},"inLanguage":"es","potentialAction":[{"@type":"ReadAction","target":["https:\/\/informelitoral.com.ar\/el-nino-gaucho-entrerriano-que-asiste-a-folclore-y-reivindica-las-tradiciones\/"]}]},{"@type":"ImageObject","inLanguage":"es","@id":"https:\/\/informelitoral.com.ar\/el-nino-gaucho-entrerriano-que-asiste-a-folclore-y-reivindica-las-tradiciones\/#primaryimage","url":"https:\/\/informelitoral.com.ar\/%77%70%2d%63%6f%6e%74%65%6e%74\/uploads\/2021\/03\/o_1616459830.jpg","contentUrl":"https:\/\/informelitoral.com.ar\/%77%70%2d%63%6f%6e%74%65%6e%74\/uploads\/2021\/03\/o_1616459830.jpg","width":800,"height":450},{"@type":"BreadcrumbList","@id":"https:\/\/informelitoral.com.ar\/el-nino-gaucho-entrerriano-que-asiste-a-folclore-y-reivindica-las-tradiciones\/#breadcrumb","itemListElement":[{"@type":"ListItem","position":1,"name":"Portada","item":"https:\/\/informelitoral.com.ar\/"},{"@type":"ListItem","position":2,"name":"El ni\u00f1o gaucho entrerriano que asiste a folclore y reivindica las tradiciones"}]},{"@type":"WebSite","@id":"https:\/\/informelitoral.com.ar\/#website","url":"https:\/\/informelitoral.com.ar\/","name":"Informe Litoral","description":"&quot;Nos informamos&quot; ","publisher":{"@id":"https:\/\/informelitoral.com.ar\/#organization"},"potentialAction":[{"@type":"SearchAction","target":{"@type":"EntryPoint","urlTemplate":"https:\/\/informelitoral.com.ar\/?s={search_term_string}"},"query-input":{"@type":"PropertyValueSpecification","valueRequired":true,"valueName":"search_term_string"}}],"inLanguage":"es"},{"@type":"Organization","@id":"https:\/\/informelitoral.com.ar\/#organization","name":"Informe Litoral","url":"https:\/\/informelitoral.com.ar\/","logo":{"@type":"ImageObject","inLanguage":"es","@id":"https:\/\/informelitoral.com.ar\/#\/schema\/logo\/image\/","url":"https:\/\/informelitoral.com.ar\/%77%70%2d%63%6f%6e%74%65%6e%74\/uploads\/2021\/01\/circulo.png","contentUrl":"https:\/\/informelitoral.com.ar\/%77%70%2d%63%6f%6e%74%65%6e%74\/uploads\/2021\/01\/circulo.png","width":723,"height":731,"caption":"Informe Litoral"},"image":{"@id":"https:\/\/informelitoral.com.ar\/#\/schema\/logo\/image\/"},"sameAs":["https:\/\/www.facebook.com\/informelitoral\/","https:\/\/x.com\/InformeLitoral","https:\/\/www.instagram.com\/informelitoral\/","https:\/\/www.youtube.com\/channel\/UCua4Qvz8Icb6MYqhoq9xLXw"]},{"@type":"Person","@id":"https:\/\/informelitoral.com.ar\/#\/schema\/person\/b9d00407c836482871ef1d57bf8e3180","name":"Gonzalo Schmidt","image":{"@type":"ImageObject","inLanguage":"es","@id":"https:\/\/secure.gravatar.com\/avatar\/31a1a7b66ff2de83bd0e9fd79d026630d2d99e55e8bfe501287647b4fd9743de?s=96&d=mm&r=g","url":"https:\/\/secure.gravatar.com\/avatar\/31a1a7b66ff2de83bd0e9fd79d026630d2d99e55e8bfe501287647b4fd9743de?s=96&d=mm&r=g","contentUrl":"https:\/\/secure.gravatar.com\/avatar\/31a1a7b66ff2de83bd0e9fd79d026630d2d99e55e8bfe501287647b4fd9743de?s=96&d=mm&r=g","caption":"Gonzalo Schmidt"},"description":"Sitio web de noticias de la provincia de Entre R\u00edos, Argentina. Informaci\u00f3n y entretenimiento. Informe Litoral, nos informamos.","sameAs":["http:\/\/www.isletasnoticias.com.ar"],"url":"https:\/\/informelitoral.com.ar\/author\/gonzalo\/"}]}},"_links":{"self":[{"href":"https:\/\/informelitoral.com.ar\/%77%70%2d%6a%73%6f%6e\/wp\/v2\/posts\/57970","targetHints":{"allow":["GET"]}}],"collection":[{"href":"https:\/\/informelitoral.com.ar\/%77%70%2d%6a%73%6f%6e\/wp\/v2\/posts"}],"about":[{"href":"https:\/\/informelitoral.com.ar\/%77%70%2d%6a%73%6f%6e\/wp\/v2\/types\/post"}],"author":[{"embeddable":true,"href":"https:\/\/informelitoral.com.ar\/%77%70%2d%6a%73%6f%6e\/wp\/v2\/users\/2"}],"replies":[{"embeddable":true,"href":"https:\/\/informelitoral.com.ar\/%77%70%2d%6a%73%6f%6e\/wp\/v2\/comments?post=57970"}],"version-history":[{"count":0,"href":"https:\/\/informelitoral.com.ar\/%77%70%2d%6a%73%6f%6e\/wp\/v2\/posts\/57970\/revisions"}],"wp:featuredmedia":[{"embeddable":true,"href":"https:\/\/informelitoral.com.ar\/%77%70%2d%6a%73%6f%6e\/wp\/v2\/media\/57971"}],"wp:attachment":[{"href":"https:\/\/informelitoral.com.ar\/%77%70%2d%6a%73%6f%6e\/wp\/v2\/media?parent=57970"}],"wp:term":[{"taxonomy":"category","embeddable":true,"href":"https:\/\/informelitoral.com.ar\/%77%70%2d%6a%73%6f%6e\/wp\/v2\/categories?post=57970"},{"taxonomy":"post_tag","embeddable":true,"href":"https:\/\/informelitoral.com.ar\/%77%70%2d%6a%73%6f%6e\/wp\/v2\/tags?post=57970"}],"curies":[{"name":"wp","href":"https:\/\/api.w.org\/{rel}","templated":true}]}}