{"id":57967,"date":"2021-03-23T08:06:05","date_gmt":"2021-03-23T11:06:05","guid":{"rendered":"https:\/\/www.informelitoral.com.ar\/?p=57967"},"modified":"2021-03-23T08:06:05","modified_gmt":"2021-03-23T11:06:05","slug":"el-instituto-becario-continua-con-la-atencion-en-diferentes-departamentos","status":"publish","type":"post","link":"https:\/\/informelitoral.com.ar\/el-instituto-becario-continua-con-la-atencion-en-diferentes-departamentos\/","title":{"rendered":"El Instituto Becario contin\u00faa con la atenci\u00f3n en diferentes departamentos"},"content":{"rendered":"<p>El Instituto Becario retom\u00f3 los abordajes territoriales en la localidad de Bovril, departamento La Paz, donde estudiantes y familias se acercaron para realizar consultas acerca del tr\u00e1mite online para gestionar su beca del nivel secundario. La actividad cont\u00f3 con la presencia del director y la subdirectora del organismo, Sebasti\u00e1n B\u00e9rtoli y Carolina Aminano, quienes acompa\u00f1aron a los equipos que atendieron a los estudiantes.<\/p>\n<p>Esta semana el organismo provincial continuar\u00e1 su asistencia en el territorio, y estar\u00e1 presente en dos departamentos, Paran\u00e1 y Diamante, con cuatro abordajes cumpliendo con las normas sanitarias establecidas por la pandemia.<\/p>\n<p>El director ejecutivo del Becario, Sebasti\u00e1n B\u00e9rtoli, destac\u00f3 las actividades que se est\u00e1n realizando desde el ente para que los estudiantes secundarios completen la solicitud 2021.<\/p>\n<p>\u201cEstamos trabajando en conjunto con intendentes y legisladores en pos de llegar a la mayor cantidad de localidades de la provincia. Tenemos delegaciones en todos los departamentos pero tambi\u00e9n llevamos el servicio a todas las ciudades donde las oficinas del Becario est\u00e1 alejada\u201d, explic\u00f3 B\u00e9rtoli.<\/p>\n<p>En los abordajes territoriales el equipo del \u00e1rea Becas del Instituto se instala en un lugar clave de la localidad a la que asisten. Durante la atenci\u00f3n a las personas que se acercan, sean los estudiantes solos o con alg\u00fan familiar, se les brinda la informaci\u00f3n necesaria para continuar con su solicitud de beca.<\/p>\n<p><b>Agenda<\/b><\/p>\n<p>Este martes la sede del nuevo abordaje ser\u00e1 la Escuela Mar\u00eda Reina Inmaculada, en el barrio Maccarone, de la ciudad de Paran\u00e1, donde el equipo de Becas estar\u00e1 de 9 a 13 asistiendo y asesorando a quienes deseen solicitar su beca.<\/p>\n<p>El jueves 25, la actividad ser\u00e1 por la ma\u00f1ana en la Toma Nueva de 10 a 13 en la Escuela Secundaria 59 Toma Nueva, ubicada en calle Rondeau sin n\u00famero, ambos de la capital entrerriana; mientras que por la tarde la cita es en Valle Mar\u00eda, de 16 a 19, departamento Diamante, en el Concejo Deliberante, en calles 1\u00ba de Mayo y Urquiza.<\/p>\n<p>En tanto, el viernes 26 la atenci\u00f3n itinerante del Becario llegar\u00e1 a la ciudad de Tabossi, departamento Paran\u00e1, en el Sal\u00f3n Centro Cultural, en calle 20 de junio 76, de 9 a 13.<\/p>\n","protected":false},"excerpt":{"rendered":"<p>El organismo provincial estar\u00e1 esta semana con sus equipos en los departamentos Paran\u00e1 y Diamante para atender y asesorar a los estudiantes que quieran tramitar su beca del nivel secundario.<\/p>\n","protected":false},"author":2,"featured_media":57968,"comment_status":"open","ping_status":"open","sticky":false,"template":"","format":"standard","meta":{"fifu_image_url":"","fifu_image_alt":"","footnotes":""},"categories":[6],"tags":[418],"class_list":{"0":"post-57967","1":"post","2":"type-post","3":"status-publish","4":"format-standard","5":"has-post-thumbnail","7":"category-entre-rios","8":"tag-instituto-becario"},"yoast_head":"<title>El Instituto Becario contin\u00faa con la atenci\u00f3n en diferentes departamentos - Informe Litoral<\/title>\n<meta name=\"robots\" content=\"index, follow, max-snippet:-1, max-image-preview:large, max-video-preview:-1\" \/>\n<link rel=\"canonical\" href=\"https:\/\/informelitoral.com.ar\/el-instituto-becario-continua-con-la-atencion-en-diferentes-departamentos\/\" \/>\n<meta property=\"og:locale\" content=\"es_ES\" \/>\n<meta property=\"og:type\" content=\"article\" \/>\n<meta property=\"og:title\" content=\"El Instituto Becario contin\u00faa con la atenci\u00f3n en diferentes departamentos - Informe Litoral\" \/>\n<meta property=\"og:description\" content=\"El organismo provincial estar\u00e1 esta semana con sus equipos en los departamentos Paran\u00e1 y Diamante para atender y asesorar a los estudiantes que quieran tramitar su beca del nivel secundario.\" \/>\n<meta property=\"og:url\" content=\"https:\/\/informelitoral.com.ar\/el-instituto-becario-continua-con-la-atencion-en-diferentes-departamentos\/\" \/>\n<meta property=\"og:site_name\" content=\"Informe Litoral\" \/>\n<meta property=\"article:publisher\" content=\"https:\/\/www.facebook.com\/informelitoral\/\" \/>\n<meta property=\"article:published_time\" content=\"2021-03-23T11:06:05+00:00\" \/>\n<meta property=\"og:image\" content=\"https:\/\/informelitoral.com.ar\/%77%70%2d%63%6f%6e%74%65%6e%74\/uploads\/2021\/03\/1616437137jpg.jpg\" \/>\n\t<meta property=\"og:image:width\" content=\"1920\" \/>\n\t<meta property=\"og:image:height\" content=\"1280\" \/>\n\t<meta property=\"og:image:type\" content=\"image\/jpeg\" \/>\n<meta name=\"author\" content=\"Gonzalo Schmidt\" \/>\n<meta name=\"twitter:card\" content=\"summary_large_image\" \/>\n<meta name=\"twitter:creator\" content=\"@InformeLitoral\" \/>\n<meta name=\"twitter:site\" content=\"@InformeLitoral\" \/>\n<meta name=\"twitter:label1\" content=\"Escrito por\" \/>\n\t<meta name=\"twitter:data1\" content=\"Gonzalo Schmidt\" \/>\n\t<meta name=\"twitter:label2\" content=\"Tiempo de lectura\" \/>\n\t<meta name=\"twitter:data2\" content=\"2 minutos\" \/>\n<script type=\"application\/ld+json\" class=\"yoast-schema-graph\">{\"@context\":\"https:\\\/\\\/schema.org\",\"@graph\":[{\"@type\":\"Article\",\"@id\":\"https:\\\/\\\/informelitoral.com.ar\\\/el-instituto-becario-continua-con-la-atencion-en-diferentes-departamentos\\\/#article\",\"isPartOf\":{\"@id\":\"https:\\\/\\\/informelitoral.com.ar\\\/el-instituto-becario-continua-con-la-atencion-en-diferentes-departamentos\\\/\"},\"author\":{\"name\":\"Gonzalo Schmidt\",\"@id\":\"https:\\\/\\\/informelitoral.com.ar\\\/#\\\/schema\\\/person\\\/b9d00407c836482871ef1d57bf8e3180\"},\"headline\":\"El Instituto Becario contin\u00faa con la atenci\u00f3n en diferentes departamentos\",\"datePublished\":\"2021-03-23T11:06:05+00:00\",\"mainEntityOfPage\":{\"@id\":\"https:\\\/\\\/informelitoral.com.ar\\\/el-instituto-becario-continua-con-la-atencion-en-diferentes-departamentos\\\/\"},\"wordCount\":373,\"commentCount\":0,\"publisher\":{\"@id\":\"https:\\\/\\\/informelitoral.com.ar\\\/#organization\"},\"image\":{\"@id\":\"https:\\\/\\\/informelitoral.com.ar\\\/el-instituto-becario-continua-con-la-atencion-en-diferentes-departamentos\\\/#primaryimage\"},\"thumbnailUrl\":\"https:\\\/\\\/informelitoral.com.ar\\\/%77%70%2d%63%6f%6e%74%65%6e%74\\\/uploads\\\/2021\\\/03\\\/1616437137jpg.jpg\",\"keywords\":[\"Instituto Becario\"],\"articleSection\":[\"Entre R\u00edos\"],\"inLanguage\":\"es\",\"potentialAction\":[{\"@type\":\"CommentAction\",\"name\":\"Comment\",\"target\":[\"https:\\\/\\\/informelitoral.com.ar\\\/el-instituto-becario-continua-con-la-atencion-en-diferentes-departamentos\\\/#respond\"]}]},{\"@type\":\"WebPage\",\"@id\":\"https:\\\/\\\/informelitoral.com.ar\\\/el-instituto-becario-continua-con-la-atencion-en-diferentes-departamentos\\\/\",\"url\":\"https:\\\/\\\/informelitoral.com.ar\\\/el-instituto-becario-continua-con-la-atencion-en-diferentes-departamentos\\\/\",\"name\":\"El Instituto Becario contin\u00faa con la atenci\u00f3n en diferentes departamentos - Informe Litoral\",\"isPartOf\":{\"@id\":\"https:\\\/\\\/informelitoral.com.ar\\\/#website\"},\"primaryImageOfPage\":{\"@id\":\"https:\\\/\\\/informelitoral.com.ar\\\/el-instituto-becario-continua-con-la-atencion-en-diferentes-departamentos\\\/#primaryimage\"},\"image\":{\"@id\":\"https:\\\/\\\/informelitoral.com.ar\\\/el-instituto-becario-continua-con-la-atencion-en-diferentes-departamentos\\\/#primaryimage\"},\"thumbnailUrl\":\"https:\\\/\\\/informelitoral.com.ar\\\/%77%70%2d%63%6f%6e%74%65%6e%74\\\/uploads\\\/2021\\\/03\\\/1616437137jpg.jpg\",\"datePublished\":\"2021-03-23T11:06:05+00:00\",\"breadcrumb\":{\"@id\":\"https:\\\/\\\/informelitoral.com.ar\\\/el-instituto-becario-continua-con-la-atencion-en-diferentes-departamentos\\\/#breadcrumb\"},\"inLanguage\":\"es\",\"potentialAction\":[{\"@type\":\"ReadAction\",\"target\":[\"https:\\\/\\\/informelitoral.com.ar\\\/el-instituto-becario-continua-con-la-atencion-en-diferentes-departamentos\\\/\"]}]},{\"@type\":\"ImageObject\",\"inLanguage\":\"es\",\"@id\":\"https:\\\/\\\/informelitoral.com.ar\\\/el-instituto-becario-continua-con-la-atencion-en-diferentes-departamentos\\\/#primaryimage\",\"url\":\"https:\\\/\\\/informelitoral.com.ar\\\/%77%70%2d%63%6f%6e%74%65%6e%74\\\/uploads\\\/2021\\\/03\\\/1616437137jpg.jpg\",\"contentUrl\":\"https:\\\/\\\/informelitoral.com.ar\\\/%77%70%2d%63%6f%6e%74%65%6e%74\\\/uploads\\\/2021\\\/03\\\/1616437137jpg.jpg\",\"width\":1920,\"height\":1280},{\"@type\":\"BreadcrumbList\",\"@id\":\"https:\\\/\\\/informelitoral.com.ar\\\/el-instituto-becario-continua-con-la-atencion-en-diferentes-departamentos\\\/#breadcrumb\",\"itemListElement\":[{\"@type\":\"ListItem\",\"position\":1,\"name\":\"Portada\",\"item\":\"https:\\\/\\\/informelitoral.com.ar\\\/\"},{\"@type\":\"ListItem\",\"position\":2,\"name\":\"El Instituto Becario contin\u00faa con la atenci\u00f3n en diferentes departamentos\"}]},{\"@type\":\"WebSite\",\"@id\":\"https:\\\/\\\/informelitoral.com.ar\\\/#website\",\"url\":\"https:\\\/\\\/informelitoral.com.ar\\\/\",\"name\":\"Informe Litoral\",\"description\":\"&quot;Nos informamos&quot; \",\"publisher\":{\"@id\":\"https:\\\/\\\/informelitoral.com.ar\\\/#organization\"},\"potentialAction\":[{\"@type\":\"SearchAction\",\"target\":{\"@type\":\"EntryPoint\",\"urlTemplate\":\"https:\\\/\\\/informelitoral.com.ar\\\/?s={search_term_string}\"},\"query-input\":{\"@type\":\"PropertyValueSpecification\",\"valueRequired\":true,\"valueName\":\"search_term_string\"}}],\"inLanguage\":\"es\"},{\"@type\":\"Organization\",\"@id\":\"https:\\\/\\\/informelitoral.com.ar\\\/#organization\",\"name\":\"Informe Litoral\",\"url\":\"https:\\\/\\\/informelitoral.com.ar\\\/\",\"logo\":{\"@type\":\"ImageObject\",\"inLanguage\":\"es\",\"@id\":\"https:\\\/\\\/informelitoral.com.ar\\\/#\\\/schema\\\/logo\\\/image\\\/\",\"url\":\"https:\\\/\\\/informelitoral.com.ar\\\/%77%70%2d%63%6f%6e%74%65%6e%74\\\/uploads\\\/2021\\\/01\\\/circulo.png\",\"contentUrl\":\"https:\\\/\\\/informelitoral.com.ar\\\/%77%70%2d%63%6f%6e%74%65%6e%74\\\/uploads\\\/2021\\\/01\\\/circulo.png\",\"width\":723,\"height\":731,\"caption\":\"Informe Litoral\"},\"image\":{\"@id\":\"https:\\\/\\\/informelitoral.com.ar\\\/#\\\/schema\\\/logo\\\/image\\\/\"},\"sameAs\":[\"https:\\\/\\\/www.facebook.com\\\/informelitoral\\\/\",\"https:\\\/\\\/x.com\\\/InformeLitoral\",\"https:\\\/\\\/www.instagram.com\\\/informelitoral\\\/\",\"https:\\\/\\\/www.youtube.com\\\/channel\\\/UCua4Qvz8Icb6MYqhoq9xLXw\"]},{\"@type\":\"Person\",\"@id\":\"https:\\\/\\\/informelitoral.com.ar\\\/#\\\/schema\\\/person\\\/b9d00407c836482871ef1d57bf8e3180\",\"name\":\"Gonzalo Schmidt\",\"image\":{\"@type\":\"ImageObject\",\"inLanguage\":\"es\",\"@id\":\"https:\\\/\\\/secure.gravatar.com\\\/avatar\\\/31a1a7b66ff2de83bd0e9fd79d026630d2d99e55e8bfe501287647b4fd9743de?s=96&d=mm&r=g\",\"url\":\"https:\\\/\\\/secure.gravatar.com\\\/avatar\\\/31a1a7b66ff2de83bd0e9fd79d026630d2d99e55e8bfe501287647b4fd9743de?s=96&d=mm&r=g\",\"contentUrl\":\"https:\\\/\\\/secure.gravatar.com\\\/avatar\\\/31a1a7b66ff2de83bd0e9fd79d026630d2d99e55e8bfe501287647b4fd9743de?s=96&d=mm&r=g\",\"caption\":\"Gonzalo Schmidt\"},\"description\":\"Sitio web de noticias de la provincia de Entre R\u00edos, Argentina. Informaci\u00f3n y entretenimiento. Informe Litoral, nos informamos.\",\"sameAs\":[\"http:\\\/\\\/www.isletasnoticias.com.ar\"],\"url\":\"https:\\\/\\\/informelitoral.com.ar\\\/author\\\/gonzalo\\\/\"}]}<\/script>","yoast_head_json":{"title":"El Instituto Becario contin\u00faa con la atenci\u00f3n en diferentes departamentos - Informe Litoral","robots":{"index":"index","follow":"follow","max-snippet":"max-snippet:-1","max-image-preview":"max-image-preview:large","max-video-preview":"max-video-preview:-1"},"canonical":"https:\/\/informelitoral.com.ar\/el-instituto-becario-continua-con-la-atencion-en-diferentes-departamentos\/","og_locale":"es_ES","og_type":"article","og_title":"El Instituto Becario contin\u00faa con la atenci\u00f3n en diferentes departamentos - Informe Litoral","og_description":"El organismo provincial estar\u00e1 esta semana con sus equipos en los departamentos Paran\u00e1 y Diamante para atender y asesorar a los estudiantes que quieran tramitar su beca del nivel secundario.","og_url":"https:\/\/informelitoral.com.ar\/el-instituto-becario-continua-con-la-atencion-en-diferentes-departamentos\/","og_site_name":"Informe Litoral","article_publisher":"https:\/\/www.facebook.com\/informelitoral\/","article_published_time":"2021-03-23T11:06:05+00:00","og_image":[{"width":1920,"height":1280,"url":"https:\/\/informelitoral.com.ar\/%77%70%2d%63%6f%6e%74%65%6e%74\/uploads\/2021\/03\/1616437137jpg.jpg","type":"image\/jpeg"}],"author":"Gonzalo Schmidt","twitter_card":"summary_large_image","twitter_creator":"@InformeLitoral","twitter_site":"@InformeLitoral","twitter_misc":{"Escrito por":"Gonzalo Schmidt","Tiempo de lectura":"2 minutos"},"schema":{"@context":"https:\/\/schema.org","@graph":[{"@type":"Article","@id":"https:\/\/informelitoral.com.ar\/el-instituto-becario-continua-con-la-atencion-en-diferentes-departamentos\/#article","isPartOf":{"@id":"https:\/\/informelitoral.com.ar\/el-instituto-becario-continua-con-la-atencion-en-diferentes-departamentos\/"},"author":{"name":"Gonzalo Schmidt","@id":"https:\/\/informelitoral.com.ar\/#\/schema\/person\/b9d00407c836482871ef1d57bf8e3180"},"headline":"El Instituto Becario contin\u00faa con la atenci\u00f3n en diferentes departamentos","datePublished":"2021-03-23T11:06:05+00:00","mainEntityOfPage":{"@id":"https:\/\/informelitoral.com.ar\/el-instituto-becario-continua-con-la-atencion-en-diferentes-departamentos\/"},"wordCount":373,"commentCount":0,"publisher":{"@id":"https:\/\/informelitoral.com.ar\/#organization"},"image":{"@id":"https:\/\/informelitoral.com.ar\/el-instituto-becario-continua-con-la-atencion-en-diferentes-departamentos\/#primaryimage"},"thumbnailUrl":"https:\/\/informelitoral.com.ar\/%77%70%2d%63%6f%6e%74%65%6e%74\/uploads\/2021\/03\/1616437137jpg.jpg","keywords":["Instituto Becario"],"articleSection":["Entre R\u00edos"],"inLanguage":"es","potentialAction":[{"@type":"CommentAction","name":"Comment","target":["https:\/\/informelitoral.com.ar\/el-instituto-becario-continua-con-la-atencion-en-diferentes-departamentos\/#respond"]}]},{"@type":"WebPage","@id":"https:\/\/informelitoral.com.ar\/el-instituto-becario-continua-con-la-atencion-en-diferentes-departamentos\/","url":"https:\/\/informelitoral.com.ar\/el-instituto-becario-continua-con-la-atencion-en-diferentes-departamentos\/","name":"El Instituto Becario contin\u00faa con la atenci\u00f3n en diferentes departamentos - Informe Litoral","isPartOf":{"@id":"https:\/\/informelitoral.com.ar\/#website"},"primaryImageOfPage":{"@id":"https:\/\/informelitoral.com.ar\/el-instituto-becario-continua-con-la-atencion-en-diferentes-departamentos\/#primaryimage"},"image":{"@id":"https:\/\/informelitoral.com.ar\/el-instituto-becario-continua-con-la-atencion-en-diferentes-departamentos\/#primaryimage"},"thumbnailUrl":"https:\/\/informelitoral.com.ar\/%77%70%2d%63%6f%6e%74%65%6e%74\/uploads\/2021\/03\/1616437137jpg.jpg","datePublished":"2021-03-23T11:06:05+00:00","breadcrumb":{"@id":"https:\/\/informelitoral.com.ar\/el-instituto-becario-continua-con-la-atencion-en-diferentes-departamentos\/#breadcrumb"},"inLanguage":"es","potentialAction":[{"@type":"ReadAction","target":["https:\/\/informelitoral.com.ar\/el-instituto-becario-continua-con-la-atencion-en-diferentes-departamentos\/"]}]},{"@type":"ImageObject","inLanguage":"es","@id":"https:\/\/informelitoral.com.ar\/el-instituto-becario-continua-con-la-atencion-en-diferentes-departamentos\/#primaryimage","url":"https:\/\/informelitoral.com.ar\/%77%70%2d%63%6f%6e%74%65%6e%74\/uploads\/2021\/03\/1616437137jpg.jpg","contentUrl":"https:\/\/informelitoral.com.ar\/%77%70%2d%63%6f%6e%74%65%6e%74\/uploads\/2021\/03\/1616437137jpg.jpg","width":1920,"height":1280},{"@type":"BreadcrumbList","@id":"https:\/\/informelitoral.com.ar\/el-instituto-becario-continua-con-la-atencion-en-diferentes-departamentos\/#breadcrumb","itemListElement":[{"@type":"ListItem","position":1,"name":"Portada","item":"https:\/\/informelitoral.com.ar\/"},{"@type":"ListItem","position":2,"name":"El Instituto Becario contin\u00faa con la atenci\u00f3n en diferentes departamentos"}]},{"@type":"WebSite","@id":"https:\/\/informelitoral.com.ar\/#website","url":"https:\/\/informelitoral.com.ar\/","name":"Informe Litoral","description":"&quot;Nos informamos&quot; ","publisher":{"@id":"https:\/\/informelitoral.com.ar\/#organization"},"potentialAction":[{"@type":"SearchAction","target":{"@type":"EntryPoint","urlTemplate":"https:\/\/informelitoral.com.ar\/?s={search_term_string}"},"query-input":{"@type":"PropertyValueSpecification","valueRequired":true,"valueName":"search_term_string"}}],"inLanguage":"es"},{"@type":"Organization","@id":"https:\/\/informelitoral.com.ar\/#organization","name":"Informe Litoral","url":"https:\/\/informelitoral.com.ar\/","logo":{"@type":"ImageObject","inLanguage":"es","@id":"https:\/\/informelitoral.com.ar\/#\/schema\/logo\/image\/","url":"https:\/\/informelitoral.com.ar\/%77%70%2d%63%6f%6e%74%65%6e%74\/uploads\/2021\/01\/circulo.png","contentUrl":"https:\/\/informelitoral.com.ar\/%77%70%2d%63%6f%6e%74%65%6e%74\/uploads\/2021\/01\/circulo.png","width":723,"height":731,"caption":"Informe Litoral"},"image":{"@id":"https:\/\/informelitoral.com.ar\/#\/schema\/logo\/image\/"},"sameAs":["https:\/\/www.facebook.com\/informelitoral\/","https:\/\/x.com\/InformeLitoral","https:\/\/www.instagram.com\/informelitoral\/","https:\/\/www.youtube.com\/channel\/UCua4Qvz8Icb6MYqhoq9xLXw"]},{"@type":"Person","@id":"https:\/\/informelitoral.com.ar\/#\/schema\/person\/b9d00407c836482871ef1d57bf8e3180","name":"Gonzalo Schmidt","image":{"@type":"ImageObject","inLanguage":"es","@id":"https:\/\/secure.gravatar.com\/avatar\/31a1a7b66ff2de83bd0e9fd79d026630d2d99e55e8bfe501287647b4fd9743de?s=96&d=mm&r=g","url":"https:\/\/secure.gravatar.com\/avatar\/31a1a7b66ff2de83bd0e9fd79d026630d2d99e55e8bfe501287647b4fd9743de?s=96&d=mm&r=g","contentUrl":"https:\/\/secure.gravatar.com\/avatar\/31a1a7b66ff2de83bd0e9fd79d026630d2d99e55e8bfe501287647b4fd9743de?s=96&d=mm&r=g","caption":"Gonzalo Schmidt"},"description":"Sitio web de noticias de la provincia de Entre R\u00edos, Argentina. Informaci\u00f3n y entretenimiento. Informe Litoral, nos informamos.","sameAs":["http:\/\/www.isletasnoticias.com.ar"],"url":"https:\/\/informelitoral.com.ar\/author\/gonzalo\/"}]}},"_links":{"self":[{"href":"https:\/\/informelitoral.com.ar\/%77%70%2d%6a%73%6f%6e\/wp\/v2\/posts\/57967","targetHints":{"allow":["GET"]}}],"collection":[{"href":"https:\/\/informelitoral.com.ar\/%77%70%2d%6a%73%6f%6e\/wp\/v2\/posts"}],"about":[{"href":"https:\/\/informelitoral.com.ar\/%77%70%2d%6a%73%6f%6e\/wp\/v2\/types\/post"}],"author":[{"embeddable":true,"href":"https:\/\/informelitoral.com.ar\/%77%70%2d%6a%73%6f%6e\/wp\/v2\/users\/2"}],"replies":[{"embeddable":true,"href":"https:\/\/informelitoral.com.ar\/%77%70%2d%6a%73%6f%6e\/wp\/v2\/comments?post=57967"}],"version-history":[{"count":0,"href":"https:\/\/informelitoral.com.ar\/%77%70%2d%6a%73%6f%6e\/wp\/v2\/posts\/57967\/revisions"}],"wp:featuredmedia":[{"embeddable":true,"href":"https:\/\/informelitoral.com.ar\/%77%70%2d%6a%73%6f%6e\/wp\/v2\/media\/57968"}],"wp:attachment":[{"href":"https:\/\/informelitoral.com.ar\/%77%70%2d%6a%73%6f%6e\/wp\/v2\/media?parent=57967"}],"wp:term":[{"taxonomy":"category","embeddable":true,"href":"https:\/\/informelitoral.com.ar\/%77%70%2d%6a%73%6f%6e\/wp\/v2\/categories?post=57967"},{"taxonomy":"post_tag","embeddable":true,"href":"https:\/\/informelitoral.com.ar\/%77%70%2d%6a%73%6f%6e\/wp\/v2\/tags?post=57967"}],"curies":[{"name":"wp","href":"https:\/\/api.w.org\/{rel}","templated":true}]}}