{"id":5786,"date":"2014-02-22T11:12:16","date_gmt":"2014-02-22T14:12:16","guid":{"rendered":"http:\/\/www.isletasnoticias.com.ar\/?p=5786"},"modified":"2014-02-22T11:12:16","modified_gmt":"2014-02-22T14:12:16","slug":"parana-el-5-de-marzo-se-inaugurara-la-primera-escuela-vial-del-pais","status":"publish","type":"post","link":"https:\/\/informelitoral.com.ar\/parana-el-5-de-marzo-se-inaugurara-la-primera-escuela-vial-del-pais\/","title":{"rendered":"Paran\u00e1: el 5 de marzo se inaugurar\u00e1 la primera escuela vial del pa\u00eds"},"content":{"rendered":"<p><strong>Autoridades de la Direcci\u00f3n Provincial de Vialidad (DPV) y del Consejo General de Educaci\u00f3n (CGE), visitaron las instalaciones donde funcionar\u00e1 la primera escuela vial del pa\u00eds, que llevar\u00e1 el nombre <em>Heraclia Ru\u00edz D\u00edaz,<\/em> y el jard\u00edn maternal Los Vialcitos. La inauguraci\u00f3n ser\u00e1 el 5 de marzo, d\u00eda de inicio del ciclo lectivo 2014, a las 8:00.<\/strong><\/p>\n<p><img loading=\"lazy\" decoding=\"async\" class=\"aligncenter size-medium wp-image-5787\" alt=\"escuela\" src=\"http:\/\/www.isletasnoticias.com.ar\/%77%70%2d%63%6f%6e%74%65%6e%74\/uploads\/2014\/02\/escuela-300x199.jpg\" width=\"300\" height=\"199\" srcset=\"https:\/\/informelitoral.com.ar\/%77%70%2d%63%6f%6e%74%65%6e%74\/uploads\/2014\/02\/escuela-300x199.jpg 300w, https:\/\/informelitoral.com.ar\/%77%70%2d%63%6f%6e%74%65%6e%74\/uploads\/2014\/02\/escuela.jpg 492w\" sizes=\"auto, (max-width: 300px) 100vw, 300px\" \/><\/p>\n<p>Participaron de la vista el director administrador de la DPV, <strong>Jorge Rodr\u00edguez,<\/strong> y la presidenta del CGE,<strong> Claudia Vallori<\/strong>.\u00a0Con la expectativa de la inauguraci\u00f3n, Vialidad contin\u00faa con su trabajo de preparaci\u00f3n de de aulas y oficinas administrativas, las que albergar\u00e1n a ni\u00f1os de los niveles inicial y primario.<\/p>\n<p>\u201cNuestros empleados y sus familias pueden trabajar sin preocupaciones y con la tranquilidad de saber que sus hijos est\u00e1n siendo educados, cuidados y contenidos. Empezamos nuestro jard\u00edn maternal como un anhelo y hoy tiene dos a\u00f1os de intensa actividad e innumerables logros. Estamos felices, ansiosos y orgullosos ya que nuestra repartici\u00f3n tiene el privilegio y la responsabilidad de contar con la primera escuela vial primaria del pa\u00eds\u201d, expres\u00f3 Rodr\u00edguez.<\/p>\n<p>Por su parte, Vallori resalt\u00f3 la importancia de la iniciativa y afirm\u00f3 que \u201ces una alegr\u00eda enorme que previo al comienzo del ciclo lectivo podamos visitar los preparativos finales para la apertura de este nuevo espacio educativo que se crea en el seno de un organismo vinculado a la educaci\u00f3n vial. Nosotros estamos siempre dispuestos a acompa\u00f1ar estas iniciativas que son bienvenidas y celebradas ya que ayudan a mejorar la educaci\u00f3n entrerriana\u201d.<\/p>\n<p>Del encuentro participaron tambi\u00e9n el apoderado legal y director de Mantenimiento y Suministros de la DPV, <strong>Alberto Kemerer<\/strong>, autoridades del CGE, directivos y docentes del colegio vial.<\/p>\n<p><strong>Detalles<\/strong><br \/>\nSe trata de una instituci\u00f3n p\u00fablica de gesti\u00f3n privada, dependiente del CGE y la DPV. Funcionar\u00e1 en un nuevo espacio que construye Vialidad, sobre calle Sarav\u00ed, lindante al jard\u00edn maternal vial.<br \/>\nLa escuela cuenta con tres aulas, oficinas administrativas y un patio interno para recreaci\u00f3n y disciplinas varias.<\/p>\n<p><strong>Inscripciones\u00a0<\/strong><\/p>\n<p>Cualquier familia, sea vial o no, puede inscribir a sus hijos en las salas de 4 y 5 a\u00f1os, y en el 1\u00ba grado de la nueva escuela vial primaria.<\/p>\n<p>Seg\u00fan se detall\u00f3, los interesados deben contactarse con la directora prof. <strong>Graciela Bergna<\/strong> en el jard\u00edn maternal Los Vialcitos (Brasil y Sarav\u00ed), todos los d\u00edas de 8 a 11.<\/p>\n<p>Con ese motivo se debe contar con:<br \/>\n&#8211; DNI (original y fotocopia)<br \/>\n&#8211; Partida de nacimiento (original y fotocopia)<br \/>\n&#8211; Fotocopia del CUIL del ni\u00f1o\/a<br \/>\n&#8211; Fotocopia del CUIL de los padres, tutores o encargados<br \/>\n&#8211; Carn\u00e9 de vacunas obligatorias actualizado<br \/>\n&#8211; Certificado de salud y bucodental<br \/>\n&#8211; Certificados visual, auditivos u otros; foto carn\u00e9 del ni\u00f1o\/a.<br \/>\n(DPV)<\/p>\n","protected":false},"excerpt":{"rendered":"<p>Autoridades de la Direcci&oacute;n Provincial de Vialidad (DPV) y del Consejo General de Educaci&oacute;n (CGE), visitaron las instalaciones donde funcionar&aacute; la primera escuela vial del pa&iacute;s, que llevar&aacute; el nombre Heraclia Ru&iacute;z D&iacute;az, y el jard&iacute;n maternal Los Vialcitos. La inauguraci&oacute;n ser&aacute; el 5 de marzo, d&iacute;a de inicio del ciclo lectivo 2014, a las [&hellip;]<\/p>\n","protected":false},"author":2,"featured_media":0,"comment_status":"open","ping_status":"open","sticky":false,"template":"","format":"standard","meta":{"fifu_image_url":"","fifu_image_alt":"","footnotes":""},"categories":[6],"tags":[],"class_list":{"0":"post-5786","1":"post","2":"type-post","3":"status-publish","4":"format-standard","6":"category-entre-rios"},"yoast_head":"<title>Paran\u00e1: el 5 de marzo se inaugurar\u00e1 la primera escuela vial del pa\u00eds - Informe Litoral<\/title>\n<meta name=\"robots\" content=\"index, follow, max-snippet:-1, max-image-preview:large, max-video-preview:-1\" \/>\n<link rel=\"canonical\" href=\"https:\/\/informelitoral.com.ar\/parana-el-5-de-marzo-se-inaugurara-la-primera-escuela-vial-del-pais\/\" \/>\n<meta property=\"og:locale\" content=\"es_ES\" \/>\n<meta property=\"og:type\" content=\"article\" \/>\n<meta property=\"og:title\" content=\"Paran\u00e1: el 5 de marzo se inaugurar\u00e1 la primera escuela vial del pa\u00eds - Informe Litoral\" \/>\n<meta property=\"og:description\" content=\"Autoridades de la Direcci&oacute;n Provincial de Vialidad (DPV) y del Consejo General de Educaci&oacute;n (CGE), visitaron las instalaciones donde funcionar&aacute; la primera escuela vial del pa&iacute;s, que llevar&aacute; el nombre Heraclia Ru&iacute;z D&iacute;az, y el jard&iacute;n maternal Los Vialcitos. La inauguraci&oacute;n ser&aacute; el 5 de marzo, d&iacute;a de inicio del ciclo lectivo 2014, a las [&hellip;]\" \/>\n<meta property=\"og:url\" content=\"https:\/\/informelitoral.com.ar\/parana-el-5-de-marzo-se-inaugurara-la-primera-escuela-vial-del-pais\/\" \/>\n<meta property=\"og:site_name\" content=\"Informe Litoral\" \/>\n<meta property=\"article:publisher\" content=\"https:\/\/www.facebook.com\/informelitoral\/\" \/>\n<meta property=\"article:published_time\" content=\"2014-02-22T14:12:16+00:00\" \/>\n<meta property=\"og:image\" content=\"https:\/\/informelitoral.com.ar\/%77%70%2d%63%6f%6e%74%65%6e%74\/uploads\/2014\/02\/escuela.jpg\" \/>\n\t<meta property=\"og:image:width\" content=\"492\" \/>\n\t<meta property=\"og:image:height\" content=\"327\" \/>\n\t<meta property=\"og:image:type\" content=\"image\/jpeg\" \/>\n<meta name=\"author\" content=\"Gonzalo Schmidt\" \/>\n<meta name=\"twitter:card\" content=\"summary_large_image\" \/>\n<meta name=\"twitter:creator\" content=\"@InformeLitoral\" \/>\n<meta name=\"twitter:site\" content=\"@InformeLitoral\" \/>\n<meta name=\"twitter:label1\" content=\"Escrito por\" \/>\n\t<meta name=\"twitter:data1\" content=\"Gonzalo Schmidt\" \/>\n\t<meta name=\"twitter:label2\" content=\"Tiempo de lectura\" \/>\n\t<meta name=\"twitter:data2\" content=\"2 minutos\" \/>\n<script type=\"application\/ld+json\" class=\"yoast-schema-graph\">{\"@context\":\"https:\\\/\\\/schema.org\",\"@graph\":[{\"@type\":\"Article\",\"@id\":\"https:\\\/\\\/informelitoral.com.ar\\\/parana-el-5-de-marzo-se-inaugurara-la-primera-escuela-vial-del-pais\\\/#article\",\"isPartOf\":{\"@id\":\"https:\\\/\\\/informelitoral.com.ar\\\/parana-el-5-de-marzo-se-inaugurara-la-primera-escuela-vial-del-pais\\\/\"},\"author\":{\"name\":\"Gonzalo Schmidt\",\"@id\":\"https:\\\/\\\/informelitoral.com.ar\\\/#\\\/schema\\\/person\\\/b9d00407c836482871ef1d57bf8e3180\"},\"headline\":\"Paran\u00e1: el 5 de marzo se inaugurar\u00e1 la primera escuela vial del pa\u00eds\",\"datePublished\":\"2014-02-22T14:12:16+00:00\",\"mainEntityOfPage\":{\"@id\":\"https:\\\/\\\/informelitoral.com.ar\\\/parana-el-5-de-marzo-se-inaugurara-la-primera-escuela-vial-del-pais\\\/\"},\"wordCount\":483,\"commentCount\":0,\"publisher\":{\"@id\":\"https:\\\/\\\/informelitoral.com.ar\\\/#organization\"},\"image\":{\"@id\":\"https:\\\/\\\/informelitoral.com.ar\\\/parana-el-5-de-marzo-se-inaugurara-la-primera-escuela-vial-del-pais\\\/#primaryimage\"},\"thumbnailUrl\":\"http:\\\/\\\/www.isletasnoticias.com.ar\\\/%77%70%2d%63%6f%6e%74%65%6e%74\\\/uploads\\\/2014\\\/02\\\/escuela-300x199.jpg\",\"articleSection\":[\"Entre R\u00edos\"],\"inLanguage\":\"es\",\"potentialAction\":[{\"@type\":\"CommentAction\",\"name\":\"Comment\",\"target\":[\"https:\\\/\\\/informelitoral.com.ar\\\/parana-el-5-de-marzo-se-inaugurara-la-primera-escuela-vial-del-pais\\\/#respond\"]}]},{\"@type\":\"WebPage\",\"@id\":\"https:\\\/\\\/informelitoral.com.ar\\\/parana-el-5-de-marzo-se-inaugurara-la-primera-escuela-vial-del-pais\\\/\",\"url\":\"https:\\\/\\\/informelitoral.com.ar\\\/parana-el-5-de-marzo-se-inaugurara-la-primera-escuela-vial-del-pais\\\/\",\"name\":\"Paran\u00e1: el 5 de marzo se inaugurar\u00e1 la primera escuela vial del pa\u00eds - Informe Litoral\",\"isPartOf\":{\"@id\":\"https:\\\/\\\/informelitoral.com.ar\\\/#website\"},\"primaryImageOfPage\":{\"@id\":\"https:\\\/\\\/informelitoral.com.ar\\\/parana-el-5-de-marzo-se-inaugurara-la-primera-escuela-vial-del-pais\\\/#primaryimage\"},\"image\":{\"@id\":\"https:\\\/\\\/informelitoral.com.ar\\\/parana-el-5-de-marzo-se-inaugurara-la-primera-escuela-vial-del-pais\\\/#primaryimage\"},\"thumbnailUrl\":\"http:\\\/\\\/www.isletasnoticias.com.ar\\\/%77%70%2d%63%6f%6e%74%65%6e%74\\\/uploads\\\/2014\\\/02\\\/escuela-300x199.jpg\",\"datePublished\":\"2014-02-22T14:12:16+00:00\",\"breadcrumb\":{\"@id\":\"https:\\\/\\\/informelitoral.com.ar\\\/parana-el-5-de-marzo-se-inaugurara-la-primera-escuela-vial-del-pais\\\/#breadcrumb\"},\"inLanguage\":\"es\",\"potentialAction\":[{\"@type\":\"ReadAction\",\"target\":[\"https:\\\/\\\/informelitoral.com.ar\\\/parana-el-5-de-marzo-se-inaugurara-la-primera-escuela-vial-del-pais\\\/\"]}]},{\"@type\":\"ImageObject\",\"inLanguage\":\"es\",\"@id\":\"https:\\\/\\\/informelitoral.com.ar\\\/parana-el-5-de-marzo-se-inaugurara-la-primera-escuela-vial-del-pais\\\/#primaryimage\",\"url\":\"http:\\\/\\\/www.isletasnoticias.com.ar\\\/%77%70%2d%63%6f%6e%74%65%6e%74\\\/uploads\\\/2014\\\/02\\\/escuela-300x199.jpg\",\"contentUrl\":\"http:\\\/\\\/www.isletasnoticias.com.ar\\\/%77%70%2d%63%6f%6e%74%65%6e%74\\\/uploads\\\/2014\\\/02\\\/escuela-300x199.jpg\"},{\"@type\":\"BreadcrumbList\",\"@id\":\"https:\\\/\\\/informelitoral.com.ar\\\/parana-el-5-de-marzo-se-inaugurara-la-primera-escuela-vial-del-pais\\\/#breadcrumb\",\"itemListElement\":[{\"@type\":\"ListItem\",\"position\":1,\"name\":\"Portada\",\"item\":\"https:\\\/\\\/informelitoral.com.ar\\\/\"},{\"@type\":\"ListItem\",\"position\":2,\"name\":\"Paran\u00e1: el 5 de marzo se inaugurar\u00e1 la primera escuela vial del pa\u00eds\"}]},{\"@type\":\"WebSite\",\"@id\":\"https:\\\/\\\/informelitoral.com.ar\\\/#website\",\"url\":\"https:\\\/\\\/informelitoral.com.ar\\\/\",\"name\":\"Informe Litoral\",\"description\":\"&quot;Nos informamos&quot; \",\"publisher\":{\"@id\":\"https:\\\/\\\/informelitoral.com.ar\\\/#organization\"},\"potentialAction\":[{\"@type\":\"SearchAction\",\"target\":{\"@type\":\"EntryPoint\",\"urlTemplate\":\"https:\\\/\\\/informelitoral.com.ar\\\/?s={search_term_string}\"},\"query-input\":{\"@type\":\"PropertyValueSpecification\",\"valueRequired\":true,\"valueName\":\"search_term_string\"}}],\"inLanguage\":\"es\"},{\"@type\":\"Organization\",\"@id\":\"https:\\\/\\\/informelitoral.com.ar\\\/#organization\",\"name\":\"Informe Litoral\",\"url\":\"https:\\\/\\\/informelitoral.com.ar\\\/\",\"logo\":{\"@type\":\"ImageObject\",\"inLanguage\":\"es\",\"@id\":\"https:\\\/\\\/informelitoral.com.ar\\\/#\\\/schema\\\/logo\\\/image\\\/\",\"url\":\"https:\\\/\\\/informelitoral.com.ar\\\/%77%70%2d%63%6f%6e%74%65%6e%74\\\/uploads\\\/2021\\\/01\\\/circulo.png\",\"contentUrl\":\"https:\\\/\\\/informelitoral.com.ar\\\/%77%70%2d%63%6f%6e%74%65%6e%74\\\/uploads\\\/2021\\\/01\\\/circulo.png\",\"width\":723,\"height\":731,\"caption\":\"Informe Litoral\"},\"image\":{\"@id\":\"https:\\\/\\\/informelitoral.com.ar\\\/#\\\/schema\\\/logo\\\/image\\\/\"},\"sameAs\":[\"https:\\\/\\\/www.facebook.com\\\/informelitoral\\\/\",\"https:\\\/\\\/x.com\\\/InformeLitoral\",\"https:\\\/\\\/www.instagram.com\\\/informelitoral\\\/\",\"https:\\\/\\\/www.youtube.com\\\/channel\\\/UCua4Qvz8Icb6MYqhoq9xLXw\"]},{\"@type\":\"Person\",\"@id\":\"https:\\\/\\\/informelitoral.com.ar\\\/#\\\/schema\\\/person\\\/b9d00407c836482871ef1d57bf8e3180\",\"name\":\"Gonzalo Schmidt\",\"image\":{\"@type\":\"ImageObject\",\"inLanguage\":\"es\",\"@id\":\"https:\\\/\\\/secure.gravatar.com\\\/avatar\\\/31a1a7b66ff2de83bd0e9fd79d026630d2d99e55e8bfe501287647b4fd9743de?s=96&d=mm&r=g\",\"url\":\"https:\\\/\\\/secure.gravatar.com\\\/avatar\\\/31a1a7b66ff2de83bd0e9fd79d026630d2d99e55e8bfe501287647b4fd9743de?s=96&d=mm&r=g\",\"contentUrl\":\"https:\\\/\\\/secure.gravatar.com\\\/avatar\\\/31a1a7b66ff2de83bd0e9fd79d026630d2d99e55e8bfe501287647b4fd9743de?s=96&d=mm&r=g\",\"caption\":\"Gonzalo Schmidt\"},\"description\":\"Sitio web de noticias de la provincia de Entre R\u00edos, Argentina. Informaci\u00f3n y entretenimiento. Informe Litoral, nos informamos.\",\"sameAs\":[\"http:\\\/\\\/www.isletasnoticias.com.ar\"],\"url\":\"https:\\\/\\\/informelitoral.com.ar\\\/author\\\/gonzalo\\\/\"}]}<\/script>","yoast_head_json":{"title":"Paran\u00e1: el 5 de marzo se inaugurar\u00e1 la primera escuela vial del pa\u00eds - Informe Litoral","robots":{"index":"index","follow":"follow","max-snippet":"max-snippet:-1","max-image-preview":"max-image-preview:large","max-video-preview":"max-video-preview:-1"},"canonical":"https:\/\/informelitoral.com.ar\/parana-el-5-de-marzo-se-inaugurara-la-primera-escuela-vial-del-pais\/","og_locale":"es_ES","og_type":"article","og_title":"Paran\u00e1: el 5 de marzo se inaugurar\u00e1 la primera escuela vial del pa\u00eds - Informe Litoral","og_description":"Autoridades de la Direcci&oacute;n Provincial de Vialidad (DPV) y del Consejo General de Educaci&oacute;n (CGE), visitaron las instalaciones donde funcionar&aacute; la primera escuela vial del pa&iacute;s, que llevar&aacute; el nombre Heraclia Ru&iacute;z D&iacute;az, y el jard&iacute;n maternal Los Vialcitos. La inauguraci&oacute;n ser&aacute; el 5 de marzo, d&iacute;a de inicio del ciclo lectivo 2014, a las [&hellip;]","og_url":"https:\/\/informelitoral.com.ar\/parana-el-5-de-marzo-se-inaugurara-la-primera-escuela-vial-del-pais\/","og_site_name":"Informe Litoral","article_publisher":"https:\/\/www.facebook.com\/informelitoral\/","article_published_time":"2014-02-22T14:12:16+00:00","og_image":[{"width":492,"height":327,"url":"https:\/\/informelitoral.com.ar\/%77%70%2d%63%6f%6e%74%65%6e%74\/uploads\/2014\/02\/escuela.jpg","type":"image\/jpeg"}],"author":"Gonzalo Schmidt","twitter_card":"summary_large_image","twitter_creator":"@InformeLitoral","twitter_site":"@InformeLitoral","twitter_misc":{"Escrito por":"Gonzalo Schmidt","Tiempo de lectura":"2 minutos"},"schema":{"@context":"https:\/\/schema.org","@graph":[{"@type":"Article","@id":"https:\/\/informelitoral.com.ar\/parana-el-5-de-marzo-se-inaugurara-la-primera-escuela-vial-del-pais\/#article","isPartOf":{"@id":"https:\/\/informelitoral.com.ar\/parana-el-5-de-marzo-se-inaugurara-la-primera-escuela-vial-del-pais\/"},"author":{"name":"Gonzalo Schmidt","@id":"https:\/\/informelitoral.com.ar\/#\/schema\/person\/b9d00407c836482871ef1d57bf8e3180"},"headline":"Paran\u00e1: el 5 de marzo se inaugurar\u00e1 la primera escuela vial del pa\u00eds","datePublished":"2014-02-22T14:12:16+00:00","mainEntityOfPage":{"@id":"https:\/\/informelitoral.com.ar\/parana-el-5-de-marzo-se-inaugurara-la-primera-escuela-vial-del-pais\/"},"wordCount":483,"commentCount":0,"publisher":{"@id":"https:\/\/informelitoral.com.ar\/#organization"},"image":{"@id":"https:\/\/informelitoral.com.ar\/parana-el-5-de-marzo-se-inaugurara-la-primera-escuela-vial-del-pais\/#primaryimage"},"thumbnailUrl":"http:\/\/www.isletasnoticias.com.ar\/%77%70%2d%63%6f%6e%74%65%6e%74\/uploads\/2014\/02\/escuela-300x199.jpg","articleSection":["Entre R\u00edos"],"inLanguage":"es","potentialAction":[{"@type":"CommentAction","name":"Comment","target":["https:\/\/informelitoral.com.ar\/parana-el-5-de-marzo-se-inaugurara-la-primera-escuela-vial-del-pais\/#respond"]}]},{"@type":"WebPage","@id":"https:\/\/informelitoral.com.ar\/parana-el-5-de-marzo-se-inaugurara-la-primera-escuela-vial-del-pais\/","url":"https:\/\/informelitoral.com.ar\/parana-el-5-de-marzo-se-inaugurara-la-primera-escuela-vial-del-pais\/","name":"Paran\u00e1: el 5 de marzo se inaugurar\u00e1 la primera escuela vial del pa\u00eds - Informe Litoral","isPartOf":{"@id":"https:\/\/informelitoral.com.ar\/#website"},"primaryImageOfPage":{"@id":"https:\/\/informelitoral.com.ar\/parana-el-5-de-marzo-se-inaugurara-la-primera-escuela-vial-del-pais\/#primaryimage"},"image":{"@id":"https:\/\/informelitoral.com.ar\/parana-el-5-de-marzo-se-inaugurara-la-primera-escuela-vial-del-pais\/#primaryimage"},"thumbnailUrl":"http:\/\/www.isletasnoticias.com.ar\/%77%70%2d%63%6f%6e%74%65%6e%74\/uploads\/2014\/02\/escuela-300x199.jpg","datePublished":"2014-02-22T14:12:16+00:00","breadcrumb":{"@id":"https:\/\/informelitoral.com.ar\/parana-el-5-de-marzo-se-inaugurara-la-primera-escuela-vial-del-pais\/#breadcrumb"},"inLanguage":"es","potentialAction":[{"@type":"ReadAction","target":["https:\/\/informelitoral.com.ar\/parana-el-5-de-marzo-se-inaugurara-la-primera-escuela-vial-del-pais\/"]}]},{"@type":"ImageObject","inLanguage":"es","@id":"https:\/\/informelitoral.com.ar\/parana-el-5-de-marzo-se-inaugurara-la-primera-escuela-vial-del-pais\/#primaryimage","url":"http:\/\/www.isletasnoticias.com.ar\/%77%70%2d%63%6f%6e%74%65%6e%74\/uploads\/2014\/02\/escuela-300x199.jpg","contentUrl":"http:\/\/www.isletasnoticias.com.ar\/%77%70%2d%63%6f%6e%74%65%6e%74\/uploads\/2014\/02\/escuela-300x199.jpg"},{"@type":"BreadcrumbList","@id":"https:\/\/informelitoral.com.ar\/parana-el-5-de-marzo-se-inaugurara-la-primera-escuela-vial-del-pais\/#breadcrumb","itemListElement":[{"@type":"ListItem","position":1,"name":"Portada","item":"https:\/\/informelitoral.com.ar\/"},{"@type":"ListItem","position":2,"name":"Paran\u00e1: el 5 de marzo se inaugurar\u00e1 la primera escuela vial del pa\u00eds"}]},{"@type":"WebSite","@id":"https:\/\/informelitoral.com.ar\/#website","url":"https:\/\/informelitoral.com.ar\/","name":"Informe Litoral","description":"&quot;Nos informamos&quot; ","publisher":{"@id":"https:\/\/informelitoral.com.ar\/#organization"},"potentialAction":[{"@type":"SearchAction","target":{"@type":"EntryPoint","urlTemplate":"https:\/\/informelitoral.com.ar\/?s={search_term_string}"},"query-input":{"@type":"PropertyValueSpecification","valueRequired":true,"valueName":"search_term_string"}}],"inLanguage":"es"},{"@type":"Organization","@id":"https:\/\/informelitoral.com.ar\/#organization","name":"Informe Litoral","url":"https:\/\/informelitoral.com.ar\/","logo":{"@type":"ImageObject","inLanguage":"es","@id":"https:\/\/informelitoral.com.ar\/#\/schema\/logo\/image\/","url":"https:\/\/informelitoral.com.ar\/%77%70%2d%63%6f%6e%74%65%6e%74\/uploads\/2021\/01\/circulo.png","contentUrl":"https:\/\/informelitoral.com.ar\/%77%70%2d%63%6f%6e%74%65%6e%74\/uploads\/2021\/01\/circulo.png","width":723,"height":731,"caption":"Informe Litoral"},"image":{"@id":"https:\/\/informelitoral.com.ar\/#\/schema\/logo\/image\/"},"sameAs":["https:\/\/www.facebook.com\/informelitoral\/","https:\/\/x.com\/InformeLitoral","https:\/\/www.instagram.com\/informelitoral\/","https:\/\/www.youtube.com\/channel\/UCua4Qvz8Icb6MYqhoq9xLXw"]},{"@type":"Person","@id":"https:\/\/informelitoral.com.ar\/#\/schema\/person\/b9d00407c836482871ef1d57bf8e3180","name":"Gonzalo Schmidt","image":{"@type":"ImageObject","inLanguage":"es","@id":"https:\/\/secure.gravatar.com\/avatar\/31a1a7b66ff2de83bd0e9fd79d026630d2d99e55e8bfe501287647b4fd9743de?s=96&d=mm&r=g","url":"https:\/\/secure.gravatar.com\/avatar\/31a1a7b66ff2de83bd0e9fd79d026630d2d99e55e8bfe501287647b4fd9743de?s=96&d=mm&r=g","contentUrl":"https:\/\/secure.gravatar.com\/avatar\/31a1a7b66ff2de83bd0e9fd79d026630d2d99e55e8bfe501287647b4fd9743de?s=96&d=mm&r=g","caption":"Gonzalo Schmidt"},"description":"Sitio web de noticias de la provincia de Entre R\u00edos, Argentina. Informaci\u00f3n y entretenimiento. Informe Litoral, nos informamos.","sameAs":["http:\/\/www.isletasnoticias.com.ar"],"url":"https:\/\/informelitoral.com.ar\/author\/gonzalo\/"}]}},"_links":{"self":[{"href":"https:\/\/informelitoral.com.ar\/%77%70%2d%6a%73%6f%6e\/wp\/v2\/posts\/5786","targetHints":{"allow":["GET"]}}],"collection":[{"href":"https:\/\/informelitoral.com.ar\/%77%70%2d%6a%73%6f%6e\/wp\/v2\/posts"}],"about":[{"href":"https:\/\/informelitoral.com.ar\/%77%70%2d%6a%73%6f%6e\/wp\/v2\/types\/post"}],"author":[{"embeddable":true,"href":"https:\/\/informelitoral.com.ar\/%77%70%2d%6a%73%6f%6e\/wp\/v2\/users\/2"}],"replies":[{"embeddable":true,"href":"https:\/\/informelitoral.com.ar\/%77%70%2d%6a%73%6f%6e\/wp\/v2\/comments?post=5786"}],"version-history":[{"count":0,"href":"https:\/\/informelitoral.com.ar\/%77%70%2d%6a%73%6f%6e\/wp\/v2\/posts\/5786\/revisions"}],"wp:attachment":[{"href":"https:\/\/informelitoral.com.ar\/%77%70%2d%6a%73%6f%6e\/wp\/v2\/media?parent=5786"}],"wp:term":[{"taxonomy":"category","embeddable":true,"href":"https:\/\/informelitoral.com.ar\/%77%70%2d%6a%73%6f%6e\/wp\/v2\/categories?post=5786"},{"taxonomy":"post_tag","embeddable":true,"href":"https:\/\/informelitoral.com.ar\/%77%70%2d%6a%73%6f%6e\/wp\/v2\/tags?post=5786"}],"curies":[{"name":"wp","href":"https:\/\/api.w.org\/{rel}","templated":true}]}}