{"id":5783,"date":"2014-02-21T14:34:19","date_gmt":"2014-02-21T17:34:19","guid":{"rendered":"http:\/\/www.isletasnoticias.com.ar\/?p=5783"},"modified":"2014-02-21T14:34:19","modified_gmt":"2014-02-21T17:34:19","slug":"no-descartan-lluvias-para-el-ultimo-fin-de-semana-de-febrero","status":"publish","type":"post","link":"https:\/\/informelitoral.com.ar\/no-descartan-lluvias-para-el-ultimo-fin-de-semana-de-febrero\/","title":{"rendered":"No descartan lluvias para el \u00faltimo fin de semana de febrero"},"content":{"rendered":"<p><strong>Es seg\u00fan el pron\u00f3stico del Servicio Metereol\u00f3gico Nacional para Paran\u00e1 y la regi\u00f3n. Se prev\u00e9n precipitaciones para la \u00faltima parte del s\u00e1bado y la ma\u00f1ana del domingo. Si se cumple, febrero terminar\u00eda con lluvia durante parte de todos sus fines de semana, en especial los domingos.<\/strong><a href=\"http:\/\/www.isletasnoticias.com.ar\/%77%70%2d%63%6f%6e%74%65%6e%74\/uploads\/2014\/02\/lluvia3.jpg\"><img loading=\"lazy\" decoding=\"async\" class=\"size-medium wp-image-5784 alignright\" title=\"(Imagen ilustrativa)\" alt=\"lluvia\" src=\"http:\/\/www.isletasnoticias.com.ar\/%77%70%2d%63%6f%6e%74%65%6e%74\/uploads\/2014\/02\/lluvia3-273x300.jpg\" width=\"273\" height=\"300\" srcset=\"https:\/\/informelitoral.com.ar\/%77%70%2d%63%6f%6e%74%65%6e%74\/uploads\/2014\/02\/lluvia3-273x300.jpg 273w, https:\/\/informelitoral.com.ar\/%77%70%2d%63%6f%6e%74%65%6e%74\/uploads\/2014\/02\/lluvia3.jpg 875w\" sizes=\"auto, (max-width: 273px) 100vw, 273px\" \/><\/a><\/p>\n<p>El SMN anuncia que para este <strong>s\u00e1bado 22<\/strong>, habr\u00e1 nubosidad variable por la ma\u00f1ana y hacia la tarde o noche estar\u00e1 inestable con probables precipitaciones. Las temperaturas m\u00ednimas ser\u00e1n de 19 y las m\u00e1ximas de 31\u00b0C.<\/p>\n<p>Para la ma\u00f1ana del <strong>domingo 23,<\/strong> tambi\u00e9n se prev\u00e9n probables precipitaciones y nubosidad variable a partir de la tarde. Las temperaturas m\u00ednimas estar\u00e1n en los 16 y las m\u00e1ximas en alrededor de los 31\u00b0C.<\/p>\n<p>El<strong> lunes 24<\/strong> se espera nubosidad variable durante toda la jornada, con temperaturas similares a las del fin de semana.<\/p>\n<p>Si se cumple el pron\u00f3stico, se habr\u00edan registrado precipitaciones durante parte de los cuatro fines de semana del mes en el departamento Diamante, lo cual afecta de alguna forma la actividad tur\u00edstica, especialmente en el balneario de Valle Mar\u00eda, los eventos al aire libre y algunas actividades productivas.<em> (Isletas Noticias)<\/em><\/p>\n","protected":false},"excerpt":{"rendered":"<p>Es seg&uacute;n el pron&oacute;stico del Servicio Metereol&oacute;gico Nacional para Paran&aacute; y la regi&oacute;n. Se prev&eacute;n precipitaciones para la &uacute;ltima parte del s&aacute;bado y la ma&ntilde;ana del domingo. Si se cumple, febrero terminar&iacute;a con lluvia durante parte de todos sus fines de semana, en especial los domingos. El SMN anuncia que para este s&aacute;bado 22, habr&aacute; [&hellip;]<\/p>\n","protected":false},"author":2,"featured_media":0,"comment_status":"open","ping_status":"open","sticky":false,"template":"","format":"standard","meta":{"fifu_image_url":"","fifu_image_alt":"","footnotes":""},"categories":[6],"tags":[],"class_list":{"0":"post-5783","1":"post","2":"type-post","3":"status-publish","4":"format-standard","6":"category-entre-rios"},"yoast_head":"<title>No descartan lluvias para el \u00faltimo fin de semana de febrero  - Informe Litoral<\/title>\n<meta name=\"robots\" content=\"index, follow, max-snippet:-1, max-image-preview:large, max-video-preview:-1\" \/>\n<link rel=\"canonical\" href=\"https:\/\/informelitoral.com.ar\/no-descartan-lluvias-para-el-ultimo-fin-de-semana-de-febrero\/\" \/>\n<meta property=\"og:locale\" content=\"es_ES\" \/>\n<meta property=\"og:type\" content=\"article\" \/>\n<meta property=\"og:title\" content=\"No descartan lluvias para el \u00faltimo fin de semana de febrero  - Informe Litoral\" \/>\n<meta property=\"og:description\" content=\"Es seg&uacute;n el pron&oacute;stico del Servicio Metereol&oacute;gico Nacional para Paran&aacute; y la regi&oacute;n. Se prev&eacute;n precipitaciones para la &uacute;ltima parte del s&aacute;bado y la ma&ntilde;ana del domingo. Si se cumple, febrero terminar&iacute;a con lluvia durante parte de todos sus fines de semana, en especial los domingos. El SMN anuncia que para este s&aacute;bado 22, habr&aacute; [&hellip;]\" \/>\n<meta property=\"og:url\" content=\"https:\/\/informelitoral.com.ar\/no-descartan-lluvias-para-el-ultimo-fin-de-semana-de-febrero\/\" \/>\n<meta property=\"og:site_name\" content=\"Informe Litoral\" \/>\n<meta property=\"article:publisher\" content=\"https:\/\/www.facebook.com\/informelitoral\/\" \/>\n<meta property=\"article:published_time\" content=\"2014-02-21T17:34:19+00:00\" \/>\n<meta property=\"og:image\" content=\"https:\/\/informelitoral.com.ar\/%77%70%2d%63%6f%6e%74%65%6e%74\/uploads\/2014\/02\/lluvia3.jpg\" \/>\n\t<meta property=\"og:image:width\" content=\"875\" \/>\n\t<meta property=\"og:image:height\" content=\"960\" \/>\n\t<meta property=\"og:image:type\" content=\"image\/jpeg\" \/>\n<meta name=\"author\" content=\"Gonzalo Schmidt\" \/>\n<meta name=\"twitter:card\" content=\"summary_large_image\" \/>\n<meta name=\"twitter:creator\" content=\"@InformeLitoral\" \/>\n<meta name=\"twitter:site\" content=\"@InformeLitoral\" \/>\n<meta name=\"twitter:label1\" content=\"Escrito por\" \/>\n\t<meta name=\"twitter:data1\" content=\"Gonzalo Schmidt\" \/>\n\t<meta name=\"twitter:label2\" content=\"Tiempo de lectura\" \/>\n\t<meta name=\"twitter:data2\" content=\"1 minuto\" \/>\n<script type=\"application\/ld+json\" class=\"yoast-schema-graph\">{\"@context\":\"https:\\\/\\\/schema.org\",\"@graph\":[{\"@type\":\"Article\",\"@id\":\"https:\\\/\\\/informelitoral.com.ar\\\/no-descartan-lluvias-para-el-ultimo-fin-de-semana-de-febrero\\\/#article\",\"isPartOf\":{\"@id\":\"https:\\\/\\\/informelitoral.com.ar\\\/no-descartan-lluvias-para-el-ultimo-fin-de-semana-de-febrero\\\/\"},\"author\":{\"name\":\"Gonzalo Schmidt\",\"@id\":\"https:\\\/\\\/informelitoral.com.ar\\\/#\\\/schema\\\/person\\\/b9d00407c836482871ef1d57bf8e3180\"},\"headline\":\"No descartan lluvias para el \u00faltimo fin de semana de febrero\",\"datePublished\":\"2014-02-21T17:34:19+00:00\",\"mainEntityOfPage\":{\"@id\":\"https:\\\/\\\/informelitoral.com.ar\\\/no-descartan-lluvias-para-el-ultimo-fin-de-semana-de-febrero\\\/\"},\"wordCount\":215,\"commentCount\":0,\"publisher\":{\"@id\":\"https:\\\/\\\/informelitoral.com.ar\\\/#organization\"},\"image\":{\"@id\":\"https:\\\/\\\/informelitoral.com.ar\\\/no-descartan-lluvias-para-el-ultimo-fin-de-semana-de-febrero\\\/#primaryimage\"},\"thumbnailUrl\":\"http:\\\/\\\/www.isletasnoticias.com.ar\\\/%77%70%2d%63%6f%6e%74%65%6e%74\\\/uploads\\\/2014\\\/02\\\/lluvia3-273x300.jpg\",\"articleSection\":[\"Entre R\u00edos\"],\"inLanguage\":\"es\",\"potentialAction\":[{\"@type\":\"CommentAction\",\"name\":\"Comment\",\"target\":[\"https:\\\/\\\/informelitoral.com.ar\\\/no-descartan-lluvias-para-el-ultimo-fin-de-semana-de-febrero\\\/#respond\"]}]},{\"@type\":\"WebPage\",\"@id\":\"https:\\\/\\\/informelitoral.com.ar\\\/no-descartan-lluvias-para-el-ultimo-fin-de-semana-de-febrero\\\/\",\"url\":\"https:\\\/\\\/informelitoral.com.ar\\\/no-descartan-lluvias-para-el-ultimo-fin-de-semana-de-febrero\\\/\",\"name\":\"No descartan lluvias para el \u00faltimo fin de semana de febrero - Informe Litoral\",\"isPartOf\":{\"@id\":\"https:\\\/\\\/informelitoral.com.ar\\\/#website\"},\"primaryImageOfPage\":{\"@id\":\"https:\\\/\\\/informelitoral.com.ar\\\/no-descartan-lluvias-para-el-ultimo-fin-de-semana-de-febrero\\\/#primaryimage\"},\"image\":{\"@id\":\"https:\\\/\\\/informelitoral.com.ar\\\/no-descartan-lluvias-para-el-ultimo-fin-de-semana-de-febrero\\\/#primaryimage\"},\"thumbnailUrl\":\"http:\\\/\\\/www.isletasnoticias.com.ar\\\/%77%70%2d%63%6f%6e%74%65%6e%74\\\/uploads\\\/2014\\\/02\\\/lluvia3-273x300.jpg\",\"datePublished\":\"2014-02-21T17:34:19+00:00\",\"breadcrumb\":{\"@id\":\"https:\\\/\\\/informelitoral.com.ar\\\/no-descartan-lluvias-para-el-ultimo-fin-de-semana-de-febrero\\\/#breadcrumb\"},\"inLanguage\":\"es\",\"potentialAction\":[{\"@type\":\"ReadAction\",\"target\":[\"https:\\\/\\\/informelitoral.com.ar\\\/no-descartan-lluvias-para-el-ultimo-fin-de-semana-de-febrero\\\/\"]}]},{\"@type\":\"ImageObject\",\"inLanguage\":\"es\",\"@id\":\"https:\\\/\\\/informelitoral.com.ar\\\/no-descartan-lluvias-para-el-ultimo-fin-de-semana-de-febrero\\\/#primaryimage\",\"url\":\"http:\\\/\\\/www.isletasnoticias.com.ar\\\/%77%70%2d%63%6f%6e%74%65%6e%74\\\/uploads\\\/2014\\\/02\\\/lluvia3-273x300.jpg\",\"contentUrl\":\"http:\\\/\\\/www.isletasnoticias.com.ar\\\/%77%70%2d%63%6f%6e%74%65%6e%74\\\/uploads\\\/2014\\\/02\\\/lluvia3-273x300.jpg\"},{\"@type\":\"BreadcrumbList\",\"@id\":\"https:\\\/\\\/informelitoral.com.ar\\\/no-descartan-lluvias-para-el-ultimo-fin-de-semana-de-febrero\\\/#breadcrumb\",\"itemListElement\":[{\"@type\":\"ListItem\",\"position\":1,\"name\":\"Portada\",\"item\":\"https:\\\/\\\/informelitoral.com.ar\\\/\"},{\"@type\":\"ListItem\",\"position\":2,\"name\":\"No descartan lluvias para el \u00faltimo fin de semana de febrero\"}]},{\"@type\":\"WebSite\",\"@id\":\"https:\\\/\\\/informelitoral.com.ar\\\/#website\",\"url\":\"https:\\\/\\\/informelitoral.com.ar\\\/\",\"name\":\"Informe Litoral\",\"description\":\"&quot;Nos informamos&quot; \",\"publisher\":{\"@id\":\"https:\\\/\\\/informelitoral.com.ar\\\/#organization\"},\"potentialAction\":[{\"@type\":\"SearchAction\",\"target\":{\"@type\":\"EntryPoint\",\"urlTemplate\":\"https:\\\/\\\/informelitoral.com.ar\\\/?s={search_term_string}\"},\"query-input\":{\"@type\":\"PropertyValueSpecification\",\"valueRequired\":true,\"valueName\":\"search_term_string\"}}],\"inLanguage\":\"es\"},{\"@type\":\"Organization\",\"@id\":\"https:\\\/\\\/informelitoral.com.ar\\\/#organization\",\"name\":\"Informe Litoral\",\"url\":\"https:\\\/\\\/informelitoral.com.ar\\\/\",\"logo\":{\"@type\":\"ImageObject\",\"inLanguage\":\"es\",\"@id\":\"https:\\\/\\\/informelitoral.com.ar\\\/#\\\/schema\\\/logo\\\/image\\\/\",\"url\":\"https:\\\/\\\/informelitoral.com.ar\\\/%77%70%2d%63%6f%6e%74%65%6e%74\\\/uploads\\\/2021\\\/01\\\/circulo.png\",\"contentUrl\":\"https:\\\/\\\/informelitoral.com.ar\\\/%77%70%2d%63%6f%6e%74%65%6e%74\\\/uploads\\\/2021\\\/01\\\/circulo.png\",\"width\":723,\"height\":731,\"caption\":\"Informe Litoral\"},\"image\":{\"@id\":\"https:\\\/\\\/informelitoral.com.ar\\\/#\\\/schema\\\/logo\\\/image\\\/\"},\"sameAs\":[\"https:\\\/\\\/www.facebook.com\\\/informelitoral\\\/\",\"https:\\\/\\\/x.com\\\/InformeLitoral\",\"https:\\\/\\\/www.instagram.com\\\/informelitoral\\\/\",\"https:\\\/\\\/www.youtube.com\\\/channel\\\/UCua4Qvz8Icb6MYqhoq9xLXw\"]},{\"@type\":\"Person\",\"@id\":\"https:\\\/\\\/informelitoral.com.ar\\\/#\\\/schema\\\/person\\\/b9d00407c836482871ef1d57bf8e3180\",\"name\":\"Gonzalo Schmidt\",\"image\":{\"@type\":\"ImageObject\",\"inLanguage\":\"es\",\"@id\":\"https:\\\/\\\/secure.gravatar.com\\\/avatar\\\/31a1a7b66ff2de83bd0e9fd79d026630d2d99e55e8bfe501287647b4fd9743de?s=96&d=mm&r=g\",\"url\":\"https:\\\/\\\/secure.gravatar.com\\\/avatar\\\/31a1a7b66ff2de83bd0e9fd79d026630d2d99e55e8bfe501287647b4fd9743de?s=96&d=mm&r=g\",\"contentUrl\":\"https:\\\/\\\/secure.gravatar.com\\\/avatar\\\/31a1a7b66ff2de83bd0e9fd79d026630d2d99e55e8bfe501287647b4fd9743de?s=96&d=mm&r=g\",\"caption\":\"Gonzalo Schmidt\"},\"description\":\"Sitio web de noticias de la provincia de Entre R\u00edos, Argentina. Informaci\u00f3n y entretenimiento. Informe Litoral, nos informamos.\",\"sameAs\":[\"http:\\\/\\\/www.isletasnoticias.com.ar\"],\"url\":\"https:\\\/\\\/informelitoral.com.ar\\\/author\\\/gonzalo\\\/\"}]}<\/script>","yoast_head_json":{"title":"No descartan lluvias para el \u00faltimo fin de semana de febrero  - Informe Litoral","robots":{"index":"index","follow":"follow","max-snippet":"max-snippet:-1","max-image-preview":"max-image-preview:large","max-video-preview":"max-video-preview:-1"},"canonical":"https:\/\/informelitoral.com.ar\/no-descartan-lluvias-para-el-ultimo-fin-de-semana-de-febrero\/","og_locale":"es_ES","og_type":"article","og_title":"No descartan lluvias para el \u00faltimo fin de semana de febrero  - Informe Litoral","og_description":"Es seg&uacute;n el pron&oacute;stico del Servicio Metereol&oacute;gico Nacional para Paran&aacute; y la regi&oacute;n. Se prev&eacute;n precipitaciones para la &uacute;ltima parte del s&aacute;bado y la ma&ntilde;ana del domingo. Si se cumple, febrero terminar&iacute;a con lluvia durante parte de todos sus fines de semana, en especial los domingos. El SMN anuncia que para este s&aacute;bado 22, habr&aacute; [&hellip;]","og_url":"https:\/\/informelitoral.com.ar\/no-descartan-lluvias-para-el-ultimo-fin-de-semana-de-febrero\/","og_site_name":"Informe Litoral","article_publisher":"https:\/\/www.facebook.com\/informelitoral\/","article_published_time":"2014-02-21T17:34:19+00:00","og_image":[{"width":875,"height":960,"url":"https:\/\/informelitoral.com.ar\/%77%70%2d%63%6f%6e%74%65%6e%74\/uploads\/2014\/02\/lluvia3.jpg","type":"image\/jpeg"}],"author":"Gonzalo Schmidt","twitter_card":"summary_large_image","twitter_creator":"@InformeLitoral","twitter_site":"@InformeLitoral","twitter_misc":{"Escrito por":"Gonzalo Schmidt","Tiempo de lectura":"1 minuto"},"schema":{"@context":"https:\/\/schema.org","@graph":[{"@type":"Article","@id":"https:\/\/informelitoral.com.ar\/no-descartan-lluvias-para-el-ultimo-fin-de-semana-de-febrero\/#article","isPartOf":{"@id":"https:\/\/informelitoral.com.ar\/no-descartan-lluvias-para-el-ultimo-fin-de-semana-de-febrero\/"},"author":{"name":"Gonzalo Schmidt","@id":"https:\/\/informelitoral.com.ar\/#\/schema\/person\/b9d00407c836482871ef1d57bf8e3180"},"headline":"No descartan lluvias para el \u00faltimo fin de semana de febrero","datePublished":"2014-02-21T17:34:19+00:00","mainEntityOfPage":{"@id":"https:\/\/informelitoral.com.ar\/no-descartan-lluvias-para-el-ultimo-fin-de-semana-de-febrero\/"},"wordCount":215,"commentCount":0,"publisher":{"@id":"https:\/\/informelitoral.com.ar\/#organization"},"image":{"@id":"https:\/\/informelitoral.com.ar\/no-descartan-lluvias-para-el-ultimo-fin-de-semana-de-febrero\/#primaryimage"},"thumbnailUrl":"http:\/\/www.isletasnoticias.com.ar\/%77%70%2d%63%6f%6e%74%65%6e%74\/uploads\/2014\/02\/lluvia3-273x300.jpg","articleSection":["Entre R\u00edos"],"inLanguage":"es","potentialAction":[{"@type":"CommentAction","name":"Comment","target":["https:\/\/informelitoral.com.ar\/no-descartan-lluvias-para-el-ultimo-fin-de-semana-de-febrero\/#respond"]}]},{"@type":"WebPage","@id":"https:\/\/informelitoral.com.ar\/no-descartan-lluvias-para-el-ultimo-fin-de-semana-de-febrero\/","url":"https:\/\/informelitoral.com.ar\/no-descartan-lluvias-para-el-ultimo-fin-de-semana-de-febrero\/","name":"No descartan lluvias para el \u00faltimo fin de semana de febrero - Informe Litoral","isPartOf":{"@id":"https:\/\/informelitoral.com.ar\/#website"},"primaryImageOfPage":{"@id":"https:\/\/informelitoral.com.ar\/no-descartan-lluvias-para-el-ultimo-fin-de-semana-de-febrero\/#primaryimage"},"image":{"@id":"https:\/\/informelitoral.com.ar\/no-descartan-lluvias-para-el-ultimo-fin-de-semana-de-febrero\/#primaryimage"},"thumbnailUrl":"http:\/\/www.isletasnoticias.com.ar\/%77%70%2d%63%6f%6e%74%65%6e%74\/uploads\/2014\/02\/lluvia3-273x300.jpg","datePublished":"2014-02-21T17:34:19+00:00","breadcrumb":{"@id":"https:\/\/informelitoral.com.ar\/no-descartan-lluvias-para-el-ultimo-fin-de-semana-de-febrero\/#breadcrumb"},"inLanguage":"es","potentialAction":[{"@type":"ReadAction","target":["https:\/\/informelitoral.com.ar\/no-descartan-lluvias-para-el-ultimo-fin-de-semana-de-febrero\/"]}]},{"@type":"ImageObject","inLanguage":"es","@id":"https:\/\/informelitoral.com.ar\/no-descartan-lluvias-para-el-ultimo-fin-de-semana-de-febrero\/#primaryimage","url":"http:\/\/www.isletasnoticias.com.ar\/%77%70%2d%63%6f%6e%74%65%6e%74\/uploads\/2014\/02\/lluvia3-273x300.jpg","contentUrl":"http:\/\/www.isletasnoticias.com.ar\/%77%70%2d%63%6f%6e%74%65%6e%74\/uploads\/2014\/02\/lluvia3-273x300.jpg"},{"@type":"BreadcrumbList","@id":"https:\/\/informelitoral.com.ar\/no-descartan-lluvias-para-el-ultimo-fin-de-semana-de-febrero\/#breadcrumb","itemListElement":[{"@type":"ListItem","position":1,"name":"Portada","item":"https:\/\/informelitoral.com.ar\/"},{"@type":"ListItem","position":2,"name":"No descartan lluvias para el \u00faltimo fin de semana de febrero"}]},{"@type":"WebSite","@id":"https:\/\/informelitoral.com.ar\/#website","url":"https:\/\/informelitoral.com.ar\/","name":"Informe Litoral","description":"&quot;Nos informamos&quot; ","publisher":{"@id":"https:\/\/informelitoral.com.ar\/#organization"},"potentialAction":[{"@type":"SearchAction","target":{"@type":"EntryPoint","urlTemplate":"https:\/\/informelitoral.com.ar\/?s={search_term_string}"},"query-input":{"@type":"PropertyValueSpecification","valueRequired":true,"valueName":"search_term_string"}}],"inLanguage":"es"},{"@type":"Organization","@id":"https:\/\/informelitoral.com.ar\/#organization","name":"Informe Litoral","url":"https:\/\/informelitoral.com.ar\/","logo":{"@type":"ImageObject","inLanguage":"es","@id":"https:\/\/informelitoral.com.ar\/#\/schema\/logo\/image\/","url":"https:\/\/informelitoral.com.ar\/%77%70%2d%63%6f%6e%74%65%6e%74\/uploads\/2021\/01\/circulo.png","contentUrl":"https:\/\/informelitoral.com.ar\/%77%70%2d%63%6f%6e%74%65%6e%74\/uploads\/2021\/01\/circulo.png","width":723,"height":731,"caption":"Informe Litoral"},"image":{"@id":"https:\/\/informelitoral.com.ar\/#\/schema\/logo\/image\/"},"sameAs":["https:\/\/www.facebook.com\/informelitoral\/","https:\/\/x.com\/InformeLitoral","https:\/\/www.instagram.com\/informelitoral\/","https:\/\/www.youtube.com\/channel\/UCua4Qvz8Icb6MYqhoq9xLXw"]},{"@type":"Person","@id":"https:\/\/informelitoral.com.ar\/#\/schema\/person\/b9d00407c836482871ef1d57bf8e3180","name":"Gonzalo Schmidt","image":{"@type":"ImageObject","inLanguage":"es","@id":"https:\/\/secure.gravatar.com\/avatar\/31a1a7b66ff2de83bd0e9fd79d026630d2d99e55e8bfe501287647b4fd9743de?s=96&d=mm&r=g","url":"https:\/\/secure.gravatar.com\/avatar\/31a1a7b66ff2de83bd0e9fd79d026630d2d99e55e8bfe501287647b4fd9743de?s=96&d=mm&r=g","contentUrl":"https:\/\/secure.gravatar.com\/avatar\/31a1a7b66ff2de83bd0e9fd79d026630d2d99e55e8bfe501287647b4fd9743de?s=96&d=mm&r=g","caption":"Gonzalo Schmidt"},"description":"Sitio web de noticias de la provincia de Entre R\u00edos, Argentina. Informaci\u00f3n y entretenimiento. Informe Litoral, nos informamos.","sameAs":["http:\/\/www.isletasnoticias.com.ar"],"url":"https:\/\/informelitoral.com.ar\/author\/gonzalo\/"}]}},"_links":{"self":[{"href":"https:\/\/informelitoral.com.ar\/%77%70%2d%6a%73%6f%6e\/wp\/v2\/posts\/5783","targetHints":{"allow":["GET"]}}],"collection":[{"href":"https:\/\/informelitoral.com.ar\/%77%70%2d%6a%73%6f%6e\/wp\/v2\/posts"}],"about":[{"href":"https:\/\/informelitoral.com.ar\/%77%70%2d%6a%73%6f%6e\/wp\/v2\/types\/post"}],"author":[{"embeddable":true,"href":"https:\/\/informelitoral.com.ar\/%77%70%2d%6a%73%6f%6e\/wp\/v2\/users\/2"}],"replies":[{"embeddable":true,"href":"https:\/\/informelitoral.com.ar\/%77%70%2d%6a%73%6f%6e\/wp\/v2\/comments?post=5783"}],"version-history":[{"count":0,"href":"https:\/\/informelitoral.com.ar\/%77%70%2d%6a%73%6f%6e\/wp\/v2\/posts\/5783\/revisions"}],"wp:attachment":[{"href":"https:\/\/informelitoral.com.ar\/%77%70%2d%6a%73%6f%6e\/wp\/v2\/media?parent=5783"}],"wp:term":[{"taxonomy":"category","embeddable":true,"href":"https:\/\/informelitoral.com.ar\/%77%70%2d%6a%73%6f%6e\/wp\/v2\/categories?post=5783"},{"taxonomy":"post_tag","embeddable":true,"href":"https:\/\/informelitoral.com.ar\/%77%70%2d%6a%73%6f%6e\/wp\/v2\/tags?post=5783"}],"curies":[{"name":"wp","href":"https:\/\/api.w.org\/{rel}","templated":true}]}}