{"id":57727,"date":"2021-03-16T09:16:08","date_gmt":"2021-03-16T12:16:08","guid":{"rendered":"https:\/\/www.informelitoral.com.ar\/?p=57727"},"modified":"2021-03-16T09:16:08","modified_gmt":"2021-03-16T12:16:08","slug":"covid-19-ya-son-mas-de-2-millones-los-argentinos-vacunados-con-la-primera-dosis","status":"publish","type":"post","link":"https:\/\/informelitoral.com.ar\/covid-19-ya-son-mas-de-2-millones-los-argentinos-vacunados-con-la-primera-dosis\/","title":{"rendered":"Covid-19: ya son m\u00e1s de 2 millones los argentinos vacunados con la primera dosis"},"content":{"rendered":"<p>La Argentina super\u00f3 las 2.000.000 de personas vacunadas con la primera dosis de la vacuna contra el coronavirus, en el marco del plan de inmunizaci\u00f3n que lleva adelante el Gobierno nacional para combatir la pandemia de la Covid-19, inform\u00f3 el Ministerio de Salud.<\/p>\n<p>Seg\u00fan datos del Monitor P\u00fablico de Vacunaci\u00f3n, la Argentina alcanz\u00f3 las 2.022.489 personas que recibieron la primera dosis de la vacuna.<\/p>\n<p>De acuerdo con los ensayos cl\u00ednicos, la eficacia de la primera dosis de las vacunas disponibles en la Argentina para evitar contraer esta enfermedad se encuentra en niveles cercanos al 80 por ciento o del 100 de efectividad.<\/p>\n<p>En el caso de la\u00a0<strong>Sputnik-V<\/strong>, el \u00edndice de eficacia con una dosis alcanza el 91 por ciento para evitar el contagio y el 100 por ciento para impedir una infecci\u00f3n severa.<\/p>\n<p>La vacuna de\u00a0<strong>AstraZeneca<\/strong>\u00a0demostr\u00f3 una eficacia del 80 por ciento y del 100 por ciento en caso de una infecci\u00f3n severa, mientras que la estimaci\u00f3n de SinoPharm para evitar la enfermedad con una sola dosis es del 79 por ciento.<\/p>\n<p><strong>En tanto, en el pa\u00eds se alcanzaron un total de 2.488.218 aplicaciones, porque a las vacunadas con el primer componente hay que sumar 465.729 personas que ya tienen el esquema completo, es decir que recibieron la segunda dosis<\/strong>.<\/p>\n<p>En la \u00faltima semana -desde el lunes 8 al domingo 14 de marzo- se inocularon 857.496 personas en todas las jurisdicciones del pa\u00eds y entre s\u00e1bado y domingo se aplicaron 22.765 dosis.<\/p>\n<p>Asimismo, fueron distribuidas en todo el pa\u00eds un total de 3.823.465 dosis, seg\u00fan consigna el Monitor P\u00fablico de Vacunaci\u00f3n, una herramienta que puso en marcha la cartera sanitaria nacional para garantizar la transparencia y la trazabilidad de las inmunizaciones.<\/p>\n","protected":false},"excerpt":{"rendered":"<p>De acuerdo con los ensayos cl\u00ednicos, la eficacia de la primera dosis de las vacunas disponibles en la Argentina para evitar contraer esta enfermedad se encuentra en niveles cercanos al 80 por ciento o del 100 de efectividad.<\/p>\n","protected":false},"author":2,"featured_media":57728,"comment_status":"open","ping_status":"open","sticky":false,"template":"","format":"standard","meta":{"fifu_image_url":"","fifu_image_alt":"","footnotes":""},"categories":[7,9],"tags":[2153,214,2209],"class_list":{"0":"post-57727","1":"post","2":"type-post","3":"status-publish","4":"format-standard","5":"has-post-thumbnail","7":"category-nacionales","8":"category-sociedad","9":"tag-vacuna-coronavirus","10":"tag-vacunacion","11":"tag-vacunas-coronavirus"},"yoast_head":"<title>Covid-19: ya son m\u00e1s de 2 millones los argentinos vacunados con la primera dosis - Informe Litoral<\/title>\n<meta name=\"robots\" content=\"index, follow, max-snippet:-1, max-image-preview:large, max-video-preview:-1\" \/>\n<link rel=\"canonical\" href=\"https:\/\/informelitoral.com.ar\/covid-19-ya-son-mas-de-2-millones-los-argentinos-vacunados-con-la-primera-dosis\/\" \/>\n<meta property=\"og:locale\" content=\"es_ES\" \/>\n<meta property=\"og:type\" content=\"article\" \/>\n<meta property=\"og:title\" content=\"Covid-19: ya son m\u00e1s de 2 millones los argentinos vacunados con la primera dosis - Informe Litoral\" \/>\n<meta property=\"og:description\" content=\"De acuerdo con los ensayos cl\u00ednicos, la eficacia de la primera dosis de las vacunas disponibles en la Argentina para evitar contraer esta enfermedad se encuentra en niveles cercanos al 80 por ciento o del 100 de efectividad.\" \/>\n<meta property=\"og:url\" content=\"https:\/\/informelitoral.com.ar\/covid-19-ya-son-mas-de-2-millones-los-argentinos-vacunados-con-la-primera-dosis\/\" \/>\n<meta property=\"og:site_name\" content=\"Informe Litoral\" \/>\n<meta property=\"article:publisher\" content=\"https:\/\/www.facebook.com\/informelitoral\/\" \/>\n<meta property=\"article:published_time\" content=\"2021-03-16T12:16:08+00:00\" \/>\n<meta property=\"og:image\" content=\"https:\/\/informelitoral.com.ar\/%77%70%2d%63%6f%6e%74%65%6e%74\/uploads\/2021\/03\/60492c1ed9dd8_1004x564.jpg\" \/>\n\t<meta property=\"og:image:width\" content=\"1004\" \/>\n\t<meta property=\"og:image:height\" content=\"564\" \/>\n\t<meta property=\"og:image:type\" content=\"image\/jpeg\" \/>\n<meta name=\"author\" content=\"Gonzalo Schmidt\" \/>\n<meta name=\"twitter:card\" content=\"summary_large_image\" \/>\n<meta name=\"twitter:creator\" content=\"@InformeLitoral\" \/>\n<meta name=\"twitter:site\" content=\"@InformeLitoral\" \/>\n<meta name=\"twitter:label1\" content=\"Escrito por\" \/>\n\t<meta name=\"twitter:data1\" content=\"Gonzalo Schmidt\" \/>\n\t<meta name=\"twitter:label2\" content=\"Tiempo de lectura\" \/>\n\t<meta name=\"twitter:data2\" content=\"1 minuto\" \/>\n<script type=\"application\/ld+json\" class=\"yoast-schema-graph\">{\"@context\":\"https:\\\/\\\/schema.org\",\"@graph\":[{\"@type\":\"Article\",\"@id\":\"https:\\\/\\\/informelitoral.com.ar\\\/covid-19-ya-son-mas-de-2-millones-los-argentinos-vacunados-con-la-primera-dosis\\\/#article\",\"isPartOf\":{\"@id\":\"https:\\\/\\\/informelitoral.com.ar\\\/covid-19-ya-son-mas-de-2-millones-los-argentinos-vacunados-con-la-primera-dosis\\\/\"},\"author\":{\"name\":\"Gonzalo Schmidt\",\"@id\":\"https:\\\/\\\/informelitoral.com.ar\\\/#\\\/schema\\\/person\\\/b9d00407c836482871ef1d57bf8e3180\"},\"headline\":\"Covid-19: ya son m\u00e1s de 2 millones los argentinos vacunados con la primera dosis\",\"datePublished\":\"2021-03-16T12:16:08+00:00\",\"mainEntityOfPage\":{\"@id\":\"https:\\\/\\\/informelitoral.com.ar\\\/covid-19-ya-son-mas-de-2-millones-los-argentinos-vacunados-con-la-primera-dosis\\\/\"},\"wordCount\":297,\"commentCount\":0,\"publisher\":{\"@id\":\"https:\\\/\\\/informelitoral.com.ar\\\/#organization\"},\"image\":{\"@id\":\"https:\\\/\\\/informelitoral.com.ar\\\/covid-19-ya-son-mas-de-2-millones-los-argentinos-vacunados-con-la-primera-dosis\\\/#primaryimage\"},\"thumbnailUrl\":\"https:\\\/\\\/informelitoral.com.ar\\\/%77%70%2d%63%6f%6e%74%65%6e%74\\\/uploads\\\/2021\\\/03\\\/60492c1ed9dd8_1004x564.jpg\",\"keywords\":[\"Vacuna coronavirus\",\"Vacunaci\u00f3n\",\"Vacunas coronavirus\"],\"articleSection\":[\"Nacionales\",\"Sociedad\"],\"inLanguage\":\"es\",\"potentialAction\":[{\"@type\":\"CommentAction\",\"name\":\"Comment\",\"target\":[\"https:\\\/\\\/informelitoral.com.ar\\\/covid-19-ya-son-mas-de-2-millones-los-argentinos-vacunados-con-la-primera-dosis\\\/#respond\"]}]},{\"@type\":\"WebPage\",\"@id\":\"https:\\\/\\\/informelitoral.com.ar\\\/covid-19-ya-son-mas-de-2-millones-los-argentinos-vacunados-con-la-primera-dosis\\\/\",\"url\":\"https:\\\/\\\/informelitoral.com.ar\\\/covid-19-ya-son-mas-de-2-millones-los-argentinos-vacunados-con-la-primera-dosis\\\/\",\"name\":\"Covid-19: ya son m\u00e1s de 2 millones los argentinos vacunados con la primera dosis - Informe Litoral\",\"isPartOf\":{\"@id\":\"https:\\\/\\\/informelitoral.com.ar\\\/#website\"},\"primaryImageOfPage\":{\"@id\":\"https:\\\/\\\/informelitoral.com.ar\\\/covid-19-ya-son-mas-de-2-millones-los-argentinos-vacunados-con-la-primera-dosis\\\/#primaryimage\"},\"image\":{\"@id\":\"https:\\\/\\\/informelitoral.com.ar\\\/covid-19-ya-son-mas-de-2-millones-los-argentinos-vacunados-con-la-primera-dosis\\\/#primaryimage\"},\"thumbnailUrl\":\"https:\\\/\\\/informelitoral.com.ar\\\/%77%70%2d%63%6f%6e%74%65%6e%74\\\/uploads\\\/2021\\\/03\\\/60492c1ed9dd8_1004x564.jpg\",\"datePublished\":\"2021-03-16T12:16:08+00:00\",\"breadcrumb\":{\"@id\":\"https:\\\/\\\/informelitoral.com.ar\\\/covid-19-ya-son-mas-de-2-millones-los-argentinos-vacunados-con-la-primera-dosis\\\/#breadcrumb\"},\"inLanguage\":\"es\",\"potentialAction\":[{\"@type\":\"ReadAction\",\"target\":[\"https:\\\/\\\/informelitoral.com.ar\\\/covid-19-ya-son-mas-de-2-millones-los-argentinos-vacunados-con-la-primera-dosis\\\/\"]}]},{\"@type\":\"ImageObject\",\"inLanguage\":\"es\",\"@id\":\"https:\\\/\\\/informelitoral.com.ar\\\/covid-19-ya-son-mas-de-2-millones-los-argentinos-vacunados-con-la-primera-dosis\\\/#primaryimage\",\"url\":\"https:\\\/\\\/informelitoral.com.ar\\\/%77%70%2d%63%6f%6e%74%65%6e%74\\\/uploads\\\/2021\\\/03\\\/60492c1ed9dd8_1004x564.jpg\",\"contentUrl\":\"https:\\\/\\\/informelitoral.com.ar\\\/%77%70%2d%63%6f%6e%74%65%6e%74\\\/uploads\\\/2021\\\/03\\\/60492c1ed9dd8_1004x564.jpg\",\"width\":1004,\"height\":564},{\"@type\":\"BreadcrumbList\",\"@id\":\"https:\\\/\\\/informelitoral.com.ar\\\/covid-19-ya-son-mas-de-2-millones-los-argentinos-vacunados-con-la-primera-dosis\\\/#breadcrumb\",\"itemListElement\":[{\"@type\":\"ListItem\",\"position\":1,\"name\":\"Portada\",\"item\":\"https:\\\/\\\/informelitoral.com.ar\\\/\"},{\"@type\":\"ListItem\",\"position\":2,\"name\":\"Covid-19: ya son m\u00e1s de 2 millones los argentinos vacunados con la primera dosis\"}]},{\"@type\":\"WebSite\",\"@id\":\"https:\\\/\\\/informelitoral.com.ar\\\/#website\",\"url\":\"https:\\\/\\\/informelitoral.com.ar\\\/\",\"name\":\"Informe Litoral\",\"description\":\"&quot;Nos informamos&quot; \",\"publisher\":{\"@id\":\"https:\\\/\\\/informelitoral.com.ar\\\/#organization\"},\"potentialAction\":[{\"@type\":\"SearchAction\",\"target\":{\"@type\":\"EntryPoint\",\"urlTemplate\":\"https:\\\/\\\/informelitoral.com.ar\\\/?s={search_term_string}\"},\"query-input\":{\"@type\":\"PropertyValueSpecification\",\"valueRequired\":true,\"valueName\":\"search_term_string\"}}],\"inLanguage\":\"es\"},{\"@type\":\"Organization\",\"@id\":\"https:\\\/\\\/informelitoral.com.ar\\\/#organization\",\"name\":\"Informe Litoral\",\"url\":\"https:\\\/\\\/informelitoral.com.ar\\\/\",\"logo\":{\"@type\":\"ImageObject\",\"inLanguage\":\"es\",\"@id\":\"https:\\\/\\\/informelitoral.com.ar\\\/#\\\/schema\\\/logo\\\/image\\\/\",\"url\":\"https:\\\/\\\/informelitoral.com.ar\\\/%77%70%2d%63%6f%6e%74%65%6e%74\\\/uploads\\\/2021\\\/01\\\/circulo.png\",\"contentUrl\":\"https:\\\/\\\/informelitoral.com.ar\\\/%77%70%2d%63%6f%6e%74%65%6e%74\\\/uploads\\\/2021\\\/01\\\/circulo.png\",\"width\":723,\"height\":731,\"caption\":\"Informe Litoral\"},\"image\":{\"@id\":\"https:\\\/\\\/informelitoral.com.ar\\\/#\\\/schema\\\/logo\\\/image\\\/\"},\"sameAs\":[\"https:\\\/\\\/www.facebook.com\\\/informelitoral\\\/\",\"https:\\\/\\\/x.com\\\/InformeLitoral\",\"https:\\\/\\\/www.instagram.com\\\/informelitoral\\\/\",\"https:\\\/\\\/www.youtube.com\\\/channel\\\/UCua4Qvz8Icb6MYqhoq9xLXw\"]},{\"@type\":\"Person\",\"@id\":\"https:\\\/\\\/informelitoral.com.ar\\\/#\\\/schema\\\/person\\\/b9d00407c836482871ef1d57bf8e3180\",\"name\":\"Gonzalo Schmidt\",\"image\":{\"@type\":\"ImageObject\",\"inLanguage\":\"es\",\"@id\":\"https:\\\/\\\/secure.gravatar.com\\\/avatar\\\/31a1a7b66ff2de83bd0e9fd79d026630d2d99e55e8bfe501287647b4fd9743de?s=96&d=mm&r=g\",\"url\":\"https:\\\/\\\/secure.gravatar.com\\\/avatar\\\/31a1a7b66ff2de83bd0e9fd79d026630d2d99e55e8bfe501287647b4fd9743de?s=96&d=mm&r=g\",\"contentUrl\":\"https:\\\/\\\/secure.gravatar.com\\\/avatar\\\/31a1a7b66ff2de83bd0e9fd79d026630d2d99e55e8bfe501287647b4fd9743de?s=96&d=mm&r=g\",\"caption\":\"Gonzalo Schmidt\"},\"description\":\"Sitio web de noticias de la provincia de Entre R\u00edos, Argentina. Informaci\u00f3n y entretenimiento. Informe Litoral, nos informamos.\",\"sameAs\":[\"http:\\\/\\\/www.isletasnoticias.com.ar\"],\"url\":\"https:\\\/\\\/informelitoral.com.ar\\\/author\\\/gonzalo\\\/\"}]}<\/script>","yoast_head_json":{"title":"Covid-19: ya son m\u00e1s de 2 millones los argentinos vacunados con la primera dosis - Informe Litoral","robots":{"index":"index","follow":"follow","max-snippet":"max-snippet:-1","max-image-preview":"max-image-preview:large","max-video-preview":"max-video-preview:-1"},"canonical":"https:\/\/informelitoral.com.ar\/covid-19-ya-son-mas-de-2-millones-los-argentinos-vacunados-con-la-primera-dosis\/","og_locale":"es_ES","og_type":"article","og_title":"Covid-19: ya son m\u00e1s de 2 millones los argentinos vacunados con la primera dosis - Informe Litoral","og_description":"De acuerdo con los ensayos cl\u00ednicos, la eficacia de la primera dosis de las vacunas disponibles en la Argentina para evitar contraer esta enfermedad se encuentra en niveles cercanos al 80 por ciento o del 100 de efectividad.","og_url":"https:\/\/informelitoral.com.ar\/covid-19-ya-son-mas-de-2-millones-los-argentinos-vacunados-con-la-primera-dosis\/","og_site_name":"Informe Litoral","article_publisher":"https:\/\/www.facebook.com\/informelitoral\/","article_published_time":"2021-03-16T12:16:08+00:00","og_image":[{"width":1004,"height":564,"url":"https:\/\/informelitoral.com.ar\/%77%70%2d%63%6f%6e%74%65%6e%74\/uploads\/2021\/03\/60492c1ed9dd8_1004x564.jpg","type":"image\/jpeg"}],"author":"Gonzalo Schmidt","twitter_card":"summary_large_image","twitter_creator":"@InformeLitoral","twitter_site":"@InformeLitoral","twitter_misc":{"Escrito por":"Gonzalo Schmidt","Tiempo de lectura":"1 minuto"},"schema":{"@context":"https:\/\/schema.org","@graph":[{"@type":"Article","@id":"https:\/\/informelitoral.com.ar\/covid-19-ya-son-mas-de-2-millones-los-argentinos-vacunados-con-la-primera-dosis\/#article","isPartOf":{"@id":"https:\/\/informelitoral.com.ar\/covid-19-ya-son-mas-de-2-millones-los-argentinos-vacunados-con-la-primera-dosis\/"},"author":{"name":"Gonzalo Schmidt","@id":"https:\/\/informelitoral.com.ar\/#\/schema\/person\/b9d00407c836482871ef1d57bf8e3180"},"headline":"Covid-19: ya son m\u00e1s de 2 millones los argentinos vacunados con la primera dosis","datePublished":"2021-03-16T12:16:08+00:00","mainEntityOfPage":{"@id":"https:\/\/informelitoral.com.ar\/covid-19-ya-son-mas-de-2-millones-los-argentinos-vacunados-con-la-primera-dosis\/"},"wordCount":297,"commentCount":0,"publisher":{"@id":"https:\/\/informelitoral.com.ar\/#organization"},"image":{"@id":"https:\/\/informelitoral.com.ar\/covid-19-ya-son-mas-de-2-millones-los-argentinos-vacunados-con-la-primera-dosis\/#primaryimage"},"thumbnailUrl":"https:\/\/informelitoral.com.ar\/%77%70%2d%63%6f%6e%74%65%6e%74\/uploads\/2021\/03\/60492c1ed9dd8_1004x564.jpg","keywords":["Vacuna coronavirus","Vacunaci\u00f3n","Vacunas coronavirus"],"articleSection":["Nacionales","Sociedad"],"inLanguage":"es","potentialAction":[{"@type":"CommentAction","name":"Comment","target":["https:\/\/informelitoral.com.ar\/covid-19-ya-son-mas-de-2-millones-los-argentinos-vacunados-con-la-primera-dosis\/#respond"]}]},{"@type":"WebPage","@id":"https:\/\/informelitoral.com.ar\/covid-19-ya-son-mas-de-2-millones-los-argentinos-vacunados-con-la-primera-dosis\/","url":"https:\/\/informelitoral.com.ar\/covid-19-ya-son-mas-de-2-millones-los-argentinos-vacunados-con-la-primera-dosis\/","name":"Covid-19: ya son m\u00e1s de 2 millones los argentinos vacunados con la primera dosis - Informe Litoral","isPartOf":{"@id":"https:\/\/informelitoral.com.ar\/#website"},"primaryImageOfPage":{"@id":"https:\/\/informelitoral.com.ar\/covid-19-ya-son-mas-de-2-millones-los-argentinos-vacunados-con-la-primera-dosis\/#primaryimage"},"image":{"@id":"https:\/\/informelitoral.com.ar\/covid-19-ya-son-mas-de-2-millones-los-argentinos-vacunados-con-la-primera-dosis\/#primaryimage"},"thumbnailUrl":"https:\/\/informelitoral.com.ar\/%77%70%2d%63%6f%6e%74%65%6e%74\/uploads\/2021\/03\/60492c1ed9dd8_1004x564.jpg","datePublished":"2021-03-16T12:16:08+00:00","breadcrumb":{"@id":"https:\/\/informelitoral.com.ar\/covid-19-ya-son-mas-de-2-millones-los-argentinos-vacunados-con-la-primera-dosis\/#breadcrumb"},"inLanguage":"es","potentialAction":[{"@type":"ReadAction","target":["https:\/\/informelitoral.com.ar\/covid-19-ya-son-mas-de-2-millones-los-argentinos-vacunados-con-la-primera-dosis\/"]}]},{"@type":"ImageObject","inLanguage":"es","@id":"https:\/\/informelitoral.com.ar\/covid-19-ya-son-mas-de-2-millones-los-argentinos-vacunados-con-la-primera-dosis\/#primaryimage","url":"https:\/\/informelitoral.com.ar\/%77%70%2d%63%6f%6e%74%65%6e%74\/uploads\/2021\/03\/60492c1ed9dd8_1004x564.jpg","contentUrl":"https:\/\/informelitoral.com.ar\/%77%70%2d%63%6f%6e%74%65%6e%74\/uploads\/2021\/03\/60492c1ed9dd8_1004x564.jpg","width":1004,"height":564},{"@type":"BreadcrumbList","@id":"https:\/\/informelitoral.com.ar\/covid-19-ya-son-mas-de-2-millones-los-argentinos-vacunados-con-la-primera-dosis\/#breadcrumb","itemListElement":[{"@type":"ListItem","position":1,"name":"Portada","item":"https:\/\/informelitoral.com.ar\/"},{"@type":"ListItem","position":2,"name":"Covid-19: ya son m\u00e1s de 2 millones los argentinos vacunados con la primera dosis"}]},{"@type":"WebSite","@id":"https:\/\/informelitoral.com.ar\/#website","url":"https:\/\/informelitoral.com.ar\/","name":"Informe Litoral","description":"&quot;Nos informamos&quot; ","publisher":{"@id":"https:\/\/informelitoral.com.ar\/#organization"},"potentialAction":[{"@type":"SearchAction","target":{"@type":"EntryPoint","urlTemplate":"https:\/\/informelitoral.com.ar\/?s={search_term_string}"},"query-input":{"@type":"PropertyValueSpecification","valueRequired":true,"valueName":"search_term_string"}}],"inLanguage":"es"},{"@type":"Organization","@id":"https:\/\/informelitoral.com.ar\/#organization","name":"Informe Litoral","url":"https:\/\/informelitoral.com.ar\/","logo":{"@type":"ImageObject","inLanguage":"es","@id":"https:\/\/informelitoral.com.ar\/#\/schema\/logo\/image\/","url":"https:\/\/informelitoral.com.ar\/%77%70%2d%63%6f%6e%74%65%6e%74\/uploads\/2021\/01\/circulo.png","contentUrl":"https:\/\/informelitoral.com.ar\/%77%70%2d%63%6f%6e%74%65%6e%74\/uploads\/2021\/01\/circulo.png","width":723,"height":731,"caption":"Informe Litoral"},"image":{"@id":"https:\/\/informelitoral.com.ar\/#\/schema\/logo\/image\/"},"sameAs":["https:\/\/www.facebook.com\/informelitoral\/","https:\/\/x.com\/InformeLitoral","https:\/\/www.instagram.com\/informelitoral\/","https:\/\/www.youtube.com\/channel\/UCua4Qvz8Icb6MYqhoq9xLXw"]},{"@type":"Person","@id":"https:\/\/informelitoral.com.ar\/#\/schema\/person\/b9d00407c836482871ef1d57bf8e3180","name":"Gonzalo Schmidt","image":{"@type":"ImageObject","inLanguage":"es","@id":"https:\/\/secure.gravatar.com\/avatar\/31a1a7b66ff2de83bd0e9fd79d026630d2d99e55e8bfe501287647b4fd9743de?s=96&d=mm&r=g","url":"https:\/\/secure.gravatar.com\/avatar\/31a1a7b66ff2de83bd0e9fd79d026630d2d99e55e8bfe501287647b4fd9743de?s=96&d=mm&r=g","contentUrl":"https:\/\/secure.gravatar.com\/avatar\/31a1a7b66ff2de83bd0e9fd79d026630d2d99e55e8bfe501287647b4fd9743de?s=96&d=mm&r=g","caption":"Gonzalo Schmidt"},"description":"Sitio web de noticias de la provincia de Entre R\u00edos, Argentina. Informaci\u00f3n y entretenimiento. Informe Litoral, nos informamos.","sameAs":["http:\/\/www.isletasnoticias.com.ar"],"url":"https:\/\/informelitoral.com.ar\/author\/gonzalo\/"}]}},"_links":{"self":[{"href":"https:\/\/informelitoral.com.ar\/%77%70%2d%6a%73%6f%6e\/wp\/v2\/posts\/57727","targetHints":{"allow":["GET"]}}],"collection":[{"href":"https:\/\/informelitoral.com.ar\/%77%70%2d%6a%73%6f%6e\/wp\/v2\/posts"}],"about":[{"href":"https:\/\/informelitoral.com.ar\/%77%70%2d%6a%73%6f%6e\/wp\/v2\/types\/post"}],"author":[{"embeddable":true,"href":"https:\/\/informelitoral.com.ar\/%77%70%2d%6a%73%6f%6e\/wp\/v2\/users\/2"}],"replies":[{"embeddable":true,"href":"https:\/\/informelitoral.com.ar\/%77%70%2d%6a%73%6f%6e\/wp\/v2\/comments?post=57727"}],"version-history":[{"count":0,"href":"https:\/\/informelitoral.com.ar\/%77%70%2d%6a%73%6f%6e\/wp\/v2\/posts\/57727\/revisions"}],"wp:featuredmedia":[{"embeddable":true,"href":"https:\/\/informelitoral.com.ar\/%77%70%2d%6a%73%6f%6e\/wp\/v2\/media\/57728"}],"wp:attachment":[{"href":"https:\/\/informelitoral.com.ar\/%77%70%2d%6a%73%6f%6e\/wp\/v2\/media?parent=57727"}],"wp:term":[{"taxonomy":"category","embeddable":true,"href":"https:\/\/informelitoral.com.ar\/%77%70%2d%6a%73%6f%6e\/wp\/v2\/categories?post=57727"},{"taxonomy":"post_tag","embeddable":true,"href":"https:\/\/informelitoral.com.ar\/%77%70%2d%6a%73%6f%6e\/wp\/v2\/tags?post=57727"}],"curies":[{"name":"wp","href":"https:\/\/api.w.org\/{rel}","templated":true}]}}