{"id":57724,"date":"2021-03-16T09:13:30","date_gmt":"2021-03-16T12:13:30","guid":{"rendered":"https:\/\/www.informelitoral.com.ar\/?p=57724"},"modified":"2021-03-16T09:13:30","modified_gmt":"2021-03-16T12:13:30","slug":"el-presidente-confirmo-a-martin-soria-al-frente-del-ministerio-de-justicia","status":"publish","type":"post","link":"https:\/\/informelitoral.com.ar\/el-presidente-confirmo-a-martin-soria-al-frente-del-ministerio-de-justicia\/","title":{"rendered":"El Presidente confirm\u00f3 a Mart\u00edn Soria al frente del Ministerio de Justicia"},"content":{"rendered":"<div class=\"wrapper-editable-content\">\n<div class=\"editable-content clearfix\">El diputado nacional <strong>Mart\u00edn Soria<\/strong> fue designado por el presidente Alberto Fern\u00e1ndez como ministro de Justicia en reemplazo de Marcela Losardo, informaron fuentes oficiales.<\/p>\n<p><strong>\u00abHoy (por el lunes) almorc\u00e9 con Mart\u00edn Soria, le habl\u00e9 sobre cu\u00e1les son mis expectativas y \u00e9l acept\u00f3 hacerse cargo\u00bb, rese\u00f1\u00f3 Fern\u00e1ndez en una entrevista con <\/strong><em>Canal 9.<\/em><strong><\/p>\n<p>El mandatario explic\u00f3 que el elegido \u00abtiene que tomarse el tiempo de renunciar como diputado y que le acepten la renuncia\u00bb<\/strong>.<\/p>\n<h3 class=\"auth\"><strong>El pr\u00f3ximo Ministro de Justicia<\/strong><\/h3>\n<p>Soria es un dirigente del peronismo tradicional de R\u00edo Negro, provincia en la que\u00a0<strong>fue dos veces intendente de la ciudad de General Roca, y en el \u00faltimo tiempo profundiz\u00f3 sus denuncias contra el funcionamiento de diversas \u00e1reas del Poder Judicial.<\/strong><\/p>\n<p>Llegar\u00e1 al estrat\u00e9gico Ministerio de Justicia despu\u00e9s de que el presidente Alberto Fern\u00e1ndez revelara, la semana pasada, que Losardo le hab\u00eda solicitado dejar el cargo, en momentos en que considera que la pr\u00f3xima ser\u00e1 una etapa para esa cartera que requiere de una nueva \u00abactitud\u00bb.<\/p>\n<p>De 45 a\u00f1os y miembro de una familia tradicional del peronismo rionegrino,<strong>\u00a0Soria accedi\u00f3 a la C\u00e1mara de Diputados en diciembre de 2019, al ser electo por la provincia de R\u00edo Negro por el Frente de Todos, y luego de haber sido intendente de General Roca entre 2011 y 2019<\/strong>.<\/p>\n<p>En 2015, despu\u00e9s de dos mandatos como intendente de General Roca, Soria se postul\u00f3 para gobernador de R\u00edo Negro y perdi\u00f3 las elecciones a manos de Arabela Carreras.<\/p>\n<p>Al mando del PJ de R\u00edo Negro, en 2020 su figura resalt\u00f3 en un congreso nacional del peronismo al solicitar la expulsi\u00f3n del partido de Miguel Pichetto por haber integrado f\u00f3rmula con el expresidente Mauricio Macri en las elecciones presidenciales del a\u00f1o anterior.<\/p>\n<p>Soria fue tambi\u00e9n el legislador que denunci\u00f3 el mes pasado al presidente de la C\u00e1mara Federal de Casaci\u00f3n Penal, Gustavo Hornos, por haber mantenido seis encuentros privados con el entonces presidente Macri entre 2015 y 2018.<\/p>\n<p>La denuncia ante el Consejo de la Magistratura fue presentada por \u00abmal desempe\u00f1o, grave negligencia y por la realizaci\u00f3n de actos de manifiesta arbitrariedad en el ejercicio de sus funciones\u00bb.<\/p>\n<p>En la denuncia, de 23 p\u00e1ginas, Soria pidi\u00f3 la suspensi\u00f3n de Hornos y su posterior remoci\u00f3n por considerarlo parte de la \u00abmesa judicial\u00bb de Cambiemos, presumiblemente formada para perseguir en los tribunales a dirigentes opositores.<\/p>\n<p>\u00abEste camarista de la C\u00e1mara Federal de Casaci\u00f3n Penal, m\u00e1ximo tribunal penal en nuestro pa\u00eds, visit\u00f3 al ex presidente Mauricio Macri en 6 oportunidades, sin pedidos de audiencia y a puertas cerradas durante sus 4 a\u00f1os de gobierno\u00bb, apunt\u00f3 en su momento.<\/p>\n<p>\u00abLlamativamente -conect\u00f3 Soria-, cada una de esas visitas fue precedida o seguida por una resoluci\u00f3n que lleva su firma en contra de alg\u00fan miembro del partido pol\u00edtico de la oposici\u00f3n, en especial funcionarios cercanos a la ex presidenta Cristina Fern\u00e1ndez de Kirchner\u00bb.<\/p>\n<p>Para el legislador oficialista, esa conducta de Hornos result\u00f3 \u00ababerrante, vergonzosa y repugnante a los valores\u00bb que se busca desarrollar en la sociedad argentina.<\/p>\n<p>Soria repudi\u00f3 as\u00ed que un \u00abrepresentante del Poder Judicial condicione investigaciones en temas tan sensibles\u00bb.<\/p>\n<p>Y agreg\u00f3 en esa oportunidad que \u00abes una actitud que no debe ser perdonada y que debe sancionarse con todo el peso de la ley, removiendo al juez Hornos de su cargo\u00bb, por lo plante\u00f3 que si no se aceptaba la propuesta de remoci\u00f3n, que se le aplicaran sanciones.<\/p>\n<p>Cuando confirm\u00f3 la salida de Losardo del cargo, Fern\u00e1ndez sostuvo que, de todos modos, quer\u00eda que la funcionaria siguiera \u00abtrabajando\u00bb en su equipo, por lo que ahora ser\u00e1 designada embajadora ante la Unesco, un puesto que era ocupado por Pino Solanas hasta su fallecimiento, en noviembre \u00faltimo, a causa del coronavirus.<\/p>\n<p>Fern\u00e1ndez tambi\u00e9n descart\u00f3 en esa oportunidad que el movimiento en el gabinete correspondiera a un pedido de la vicepresidenta Cristina Fern\u00e1ndez de Kirchner.<\/p>\n<p>\u00abLa discusi\u00f3n fue que se va Marcela y entra un kirchnerista como Soria, pero hasta lo que yo recuerdo Soria siempre estuvo enfrentado a los Kirchner, hasta la \u00faltima elecci\u00f3n fue contra (el senador Mart\u00edn) Do\u00f1ate. No entiendo c\u00f3mo funciona esto\u00bb, argument\u00f3.<\/p>\n<p>\u00abSoy uno de los fundadores del kirchnerismo, lo acompa\u00f1\u00e9 a N\u00e9stor cuando \u00e9ramos muy poquitos, y si &#8216;kirchnerizar&#8217; es romper la voluntad del di\u00e1logo no cuenten conmigo, porque voy a seguir buscando el di\u00e1logo hasta el \u00faltimo d\u00eda de mi gesti\u00f3n\u00bb, remarc\u00f3 Fern\u00e1ndez.<\/p><\/div>\n<\/div>\n","protected":false},"excerpt":{"rendered":"<p>El reemplazante de Marcela Losardo tiene 45 a\u00f1os, es diputado nacional por la provincia de R\u00edo Negro (Frente de Todos) y fue intendente de General Roca entre 2011 y 2019.<\/p>\n","protected":false},"author":2,"featured_media":57725,"comment_status":"open","ping_status":"open","sticky":false,"template":"","format":"standard","meta":{"fifu_image_url":"","fifu_image_alt":"","footnotes":""},"categories":[16],"tags":[147,2253],"class_list":{"0":"post-57724","1":"post","2":"type-post","3":"status-publish","4":"format-standard","5":"has-post-thumbnail","7":"category-politi","8":"tag-justicia","9":"tag-martin-soria"},"yoast_head":"<title>El Presidente confirm\u00f3 a Mart\u00edn Soria al frente del Ministerio de Justicia - Informe Litoral<\/title>\n<meta name=\"robots\" content=\"index, follow, max-snippet:-1, max-image-preview:large, max-video-preview:-1\" \/>\n<link rel=\"canonical\" href=\"https:\/\/informelitoral.com.ar\/el-presidente-confirmo-a-martin-soria-al-frente-del-ministerio-de-justicia\/\" \/>\n<meta property=\"og:locale\" content=\"es_ES\" \/>\n<meta property=\"og:type\" content=\"article\" \/>\n<meta property=\"og:title\" content=\"El Presidente confirm\u00f3 a Mart\u00edn Soria al frente del Ministerio de Justicia - Informe Litoral\" \/>\n<meta property=\"og:description\" content=\"El reemplazante de Marcela Losardo tiene 45 a\u00f1os, es diputado nacional por la provincia de R\u00edo Negro (Frente de Todos) y fue intendente de General Roca entre 2011 y 2019.\" \/>\n<meta property=\"og:url\" content=\"https:\/\/informelitoral.com.ar\/el-presidente-confirmo-a-martin-soria-al-frente-del-ministerio-de-justicia\/\" \/>\n<meta property=\"og:site_name\" content=\"Informe Litoral\" \/>\n<meta property=\"article:publisher\" content=\"https:\/\/www.facebook.com\/informelitoral\/\" \/>\n<meta property=\"article:published_time\" content=\"2021-03-16T12:13:30+00:00\" \/>\n<meta property=\"og:image\" content=\"https:\/\/informelitoral.com.ar\/%77%70%2d%63%6f%6e%74%65%6e%74\/uploads\/2021\/03\/604fea3062767_1004x565.jpg\" \/>\n\t<meta property=\"og:image:width\" content=\"1004\" \/>\n\t<meta property=\"og:image:height\" content=\"565\" \/>\n\t<meta property=\"og:image:type\" content=\"image\/jpeg\" \/>\n<meta name=\"author\" content=\"Gonzalo Schmidt\" \/>\n<meta name=\"twitter:card\" content=\"summary_large_image\" \/>\n<meta name=\"twitter:creator\" content=\"@InformeLitoral\" \/>\n<meta name=\"twitter:site\" content=\"@InformeLitoral\" \/>\n<meta name=\"twitter:label1\" content=\"Escrito por\" \/>\n\t<meta name=\"twitter:data1\" content=\"Gonzalo Schmidt\" \/>\n\t<meta name=\"twitter:label2\" content=\"Tiempo de lectura\" \/>\n\t<meta name=\"twitter:data2\" content=\"4 minutos\" \/>\n<script type=\"application\/ld+json\" class=\"yoast-schema-graph\">{\"@context\":\"https:\\\/\\\/schema.org\",\"@graph\":[{\"@type\":\"Article\",\"@id\":\"https:\\\/\\\/informelitoral.com.ar\\\/el-presidente-confirmo-a-martin-soria-al-frente-del-ministerio-de-justicia\\\/#article\",\"isPartOf\":{\"@id\":\"https:\\\/\\\/informelitoral.com.ar\\\/el-presidente-confirmo-a-martin-soria-al-frente-del-ministerio-de-justicia\\\/\"},\"author\":{\"name\":\"Gonzalo Schmidt\",\"@id\":\"https:\\\/\\\/informelitoral.com.ar\\\/#\\\/schema\\\/person\\\/b9d00407c836482871ef1d57bf8e3180\"},\"headline\":\"El Presidente confirm\u00f3 a Mart\u00edn Soria al frente del Ministerio de Justicia\",\"datePublished\":\"2021-03-16T12:13:30+00:00\",\"mainEntityOfPage\":{\"@id\":\"https:\\\/\\\/informelitoral.com.ar\\\/el-presidente-confirmo-a-martin-soria-al-frente-del-ministerio-de-justicia\\\/\"},\"wordCount\":774,\"commentCount\":0,\"publisher\":{\"@id\":\"https:\\\/\\\/informelitoral.com.ar\\\/#organization\"},\"image\":{\"@id\":\"https:\\\/\\\/informelitoral.com.ar\\\/el-presidente-confirmo-a-martin-soria-al-frente-del-ministerio-de-justicia\\\/#primaryimage\"},\"thumbnailUrl\":\"https:\\\/\\\/informelitoral.com.ar\\\/%77%70%2d%63%6f%6e%74%65%6e%74\\\/uploads\\\/2021\\\/03\\\/604fea3062767_1004x565.jpg\",\"keywords\":[\"Justicia\",\"Mart\u00edn Soria\"],\"articleSection\":[\"Politica\"],\"inLanguage\":\"es\",\"potentialAction\":[{\"@type\":\"CommentAction\",\"name\":\"Comment\",\"target\":[\"https:\\\/\\\/informelitoral.com.ar\\\/el-presidente-confirmo-a-martin-soria-al-frente-del-ministerio-de-justicia\\\/#respond\"]}]},{\"@type\":\"WebPage\",\"@id\":\"https:\\\/\\\/informelitoral.com.ar\\\/el-presidente-confirmo-a-martin-soria-al-frente-del-ministerio-de-justicia\\\/\",\"url\":\"https:\\\/\\\/informelitoral.com.ar\\\/el-presidente-confirmo-a-martin-soria-al-frente-del-ministerio-de-justicia\\\/\",\"name\":\"El Presidente confirm\u00f3 a Mart\u00edn Soria al frente del Ministerio de Justicia - Informe Litoral\",\"isPartOf\":{\"@id\":\"https:\\\/\\\/informelitoral.com.ar\\\/#website\"},\"primaryImageOfPage\":{\"@id\":\"https:\\\/\\\/informelitoral.com.ar\\\/el-presidente-confirmo-a-martin-soria-al-frente-del-ministerio-de-justicia\\\/#primaryimage\"},\"image\":{\"@id\":\"https:\\\/\\\/informelitoral.com.ar\\\/el-presidente-confirmo-a-martin-soria-al-frente-del-ministerio-de-justicia\\\/#primaryimage\"},\"thumbnailUrl\":\"https:\\\/\\\/informelitoral.com.ar\\\/%77%70%2d%63%6f%6e%74%65%6e%74\\\/uploads\\\/2021\\\/03\\\/604fea3062767_1004x565.jpg\",\"datePublished\":\"2021-03-16T12:13:30+00:00\",\"breadcrumb\":{\"@id\":\"https:\\\/\\\/informelitoral.com.ar\\\/el-presidente-confirmo-a-martin-soria-al-frente-del-ministerio-de-justicia\\\/#breadcrumb\"},\"inLanguage\":\"es\",\"potentialAction\":[{\"@type\":\"ReadAction\",\"target\":[\"https:\\\/\\\/informelitoral.com.ar\\\/el-presidente-confirmo-a-martin-soria-al-frente-del-ministerio-de-justicia\\\/\"]}]},{\"@type\":\"ImageObject\",\"inLanguage\":\"es\",\"@id\":\"https:\\\/\\\/informelitoral.com.ar\\\/el-presidente-confirmo-a-martin-soria-al-frente-del-ministerio-de-justicia\\\/#primaryimage\",\"url\":\"https:\\\/\\\/informelitoral.com.ar\\\/%77%70%2d%63%6f%6e%74%65%6e%74\\\/uploads\\\/2021\\\/03\\\/604fea3062767_1004x565.jpg\",\"contentUrl\":\"https:\\\/\\\/informelitoral.com.ar\\\/%77%70%2d%63%6f%6e%74%65%6e%74\\\/uploads\\\/2021\\\/03\\\/604fea3062767_1004x565.jpg\",\"width\":1004,\"height\":565},{\"@type\":\"BreadcrumbList\",\"@id\":\"https:\\\/\\\/informelitoral.com.ar\\\/el-presidente-confirmo-a-martin-soria-al-frente-del-ministerio-de-justicia\\\/#breadcrumb\",\"itemListElement\":[{\"@type\":\"ListItem\",\"position\":1,\"name\":\"Portada\",\"item\":\"https:\\\/\\\/informelitoral.com.ar\\\/\"},{\"@type\":\"ListItem\",\"position\":2,\"name\":\"El Presidente confirm\u00f3 a Mart\u00edn Soria al frente del Ministerio de Justicia\"}]},{\"@type\":\"WebSite\",\"@id\":\"https:\\\/\\\/informelitoral.com.ar\\\/#website\",\"url\":\"https:\\\/\\\/informelitoral.com.ar\\\/\",\"name\":\"Informe Litoral\",\"description\":\"&quot;Nos informamos&quot; \",\"publisher\":{\"@id\":\"https:\\\/\\\/informelitoral.com.ar\\\/#organization\"},\"potentialAction\":[{\"@type\":\"SearchAction\",\"target\":{\"@type\":\"EntryPoint\",\"urlTemplate\":\"https:\\\/\\\/informelitoral.com.ar\\\/?s={search_term_string}\"},\"query-input\":{\"@type\":\"PropertyValueSpecification\",\"valueRequired\":true,\"valueName\":\"search_term_string\"}}],\"inLanguage\":\"es\"},{\"@type\":\"Organization\",\"@id\":\"https:\\\/\\\/informelitoral.com.ar\\\/#organization\",\"name\":\"Informe Litoral\",\"url\":\"https:\\\/\\\/informelitoral.com.ar\\\/\",\"logo\":{\"@type\":\"ImageObject\",\"inLanguage\":\"es\",\"@id\":\"https:\\\/\\\/informelitoral.com.ar\\\/#\\\/schema\\\/logo\\\/image\\\/\",\"url\":\"https:\\\/\\\/informelitoral.com.ar\\\/%77%70%2d%63%6f%6e%74%65%6e%74\\\/uploads\\\/2021\\\/01\\\/circulo.png\",\"contentUrl\":\"https:\\\/\\\/informelitoral.com.ar\\\/%77%70%2d%63%6f%6e%74%65%6e%74\\\/uploads\\\/2021\\\/01\\\/circulo.png\",\"width\":723,\"height\":731,\"caption\":\"Informe Litoral\"},\"image\":{\"@id\":\"https:\\\/\\\/informelitoral.com.ar\\\/#\\\/schema\\\/logo\\\/image\\\/\"},\"sameAs\":[\"https:\\\/\\\/www.facebook.com\\\/informelitoral\\\/\",\"https:\\\/\\\/x.com\\\/InformeLitoral\",\"https:\\\/\\\/www.instagram.com\\\/informelitoral\\\/\",\"https:\\\/\\\/www.youtube.com\\\/channel\\\/UCua4Qvz8Icb6MYqhoq9xLXw\"]},{\"@type\":\"Person\",\"@id\":\"https:\\\/\\\/informelitoral.com.ar\\\/#\\\/schema\\\/person\\\/b9d00407c836482871ef1d57bf8e3180\",\"name\":\"Gonzalo Schmidt\",\"image\":{\"@type\":\"ImageObject\",\"inLanguage\":\"es\",\"@id\":\"https:\\\/\\\/secure.gravatar.com\\\/avatar\\\/31a1a7b66ff2de83bd0e9fd79d026630d2d99e55e8bfe501287647b4fd9743de?s=96&d=mm&r=g\",\"url\":\"https:\\\/\\\/secure.gravatar.com\\\/avatar\\\/31a1a7b66ff2de83bd0e9fd79d026630d2d99e55e8bfe501287647b4fd9743de?s=96&d=mm&r=g\",\"contentUrl\":\"https:\\\/\\\/secure.gravatar.com\\\/avatar\\\/31a1a7b66ff2de83bd0e9fd79d026630d2d99e55e8bfe501287647b4fd9743de?s=96&d=mm&r=g\",\"caption\":\"Gonzalo Schmidt\"},\"description\":\"Sitio web de noticias de la provincia de Entre R\u00edos, Argentina. Informaci\u00f3n y entretenimiento. Informe Litoral, nos informamos.\",\"sameAs\":[\"http:\\\/\\\/www.isletasnoticias.com.ar\"],\"url\":\"https:\\\/\\\/informelitoral.com.ar\\\/author\\\/gonzalo\\\/\"}]}<\/script>","yoast_head_json":{"title":"El Presidente confirm\u00f3 a Mart\u00edn Soria al frente del Ministerio de Justicia - Informe Litoral","robots":{"index":"index","follow":"follow","max-snippet":"max-snippet:-1","max-image-preview":"max-image-preview:large","max-video-preview":"max-video-preview:-1"},"canonical":"https:\/\/informelitoral.com.ar\/el-presidente-confirmo-a-martin-soria-al-frente-del-ministerio-de-justicia\/","og_locale":"es_ES","og_type":"article","og_title":"El Presidente confirm\u00f3 a Mart\u00edn Soria al frente del Ministerio de Justicia - Informe Litoral","og_description":"El reemplazante de Marcela Losardo tiene 45 a\u00f1os, es diputado nacional por la provincia de R\u00edo Negro (Frente de Todos) y fue intendente de General Roca entre 2011 y 2019.","og_url":"https:\/\/informelitoral.com.ar\/el-presidente-confirmo-a-martin-soria-al-frente-del-ministerio-de-justicia\/","og_site_name":"Informe Litoral","article_publisher":"https:\/\/www.facebook.com\/informelitoral\/","article_published_time":"2021-03-16T12:13:30+00:00","og_image":[{"width":1004,"height":565,"url":"https:\/\/informelitoral.com.ar\/%77%70%2d%63%6f%6e%74%65%6e%74\/uploads\/2021\/03\/604fea3062767_1004x565.jpg","type":"image\/jpeg"}],"author":"Gonzalo Schmidt","twitter_card":"summary_large_image","twitter_creator":"@InformeLitoral","twitter_site":"@InformeLitoral","twitter_misc":{"Escrito por":"Gonzalo Schmidt","Tiempo de lectura":"4 minutos"},"schema":{"@context":"https:\/\/schema.org","@graph":[{"@type":"Article","@id":"https:\/\/informelitoral.com.ar\/el-presidente-confirmo-a-martin-soria-al-frente-del-ministerio-de-justicia\/#article","isPartOf":{"@id":"https:\/\/informelitoral.com.ar\/el-presidente-confirmo-a-martin-soria-al-frente-del-ministerio-de-justicia\/"},"author":{"name":"Gonzalo Schmidt","@id":"https:\/\/informelitoral.com.ar\/#\/schema\/person\/b9d00407c836482871ef1d57bf8e3180"},"headline":"El Presidente confirm\u00f3 a Mart\u00edn Soria al frente del Ministerio de Justicia","datePublished":"2021-03-16T12:13:30+00:00","mainEntityOfPage":{"@id":"https:\/\/informelitoral.com.ar\/el-presidente-confirmo-a-martin-soria-al-frente-del-ministerio-de-justicia\/"},"wordCount":774,"commentCount":0,"publisher":{"@id":"https:\/\/informelitoral.com.ar\/#organization"},"image":{"@id":"https:\/\/informelitoral.com.ar\/el-presidente-confirmo-a-martin-soria-al-frente-del-ministerio-de-justicia\/#primaryimage"},"thumbnailUrl":"https:\/\/informelitoral.com.ar\/%77%70%2d%63%6f%6e%74%65%6e%74\/uploads\/2021\/03\/604fea3062767_1004x565.jpg","keywords":["Justicia","Mart\u00edn Soria"],"articleSection":["Politica"],"inLanguage":"es","potentialAction":[{"@type":"CommentAction","name":"Comment","target":["https:\/\/informelitoral.com.ar\/el-presidente-confirmo-a-martin-soria-al-frente-del-ministerio-de-justicia\/#respond"]}]},{"@type":"WebPage","@id":"https:\/\/informelitoral.com.ar\/el-presidente-confirmo-a-martin-soria-al-frente-del-ministerio-de-justicia\/","url":"https:\/\/informelitoral.com.ar\/el-presidente-confirmo-a-martin-soria-al-frente-del-ministerio-de-justicia\/","name":"El Presidente confirm\u00f3 a Mart\u00edn Soria al frente del Ministerio de Justicia - Informe Litoral","isPartOf":{"@id":"https:\/\/informelitoral.com.ar\/#website"},"primaryImageOfPage":{"@id":"https:\/\/informelitoral.com.ar\/el-presidente-confirmo-a-martin-soria-al-frente-del-ministerio-de-justicia\/#primaryimage"},"image":{"@id":"https:\/\/informelitoral.com.ar\/el-presidente-confirmo-a-martin-soria-al-frente-del-ministerio-de-justicia\/#primaryimage"},"thumbnailUrl":"https:\/\/informelitoral.com.ar\/%77%70%2d%63%6f%6e%74%65%6e%74\/uploads\/2021\/03\/604fea3062767_1004x565.jpg","datePublished":"2021-03-16T12:13:30+00:00","breadcrumb":{"@id":"https:\/\/informelitoral.com.ar\/el-presidente-confirmo-a-martin-soria-al-frente-del-ministerio-de-justicia\/#breadcrumb"},"inLanguage":"es","potentialAction":[{"@type":"ReadAction","target":["https:\/\/informelitoral.com.ar\/el-presidente-confirmo-a-martin-soria-al-frente-del-ministerio-de-justicia\/"]}]},{"@type":"ImageObject","inLanguage":"es","@id":"https:\/\/informelitoral.com.ar\/el-presidente-confirmo-a-martin-soria-al-frente-del-ministerio-de-justicia\/#primaryimage","url":"https:\/\/informelitoral.com.ar\/%77%70%2d%63%6f%6e%74%65%6e%74\/uploads\/2021\/03\/604fea3062767_1004x565.jpg","contentUrl":"https:\/\/informelitoral.com.ar\/%77%70%2d%63%6f%6e%74%65%6e%74\/uploads\/2021\/03\/604fea3062767_1004x565.jpg","width":1004,"height":565},{"@type":"BreadcrumbList","@id":"https:\/\/informelitoral.com.ar\/el-presidente-confirmo-a-martin-soria-al-frente-del-ministerio-de-justicia\/#breadcrumb","itemListElement":[{"@type":"ListItem","position":1,"name":"Portada","item":"https:\/\/informelitoral.com.ar\/"},{"@type":"ListItem","position":2,"name":"El Presidente confirm\u00f3 a Mart\u00edn Soria al frente del Ministerio de Justicia"}]},{"@type":"WebSite","@id":"https:\/\/informelitoral.com.ar\/#website","url":"https:\/\/informelitoral.com.ar\/","name":"Informe Litoral","description":"&quot;Nos informamos&quot; ","publisher":{"@id":"https:\/\/informelitoral.com.ar\/#organization"},"potentialAction":[{"@type":"SearchAction","target":{"@type":"EntryPoint","urlTemplate":"https:\/\/informelitoral.com.ar\/?s={search_term_string}"},"query-input":{"@type":"PropertyValueSpecification","valueRequired":true,"valueName":"search_term_string"}}],"inLanguage":"es"},{"@type":"Organization","@id":"https:\/\/informelitoral.com.ar\/#organization","name":"Informe Litoral","url":"https:\/\/informelitoral.com.ar\/","logo":{"@type":"ImageObject","inLanguage":"es","@id":"https:\/\/informelitoral.com.ar\/#\/schema\/logo\/image\/","url":"https:\/\/informelitoral.com.ar\/%77%70%2d%63%6f%6e%74%65%6e%74\/uploads\/2021\/01\/circulo.png","contentUrl":"https:\/\/informelitoral.com.ar\/%77%70%2d%63%6f%6e%74%65%6e%74\/uploads\/2021\/01\/circulo.png","width":723,"height":731,"caption":"Informe Litoral"},"image":{"@id":"https:\/\/informelitoral.com.ar\/#\/schema\/logo\/image\/"},"sameAs":["https:\/\/www.facebook.com\/informelitoral\/","https:\/\/x.com\/InformeLitoral","https:\/\/www.instagram.com\/informelitoral\/","https:\/\/www.youtube.com\/channel\/UCua4Qvz8Icb6MYqhoq9xLXw"]},{"@type":"Person","@id":"https:\/\/informelitoral.com.ar\/#\/schema\/person\/b9d00407c836482871ef1d57bf8e3180","name":"Gonzalo Schmidt","image":{"@type":"ImageObject","inLanguage":"es","@id":"https:\/\/secure.gravatar.com\/avatar\/31a1a7b66ff2de83bd0e9fd79d026630d2d99e55e8bfe501287647b4fd9743de?s=96&d=mm&r=g","url":"https:\/\/secure.gravatar.com\/avatar\/31a1a7b66ff2de83bd0e9fd79d026630d2d99e55e8bfe501287647b4fd9743de?s=96&d=mm&r=g","contentUrl":"https:\/\/secure.gravatar.com\/avatar\/31a1a7b66ff2de83bd0e9fd79d026630d2d99e55e8bfe501287647b4fd9743de?s=96&d=mm&r=g","caption":"Gonzalo Schmidt"},"description":"Sitio web de noticias de la provincia de Entre R\u00edos, Argentina. Informaci\u00f3n y entretenimiento. Informe Litoral, nos informamos.","sameAs":["http:\/\/www.isletasnoticias.com.ar"],"url":"https:\/\/informelitoral.com.ar\/author\/gonzalo\/"}]}},"_links":{"self":[{"href":"https:\/\/informelitoral.com.ar\/%77%70%2d%6a%73%6f%6e\/wp\/v2\/posts\/57724","targetHints":{"allow":["GET"]}}],"collection":[{"href":"https:\/\/informelitoral.com.ar\/%77%70%2d%6a%73%6f%6e\/wp\/v2\/posts"}],"about":[{"href":"https:\/\/informelitoral.com.ar\/%77%70%2d%6a%73%6f%6e\/wp\/v2\/types\/post"}],"author":[{"embeddable":true,"href":"https:\/\/informelitoral.com.ar\/%77%70%2d%6a%73%6f%6e\/wp\/v2\/users\/2"}],"replies":[{"embeddable":true,"href":"https:\/\/informelitoral.com.ar\/%77%70%2d%6a%73%6f%6e\/wp\/v2\/comments?post=57724"}],"version-history":[{"count":0,"href":"https:\/\/informelitoral.com.ar\/%77%70%2d%6a%73%6f%6e\/wp\/v2\/posts\/57724\/revisions"}],"wp:featuredmedia":[{"embeddable":true,"href":"https:\/\/informelitoral.com.ar\/%77%70%2d%6a%73%6f%6e\/wp\/v2\/media\/57725"}],"wp:attachment":[{"href":"https:\/\/informelitoral.com.ar\/%77%70%2d%6a%73%6f%6e\/wp\/v2\/media?parent=57724"}],"wp:term":[{"taxonomy":"category","embeddable":true,"href":"https:\/\/informelitoral.com.ar\/%77%70%2d%6a%73%6f%6e\/wp\/v2\/categories?post=57724"},{"taxonomy":"post_tag","embeddable":true,"href":"https:\/\/informelitoral.com.ar\/%77%70%2d%6a%73%6f%6e\/wp\/v2\/tags?post=57724"}],"curies":[{"name":"wp","href":"https:\/\/api.w.org\/{rel}","templated":true}]}}