{"id":57616,"date":"2021-03-11T16:14:28","date_gmt":"2021-03-11T19:14:28","guid":{"rendered":"https:\/\/www.informelitoral.com.ar\/?p=57616"},"modified":"2021-03-11T16:14:28","modified_gmt":"2021-03-11T19:14:28","slug":"la-inflacion-subio-36-en-febrero-y-acumulo-un-407-en-los-ultimos-doce-meses","status":"publish","type":"post","link":"https:\/\/informelitoral.com.ar\/la-inflacion-subio-36-en-febrero-y-acumulo-un-407-en-los-ultimos-doce-meses\/","title":{"rendered":"La inflaci\u00f3n subi\u00f3 3,6% en febrero y acumul\u00f3 un 40,7% en los \u00faltimos doce meses"},"content":{"rendered":"<p class=\"paragraph\"><b>La inflaci\u00f3n fue de 3,6% en febrero<\/b>, inform\u00f3 hoy el Indec. De esta manera, el ritmo de suba de precios marc\u00f3 una desaceleraci\u00f3n respecto al 4% que hab\u00eda mostrado tanto en diciembre como en enero.\u00a0<b>El acumulado de los \u00faltimos doce meses es de un 40,7%<\/b>, mayor que en enero, cuando fue de 38,5%.<\/p>\n<p class=\"paragraph\">El precio de los\u00a0<b>alimentos y bebidas<\/b>\u00a0volvi\u00f3 a ser uno de los sectores con subas m\u00e1s pronunciadas entre los considerados por el Indec.<b>\u00a0Este rubro tuvo en febrero un alza del 3,8%<\/b>, todav\u00eda por encima del \u00edndice general pero con una desaceleraci\u00f3n respecto al 4,8% de febrero.<\/p>\n<p class=\"paragraph\">De esta forma, <b>la inflaci\u00f3n contin\u00faa superando el 3%<\/b>, el piso de suba de precios que tiene la econom\u00eda en los \u00faltimos cinco meses. Hay que remontarse a septiembre para encontrar un IPC por debajo de ese porcentaje (2,8%).<\/p>\n<p class=\"paragraph\">El \u00edndice difundido por el organismo estad\u00edstico se ubic\u00f3<b>\u00a0levemente por encima de lo que esperaban las estimaciones privadas<\/b> de precios, que hab\u00edan registrado incrementos generales de entre 3,3 y 3,5 por ciento.<\/p>\n<p class=\"paragraph\">Un resultado similar ya hab\u00edan estimado en el Relevamiento de Expectativas del Mercado (REM) realizado por el Banco Central, en el que la inflaci\u00f3n de febrero fue pronosticada en 3,5%, mientras que<b> la proyecci\u00f3n para el a\u00f1o es de 48,1%,<\/b> public\u00f3<em> Infobae.\u00a0<\/em><\/p>\n","protected":false},"excerpt":{"rendered":"<p>En diciembre y en enero, el IPC hab\u00eda alcanzado el 4%. Los alimentos y bebidas aumentaron 3,8%, otra vez por encima del \u00edndice general.<\/p>\n","protected":false},"author":2,"featured_media":24321,"comment_status":"open","ping_status":"open","sticky":false,"template":"","format":"standard","meta":{"fifu_image_url":"","fifu_image_alt":"","footnotes":""},"categories":[1594,7],"tags":[78,95],"class_list":{"0":"post-57616","1":"post","2":"type-post","3":"status-publish","4":"format-standard","5":"has-post-thumbnail","7":"category-economia","8":"category-nacionales","9":"tag-indec","10":"tag-inflacion"},"yoast_head":"<title>La inflaci\u00f3n subi\u00f3 3,6% en febrero y acumul\u00f3 un 40,7% en los \u00faltimos doce meses - Informe Litoral<\/title>\n<meta name=\"robots\" content=\"index, follow, max-snippet:-1, max-image-preview:large, max-video-preview:-1\" \/>\n<link rel=\"canonical\" href=\"https:\/\/informelitoral.com.ar\/la-inflacion-subio-36-en-febrero-y-acumulo-un-407-en-los-ultimos-doce-meses\/\" \/>\n<meta property=\"og:locale\" content=\"es_ES\" \/>\n<meta property=\"og:type\" content=\"article\" \/>\n<meta property=\"og:title\" content=\"La inflaci\u00f3n subi\u00f3 3,6% en febrero y acumul\u00f3 un 40,7% en los \u00faltimos doce meses - Informe Litoral\" \/>\n<meta property=\"og:description\" content=\"En diciembre y en enero, el IPC hab\u00eda alcanzado el 4%. Los alimentos y bebidas aumentaron 3,8%, otra vez por encima del \u00edndice general.\" \/>\n<meta property=\"og:url\" content=\"https:\/\/informelitoral.com.ar\/la-inflacion-subio-36-en-febrero-y-acumulo-un-407-en-los-ultimos-doce-meses\/\" \/>\n<meta property=\"og:site_name\" content=\"Informe Litoral\" \/>\n<meta property=\"article:publisher\" content=\"https:\/\/www.facebook.com\/informelitoral\/\" \/>\n<meta property=\"article:published_time\" content=\"2021-03-11T19:14:28+00:00\" \/>\n<meta property=\"og:image\" content=\"https:\/\/informelitoral.com.ar\/%77%70%2d%63%6f%6e%74%65%6e%74\/uploads\/2017\/12\/inflacion-y-precios-2451203w620.jpg\" \/>\n\t<meta property=\"og:image:width\" content=\"620\" \/>\n\t<meta property=\"og:image:height\" content=\"348\" \/>\n\t<meta property=\"og:image:type\" content=\"image\/jpeg\" \/>\n<meta name=\"author\" content=\"Gonzalo Schmidt\" \/>\n<meta name=\"twitter:card\" content=\"summary_large_image\" \/>\n<meta name=\"twitter:creator\" content=\"@InformeLitoral\" \/>\n<meta name=\"twitter:site\" content=\"@InformeLitoral\" \/>\n<meta name=\"twitter:label1\" content=\"Escrito por\" \/>\n\t<meta name=\"twitter:data1\" content=\"Gonzalo Schmidt\" \/>\n\t<meta name=\"twitter:label2\" content=\"Tiempo de lectura\" \/>\n\t<meta name=\"twitter:data2\" content=\"1 minuto\" \/>\n<script type=\"application\/ld+json\" class=\"yoast-schema-graph\">{\"@context\":\"https:\\\/\\\/schema.org\",\"@graph\":[{\"@type\":\"Article\",\"@id\":\"https:\\\/\\\/informelitoral.com.ar\\\/la-inflacion-subio-36-en-febrero-y-acumulo-un-407-en-los-ultimos-doce-meses\\\/#article\",\"isPartOf\":{\"@id\":\"https:\\\/\\\/informelitoral.com.ar\\\/la-inflacion-subio-36-en-febrero-y-acumulo-un-407-en-los-ultimos-doce-meses\\\/\"},\"author\":{\"name\":\"Gonzalo Schmidt\",\"@id\":\"https:\\\/\\\/informelitoral.com.ar\\\/#\\\/schema\\\/person\\\/b9d00407c836482871ef1d57bf8e3180\"},\"headline\":\"La inflaci\u00f3n subi\u00f3 3,6% en febrero y acumul\u00f3 un 40,7% en los \u00faltimos doce meses\",\"datePublished\":\"2021-03-11T19:14:28+00:00\",\"mainEntityOfPage\":{\"@id\":\"https:\\\/\\\/informelitoral.com.ar\\\/la-inflacion-subio-36-en-febrero-y-acumulo-un-407-en-los-ultimos-doce-meses\\\/\"},\"wordCount\":233,\"commentCount\":0,\"publisher\":{\"@id\":\"https:\\\/\\\/informelitoral.com.ar\\\/#organization\"},\"image\":{\"@id\":\"https:\\\/\\\/informelitoral.com.ar\\\/la-inflacion-subio-36-en-febrero-y-acumulo-un-407-en-los-ultimos-doce-meses\\\/#primaryimage\"},\"thumbnailUrl\":\"https:\\\/\\\/informelitoral.com.ar\\\/%77%70%2d%63%6f%6e%74%65%6e%74\\\/uploads\\\/2017\\\/12\\\/inflacion-y-precios-2451203w620.jpg\",\"keywords\":[\"Indec\",\"Inflaci\u00f3n\"],\"articleSection\":[\"Econom\u00eda\",\"Nacionales\"],\"inLanguage\":\"es\",\"potentialAction\":[{\"@type\":\"CommentAction\",\"name\":\"Comment\",\"target\":[\"https:\\\/\\\/informelitoral.com.ar\\\/la-inflacion-subio-36-en-febrero-y-acumulo-un-407-en-los-ultimos-doce-meses\\\/#respond\"]}]},{\"@type\":\"WebPage\",\"@id\":\"https:\\\/\\\/informelitoral.com.ar\\\/la-inflacion-subio-36-en-febrero-y-acumulo-un-407-en-los-ultimos-doce-meses\\\/\",\"url\":\"https:\\\/\\\/informelitoral.com.ar\\\/la-inflacion-subio-36-en-febrero-y-acumulo-un-407-en-los-ultimos-doce-meses\\\/\",\"name\":\"La inflaci\u00f3n subi\u00f3 3,6% en febrero y acumul\u00f3 un 40,7% en los \u00faltimos doce meses - Informe Litoral\",\"isPartOf\":{\"@id\":\"https:\\\/\\\/informelitoral.com.ar\\\/#website\"},\"primaryImageOfPage\":{\"@id\":\"https:\\\/\\\/informelitoral.com.ar\\\/la-inflacion-subio-36-en-febrero-y-acumulo-un-407-en-los-ultimos-doce-meses\\\/#primaryimage\"},\"image\":{\"@id\":\"https:\\\/\\\/informelitoral.com.ar\\\/la-inflacion-subio-36-en-febrero-y-acumulo-un-407-en-los-ultimos-doce-meses\\\/#primaryimage\"},\"thumbnailUrl\":\"https:\\\/\\\/informelitoral.com.ar\\\/%77%70%2d%63%6f%6e%74%65%6e%74\\\/uploads\\\/2017\\\/12\\\/inflacion-y-precios-2451203w620.jpg\",\"datePublished\":\"2021-03-11T19:14:28+00:00\",\"breadcrumb\":{\"@id\":\"https:\\\/\\\/informelitoral.com.ar\\\/la-inflacion-subio-36-en-febrero-y-acumulo-un-407-en-los-ultimos-doce-meses\\\/#breadcrumb\"},\"inLanguage\":\"es\",\"potentialAction\":[{\"@type\":\"ReadAction\",\"target\":[\"https:\\\/\\\/informelitoral.com.ar\\\/la-inflacion-subio-36-en-febrero-y-acumulo-un-407-en-los-ultimos-doce-meses\\\/\"]}]},{\"@type\":\"ImageObject\",\"inLanguage\":\"es\",\"@id\":\"https:\\\/\\\/informelitoral.com.ar\\\/la-inflacion-subio-36-en-febrero-y-acumulo-un-407-en-los-ultimos-doce-meses\\\/#primaryimage\",\"url\":\"https:\\\/\\\/informelitoral.com.ar\\\/%77%70%2d%63%6f%6e%74%65%6e%74\\\/uploads\\\/2017\\\/12\\\/inflacion-y-precios-2451203w620.jpg\",\"contentUrl\":\"https:\\\/\\\/informelitoral.com.ar\\\/%77%70%2d%63%6f%6e%74%65%6e%74\\\/uploads\\\/2017\\\/12\\\/inflacion-y-precios-2451203w620.jpg\",\"width\":620,\"height\":348},{\"@type\":\"BreadcrumbList\",\"@id\":\"https:\\\/\\\/informelitoral.com.ar\\\/la-inflacion-subio-36-en-febrero-y-acumulo-un-407-en-los-ultimos-doce-meses\\\/#breadcrumb\",\"itemListElement\":[{\"@type\":\"ListItem\",\"position\":1,\"name\":\"Portada\",\"item\":\"https:\\\/\\\/informelitoral.com.ar\\\/\"},{\"@type\":\"ListItem\",\"position\":2,\"name\":\"La inflaci\u00f3n subi\u00f3 3,6% en febrero y acumul\u00f3 un 40,7% en los \u00faltimos doce meses\"}]},{\"@type\":\"WebSite\",\"@id\":\"https:\\\/\\\/informelitoral.com.ar\\\/#website\",\"url\":\"https:\\\/\\\/informelitoral.com.ar\\\/\",\"name\":\"Informe Litoral\",\"description\":\"&quot;Nos informamos&quot; \",\"publisher\":{\"@id\":\"https:\\\/\\\/informelitoral.com.ar\\\/#organization\"},\"potentialAction\":[{\"@type\":\"SearchAction\",\"target\":{\"@type\":\"EntryPoint\",\"urlTemplate\":\"https:\\\/\\\/informelitoral.com.ar\\\/?s={search_term_string}\"},\"query-input\":{\"@type\":\"PropertyValueSpecification\",\"valueRequired\":true,\"valueName\":\"search_term_string\"}}],\"inLanguage\":\"es\"},{\"@type\":\"Organization\",\"@id\":\"https:\\\/\\\/informelitoral.com.ar\\\/#organization\",\"name\":\"Informe Litoral\",\"url\":\"https:\\\/\\\/informelitoral.com.ar\\\/\",\"logo\":{\"@type\":\"ImageObject\",\"inLanguage\":\"es\",\"@id\":\"https:\\\/\\\/informelitoral.com.ar\\\/#\\\/schema\\\/logo\\\/image\\\/\",\"url\":\"https:\\\/\\\/informelitoral.com.ar\\\/%77%70%2d%63%6f%6e%74%65%6e%74\\\/uploads\\\/2021\\\/01\\\/circulo.png\",\"contentUrl\":\"https:\\\/\\\/informelitoral.com.ar\\\/%77%70%2d%63%6f%6e%74%65%6e%74\\\/uploads\\\/2021\\\/01\\\/circulo.png\",\"width\":723,\"height\":731,\"caption\":\"Informe Litoral\"},\"image\":{\"@id\":\"https:\\\/\\\/informelitoral.com.ar\\\/#\\\/schema\\\/logo\\\/image\\\/\"},\"sameAs\":[\"https:\\\/\\\/www.facebook.com\\\/informelitoral\\\/\",\"https:\\\/\\\/x.com\\\/InformeLitoral\",\"https:\\\/\\\/www.instagram.com\\\/informelitoral\\\/\",\"https:\\\/\\\/www.youtube.com\\\/channel\\\/UCua4Qvz8Icb6MYqhoq9xLXw\"]},{\"@type\":\"Person\",\"@id\":\"https:\\\/\\\/informelitoral.com.ar\\\/#\\\/schema\\\/person\\\/b9d00407c836482871ef1d57bf8e3180\",\"name\":\"Gonzalo Schmidt\",\"image\":{\"@type\":\"ImageObject\",\"inLanguage\":\"es\",\"@id\":\"https:\\\/\\\/secure.gravatar.com\\\/avatar\\\/31a1a7b66ff2de83bd0e9fd79d026630d2d99e55e8bfe501287647b4fd9743de?s=96&d=mm&r=g\",\"url\":\"https:\\\/\\\/secure.gravatar.com\\\/avatar\\\/31a1a7b66ff2de83bd0e9fd79d026630d2d99e55e8bfe501287647b4fd9743de?s=96&d=mm&r=g\",\"contentUrl\":\"https:\\\/\\\/secure.gravatar.com\\\/avatar\\\/31a1a7b66ff2de83bd0e9fd79d026630d2d99e55e8bfe501287647b4fd9743de?s=96&d=mm&r=g\",\"caption\":\"Gonzalo Schmidt\"},\"description\":\"Sitio web de noticias de la provincia de Entre R\u00edos, Argentina. Informaci\u00f3n y entretenimiento. Informe Litoral, nos informamos.\",\"sameAs\":[\"http:\\\/\\\/www.isletasnoticias.com.ar\"],\"url\":\"https:\\\/\\\/informelitoral.com.ar\\\/author\\\/gonzalo\\\/\"}]}<\/script>","yoast_head_json":{"title":"La inflaci\u00f3n subi\u00f3 3,6% en febrero y acumul\u00f3 un 40,7% en los \u00faltimos doce meses - Informe Litoral","robots":{"index":"index","follow":"follow","max-snippet":"max-snippet:-1","max-image-preview":"max-image-preview:large","max-video-preview":"max-video-preview:-1"},"canonical":"https:\/\/informelitoral.com.ar\/la-inflacion-subio-36-en-febrero-y-acumulo-un-407-en-los-ultimos-doce-meses\/","og_locale":"es_ES","og_type":"article","og_title":"La inflaci\u00f3n subi\u00f3 3,6% en febrero y acumul\u00f3 un 40,7% en los \u00faltimos doce meses - Informe Litoral","og_description":"En diciembre y en enero, el IPC hab\u00eda alcanzado el 4%. Los alimentos y bebidas aumentaron 3,8%, otra vez por encima del \u00edndice general.","og_url":"https:\/\/informelitoral.com.ar\/la-inflacion-subio-36-en-febrero-y-acumulo-un-407-en-los-ultimos-doce-meses\/","og_site_name":"Informe Litoral","article_publisher":"https:\/\/www.facebook.com\/informelitoral\/","article_published_time":"2021-03-11T19:14:28+00:00","og_image":[{"width":620,"height":348,"url":"https:\/\/informelitoral.com.ar\/%77%70%2d%63%6f%6e%74%65%6e%74\/uploads\/2017\/12\/inflacion-y-precios-2451203w620.jpg","type":"image\/jpeg"}],"author":"Gonzalo Schmidt","twitter_card":"summary_large_image","twitter_creator":"@InformeLitoral","twitter_site":"@InformeLitoral","twitter_misc":{"Escrito por":"Gonzalo Schmidt","Tiempo de lectura":"1 minuto"},"schema":{"@context":"https:\/\/schema.org","@graph":[{"@type":"Article","@id":"https:\/\/informelitoral.com.ar\/la-inflacion-subio-36-en-febrero-y-acumulo-un-407-en-los-ultimos-doce-meses\/#article","isPartOf":{"@id":"https:\/\/informelitoral.com.ar\/la-inflacion-subio-36-en-febrero-y-acumulo-un-407-en-los-ultimos-doce-meses\/"},"author":{"name":"Gonzalo Schmidt","@id":"https:\/\/informelitoral.com.ar\/#\/schema\/person\/b9d00407c836482871ef1d57bf8e3180"},"headline":"La inflaci\u00f3n subi\u00f3 3,6% en febrero y acumul\u00f3 un 40,7% en los \u00faltimos doce meses","datePublished":"2021-03-11T19:14:28+00:00","mainEntityOfPage":{"@id":"https:\/\/informelitoral.com.ar\/la-inflacion-subio-36-en-febrero-y-acumulo-un-407-en-los-ultimos-doce-meses\/"},"wordCount":233,"commentCount":0,"publisher":{"@id":"https:\/\/informelitoral.com.ar\/#organization"},"image":{"@id":"https:\/\/informelitoral.com.ar\/la-inflacion-subio-36-en-febrero-y-acumulo-un-407-en-los-ultimos-doce-meses\/#primaryimage"},"thumbnailUrl":"https:\/\/informelitoral.com.ar\/%77%70%2d%63%6f%6e%74%65%6e%74\/uploads\/2017\/12\/inflacion-y-precios-2451203w620.jpg","keywords":["Indec","Inflaci\u00f3n"],"articleSection":["Econom\u00eda","Nacionales"],"inLanguage":"es","potentialAction":[{"@type":"CommentAction","name":"Comment","target":["https:\/\/informelitoral.com.ar\/la-inflacion-subio-36-en-febrero-y-acumulo-un-407-en-los-ultimos-doce-meses\/#respond"]}]},{"@type":"WebPage","@id":"https:\/\/informelitoral.com.ar\/la-inflacion-subio-36-en-febrero-y-acumulo-un-407-en-los-ultimos-doce-meses\/","url":"https:\/\/informelitoral.com.ar\/la-inflacion-subio-36-en-febrero-y-acumulo-un-407-en-los-ultimos-doce-meses\/","name":"La inflaci\u00f3n subi\u00f3 3,6% en febrero y acumul\u00f3 un 40,7% en los \u00faltimos doce meses - Informe Litoral","isPartOf":{"@id":"https:\/\/informelitoral.com.ar\/#website"},"primaryImageOfPage":{"@id":"https:\/\/informelitoral.com.ar\/la-inflacion-subio-36-en-febrero-y-acumulo-un-407-en-los-ultimos-doce-meses\/#primaryimage"},"image":{"@id":"https:\/\/informelitoral.com.ar\/la-inflacion-subio-36-en-febrero-y-acumulo-un-407-en-los-ultimos-doce-meses\/#primaryimage"},"thumbnailUrl":"https:\/\/informelitoral.com.ar\/%77%70%2d%63%6f%6e%74%65%6e%74\/uploads\/2017\/12\/inflacion-y-precios-2451203w620.jpg","datePublished":"2021-03-11T19:14:28+00:00","breadcrumb":{"@id":"https:\/\/informelitoral.com.ar\/la-inflacion-subio-36-en-febrero-y-acumulo-un-407-en-los-ultimos-doce-meses\/#breadcrumb"},"inLanguage":"es","potentialAction":[{"@type":"ReadAction","target":["https:\/\/informelitoral.com.ar\/la-inflacion-subio-36-en-febrero-y-acumulo-un-407-en-los-ultimos-doce-meses\/"]}]},{"@type":"ImageObject","inLanguage":"es","@id":"https:\/\/informelitoral.com.ar\/la-inflacion-subio-36-en-febrero-y-acumulo-un-407-en-los-ultimos-doce-meses\/#primaryimage","url":"https:\/\/informelitoral.com.ar\/%77%70%2d%63%6f%6e%74%65%6e%74\/uploads\/2017\/12\/inflacion-y-precios-2451203w620.jpg","contentUrl":"https:\/\/informelitoral.com.ar\/%77%70%2d%63%6f%6e%74%65%6e%74\/uploads\/2017\/12\/inflacion-y-precios-2451203w620.jpg","width":620,"height":348},{"@type":"BreadcrumbList","@id":"https:\/\/informelitoral.com.ar\/la-inflacion-subio-36-en-febrero-y-acumulo-un-407-en-los-ultimos-doce-meses\/#breadcrumb","itemListElement":[{"@type":"ListItem","position":1,"name":"Portada","item":"https:\/\/informelitoral.com.ar\/"},{"@type":"ListItem","position":2,"name":"La inflaci\u00f3n subi\u00f3 3,6% en febrero y acumul\u00f3 un 40,7% en los \u00faltimos doce meses"}]},{"@type":"WebSite","@id":"https:\/\/informelitoral.com.ar\/#website","url":"https:\/\/informelitoral.com.ar\/","name":"Informe Litoral","description":"&quot;Nos informamos&quot; ","publisher":{"@id":"https:\/\/informelitoral.com.ar\/#organization"},"potentialAction":[{"@type":"SearchAction","target":{"@type":"EntryPoint","urlTemplate":"https:\/\/informelitoral.com.ar\/?s={search_term_string}"},"query-input":{"@type":"PropertyValueSpecification","valueRequired":true,"valueName":"search_term_string"}}],"inLanguage":"es"},{"@type":"Organization","@id":"https:\/\/informelitoral.com.ar\/#organization","name":"Informe Litoral","url":"https:\/\/informelitoral.com.ar\/","logo":{"@type":"ImageObject","inLanguage":"es","@id":"https:\/\/informelitoral.com.ar\/#\/schema\/logo\/image\/","url":"https:\/\/informelitoral.com.ar\/%77%70%2d%63%6f%6e%74%65%6e%74\/uploads\/2021\/01\/circulo.png","contentUrl":"https:\/\/informelitoral.com.ar\/%77%70%2d%63%6f%6e%74%65%6e%74\/uploads\/2021\/01\/circulo.png","width":723,"height":731,"caption":"Informe Litoral"},"image":{"@id":"https:\/\/informelitoral.com.ar\/#\/schema\/logo\/image\/"},"sameAs":["https:\/\/www.facebook.com\/informelitoral\/","https:\/\/x.com\/InformeLitoral","https:\/\/www.instagram.com\/informelitoral\/","https:\/\/www.youtube.com\/channel\/UCua4Qvz8Icb6MYqhoq9xLXw"]},{"@type":"Person","@id":"https:\/\/informelitoral.com.ar\/#\/schema\/person\/b9d00407c836482871ef1d57bf8e3180","name":"Gonzalo Schmidt","image":{"@type":"ImageObject","inLanguage":"es","@id":"https:\/\/secure.gravatar.com\/avatar\/31a1a7b66ff2de83bd0e9fd79d026630d2d99e55e8bfe501287647b4fd9743de?s=96&d=mm&r=g","url":"https:\/\/secure.gravatar.com\/avatar\/31a1a7b66ff2de83bd0e9fd79d026630d2d99e55e8bfe501287647b4fd9743de?s=96&d=mm&r=g","contentUrl":"https:\/\/secure.gravatar.com\/avatar\/31a1a7b66ff2de83bd0e9fd79d026630d2d99e55e8bfe501287647b4fd9743de?s=96&d=mm&r=g","caption":"Gonzalo Schmidt"},"description":"Sitio web de noticias de la provincia de Entre R\u00edos, Argentina. Informaci\u00f3n y entretenimiento. Informe Litoral, nos informamos.","sameAs":["http:\/\/www.isletasnoticias.com.ar"],"url":"https:\/\/informelitoral.com.ar\/author\/gonzalo\/"}]}},"_links":{"self":[{"href":"https:\/\/informelitoral.com.ar\/%77%70%2d%6a%73%6f%6e\/wp\/v2\/posts\/57616","targetHints":{"allow":["GET"]}}],"collection":[{"href":"https:\/\/informelitoral.com.ar\/%77%70%2d%6a%73%6f%6e\/wp\/v2\/posts"}],"about":[{"href":"https:\/\/informelitoral.com.ar\/%77%70%2d%6a%73%6f%6e\/wp\/v2\/types\/post"}],"author":[{"embeddable":true,"href":"https:\/\/informelitoral.com.ar\/%77%70%2d%6a%73%6f%6e\/wp\/v2\/users\/2"}],"replies":[{"embeddable":true,"href":"https:\/\/informelitoral.com.ar\/%77%70%2d%6a%73%6f%6e\/wp\/v2\/comments?post=57616"}],"version-history":[{"count":0,"href":"https:\/\/informelitoral.com.ar\/%77%70%2d%6a%73%6f%6e\/wp\/v2\/posts\/57616\/revisions"}],"wp:featuredmedia":[{"embeddable":true,"href":"https:\/\/informelitoral.com.ar\/%77%70%2d%6a%73%6f%6e\/wp\/v2\/media\/24321"}],"wp:attachment":[{"href":"https:\/\/informelitoral.com.ar\/%77%70%2d%6a%73%6f%6e\/wp\/v2\/media?parent=57616"}],"wp:term":[{"taxonomy":"category","embeddable":true,"href":"https:\/\/informelitoral.com.ar\/%77%70%2d%6a%73%6f%6e\/wp\/v2\/categories?post=57616"},{"taxonomy":"post_tag","embeddable":true,"href":"https:\/\/informelitoral.com.ar\/%77%70%2d%6a%73%6f%6e\/wp\/v2\/tags?post=57616"}],"curies":[{"name":"wp","href":"https:\/\/api.w.org\/{rel}","templated":true}]}}