{"id":57601,"date":"2021-03-11T15:49:57","date_gmt":"2021-03-11T18:49:57","guid":{"rendered":"https:\/\/www.informelitoral.com.ar\/?p=57601"},"modified":"2021-03-11T15:49:57","modified_gmt":"2021-03-11T18:49:57","slug":"rescataron-restos-de-fosiles-en-el-arroyo-espinillo","status":"publish","type":"post","link":"https:\/\/informelitoral.com.ar\/rescataron-restos-de-fosiles-en-el-arroyo-espinillo\/","title":{"rendered":"Rescataron restos de f\u00f3siles en el Arroyo Espinillo"},"content":{"rendered":"<p>La iniciativa se llev\u00f3 adelante con la colaboraci\u00f3n de Conicet Diamante, en el marco de la ley de protecci\u00f3n del patrimonio arqueol\u00f3gico y paleontol\u00f3gico de la provincia de Entre R\u00edos. El hallazgo se produjo en el Camping Ca\u00f1ada Sur, sobre el Arroyo Espinillo, pasando la localidad de Sauce Montrull.<\/p>\n<p>El d\u00eda 8 de enero, la directora del Museo Antonio Serrano, Gisela Bahler, recibe el aviso del hallazgo: \u201cMe informan que el se\u00f1or Antonio Germ\u00e1n Audisio y su hijo Donato, durante una caminata en el camping Ca\u00f1ada Sur, hab\u00edan encontrado materiales que podr\u00edan ser f\u00f3siles. Nos brindan los datos precisos del sitio y fotos. Luego de analizadas las im\u00e1genes, de inmediato nos comunicamos con los due\u00f1os del lugar, poni\u00e9ndolos al tanto de la ley provincial N\u00b0 9686 y la necesidad de preservar ese material patrimonial de todos los entrerrianos. Posteriormente, un equipo de profesionales se traslada hasta el lugar para comenzar a retirar el material\u00bb.<\/p>\n<p>Por parte del Museo, estuvieron presentes la Licenciada Graciela Ibargoyen, responsable del registro paleontol\u00f3gico de la provincia, y los t\u00e9cnicos Jorge Flores y Sergio Medina. La Dra. Brenda Ferrero y el Licenciado Donato Costamagna por Cicyttp Conicet Diamante.<\/p>\n<p>Cabe destacar tambi\u00e9n la colaboraci\u00f3n de Norma Ber\u00f3n, due\u00f1a del camping donde se realizaron las excavaciones.<\/p>\n<p>\u201cEn el arroyo Espinillo hay una serie de c\u00e1rcavas que se forman cuando el arroyo desborda, normalmente est\u00e1n secas y se observa claramente el paso del agua en el fondo de la V esculpida durante las crecidas, con barrancas de entre 2 y 8 m de altura. All\u00ed se encuentran los sitios donde se localizaron los f\u00f3siles\u201d, explic\u00f3 Graciela Ibargoyen.<\/p>\n<p><span style=\"text-align: center;\">\u201cA grandes rasgos se puede decir que la mayor parte del material rescatado pertenece a distintos ejemplares de perezoso Xenarthra Pilosa Tardigrada y algunos restos fragmentarios de otros integrantes de la megafauna\u201d. Se trata de huesos largos, fragmentos de dientes, costillas, v\u00e9rtebras, huesos p\u00e9lvicos y falanges ungueales. Luego de la excavaci\u00f3n, todo el material se transport\u00f3 al laboratorio del Museo donde comenz\u00f3 a ser acondicionado para su estudio.<\/span><\/p>\n<p>Seg\u00fan las consideraciones de Brenda Ferrero, estos materiales f\u00f3siles se asignan al per\u00edodo Pleistoceno tard\u00edo en la Formaci\u00f3n Arroyo Feliciano por lo que podr\u00edamos hablar de una antig\u00fcedad de 50 mil a\u00f1os aproximadamente.<\/p>\n<figure class=\"wp-block-image size-large\"><img loading=\"lazy\" decoding=\"async\" class=\"wp-image-86062 jetpack-lazy-image jetpack-lazy-image--handled\" src=\"https:\/\/i1.wp.com\/www.entremediosweb.com\/v2\/%77%70%2d%63%6f%6e%74%65%6e%74\/uploads\/2021\/03\/x_1615462661.jpg?resize=708%2C531&amp;ssl=1\" sizes=\"auto, (max-width: 708px) 100vw, 708px\" srcset=\"https:\/\/i0.wp.com\/www.entremediosweb.com\/v2\/%77%70%2d%63%6f%6e%74%65%6e%74\/uploads\/2021\/03\/x_1615462661-scaled.jpg?resize=1024%2C768&amp;ssl=1 1024w, https:\/\/i0.wp.com\/www.entremediosweb.com\/v2\/%77%70%2d%63%6f%6e%74%65%6e%74\/uploads\/2021\/03\/x_1615462661-scaled.jpg?resize=300%2C225&amp;ssl=1 300w, https:\/\/i0.wp.com\/www.entremediosweb.com\/v2\/%77%70%2d%63%6f%6e%74%65%6e%74\/uploads\/2021\/03\/x_1615462661-scaled.jpg?resize=768%2C576&amp;ssl=1 768w, https:\/\/i0.wp.com\/www.entremediosweb.com\/v2\/%77%70%2d%63%6f%6e%74%65%6e%74\/uploads\/2021\/03\/x_1615462661-scaled.jpg?resize=1536%2C1152&amp;ssl=1 1536w, https:\/\/i0.wp.com\/www.entremediosweb.com\/v2\/%77%70%2d%63%6f%6e%74%65%6e%74\/uploads\/2021\/03\/x_1615462661-scaled.jpg?resize=2048%2C1536&amp;ssl=1 2048w, https:\/\/i0.wp.com\/www.entremediosweb.com\/v2\/%77%70%2d%63%6f%6e%74%65%6e%74\/uploads\/2021\/03\/x_1615462661-scaled.jpg?w=1416&amp;ssl=1 1416w, https:\/\/i0.wp.com\/www.entremediosweb.com\/v2\/%77%70%2d%63%6f%6e%74%65%6e%74\/uploads\/2021\/03\/x_1615462661-scaled.jpg?w=2124&amp;ssl=1 2124w\" alt=\"\" width=\"708\" height=\"531\" data-attachment-id=\"86062\" data-permalink=\"https:\/\/www.entremediosweb.com\/v2\/el-museo-serrano-realizo-el-rescate-de-fosiles-en-el-arroyo-espinillo\/olympus-digital-camera-7\/\" data-orig-file=\"https:\/\/i0.wp.com\/www.entremediosweb.com\/v2\/%77%70%2d%63%6f%6e%74%65%6e%74\/uploads\/2021\/03\/x_1615462661-scaled.jpg?fit=2560%2C1920&amp;ssl=1\" data-orig-size=\"2560,1920\" data-comments-opened=\"0\" data-image-meta=\"{&quot;aperture&quot;:&quot;2.8&quot;,&quot;credit&quot;:&quot;&quot;,&quot;camera&quot;:&quot;SP510UZ&quot;,&quot;caption&quot;:&quot;OLYMPUS DIGITAL CAMERA&quot;,&quot;created_timestamp&quot;:&quot;1613722662&quot;,&quot;copyright&quot;:&quot;&quot;,&quot;focal_length&quot;:&quot;6.3&quot;,&quot;iso&quot;:&quot;50&quot;,&quot;shutter_speed&quot;:&quot;0.02&quot;,&quot;title&quot;:&quot;OLYMPUS DIGITAL CAMERA&quot;,&quot;orientation&quot;:&quot;1&quot;}\" data-image-title=\"OLYMPUS DIGITAL CAMERA\" data-image-description=\"\" data-medium-file=\"https:\/\/i0.wp.com\/www.entremediosweb.com\/v2\/%77%70%2d%63%6f%6e%74%65%6e%74\/uploads\/2021\/03\/x_1615462661-scaled.jpg?fit=300%2C225&amp;ssl=1\" data-large-file=\"https:\/\/i0.wp.com\/www.entremediosweb.com\/v2\/%77%70%2d%63%6f%6e%74%65%6e%74\/uploads\/2021\/03\/x_1615462661-scaled.jpg?fit=708%2C531&amp;ssl=1\" data-recalc-dims=\"1\" data-lazy-loaded=\"1\" \/><\/figure>\n<p><strong>Ley provincial de protecci\u00f3n del patrimonio arqueol\u00f3gico y paleontol\u00f3gico<\/strong><\/p>\n<p>Entre R\u00edos cuenta con la Ley Provincial N\u00ba 9686 \u201cPreservaci\u00f3n y Protecci\u00f3n del Patrimonio Arqueol\u00f3gico y Paleontol\u00f3gico\u201d, concordante con la Ley Nacional N\u00ba 25.743.<\/p>\n<p>La Secretar\u00eda de Cultura, a trav\u00e9s del Museo de Ciencias Naturales y Antropol\u00f3gicas Prof. Antonio Serrano, es la autoridad de aplicaci\u00f3n de dicha ley, y por tanto el organismo encargado de proteger y preservar estos bienes.<\/p>\n<p>\u201cNuestra provincia es muy rica en estos materiales que tienen un gran valor para conocer sobre la fauna asociada a los ambientes del pasado. Generalmente se encuentran en las barrancas de r\u00edos y arroyos, y es importante que todos colaboremos en su protecci\u00f3n\u201d, expres\u00f3 la directora del Museo.<\/p>\n<p>En este sentido, resalt\u00f3: \u201cEs muy importante que se de aviso de inmediato al museo ante estos episodios para que el personal especializado, analizado cada caso en particular, pueda proceder lo antes posible y as\u00ed resguardar lo que es patrimonio de todos los entrerrianos\u201d.<\/p>\n<p><strong>Contacto:<\/strong><br \/>\nMuseo de Ciencias Naturales y Antropol\u00f3gicas \u00abProf. Antonio Serrano\u00bb<br \/>\nCalle Carlos Gardel 62 \u2013 Paran\u00e1 \u2013 Entre R\u00edos<br \/>\nTel.: 0343-4208894<br \/>\nwww.museoserrano.blogspot.com<br \/>\nfacebook\/MuseoProvincialAntonioSerrano<br \/>\ninstagram\/museoserranoer<\/p>\n","protected":false},"excerpt":{"rendered":"<p>En la zona del Arroyo Espinillo, se buscaron restos f\u00f3siles de grandes mam\u00edferos que habitaron territorio entrerriano hace m\u00e1s de 10.000 a\u00f1os.<\/p>\n","protected":false},"author":2,"featured_media":57602,"comment_status":"open","ping_status":"open","sticky":false,"template":"","format":"standard","meta":{"fifu_image_url":"","fifu_image_alt":"","footnotes":""},"categories":[6],"tags":[],"class_list":{"0":"post-57601","1":"post","2":"type-post","3":"status-publish","4":"format-standard","5":"has-post-thumbnail","7":"category-entre-rios"},"yoast_head":"<title>Rescataron restos de f\u00f3siles en el Arroyo Espinillo - Informe Litoral<\/title>\n<meta name=\"robots\" content=\"index, follow, max-snippet:-1, max-image-preview:large, max-video-preview:-1\" \/>\n<link rel=\"canonical\" href=\"https:\/\/informelitoral.com.ar\/rescataron-restos-de-fosiles-en-el-arroyo-espinillo\/\" \/>\n<meta property=\"og:locale\" content=\"es_ES\" \/>\n<meta property=\"og:type\" content=\"article\" \/>\n<meta property=\"og:title\" content=\"Rescataron restos de f\u00f3siles en el Arroyo Espinillo - Informe Litoral\" \/>\n<meta property=\"og:description\" content=\"En la zona del Arroyo Espinillo, se buscaron restos f\u00f3siles de grandes mam\u00edferos que habitaron territorio entrerriano hace m\u00e1s de 10.000 a\u00f1os.\" \/>\n<meta property=\"og:url\" content=\"https:\/\/informelitoral.com.ar\/rescataron-restos-de-fosiles-en-el-arroyo-espinillo\/\" \/>\n<meta property=\"og:site_name\" content=\"Informe Litoral\" \/>\n<meta property=\"article:publisher\" content=\"https:\/\/www.facebook.com\/informelitoral\/\" \/>\n<meta property=\"article:published_time\" content=\"2021-03-11T18:49:57+00:00\" \/>\n<meta property=\"og:image\" content=\"https:\/\/informelitoral.com.ar\/%77%70%2d%63%6f%6e%74%65%6e%74\/uploads\/2021\/03\/x_1615462621-scaled-1.jpg\" \/>\n\t<meta property=\"og:image:width\" content=\"780\" \/>\n\t<meta property=\"og:image:height\" content=\"470\" \/>\n\t<meta property=\"og:image:type\" content=\"image\/jpeg\" \/>\n<meta name=\"author\" content=\"Gonzalo Schmidt\" \/>\n<meta name=\"twitter:card\" content=\"summary_large_image\" \/>\n<meta name=\"twitter:creator\" content=\"@InformeLitoral\" \/>\n<meta name=\"twitter:site\" content=\"@InformeLitoral\" \/>\n<meta name=\"twitter:label1\" content=\"Escrito por\" \/>\n\t<meta name=\"twitter:data1\" content=\"Gonzalo Schmidt\" \/>\n\t<meta name=\"twitter:label2\" content=\"Tiempo de lectura\" \/>\n\t<meta name=\"twitter:data2\" content=\"3 minutos\" \/>\n<script type=\"application\/ld+json\" class=\"yoast-schema-graph\">{\"@context\":\"https:\\\/\\\/schema.org\",\"@graph\":[{\"@type\":\"Article\",\"@id\":\"https:\\\/\\\/informelitoral.com.ar\\\/rescataron-restos-de-fosiles-en-el-arroyo-espinillo\\\/#article\",\"isPartOf\":{\"@id\":\"https:\\\/\\\/informelitoral.com.ar\\\/rescataron-restos-de-fosiles-en-el-arroyo-espinillo\\\/\"},\"author\":{\"name\":\"Gonzalo Schmidt\",\"@id\":\"https:\\\/\\\/informelitoral.com.ar\\\/#\\\/schema\\\/person\\\/b9d00407c836482871ef1d57bf8e3180\"},\"headline\":\"Rescataron restos de f\u00f3siles en el Arroyo Espinillo\",\"datePublished\":\"2021-03-11T18:49:57+00:00\",\"mainEntityOfPage\":{\"@id\":\"https:\\\/\\\/informelitoral.com.ar\\\/rescataron-restos-de-fosiles-en-el-arroyo-espinillo\\\/\"},\"wordCount\":610,\"commentCount\":0,\"publisher\":{\"@id\":\"https:\\\/\\\/informelitoral.com.ar\\\/#organization\"},\"image\":{\"@id\":\"https:\\\/\\\/informelitoral.com.ar\\\/rescataron-restos-de-fosiles-en-el-arroyo-espinillo\\\/#primaryimage\"},\"thumbnailUrl\":\"https:\\\/\\\/informelitoral.com.ar\\\/%77%70%2d%63%6f%6e%74%65%6e%74\\\/uploads\\\/2021\\\/03\\\/x_1615462621-scaled-1.jpg\",\"articleSection\":[\"Entre R\u00edos\"],\"inLanguage\":\"es\",\"potentialAction\":[{\"@type\":\"CommentAction\",\"name\":\"Comment\",\"target\":[\"https:\\\/\\\/informelitoral.com.ar\\\/rescataron-restos-de-fosiles-en-el-arroyo-espinillo\\\/#respond\"]}]},{\"@type\":\"WebPage\",\"@id\":\"https:\\\/\\\/informelitoral.com.ar\\\/rescataron-restos-de-fosiles-en-el-arroyo-espinillo\\\/\",\"url\":\"https:\\\/\\\/informelitoral.com.ar\\\/rescataron-restos-de-fosiles-en-el-arroyo-espinillo\\\/\",\"name\":\"Rescataron restos de f\u00f3siles en el Arroyo Espinillo - Informe Litoral\",\"isPartOf\":{\"@id\":\"https:\\\/\\\/informelitoral.com.ar\\\/#website\"},\"primaryImageOfPage\":{\"@id\":\"https:\\\/\\\/informelitoral.com.ar\\\/rescataron-restos-de-fosiles-en-el-arroyo-espinillo\\\/#primaryimage\"},\"image\":{\"@id\":\"https:\\\/\\\/informelitoral.com.ar\\\/rescataron-restos-de-fosiles-en-el-arroyo-espinillo\\\/#primaryimage\"},\"thumbnailUrl\":\"https:\\\/\\\/informelitoral.com.ar\\\/%77%70%2d%63%6f%6e%74%65%6e%74\\\/uploads\\\/2021\\\/03\\\/x_1615462621-scaled-1.jpg\",\"datePublished\":\"2021-03-11T18:49:57+00:00\",\"breadcrumb\":{\"@id\":\"https:\\\/\\\/informelitoral.com.ar\\\/rescataron-restos-de-fosiles-en-el-arroyo-espinillo\\\/#breadcrumb\"},\"inLanguage\":\"es\",\"potentialAction\":[{\"@type\":\"ReadAction\",\"target\":[\"https:\\\/\\\/informelitoral.com.ar\\\/rescataron-restos-de-fosiles-en-el-arroyo-espinillo\\\/\"]}]},{\"@type\":\"ImageObject\",\"inLanguage\":\"es\",\"@id\":\"https:\\\/\\\/informelitoral.com.ar\\\/rescataron-restos-de-fosiles-en-el-arroyo-espinillo\\\/#primaryimage\",\"url\":\"https:\\\/\\\/informelitoral.com.ar\\\/%77%70%2d%63%6f%6e%74%65%6e%74\\\/uploads\\\/2021\\\/03\\\/x_1615462621-scaled-1.jpg\",\"contentUrl\":\"https:\\\/\\\/informelitoral.com.ar\\\/%77%70%2d%63%6f%6e%74%65%6e%74\\\/uploads\\\/2021\\\/03\\\/x_1615462621-scaled-1.jpg\",\"width\":780,\"height\":470},{\"@type\":\"BreadcrumbList\",\"@id\":\"https:\\\/\\\/informelitoral.com.ar\\\/rescataron-restos-de-fosiles-en-el-arroyo-espinillo\\\/#breadcrumb\",\"itemListElement\":[{\"@type\":\"ListItem\",\"position\":1,\"name\":\"Portada\",\"item\":\"https:\\\/\\\/informelitoral.com.ar\\\/\"},{\"@type\":\"ListItem\",\"position\":2,\"name\":\"Rescataron restos de f\u00f3siles en el Arroyo Espinillo\"}]},{\"@type\":\"WebSite\",\"@id\":\"https:\\\/\\\/informelitoral.com.ar\\\/#website\",\"url\":\"https:\\\/\\\/informelitoral.com.ar\\\/\",\"name\":\"Informe Litoral\",\"description\":\"&quot;Nos informamos&quot; \",\"publisher\":{\"@id\":\"https:\\\/\\\/informelitoral.com.ar\\\/#organization\"},\"potentialAction\":[{\"@type\":\"SearchAction\",\"target\":{\"@type\":\"EntryPoint\",\"urlTemplate\":\"https:\\\/\\\/informelitoral.com.ar\\\/?s={search_term_string}\"},\"query-input\":{\"@type\":\"PropertyValueSpecification\",\"valueRequired\":true,\"valueName\":\"search_term_string\"}}],\"inLanguage\":\"es\"},{\"@type\":\"Organization\",\"@id\":\"https:\\\/\\\/informelitoral.com.ar\\\/#organization\",\"name\":\"Informe Litoral\",\"url\":\"https:\\\/\\\/informelitoral.com.ar\\\/\",\"logo\":{\"@type\":\"ImageObject\",\"inLanguage\":\"es\",\"@id\":\"https:\\\/\\\/informelitoral.com.ar\\\/#\\\/schema\\\/logo\\\/image\\\/\",\"url\":\"https:\\\/\\\/informelitoral.com.ar\\\/%77%70%2d%63%6f%6e%74%65%6e%74\\\/uploads\\\/2021\\\/01\\\/circulo.png\",\"contentUrl\":\"https:\\\/\\\/informelitoral.com.ar\\\/%77%70%2d%63%6f%6e%74%65%6e%74\\\/uploads\\\/2021\\\/01\\\/circulo.png\",\"width\":723,\"height\":731,\"caption\":\"Informe Litoral\"},\"image\":{\"@id\":\"https:\\\/\\\/informelitoral.com.ar\\\/#\\\/schema\\\/logo\\\/image\\\/\"},\"sameAs\":[\"https:\\\/\\\/www.facebook.com\\\/informelitoral\\\/\",\"https:\\\/\\\/x.com\\\/InformeLitoral\",\"https:\\\/\\\/www.instagram.com\\\/informelitoral\\\/\",\"https:\\\/\\\/www.youtube.com\\\/channel\\\/UCua4Qvz8Icb6MYqhoq9xLXw\"]},{\"@type\":\"Person\",\"@id\":\"https:\\\/\\\/informelitoral.com.ar\\\/#\\\/schema\\\/person\\\/b9d00407c836482871ef1d57bf8e3180\",\"name\":\"Gonzalo Schmidt\",\"image\":{\"@type\":\"ImageObject\",\"inLanguage\":\"es\",\"@id\":\"https:\\\/\\\/secure.gravatar.com\\\/avatar\\\/31a1a7b66ff2de83bd0e9fd79d026630d2d99e55e8bfe501287647b4fd9743de?s=96&d=mm&r=g\",\"url\":\"https:\\\/\\\/secure.gravatar.com\\\/avatar\\\/31a1a7b66ff2de83bd0e9fd79d026630d2d99e55e8bfe501287647b4fd9743de?s=96&d=mm&r=g\",\"contentUrl\":\"https:\\\/\\\/secure.gravatar.com\\\/avatar\\\/31a1a7b66ff2de83bd0e9fd79d026630d2d99e55e8bfe501287647b4fd9743de?s=96&d=mm&r=g\",\"caption\":\"Gonzalo Schmidt\"},\"description\":\"Sitio web de noticias de la provincia de Entre R\u00edos, Argentina. Informaci\u00f3n y entretenimiento. Informe Litoral, nos informamos.\",\"sameAs\":[\"http:\\\/\\\/www.isletasnoticias.com.ar\"],\"url\":\"https:\\\/\\\/informelitoral.com.ar\\\/author\\\/gonzalo\\\/\"}]}<\/script>","yoast_head_json":{"title":"Rescataron restos de f\u00f3siles en el Arroyo Espinillo - Informe Litoral","robots":{"index":"index","follow":"follow","max-snippet":"max-snippet:-1","max-image-preview":"max-image-preview:large","max-video-preview":"max-video-preview:-1"},"canonical":"https:\/\/informelitoral.com.ar\/rescataron-restos-de-fosiles-en-el-arroyo-espinillo\/","og_locale":"es_ES","og_type":"article","og_title":"Rescataron restos de f\u00f3siles en el Arroyo Espinillo - Informe Litoral","og_description":"En la zona del Arroyo Espinillo, se buscaron restos f\u00f3siles de grandes mam\u00edferos que habitaron territorio entrerriano hace m\u00e1s de 10.000 a\u00f1os.","og_url":"https:\/\/informelitoral.com.ar\/rescataron-restos-de-fosiles-en-el-arroyo-espinillo\/","og_site_name":"Informe Litoral","article_publisher":"https:\/\/www.facebook.com\/informelitoral\/","article_published_time":"2021-03-11T18:49:57+00:00","og_image":[{"width":780,"height":470,"url":"https:\/\/informelitoral.com.ar\/%77%70%2d%63%6f%6e%74%65%6e%74\/uploads\/2021\/03\/x_1615462621-scaled-1.jpg","type":"image\/jpeg"}],"author":"Gonzalo Schmidt","twitter_card":"summary_large_image","twitter_creator":"@InformeLitoral","twitter_site":"@InformeLitoral","twitter_misc":{"Escrito por":"Gonzalo Schmidt","Tiempo de lectura":"3 minutos"},"schema":{"@context":"https:\/\/schema.org","@graph":[{"@type":"Article","@id":"https:\/\/informelitoral.com.ar\/rescataron-restos-de-fosiles-en-el-arroyo-espinillo\/#article","isPartOf":{"@id":"https:\/\/informelitoral.com.ar\/rescataron-restos-de-fosiles-en-el-arroyo-espinillo\/"},"author":{"name":"Gonzalo Schmidt","@id":"https:\/\/informelitoral.com.ar\/#\/schema\/person\/b9d00407c836482871ef1d57bf8e3180"},"headline":"Rescataron restos de f\u00f3siles en el Arroyo Espinillo","datePublished":"2021-03-11T18:49:57+00:00","mainEntityOfPage":{"@id":"https:\/\/informelitoral.com.ar\/rescataron-restos-de-fosiles-en-el-arroyo-espinillo\/"},"wordCount":610,"commentCount":0,"publisher":{"@id":"https:\/\/informelitoral.com.ar\/#organization"},"image":{"@id":"https:\/\/informelitoral.com.ar\/rescataron-restos-de-fosiles-en-el-arroyo-espinillo\/#primaryimage"},"thumbnailUrl":"https:\/\/informelitoral.com.ar\/%77%70%2d%63%6f%6e%74%65%6e%74\/uploads\/2021\/03\/x_1615462621-scaled-1.jpg","articleSection":["Entre R\u00edos"],"inLanguage":"es","potentialAction":[{"@type":"CommentAction","name":"Comment","target":["https:\/\/informelitoral.com.ar\/rescataron-restos-de-fosiles-en-el-arroyo-espinillo\/#respond"]}]},{"@type":"WebPage","@id":"https:\/\/informelitoral.com.ar\/rescataron-restos-de-fosiles-en-el-arroyo-espinillo\/","url":"https:\/\/informelitoral.com.ar\/rescataron-restos-de-fosiles-en-el-arroyo-espinillo\/","name":"Rescataron restos de f\u00f3siles en el Arroyo Espinillo - Informe Litoral","isPartOf":{"@id":"https:\/\/informelitoral.com.ar\/#website"},"primaryImageOfPage":{"@id":"https:\/\/informelitoral.com.ar\/rescataron-restos-de-fosiles-en-el-arroyo-espinillo\/#primaryimage"},"image":{"@id":"https:\/\/informelitoral.com.ar\/rescataron-restos-de-fosiles-en-el-arroyo-espinillo\/#primaryimage"},"thumbnailUrl":"https:\/\/informelitoral.com.ar\/%77%70%2d%63%6f%6e%74%65%6e%74\/uploads\/2021\/03\/x_1615462621-scaled-1.jpg","datePublished":"2021-03-11T18:49:57+00:00","breadcrumb":{"@id":"https:\/\/informelitoral.com.ar\/rescataron-restos-de-fosiles-en-el-arroyo-espinillo\/#breadcrumb"},"inLanguage":"es","potentialAction":[{"@type":"ReadAction","target":["https:\/\/informelitoral.com.ar\/rescataron-restos-de-fosiles-en-el-arroyo-espinillo\/"]}]},{"@type":"ImageObject","inLanguage":"es","@id":"https:\/\/informelitoral.com.ar\/rescataron-restos-de-fosiles-en-el-arroyo-espinillo\/#primaryimage","url":"https:\/\/informelitoral.com.ar\/%77%70%2d%63%6f%6e%74%65%6e%74\/uploads\/2021\/03\/x_1615462621-scaled-1.jpg","contentUrl":"https:\/\/informelitoral.com.ar\/%77%70%2d%63%6f%6e%74%65%6e%74\/uploads\/2021\/03\/x_1615462621-scaled-1.jpg","width":780,"height":470},{"@type":"BreadcrumbList","@id":"https:\/\/informelitoral.com.ar\/rescataron-restos-de-fosiles-en-el-arroyo-espinillo\/#breadcrumb","itemListElement":[{"@type":"ListItem","position":1,"name":"Portada","item":"https:\/\/informelitoral.com.ar\/"},{"@type":"ListItem","position":2,"name":"Rescataron restos de f\u00f3siles en el Arroyo Espinillo"}]},{"@type":"WebSite","@id":"https:\/\/informelitoral.com.ar\/#website","url":"https:\/\/informelitoral.com.ar\/","name":"Informe Litoral","description":"&quot;Nos informamos&quot; ","publisher":{"@id":"https:\/\/informelitoral.com.ar\/#organization"},"potentialAction":[{"@type":"SearchAction","target":{"@type":"EntryPoint","urlTemplate":"https:\/\/informelitoral.com.ar\/?s={search_term_string}"},"query-input":{"@type":"PropertyValueSpecification","valueRequired":true,"valueName":"search_term_string"}}],"inLanguage":"es"},{"@type":"Organization","@id":"https:\/\/informelitoral.com.ar\/#organization","name":"Informe Litoral","url":"https:\/\/informelitoral.com.ar\/","logo":{"@type":"ImageObject","inLanguage":"es","@id":"https:\/\/informelitoral.com.ar\/#\/schema\/logo\/image\/","url":"https:\/\/informelitoral.com.ar\/%77%70%2d%63%6f%6e%74%65%6e%74\/uploads\/2021\/01\/circulo.png","contentUrl":"https:\/\/informelitoral.com.ar\/%77%70%2d%63%6f%6e%74%65%6e%74\/uploads\/2021\/01\/circulo.png","width":723,"height":731,"caption":"Informe Litoral"},"image":{"@id":"https:\/\/informelitoral.com.ar\/#\/schema\/logo\/image\/"},"sameAs":["https:\/\/www.facebook.com\/informelitoral\/","https:\/\/x.com\/InformeLitoral","https:\/\/www.instagram.com\/informelitoral\/","https:\/\/www.youtube.com\/channel\/UCua4Qvz8Icb6MYqhoq9xLXw"]},{"@type":"Person","@id":"https:\/\/informelitoral.com.ar\/#\/schema\/person\/b9d00407c836482871ef1d57bf8e3180","name":"Gonzalo Schmidt","image":{"@type":"ImageObject","inLanguage":"es","@id":"https:\/\/secure.gravatar.com\/avatar\/31a1a7b66ff2de83bd0e9fd79d026630d2d99e55e8bfe501287647b4fd9743de?s=96&d=mm&r=g","url":"https:\/\/secure.gravatar.com\/avatar\/31a1a7b66ff2de83bd0e9fd79d026630d2d99e55e8bfe501287647b4fd9743de?s=96&d=mm&r=g","contentUrl":"https:\/\/secure.gravatar.com\/avatar\/31a1a7b66ff2de83bd0e9fd79d026630d2d99e55e8bfe501287647b4fd9743de?s=96&d=mm&r=g","caption":"Gonzalo Schmidt"},"description":"Sitio web de noticias de la provincia de Entre R\u00edos, Argentina. Informaci\u00f3n y entretenimiento. Informe Litoral, nos informamos.","sameAs":["http:\/\/www.isletasnoticias.com.ar"],"url":"https:\/\/informelitoral.com.ar\/author\/gonzalo\/"}]}},"_links":{"self":[{"href":"https:\/\/informelitoral.com.ar\/%77%70%2d%6a%73%6f%6e\/wp\/v2\/posts\/57601","targetHints":{"allow":["GET"]}}],"collection":[{"href":"https:\/\/informelitoral.com.ar\/%77%70%2d%6a%73%6f%6e\/wp\/v2\/posts"}],"about":[{"href":"https:\/\/informelitoral.com.ar\/%77%70%2d%6a%73%6f%6e\/wp\/v2\/types\/post"}],"author":[{"embeddable":true,"href":"https:\/\/informelitoral.com.ar\/%77%70%2d%6a%73%6f%6e\/wp\/v2\/users\/2"}],"replies":[{"embeddable":true,"href":"https:\/\/informelitoral.com.ar\/%77%70%2d%6a%73%6f%6e\/wp\/v2\/comments?post=57601"}],"version-history":[{"count":0,"href":"https:\/\/informelitoral.com.ar\/%77%70%2d%6a%73%6f%6e\/wp\/v2\/posts\/57601\/revisions"}],"wp:featuredmedia":[{"embeddable":true,"href":"https:\/\/informelitoral.com.ar\/%77%70%2d%6a%73%6f%6e\/wp\/v2\/media\/57602"}],"wp:attachment":[{"href":"https:\/\/informelitoral.com.ar\/%77%70%2d%6a%73%6f%6e\/wp\/v2\/media?parent=57601"}],"wp:term":[{"taxonomy":"category","embeddable":true,"href":"https:\/\/informelitoral.com.ar\/%77%70%2d%6a%73%6f%6e\/wp\/v2\/categories?post=57601"},{"taxonomy":"post_tag","embeddable":true,"href":"https:\/\/informelitoral.com.ar\/%77%70%2d%6a%73%6f%6e\/wp\/v2\/tags?post=57601"}],"curies":[{"name":"wp","href":"https:\/\/api.w.org\/{rel}","templated":true}]}}