{"id":57566,"date":"2021-03-10T11:16:18","date_gmt":"2021-03-10T14:16:18","guid":{"rendered":"https:\/\/www.informelitoral.com.ar\/?p=57566"},"modified":"2021-03-10T11:16:18","modified_gmt":"2021-03-10T14:16:18","slug":"incendio-en-el-hoyo-la-lluvia-trae-alivio-pero-lo-que-paso-ayer-fue-dantesco","status":"publish","type":"post","link":"https:\/\/informelitoral.com.ar\/incendio-en-el-hoyo-la-lluvia-trae-alivio-pero-lo-que-paso-ayer-fue-dantesco\/","title":{"rendered":"Incendio en El Hoyo: \u00abLa lluvia trae alivio, pero lo que pas\u00f3 ayer fue dantesco\u00bb"},"content":{"rendered":"<p>Heridos y cientos de evacuados causaron la activaci\u00f3n de cinco focos de incendio interfases que volvieron activarse en zonas de Lago Puelo, en las afueras de Cholila y en la zona rural de El Mait\u00e9n, en cercan\u00edas de El Bols\u00f3n, mientras que El Hoyo \u00abest\u00e1 rodeada por el fuego\u00bb, informaron fuentes comunales y de Protecci\u00f3n Civil.<\/p>\n<p>Por su parte, Pol Wisman, intendente de El Hoyo manifest\u00f3 que\u00bbla lluvia trae alivio para organizar la situaci\u00f3n, tras lo que pas\u00f3 ayer que fue dantescto\u00bb, en decalraciones a Radio Seis de Bariloche.<\/p>\n<p>El fuego rode\u00f3 la ciudad y hubo entre 20 y 30 heridos leves, adem\u00e1s de varias casas quemadas cuyo n\u00famero no fue a\u00fan precisado. Las l\u00edneas el\u00e9ctricas est\u00e1n colapsadas, se quemaron transformadores y desconectaron el gas porque los nichos eran \u00ablanzallamas\u00bb. Tambi\u00e9n tiene problemas con el agua.<\/p>\n<p>El intendente de Lago Puelo, Augusto S\u00e1nchez, dijo a trav\u00e9s de Facebook que \u00abeste es peor escenario para un incendio de interfases, se est\u00e1n dando las condiciones para que sea un incendio catastr\u00f3fico\u00bb.<\/p>\n<p><strong>\u00abEs un incendio que se genera dentro del bosque y se dan las condiciones extremas para que se expanda, tenemos la capacidad de nuestros bomberos superada aunque contamos con la esperanza de que llueva en tres o cuatro horas y eso va aplacar el fuego\u00bb<\/strong>, dijo el intendente.<\/p>\n<p>Indic\u00f3 adem\u00e1s que \u00abest\u00e1n tratando de contener los lugares m\u00e1s fuertes y tratando de proteger instalaciones, los m\u00e1s afectados son la zona de El Radar Alto y de Alto Golondrina, pero el peor panorama es en El Hoyo que esta rodeado por las llamas\u00bb.<\/p>\n<p><strong>\u00abNo pueden pasar ni entrar a El Hoyo es el peor momento del incendio, uno de los frentes avanza velozmente, es un incendio catastr\u00f3fico, reci\u00e9n ma\u00f1ana tendremos dimensi\u00f3n de lo que pas\u00f3 realmente\u00bb<\/strong>.<\/p>\n<p>\u00abEn El Hoyo toda la comunidad est\u00e1 aislada, es un momento desgarrador \u00ab, dijo S\u00e1nchez, y agreg\u00f3 que \u00abfue por un descuido o una intencionalidad para que se enciendan las llamas\u00bb.<\/p>\n<p><strong>Unas 200 personas fueron evacuadas de Lago Puelo mientras que hay siete heridos, una de gravedad internada en Bariloche.<\/strong><\/p>\n<p>La Secretar\u00eda de Protecci\u00f3n Civil de la Naci\u00f3n activ\u00f3 el alerta roja ya que \u00abtenemos una situaci\u00f3n de incendios forestales en la zona de El Mait\u00e9n, Epuy\u00e9n y Futaleufu, que est\u00e1 descontrolado y con peligro de interface est\u00e1 sobrepasando a los bomberos locales y a los de Parques Nacionales\u00bb, seg\u00fan el texto al que accedi\u00f3<em> T\u00e9lam.<\/em><\/p>\n<p>El alerta enviado a la secretarias de Protecci\u00f3n Civil de R\u00edo Negro, Chubut y Neuqu\u00e9n destaca adem\u00e1s que \u00abhemos activado el alerta roja ni bien tengamos confirmaci\u00f3n de la necesidad de los recursos que se necesitan movilizar les vamos a estar comunicando oficialmente\u00bb.<\/p>\n<p>Cerca de las 16, se origin\u00f3 un incendio interface en el sector conocido como Las Golondrinas, en Lago Puelo, que se descontrol\u00f3 en poco tiempo. Las llamas destruyeron a su paso varias viviendas y chacras en producci\u00f3n, informaron medios locales.<\/p>\n<p>Casi al mismo tiempo comenz\u00f3 otro incendio en el cerro Radal que se descontrol\u00f3 en minutos por la acci\u00f3n del viento y las altas temperaturas.<\/p>\n<p>Los incendios interfase que comenzaron en Las Golondrinas y cerro Radal se expandieron a gran velocidad y avanzaron hacia El Hoyo.<\/p>\n<p>El fuego destruy\u00f3 las casas ubicadas en las zonas Catarata Norte y el cerro Currumahuida, en la zona sobre el pinar. Pero el fuego avanzaba hacia la zona urbana, mientras las llamas estaban a muy pocos metros de viviendas ubicadas en las afueras de Cholila y El Mait\u00e9n.<\/p>\n<p>El jefe de operaciones de Servicio Provincial de Manejo del Fuego de la provincia de Chubut, Jorge Bonasea, inform\u00f3 en Radio Nacional El Bols\u00f3n que las autoridades del hospital de El Hoyo evaluaban evacuar a los pacientes por la humareda.<\/p>\n<p>Seg\u00fan medios locales, los brigadistas dijeron que hab\u00eda viviendas y veh\u00edculos quemados en La Golondrina, el Radal y El Mait\u00e9n y estimaron que unas 150 personas autoevacuadas y evacuadas en El Hoyo.<\/p>\n<p>Por su parte, el intendente de Lago Puelo, Agust\u00edn S\u00e1nchez, afirm\u00f3 que la situaci\u00f3n \u201ces catastr\u00f3fica\u201d y describi\u00f3 que los incendios interfase est\u00e1n descontrolados con m\u00e1s de 6 casas quemadas en la zona de Las Golondrinas.<\/p>\n<p>S\u00e1nchez sostuvo que no tiene dudas de que el fuego se origin\u00f3 \u201cpor negligencia o por intencionalidad\u201d. Y descart\u00f3 que sea por causas naturales a la vez que destac\u00f3 que no hay electrciidad \u00abporque el fuego destruy\u00f3 las l\u00edneas\u00bb.<\/p>\n<div id=\"image\" class=\"image\"><img decoding=\"async\" title=\"Foto: Infor Chubut\" src=\"https:\/\/www.telam.com.ar\/advf\/imagenes\/2021\/03\/6048c4042fca6_1004x565.jpg\" alt=\"Foto: Infor Chubut\" \/><\/p>\n<div class=\"epigrafe\"><\/div>\n<\/div>\n<p>A esos incendios interfase se suma el incendio forestal en la zona de Mall\u00edn Cume que comenz\u00f3 el domingo por la tarde y destruy\u00f3 alrededor de 2000 hect\u00e1reas<\/p>\n<p>El fuego est\u00e1 a unos 35 kil\u00f3metros de El Bols\u00f3n. Aunque una de las colas avanz\u00f3 esta tarde impulsada por las r\u00e1fagas hacia la zona rural pr\u00f3xima a El Mait\u00e9n, donde devor\u00f3 algunas casas.<\/p>\n<p>El tr\u00e1nsito vehicular por la ruta nacional 40 est\u00e1 cortado desde esta tarde y solo se permiten el paso de veh\u00edculos de las fuerzas de seguridad, de los bomberos voluntarios y brigadistas que asisten a combatir el avance del fuego.<\/p>\n","protected":false},"excerpt":{"rendered":"<p>El intendente de El Hoyo, Pol Wisman, se refiri\u00f3 as\u00ed al incendio que dej\u00f3 130 evacuados y heridos leves. Detall\u00f3 que la lluvia que se registra este mi\u00e9rcoles ayuda a \u00aborganizar la situaci\u00f3n para poder encarar lo que venga cuando pare y el viento empiece a soplar\u00bb.<\/p>\n","protected":false},"author":2,"featured_media":57567,"comment_status":"open","ping_status":"open","sticky":false,"template":"","format":"standard","meta":{"fifu_image_url":"","fifu_image_alt":"","footnotes":""},"categories":[7,1441],"tags":[1676],"class_list":{"0":"post-57566","1":"post","2":"type-post","3":"status-publish","4":"format-standard","5":"has-post-thumbnail","7":"category-nacionales","8":"category-naturaleza","9":"tag-incendios-forestales"},"yoast_head":"<title>Incendio en El Hoyo: &quot;La lluvia trae alivio, pero lo que pas\u00f3 ayer fue dantesco&quot; - Informe Litoral<\/title>\n<meta name=\"robots\" content=\"index, follow, max-snippet:-1, max-image-preview:large, max-video-preview:-1\" \/>\n<link rel=\"canonical\" href=\"https:\/\/informelitoral.com.ar\/incendio-en-el-hoyo-la-lluvia-trae-alivio-pero-lo-que-paso-ayer-fue-dantesco\/\" \/>\n<meta property=\"og:locale\" content=\"es_ES\" \/>\n<meta property=\"og:type\" content=\"article\" \/>\n<meta property=\"og:title\" content=\"Incendio en El Hoyo: &quot;La lluvia trae alivio, pero lo que pas\u00f3 ayer fue dantesco&quot; - Informe Litoral\" \/>\n<meta property=\"og:description\" content=\"El intendente de El Hoyo, Pol Wisman, se refiri\u00f3 as\u00ed al incendio que dej\u00f3 130 evacuados y heridos leves. Detall\u00f3 que la lluvia que se registra este mi\u00e9rcoles ayuda a &quot;organizar la situaci\u00f3n para poder encarar lo que venga cuando pare y el viento empiece a soplar&quot;.\" \/>\n<meta property=\"og:url\" content=\"https:\/\/informelitoral.com.ar\/incendio-en-el-hoyo-la-lluvia-trae-alivio-pero-lo-que-paso-ayer-fue-dantesco\/\" \/>\n<meta property=\"og:site_name\" content=\"Informe Litoral\" \/>\n<meta property=\"article:publisher\" content=\"https:\/\/www.facebook.com\/informelitoral\/\" \/>\n<meta property=\"article:published_time\" content=\"2021-03-10T14:16:18+00:00\" \/>\n<meta property=\"og:image\" content=\"https:\/\/informelitoral.com.ar\/%77%70%2d%63%6f%6e%74%65%6e%74\/uploads\/2021\/03\/6048c69489615_1004x565.jpg\" \/>\n\t<meta property=\"og:image:width\" content=\"1004\" \/>\n\t<meta property=\"og:image:height\" content=\"565\" \/>\n\t<meta property=\"og:image:type\" content=\"image\/jpeg\" \/>\n<meta name=\"author\" content=\"Gonzalo Schmidt\" \/>\n<meta name=\"twitter:card\" content=\"summary_large_image\" \/>\n<meta name=\"twitter:creator\" content=\"@InformeLitoral\" \/>\n<meta name=\"twitter:site\" content=\"@InformeLitoral\" \/>\n<meta name=\"twitter:label1\" content=\"Escrito por\" \/>\n\t<meta name=\"twitter:data1\" content=\"Gonzalo Schmidt\" \/>\n\t<meta name=\"twitter:label2\" content=\"Tiempo de lectura\" \/>\n\t<meta name=\"twitter:data2\" content=\"4 minutos\" \/>\n<script type=\"application\/ld+json\" class=\"yoast-schema-graph\">{\"@context\":\"https:\\\/\\\/schema.org\",\"@graph\":[{\"@type\":\"Article\",\"@id\":\"https:\\\/\\\/informelitoral.com.ar\\\/incendio-en-el-hoyo-la-lluvia-trae-alivio-pero-lo-que-paso-ayer-fue-dantesco\\\/#article\",\"isPartOf\":{\"@id\":\"https:\\\/\\\/informelitoral.com.ar\\\/incendio-en-el-hoyo-la-lluvia-trae-alivio-pero-lo-que-paso-ayer-fue-dantesco\\\/\"},\"author\":{\"name\":\"Gonzalo Schmidt\",\"@id\":\"https:\\\/\\\/informelitoral.com.ar\\\/#\\\/schema\\\/person\\\/b9d00407c836482871ef1d57bf8e3180\"},\"headline\":\"Incendio en El Hoyo: \u00abLa lluvia trae alivio, pero lo que pas\u00f3 ayer fue dantesco\u00bb\",\"datePublished\":\"2021-03-10T14:16:18+00:00\",\"mainEntityOfPage\":{\"@id\":\"https:\\\/\\\/informelitoral.com.ar\\\/incendio-en-el-hoyo-la-lluvia-trae-alivio-pero-lo-que-paso-ayer-fue-dantesco\\\/\"},\"wordCount\":896,\"commentCount\":0,\"publisher\":{\"@id\":\"https:\\\/\\\/informelitoral.com.ar\\\/#organization\"},\"image\":{\"@id\":\"https:\\\/\\\/informelitoral.com.ar\\\/incendio-en-el-hoyo-la-lluvia-trae-alivio-pero-lo-que-paso-ayer-fue-dantesco\\\/#primaryimage\"},\"thumbnailUrl\":\"https:\\\/\\\/informelitoral.com.ar\\\/%77%70%2d%63%6f%6e%74%65%6e%74\\\/uploads\\\/2021\\\/03\\\/6048c69489615_1004x565.jpg\",\"keywords\":[\"Incendios forestales\"],\"articleSection\":[\"Nacionales\",\"Naturaleza\"],\"inLanguage\":\"es\",\"potentialAction\":[{\"@type\":\"CommentAction\",\"name\":\"Comment\",\"target\":[\"https:\\\/\\\/informelitoral.com.ar\\\/incendio-en-el-hoyo-la-lluvia-trae-alivio-pero-lo-que-paso-ayer-fue-dantesco\\\/#respond\"]}]},{\"@type\":\"WebPage\",\"@id\":\"https:\\\/\\\/informelitoral.com.ar\\\/incendio-en-el-hoyo-la-lluvia-trae-alivio-pero-lo-que-paso-ayer-fue-dantesco\\\/\",\"url\":\"https:\\\/\\\/informelitoral.com.ar\\\/incendio-en-el-hoyo-la-lluvia-trae-alivio-pero-lo-que-paso-ayer-fue-dantesco\\\/\",\"name\":\"Incendio en El Hoyo: \\\"La lluvia trae alivio, pero lo que pas\u00f3 ayer fue dantesco\\\" - Informe Litoral\",\"isPartOf\":{\"@id\":\"https:\\\/\\\/informelitoral.com.ar\\\/#website\"},\"primaryImageOfPage\":{\"@id\":\"https:\\\/\\\/informelitoral.com.ar\\\/incendio-en-el-hoyo-la-lluvia-trae-alivio-pero-lo-que-paso-ayer-fue-dantesco\\\/#primaryimage\"},\"image\":{\"@id\":\"https:\\\/\\\/informelitoral.com.ar\\\/incendio-en-el-hoyo-la-lluvia-trae-alivio-pero-lo-que-paso-ayer-fue-dantesco\\\/#primaryimage\"},\"thumbnailUrl\":\"https:\\\/\\\/informelitoral.com.ar\\\/%77%70%2d%63%6f%6e%74%65%6e%74\\\/uploads\\\/2021\\\/03\\\/6048c69489615_1004x565.jpg\",\"datePublished\":\"2021-03-10T14:16:18+00:00\",\"breadcrumb\":{\"@id\":\"https:\\\/\\\/informelitoral.com.ar\\\/incendio-en-el-hoyo-la-lluvia-trae-alivio-pero-lo-que-paso-ayer-fue-dantesco\\\/#breadcrumb\"},\"inLanguage\":\"es\",\"potentialAction\":[{\"@type\":\"ReadAction\",\"target\":[\"https:\\\/\\\/informelitoral.com.ar\\\/incendio-en-el-hoyo-la-lluvia-trae-alivio-pero-lo-que-paso-ayer-fue-dantesco\\\/\"]}]},{\"@type\":\"ImageObject\",\"inLanguage\":\"es\",\"@id\":\"https:\\\/\\\/informelitoral.com.ar\\\/incendio-en-el-hoyo-la-lluvia-trae-alivio-pero-lo-que-paso-ayer-fue-dantesco\\\/#primaryimage\",\"url\":\"https:\\\/\\\/informelitoral.com.ar\\\/%77%70%2d%63%6f%6e%74%65%6e%74\\\/uploads\\\/2021\\\/03\\\/6048c69489615_1004x565.jpg\",\"contentUrl\":\"https:\\\/\\\/informelitoral.com.ar\\\/%77%70%2d%63%6f%6e%74%65%6e%74\\\/uploads\\\/2021\\\/03\\\/6048c69489615_1004x565.jpg\",\"width\":1004,\"height\":565},{\"@type\":\"BreadcrumbList\",\"@id\":\"https:\\\/\\\/informelitoral.com.ar\\\/incendio-en-el-hoyo-la-lluvia-trae-alivio-pero-lo-que-paso-ayer-fue-dantesco\\\/#breadcrumb\",\"itemListElement\":[{\"@type\":\"ListItem\",\"position\":1,\"name\":\"Portada\",\"item\":\"https:\\\/\\\/informelitoral.com.ar\\\/\"},{\"@type\":\"ListItem\",\"position\":2,\"name\":\"Incendio en El Hoyo: \u00abLa lluvia trae alivio, pero lo que pas\u00f3 ayer fue dantesco\u00bb\"}]},{\"@type\":\"WebSite\",\"@id\":\"https:\\\/\\\/informelitoral.com.ar\\\/#website\",\"url\":\"https:\\\/\\\/informelitoral.com.ar\\\/\",\"name\":\"Informe Litoral\",\"description\":\"&quot;Nos informamos&quot; \",\"publisher\":{\"@id\":\"https:\\\/\\\/informelitoral.com.ar\\\/#organization\"},\"potentialAction\":[{\"@type\":\"SearchAction\",\"target\":{\"@type\":\"EntryPoint\",\"urlTemplate\":\"https:\\\/\\\/informelitoral.com.ar\\\/?s={search_term_string}\"},\"query-input\":{\"@type\":\"PropertyValueSpecification\",\"valueRequired\":true,\"valueName\":\"search_term_string\"}}],\"inLanguage\":\"es\"},{\"@type\":\"Organization\",\"@id\":\"https:\\\/\\\/informelitoral.com.ar\\\/#organization\",\"name\":\"Informe Litoral\",\"url\":\"https:\\\/\\\/informelitoral.com.ar\\\/\",\"logo\":{\"@type\":\"ImageObject\",\"inLanguage\":\"es\",\"@id\":\"https:\\\/\\\/informelitoral.com.ar\\\/#\\\/schema\\\/logo\\\/image\\\/\",\"url\":\"https:\\\/\\\/informelitoral.com.ar\\\/%77%70%2d%63%6f%6e%74%65%6e%74\\\/uploads\\\/2021\\\/01\\\/circulo.png\",\"contentUrl\":\"https:\\\/\\\/informelitoral.com.ar\\\/%77%70%2d%63%6f%6e%74%65%6e%74\\\/uploads\\\/2021\\\/01\\\/circulo.png\",\"width\":723,\"height\":731,\"caption\":\"Informe Litoral\"},\"image\":{\"@id\":\"https:\\\/\\\/informelitoral.com.ar\\\/#\\\/schema\\\/logo\\\/image\\\/\"},\"sameAs\":[\"https:\\\/\\\/www.facebook.com\\\/informelitoral\\\/\",\"https:\\\/\\\/x.com\\\/InformeLitoral\",\"https:\\\/\\\/www.instagram.com\\\/informelitoral\\\/\",\"https:\\\/\\\/www.youtube.com\\\/channel\\\/UCua4Qvz8Icb6MYqhoq9xLXw\"]},{\"@type\":\"Person\",\"@id\":\"https:\\\/\\\/informelitoral.com.ar\\\/#\\\/schema\\\/person\\\/b9d00407c836482871ef1d57bf8e3180\",\"name\":\"Gonzalo Schmidt\",\"image\":{\"@type\":\"ImageObject\",\"inLanguage\":\"es\",\"@id\":\"https:\\\/\\\/secure.gravatar.com\\\/avatar\\\/31a1a7b66ff2de83bd0e9fd79d026630d2d99e55e8bfe501287647b4fd9743de?s=96&d=mm&r=g\",\"url\":\"https:\\\/\\\/secure.gravatar.com\\\/avatar\\\/31a1a7b66ff2de83bd0e9fd79d026630d2d99e55e8bfe501287647b4fd9743de?s=96&d=mm&r=g\",\"contentUrl\":\"https:\\\/\\\/secure.gravatar.com\\\/avatar\\\/31a1a7b66ff2de83bd0e9fd79d026630d2d99e55e8bfe501287647b4fd9743de?s=96&d=mm&r=g\",\"caption\":\"Gonzalo Schmidt\"},\"description\":\"Sitio web de noticias de la provincia de Entre R\u00edos, Argentina. Informaci\u00f3n y entretenimiento. Informe Litoral, nos informamos.\",\"sameAs\":[\"http:\\\/\\\/www.isletasnoticias.com.ar\"],\"url\":\"https:\\\/\\\/informelitoral.com.ar\\\/author\\\/gonzalo\\\/\"}]}<\/script>","yoast_head_json":{"title":"Incendio en El Hoyo: \"La lluvia trae alivio, pero lo que pas\u00f3 ayer fue dantesco\" - Informe Litoral","robots":{"index":"index","follow":"follow","max-snippet":"max-snippet:-1","max-image-preview":"max-image-preview:large","max-video-preview":"max-video-preview:-1"},"canonical":"https:\/\/informelitoral.com.ar\/incendio-en-el-hoyo-la-lluvia-trae-alivio-pero-lo-que-paso-ayer-fue-dantesco\/","og_locale":"es_ES","og_type":"article","og_title":"Incendio en El Hoyo: \"La lluvia trae alivio, pero lo que pas\u00f3 ayer fue dantesco\" - Informe Litoral","og_description":"El intendente de El Hoyo, Pol Wisman, se refiri\u00f3 as\u00ed al incendio que dej\u00f3 130 evacuados y heridos leves. Detall\u00f3 que la lluvia que se registra este mi\u00e9rcoles ayuda a \"organizar la situaci\u00f3n para poder encarar lo que venga cuando pare y el viento empiece a soplar\".","og_url":"https:\/\/informelitoral.com.ar\/incendio-en-el-hoyo-la-lluvia-trae-alivio-pero-lo-que-paso-ayer-fue-dantesco\/","og_site_name":"Informe Litoral","article_publisher":"https:\/\/www.facebook.com\/informelitoral\/","article_published_time":"2021-03-10T14:16:18+00:00","og_image":[{"width":1004,"height":565,"url":"https:\/\/informelitoral.com.ar\/%77%70%2d%63%6f%6e%74%65%6e%74\/uploads\/2021\/03\/6048c69489615_1004x565.jpg","type":"image\/jpeg"}],"author":"Gonzalo Schmidt","twitter_card":"summary_large_image","twitter_creator":"@InformeLitoral","twitter_site":"@InformeLitoral","twitter_misc":{"Escrito por":"Gonzalo Schmidt","Tiempo de lectura":"4 minutos"},"schema":{"@context":"https:\/\/schema.org","@graph":[{"@type":"Article","@id":"https:\/\/informelitoral.com.ar\/incendio-en-el-hoyo-la-lluvia-trae-alivio-pero-lo-que-paso-ayer-fue-dantesco\/#article","isPartOf":{"@id":"https:\/\/informelitoral.com.ar\/incendio-en-el-hoyo-la-lluvia-trae-alivio-pero-lo-que-paso-ayer-fue-dantesco\/"},"author":{"name":"Gonzalo Schmidt","@id":"https:\/\/informelitoral.com.ar\/#\/schema\/person\/b9d00407c836482871ef1d57bf8e3180"},"headline":"Incendio en El Hoyo: \u00abLa lluvia trae alivio, pero lo que pas\u00f3 ayer fue dantesco\u00bb","datePublished":"2021-03-10T14:16:18+00:00","mainEntityOfPage":{"@id":"https:\/\/informelitoral.com.ar\/incendio-en-el-hoyo-la-lluvia-trae-alivio-pero-lo-que-paso-ayer-fue-dantesco\/"},"wordCount":896,"commentCount":0,"publisher":{"@id":"https:\/\/informelitoral.com.ar\/#organization"},"image":{"@id":"https:\/\/informelitoral.com.ar\/incendio-en-el-hoyo-la-lluvia-trae-alivio-pero-lo-que-paso-ayer-fue-dantesco\/#primaryimage"},"thumbnailUrl":"https:\/\/informelitoral.com.ar\/%77%70%2d%63%6f%6e%74%65%6e%74\/uploads\/2021\/03\/6048c69489615_1004x565.jpg","keywords":["Incendios forestales"],"articleSection":["Nacionales","Naturaleza"],"inLanguage":"es","potentialAction":[{"@type":"CommentAction","name":"Comment","target":["https:\/\/informelitoral.com.ar\/incendio-en-el-hoyo-la-lluvia-trae-alivio-pero-lo-que-paso-ayer-fue-dantesco\/#respond"]}]},{"@type":"WebPage","@id":"https:\/\/informelitoral.com.ar\/incendio-en-el-hoyo-la-lluvia-trae-alivio-pero-lo-que-paso-ayer-fue-dantesco\/","url":"https:\/\/informelitoral.com.ar\/incendio-en-el-hoyo-la-lluvia-trae-alivio-pero-lo-que-paso-ayer-fue-dantesco\/","name":"Incendio en El Hoyo: \"La lluvia trae alivio, pero lo que pas\u00f3 ayer fue dantesco\" - Informe Litoral","isPartOf":{"@id":"https:\/\/informelitoral.com.ar\/#website"},"primaryImageOfPage":{"@id":"https:\/\/informelitoral.com.ar\/incendio-en-el-hoyo-la-lluvia-trae-alivio-pero-lo-que-paso-ayer-fue-dantesco\/#primaryimage"},"image":{"@id":"https:\/\/informelitoral.com.ar\/incendio-en-el-hoyo-la-lluvia-trae-alivio-pero-lo-que-paso-ayer-fue-dantesco\/#primaryimage"},"thumbnailUrl":"https:\/\/informelitoral.com.ar\/%77%70%2d%63%6f%6e%74%65%6e%74\/uploads\/2021\/03\/6048c69489615_1004x565.jpg","datePublished":"2021-03-10T14:16:18+00:00","breadcrumb":{"@id":"https:\/\/informelitoral.com.ar\/incendio-en-el-hoyo-la-lluvia-trae-alivio-pero-lo-que-paso-ayer-fue-dantesco\/#breadcrumb"},"inLanguage":"es","potentialAction":[{"@type":"ReadAction","target":["https:\/\/informelitoral.com.ar\/incendio-en-el-hoyo-la-lluvia-trae-alivio-pero-lo-que-paso-ayer-fue-dantesco\/"]}]},{"@type":"ImageObject","inLanguage":"es","@id":"https:\/\/informelitoral.com.ar\/incendio-en-el-hoyo-la-lluvia-trae-alivio-pero-lo-que-paso-ayer-fue-dantesco\/#primaryimage","url":"https:\/\/informelitoral.com.ar\/%77%70%2d%63%6f%6e%74%65%6e%74\/uploads\/2021\/03\/6048c69489615_1004x565.jpg","contentUrl":"https:\/\/informelitoral.com.ar\/%77%70%2d%63%6f%6e%74%65%6e%74\/uploads\/2021\/03\/6048c69489615_1004x565.jpg","width":1004,"height":565},{"@type":"BreadcrumbList","@id":"https:\/\/informelitoral.com.ar\/incendio-en-el-hoyo-la-lluvia-trae-alivio-pero-lo-que-paso-ayer-fue-dantesco\/#breadcrumb","itemListElement":[{"@type":"ListItem","position":1,"name":"Portada","item":"https:\/\/informelitoral.com.ar\/"},{"@type":"ListItem","position":2,"name":"Incendio en El Hoyo: \u00abLa lluvia trae alivio, pero lo que pas\u00f3 ayer fue dantesco\u00bb"}]},{"@type":"WebSite","@id":"https:\/\/informelitoral.com.ar\/#website","url":"https:\/\/informelitoral.com.ar\/","name":"Informe Litoral","description":"&quot;Nos informamos&quot; ","publisher":{"@id":"https:\/\/informelitoral.com.ar\/#organization"},"potentialAction":[{"@type":"SearchAction","target":{"@type":"EntryPoint","urlTemplate":"https:\/\/informelitoral.com.ar\/?s={search_term_string}"},"query-input":{"@type":"PropertyValueSpecification","valueRequired":true,"valueName":"search_term_string"}}],"inLanguage":"es"},{"@type":"Organization","@id":"https:\/\/informelitoral.com.ar\/#organization","name":"Informe Litoral","url":"https:\/\/informelitoral.com.ar\/","logo":{"@type":"ImageObject","inLanguage":"es","@id":"https:\/\/informelitoral.com.ar\/#\/schema\/logo\/image\/","url":"https:\/\/informelitoral.com.ar\/%77%70%2d%63%6f%6e%74%65%6e%74\/uploads\/2021\/01\/circulo.png","contentUrl":"https:\/\/informelitoral.com.ar\/%77%70%2d%63%6f%6e%74%65%6e%74\/uploads\/2021\/01\/circulo.png","width":723,"height":731,"caption":"Informe Litoral"},"image":{"@id":"https:\/\/informelitoral.com.ar\/#\/schema\/logo\/image\/"},"sameAs":["https:\/\/www.facebook.com\/informelitoral\/","https:\/\/x.com\/InformeLitoral","https:\/\/www.instagram.com\/informelitoral\/","https:\/\/www.youtube.com\/channel\/UCua4Qvz8Icb6MYqhoq9xLXw"]},{"@type":"Person","@id":"https:\/\/informelitoral.com.ar\/#\/schema\/person\/b9d00407c836482871ef1d57bf8e3180","name":"Gonzalo Schmidt","image":{"@type":"ImageObject","inLanguage":"es","@id":"https:\/\/secure.gravatar.com\/avatar\/31a1a7b66ff2de83bd0e9fd79d026630d2d99e55e8bfe501287647b4fd9743de?s=96&d=mm&r=g","url":"https:\/\/secure.gravatar.com\/avatar\/31a1a7b66ff2de83bd0e9fd79d026630d2d99e55e8bfe501287647b4fd9743de?s=96&d=mm&r=g","contentUrl":"https:\/\/secure.gravatar.com\/avatar\/31a1a7b66ff2de83bd0e9fd79d026630d2d99e55e8bfe501287647b4fd9743de?s=96&d=mm&r=g","caption":"Gonzalo Schmidt"},"description":"Sitio web de noticias de la provincia de Entre R\u00edos, Argentina. Informaci\u00f3n y entretenimiento. Informe Litoral, nos informamos.","sameAs":["http:\/\/www.isletasnoticias.com.ar"],"url":"https:\/\/informelitoral.com.ar\/author\/gonzalo\/"}]}},"_links":{"self":[{"href":"https:\/\/informelitoral.com.ar\/%77%70%2d%6a%73%6f%6e\/wp\/v2\/posts\/57566","targetHints":{"allow":["GET"]}}],"collection":[{"href":"https:\/\/informelitoral.com.ar\/%77%70%2d%6a%73%6f%6e\/wp\/v2\/posts"}],"about":[{"href":"https:\/\/informelitoral.com.ar\/%77%70%2d%6a%73%6f%6e\/wp\/v2\/types\/post"}],"author":[{"embeddable":true,"href":"https:\/\/informelitoral.com.ar\/%77%70%2d%6a%73%6f%6e\/wp\/v2\/users\/2"}],"replies":[{"embeddable":true,"href":"https:\/\/informelitoral.com.ar\/%77%70%2d%6a%73%6f%6e\/wp\/v2\/comments?post=57566"}],"version-history":[{"count":0,"href":"https:\/\/informelitoral.com.ar\/%77%70%2d%6a%73%6f%6e\/wp\/v2\/posts\/57566\/revisions"}],"wp:featuredmedia":[{"embeddable":true,"href":"https:\/\/informelitoral.com.ar\/%77%70%2d%6a%73%6f%6e\/wp\/v2\/media\/57567"}],"wp:attachment":[{"href":"https:\/\/informelitoral.com.ar\/%77%70%2d%6a%73%6f%6e\/wp\/v2\/media?parent=57566"}],"wp:term":[{"taxonomy":"category","embeddable":true,"href":"https:\/\/informelitoral.com.ar\/%77%70%2d%6a%73%6f%6e\/wp\/v2\/categories?post=57566"},{"taxonomy":"post_tag","embeddable":true,"href":"https:\/\/informelitoral.com.ar\/%77%70%2d%6a%73%6f%6e\/wp\/v2\/tags?post=57566"}],"curies":[{"name":"wp","href":"https:\/\/api.w.org\/{rel}","templated":true}]}}