{"id":57532,"date":"2021-03-09T18:12:41","date_gmt":"2021-03-09T21:12:41","guid":{"rendered":"https:\/\/www.informelitoral.com.ar\/?p=57532"},"modified":"2021-03-09T18:31:24","modified_gmt":"2021-03-09T21:31:24","slug":"esta-en-marcha-el-ramirez-festeja-2021-habra-musica-en-vivo-y-feria-de-emprendedores","status":"publish","type":"post","link":"https:\/\/informelitoral.com.ar\/esta-en-marcha-el-ramirez-festeja-2021-habra-musica-en-vivo-y-feria-de-emprendedores\/","title":{"rendered":"Est\u00e1 en marcha el Ram\u00edrez Festeja 2021: habr\u00e1 m\u00fasica en vivo y feria de emprendedores"},"content":{"rendered":"<p>La ciudad de <strong>General Ram\u00edrez<\/strong> se prepara para<strong> celebrar un nuevo aniversario el pr\u00f3ximo 13 de marzo,<\/strong> en este caso sus 133 a\u00f1os, y para ello, desde la Municipalidad organizan diferentes actividades a lo largo de toda la semana.<\/p>\n<p>Como desde hace varios a\u00f1os, las iniciativas se enmarcan en el <a href=\"https:\/\/www.facebook.com\/AgendaRamirez\/\"><strong><em>Ram\u00edrez Festeja<\/em><\/strong><\/a> que en esta ocasi\u00f3n <strong>comenz\u00f3 con una charla por el D\u00eda Internacional de la Mujer Trabajadora<\/strong> y continuar\u00e1 el pr\u00f3ximo<strong> jueves 11 con la tradicional <em>Noche de los templos<\/em><\/strong><em>,<\/em> una recorrida por las diferentes iglesias <strong>desde las 20.30.<\/strong><\/p>\n<p>Ram\u00edrez toma como fecha de fundaci\u00f3n el 13 de marzo, en homenaje al nacimiento de Francisco \u00abPancho\u00bb Ram\u00edrez, por lo que ese d\u00eda ser\u00e1 el<strong> acto central desde las 18.30<\/strong>; <strong>a las 21 habr\u00e1 un <em>Paseo de bares<\/em> y restoranes<\/strong> <strong>en las calles Libertad y Belgrano<\/strong> -coraz\u00f3n comercial de la ciudad- donde se inaugurar\u00e1 una moderna galer\u00eda y<strong> a partir de las 23 se brindar\u00e1 un show de DJs en el Parque de la Democracia.<\/strong><\/p>\n<p><strong>El cierre ser\u00e1 el domingo 14 con un festival y feria de emprendedores en el Parque de la Democracia, desde las 17.<\/strong> Habr\u00e1 diferente n\u00fameros art\u00edsticos y<strong> Los Pr\u00edncipes<\/strong> coronar\u00e1n la noche. La entrada es gratuita.<\/p>\n<h3><strong>Programa de actividades del Ram\u00edrez Festeja 2021<\/strong><\/h3>\n<p><img loading=\"lazy\" decoding=\"async\" class=\"aligncenter wp-image-57533 size-full\" src=\"https:\/\/www.informelitoral.com.ar\/%77%70%2d%63%6f%6e%74%65%6e%74\/uploads\/2021\/03\/159494094_3687838637951614_8540909501385948834_o.jpg\" alt=\"\" width=\"1920\" height=\"1080\" srcset=\"https:\/\/informelitoral.com.ar\/%77%70%2d%63%6f%6e%74%65%6e%74\/uploads\/2021\/03\/159494094_3687838637951614_8540909501385948834_o.jpg 1920w, https:\/\/informelitoral.com.ar\/%77%70%2d%63%6f%6e%74%65%6e%74\/uploads\/2021\/03\/159494094_3687838637951614_8540909501385948834_o-300x169.jpg 300w, https:\/\/informelitoral.com.ar\/%77%70%2d%63%6f%6e%74%65%6e%74\/uploads\/2021\/03\/159494094_3687838637951614_8540909501385948834_o-1024x576.jpg 1024w, https:\/\/informelitoral.com.ar\/%77%70%2d%63%6f%6e%74%65%6e%74\/uploads\/2021\/03\/159494094_3687838637951614_8540909501385948834_o-768x432.jpg 768w, https:\/\/informelitoral.com.ar\/%77%70%2d%63%6f%6e%74%65%6e%74\/uploads\/2021\/03\/159494094_3687838637951614_8540909501385948834_o-1536x864.jpg 1536w, https:\/\/informelitoral.com.ar\/%77%70%2d%63%6f%6e%74%65%6e%74\/uploads\/2021\/03\/159494094_3687838637951614_8540909501385948834_o-696x392.jpg 696w, https:\/\/informelitoral.com.ar\/%77%70%2d%63%6f%6e%74%65%6e%74\/uploads\/2021\/03\/159494094_3687838637951614_8540909501385948834_o-1068x601.jpg 1068w, https:\/\/informelitoral.com.ar\/%77%70%2d%63%6f%6e%74%65%6e%74\/uploads\/2021\/03\/159494094_3687838637951614_8540909501385948834_o-747x420.jpg 747w\" sizes=\"auto, (max-width: 1920px) 100vw, 1920px\" \/><\/p>\n<h4><strong>Un Ram\u00edrez Festeja en tiempos de pandemia<\/strong><\/h4>\n<p>\u00abVa a ser una versi\u00f3n acotada, quiz\u00e1s ni el 10% de lo que ten\u00edamos previsto para el a\u00f1o pasado\u00bb, reconoci\u00f3 <strong>Walter Lauphan<\/strong>, subsecretario de Pol\u00edticas Culturales y Comunicaci\u00f3n.<\/p>\n<p>En 2020 ten\u00edan todo preparado para darle un impulso mayor\u00a0al <strong><a href=\"https:\/\/www.isletasnoticias.com.ar\/ramirez-festeja-2020-que-se-podra-consumir-en-el-patio-de-comidas\/\"><em>Ram\u00edrez Festeja<\/em><\/a><\/strong>, el programa de actividades que se desarrolla cada a\u00f1o en el marco del aniversario de la ciudad. El objetivo era brindarle m\u00e1s visibilidad al sector productivo, sin descuidar la parte art\u00edstica y otras instituciones de la comunidad. \u00a0Sin embargo, a \u00faltimo momento, el 13 de marzo, el municipio casi obligado por las decisiones provinciales, decidi\u00f3\u00a0<a href=\"https:\/\/www.isletasnoticias.com.ar\/por-el-coronavirus-suspendieron-las-actividades-del-ramirez-festeja\/\">suspender la mayor\u00eda de las actividades por el covid<\/a>\u00a0y a los pocos d\u00edas ya comenz\u00f3 la cuarentena nacional.<\/p>\n<p>Es por ello ahora <strong>har\u00e1n el evento \u00abpara mantener la llama encendida\u00bb, cont\u00f3 Lauphan <\/strong>a <em>Canal 6 RCV,<\/em><strong> pero ya proyectan lo que ser\u00e1 la edici\u00f3n 2022 con m\u00e1s fuerza.<\/strong> Este a\u00f1o <strong>\u00abva\u00a0a ser un evento local, la idea es que no venga gente de la regi\u00f3n\u00bb,<\/strong> todo lo contrario de lo que se busca en tiempos normales.<\/p>\n<p>Si bien las restricciones nocturnas a nivel provincial los fines de semana comienzan desde las 2 hasta las 6,<strong> desde el Ejecutivo emitir\u00e1n un decreto para que este s\u00e1bado y domingo los vecinos puedan disfrutar de las actividades al aire libre hasta las 5,<\/strong> ya que la Provincia habilit\u00f3 a cada localidad para que pueda extender o no, el horario de restricci\u00f3n nocturno. <em>(Informe Litoral)<\/em><\/p>\n","protected":false},"excerpt":{"rendered":"<p>La ciudad de General Ram\u00edrez se prepara para celebrar su 133\u00ba aniversario. Adem\u00e1s del acto oficial, se ofrece una semana de variadas actividades para toda la familia. Los detalles en esta nota. <\/p>\n","protected":false},"author":2,"featured_media":57550,"comment_status":"open","ping_status":"open","sticky":false,"template":"","format":"standard","meta":{"fifu_image_url":"","fifu_image_alt":"","footnotes":""},"categories":[5],"tags":[556,111,1433,27,1286],"class_list":{"0":"post-57532","1":"post","2":"type-post","3":"status-publish","4":"format-standard","5":"has-post-thumbnail","7":"category-zonales","8":"tag-general-ramirez","9":"tag-municipales","10":"tag-municipalidad-de-general-ramirez","11":"tag-ramirez","12":"tag-ramirez-festeja"},"yoast_head":"<title>Est\u00e1 en marcha el Ram\u00edrez Festeja 2021: habr\u00e1 m\u00fasica en vivo y feria de emprendedores - Informe Litoral<\/title>\n<meta name=\"robots\" content=\"index, follow, max-snippet:-1, max-image-preview:large, max-video-preview:-1\" \/>\n<link rel=\"canonical\" href=\"https:\/\/informelitoral.com.ar\/esta-en-marcha-el-ramirez-festeja-2021-habra-musica-en-vivo-y-feria-de-emprendedores\/\" \/>\n<meta property=\"og:locale\" content=\"es_ES\" \/>\n<meta property=\"og:type\" content=\"article\" \/>\n<meta property=\"og:title\" content=\"Est\u00e1 en marcha el Ram\u00edrez Festeja 2021: habr\u00e1 m\u00fasica en vivo y feria de emprendedores - Informe Litoral\" \/>\n<meta property=\"og:description\" content=\"La ciudad de General Ram\u00edrez se prepara para celebrar su 133\u00ba aniversario. Adem\u00e1s del acto oficial, se ofrece una semana de variadas actividades para toda la familia. Los detalles en esta nota.\" \/>\n<meta property=\"og:url\" content=\"https:\/\/informelitoral.com.ar\/esta-en-marcha-el-ramirez-festeja-2021-habra-musica-en-vivo-y-feria-de-emprendedores\/\" \/>\n<meta property=\"og:site_name\" content=\"Informe Litoral\" \/>\n<meta property=\"article:publisher\" content=\"https:\/\/www.facebook.com\/informelitoral\/\" \/>\n<meta property=\"article:published_time\" content=\"2021-03-09T21:12:41+00:00\" \/>\n<meta property=\"article:modified_time\" content=\"2021-03-09T21:31:24+00:00\" \/>\n<meta property=\"og:image\" content=\"https:\/\/informelitoral.com.ar\/%77%70%2d%63%6f%6e%74%65%6e%74\/uploads\/2021\/03\/o_1553259570.jpg\" \/>\n\t<meta property=\"og:image:width\" content=\"800\" \/>\n\t<meta property=\"og:image:height\" content=\"450\" \/>\n\t<meta property=\"og:image:type\" content=\"image\/jpeg\" \/>\n<meta name=\"author\" content=\"Gonzalo Schmidt\" \/>\n<meta name=\"twitter:card\" content=\"summary_large_image\" \/>\n<meta name=\"twitter:creator\" content=\"@InformeLitoral\" \/>\n<meta name=\"twitter:site\" content=\"@InformeLitoral\" \/>\n<meta name=\"twitter:label1\" content=\"Escrito por\" \/>\n\t<meta name=\"twitter:data1\" content=\"Gonzalo Schmidt\" \/>\n\t<meta name=\"twitter:label2\" content=\"Tiempo de lectura\" \/>\n\t<meta name=\"twitter:data2\" content=\"2 minutos\" \/>\n<script type=\"application\/ld+json\" class=\"yoast-schema-graph\">{\"@context\":\"https:\\\/\\\/schema.org\",\"@graph\":[{\"@type\":\"Article\",\"@id\":\"https:\\\/\\\/informelitoral.com.ar\\\/esta-en-marcha-el-ramirez-festeja-2021-habra-musica-en-vivo-y-feria-de-emprendedores\\\/#article\",\"isPartOf\":{\"@id\":\"https:\\\/\\\/informelitoral.com.ar\\\/esta-en-marcha-el-ramirez-festeja-2021-habra-musica-en-vivo-y-feria-de-emprendedores\\\/\"},\"author\":{\"name\":\"Gonzalo Schmidt\",\"@id\":\"https:\\\/\\\/informelitoral.com.ar\\\/#\\\/schema\\\/person\\\/b9d00407c836482871ef1d57bf8e3180\"},\"headline\":\"Est\u00e1 en marcha el Ram\u00edrez Festeja 2021: habr\u00e1 m\u00fasica en vivo y feria de emprendedores\",\"datePublished\":\"2021-03-09T21:12:41+00:00\",\"dateModified\":\"2021-03-09T21:31:24+00:00\",\"mainEntityOfPage\":{\"@id\":\"https:\\\/\\\/informelitoral.com.ar\\\/esta-en-marcha-el-ramirez-festeja-2021-habra-musica-en-vivo-y-feria-de-emprendedores\\\/\"},\"wordCount\":492,\"commentCount\":0,\"publisher\":{\"@id\":\"https:\\\/\\\/informelitoral.com.ar\\\/#organization\"},\"image\":{\"@id\":\"https:\\\/\\\/informelitoral.com.ar\\\/esta-en-marcha-el-ramirez-festeja-2021-habra-musica-en-vivo-y-feria-de-emprendedores\\\/#primaryimage\"},\"thumbnailUrl\":\"https:\\\/\\\/informelitoral.com.ar\\\/%77%70%2d%63%6f%6e%74%65%6e%74\\\/uploads\\\/2021\\\/03\\\/o_1553259570.jpg\",\"keywords\":[\"General Ram\u00edrez\",\"Municipales\",\"Municipalidad de General Ram\u00edrez\",\"Ram\u00edrez\",\"Ram\u00edrez Festeja\"],\"articleSection\":[\"Departamento Diamante\"],\"inLanguage\":\"es\",\"potentialAction\":[{\"@type\":\"CommentAction\",\"name\":\"Comment\",\"target\":[\"https:\\\/\\\/informelitoral.com.ar\\\/esta-en-marcha-el-ramirez-festeja-2021-habra-musica-en-vivo-y-feria-de-emprendedores\\\/#respond\"]}]},{\"@type\":\"WebPage\",\"@id\":\"https:\\\/\\\/informelitoral.com.ar\\\/esta-en-marcha-el-ramirez-festeja-2021-habra-musica-en-vivo-y-feria-de-emprendedores\\\/\",\"url\":\"https:\\\/\\\/informelitoral.com.ar\\\/esta-en-marcha-el-ramirez-festeja-2021-habra-musica-en-vivo-y-feria-de-emprendedores\\\/\",\"name\":\"Est\u00e1 en marcha el Ram\u00edrez Festeja 2021: habr\u00e1 m\u00fasica en vivo y feria de emprendedores - Informe Litoral\",\"isPartOf\":{\"@id\":\"https:\\\/\\\/informelitoral.com.ar\\\/#website\"},\"primaryImageOfPage\":{\"@id\":\"https:\\\/\\\/informelitoral.com.ar\\\/esta-en-marcha-el-ramirez-festeja-2021-habra-musica-en-vivo-y-feria-de-emprendedores\\\/#primaryimage\"},\"image\":{\"@id\":\"https:\\\/\\\/informelitoral.com.ar\\\/esta-en-marcha-el-ramirez-festeja-2021-habra-musica-en-vivo-y-feria-de-emprendedores\\\/#primaryimage\"},\"thumbnailUrl\":\"https:\\\/\\\/informelitoral.com.ar\\\/%77%70%2d%63%6f%6e%74%65%6e%74\\\/uploads\\\/2021\\\/03\\\/o_1553259570.jpg\",\"datePublished\":\"2021-03-09T21:12:41+00:00\",\"dateModified\":\"2021-03-09T21:31:24+00:00\",\"breadcrumb\":{\"@id\":\"https:\\\/\\\/informelitoral.com.ar\\\/esta-en-marcha-el-ramirez-festeja-2021-habra-musica-en-vivo-y-feria-de-emprendedores\\\/#breadcrumb\"},\"inLanguage\":\"es\",\"potentialAction\":[{\"@type\":\"ReadAction\",\"target\":[\"https:\\\/\\\/informelitoral.com.ar\\\/esta-en-marcha-el-ramirez-festeja-2021-habra-musica-en-vivo-y-feria-de-emprendedores\\\/\"]}]},{\"@type\":\"ImageObject\",\"inLanguage\":\"es\",\"@id\":\"https:\\\/\\\/informelitoral.com.ar\\\/esta-en-marcha-el-ramirez-festeja-2021-habra-musica-en-vivo-y-feria-de-emprendedores\\\/#primaryimage\",\"url\":\"https:\\\/\\\/informelitoral.com.ar\\\/%77%70%2d%63%6f%6e%74%65%6e%74\\\/uploads\\\/2021\\\/03\\\/o_1553259570.jpg\",\"contentUrl\":\"https:\\\/\\\/informelitoral.com.ar\\\/%77%70%2d%63%6f%6e%74%65%6e%74\\\/uploads\\\/2021\\\/03\\\/o_1553259570.jpg\",\"width\":800,\"height\":450},{\"@type\":\"BreadcrumbList\",\"@id\":\"https:\\\/\\\/informelitoral.com.ar\\\/esta-en-marcha-el-ramirez-festeja-2021-habra-musica-en-vivo-y-feria-de-emprendedores\\\/#breadcrumb\",\"itemListElement\":[{\"@type\":\"ListItem\",\"position\":1,\"name\":\"Portada\",\"item\":\"https:\\\/\\\/informelitoral.com.ar\\\/\"},{\"@type\":\"ListItem\",\"position\":2,\"name\":\"Est\u00e1 en marcha el Ram\u00edrez Festeja 2021: habr\u00e1 m\u00fasica en vivo y feria de emprendedores\"}]},{\"@type\":\"WebSite\",\"@id\":\"https:\\\/\\\/informelitoral.com.ar\\\/#website\",\"url\":\"https:\\\/\\\/informelitoral.com.ar\\\/\",\"name\":\"Informe Litoral\",\"description\":\"&quot;Nos informamos&quot; \",\"publisher\":{\"@id\":\"https:\\\/\\\/informelitoral.com.ar\\\/#organization\"},\"potentialAction\":[{\"@type\":\"SearchAction\",\"target\":{\"@type\":\"EntryPoint\",\"urlTemplate\":\"https:\\\/\\\/informelitoral.com.ar\\\/?s={search_term_string}\"},\"query-input\":{\"@type\":\"PropertyValueSpecification\",\"valueRequired\":true,\"valueName\":\"search_term_string\"}}],\"inLanguage\":\"es\"},{\"@type\":\"Organization\",\"@id\":\"https:\\\/\\\/informelitoral.com.ar\\\/#organization\",\"name\":\"Informe Litoral\",\"url\":\"https:\\\/\\\/informelitoral.com.ar\\\/\",\"logo\":{\"@type\":\"ImageObject\",\"inLanguage\":\"es\",\"@id\":\"https:\\\/\\\/informelitoral.com.ar\\\/#\\\/schema\\\/logo\\\/image\\\/\",\"url\":\"https:\\\/\\\/informelitoral.com.ar\\\/%77%70%2d%63%6f%6e%74%65%6e%74\\\/uploads\\\/2021\\\/01\\\/circulo.png\",\"contentUrl\":\"https:\\\/\\\/informelitoral.com.ar\\\/%77%70%2d%63%6f%6e%74%65%6e%74\\\/uploads\\\/2021\\\/01\\\/circulo.png\",\"width\":723,\"height\":731,\"caption\":\"Informe Litoral\"},\"image\":{\"@id\":\"https:\\\/\\\/informelitoral.com.ar\\\/#\\\/schema\\\/logo\\\/image\\\/\"},\"sameAs\":[\"https:\\\/\\\/www.facebook.com\\\/informelitoral\\\/\",\"https:\\\/\\\/x.com\\\/InformeLitoral\",\"https:\\\/\\\/www.instagram.com\\\/informelitoral\\\/\",\"https:\\\/\\\/www.youtube.com\\\/channel\\\/UCua4Qvz8Icb6MYqhoq9xLXw\"]},{\"@type\":\"Person\",\"@id\":\"https:\\\/\\\/informelitoral.com.ar\\\/#\\\/schema\\\/person\\\/b9d00407c836482871ef1d57bf8e3180\",\"name\":\"Gonzalo Schmidt\",\"image\":{\"@type\":\"ImageObject\",\"inLanguage\":\"es\",\"@id\":\"https:\\\/\\\/secure.gravatar.com\\\/avatar\\\/31a1a7b66ff2de83bd0e9fd79d026630d2d99e55e8bfe501287647b4fd9743de?s=96&d=mm&r=g\",\"url\":\"https:\\\/\\\/secure.gravatar.com\\\/avatar\\\/31a1a7b66ff2de83bd0e9fd79d026630d2d99e55e8bfe501287647b4fd9743de?s=96&d=mm&r=g\",\"contentUrl\":\"https:\\\/\\\/secure.gravatar.com\\\/avatar\\\/31a1a7b66ff2de83bd0e9fd79d026630d2d99e55e8bfe501287647b4fd9743de?s=96&d=mm&r=g\",\"caption\":\"Gonzalo Schmidt\"},\"description\":\"Sitio web de noticias de la provincia de Entre R\u00edos, Argentina. Informaci\u00f3n y entretenimiento. Informe Litoral, nos informamos.\",\"sameAs\":[\"http:\\\/\\\/www.isletasnoticias.com.ar\"],\"url\":\"https:\\\/\\\/informelitoral.com.ar\\\/author\\\/gonzalo\\\/\"}]}<\/script>","yoast_head_json":{"title":"Est\u00e1 en marcha el Ram\u00edrez Festeja 2021: habr\u00e1 m\u00fasica en vivo y feria de emprendedores - Informe Litoral","robots":{"index":"index","follow":"follow","max-snippet":"max-snippet:-1","max-image-preview":"max-image-preview:large","max-video-preview":"max-video-preview:-1"},"canonical":"https:\/\/informelitoral.com.ar\/esta-en-marcha-el-ramirez-festeja-2021-habra-musica-en-vivo-y-feria-de-emprendedores\/","og_locale":"es_ES","og_type":"article","og_title":"Est\u00e1 en marcha el Ram\u00edrez Festeja 2021: habr\u00e1 m\u00fasica en vivo y feria de emprendedores - Informe Litoral","og_description":"La ciudad de General Ram\u00edrez se prepara para celebrar su 133\u00ba aniversario. Adem\u00e1s del acto oficial, se ofrece una semana de variadas actividades para toda la familia. Los detalles en esta nota.","og_url":"https:\/\/informelitoral.com.ar\/esta-en-marcha-el-ramirez-festeja-2021-habra-musica-en-vivo-y-feria-de-emprendedores\/","og_site_name":"Informe Litoral","article_publisher":"https:\/\/www.facebook.com\/informelitoral\/","article_published_time":"2021-03-09T21:12:41+00:00","article_modified_time":"2021-03-09T21:31:24+00:00","og_image":[{"width":800,"height":450,"url":"https:\/\/informelitoral.com.ar\/%77%70%2d%63%6f%6e%74%65%6e%74\/uploads\/2021\/03\/o_1553259570.jpg","type":"image\/jpeg"}],"author":"Gonzalo Schmidt","twitter_card":"summary_large_image","twitter_creator":"@InformeLitoral","twitter_site":"@InformeLitoral","twitter_misc":{"Escrito por":"Gonzalo Schmidt","Tiempo de lectura":"2 minutos"},"schema":{"@context":"https:\/\/schema.org","@graph":[{"@type":"Article","@id":"https:\/\/informelitoral.com.ar\/esta-en-marcha-el-ramirez-festeja-2021-habra-musica-en-vivo-y-feria-de-emprendedores\/#article","isPartOf":{"@id":"https:\/\/informelitoral.com.ar\/esta-en-marcha-el-ramirez-festeja-2021-habra-musica-en-vivo-y-feria-de-emprendedores\/"},"author":{"name":"Gonzalo Schmidt","@id":"https:\/\/informelitoral.com.ar\/#\/schema\/person\/b9d00407c836482871ef1d57bf8e3180"},"headline":"Est\u00e1 en marcha el Ram\u00edrez Festeja 2021: habr\u00e1 m\u00fasica en vivo y feria de emprendedores","datePublished":"2021-03-09T21:12:41+00:00","dateModified":"2021-03-09T21:31:24+00:00","mainEntityOfPage":{"@id":"https:\/\/informelitoral.com.ar\/esta-en-marcha-el-ramirez-festeja-2021-habra-musica-en-vivo-y-feria-de-emprendedores\/"},"wordCount":492,"commentCount":0,"publisher":{"@id":"https:\/\/informelitoral.com.ar\/#organization"},"image":{"@id":"https:\/\/informelitoral.com.ar\/esta-en-marcha-el-ramirez-festeja-2021-habra-musica-en-vivo-y-feria-de-emprendedores\/#primaryimage"},"thumbnailUrl":"https:\/\/informelitoral.com.ar\/%77%70%2d%63%6f%6e%74%65%6e%74\/uploads\/2021\/03\/o_1553259570.jpg","keywords":["General Ram\u00edrez","Municipales","Municipalidad de General Ram\u00edrez","Ram\u00edrez","Ram\u00edrez Festeja"],"articleSection":["Departamento Diamante"],"inLanguage":"es","potentialAction":[{"@type":"CommentAction","name":"Comment","target":["https:\/\/informelitoral.com.ar\/esta-en-marcha-el-ramirez-festeja-2021-habra-musica-en-vivo-y-feria-de-emprendedores\/#respond"]}]},{"@type":"WebPage","@id":"https:\/\/informelitoral.com.ar\/esta-en-marcha-el-ramirez-festeja-2021-habra-musica-en-vivo-y-feria-de-emprendedores\/","url":"https:\/\/informelitoral.com.ar\/esta-en-marcha-el-ramirez-festeja-2021-habra-musica-en-vivo-y-feria-de-emprendedores\/","name":"Est\u00e1 en marcha el Ram\u00edrez Festeja 2021: habr\u00e1 m\u00fasica en vivo y feria de emprendedores - Informe Litoral","isPartOf":{"@id":"https:\/\/informelitoral.com.ar\/#website"},"primaryImageOfPage":{"@id":"https:\/\/informelitoral.com.ar\/esta-en-marcha-el-ramirez-festeja-2021-habra-musica-en-vivo-y-feria-de-emprendedores\/#primaryimage"},"image":{"@id":"https:\/\/informelitoral.com.ar\/esta-en-marcha-el-ramirez-festeja-2021-habra-musica-en-vivo-y-feria-de-emprendedores\/#primaryimage"},"thumbnailUrl":"https:\/\/informelitoral.com.ar\/%77%70%2d%63%6f%6e%74%65%6e%74\/uploads\/2021\/03\/o_1553259570.jpg","datePublished":"2021-03-09T21:12:41+00:00","dateModified":"2021-03-09T21:31:24+00:00","breadcrumb":{"@id":"https:\/\/informelitoral.com.ar\/esta-en-marcha-el-ramirez-festeja-2021-habra-musica-en-vivo-y-feria-de-emprendedores\/#breadcrumb"},"inLanguage":"es","potentialAction":[{"@type":"ReadAction","target":["https:\/\/informelitoral.com.ar\/esta-en-marcha-el-ramirez-festeja-2021-habra-musica-en-vivo-y-feria-de-emprendedores\/"]}]},{"@type":"ImageObject","inLanguage":"es","@id":"https:\/\/informelitoral.com.ar\/esta-en-marcha-el-ramirez-festeja-2021-habra-musica-en-vivo-y-feria-de-emprendedores\/#primaryimage","url":"https:\/\/informelitoral.com.ar\/%77%70%2d%63%6f%6e%74%65%6e%74\/uploads\/2021\/03\/o_1553259570.jpg","contentUrl":"https:\/\/informelitoral.com.ar\/%77%70%2d%63%6f%6e%74%65%6e%74\/uploads\/2021\/03\/o_1553259570.jpg","width":800,"height":450},{"@type":"BreadcrumbList","@id":"https:\/\/informelitoral.com.ar\/esta-en-marcha-el-ramirez-festeja-2021-habra-musica-en-vivo-y-feria-de-emprendedores\/#breadcrumb","itemListElement":[{"@type":"ListItem","position":1,"name":"Portada","item":"https:\/\/informelitoral.com.ar\/"},{"@type":"ListItem","position":2,"name":"Est\u00e1 en marcha el Ram\u00edrez Festeja 2021: habr\u00e1 m\u00fasica en vivo y feria de emprendedores"}]},{"@type":"WebSite","@id":"https:\/\/informelitoral.com.ar\/#website","url":"https:\/\/informelitoral.com.ar\/","name":"Informe Litoral","description":"&quot;Nos informamos&quot; ","publisher":{"@id":"https:\/\/informelitoral.com.ar\/#organization"},"potentialAction":[{"@type":"SearchAction","target":{"@type":"EntryPoint","urlTemplate":"https:\/\/informelitoral.com.ar\/?s={search_term_string}"},"query-input":{"@type":"PropertyValueSpecification","valueRequired":true,"valueName":"search_term_string"}}],"inLanguage":"es"},{"@type":"Organization","@id":"https:\/\/informelitoral.com.ar\/#organization","name":"Informe Litoral","url":"https:\/\/informelitoral.com.ar\/","logo":{"@type":"ImageObject","inLanguage":"es","@id":"https:\/\/informelitoral.com.ar\/#\/schema\/logo\/image\/","url":"https:\/\/informelitoral.com.ar\/%77%70%2d%63%6f%6e%74%65%6e%74\/uploads\/2021\/01\/circulo.png","contentUrl":"https:\/\/informelitoral.com.ar\/%77%70%2d%63%6f%6e%74%65%6e%74\/uploads\/2021\/01\/circulo.png","width":723,"height":731,"caption":"Informe Litoral"},"image":{"@id":"https:\/\/informelitoral.com.ar\/#\/schema\/logo\/image\/"},"sameAs":["https:\/\/www.facebook.com\/informelitoral\/","https:\/\/x.com\/InformeLitoral","https:\/\/www.instagram.com\/informelitoral\/","https:\/\/www.youtube.com\/channel\/UCua4Qvz8Icb6MYqhoq9xLXw"]},{"@type":"Person","@id":"https:\/\/informelitoral.com.ar\/#\/schema\/person\/b9d00407c836482871ef1d57bf8e3180","name":"Gonzalo Schmidt","image":{"@type":"ImageObject","inLanguage":"es","@id":"https:\/\/secure.gravatar.com\/avatar\/31a1a7b66ff2de83bd0e9fd79d026630d2d99e55e8bfe501287647b4fd9743de?s=96&d=mm&r=g","url":"https:\/\/secure.gravatar.com\/avatar\/31a1a7b66ff2de83bd0e9fd79d026630d2d99e55e8bfe501287647b4fd9743de?s=96&d=mm&r=g","contentUrl":"https:\/\/secure.gravatar.com\/avatar\/31a1a7b66ff2de83bd0e9fd79d026630d2d99e55e8bfe501287647b4fd9743de?s=96&d=mm&r=g","caption":"Gonzalo Schmidt"},"description":"Sitio web de noticias de la provincia de Entre R\u00edos, Argentina. Informaci\u00f3n y entretenimiento. Informe Litoral, nos informamos.","sameAs":["http:\/\/www.isletasnoticias.com.ar"],"url":"https:\/\/informelitoral.com.ar\/author\/gonzalo\/"}]}},"_links":{"self":[{"href":"https:\/\/informelitoral.com.ar\/%77%70%2d%6a%73%6f%6e\/wp\/v2\/posts\/57532","targetHints":{"allow":["GET"]}}],"collection":[{"href":"https:\/\/informelitoral.com.ar\/%77%70%2d%6a%73%6f%6e\/wp\/v2\/posts"}],"about":[{"href":"https:\/\/informelitoral.com.ar\/%77%70%2d%6a%73%6f%6e\/wp\/v2\/types\/post"}],"author":[{"embeddable":true,"href":"https:\/\/informelitoral.com.ar\/%77%70%2d%6a%73%6f%6e\/wp\/v2\/users\/2"}],"replies":[{"embeddable":true,"href":"https:\/\/informelitoral.com.ar\/%77%70%2d%6a%73%6f%6e\/wp\/v2\/comments?post=57532"}],"version-history":[{"count":0,"href":"https:\/\/informelitoral.com.ar\/%77%70%2d%6a%73%6f%6e\/wp\/v2\/posts\/57532\/revisions"}],"wp:featuredmedia":[{"embeddable":true,"href":"https:\/\/informelitoral.com.ar\/%77%70%2d%6a%73%6f%6e\/wp\/v2\/media\/57550"}],"wp:attachment":[{"href":"https:\/\/informelitoral.com.ar\/%77%70%2d%6a%73%6f%6e\/wp\/v2\/media?parent=57532"}],"wp:term":[{"taxonomy":"category","embeddable":true,"href":"https:\/\/informelitoral.com.ar\/%77%70%2d%6a%73%6f%6e\/wp\/v2\/categories?post=57532"},{"taxonomy":"post_tag","embeddable":true,"href":"https:\/\/informelitoral.com.ar\/%77%70%2d%6a%73%6f%6e\/wp\/v2\/tags?post=57532"}],"curies":[{"name":"wp","href":"https:\/\/api.w.org\/{rel}","templated":true}]}}