{"id":57500,"date":"2021-03-09T07:39:56","date_gmt":"2021-03-09T10:39:56","guid":{"rendered":"https:\/\/www.informelitoral.com.ar\/?p=57500"},"modified":"2021-03-09T07:39:56","modified_gmt":"2021-03-09T10:39:56","slug":"entre-rios-integra-el-acuerdo-federal-contra-la-violencia-de-genero","status":"publish","type":"post","link":"https:\/\/informelitoral.com.ar\/entre-rios-integra-el-acuerdo-federal-contra-la-violencia-de-genero\/","title":{"rendered":"Entre R\u00edos integra el acuerdo federal contra la violencia de g\u00e9nero"},"content":{"rendered":"<p>\u201cLa convocatoria del presidente Alberto Fern\u00e1ndez refleja un compromiso claro con la sociedad ante uno de los reclamos m\u00e1s importantes que atravesamos en este tiempo: poner fin a la violencia y la discriminaci\u00f3n que sufren las mujeres\u201d, sostuvo Bordet luego del acto que se desarroll\u00f3 en el Museo del Bicentenario. Tambi\u00e9n participaron la Ministra de Mujeres, G\u00e9nero y Diversidad, Elizabeth G\u00f3mez Alcorta y el Ministro del Interior, Eduardo \u201cWado\u201d De Pedro.<\/p>\n<p>El mandatario entrerriano expres\u00f3 adem\u00e1s que el acuerdo surge de \u201cuna escucha profunda de la sociedad y en especial del movimiento feminista\u201d, y que se trata de \u201cuna pol\u00edtica concertada que nos requiere a todos los actores de la sociedad, no s\u00f3lo al Estado, pensando y actuando para el bienestar de las pr\u00f3ximas generaciones\u201d.<\/p>\n<p>Por \u00faltimo, el mandatario valor\u00f3 los \u201cpasos que logramos dar en Entre R\u00edos\u201d, entre los que mencion\u00f3 \u201cla jerarquizaci\u00f3n de las pol\u00edticas de g\u00e9nero\u201d, entre las que mencion\u00f3 la sanci\u00f3n de la Ley de Paridad que \u201cviene a reivindicar el rol de las mujeres en la vida social y pol\u00edtica de la sociedad entrerriana\u201d, y el env\u00edo a la Legislatura del proyecto ley de Protecci\u00f3n, Asistencia y Prevenci\u00f3n de la Violencia por Razones de G\u00e9nero que \u201cpermitir\u00e1 actualizar la legislaci\u00f3n vigente para brindar respuestas acertadas y eficaces ante casos de violencia\u201d.<\/p>\n<p><b>Un acuerdo federal<\/b><\/p>\n<p>El documento suscripto este mediod\u00eda por el gobierno nacional y las provincias establece un \u201ccompromiso con el fin de generar un gran acuerdo federal que permita construir una Argentina Unida contra las violencias por motivos de g\u00e9nero\u201d.<\/p>\n<p>\u201cEl objetivo es crear una respuesta contundente y coordinada a trav\u00e9s de la implementaci\u00f3n de pol\u00edticas p\u00fablicas integrales y eficaces a nivel nacional, provincial y municipal\u201d, sostiene el texto que apunta a \u201cpriorizar en nuestras agendas p\u00fablicas y pol\u00edticas todas las acciones necesarias dirigidas a erradicar las violencias de g\u00e9nero\u201d. Para ello, \u201cel primer camino es el fortalecimiento de las \u00e1reas de g\u00e9nero encargadas de abordar esta problem\u00e1tica en cada territorio\u201d.<\/p>\n<p>Asimismo, \u201cpara lograr la transformaci\u00f3n cultural que se requiere, necesitamos avanzar fundamentalmente en pol\u00edticas de prevenci\u00f3n de las violencias\u201d, explica el acuerdo que llama a articular las acciones \u201centre las distintas agencias estatales y con las organizaciones sociales, comunitarias y de la sociedad civil\u201d. \u201cEl cambio necesario es imposible sin la fuerza del Estado, pero con acciones estatales solamente no alcanza\u201d, resalta.<\/p>\n<p>Adem\u00e1s, las autoridades firmantes coinciden que \u201cante la urgencia y ante la violencia consumada, necesitamos garantizar los dispositivos y herramientas adecuadas para una asistencia integral para todas las personas que atraviesan esa situaci\u00f3n. Asistencia y protecci\u00f3n inmediata en casos de alto riesgo\u201d, y a \u201cponer todo nuestro esfuerzo para coordinar pol\u00edticas, equipos de trabajo y recursos para que cada mujer que necesite ayuda, encuentre un Estado presente y cercano: nacional, provincial o municipal\u201d.<\/p>\n<p>\u201cEstos esfuerzos deben sumarse a los que los poderes judiciales indefectiblemente deben llevar adelante, transformando aquellas estructuras y pr\u00e1cticas deficitarias para estar a la altura de lo que la sociedad les exige\u201d, contin\u00faa el texto suscripto.<\/p>\n<p>Entre los puntos que explicita el acuerdo que firmaron el gobierno nacional y los gobernadores constan:<\/p>\n<p>1. Integrar el Consejo Federal para la prevenci\u00f3n y el abordaje de femicidios, travesticidios y transfemicidios creado por Decreto N\u00b0 123\/2021;<\/p>\n<p>2. adherir al Sistema \u00danico de Registro de denuncias por violencia de g\u00e9nero (URGE) creado por el Ministerio de Seguridad de la Naci\u00f3n;<\/p>\n<p>3. adherir al Sistema Integrado de casos de violencia por motivos de g\u00e9nero (SICVG) creado por Resoluci\u00f3n del Ministerio De Las Mujeres, G\u00e9neros Y Diversidad N\u00b0 48\/21;<\/p>\n<p>4. promover que el Poder Judicial de cada provincia avance con las transformaciones necesarias para la incorporaci\u00f3n de la perspectiva de g\u00e9nero a su funcionamiento, realice las capacitaciones que corresponda para actualizar sus pr\u00e1cticas y que, en particular, establezca mecanismos y circuitos de trabajo que aseguren una r\u00e1pida, coordinada y especializada gesti\u00f3n de los casos de violencias por motivos de g\u00e9nero;<\/p>\n<p>5. fortalecer las \u00e1reas de g\u00e9nero provinciales y promover el fortalecimiento de las \u00e1reas de g\u00e9nero municipales responsables de la asistencia y protecci\u00f3n integral a las personas en situaci\u00f3n de violencia por motivos de g\u00e9nero; y mejorar los mecanismos de coordinaci\u00f3n y criterios de actuaci\u00f3n conjunta entre la provincia y los municipios, en especial en casos de alto riesgo;<\/p>\n<p>6. fortalecer los espacios de formaci\u00f3n y capacitaci\u00f3n en perspectiva de g\u00e9nero para las fuerzas policiales y generar mecanismos que faciliten la realizaci\u00f3n de denuncias administrativas ante casos de violencias por motivos de g\u00e9nero que involucren a miembros de las fuerzas de seguridad, a arbitrar todos los medios necesarios para la protecci\u00f3n de las personas en situaci\u00f3n de violencia por motivos de g\u00e9nero en dichos casos y a adherir a los procedimientos y modalidades de restricci\u00f3n del uso de armas de fuego de dotaci\u00f3n al personal de las fuerzas policiales y de seguridad;<\/p>\n<p>7. garantizar que en los establecimientos de salud se cuente con equipos interdisciplinarios que aseguren un adecuado abordaje de los casos de violencia por motivos de g\u00e9nero, incluyendo el registro de las intervenciones sanitarias vinculadas a estas situaciones, en articulaci\u00f3n con los organismos competentes en la materia;<\/p>\n<p>8. coordinar y trabajar de manera conjunta con el Ministerio de las Mujeres, G\u00e9neros y Diversidad de la Naci\u00f3n, articulando recursos, pol\u00edticas y acciones en el marco del Plan Nacional de Acci\u00f3n contra la violencia por motivos de g\u00e9nero 2020-2022.<\/p>\n","protected":false},"excerpt":{"rendered":"<p>El gobernador Gustavo Bordet suscribi\u00f3 el acuerdo federal Argentina Unida Contra la Violencia de G\u00e9nero. Se prev\u00e9 fortalecer e integrar las pol\u00edticas nacional, provincial y municipales para erradicar la violencia.<\/p>\n","protected":false},"author":2,"featured_media":57501,"comment_status":"open","ping_status":"open","sticky":false,"template":"","format":"standard","meta":{"fifu_image_url":"","fifu_image_alt":"","footnotes":""},"categories":[16],"tags":[167,126],"class_list":{"0":"post-57500","1":"post","2":"type-post","3":"status-publish","4":"format-standard","5":"has-post-thumbnail","7":"category-politi","8":"tag-gustavo-bordet","9":"tag-violencia-de-genero"},"yoast_head":"<title>Entre R\u00edos integra el acuerdo federal contra la violencia de g\u00e9nero - Informe Litoral<\/title>\n<meta name=\"robots\" content=\"index, follow, max-snippet:-1, max-image-preview:large, max-video-preview:-1\" \/>\n<link rel=\"canonical\" href=\"https:\/\/informelitoral.com.ar\/entre-rios-integra-el-acuerdo-federal-contra-la-violencia-de-genero\/\" \/>\n<meta property=\"og:locale\" content=\"es_ES\" \/>\n<meta property=\"og:type\" content=\"article\" \/>\n<meta property=\"og:title\" content=\"Entre R\u00edos integra el acuerdo federal contra la violencia de g\u00e9nero - Informe Litoral\" \/>\n<meta property=\"og:description\" content=\"El gobernador Gustavo Bordet suscribi\u00f3 el acuerdo federal Argentina Unida Contra la Violencia de G\u00e9nero. Se prev\u00e9 fortalecer e integrar las pol\u00edticas nacional, provincial y municipales para erradicar la violencia.\" \/>\n<meta property=\"og:url\" content=\"https:\/\/informelitoral.com.ar\/entre-rios-integra-el-acuerdo-federal-contra-la-violencia-de-genero\/\" \/>\n<meta property=\"og:site_name\" content=\"Informe Litoral\" \/>\n<meta property=\"article:publisher\" content=\"https:\/\/www.facebook.com\/informelitoral\/\" \/>\n<meta property=\"article:published_time\" content=\"2021-03-09T10:39:56+00:00\" \/>\n<meta property=\"og:image\" content=\"https:\/\/informelitoral.com.ar\/%77%70%2d%63%6f%6e%74%65%6e%74\/uploads\/2021\/03\/1615231228jpg.jpg\" \/>\n\t<meta property=\"og:image:width\" content=\"1920\" \/>\n\t<meta property=\"og:image:height\" content=\"1280\" \/>\n\t<meta property=\"og:image:type\" content=\"image\/jpeg\" \/>\n<meta name=\"author\" content=\"Gonzalo Schmidt\" \/>\n<meta name=\"twitter:card\" content=\"summary_large_image\" \/>\n<meta name=\"twitter:creator\" content=\"@InformeLitoral\" \/>\n<meta name=\"twitter:site\" content=\"@InformeLitoral\" \/>\n<meta name=\"twitter:label1\" content=\"Escrito por\" \/>\n\t<meta name=\"twitter:data1\" content=\"Gonzalo Schmidt\" \/>\n\t<meta name=\"twitter:label2\" content=\"Tiempo de lectura\" \/>\n\t<meta name=\"twitter:data2\" content=\"5 minutos\" \/>\n<script type=\"application\/ld+json\" class=\"yoast-schema-graph\">{\"@context\":\"https:\\\/\\\/schema.org\",\"@graph\":[{\"@type\":\"Article\",\"@id\":\"https:\\\/\\\/informelitoral.com.ar\\\/entre-rios-integra-el-acuerdo-federal-contra-la-violencia-de-genero\\\/#article\",\"isPartOf\":{\"@id\":\"https:\\\/\\\/informelitoral.com.ar\\\/entre-rios-integra-el-acuerdo-federal-contra-la-violencia-de-genero\\\/\"},\"author\":{\"name\":\"Gonzalo Schmidt\",\"@id\":\"https:\\\/\\\/informelitoral.com.ar\\\/#\\\/schema\\\/person\\\/b9d00407c836482871ef1d57bf8e3180\"},\"headline\":\"Entre R\u00edos integra el acuerdo federal contra la violencia de g\u00e9nero\",\"datePublished\":\"2021-03-09T10:39:56+00:00\",\"mainEntityOfPage\":{\"@id\":\"https:\\\/\\\/informelitoral.com.ar\\\/entre-rios-integra-el-acuerdo-federal-contra-la-violencia-de-genero\\\/\"},\"wordCount\":965,\"commentCount\":0,\"publisher\":{\"@id\":\"https:\\\/\\\/informelitoral.com.ar\\\/#organization\"},\"image\":{\"@id\":\"https:\\\/\\\/informelitoral.com.ar\\\/entre-rios-integra-el-acuerdo-federal-contra-la-violencia-de-genero\\\/#primaryimage\"},\"thumbnailUrl\":\"https:\\\/\\\/informelitoral.com.ar\\\/%77%70%2d%63%6f%6e%74%65%6e%74\\\/uploads\\\/2021\\\/03\\\/1615231228jpg.jpg\",\"keywords\":[\"Gustavo Bordet\",\"Violencia de g\u00e9nero\"],\"articleSection\":[\"Politica\"],\"inLanguage\":\"es\",\"potentialAction\":[{\"@type\":\"CommentAction\",\"name\":\"Comment\",\"target\":[\"https:\\\/\\\/informelitoral.com.ar\\\/entre-rios-integra-el-acuerdo-federal-contra-la-violencia-de-genero\\\/#respond\"]}]},{\"@type\":\"WebPage\",\"@id\":\"https:\\\/\\\/informelitoral.com.ar\\\/entre-rios-integra-el-acuerdo-federal-contra-la-violencia-de-genero\\\/\",\"url\":\"https:\\\/\\\/informelitoral.com.ar\\\/entre-rios-integra-el-acuerdo-federal-contra-la-violencia-de-genero\\\/\",\"name\":\"Entre R\u00edos integra el acuerdo federal contra la violencia de g\u00e9nero - Informe Litoral\",\"isPartOf\":{\"@id\":\"https:\\\/\\\/informelitoral.com.ar\\\/#website\"},\"primaryImageOfPage\":{\"@id\":\"https:\\\/\\\/informelitoral.com.ar\\\/entre-rios-integra-el-acuerdo-federal-contra-la-violencia-de-genero\\\/#primaryimage\"},\"image\":{\"@id\":\"https:\\\/\\\/informelitoral.com.ar\\\/entre-rios-integra-el-acuerdo-federal-contra-la-violencia-de-genero\\\/#primaryimage\"},\"thumbnailUrl\":\"https:\\\/\\\/informelitoral.com.ar\\\/%77%70%2d%63%6f%6e%74%65%6e%74\\\/uploads\\\/2021\\\/03\\\/1615231228jpg.jpg\",\"datePublished\":\"2021-03-09T10:39:56+00:00\",\"breadcrumb\":{\"@id\":\"https:\\\/\\\/informelitoral.com.ar\\\/entre-rios-integra-el-acuerdo-federal-contra-la-violencia-de-genero\\\/#breadcrumb\"},\"inLanguage\":\"es\",\"potentialAction\":[{\"@type\":\"ReadAction\",\"target\":[\"https:\\\/\\\/informelitoral.com.ar\\\/entre-rios-integra-el-acuerdo-federal-contra-la-violencia-de-genero\\\/\"]}]},{\"@type\":\"ImageObject\",\"inLanguage\":\"es\",\"@id\":\"https:\\\/\\\/informelitoral.com.ar\\\/entre-rios-integra-el-acuerdo-federal-contra-la-violencia-de-genero\\\/#primaryimage\",\"url\":\"https:\\\/\\\/informelitoral.com.ar\\\/%77%70%2d%63%6f%6e%74%65%6e%74\\\/uploads\\\/2021\\\/03\\\/1615231228jpg.jpg\",\"contentUrl\":\"https:\\\/\\\/informelitoral.com.ar\\\/%77%70%2d%63%6f%6e%74%65%6e%74\\\/uploads\\\/2021\\\/03\\\/1615231228jpg.jpg\",\"width\":1920,\"height\":1280},{\"@type\":\"BreadcrumbList\",\"@id\":\"https:\\\/\\\/informelitoral.com.ar\\\/entre-rios-integra-el-acuerdo-federal-contra-la-violencia-de-genero\\\/#breadcrumb\",\"itemListElement\":[{\"@type\":\"ListItem\",\"position\":1,\"name\":\"Portada\",\"item\":\"https:\\\/\\\/informelitoral.com.ar\\\/\"},{\"@type\":\"ListItem\",\"position\":2,\"name\":\"Entre R\u00edos integra el acuerdo federal contra la violencia de g\u00e9nero\"}]},{\"@type\":\"WebSite\",\"@id\":\"https:\\\/\\\/informelitoral.com.ar\\\/#website\",\"url\":\"https:\\\/\\\/informelitoral.com.ar\\\/\",\"name\":\"Informe Litoral\",\"description\":\"&quot;Nos informamos&quot; \",\"publisher\":{\"@id\":\"https:\\\/\\\/informelitoral.com.ar\\\/#organization\"},\"potentialAction\":[{\"@type\":\"SearchAction\",\"target\":{\"@type\":\"EntryPoint\",\"urlTemplate\":\"https:\\\/\\\/informelitoral.com.ar\\\/?s={search_term_string}\"},\"query-input\":{\"@type\":\"PropertyValueSpecification\",\"valueRequired\":true,\"valueName\":\"search_term_string\"}}],\"inLanguage\":\"es\"},{\"@type\":\"Organization\",\"@id\":\"https:\\\/\\\/informelitoral.com.ar\\\/#organization\",\"name\":\"Informe Litoral\",\"url\":\"https:\\\/\\\/informelitoral.com.ar\\\/\",\"logo\":{\"@type\":\"ImageObject\",\"inLanguage\":\"es\",\"@id\":\"https:\\\/\\\/informelitoral.com.ar\\\/#\\\/schema\\\/logo\\\/image\\\/\",\"url\":\"https:\\\/\\\/informelitoral.com.ar\\\/%77%70%2d%63%6f%6e%74%65%6e%74\\\/uploads\\\/2021\\\/01\\\/circulo.png\",\"contentUrl\":\"https:\\\/\\\/informelitoral.com.ar\\\/%77%70%2d%63%6f%6e%74%65%6e%74\\\/uploads\\\/2021\\\/01\\\/circulo.png\",\"width\":723,\"height\":731,\"caption\":\"Informe Litoral\"},\"image\":{\"@id\":\"https:\\\/\\\/informelitoral.com.ar\\\/#\\\/schema\\\/logo\\\/image\\\/\"},\"sameAs\":[\"https:\\\/\\\/www.facebook.com\\\/informelitoral\\\/\",\"https:\\\/\\\/x.com\\\/InformeLitoral\",\"https:\\\/\\\/www.instagram.com\\\/informelitoral\\\/\",\"https:\\\/\\\/www.youtube.com\\\/channel\\\/UCua4Qvz8Icb6MYqhoq9xLXw\"]},{\"@type\":\"Person\",\"@id\":\"https:\\\/\\\/informelitoral.com.ar\\\/#\\\/schema\\\/person\\\/b9d00407c836482871ef1d57bf8e3180\",\"name\":\"Gonzalo Schmidt\",\"image\":{\"@type\":\"ImageObject\",\"inLanguage\":\"es\",\"@id\":\"https:\\\/\\\/secure.gravatar.com\\\/avatar\\\/31a1a7b66ff2de83bd0e9fd79d026630d2d99e55e8bfe501287647b4fd9743de?s=96&d=mm&r=g\",\"url\":\"https:\\\/\\\/secure.gravatar.com\\\/avatar\\\/31a1a7b66ff2de83bd0e9fd79d026630d2d99e55e8bfe501287647b4fd9743de?s=96&d=mm&r=g\",\"contentUrl\":\"https:\\\/\\\/secure.gravatar.com\\\/avatar\\\/31a1a7b66ff2de83bd0e9fd79d026630d2d99e55e8bfe501287647b4fd9743de?s=96&d=mm&r=g\",\"caption\":\"Gonzalo Schmidt\"},\"description\":\"Sitio web de noticias de la provincia de Entre R\u00edos, Argentina. Informaci\u00f3n y entretenimiento. Informe Litoral, nos informamos.\",\"sameAs\":[\"http:\\\/\\\/www.isletasnoticias.com.ar\"],\"url\":\"https:\\\/\\\/informelitoral.com.ar\\\/author\\\/gonzalo\\\/\"}]}<\/script>","yoast_head_json":{"title":"Entre R\u00edos integra el acuerdo federal contra la violencia de g\u00e9nero - Informe Litoral","robots":{"index":"index","follow":"follow","max-snippet":"max-snippet:-1","max-image-preview":"max-image-preview:large","max-video-preview":"max-video-preview:-1"},"canonical":"https:\/\/informelitoral.com.ar\/entre-rios-integra-el-acuerdo-federal-contra-la-violencia-de-genero\/","og_locale":"es_ES","og_type":"article","og_title":"Entre R\u00edos integra el acuerdo federal contra la violencia de g\u00e9nero - Informe Litoral","og_description":"El gobernador Gustavo Bordet suscribi\u00f3 el acuerdo federal Argentina Unida Contra la Violencia de G\u00e9nero. Se prev\u00e9 fortalecer e integrar las pol\u00edticas nacional, provincial y municipales para erradicar la violencia.","og_url":"https:\/\/informelitoral.com.ar\/entre-rios-integra-el-acuerdo-federal-contra-la-violencia-de-genero\/","og_site_name":"Informe Litoral","article_publisher":"https:\/\/www.facebook.com\/informelitoral\/","article_published_time":"2021-03-09T10:39:56+00:00","og_image":[{"width":1920,"height":1280,"url":"https:\/\/informelitoral.com.ar\/%77%70%2d%63%6f%6e%74%65%6e%74\/uploads\/2021\/03\/1615231228jpg.jpg","type":"image\/jpeg"}],"author":"Gonzalo Schmidt","twitter_card":"summary_large_image","twitter_creator":"@InformeLitoral","twitter_site":"@InformeLitoral","twitter_misc":{"Escrito por":"Gonzalo Schmidt","Tiempo de lectura":"5 minutos"},"schema":{"@context":"https:\/\/schema.org","@graph":[{"@type":"Article","@id":"https:\/\/informelitoral.com.ar\/entre-rios-integra-el-acuerdo-federal-contra-la-violencia-de-genero\/#article","isPartOf":{"@id":"https:\/\/informelitoral.com.ar\/entre-rios-integra-el-acuerdo-federal-contra-la-violencia-de-genero\/"},"author":{"name":"Gonzalo Schmidt","@id":"https:\/\/informelitoral.com.ar\/#\/schema\/person\/b9d00407c836482871ef1d57bf8e3180"},"headline":"Entre R\u00edos integra el acuerdo federal contra la violencia de g\u00e9nero","datePublished":"2021-03-09T10:39:56+00:00","mainEntityOfPage":{"@id":"https:\/\/informelitoral.com.ar\/entre-rios-integra-el-acuerdo-federal-contra-la-violencia-de-genero\/"},"wordCount":965,"commentCount":0,"publisher":{"@id":"https:\/\/informelitoral.com.ar\/#organization"},"image":{"@id":"https:\/\/informelitoral.com.ar\/entre-rios-integra-el-acuerdo-federal-contra-la-violencia-de-genero\/#primaryimage"},"thumbnailUrl":"https:\/\/informelitoral.com.ar\/%77%70%2d%63%6f%6e%74%65%6e%74\/uploads\/2021\/03\/1615231228jpg.jpg","keywords":["Gustavo Bordet","Violencia de g\u00e9nero"],"articleSection":["Politica"],"inLanguage":"es","potentialAction":[{"@type":"CommentAction","name":"Comment","target":["https:\/\/informelitoral.com.ar\/entre-rios-integra-el-acuerdo-federal-contra-la-violencia-de-genero\/#respond"]}]},{"@type":"WebPage","@id":"https:\/\/informelitoral.com.ar\/entre-rios-integra-el-acuerdo-federal-contra-la-violencia-de-genero\/","url":"https:\/\/informelitoral.com.ar\/entre-rios-integra-el-acuerdo-federal-contra-la-violencia-de-genero\/","name":"Entre R\u00edos integra el acuerdo federal contra la violencia de g\u00e9nero - Informe Litoral","isPartOf":{"@id":"https:\/\/informelitoral.com.ar\/#website"},"primaryImageOfPage":{"@id":"https:\/\/informelitoral.com.ar\/entre-rios-integra-el-acuerdo-federal-contra-la-violencia-de-genero\/#primaryimage"},"image":{"@id":"https:\/\/informelitoral.com.ar\/entre-rios-integra-el-acuerdo-federal-contra-la-violencia-de-genero\/#primaryimage"},"thumbnailUrl":"https:\/\/informelitoral.com.ar\/%77%70%2d%63%6f%6e%74%65%6e%74\/uploads\/2021\/03\/1615231228jpg.jpg","datePublished":"2021-03-09T10:39:56+00:00","breadcrumb":{"@id":"https:\/\/informelitoral.com.ar\/entre-rios-integra-el-acuerdo-federal-contra-la-violencia-de-genero\/#breadcrumb"},"inLanguage":"es","potentialAction":[{"@type":"ReadAction","target":["https:\/\/informelitoral.com.ar\/entre-rios-integra-el-acuerdo-federal-contra-la-violencia-de-genero\/"]}]},{"@type":"ImageObject","inLanguage":"es","@id":"https:\/\/informelitoral.com.ar\/entre-rios-integra-el-acuerdo-federal-contra-la-violencia-de-genero\/#primaryimage","url":"https:\/\/informelitoral.com.ar\/%77%70%2d%63%6f%6e%74%65%6e%74\/uploads\/2021\/03\/1615231228jpg.jpg","contentUrl":"https:\/\/informelitoral.com.ar\/%77%70%2d%63%6f%6e%74%65%6e%74\/uploads\/2021\/03\/1615231228jpg.jpg","width":1920,"height":1280},{"@type":"BreadcrumbList","@id":"https:\/\/informelitoral.com.ar\/entre-rios-integra-el-acuerdo-federal-contra-la-violencia-de-genero\/#breadcrumb","itemListElement":[{"@type":"ListItem","position":1,"name":"Portada","item":"https:\/\/informelitoral.com.ar\/"},{"@type":"ListItem","position":2,"name":"Entre R\u00edos integra el acuerdo federal contra la violencia de g\u00e9nero"}]},{"@type":"WebSite","@id":"https:\/\/informelitoral.com.ar\/#website","url":"https:\/\/informelitoral.com.ar\/","name":"Informe Litoral","description":"&quot;Nos informamos&quot; ","publisher":{"@id":"https:\/\/informelitoral.com.ar\/#organization"},"potentialAction":[{"@type":"SearchAction","target":{"@type":"EntryPoint","urlTemplate":"https:\/\/informelitoral.com.ar\/?s={search_term_string}"},"query-input":{"@type":"PropertyValueSpecification","valueRequired":true,"valueName":"search_term_string"}}],"inLanguage":"es"},{"@type":"Organization","@id":"https:\/\/informelitoral.com.ar\/#organization","name":"Informe Litoral","url":"https:\/\/informelitoral.com.ar\/","logo":{"@type":"ImageObject","inLanguage":"es","@id":"https:\/\/informelitoral.com.ar\/#\/schema\/logo\/image\/","url":"https:\/\/informelitoral.com.ar\/%77%70%2d%63%6f%6e%74%65%6e%74\/uploads\/2021\/01\/circulo.png","contentUrl":"https:\/\/informelitoral.com.ar\/%77%70%2d%63%6f%6e%74%65%6e%74\/uploads\/2021\/01\/circulo.png","width":723,"height":731,"caption":"Informe Litoral"},"image":{"@id":"https:\/\/informelitoral.com.ar\/#\/schema\/logo\/image\/"},"sameAs":["https:\/\/www.facebook.com\/informelitoral\/","https:\/\/x.com\/InformeLitoral","https:\/\/www.instagram.com\/informelitoral\/","https:\/\/www.youtube.com\/channel\/UCua4Qvz8Icb6MYqhoq9xLXw"]},{"@type":"Person","@id":"https:\/\/informelitoral.com.ar\/#\/schema\/person\/b9d00407c836482871ef1d57bf8e3180","name":"Gonzalo Schmidt","image":{"@type":"ImageObject","inLanguage":"es","@id":"https:\/\/secure.gravatar.com\/avatar\/31a1a7b66ff2de83bd0e9fd79d026630d2d99e55e8bfe501287647b4fd9743de?s=96&d=mm&r=g","url":"https:\/\/secure.gravatar.com\/avatar\/31a1a7b66ff2de83bd0e9fd79d026630d2d99e55e8bfe501287647b4fd9743de?s=96&d=mm&r=g","contentUrl":"https:\/\/secure.gravatar.com\/avatar\/31a1a7b66ff2de83bd0e9fd79d026630d2d99e55e8bfe501287647b4fd9743de?s=96&d=mm&r=g","caption":"Gonzalo Schmidt"},"description":"Sitio web de noticias de la provincia de Entre R\u00edos, Argentina. Informaci\u00f3n y entretenimiento. Informe Litoral, nos informamos.","sameAs":["http:\/\/www.isletasnoticias.com.ar"],"url":"https:\/\/informelitoral.com.ar\/author\/gonzalo\/"}]}},"_links":{"self":[{"href":"https:\/\/informelitoral.com.ar\/%77%70%2d%6a%73%6f%6e\/wp\/v2\/posts\/57500","targetHints":{"allow":["GET"]}}],"collection":[{"href":"https:\/\/informelitoral.com.ar\/%77%70%2d%6a%73%6f%6e\/wp\/v2\/posts"}],"about":[{"href":"https:\/\/informelitoral.com.ar\/%77%70%2d%6a%73%6f%6e\/wp\/v2\/types\/post"}],"author":[{"embeddable":true,"href":"https:\/\/informelitoral.com.ar\/%77%70%2d%6a%73%6f%6e\/wp\/v2\/users\/2"}],"replies":[{"embeddable":true,"href":"https:\/\/informelitoral.com.ar\/%77%70%2d%6a%73%6f%6e\/wp\/v2\/comments?post=57500"}],"version-history":[{"count":0,"href":"https:\/\/informelitoral.com.ar\/%77%70%2d%6a%73%6f%6e\/wp\/v2\/posts\/57500\/revisions"}],"wp:featuredmedia":[{"embeddable":true,"href":"https:\/\/informelitoral.com.ar\/%77%70%2d%6a%73%6f%6e\/wp\/v2\/media\/57501"}],"wp:attachment":[{"href":"https:\/\/informelitoral.com.ar\/%77%70%2d%6a%73%6f%6e\/wp\/v2\/media?parent=57500"}],"wp:term":[{"taxonomy":"category","embeddable":true,"href":"https:\/\/informelitoral.com.ar\/%77%70%2d%6a%73%6f%6e\/wp\/v2\/categories?post=57500"},{"taxonomy":"post_tag","embeddable":true,"href":"https:\/\/informelitoral.com.ar\/%77%70%2d%6a%73%6f%6e\/wp\/v2\/tags?post=57500"}],"curies":[{"name":"wp","href":"https:\/\/api.w.org\/{rel}","templated":true}]}}