{"id":57493,"date":"2021-03-09T07:28:12","date_gmt":"2021-03-09T10:28:12","guid":{"rendered":"https:\/\/www.informelitoral.com.ar\/?p=57493"},"modified":"2021-03-09T07:28:12","modified_gmt":"2021-03-09T10:28:12","slug":"los-costos-del-transporte-por-ruta-subieron-63-en-febrero-y-son-los-mas-altos-de-los-ultimos-dos-anos","status":"publish","type":"post","link":"https:\/\/informelitoral.com.ar\/los-costos-del-transporte-por-ruta-subieron-63-en-febrero-y-son-los-mas-altos-de-los-ultimos-dos-anos\/","title":{"rendered":"Los costos del transporte por ruta subieron 6,3% en febrero y son los m\u00e1s altos de los \u00faltimos dos a\u00f1os"},"content":{"rendered":"<p>La Federaci\u00f3n Argentina de Entidades Empresarias del Autotransporte de Cargas (<strong>FADEEAC<\/strong>) dio a conocer su \u00edndice de costos que mide mensualmente el aumento que tiene el sector, que\u00a0<strong>para el caso de febrero fue de 6,3%, acumulando en lo que va del a\u00f1o una suba del 11,3%.<\/strong><\/p>\n<p>Cabe destacar que el porcentaje de febrero es al m\u00e1s alto de los \u00faltimos dos a\u00f1os, y seg\u00fan la Federaci\u00f3n \u201c<strong>el alza estuvo fuertemente asociada con el pago del tercer acuerdo paritario rubricado en agosto de 2020<\/strong>\u201c.<\/p>\n<p>De esta manera, en febrero, se destac\u00f3 un aumento del rubro <strong>Personal que subi\u00f3 un 12.6%, reparaciones (4,77%) y gastos Generales (5,69 %).<\/strong><\/p>\n<p>En segundo lugar, el\u00a0<strong>gasoil aument\u00f3 un 4,45%,<\/strong>\u00a0el s\u00e9ptimo ajuste consecutivo desde agosto, tanto en el segmento mayorista como el minorista. Con esta suba, \u201cel aumento promedio de este insumo central para el funcionamiento del sector alcanz\u00f3\u00a0<strong>casi el 40% en los \u00faltimos doce meses, tras haberse incrementado 45,5% en 2019 y 77% en 2018\u2033,<\/strong>\u00a0detall\u00f3 la Federaci\u00f3n.<\/p>\n<p>En los\u00a0<strong>\u00faltimos 12 meses, el aumento acumulado del\u00a0transporte\u00a0de cargas fue del 42%.<\/strong><\/p>\n<p><strong><img loading=\"lazy\" decoding=\"async\" class=\"aligncenter wp-image-57494 size-full\" src=\"https:\/\/www.informelitoral.com.ar\/%77%70%2d%63%6f%6e%74%65%6e%74\/uploads\/2021\/03\/INDICE-DE-COSTOS-FADEEAC-FEBRERO-2021-3-768x768-1.png\" alt=\"\" width=\"768\" height=\"768\" srcset=\"https:\/\/informelitoral.com.ar\/%77%70%2d%63%6f%6e%74%65%6e%74\/uploads\/2021\/03\/INDICE-DE-COSTOS-FADEEAC-FEBRERO-2021-3-768x768-1.png 768w, https:\/\/informelitoral.com.ar\/%77%70%2d%63%6f%6e%74%65%6e%74\/uploads\/2021\/03\/INDICE-DE-COSTOS-FADEEAC-FEBRERO-2021-3-768x768-1-300x300.png 300w, https:\/\/informelitoral.com.ar\/%77%70%2d%63%6f%6e%74%65%6e%74\/uploads\/2021\/03\/INDICE-DE-COSTOS-FADEEAC-FEBRERO-2021-3-768x768-1-150x150.png 150w, https:\/\/informelitoral.com.ar\/%77%70%2d%63%6f%6e%74%65%6e%74\/uploads\/2021\/03\/INDICE-DE-COSTOS-FADEEAC-FEBRERO-2021-3-768x768-1-696x696.png 696w, https:\/\/informelitoral.com.ar\/%77%70%2d%63%6f%6e%74%65%6e%74\/uploads\/2021\/03\/INDICE-DE-COSTOS-FADEEAC-FEBRERO-2021-3-768x768-1-420x420.png 420w\" sizes=\"auto, (max-width: 768px) 100vw, 768px\" \/><\/strong><\/p>\n","protected":false},"excerpt":{"rendered":"<p>Seg\u00fan el \u00edndice de Fadeeac, el aumento acumulado en lo que va de 2021 es del 11,3%.<\/p>\n","protected":false},"author":2,"featured_media":19436,"comment_status":"open","ping_status":"open","sticky":false,"template":"","format":"standard","meta":{"fifu_image_url":"","fifu_image_alt":"","footnotes":""},"categories":[10],"tags":[963],"class_list":{"0":"post-57493","1":"post","2":"type-post","3":"status-publish","4":"format-standard","5":"has-post-thumbnail","7":"category-campo","8":"tag-transportistas"},"yoast_head":"<title>Los costos del transporte por ruta subieron 6,3% en febrero y son los m\u00e1s altos de los \u00faltimos dos a\u00f1os - Informe Litoral<\/title>\n<meta name=\"robots\" content=\"index, follow, max-snippet:-1, max-image-preview:large, max-video-preview:-1\" \/>\n<link rel=\"canonical\" href=\"https:\/\/informelitoral.com.ar\/los-costos-del-transporte-por-ruta-subieron-63-en-febrero-y-son-los-mas-altos-de-los-ultimos-dos-anos\/\" \/>\n<meta property=\"og:locale\" content=\"es_ES\" \/>\n<meta property=\"og:type\" content=\"article\" \/>\n<meta property=\"og:title\" content=\"Los costos del transporte por ruta subieron 6,3% en febrero y son los m\u00e1s altos de los \u00faltimos dos a\u00f1os - Informe Litoral\" \/>\n<meta property=\"og:description\" content=\"Seg\u00fan el \u00edndice de Fadeeac, el aumento acumulado en lo que va de 2021 es del 11,3%.\" \/>\n<meta property=\"og:url\" content=\"https:\/\/informelitoral.com.ar\/los-costos-del-transporte-por-ruta-subieron-63-en-febrero-y-son-los-mas-altos-de-los-ultimos-dos-anos\/\" \/>\n<meta property=\"og:site_name\" content=\"Informe Litoral\" \/>\n<meta property=\"article:publisher\" content=\"https:\/\/www.facebook.com\/informelitoral\/\" \/>\n<meta property=\"article:published_time\" content=\"2021-03-09T10:28:12+00:00\" \/>\n<meta property=\"og:image\" content=\"https:\/\/informelitoral.com.ar\/%77%70%2d%63%6f%6e%74%65%6e%74\/uploads\/2016\/12\/transporte-de-carga-631-280-631-9087.jpg\" \/>\n\t<meta property=\"og:image:width\" content=\"631\" \/>\n\t<meta property=\"og:image:height\" content=\"280\" \/>\n\t<meta property=\"og:image:type\" content=\"image\/jpeg\" \/>\n<meta name=\"author\" content=\"Gonzalo Schmidt\" \/>\n<meta name=\"twitter:card\" content=\"summary_large_image\" \/>\n<meta name=\"twitter:creator\" content=\"@InformeLitoral\" \/>\n<meta name=\"twitter:site\" content=\"@InformeLitoral\" \/>\n<meta name=\"twitter:label1\" content=\"Escrito por\" \/>\n\t<meta name=\"twitter:data1\" content=\"Gonzalo Schmidt\" \/>\n\t<meta name=\"twitter:label2\" content=\"Tiempo de lectura\" \/>\n\t<meta name=\"twitter:data2\" content=\"1 minuto\" \/>\n<script type=\"application\/ld+json\" class=\"yoast-schema-graph\">{\"@context\":\"https:\\\/\\\/schema.org\",\"@graph\":[{\"@type\":\"Article\",\"@id\":\"https:\\\/\\\/informelitoral.com.ar\\\/los-costos-del-transporte-por-ruta-subieron-63-en-febrero-y-son-los-mas-altos-de-los-ultimos-dos-anos\\\/#article\",\"isPartOf\":{\"@id\":\"https:\\\/\\\/informelitoral.com.ar\\\/los-costos-del-transporte-por-ruta-subieron-63-en-febrero-y-son-los-mas-altos-de-los-ultimos-dos-anos\\\/\"},\"author\":{\"name\":\"Gonzalo Schmidt\",\"@id\":\"https:\\\/\\\/informelitoral.com.ar\\\/#\\\/schema\\\/person\\\/b9d00407c836482871ef1d57bf8e3180\"},\"headline\":\"Los costos del transporte por ruta subieron 6,3% en febrero y son los m\u00e1s altos de los \u00faltimos dos a\u00f1os\",\"datePublished\":\"2021-03-09T10:28:12+00:00\",\"mainEntityOfPage\":{\"@id\":\"https:\\\/\\\/informelitoral.com.ar\\\/los-costos-del-transporte-por-ruta-subieron-63-en-febrero-y-son-los-mas-altos-de-los-ultimos-dos-anos\\\/\"},\"wordCount\":195,\"commentCount\":0,\"publisher\":{\"@id\":\"https:\\\/\\\/informelitoral.com.ar\\\/#organization\"},\"image\":{\"@id\":\"https:\\\/\\\/informelitoral.com.ar\\\/los-costos-del-transporte-por-ruta-subieron-63-en-febrero-y-son-los-mas-altos-de-los-ultimos-dos-anos\\\/#primaryimage\"},\"thumbnailUrl\":\"https:\\\/\\\/informelitoral.com.ar\\\/%77%70%2d%63%6f%6e%74%65%6e%74\\\/uploads\\\/2016\\\/12\\\/transporte-de-carga-631-280-631-9087.jpg\",\"keywords\":[\"Transportistas\"],\"articleSection\":[\"Campo\"],\"inLanguage\":\"es\",\"potentialAction\":[{\"@type\":\"CommentAction\",\"name\":\"Comment\",\"target\":[\"https:\\\/\\\/informelitoral.com.ar\\\/los-costos-del-transporte-por-ruta-subieron-63-en-febrero-y-son-los-mas-altos-de-los-ultimos-dos-anos\\\/#respond\"]}]},{\"@type\":\"WebPage\",\"@id\":\"https:\\\/\\\/informelitoral.com.ar\\\/los-costos-del-transporte-por-ruta-subieron-63-en-febrero-y-son-los-mas-altos-de-los-ultimos-dos-anos\\\/\",\"url\":\"https:\\\/\\\/informelitoral.com.ar\\\/los-costos-del-transporte-por-ruta-subieron-63-en-febrero-y-son-los-mas-altos-de-los-ultimos-dos-anos\\\/\",\"name\":\"Los costos del transporte por ruta subieron 6,3% en febrero y son los m\u00e1s altos de los \u00faltimos dos a\u00f1os - Informe Litoral\",\"isPartOf\":{\"@id\":\"https:\\\/\\\/informelitoral.com.ar\\\/#website\"},\"primaryImageOfPage\":{\"@id\":\"https:\\\/\\\/informelitoral.com.ar\\\/los-costos-del-transporte-por-ruta-subieron-63-en-febrero-y-son-los-mas-altos-de-los-ultimos-dos-anos\\\/#primaryimage\"},\"image\":{\"@id\":\"https:\\\/\\\/informelitoral.com.ar\\\/los-costos-del-transporte-por-ruta-subieron-63-en-febrero-y-son-los-mas-altos-de-los-ultimos-dos-anos\\\/#primaryimage\"},\"thumbnailUrl\":\"https:\\\/\\\/informelitoral.com.ar\\\/%77%70%2d%63%6f%6e%74%65%6e%74\\\/uploads\\\/2016\\\/12\\\/transporte-de-carga-631-280-631-9087.jpg\",\"datePublished\":\"2021-03-09T10:28:12+00:00\",\"breadcrumb\":{\"@id\":\"https:\\\/\\\/informelitoral.com.ar\\\/los-costos-del-transporte-por-ruta-subieron-63-en-febrero-y-son-los-mas-altos-de-los-ultimos-dos-anos\\\/#breadcrumb\"},\"inLanguage\":\"es\",\"potentialAction\":[{\"@type\":\"ReadAction\",\"target\":[\"https:\\\/\\\/informelitoral.com.ar\\\/los-costos-del-transporte-por-ruta-subieron-63-en-febrero-y-son-los-mas-altos-de-los-ultimos-dos-anos\\\/\"]}]},{\"@type\":\"ImageObject\",\"inLanguage\":\"es\",\"@id\":\"https:\\\/\\\/informelitoral.com.ar\\\/los-costos-del-transporte-por-ruta-subieron-63-en-febrero-y-son-los-mas-altos-de-los-ultimos-dos-anos\\\/#primaryimage\",\"url\":\"https:\\\/\\\/informelitoral.com.ar\\\/%77%70%2d%63%6f%6e%74%65%6e%74\\\/uploads\\\/2016\\\/12\\\/transporte-de-carga-631-280-631-9087.jpg\",\"contentUrl\":\"https:\\\/\\\/informelitoral.com.ar\\\/%77%70%2d%63%6f%6e%74%65%6e%74\\\/uploads\\\/2016\\\/12\\\/transporte-de-carga-631-280-631-9087.jpg\",\"width\":631,\"height\":280},{\"@type\":\"BreadcrumbList\",\"@id\":\"https:\\\/\\\/informelitoral.com.ar\\\/los-costos-del-transporte-por-ruta-subieron-63-en-febrero-y-son-los-mas-altos-de-los-ultimos-dos-anos\\\/#breadcrumb\",\"itemListElement\":[{\"@type\":\"ListItem\",\"position\":1,\"name\":\"Portada\",\"item\":\"https:\\\/\\\/informelitoral.com.ar\\\/\"},{\"@type\":\"ListItem\",\"position\":2,\"name\":\"Los costos del transporte por ruta subieron 6,3% en febrero y son los m\u00e1s altos de los \u00faltimos dos a\u00f1os\"}]},{\"@type\":\"WebSite\",\"@id\":\"https:\\\/\\\/informelitoral.com.ar\\\/#website\",\"url\":\"https:\\\/\\\/informelitoral.com.ar\\\/\",\"name\":\"Informe Litoral\",\"description\":\"&quot;Nos informamos&quot; \",\"publisher\":{\"@id\":\"https:\\\/\\\/informelitoral.com.ar\\\/#organization\"},\"potentialAction\":[{\"@type\":\"SearchAction\",\"target\":{\"@type\":\"EntryPoint\",\"urlTemplate\":\"https:\\\/\\\/informelitoral.com.ar\\\/?s={search_term_string}\"},\"query-input\":{\"@type\":\"PropertyValueSpecification\",\"valueRequired\":true,\"valueName\":\"search_term_string\"}}],\"inLanguage\":\"es\"},{\"@type\":\"Organization\",\"@id\":\"https:\\\/\\\/informelitoral.com.ar\\\/#organization\",\"name\":\"Informe Litoral\",\"url\":\"https:\\\/\\\/informelitoral.com.ar\\\/\",\"logo\":{\"@type\":\"ImageObject\",\"inLanguage\":\"es\",\"@id\":\"https:\\\/\\\/informelitoral.com.ar\\\/#\\\/schema\\\/logo\\\/image\\\/\",\"url\":\"https:\\\/\\\/informelitoral.com.ar\\\/%77%70%2d%63%6f%6e%74%65%6e%74\\\/uploads\\\/2021\\\/01\\\/circulo.png\",\"contentUrl\":\"https:\\\/\\\/informelitoral.com.ar\\\/%77%70%2d%63%6f%6e%74%65%6e%74\\\/uploads\\\/2021\\\/01\\\/circulo.png\",\"width\":723,\"height\":731,\"caption\":\"Informe Litoral\"},\"image\":{\"@id\":\"https:\\\/\\\/informelitoral.com.ar\\\/#\\\/schema\\\/logo\\\/image\\\/\"},\"sameAs\":[\"https:\\\/\\\/www.facebook.com\\\/informelitoral\\\/\",\"https:\\\/\\\/x.com\\\/InformeLitoral\",\"https:\\\/\\\/www.instagram.com\\\/informelitoral\\\/\",\"https:\\\/\\\/www.youtube.com\\\/channel\\\/UCua4Qvz8Icb6MYqhoq9xLXw\"]},{\"@type\":\"Person\",\"@id\":\"https:\\\/\\\/informelitoral.com.ar\\\/#\\\/schema\\\/person\\\/b9d00407c836482871ef1d57bf8e3180\",\"name\":\"Gonzalo Schmidt\",\"image\":{\"@type\":\"ImageObject\",\"inLanguage\":\"es\",\"@id\":\"https:\\\/\\\/secure.gravatar.com\\\/avatar\\\/31a1a7b66ff2de83bd0e9fd79d026630d2d99e55e8bfe501287647b4fd9743de?s=96&d=mm&r=g\",\"url\":\"https:\\\/\\\/secure.gravatar.com\\\/avatar\\\/31a1a7b66ff2de83bd0e9fd79d026630d2d99e55e8bfe501287647b4fd9743de?s=96&d=mm&r=g\",\"contentUrl\":\"https:\\\/\\\/secure.gravatar.com\\\/avatar\\\/31a1a7b66ff2de83bd0e9fd79d026630d2d99e55e8bfe501287647b4fd9743de?s=96&d=mm&r=g\",\"caption\":\"Gonzalo Schmidt\"},\"description\":\"Sitio web de noticias de la provincia de Entre R\u00edos, Argentina. Informaci\u00f3n y entretenimiento. Informe Litoral, nos informamos.\",\"sameAs\":[\"http:\\\/\\\/www.isletasnoticias.com.ar\"],\"url\":\"https:\\\/\\\/informelitoral.com.ar\\\/author\\\/gonzalo\\\/\"}]}<\/script>","yoast_head_json":{"title":"Los costos del transporte por ruta subieron 6,3% en febrero y son los m\u00e1s altos de los \u00faltimos dos a\u00f1os - Informe Litoral","robots":{"index":"index","follow":"follow","max-snippet":"max-snippet:-1","max-image-preview":"max-image-preview:large","max-video-preview":"max-video-preview:-1"},"canonical":"https:\/\/informelitoral.com.ar\/los-costos-del-transporte-por-ruta-subieron-63-en-febrero-y-son-los-mas-altos-de-los-ultimos-dos-anos\/","og_locale":"es_ES","og_type":"article","og_title":"Los costos del transporte por ruta subieron 6,3% en febrero y son los m\u00e1s altos de los \u00faltimos dos a\u00f1os - Informe Litoral","og_description":"Seg\u00fan el \u00edndice de Fadeeac, el aumento acumulado en lo que va de 2021 es del 11,3%.","og_url":"https:\/\/informelitoral.com.ar\/los-costos-del-transporte-por-ruta-subieron-63-en-febrero-y-son-los-mas-altos-de-los-ultimos-dos-anos\/","og_site_name":"Informe Litoral","article_publisher":"https:\/\/www.facebook.com\/informelitoral\/","article_published_time":"2021-03-09T10:28:12+00:00","og_image":[{"width":631,"height":280,"url":"https:\/\/informelitoral.com.ar\/%77%70%2d%63%6f%6e%74%65%6e%74\/uploads\/2016\/12\/transporte-de-carga-631-280-631-9087.jpg","type":"image\/jpeg"}],"author":"Gonzalo Schmidt","twitter_card":"summary_large_image","twitter_creator":"@InformeLitoral","twitter_site":"@InformeLitoral","twitter_misc":{"Escrito por":"Gonzalo Schmidt","Tiempo de lectura":"1 minuto"},"schema":{"@context":"https:\/\/schema.org","@graph":[{"@type":"Article","@id":"https:\/\/informelitoral.com.ar\/los-costos-del-transporte-por-ruta-subieron-63-en-febrero-y-son-los-mas-altos-de-los-ultimos-dos-anos\/#article","isPartOf":{"@id":"https:\/\/informelitoral.com.ar\/los-costos-del-transporte-por-ruta-subieron-63-en-febrero-y-son-los-mas-altos-de-los-ultimos-dos-anos\/"},"author":{"name":"Gonzalo Schmidt","@id":"https:\/\/informelitoral.com.ar\/#\/schema\/person\/b9d00407c836482871ef1d57bf8e3180"},"headline":"Los costos del transporte por ruta subieron 6,3% en febrero y son los m\u00e1s altos de los \u00faltimos dos a\u00f1os","datePublished":"2021-03-09T10:28:12+00:00","mainEntityOfPage":{"@id":"https:\/\/informelitoral.com.ar\/los-costos-del-transporte-por-ruta-subieron-63-en-febrero-y-son-los-mas-altos-de-los-ultimos-dos-anos\/"},"wordCount":195,"commentCount":0,"publisher":{"@id":"https:\/\/informelitoral.com.ar\/#organization"},"image":{"@id":"https:\/\/informelitoral.com.ar\/los-costos-del-transporte-por-ruta-subieron-63-en-febrero-y-son-los-mas-altos-de-los-ultimos-dos-anos\/#primaryimage"},"thumbnailUrl":"https:\/\/informelitoral.com.ar\/%77%70%2d%63%6f%6e%74%65%6e%74\/uploads\/2016\/12\/transporte-de-carga-631-280-631-9087.jpg","keywords":["Transportistas"],"articleSection":["Campo"],"inLanguage":"es","potentialAction":[{"@type":"CommentAction","name":"Comment","target":["https:\/\/informelitoral.com.ar\/los-costos-del-transporte-por-ruta-subieron-63-en-febrero-y-son-los-mas-altos-de-los-ultimos-dos-anos\/#respond"]}]},{"@type":"WebPage","@id":"https:\/\/informelitoral.com.ar\/los-costos-del-transporte-por-ruta-subieron-63-en-febrero-y-son-los-mas-altos-de-los-ultimos-dos-anos\/","url":"https:\/\/informelitoral.com.ar\/los-costos-del-transporte-por-ruta-subieron-63-en-febrero-y-son-los-mas-altos-de-los-ultimos-dos-anos\/","name":"Los costos del transporte por ruta subieron 6,3% en febrero y son los m\u00e1s altos de los \u00faltimos dos a\u00f1os - Informe Litoral","isPartOf":{"@id":"https:\/\/informelitoral.com.ar\/#website"},"primaryImageOfPage":{"@id":"https:\/\/informelitoral.com.ar\/los-costos-del-transporte-por-ruta-subieron-63-en-febrero-y-son-los-mas-altos-de-los-ultimos-dos-anos\/#primaryimage"},"image":{"@id":"https:\/\/informelitoral.com.ar\/los-costos-del-transporte-por-ruta-subieron-63-en-febrero-y-son-los-mas-altos-de-los-ultimos-dos-anos\/#primaryimage"},"thumbnailUrl":"https:\/\/informelitoral.com.ar\/%77%70%2d%63%6f%6e%74%65%6e%74\/uploads\/2016\/12\/transporte-de-carga-631-280-631-9087.jpg","datePublished":"2021-03-09T10:28:12+00:00","breadcrumb":{"@id":"https:\/\/informelitoral.com.ar\/los-costos-del-transporte-por-ruta-subieron-63-en-febrero-y-son-los-mas-altos-de-los-ultimos-dos-anos\/#breadcrumb"},"inLanguage":"es","potentialAction":[{"@type":"ReadAction","target":["https:\/\/informelitoral.com.ar\/los-costos-del-transporte-por-ruta-subieron-63-en-febrero-y-son-los-mas-altos-de-los-ultimos-dos-anos\/"]}]},{"@type":"ImageObject","inLanguage":"es","@id":"https:\/\/informelitoral.com.ar\/los-costos-del-transporte-por-ruta-subieron-63-en-febrero-y-son-los-mas-altos-de-los-ultimos-dos-anos\/#primaryimage","url":"https:\/\/informelitoral.com.ar\/%77%70%2d%63%6f%6e%74%65%6e%74\/uploads\/2016\/12\/transporte-de-carga-631-280-631-9087.jpg","contentUrl":"https:\/\/informelitoral.com.ar\/%77%70%2d%63%6f%6e%74%65%6e%74\/uploads\/2016\/12\/transporte-de-carga-631-280-631-9087.jpg","width":631,"height":280},{"@type":"BreadcrumbList","@id":"https:\/\/informelitoral.com.ar\/los-costos-del-transporte-por-ruta-subieron-63-en-febrero-y-son-los-mas-altos-de-los-ultimos-dos-anos\/#breadcrumb","itemListElement":[{"@type":"ListItem","position":1,"name":"Portada","item":"https:\/\/informelitoral.com.ar\/"},{"@type":"ListItem","position":2,"name":"Los costos del transporte por ruta subieron 6,3% en febrero y son los m\u00e1s altos de los \u00faltimos dos a\u00f1os"}]},{"@type":"WebSite","@id":"https:\/\/informelitoral.com.ar\/#website","url":"https:\/\/informelitoral.com.ar\/","name":"Informe Litoral","description":"&quot;Nos informamos&quot; ","publisher":{"@id":"https:\/\/informelitoral.com.ar\/#organization"},"potentialAction":[{"@type":"SearchAction","target":{"@type":"EntryPoint","urlTemplate":"https:\/\/informelitoral.com.ar\/?s={search_term_string}"},"query-input":{"@type":"PropertyValueSpecification","valueRequired":true,"valueName":"search_term_string"}}],"inLanguage":"es"},{"@type":"Organization","@id":"https:\/\/informelitoral.com.ar\/#organization","name":"Informe Litoral","url":"https:\/\/informelitoral.com.ar\/","logo":{"@type":"ImageObject","inLanguage":"es","@id":"https:\/\/informelitoral.com.ar\/#\/schema\/logo\/image\/","url":"https:\/\/informelitoral.com.ar\/%77%70%2d%63%6f%6e%74%65%6e%74\/uploads\/2021\/01\/circulo.png","contentUrl":"https:\/\/informelitoral.com.ar\/%77%70%2d%63%6f%6e%74%65%6e%74\/uploads\/2021\/01\/circulo.png","width":723,"height":731,"caption":"Informe Litoral"},"image":{"@id":"https:\/\/informelitoral.com.ar\/#\/schema\/logo\/image\/"},"sameAs":["https:\/\/www.facebook.com\/informelitoral\/","https:\/\/x.com\/InformeLitoral","https:\/\/www.instagram.com\/informelitoral\/","https:\/\/www.youtube.com\/channel\/UCua4Qvz8Icb6MYqhoq9xLXw"]},{"@type":"Person","@id":"https:\/\/informelitoral.com.ar\/#\/schema\/person\/b9d00407c836482871ef1d57bf8e3180","name":"Gonzalo Schmidt","image":{"@type":"ImageObject","inLanguage":"es","@id":"https:\/\/secure.gravatar.com\/avatar\/31a1a7b66ff2de83bd0e9fd79d026630d2d99e55e8bfe501287647b4fd9743de?s=96&d=mm&r=g","url":"https:\/\/secure.gravatar.com\/avatar\/31a1a7b66ff2de83bd0e9fd79d026630d2d99e55e8bfe501287647b4fd9743de?s=96&d=mm&r=g","contentUrl":"https:\/\/secure.gravatar.com\/avatar\/31a1a7b66ff2de83bd0e9fd79d026630d2d99e55e8bfe501287647b4fd9743de?s=96&d=mm&r=g","caption":"Gonzalo Schmidt"},"description":"Sitio web de noticias de la provincia de Entre R\u00edos, Argentina. Informaci\u00f3n y entretenimiento. Informe Litoral, nos informamos.","sameAs":["http:\/\/www.isletasnoticias.com.ar"],"url":"https:\/\/informelitoral.com.ar\/author\/gonzalo\/"}]}},"_links":{"self":[{"href":"https:\/\/informelitoral.com.ar\/%77%70%2d%6a%73%6f%6e\/wp\/v2\/posts\/57493","targetHints":{"allow":["GET"]}}],"collection":[{"href":"https:\/\/informelitoral.com.ar\/%77%70%2d%6a%73%6f%6e\/wp\/v2\/posts"}],"about":[{"href":"https:\/\/informelitoral.com.ar\/%77%70%2d%6a%73%6f%6e\/wp\/v2\/types\/post"}],"author":[{"embeddable":true,"href":"https:\/\/informelitoral.com.ar\/%77%70%2d%6a%73%6f%6e\/wp\/v2\/users\/2"}],"replies":[{"embeddable":true,"href":"https:\/\/informelitoral.com.ar\/%77%70%2d%6a%73%6f%6e\/wp\/v2\/comments?post=57493"}],"version-history":[{"count":0,"href":"https:\/\/informelitoral.com.ar\/%77%70%2d%6a%73%6f%6e\/wp\/v2\/posts\/57493\/revisions"}],"wp:featuredmedia":[{"embeddable":true,"href":"https:\/\/informelitoral.com.ar\/%77%70%2d%6a%73%6f%6e\/wp\/v2\/media\/19436"}],"wp:attachment":[{"href":"https:\/\/informelitoral.com.ar\/%77%70%2d%6a%73%6f%6e\/wp\/v2\/media?parent=57493"}],"wp:term":[{"taxonomy":"category","embeddable":true,"href":"https:\/\/informelitoral.com.ar\/%77%70%2d%6a%73%6f%6e\/wp\/v2\/categories?post=57493"},{"taxonomy":"post_tag","embeddable":true,"href":"https:\/\/informelitoral.com.ar\/%77%70%2d%6a%73%6f%6e\/wp\/v2\/tags?post=57493"}],"curies":[{"name":"wp","href":"https:\/\/api.w.org\/{rel}","templated":true}]}}