{"id":57477,"date":"2021-03-08T12:22:36","date_gmt":"2021-03-08T15:22:36","guid":{"rendered":"https:\/\/www.informelitoral.com.ar\/?p=57477"},"modified":"2021-03-08T12:22:36","modified_gmt":"2021-03-08T15:22:36","slug":"suspendieron-las-clases-en-una-escuela-agrotecnica-por-casos-de-coronavirus","status":"publish","type":"post","link":"https:\/\/informelitoral.com.ar\/suspendieron-las-clases-en-una-escuela-agrotecnica-por-casos-de-coronavirus\/","title":{"rendered":"Suspendieron las clases en una escuela agrot\u00e9cnica por casos de coronavirus"},"content":{"rendered":"<p>Las autoridades de la<strong>\u00a0<\/strong>Escuela Agrot\u00e9cnica N\u00b0 52 Manuel Bernard, de San Jos\u00e9 de Feliciano, decidieron suspender el dictado de clases presenciales desde este lunes 8 y por un lapso de 14 d\u00edas luego de detectarse 5 casos de Covid-19 en el personal del establecimiento educativo.<\/p>\n<p>Por protocolo de Educaci\u00f3n, tras la confirmaci\u00f3n de los casos, se ordena la suspensi\u00f3n de las clases por 14 d\u00edas, aunque las autoridades de la Escuela Agrot\u00e9cnica difundieron un primer comunicado en el que se anunci\u00f3 que la suspensi\u00f3n ser\u00eda por una semana, del lunes 8 al viernes 12.<\/p>\n<p>El comunicado que dio a conocer la instituci\u00f3n se\u00f1ala que la decisi\u00f3n de suspender el dictado de clases presenciales durante una semana est\u00e1 fundada en el hecho \u00abde tener contagios de Covid 19, por parte del personal de la escuela. Por otro lado personal de salud ya est\u00e1 interiorizado de esta situaci\u00f3n y est\u00e1 analizando caso por caso, tomando las correspondientes medidas de control. Gracias\u00bb.<\/p>\n<p>Pero desde el Consejo de Educaci\u00f3n se inform\u00f3 que no habr\u00e1 clases presenciales por dos semanas. \u201cAnte los reiterados casos de Covid-19 presentados en integrantes de la comunidad educativa de la Escuela Agrot\u00e9cnica N\u00b0 52 Manuel Bernard se comunica la suspensi\u00f3n de las clases presenciales por 14 d\u00edas, a partir del 08\/03\/21. Esta medida responde a sugerencia del COES (Comit\u00e9 de Organizaci\u00f3n de la Emergencia Sanitaria) local en pos de prevenir mayores contagios y cuidarnos entre todos\u201d, inform\u00f3 Silvia Ayala, supervisora de Nivel Secundario de la Direcci\u00f3n Departamental de Educaci\u00f3n de Feliciano.<\/p>\n<figure class=\"wp-block-image\"><img loading=\"lazy\" decoding=\"async\" class=\"wp-image-70896 aligncenter\" src=\"https:\/\/i0.wp.com\/entreriosahora.com\/%77%70%2d%63%6f%6e%74%65%6e%74\/uploads\/2021\/03\/feliiano-1024x727.jpg?resize=708%2C503&amp;ssl=1\" alt=\"\" width=\"708\" height=\"503\" \/><\/figure>\n<p>Eduardo Rodr\u00edguez, titular de Agmer Feliciano, confirm\u00f3 a\u00a0<em>Entre R\u00edos Ahora<\/em> que \u00abson 5 casos y otros que se est\u00e1n por hisopar\u00bb. Y que el contagio \u00abno fue en la escuela, fue en un \u00e1mbito social, en una reuni\u00f3n\u00bb.<\/p>\n<p><span style=\"text-align: center;\">Conocida la decisi\u00f3n de suspender las clases, desde la seccional Feliciano de la Asociaci\u00f3n Gremial del Magisterio de Entre R\u00edos (Agmer) cuestionaron la decisi\u00f3n del Consejo General de Educaci\u00f3n (CGE) de disponer la vuelta a la presencialidad en el ciclo lectivo 2021.<\/span><\/p>\n<p>\u00abDesde Agmer siempre sostuvimos que era irresponsable la vuelta a clases presenciales, sin condiciones ni insumos necesarios. Siempre sostuvimos que era muy arriesgado regresar, improvisando acciones y protocolos desde el organismo central de educaci\u00f3n. Hoy por hoy, la realidad estalla en las escuelas; la realidad es que el virus sigue circulando en nuestras comunidades; la realidad es que las escuelas no est\u00e1n en condiciones para cumplir protocolos elaborados en oficinas que desconocen los \u00e1mbitos donde ser\u00e1n aplicados\u00bb, se\u00f1al\u00f3 el sindicato.<\/p>\n<p>Y se\u00f1al\u00f3 que \u00abante las irresponsabilidades de un Estado ausente, Agmer se hace presente para resguardar a los trabajadores de la educaci\u00f3n, estudiantes y familias que conforman la comunidad; nos reuniremos con las autoridades pertinentes, a fin de que se cumplan las acciones previstas para estos casos\u00bb.<\/p>\n<p>La resoluci\u00f3n N\u00b0 2.722 del Consejo de Educaci\u00f3n establece que ante la aparici\u00f3n de casos confirmados en el \u00e1mbito escolar \u00abse suspender\u00e1n las clases en el establecimiento escolar por un d\u00eda para realizar desinfecci\u00f3n exhaustiva, previa consulta al centro de salud de referencia\u00bb. Y agrega que ante la aparici\u00f3n de una caso sospechoso de Covid-19 en el \u00e1mbito escolar, \u00abtodo el grupo (docentes y estudiantes) en el que se presenta el caso, deber\u00e1 abstenerse de asistir al establecimiento hasta que se confirme o descarte la infecci\u00f3n\u00bb.<\/p>\n<p>Si se descarta, agrega, \u00abtodo el grupo se reintegrar\u00e1 a clase seg\u00fan la organizaci\u00f3n preestablecida. El resto de los cursos\/grupos\/secciones y la totalidad de los docentes y no docentes seguir\u00e1n con las tareas establecidas. La limpieza y desinfecci\u00f3n del establecimiento escolar deber\u00e1 ser la estipulada en el protocolo y de hacerla no se requerir\u00e1 ninguna limpieza o desinfecci\u00f3n adicional. Las autoridades educativas en estos casos brindar\u00e1n informaci\u00f3n respecto de la sintomatolog\u00eda asociada a la definici\u00f3n e identificaci\u00f3n del casos sospechoso\u201d.<\/p>\n<p>Pero ante la confirmaci\u00f3n del caso, \u00abtodo el grupo de contacto deber\u00e1 respetar el aislamiento de 14 d\u00edas a partir de la \u00faltima exposici\u00f3n con el caso confirmado\u00bb.<em>\u00a0(Fuente: Entre R\u00edos Ahora)<\/em><\/p>\n","protected":false},"excerpt":{"rendered":"<p>La medida rige desde este lunes y por 14 d\u00edas. Se habr\u00edan contagiado fuera de la instituci\u00f3n, en una reuni\u00f3n social.<\/p>\n","protected":false},"author":2,"featured_media":57478,"comment_status":"open","ping_status":"open","sticky":false,"template":"","format":"standard","meta":{"fifu_image_url":"","fifu_image_alt":"","footnotes":""},"categories":[6],"tags":[1639,1426,1481],"class_list":{"0":"post-57477","1":"post","2":"type-post","3":"status-publish","4":"format-standard","5":"has-post-thumbnail","7":"category-entre-rios","8":"tag-clases-presenciales","9":"tag-coronavirus","10":"tag-covid-19"},"yoast_head":"<title>Suspendieron las clases en una escuela agrot\u00e9cnica por casos de coronavirus - Informe Litoral<\/title>\n<meta name=\"robots\" content=\"index, follow, max-snippet:-1, max-image-preview:large, max-video-preview:-1\" \/>\n<link rel=\"canonical\" href=\"https:\/\/informelitoral.com.ar\/suspendieron-las-clases-en-una-escuela-agrotecnica-por-casos-de-coronavirus\/\" \/>\n<meta property=\"og:locale\" content=\"es_ES\" \/>\n<meta property=\"og:type\" content=\"article\" \/>\n<meta property=\"og:title\" content=\"Suspendieron las clases en una escuela agrot\u00e9cnica por casos de coronavirus - Informe Litoral\" \/>\n<meta property=\"og:description\" content=\"La medida rige desde este lunes y por 14 d\u00edas. Se habr\u00edan contagiado fuera de la instituci\u00f3n, en una reuni\u00f3n social.\" \/>\n<meta property=\"og:url\" content=\"https:\/\/informelitoral.com.ar\/suspendieron-las-clases-en-una-escuela-agrotecnica-por-casos-de-coronavirus\/\" \/>\n<meta property=\"og:site_name\" content=\"Informe Litoral\" \/>\n<meta property=\"article:publisher\" content=\"https:\/\/www.facebook.com\/informelitoral\/\" \/>\n<meta property=\"article:published_time\" content=\"2021-03-08T15:22:36+00:00\" \/>\n<meta property=\"og:image\" content=\"https:\/\/informelitoral.com.ar\/%77%70%2d%63%6f%6e%74%65%6e%74\/uploads\/2021\/03\/escu-759x500-1.jpg\" \/>\n\t<meta property=\"og:image:width\" content=\"759\" \/>\n\t<meta property=\"og:image:height\" content=\"470\" \/>\n\t<meta property=\"og:image:type\" content=\"image\/jpeg\" \/>\n<meta name=\"author\" content=\"Gonzalo Schmidt\" \/>\n<meta name=\"twitter:card\" content=\"summary_large_image\" \/>\n<meta name=\"twitter:creator\" content=\"@InformeLitoral\" \/>\n<meta name=\"twitter:site\" content=\"@InformeLitoral\" \/>\n<meta name=\"twitter:label1\" content=\"Escrito por\" \/>\n\t<meta name=\"twitter:data1\" content=\"Gonzalo Schmidt\" \/>\n\t<meta name=\"twitter:label2\" content=\"Tiempo de lectura\" \/>\n\t<meta name=\"twitter:data2\" content=\"4 minutos\" \/>\n<script type=\"application\/ld+json\" class=\"yoast-schema-graph\">{\"@context\":\"https:\\\/\\\/schema.org\",\"@graph\":[{\"@type\":\"Article\",\"@id\":\"https:\\\/\\\/informelitoral.com.ar\\\/suspendieron-las-clases-en-una-escuela-agrotecnica-por-casos-de-coronavirus\\\/#article\",\"isPartOf\":{\"@id\":\"https:\\\/\\\/informelitoral.com.ar\\\/suspendieron-las-clases-en-una-escuela-agrotecnica-por-casos-de-coronavirus\\\/\"},\"author\":{\"name\":\"Gonzalo Schmidt\",\"@id\":\"https:\\\/\\\/informelitoral.com.ar\\\/#\\\/schema\\\/person\\\/b9d00407c836482871ef1d57bf8e3180\"},\"headline\":\"Suspendieron las clases en una escuela agrot\u00e9cnica por casos de coronavirus\",\"datePublished\":\"2021-03-08T15:22:36+00:00\",\"mainEntityOfPage\":{\"@id\":\"https:\\\/\\\/informelitoral.com.ar\\\/suspendieron-las-clases-en-una-escuela-agrotecnica-por-casos-de-coronavirus\\\/\"},\"wordCount\":714,\"commentCount\":0,\"publisher\":{\"@id\":\"https:\\\/\\\/informelitoral.com.ar\\\/#organization\"},\"image\":{\"@id\":\"https:\\\/\\\/informelitoral.com.ar\\\/suspendieron-las-clases-en-una-escuela-agrotecnica-por-casos-de-coronavirus\\\/#primaryimage\"},\"thumbnailUrl\":\"https:\\\/\\\/informelitoral.com.ar\\\/%77%70%2d%63%6f%6e%74%65%6e%74\\\/uploads\\\/2021\\\/03\\\/escu-759x500-1.jpg\",\"keywords\":[\"Clases presenciales\",\"Coronavirus\",\"COVID-19\"],\"articleSection\":[\"Entre R\u00edos\"],\"inLanguage\":\"es\",\"potentialAction\":[{\"@type\":\"CommentAction\",\"name\":\"Comment\",\"target\":[\"https:\\\/\\\/informelitoral.com.ar\\\/suspendieron-las-clases-en-una-escuela-agrotecnica-por-casos-de-coronavirus\\\/#respond\"]}]},{\"@type\":\"WebPage\",\"@id\":\"https:\\\/\\\/informelitoral.com.ar\\\/suspendieron-las-clases-en-una-escuela-agrotecnica-por-casos-de-coronavirus\\\/\",\"url\":\"https:\\\/\\\/informelitoral.com.ar\\\/suspendieron-las-clases-en-una-escuela-agrotecnica-por-casos-de-coronavirus\\\/\",\"name\":\"Suspendieron las clases en una escuela agrot\u00e9cnica por casos de coronavirus - Informe Litoral\",\"isPartOf\":{\"@id\":\"https:\\\/\\\/informelitoral.com.ar\\\/#website\"},\"primaryImageOfPage\":{\"@id\":\"https:\\\/\\\/informelitoral.com.ar\\\/suspendieron-las-clases-en-una-escuela-agrotecnica-por-casos-de-coronavirus\\\/#primaryimage\"},\"image\":{\"@id\":\"https:\\\/\\\/informelitoral.com.ar\\\/suspendieron-las-clases-en-una-escuela-agrotecnica-por-casos-de-coronavirus\\\/#primaryimage\"},\"thumbnailUrl\":\"https:\\\/\\\/informelitoral.com.ar\\\/%77%70%2d%63%6f%6e%74%65%6e%74\\\/uploads\\\/2021\\\/03\\\/escu-759x500-1.jpg\",\"datePublished\":\"2021-03-08T15:22:36+00:00\",\"breadcrumb\":{\"@id\":\"https:\\\/\\\/informelitoral.com.ar\\\/suspendieron-las-clases-en-una-escuela-agrotecnica-por-casos-de-coronavirus\\\/#breadcrumb\"},\"inLanguage\":\"es\",\"potentialAction\":[{\"@type\":\"ReadAction\",\"target\":[\"https:\\\/\\\/informelitoral.com.ar\\\/suspendieron-las-clases-en-una-escuela-agrotecnica-por-casos-de-coronavirus\\\/\"]}]},{\"@type\":\"ImageObject\",\"inLanguage\":\"es\",\"@id\":\"https:\\\/\\\/informelitoral.com.ar\\\/suspendieron-las-clases-en-una-escuela-agrotecnica-por-casos-de-coronavirus\\\/#primaryimage\",\"url\":\"https:\\\/\\\/informelitoral.com.ar\\\/%77%70%2d%63%6f%6e%74%65%6e%74\\\/uploads\\\/2021\\\/03\\\/escu-759x500-1.jpg\",\"contentUrl\":\"https:\\\/\\\/informelitoral.com.ar\\\/%77%70%2d%63%6f%6e%74%65%6e%74\\\/uploads\\\/2021\\\/03\\\/escu-759x500-1.jpg\",\"width\":759,\"height\":470},{\"@type\":\"BreadcrumbList\",\"@id\":\"https:\\\/\\\/informelitoral.com.ar\\\/suspendieron-las-clases-en-una-escuela-agrotecnica-por-casos-de-coronavirus\\\/#breadcrumb\",\"itemListElement\":[{\"@type\":\"ListItem\",\"position\":1,\"name\":\"Portada\",\"item\":\"https:\\\/\\\/informelitoral.com.ar\\\/\"},{\"@type\":\"ListItem\",\"position\":2,\"name\":\"Suspendieron las clases en una escuela agrot\u00e9cnica por casos de coronavirus\"}]},{\"@type\":\"WebSite\",\"@id\":\"https:\\\/\\\/informelitoral.com.ar\\\/#website\",\"url\":\"https:\\\/\\\/informelitoral.com.ar\\\/\",\"name\":\"Informe Litoral\",\"description\":\"&quot;Nos informamos&quot; \",\"publisher\":{\"@id\":\"https:\\\/\\\/informelitoral.com.ar\\\/#organization\"},\"potentialAction\":[{\"@type\":\"SearchAction\",\"target\":{\"@type\":\"EntryPoint\",\"urlTemplate\":\"https:\\\/\\\/informelitoral.com.ar\\\/?s={search_term_string}\"},\"query-input\":{\"@type\":\"PropertyValueSpecification\",\"valueRequired\":true,\"valueName\":\"search_term_string\"}}],\"inLanguage\":\"es\"},{\"@type\":\"Organization\",\"@id\":\"https:\\\/\\\/informelitoral.com.ar\\\/#organization\",\"name\":\"Informe Litoral\",\"url\":\"https:\\\/\\\/informelitoral.com.ar\\\/\",\"logo\":{\"@type\":\"ImageObject\",\"inLanguage\":\"es\",\"@id\":\"https:\\\/\\\/informelitoral.com.ar\\\/#\\\/schema\\\/logo\\\/image\\\/\",\"url\":\"https:\\\/\\\/informelitoral.com.ar\\\/%77%70%2d%63%6f%6e%74%65%6e%74\\\/uploads\\\/2021\\\/01\\\/circulo.png\",\"contentUrl\":\"https:\\\/\\\/informelitoral.com.ar\\\/%77%70%2d%63%6f%6e%74%65%6e%74\\\/uploads\\\/2021\\\/01\\\/circulo.png\",\"width\":723,\"height\":731,\"caption\":\"Informe Litoral\"},\"image\":{\"@id\":\"https:\\\/\\\/informelitoral.com.ar\\\/#\\\/schema\\\/logo\\\/image\\\/\"},\"sameAs\":[\"https:\\\/\\\/www.facebook.com\\\/informelitoral\\\/\",\"https:\\\/\\\/x.com\\\/InformeLitoral\",\"https:\\\/\\\/www.instagram.com\\\/informelitoral\\\/\",\"https:\\\/\\\/www.youtube.com\\\/channel\\\/UCua4Qvz8Icb6MYqhoq9xLXw\"]},{\"@type\":\"Person\",\"@id\":\"https:\\\/\\\/informelitoral.com.ar\\\/#\\\/schema\\\/person\\\/b9d00407c836482871ef1d57bf8e3180\",\"name\":\"Gonzalo Schmidt\",\"image\":{\"@type\":\"ImageObject\",\"inLanguage\":\"es\",\"@id\":\"https:\\\/\\\/secure.gravatar.com\\\/avatar\\\/31a1a7b66ff2de83bd0e9fd79d026630d2d99e55e8bfe501287647b4fd9743de?s=96&d=mm&r=g\",\"url\":\"https:\\\/\\\/secure.gravatar.com\\\/avatar\\\/31a1a7b66ff2de83bd0e9fd79d026630d2d99e55e8bfe501287647b4fd9743de?s=96&d=mm&r=g\",\"contentUrl\":\"https:\\\/\\\/secure.gravatar.com\\\/avatar\\\/31a1a7b66ff2de83bd0e9fd79d026630d2d99e55e8bfe501287647b4fd9743de?s=96&d=mm&r=g\",\"caption\":\"Gonzalo Schmidt\"},\"description\":\"Sitio web de noticias de la provincia de Entre R\u00edos, Argentina. Informaci\u00f3n y entretenimiento. Informe Litoral, nos informamos.\",\"sameAs\":[\"http:\\\/\\\/www.isletasnoticias.com.ar\"],\"url\":\"https:\\\/\\\/informelitoral.com.ar\\\/author\\\/gonzalo\\\/\"}]}<\/script>","yoast_head_json":{"title":"Suspendieron las clases en una escuela agrot\u00e9cnica por casos de coronavirus - Informe Litoral","robots":{"index":"index","follow":"follow","max-snippet":"max-snippet:-1","max-image-preview":"max-image-preview:large","max-video-preview":"max-video-preview:-1"},"canonical":"https:\/\/informelitoral.com.ar\/suspendieron-las-clases-en-una-escuela-agrotecnica-por-casos-de-coronavirus\/","og_locale":"es_ES","og_type":"article","og_title":"Suspendieron las clases en una escuela agrot\u00e9cnica por casos de coronavirus - Informe Litoral","og_description":"La medida rige desde este lunes y por 14 d\u00edas. Se habr\u00edan contagiado fuera de la instituci\u00f3n, en una reuni\u00f3n social.","og_url":"https:\/\/informelitoral.com.ar\/suspendieron-las-clases-en-una-escuela-agrotecnica-por-casos-de-coronavirus\/","og_site_name":"Informe Litoral","article_publisher":"https:\/\/www.facebook.com\/informelitoral\/","article_published_time":"2021-03-08T15:22:36+00:00","og_image":[{"width":759,"height":470,"url":"https:\/\/informelitoral.com.ar\/%77%70%2d%63%6f%6e%74%65%6e%74\/uploads\/2021\/03\/escu-759x500-1.jpg","type":"image\/jpeg"}],"author":"Gonzalo Schmidt","twitter_card":"summary_large_image","twitter_creator":"@InformeLitoral","twitter_site":"@InformeLitoral","twitter_misc":{"Escrito por":"Gonzalo Schmidt","Tiempo de lectura":"4 minutos"},"schema":{"@context":"https:\/\/schema.org","@graph":[{"@type":"Article","@id":"https:\/\/informelitoral.com.ar\/suspendieron-las-clases-en-una-escuela-agrotecnica-por-casos-de-coronavirus\/#article","isPartOf":{"@id":"https:\/\/informelitoral.com.ar\/suspendieron-las-clases-en-una-escuela-agrotecnica-por-casos-de-coronavirus\/"},"author":{"name":"Gonzalo Schmidt","@id":"https:\/\/informelitoral.com.ar\/#\/schema\/person\/b9d00407c836482871ef1d57bf8e3180"},"headline":"Suspendieron las clases en una escuela agrot\u00e9cnica por casos de coronavirus","datePublished":"2021-03-08T15:22:36+00:00","mainEntityOfPage":{"@id":"https:\/\/informelitoral.com.ar\/suspendieron-las-clases-en-una-escuela-agrotecnica-por-casos-de-coronavirus\/"},"wordCount":714,"commentCount":0,"publisher":{"@id":"https:\/\/informelitoral.com.ar\/#organization"},"image":{"@id":"https:\/\/informelitoral.com.ar\/suspendieron-las-clases-en-una-escuela-agrotecnica-por-casos-de-coronavirus\/#primaryimage"},"thumbnailUrl":"https:\/\/informelitoral.com.ar\/%77%70%2d%63%6f%6e%74%65%6e%74\/uploads\/2021\/03\/escu-759x500-1.jpg","keywords":["Clases presenciales","Coronavirus","COVID-19"],"articleSection":["Entre R\u00edos"],"inLanguage":"es","potentialAction":[{"@type":"CommentAction","name":"Comment","target":["https:\/\/informelitoral.com.ar\/suspendieron-las-clases-en-una-escuela-agrotecnica-por-casos-de-coronavirus\/#respond"]}]},{"@type":"WebPage","@id":"https:\/\/informelitoral.com.ar\/suspendieron-las-clases-en-una-escuela-agrotecnica-por-casos-de-coronavirus\/","url":"https:\/\/informelitoral.com.ar\/suspendieron-las-clases-en-una-escuela-agrotecnica-por-casos-de-coronavirus\/","name":"Suspendieron las clases en una escuela agrot\u00e9cnica por casos de coronavirus - Informe Litoral","isPartOf":{"@id":"https:\/\/informelitoral.com.ar\/#website"},"primaryImageOfPage":{"@id":"https:\/\/informelitoral.com.ar\/suspendieron-las-clases-en-una-escuela-agrotecnica-por-casos-de-coronavirus\/#primaryimage"},"image":{"@id":"https:\/\/informelitoral.com.ar\/suspendieron-las-clases-en-una-escuela-agrotecnica-por-casos-de-coronavirus\/#primaryimage"},"thumbnailUrl":"https:\/\/informelitoral.com.ar\/%77%70%2d%63%6f%6e%74%65%6e%74\/uploads\/2021\/03\/escu-759x500-1.jpg","datePublished":"2021-03-08T15:22:36+00:00","breadcrumb":{"@id":"https:\/\/informelitoral.com.ar\/suspendieron-las-clases-en-una-escuela-agrotecnica-por-casos-de-coronavirus\/#breadcrumb"},"inLanguage":"es","potentialAction":[{"@type":"ReadAction","target":["https:\/\/informelitoral.com.ar\/suspendieron-las-clases-en-una-escuela-agrotecnica-por-casos-de-coronavirus\/"]}]},{"@type":"ImageObject","inLanguage":"es","@id":"https:\/\/informelitoral.com.ar\/suspendieron-las-clases-en-una-escuela-agrotecnica-por-casos-de-coronavirus\/#primaryimage","url":"https:\/\/informelitoral.com.ar\/%77%70%2d%63%6f%6e%74%65%6e%74\/uploads\/2021\/03\/escu-759x500-1.jpg","contentUrl":"https:\/\/informelitoral.com.ar\/%77%70%2d%63%6f%6e%74%65%6e%74\/uploads\/2021\/03\/escu-759x500-1.jpg","width":759,"height":470},{"@type":"BreadcrumbList","@id":"https:\/\/informelitoral.com.ar\/suspendieron-las-clases-en-una-escuela-agrotecnica-por-casos-de-coronavirus\/#breadcrumb","itemListElement":[{"@type":"ListItem","position":1,"name":"Portada","item":"https:\/\/informelitoral.com.ar\/"},{"@type":"ListItem","position":2,"name":"Suspendieron las clases en una escuela agrot\u00e9cnica por casos de coronavirus"}]},{"@type":"WebSite","@id":"https:\/\/informelitoral.com.ar\/#website","url":"https:\/\/informelitoral.com.ar\/","name":"Informe Litoral","description":"&quot;Nos informamos&quot; ","publisher":{"@id":"https:\/\/informelitoral.com.ar\/#organization"},"potentialAction":[{"@type":"SearchAction","target":{"@type":"EntryPoint","urlTemplate":"https:\/\/informelitoral.com.ar\/?s={search_term_string}"},"query-input":{"@type":"PropertyValueSpecification","valueRequired":true,"valueName":"search_term_string"}}],"inLanguage":"es"},{"@type":"Organization","@id":"https:\/\/informelitoral.com.ar\/#organization","name":"Informe Litoral","url":"https:\/\/informelitoral.com.ar\/","logo":{"@type":"ImageObject","inLanguage":"es","@id":"https:\/\/informelitoral.com.ar\/#\/schema\/logo\/image\/","url":"https:\/\/informelitoral.com.ar\/%77%70%2d%63%6f%6e%74%65%6e%74\/uploads\/2021\/01\/circulo.png","contentUrl":"https:\/\/informelitoral.com.ar\/%77%70%2d%63%6f%6e%74%65%6e%74\/uploads\/2021\/01\/circulo.png","width":723,"height":731,"caption":"Informe Litoral"},"image":{"@id":"https:\/\/informelitoral.com.ar\/#\/schema\/logo\/image\/"},"sameAs":["https:\/\/www.facebook.com\/informelitoral\/","https:\/\/x.com\/InformeLitoral","https:\/\/www.instagram.com\/informelitoral\/","https:\/\/www.youtube.com\/channel\/UCua4Qvz8Icb6MYqhoq9xLXw"]},{"@type":"Person","@id":"https:\/\/informelitoral.com.ar\/#\/schema\/person\/b9d00407c836482871ef1d57bf8e3180","name":"Gonzalo Schmidt","image":{"@type":"ImageObject","inLanguage":"es","@id":"https:\/\/secure.gravatar.com\/avatar\/31a1a7b66ff2de83bd0e9fd79d026630d2d99e55e8bfe501287647b4fd9743de?s=96&d=mm&r=g","url":"https:\/\/secure.gravatar.com\/avatar\/31a1a7b66ff2de83bd0e9fd79d026630d2d99e55e8bfe501287647b4fd9743de?s=96&d=mm&r=g","contentUrl":"https:\/\/secure.gravatar.com\/avatar\/31a1a7b66ff2de83bd0e9fd79d026630d2d99e55e8bfe501287647b4fd9743de?s=96&d=mm&r=g","caption":"Gonzalo Schmidt"},"description":"Sitio web de noticias de la provincia de Entre R\u00edos, Argentina. Informaci\u00f3n y entretenimiento. Informe Litoral, nos informamos.","sameAs":["http:\/\/www.isletasnoticias.com.ar"],"url":"https:\/\/informelitoral.com.ar\/author\/gonzalo\/"}]}},"_links":{"self":[{"href":"https:\/\/informelitoral.com.ar\/%77%70%2d%6a%73%6f%6e\/wp\/v2\/posts\/57477","targetHints":{"allow":["GET"]}}],"collection":[{"href":"https:\/\/informelitoral.com.ar\/%77%70%2d%6a%73%6f%6e\/wp\/v2\/posts"}],"about":[{"href":"https:\/\/informelitoral.com.ar\/%77%70%2d%6a%73%6f%6e\/wp\/v2\/types\/post"}],"author":[{"embeddable":true,"href":"https:\/\/informelitoral.com.ar\/%77%70%2d%6a%73%6f%6e\/wp\/v2\/users\/2"}],"replies":[{"embeddable":true,"href":"https:\/\/informelitoral.com.ar\/%77%70%2d%6a%73%6f%6e\/wp\/v2\/comments?post=57477"}],"version-history":[{"count":0,"href":"https:\/\/informelitoral.com.ar\/%77%70%2d%6a%73%6f%6e\/wp\/v2\/posts\/57477\/revisions"}],"wp:featuredmedia":[{"embeddable":true,"href":"https:\/\/informelitoral.com.ar\/%77%70%2d%6a%73%6f%6e\/wp\/v2\/media\/57478"}],"wp:attachment":[{"href":"https:\/\/informelitoral.com.ar\/%77%70%2d%6a%73%6f%6e\/wp\/v2\/media?parent=57477"}],"wp:term":[{"taxonomy":"category","embeddable":true,"href":"https:\/\/informelitoral.com.ar\/%77%70%2d%6a%73%6f%6e\/wp\/v2\/categories?post=57477"},{"taxonomy":"post_tag","embeddable":true,"href":"https:\/\/informelitoral.com.ar\/%77%70%2d%6a%73%6f%6e\/wp\/v2\/tags?post=57477"}],"curies":[{"name":"wp","href":"https:\/\/api.w.org\/{rel}","templated":true}]}}