{"id":57448,"date":"2021-03-06T16:44:16","date_gmt":"2021-03-06T19:44:16","guid":{"rendered":"https:\/\/www.informelitoral.com.ar\/?p=57448"},"modified":"2021-03-06T16:46:05","modified_gmt":"2021-03-06T19:46:05","slug":"convocan-a-un-radicalismo-fuerte-para-reconstruir-entre-rios","status":"publish","type":"post","link":"https:\/\/informelitoral.com.ar\/convocan-a-un-radicalismo-fuerte-para-reconstruir-entre-rios\/","title":{"rendered":"Convocan a \u00abun radicalismo fuerte para reconstruir Entre R\u00edos\u00bb"},"content":{"rendered":"<p>La mesa de coordinaci\u00f3n del espacio Construir dentro de la Uni\u00f3n C\u00edvica Radical -UCR- mantuvo un encuentro este s\u00e1bado en la ciudad de Col\u00f3n. En la oportunidad, emitieron un documento, en el que dan cuenta de lo que consideran un \u00abEstado en quiebra\u00bb. Adem\u00e1s. en el texto al que accedi\u00f3<strong><em> Informe Litoral<\/em><\/strong>, llaman a la unidad y a sumar diferentes sectores de cara a las elecciones legislativas y las generales de 2023.<\/p>\n<h3><strong>El documento completo de Construir:\u00a0<\/strong><\/h3>\n<p><em>El radicalismo es un partido centenario. Tenemos historia y tambi\u00e9n futuro. Fuimos protagonistas de grandes transformaciones en el pa\u00eds y en la provincia. Tenemos extensi\u00f3n territorial y vocaci\u00f3n de gobernar porque, desde el Estado, podemos construir las soluciones que los entrerrianos hoy demandan.<\/em><\/p>\n<p><em>Tras 18 a\u00f1os de ejercicio del poder el justicialismo est\u00e1 en estado de reposo, inactivo y con escasa capacidad de reacci\u00f3n y respuesta frente a los viejos y nuevos problemas. El nivel de expectativa de los entrerrianos, frente al impulso transformador de un gobierno, decay\u00f3 y como dirigentes tenemos el desaf\u00edo de torcer el rumbo de esa historia y generar entusiasmo en nuestros conciudadanos.<\/em><\/p>\n<p><em>Sabemos que son tiempos dif\u00edciles. Sabemos tambi\u00e9n que la pr\u00f3xima administraci\u00f3n provincial deber\u00e1 administrar la agon\u00eda de un Estado en quiebra, pero estamos seguros que con poco y con vocaci\u00f3n podemos reconstruir la provincia que habitamos.<\/em><\/p>\n<p><em>Somos parte de un espacio pol\u00edtico m\u00e1s amplio, que se forj\u00f3 en 2015 y que, contra cualquier pron\u00f3stico, hoy sigue trabajando en forma conjunta. Como integrantes de Juntos por el Cambio, los hombres y mujeres radicales de Construir queremos ser protagonistas y liderar un proceso transformador que construya los cimientos de un mejor futuro para todos. Los comicios de 2021 y 2023 ser\u00e1 claves en el proceso que venimos llevando adelante.<\/em><\/p>\n<p><em>Nos asiste la convicci\u00f3n que estamos ante una hora hist\u00f3rica y por eso, adem\u00e1s, debemos actuar con generosidad, hacia dentro del radicalismo, hacia el espacio m\u00e1s amplio de Juntos por el Cambio, e incluso ampliando la base de sustentaci\u00f3n ciudadana que nos permita sumar a vecinos de todas las fuerzas pol\u00edticas e independientes que quieran ser parte de un proceso de construcci\u00f3n colectivo para forjar un nuevo destino para la provincia de Entre R\u00edos.<\/em><\/p>\n<p><em>A los amigos correligionarios de toda la provincia, de todos los espacios, los invitamos a actuar de la misma manera, y a sumarse a esta construcci\u00f3n de cara a la renovaci\u00f3n de autoridades. Queremos liderar ese proceso y construir confianza para que nuestro partido sea una usina de pol\u00edticas p\u00fablicas para el gobierno que viene, pero tambi\u00e9n hacemos un llamamiento a la uni\u00f3n, que es lo que nos dar\u00e1 fuerzas para ser protagonistas de este nuevo per\u00edodo.<\/em><\/p>\n<p><em>A los amigos de otras fuerzas pol\u00edticas, y en particular de Juntos por el Cambio, los invitamos a transitar por el mismo camino y a trabajar por el triunfo en los comicios de medio t\u00e9rmino de este a\u00f1o. Para ello estamos preparando nuestros mejores hombres y mujeres, para que puedan representar a los entrerrianos en el Congreso.<\/em><\/p>\n<p><em>A los entrerrianos, en definitiva, les decimos que aqu\u00ed hay un pu\u00f1ado de hombres, mujeres y j\u00f3venes con vocaci\u00f3n de transformar la Uni\u00f3n C\u00edvica Radical y la realidad de Entre R\u00edos para, en 2023, empezar a construir una mejor provincia para todos.<\/em><\/p>\n<p><em>Mesa de Coordinaci\u00f3n del espacio \u00abConstruir\u00bb<\/em><br \/>\n<em>Col\u00f3n (Entre R\u00edos), 6 de marzo de 2021<\/em><\/p>\n","protected":false},"excerpt":{"rendered":"<p>Desde Construir llaman a sumar fuerzas de cara a las elecciones legislativas y las generales de 2023. En un encuentro en Col\u00f3n, emitieron un documento en el que sostienen que la pr\u00f3xima gesti\u00f3n deber\u00e1 administrar \u00abun Estado en quiebra\u00bb. El texto completo. <\/p>\n","protected":false},"author":2,"featured_media":57449,"comment_status":"open","ping_status":"open","sticky":false,"template":"","format":"standard","meta":{"fifu_image_url":"","fifu_image_alt":"","footnotes":""},"categories":[16],"tags":[169],"class_list":{"0":"post-57448","1":"post","2":"type-post","3":"status-publish","4":"format-standard","5":"has-post-thumbnail","7":"category-politi","8":"tag-ucr"},"yoast_head":"<title>Convocan a &quot;un radicalismo fuerte para reconstruir Entre R\u00edos&quot; - Informe Litoral<\/title>\n<meta name=\"robots\" content=\"index, follow, max-snippet:-1, max-image-preview:large, max-video-preview:-1\" \/>\n<link rel=\"canonical\" href=\"https:\/\/informelitoral.com.ar\/convocan-a-un-radicalismo-fuerte-para-reconstruir-entre-rios\/\" \/>\n<meta property=\"og:locale\" content=\"es_ES\" \/>\n<meta property=\"og:type\" content=\"article\" \/>\n<meta property=\"og:title\" content=\"Convocan a &quot;un radicalismo fuerte para reconstruir Entre R\u00edos&quot; - Informe Litoral\" \/>\n<meta property=\"og:description\" content=\"Desde Construir llaman a sumar fuerzas de cara a las elecciones legislativas y las generales de 2023. En un encuentro en Col\u00f3n, emitieron un documento en el que sostienen que la pr\u00f3xima gesti\u00f3n deber\u00e1 administrar &quot;un Estado en quiebra&quot;. El texto completo.\" \/>\n<meta property=\"og:url\" content=\"https:\/\/informelitoral.com.ar\/convocan-a-un-radicalismo-fuerte-para-reconstruir-entre-rios\/\" \/>\n<meta property=\"og:site_name\" content=\"Informe Litoral\" \/>\n<meta property=\"article:publisher\" content=\"https:\/\/www.facebook.com\/informelitoral\/\" \/>\n<meta property=\"article:published_time\" content=\"2021-03-06T19:44:16+00:00\" \/>\n<meta property=\"article:modified_time\" content=\"2021-03-06T19:46:05+00:00\" \/>\n<meta property=\"og:image\" content=\"https:\/\/informelitoral.com.ar\/%77%70%2d%63%6f%6e%74%65%6e%74\/uploads\/2021\/03\/ec62c776-0ced-47ca-9daf-0c7c9349b1c6.jpg\" \/>\n\t<meta property=\"og:image:width\" content=\"1280\" \/>\n\t<meta property=\"og:image:height\" content=\"720\" \/>\n\t<meta property=\"og:image:type\" content=\"image\/jpeg\" \/>\n<meta name=\"author\" content=\"Gonzalo Schmidt\" \/>\n<meta name=\"twitter:card\" content=\"summary_large_image\" \/>\n<meta name=\"twitter:creator\" content=\"@InformeLitoral\" \/>\n<meta name=\"twitter:site\" content=\"@InformeLitoral\" \/>\n<meta name=\"twitter:label1\" content=\"Escrito por\" \/>\n\t<meta name=\"twitter:data1\" content=\"Gonzalo Schmidt\" \/>\n\t<meta name=\"twitter:label2\" content=\"Tiempo de lectura\" \/>\n\t<meta name=\"twitter:data2\" content=\"3 minutos\" \/>\n<script type=\"application\/ld+json\" class=\"yoast-schema-graph\">{\"@context\":\"https:\\\/\\\/schema.org\",\"@graph\":[{\"@type\":\"Article\",\"@id\":\"https:\\\/\\\/informelitoral.com.ar\\\/convocan-a-un-radicalismo-fuerte-para-reconstruir-entre-rios\\\/#article\",\"isPartOf\":{\"@id\":\"https:\\\/\\\/informelitoral.com.ar\\\/convocan-a-un-radicalismo-fuerte-para-reconstruir-entre-rios\\\/\"},\"author\":{\"name\":\"Gonzalo Schmidt\",\"@id\":\"https:\\\/\\\/informelitoral.com.ar\\\/#\\\/schema\\\/person\\\/b9d00407c836482871ef1d57bf8e3180\"},\"headline\":\"Convocan a \u00abun radicalismo fuerte para reconstruir Entre R\u00edos\u00bb\",\"datePublished\":\"2021-03-06T19:44:16+00:00\",\"dateModified\":\"2021-03-06T19:46:05+00:00\",\"mainEntityOfPage\":{\"@id\":\"https:\\\/\\\/informelitoral.com.ar\\\/convocan-a-un-radicalismo-fuerte-para-reconstruir-entre-rios\\\/\"},\"wordCount\":606,\"commentCount\":0,\"publisher\":{\"@id\":\"https:\\\/\\\/informelitoral.com.ar\\\/#organization\"},\"image\":{\"@id\":\"https:\\\/\\\/informelitoral.com.ar\\\/convocan-a-un-radicalismo-fuerte-para-reconstruir-entre-rios\\\/#primaryimage\"},\"thumbnailUrl\":\"https:\\\/\\\/informelitoral.com.ar\\\/%77%70%2d%63%6f%6e%74%65%6e%74\\\/uploads\\\/2021\\\/03\\\/ec62c776-0ced-47ca-9daf-0c7c9349b1c6.jpg\",\"keywords\":[\"UCR\"],\"articleSection\":[\"Politica\"],\"inLanguage\":\"es\",\"potentialAction\":[{\"@type\":\"CommentAction\",\"name\":\"Comment\",\"target\":[\"https:\\\/\\\/informelitoral.com.ar\\\/convocan-a-un-radicalismo-fuerte-para-reconstruir-entre-rios\\\/#respond\"]}]},{\"@type\":\"WebPage\",\"@id\":\"https:\\\/\\\/informelitoral.com.ar\\\/convocan-a-un-radicalismo-fuerte-para-reconstruir-entre-rios\\\/\",\"url\":\"https:\\\/\\\/informelitoral.com.ar\\\/convocan-a-un-radicalismo-fuerte-para-reconstruir-entre-rios\\\/\",\"name\":\"Convocan a \\\"un radicalismo fuerte para reconstruir Entre R\u00edos\\\" - Informe Litoral\",\"isPartOf\":{\"@id\":\"https:\\\/\\\/informelitoral.com.ar\\\/#website\"},\"primaryImageOfPage\":{\"@id\":\"https:\\\/\\\/informelitoral.com.ar\\\/convocan-a-un-radicalismo-fuerte-para-reconstruir-entre-rios\\\/#primaryimage\"},\"image\":{\"@id\":\"https:\\\/\\\/informelitoral.com.ar\\\/convocan-a-un-radicalismo-fuerte-para-reconstruir-entre-rios\\\/#primaryimage\"},\"thumbnailUrl\":\"https:\\\/\\\/informelitoral.com.ar\\\/%77%70%2d%63%6f%6e%74%65%6e%74\\\/uploads\\\/2021\\\/03\\\/ec62c776-0ced-47ca-9daf-0c7c9349b1c6.jpg\",\"datePublished\":\"2021-03-06T19:44:16+00:00\",\"dateModified\":\"2021-03-06T19:46:05+00:00\",\"breadcrumb\":{\"@id\":\"https:\\\/\\\/informelitoral.com.ar\\\/convocan-a-un-radicalismo-fuerte-para-reconstruir-entre-rios\\\/#breadcrumb\"},\"inLanguage\":\"es\",\"potentialAction\":[{\"@type\":\"ReadAction\",\"target\":[\"https:\\\/\\\/informelitoral.com.ar\\\/convocan-a-un-radicalismo-fuerte-para-reconstruir-entre-rios\\\/\"]}]},{\"@type\":\"ImageObject\",\"inLanguage\":\"es\",\"@id\":\"https:\\\/\\\/informelitoral.com.ar\\\/convocan-a-un-radicalismo-fuerte-para-reconstruir-entre-rios\\\/#primaryimage\",\"url\":\"https:\\\/\\\/informelitoral.com.ar\\\/%77%70%2d%63%6f%6e%74%65%6e%74\\\/uploads\\\/2021\\\/03\\\/ec62c776-0ced-47ca-9daf-0c7c9349b1c6.jpg\",\"contentUrl\":\"https:\\\/\\\/informelitoral.com.ar\\\/%77%70%2d%63%6f%6e%74%65%6e%74\\\/uploads\\\/2021\\\/03\\\/ec62c776-0ced-47ca-9daf-0c7c9349b1c6.jpg\",\"width\":1280,\"height\":720},{\"@type\":\"BreadcrumbList\",\"@id\":\"https:\\\/\\\/informelitoral.com.ar\\\/convocan-a-un-radicalismo-fuerte-para-reconstruir-entre-rios\\\/#breadcrumb\",\"itemListElement\":[{\"@type\":\"ListItem\",\"position\":1,\"name\":\"Portada\",\"item\":\"https:\\\/\\\/informelitoral.com.ar\\\/\"},{\"@type\":\"ListItem\",\"position\":2,\"name\":\"Convocan a \u00abun radicalismo fuerte para reconstruir Entre R\u00edos\u00bb\"}]},{\"@type\":\"WebSite\",\"@id\":\"https:\\\/\\\/informelitoral.com.ar\\\/#website\",\"url\":\"https:\\\/\\\/informelitoral.com.ar\\\/\",\"name\":\"Informe Litoral\",\"description\":\"&quot;Nos informamos&quot; \",\"publisher\":{\"@id\":\"https:\\\/\\\/informelitoral.com.ar\\\/#organization\"},\"potentialAction\":[{\"@type\":\"SearchAction\",\"target\":{\"@type\":\"EntryPoint\",\"urlTemplate\":\"https:\\\/\\\/informelitoral.com.ar\\\/?s={search_term_string}\"},\"query-input\":{\"@type\":\"PropertyValueSpecification\",\"valueRequired\":true,\"valueName\":\"search_term_string\"}}],\"inLanguage\":\"es\"},{\"@type\":\"Organization\",\"@id\":\"https:\\\/\\\/informelitoral.com.ar\\\/#organization\",\"name\":\"Informe Litoral\",\"url\":\"https:\\\/\\\/informelitoral.com.ar\\\/\",\"logo\":{\"@type\":\"ImageObject\",\"inLanguage\":\"es\",\"@id\":\"https:\\\/\\\/informelitoral.com.ar\\\/#\\\/schema\\\/logo\\\/image\\\/\",\"url\":\"https:\\\/\\\/informelitoral.com.ar\\\/%77%70%2d%63%6f%6e%74%65%6e%74\\\/uploads\\\/2021\\\/01\\\/circulo.png\",\"contentUrl\":\"https:\\\/\\\/informelitoral.com.ar\\\/%77%70%2d%63%6f%6e%74%65%6e%74\\\/uploads\\\/2021\\\/01\\\/circulo.png\",\"width\":723,\"height\":731,\"caption\":\"Informe Litoral\"},\"image\":{\"@id\":\"https:\\\/\\\/informelitoral.com.ar\\\/#\\\/schema\\\/logo\\\/image\\\/\"},\"sameAs\":[\"https:\\\/\\\/www.facebook.com\\\/informelitoral\\\/\",\"https:\\\/\\\/x.com\\\/InformeLitoral\",\"https:\\\/\\\/www.instagram.com\\\/informelitoral\\\/\",\"https:\\\/\\\/www.youtube.com\\\/channel\\\/UCua4Qvz8Icb6MYqhoq9xLXw\"]},{\"@type\":\"Person\",\"@id\":\"https:\\\/\\\/informelitoral.com.ar\\\/#\\\/schema\\\/person\\\/b9d00407c836482871ef1d57bf8e3180\",\"name\":\"Gonzalo Schmidt\",\"image\":{\"@type\":\"ImageObject\",\"inLanguage\":\"es\",\"@id\":\"https:\\\/\\\/secure.gravatar.com\\\/avatar\\\/31a1a7b66ff2de83bd0e9fd79d026630d2d99e55e8bfe501287647b4fd9743de?s=96&d=mm&r=g\",\"url\":\"https:\\\/\\\/secure.gravatar.com\\\/avatar\\\/31a1a7b66ff2de83bd0e9fd79d026630d2d99e55e8bfe501287647b4fd9743de?s=96&d=mm&r=g\",\"contentUrl\":\"https:\\\/\\\/secure.gravatar.com\\\/avatar\\\/31a1a7b66ff2de83bd0e9fd79d026630d2d99e55e8bfe501287647b4fd9743de?s=96&d=mm&r=g\",\"caption\":\"Gonzalo Schmidt\"},\"description\":\"Sitio web de noticias de la provincia de Entre R\u00edos, Argentina. Informaci\u00f3n y entretenimiento. Informe Litoral, nos informamos.\",\"sameAs\":[\"http:\\\/\\\/www.isletasnoticias.com.ar\"],\"url\":\"https:\\\/\\\/informelitoral.com.ar\\\/author\\\/gonzalo\\\/\"}]}<\/script>","yoast_head_json":{"title":"Convocan a \"un radicalismo fuerte para reconstruir Entre R\u00edos\" - Informe Litoral","robots":{"index":"index","follow":"follow","max-snippet":"max-snippet:-1","max-image-preview":"max-image-preview:large","max-video-preview":"max-video-preview:-1"},"canonical":"https:\/\/informelitoral.com.ar\/convocan-a-un-radicalismo-fuerte-para-reconstruir-entre-rios\/","og_locale":"es_ES","og_type":"article","og_title":"Convocan a \"un radicalismo fuerte para reconstruir Entre R\u00edos\" - Informe Litoral","og_description":"Desde Construir llaman a sumar fuerzas de cara a las elecciones legislativas y las generales de 2023. En un encuentro en Col\u00f3n, emitieron un documento en el que sostienen que la pr\u00f3xima gesti\u00f3n deber\u00e1 administrar \"un Estado en quiebra\". El texto completo.","og_url":"https:\/\/informelitoral.com.ar\/convocan-a-un-radicalismo-fuerte-para-reconstruir-entre-rios\/","og_site_name":"Informe Litoral","article_publisher":"https:\/\/www.facebook.com\/informelitoral\/","article_published_time":"2021-03-06T19:44:16+00:00","article_modified_time":"2021-03-06T19:46:05+00:00","og_image":[{"width":1280,"height":720,"url":"https:\/\/informelitoral.com.ar\/%77%70%2d%63%6f%6e%74%65%6e%74\/uploads\/2021\/03\/ec62c776-0ced-47ca-9daf-0c7c9349b1c6.jpg","type":"image\/jpeg"}],"author":"Gonzalo Schmidt","twitter_card":"summary_large_image","twitter_creator":"@InformeLitoral","twitter_site":"@InformeLitoral","twitter_misc":{"Escrito por":"Gonzalo Schmidt","Tiempo de lectura":"3 minutos"},"schema":{"@context":"https:\/\/schema.org","@graph":[{"@type":"Article","@id":"https:\/\/informelitoral.com.ar\/convocan-a-un-radicalismo-fuerte-para-reconstruir-entre-rios\/#article","isPartOf":{"@id":"https:\/\/informelitoral.com.ar\/convocan-a-un-radicalismo-fuerte-para-reconstruir-entre-rios\/"},"author":{"name":"Gonzalo Schmidt","@id":"https:\/\/informelitoral.com.ar\/#\/schema\/person\/b9d00407c836482871ef1d57bf8e3180"},"headline":"Convocan a \u00abun radicalismo fuerte para reconstruir Entre R\u00edos\u00bb","datePublished":"2021-03-06T19:44:16+00:00","dateModified":"2021-03-06T19:46:05+00:00","mainEntityOfPage":{"@id":"https:\/\/informelitoral.com.ar\/convocan-a-un-radicalismo-fuerte-para-reconstruir-entre-rios\/"},"wordCount":606,"commentCount":0,"publisher":{"@id":"https:\/\/informelitoral.com.ar\/#organization"},"image":{"@id":"https:\/\/informelitoral.com.ar\/convocan-a-un-radicalismo-fuerte-para-reconstruir-entre-rios\/#primaryimage"},"thumbnailUrl":"https:\/\/informelitoral.com.ar\/%77%70%2d%63%6f%6e%74%65%6e%74\/uploads\/2021\/03\/ec62c776-0ced-47ca-9daf-0c7c9349b1c6.jpg","keywords":["UCR"],"articleSection":["Politica"],"inLanguage":"es","potentialAction":[{"@type":"CommentAction","name":"Comment","target":["https:\/\/informelitoral.com.ar\/convocan-a-un-radicalismo-fuerte-para-reconstruir-entre-rios\/#respond"]}]},{"@type":"WebPage","@id":"https:\/\/informelitoral.com.ar\/convocan-a-un-radicalismo-fuerte-para-reconstruir-entre-rios\/","url":"https:\/\/informelitoral.com.ar\/convocan-a-un-radicalismo-fuerte-para-reconstruir-entre-rios\/","name":"Convocan a \"un radicalismo fuerte para reconstruir Entre R\u00edos\" - Informe Litoral","isPartOf":{"@id":"https:\/\/informelitoral.com.ar\/#website"},"primaryImageOfPage":{"@id":"https:\/\/informelitoral.com.ar\/convocan-a-un-radicalismo-fuerte-para-reconstruir-entre-rios\/#primaryimage"},"image":{"@id":"https:\/\/informelitoral.com.ar\/convocan-a-un-radicalismo-fuerte-para-reconstruir-entre-rios\/#primaryimage"},"thumbnailUrl":"https:\/\/informelitoral.com.ar\/%77%70%2d%63%6f%6e%74%65%6e%74\/uploads\/2021\/03\/ec62c776-0ced-47ca-9daf-0c7c9349b1c6.jpg","datePublished":"2021-03-06T19:44:16+00:00","dateModified":"2021-03-06T19:46:05+00:00","breadcrumb":{"@id":"https:\/\/informelitoral.com.ar\/convocan-a-un-radicalismo-fuerte-para-reconstruir-entre-rios\/#breadcrumb"},"inLanguage":"es","potentialAction":[{"@type":"ReadAction","target":["https:\/\/informelitoral.com.ar\/convocan-a-un-radicalismo-fuerte-para-reconstruir-entre-rios\/"]}]},{"@type":"ImageObject","inLanguage":"es","@id":"https:\/\/informelitoral.com.ar\/convocan-a-un-radicalismo-fuerte-para-reconstruir-entre-rios\/#primaryimage","url":"https:\/\/informelitoral.com.ar\/%77%70%2d%63%6f%6e%74%65%6e%74\/uploads\/2021\/03\/ec62c776-0ced-47ca-9daf-0c7c9349b1c6.jpg","contentUrl":"https:\/\/informelitoral.com.ar\/%77%70%2d%63%6f%6e%74%65%6e%74\/uploads\/2021\/03\/ec62c776-0ced-47ca-9daf-0c7c9349b1c6.jpg","width":1280,"height":720},{"@type":"BreadcrumbList","@id":"https:\/\/informelitoral.com.ar\/convocan-a-un-radicalismo-fuerte-para-reconstruir-entre-rios\/#breadcrumb","itemListElement":[{"@type":"ListItem","position":1,"name":"Portada","item":"https:\/\/informelitoral.com.ar\/"},{"@type":"ListItem","position":2,"name":"Convocan a \u00abun radicalismo fuerte para reconstruir Entre R\u00edos\u00bb"}]},{"@type":"WebSite","@id":"https:\/\/informelitoral.com.ar\/#website","url":"https:\/\/informelitoral.com.ar\/","name":"Informe Litoral","description":"&quot;Nos informamos&quot; ","publisher":{"@id":"https:\/\/informelitoral.com.ar\/#organization"},"potentialAction":[{"@type":"SearchAction","target":{"@type":"EntryPoint","urlTemplate":"https:\/\/informelitoral.com.ar\/?s={search_term_string}"},"query-input":{"@type":"PropertyValueSpecification","valueRequired":true,"valueName":"search_term_string"}}],"inLanguage":"es"},{"@type":"Organization","@id":"https:\/\/informelitoral.com.ar\/#organization","name":"Informe Litoral","url":"https:\/\/informelitoral.com.ar\/","logo":{"@type":"ImageObject","inLanguage":"es","@id":"https:\/\/informelitoral.com.ar\/#\/schema\/logo\/image\/","url":"https:\/\/informelitoral.com.ar\/%77%70%2d%63%6f%6e%74%65%6e%74\/uploads\/2021\/01\/circulo.png","contentUrl":"https:\/\/informelitoral.com.ar\/%77%70%2d%63%6f%6e%74%65%6e%74\/uploads\/2021\/01\/circulo.png","width":723,"height":731,"caption":"Informe Litoral"},"image":{"@id":"https:\/\/informelitoral.com.ar\/#\/schema\/logo\/image\/"},"sameAs":["https:\/\/www.facebook.com\/informelitoral\/","https:\/\/x.com\/InformeLitoral","https:\/\/www.instagram.com\/informelitoral\/","https:\/\/www.youtube.com\/channel\/UCua4Qvz8Icb6MYqhoq9xLXw"]},{"@type":"Person","@id":"https:\/\/informelitoral.com.ar\/#\/schema\/person\/b9d00407c836482871ef1d57bf8e3180","name":"Gonzalo Schmidt","image":{"@type":"ImageObject","inLanguage":"es","@id":"https:\/\/secure.gravatar.com\/avatar\/31a1a7b66ff2de83bd0e9fd79d026630d2d99e55e8bfe501287647b4fd9743de?s=96&d=mm&r=g","url":"https:\/\/secure.gravatar.com\/avatar\/31a1a7b66ff2de83bd0e9fd79d026630d2d99e55e8bfe501287647b4fd9743de?s=96&d=mm&r=g","contentUrl":"https:\/\/secure.gravatar.com\/avatar\/31a1a7b66ff2de83bd0e9fd79d026630d2d99e55e8bfe501287647b4fd9743de?s=96&d=mm&r=g","caption":"Gonzalo Schmidt"},"description":"Sitio web de noticias de la provincia de Entre R\u00edos, Argentina. Informaci\u00f3n y entretenimiento. Informe Litoral, nos informamos.","sameAs":["http:\/\/www.isletasnoticias.com.ar"],"url":"https:\/\/informelitoral.com.ar\/author\/gonzalo\/"}]}},"_links":{"self":[{"href":"https:\/\/informelitoral.com.ar\/%77%70%2d%6a%73%6f%6e\/wp\/v2\/posts\/57448","targetHints":{"allow":["GET"]}}],"collection":[{"href":"https:\/\/informelitoral.com.ar\/%77%70%2d%6a%73%6f%6e\/wp\/v2\/posts"}],"about":[{"href":"https:\/\/informelitoral.com.ar\/%77%70%2d%6a%73%6f%6e\/wp\/v2\/types\/post"}],"author":[{"embeddable":true,"href":"https:\/\/informelitoral.com.ar\/%77%70%2d%6a%73%6f%6e\/wp\/v2\/users\/2"}],"replies":[{"embeddable":true,"href":"https:\/\/informelitoral.com.ar\/%77%70%2d%6a%73%6f%6e\/wp\/v2\/comments?post=57448"}],"version-history":[{"count":0,"href":"https:\/\/informelitoral.com.ar\/%77%70%2d%6a%73%6f%6e\/wp\/v2\/posts\/57448\/revisions"}],"wp:featuredmedia":[{"embeddable":true,"href":"https:\/\/informelitoral.com.ar\/%77%70%2d%6a%73%6f%6e\/wp\/v2\/media\/57449"}],"wp:attachment":[{"href":"https:\/\/informelitoral.com.ar\/%77%70%2d%6a%73%6f%6e\/wp\/v2\/media?parent=57448"}],"wp:term":[{"taxonomy":"category","embeddable":true,"href":"https:\/\/informelitoral.com.ar\/%77%70%2d%6a%73%6f%6e\/wp\/v2\/categories?post=57448"},{"taxonomy":"post_tag","embeddable":true,"href":"https:\/\/informelitoral.com.ar\/%77%70%2d%6a%73%6f%6e\/wp\/v2\/tags?post=57448"}],"curies":[{"name":"wp","href":"https:\/\/api.w.org\/{rel}","templated":true}]}}