{"id":57173,"date":"2021-03-01T15:51:45","date_gmt":"2021-03-01T18:51:45","guid":{"rendered":"https:\/\/www.informelitoral.com.ar\/?p=57173"},"modified":"2021-03-01T15:51:45","modified_gmt":"2021-03-01T18:51:45","slug":"mas-de-12-millones-de-personas-se-movilizaron-en-el-verano-2021","status":"publish","type":"post","link":"https:\/\/informelitoral.com.ar\/mas-de-12-millones-de-personas-se-movilizaron-en-el-verano-2021\/","title":{"rendered":"M\u00e1s de 12 millones de personas se movilizaron en el verano 2021"},"content":{"rendered":"<p>Desde el Ministerio de\u00a0Turismo\u00a0y Deportes informaron que el Partido de la Costa, Mar del Plata, Villa Gesell, Villa Carlos Paz, Pinamar, Bariloche, Monte Hermoso, Miramar, San Mart\u00edn de los Andes, C\u00f3rdoba, Salta, Necochea, Merlo y\u00a0<strong>Gualeguaych\u00fa\u00a0<\/strong>tuvieron el mayor caudal tur\u00edstico.<\/p>\n<p>A su vez,\u00a0el 75% del movimiento total se reparti\u00f3 entre las provincias de Buenos Aires, C\u00f3rdoba, <strong>Entre R\u00edos<\/strong>, R\u00edo Negro y Neuqu\u00e9n. El 82% de los y las turistas viajaron en auto y la estad\u00eda promedio fue de 5 d\u00edas.<\/p>\n<p>\u00abHoy podemos decir que logramos nuestros objetivos: m\u00e1s de 12 millones de personas eligieron viajar por la Argentina, generando un alto nivel de ocupaci\u00f3n y un fuerte impacto en las econom\u00edas regionales, logrando adem\u00e1s una baja en la curva de contagios. El \u00e9xito de esta temporada especial es de todos y todas\u00bb, expres\u00f3 el ministro de Turismo y Deportes, Mat\u00edas Lammens.<\/p>\n<p>La temporada 2021 tuvo momentos pico: el fin de semana largo de Carnaval, con m\u00e1s de 3 millones de turistas movilizados y ocupaci\u00f3n plena en decenas de localidades; el cuarto fin de semana del a\u00f1o (23 y 24 de enero), con m\u00e1s de 2.4 millones de personas movilizadas por todo el pa\u00eds; y el el fin de semana largo de A\u00f1o Nuevo 2021, donde 2 millones de personas viajaron por Argentina.<\/p>\n<p>Con la decisi\u00f3n pol\u00edtica de tener temporada de verano, se defini\u00f3 la puesta en marcha de 19 Centros Modulares Sanitarios en ciudades tur\u00edsticas, el despliegue del plan DetectAr,<strong>\u00a0<\/strong>la presencia de promotores tur\u00edsticos en los principales centro del pa\u00eds, la puesta en marcha del programa Municipios Responsables en las localidades tur\u00edsticas para que implementen campa\u00f1as y puedan adaptarse a los protocolos vigentes, entre otras medidas.<\/p>\n<p>En el mismo sentido, se llev\u00f3 adelante junto con la Secretar\u00eda de Innovaci\u00f3n P\u00fablica la Web Verano, donde se puede acceder a los requisitos para ingresar a todas las provincias y completar el Certificado Verano, adem\u00e1s de descargar los protocolos con recomendaciones sanitarias para playas, balnearios, alojamientos y establecimientos gastron\u00f3micos, entre otros.<\/p>\n","protected":false},"excerpt":{"rendered":"<p>Es seg\u00fan datos oficiales del Gobierno. La Costa Atl\u00e1ntica encabeza el ranking de los destinos m\u00e1s visitados.<\/p>\n","protected":false},"author":2,"featured_media":23217,"comment_status":"open","ping_status":"open","sticky":false,"template":"","format":"standard","meta":{"fifu_image_url":"","fifu_image_alt":"","footnotes":""},"categories":[7,1378],"tags":[104,2078,1261],"class_list":{"0":"post-57173","1":"post","2":"type-post","3":"status-publish","4":"format-standard","5":"has-post-thumbnail","7":"category-nacionales","8":"category-turismo","9":"tag-turismo","10":"tag-vacaciones-de-verano","11":"tag-verano"},"yoast_head":"<title>M\u00e1s de 12 millones de personas se movilizaron en el verano 2021 - Informe Litoral<\/title>\n<meta name=\"robots\" content=\"index, follow, max-snippet:-1, max-image-preview:large, max-video-preview:-1\" \/>\n<link rel=\"canonical\" href=\"https:\/\/informelitoral.com.ar\/mas-de-12-millones-de-personas-se-movilizaron-en-el-verano-2021\/\" \/>\n<meta property=\"og:locale\" content=\"es_ES\" \/>\n<meta property=\"og:type\" content=\"article\" \/>\n<meta property=\"og:title\" content=\"M\u00e1s de 12 millones de personas se movilizaron en el verano 2021 - Informe Litoral\" \/>\n<meta property=\"og:description\" content=\"Es seg\u00fan datos oficiales del Gobierno. La Costa Atl\u00e1ntica encabeza el ranking de los destinos m\u00e1s visitados.\" \/>\n<meta property=\"og:url\" content=\"https:\/\/informelitoral.com.ar\/mas-de-12-millones-de-personas-se-movilizaron-en-el-verano-2021\/\" \/>\n<meta property=\"og:site_name\" content=\"Informe Litoral\" \/>\n<meta property=\"article:publisher\" content=\"https:\/\/www.facebook.com\/informelitoral\/\" \/>\n<meta property=\"article:published_time\" content=\"2021-03-01T18:51:45+00:00\" \/>\n<meta property=\"og:image\" content=\"https:\/\/informelitoral.com.ar\/%77%70%2d%63%6f%6e%74%65%6e%74\/uploads\/2017\/09\/turismo-feriados-puente.jpg\" \/>\n\t<meta property=\"og:image:width\" content=\"1000\" \/>\n\t<meta property=\"og:image:height\" content=\"500\" \/>\n\t<meta property=\"og:image:type\" content=\"image\/jpeg\" \/>\n<meta name=\"author\" content=\"Gonzalo Schmidt\" \/>\n<meta name=\"twitter:card\" content=\"summary_large_image\" \/>\n<meta name=\"twitter:creator\" content=\"@InformeLitoral\" \/>\n<meta name=\"twitter:site\" content=\"@InformeLitoral\" \/>\n<meta name=\"twitter:label1\" content=\"Escrito por\" \/>\n\t<meta name=\"twitter:data1\" content=\"Gonzalo Schmidt\" \/>\n\t<meta name=\"twitter:label2\" content=\"Tiempo de lectura\" \/>\n\t<meta name=\"twitter:data2\" content=\"2 minutos\" \/>\n<script type=\"application\/ld+json\" class=\"yoast-schema-graph\">{\"@context\":\"https:\\\/\\\/schema.org\",\"@graph\":[{\"@type\":\"Article\",\"@id\":\"https:\\\/\\\/informelitoral.com.ar\\\/mas-de-12-millones-de-personas-se-movilizaron-en-el-verano-2021\\\/#article\",\"isPartOf\":{\"@id\":\"https:\\\/\\\/informelitoral.com.ar\\\/mas-de-12-millones-de-personas-se-movilizaron-en-el-verano-2021\\\/\"},\"author\":{\"name\":\"Gonzalo Schmidt\",\"@id\":\"https:\\\/\\\/informelitoral.com.ar\\\/#\\\/schema\\\/person\\\/b9d00407c836482871ef1d57bf8e3180\"},\"headline\":\"M\u00e1s de 12 millones de personas se movilizaron en el verano 2021\",\"datePublished\":\"2021-03-01T18:51:45+00:00\",\"mainEntityOfPage\":{\"@id\":\"https:\\\/\\\/informelitoral.com.ar\\\/mas-de-12-millones-de-personas-se-movilizaron-en-el-verano-2021\\\/\"},\"wordCount\":364,\"commentCount\":0,\"publisher\":{\"@id\":\"https:\\\/\\\/informelitoral.com.ar\\\/#organization\"},\"image\":{\"@id\":\"https:\\\/\\\/informelitoral.com.ar\\\/mas-de-12-millones-de-personas-se-movilizaron-en-el-verano-2021\\\/#primaryimage\"},\"thumbnailUrl\":\"https:\\\/\\\/informelitoral.com.ar\\\/%77%70%2d%63%6f%6e%74%65%6e%74\\\/uploads\\\/2017\\\/09\\\/turismo-feriados-puente.jpg\",\"keywords\":[\"Turismo\",\"Vacaciones de verano\",\"Verano\"],\"articleSection\":[\"Nacionales\",\"Turismo\"],\"inLanguage\":\"es\",\"potentialAction\":[{\"@type\":\"CommentAction\",\"name\":\"Comment\",\"target\":[\"https:\\\/\\\/informelitoral.com.ar\\\/mas-de-12-millones-de-personas-se-movilizaron-en-el-verano-2021\\\/#respond\"]}]},{\"@type\":\"WebPage\",\"@id\":\"https:\\\/\\\/informelitoral.com.ar\\\/mas-de-12-millones-de-personas-se-movilizaron-en-el-verano-2021\\\/\",\"url\":\"https:\\\/\\\/informelitoral.com.ar\\\/mas-de-12-millones-de-personas-se-movilizaron-en-el-verano-2021\\\/\",\"name\":\"M\u00e1s de 12 millones de personas se movilizaron en el verano 2021 - Informe Litoral\",\"isPartOf\":{\"@id\":\"https:\\\/\\\/informelitoral.com.ar\\\/#website\"},\"primaryImageOfPage\":{\"@id\":\"https:\\\/\\\/informelitoral.com.ar\\\/mas-de-12-millones-de-personas-se-movilizaron-en-el-verano-2021\\\/#primaryimage\"},\"image\":{\"@id\":\"https:\\\/\\\/informelitoral.com.ar\\\/mas-de-12-millones-de-personas-se-movilizaron-en-el-verano-2021\\\/#primaryimage\"},\"thumbnailUrl\":\"https:\\\/\\\/informelitoral.com.ar\\\/%77%70%2d%63%6f%6e%74%65%6e%74\\\/uploads\\\/2017\\\/09\\\/turismo-feriados-puente.jpg\",\"datePublished\":\"2021-03-01T18:51:45+00:00\",\"breadcrumb\":{\"@id\":\"https:\\\/\\\/informelitoral.com.ar\\\/mas-de-12-millones-de-personas-se-movilizaron-en-el-verano-2021\\\/#breadcrumb\"},\"inLanguage\":\"es\",\"potentialAction\":[{\"@type\":\"ReadAction\",\"target\":[\"https:\\\/\\\/informelitoral.com.ar\\\/mas-de-12-millones-de-personas-se-movilizaron-en-el-verano-2021\\\/\"]}]},{\"@type\":\"ImageObject\",\"inLanguage\":\"es\",\"@id\":\"https:\\\/\\\/informelitoral.com.ar\\\/mas-de-12-millones-de-personas-se-movilizaron-en-el-verano-2021\\\/#primaryimage\",\"url\":\"https:\\\/\\\/informelitoral.com.ar\\\/%77%70%2d%63%6f%6e%74%65%6e%74\\\/uploads\\\/2017\\\/09\\\/turismo-feriados-puente.jpg\",\"contentUrl\":\"https:\\\/\\\/informelitoral.com.ar\\\/%77%70%2d%63%6f%6e%74%65%6e%74\\\/uploads\\\/2017\\\/09\\\/turismo-feriados-puente.jpg\",\"width\":1000,\"height\":500},{\"@type\":\"BreadcrumbList\",\"@id\":\"https:\\\/\\\/informelitoral.com.ar\\\/mas-de-12-millones-de-personas-se-movilizaron-en-el-verano-2021\\\/#breadcrumb\",\"itemListElement\":[{\"@type\":\"ListItem\",\"position\":1,\"name\":\"Portada\",\"item\":\"https:\\\/\\\/informelitoral.com.ar\\\/\"},{\"@type\":\"ListItem\",\"position\":2,\"name\":\"M\u00e1s de 12 millones de personas se movilizaron en el verano 2021\"}]},{\"@type\":\"WebSite\",\"@id\":\"https:\\\/\\\/informelitoral.com.ar\\\/#website\",\"url\":\"https:\\\/\\\/informelitoral.com.ar\\\/\",\"name\":\"Informe Litoral\",\"description\":\"&quot;Nos informamos&quot; \",\"publisher\":{\"@id\":\"https:\\\/\\\/informelitoral.com.ar\\\/#organization\"},\"potentialAction\":[{\"@type\":\"SearchAction\",\"target\":{\"@type\":\"EntryPoint\",\"urlTemplate\":\"https:\\\/\\\/informelitoral.com.ar\\\/?s={search_term_string}\"},\"query-input\":{\"@type\":\"PropertyValueSpecification\",\"valueRequired\":true,\"valueName\":\"search_term_string\"}}],\"inLanguage\":\"es\"},{\"@type\":\"Organization\",\"@id\":\"https:\\\/\\\/informelitoral.com.ar\\\/#organization\",\"name\":\"Informe Litoral\",\"url\":\"https:\\\/\\\/informelitoral.com.ar\\\/\",\"logo\":{\"@type\":\"ImageObject\",\"inLanguage\":\"es\",\"@id\":\"https:\\\/\\\/informelitoral.com.ar\\\/#\\\/schema\\\/logo\\\/image\\\/\",\"url\":\"https:\\\/\\\/informelitoral.com.ar\\\/%77%70%2d%63%6f%6e%74%65%6e%74\\\/uploads\\\/2021\\\/01\\\/circulo.png\",\"contentUrl\":\"https:\\\/\\\/informelitoral.com.ar\\\/%77%70%2d%63%6f%6e%74%65%6e%74\\\/uploads\\\/2021\\\/01\\\/circulo.png\",\"width\":723,\"height\":731,\"caption\":\"Informe Litoral\"},\"image\":{\"@id\":\"https:\\\/\\\/informelitoral.com.ar\\\/#\\\/schema\\\/logo\\\/image\\\/\"},\"sameAs\":[\"https:\\\/\\\/www.facebook.com\\\/informelitoral\\\/\",\"https:\\\/\\\/x.com\\\/InformeLitoral\",\"https:\\\/\\\/www.instagram.com\\\/informelitoral\\\/\",\"https:\\\/\\\/www.youtube.com\\\/channel\\\/UCua4Qvz8Icb6MYqhoq9xLXw\"]},{\"@type\":\"Person\",\"@id\":\"https:\\\/\\\/informelitoral.com.ar\\\/#\\\/schema\\\/person\\\/b9d00407c836482871ef1d57bf8e3180\",\"name\":\"Gonzalo Schmidt\",\"image\":{\"@type\":\"ImageObject\",\"inLanguage\":\"es\",\"@id\":\"https:\\\/\\\/secure.gravatar.com\\\/avatar\\\/31a1a7b66ff2de83bd0e9fd79d026630d2d99e55e8bfe501287647b4fd9743de?s=96&d=mm&r=g\",\"url\":\"https:\\\/\\\/secure.gravatar.com\\\/avatar\\\/31a1a7b66ff2de83bd0e9fd79d026630d2d99e55e8bfe501287647b4fd9743de?s=96&d=mm&r=g\",\"contentUrl\":\"https:\\\/\\\/secure.gravatar.com\\\/avatar\\\/31a1a7b66ff2de83bd0e9fd79d026630d2d99e55e8bfe501287647b4fd9743de?s=96&d=mm&r=g\",\"caption\":\"Gonzalo Schmidt\"},\"description\":\"Sitio web de noticias de la provincia de Entre R\u00edos, Argentina. Informaci\u00f3n y entretenimiento. Informe Litoral, nos informamos.\",\"sameAs\":[\"http:\\\/\\\/www.isletasnoticias.com.ar\"],\"url\":\"https:\\\/\\\/informelitoral.com.ar\\\/author\\\/gonzalo\\\/\"}]}<\/script>","yoast_head_json":{"title":"M\u00e1s de 12 millones de personas se movilizaron en el verano 2021 - Informe Litoral","robots":{"index":"index","follow":"follow","max-snippet":"max-snippet:-1","max-image-preview":"max-image-preview:large","max-video-preview":"max-video-preview:-1"},"canonical":"https:\/\/informelitoral.com.ar\/mas-de-12-millones-de-personas-se-movilizaron-en-el-verano-2021\/","og_locale":"es_ES","og_type":"article","og_title":"M\u00e1s de 12 millones de personas se movilizaron en el verano 2021 - Informe Litoral","og_description":"Es seg\u00fan datos oficiales del Gobierno. La Costa Atl\u00e1ntica encabeza el ranking de los destinos m\u00e1s visitados.","og_url":"https:\/\/informelitoral.com.ar\/mas-de-12-millones-de-personas-se-movilizaron-en-el-verano-2021\/","og_site_name":"Informe Litoral","article_publisher":"https:\/\/www.facebook.com\/informelitoral\/","article_published_time":"2021-03-01T18:51:45+00:00","og_image":[{"width":1000,"height":500,"url":"https:\/\/informelitoral.com.ar\/%77%70%2d%63%6f%6e%74%65%6e%74\/uploads\/2017\/09\/turismo-feriados-puente.jpg","type":"image\/jpeg"}],"author":"Gonzalo Schmidt","twitter_card":"summary_large_image","twitter_creator":"@InformeLitoral","twitter_site":"@InformeLitoral","twitter_misc":{"Escrito por":"Gonzalo Schmidt","Tiempo de lectura":"2 minutos"},"schema":{"@context":"https:\/\/schema.org","@graph":[{"@type":"Article","@id":"https:\/\/informelitoral.com.ar\/mas-de-12-millones-de-personas-se-movilizaron-en-el-verano-2021\/#article","isPartOf":{"@id":"https:\/\/informelitoral.com.ar\/mas-de-12-millones-de-personas-se-movilizaron-en-el-verano-2021\/"},"author":{"name":"Gonzalo Schmidt","@id":"https:\/\/informelitoral.com.ar\/#\/schema\/person\/b9d00407c836482871ef1d57bf8e3180"},"headline":"M\u00e1s de 12 millones de personas se movilizaron en el verano 2021","datePublished":"2021-03-01T18:51:45+00:00","mainEntityOfPage":{"@id":"https:\/\/informelitoral.com.ar\/mas-de-12-millones-de-personas-se-movilizaron-en-el-verano-2021\/"},"wordCount":364,"commentCount":0,"publisher":{"@id":"https:\/\/informelitoral.com.ar\/#organization"},"image":{"@id":"https:\/\/informelitoral.com.ar\/mas-de-12-millones-de-personas-se-movilizaron-en-el-verano-2021\/#primaryimage"},"thumbnailUrl":"https:\/\/informelitoral.com.ar\/%77%70%2d%63%6f%6e%74%65%6e%74\/uploads\/2017\/09\/turismo-feriados-puente.jpg","keywords":["Turismo","Vacaciones de verano","Verano"],"articleSection":["Nacionales","Turismo"],"inLanguage":"es","potentialAction":[{"@type":"CommentAction","name":"Comment","target":["https:\/\/informelitoral.com.ar\/mas-de-12-millones-de-personas-se-movilizaron-en-el-verano-2021\/#respond"]}]},{"@type":"WebPage","@id":"https:\/\/informelitoral.com.ar\/mas-de-12-millones-de-personas-se-movilizaron-en-el-verano-2021\/","url":"https:\/\/informelitoral.com.ar\/mas-de-12-millones-de-personas-se-movilizaron-en-el-verano-2021\/","name":"M\u00e1s de 12 millones de personas se movilizaron en el verano 2021 - Informe Litoral","isPartOf":{"@id":"https:\/\/informelitoral.com.ar\/#website"},"primaryImageOfPage":{"@id":"https:\/\/informelitoral.com.ar\/mas-de-12-millones-de-personas-se-movilizaron-en-el-verano-2021\/#primaryimage"},"image":{"@id":"https:\/\/informelitoral.com.ar\/mas-de-12-millones-de-personas-se-movilizaron-en-el-verano-2021\/#primaryimage"},"thumbnailUrl":"https:\/\/informelitoral.com.ar\/%77%70%2d%63%6f%6e%74%65%6e%74\/uploads\/2017\/09\/turismo-feriados-puente.jpg","datePublished":"2021-03-01T18:51:45+00:00","breadcrumb":{"@id":"https:\/\/informelitoral.com.ar\/mas-de-12-millones-de-personas-se-movilizaron-en-el-verano-2021\/#breadcrumb"},"inLanguage":"es","potentialAction":[{"@type":"ReadAction","target":["https:\/\/informelitoral.com.ar\/mas-de-12-millones-de-personas-se-movilizaron-en-el-verano-2021\/"]}]},{"@type":"ImageObject","inLanguage":"es","@id":"https:\/\/informelitoral.com.ar\/mas-de-12-millones-de-personas-se-movilizaron-en-el-verano-2021\/#primaryimage","url":"https:\/\/informelitoral.com.ar\/%77%70%2d%63%6f%6e%74%65%6e%74\/uploads\/2017\/09\/turismo-feriados-puente.jpg","contentUrl":"https:\/\/informelitoral.com.ar\/%77%70%2d%63%6f%6e%74%65%6e%74\/uploads\/2017\/09\/turismo-feriados-puente.jpg","width":1000,"height":500},{"@type":"BreadcrumbList","@id":"https:\/\/informelitoral.com.ar\/mas-de-12-millones-de-personas-se-movilizaron-en-el-verano-2021\/#breadcrumb","itemListElement":[{"@type":"ListItem","position":1,"name":"Portada","item":"https:\/\/informelitoral.com.ar\/"},{"@type":"ListItem","position":2,"name":"M\u00e1s de 12 millones de personas se movilizaron en el verano 2021"}]},{"@type":"WebSite","@id":"https:\/\/informelitoral.com.ar\/#website","url":"https:\/\/informelitoral.com.ar\/","name":"Informe Litoral","description":"&quot;Nos informamos&quot; ","publisher":{"@id":"https:\/\/informelitoral.com.ar\/#organization"},"potentialAction":[{"@type":"SearchAction","target":{"@type":"EntryPoint","urlTemplate":"https:\/\/informelitoral.com.ar\/?s={search_term_string}"},"query-input":{"@type":"PropertyValueSpecification","valueRequired":true,"valueName":"search_term_string"}}],"inLanguage":"es"},{"@type":"Organization","@id":"https:\/\/informelitoral.com.ar\/#organization","name":"Informe Litoral","url":"https:\/\/informelitoral.com.ar\/","logo":{"@type":"ImageObject","inLanguage":"es","@id":"https:\/\/informelitoral.com.ar\/#\/schema\/logo\/image\/","url":"https:\/\/informelitoral.com.ar\/%77%70%2d%63%6f%6e%74%65%6e%74\/uploads\/2021\/01\/circulo.png","contentUrl":"https:\/\/informelitoral.com.ar\/%77%70%2d%63%6f%6e%74%65%6e%74\/uploads\/2021\/01\/circulo.png","width":723,"height":731,"caption":"Informe Litoral"},"image":{"@id":"https:\/\/informelitoral.com.ar\/#\/schema\/logo\/image\/"},"sameAs":["https:\/\/www.facebook.com\/informelitoral\/","https:\/\/x.com\/InformeLitoral","https:\/\/www.instagram.com\/informelitoral\/","https:\/\/www.youtube.com\/channel\/UCua4Qvz8Icb6MYqhoq9xLXw"]},{"@type":"Person","@id":"https:\/\/informelitoral.com.ar\/#\/schema\/person\/b9d00407c836482871ef1d57bf8e3180","name":"Gonzalo Schmidt","image":{"@type":"ImageObject","inLanguage":"es","@id":"https:\/\/secure.gravatar.com\/avatar\/31a1a7b66ff2de83bd0e9fd79d026630d2d99e55e8bfe501287647b4fd9743de?s=96&d=mm&r=g","url":"https:\/\/secure.gravatar.com\/avatar\/31a1a7b66ff2de83bd0e9fd79d026630d2d99e55e8bfe501287647b4fd9743de?s=96&d=mm&r=g","contentUrl":"https:\/\/secure.gravatar.com\/avatar\/31a1a7b66ff2de83bd0e9fd79d026630d2d99e55e8bfe501287647b4fd9743de?s=96&d=mm&r=g","caption":"Gonzalo Schmidt"},"description":"Sitio web de noticias de la provincia de Entre R\u00edos, Argentina. Informaci\u00f3n y entretenimiento. Informe Litoral, nos informamos.","sameAs":["http:\/\/www.isletasnoticias.com.ar"],"url":"https:\/\/informelitoral.com.ar\/author\/gonzalo\/"}]}},"_links":{"self":[{"href":"https:\/\/informelitoral.com.ar\/%77%70%2d%6a%73%6f%6e\/wp\/v2\/posts\/57173","targetHints":{"allow":["GET"]}}],"collection":[{"href":"https:\/\/informelitoral.com.ar\/%77%70%2d%6a%73%6f%6e\/wp\/v2\/posts"}],"about":[{"href":"https:\/\/informelitoral.com.ar\/%77%70%2d%6a%73%6f%6e\/wp\/v2\/types\/post"}],"author":[{"embeddable":true,"href":"https:\/\/informelitoral.com.ar\/%77%70%2d%6a%73%6f%6e\/wp\/v2\/users\/2"}],"replies":[{"embeddable":true,"href":"https:\/\/informelitoral.com.ar\/%77%70%2d%6a%73%6f%6e\/wp\/v2\/comments?post=57173"}],"version-history":[{"count":0,"href":"https:\/\/informelitoral.com.ar\/%77%70%2d%6a%73%6f%6e\/wp\/v2\/posts\/57173\/revisions"}],"wp:featuredmedia":[{"embeddable":true,"href":"https:\/\/informelitoral.com.ar\/%77%70%2d%6a%73%6f%6e\/wp\/v2\/media\/23217"}],"wp:attachment":[{"href":"https:\/\/informelitoral.com.ar\/%77%70%2d%6a%73%6f%6e\/wp\/v2\/media?parent=57173"}],"wp:term":[{"taxonomy":"category","embeddable":true,"href":"https:\/\/informelitoral.com.ar\/%77%70%2d%6a%73%6f%6e\/wp\/v2\/categories?post=57173"},{"taxonomy":"post_tag","embeddable":true,"href":"https:\/\/informelitoral.com.ar\/%77%70%2d%6a%73%6f%6e\/wp\/v2\/tags?post=57173"}],"curies":[{"name":"wp","href":"https:\/\/api.w.org\/{rel}","templated":true}]}}