{"id":57164,"date":"2021-03-01T14:58:12","date_gmt":"2021-03-01T17:58:12","guid":{"rendered":"https:\/\/www.informelitoral.com.ar\/?p=57164"},"modified":"2021-03-01T14:58:12","modified_gmt":"2021-03-01T17:58:12","slug":"alberto-fernandez-impulsara-una-querella-criminal-por-el-endeudamiento-durante-el-macrismo","status":"publish","type":"post","link":"https:\/\/informelitoral.com.ar\/alberto-fernandez-impulsara-una-querella-criminal-por-el-endeudamiento-durante-el-macrismo\/","title":{"rendered":"Alberto Fern\u00e1ndez impulsar\u00e1 una \u00abquerella criminal\u00bb por el endeudamiento durante el macrismo"},"content":{"rendered":"<div class=\"detail-body\">\n<article id=\"note-body\" class=\"note-body first\" data-twitter-link=\"https:\/\/twitter.com\/intent\/tweet?url=https:\/\/www.minutouno.com\/c5173364&amp;v\u00eda=minutounocom&amp;related=MinutoUno&amp;text=\">\n<div class=\"row\">\n<div class=\"inside-note col-xs-12\">\n<p>El presidente\u00a0<strong>Alberto Fern\u00e1ndez<\/strong>\u00a0anunci\u00f3 hoy que dio instrucciones para que se inicie una \u00ab<span id=\"saysCMSEmphasis5jizehd0yji\" class=\"saysCMSEmphasis\">querella criminal<\/span>\u00bb destinada a determinar delitos en el endeudamiento que asumi\u00f3 Argentina durante el Gobierno de<strong>\u00a0Mauricio Macri,\u00a0<\/strong>sin la autorizaci\u00f3n del Congreso.<\/p>\n<p>\u00ab<span id=\"saysCMSEmphasisww3fherkw6f\" class=\"saysCMSEmphasis\">He instruido para que se inicie una querella criminal para determinar quienes fueron los autores de la mayor administraci\u00f3n fraudulenta y malversaci\u00f3n de caudales p\u00fablicos de la historia<\/span>\u00ab, dijo ante la Asamblea Legislativa.<\/p>\n<\/div>\n<\/div>\n<\/article>\n<\/div>\n<div class=\"detail-body \">\n<article id=\"note-body\" class=\"note-body\" data-twitter-link=\"https:\/\/twitter.com\/intent\/tweet?url=https:\/\/www.minutouno.com\/c5173364&amp;v\u00eda=minutounocom&amp;related=MinutoUno&amp;text=\">\n<div class=\"row\">\n<div class=\"inside-note col-xs-12\">\n<p>As\u00ed lo inform\u00f3 en la apertura de sesiones ordinarias del Congreso sobre el irregular pedido del pr\u00e9stamo al\u00a0<strong>Fondo Monetario Internacional (FMI).<\/strong><\/p>\n<p>El objetivo es \u00ab<strong>determinar qui\u00e9nes han sido los autores de la mayor administraci\u00f3n fraudulenta y malversaci\u00f3n de caudales<\/strong>\u00ab, sostuvo Fern\u00e1ndez desde el Congreso.<\/p>\n<p>\u201cAun nos queda resolver nuestra deuda con el FMI. Se trata de un endeudamiento singular por los montos y por los plazos de repago que pact\u00f3 el gobierno anterior.<strong>\u00a0A una Argentina en absoluto default, el FMI le adjudic\u00f3 un pr\u00e9stamos de 55 mil millones de d\u00f3lares, el m\u00e1s alto de su historia<\/strong>\u201d, expres\u00f3 el Presidente.<\/p>\n<p>Y detall\u00f3 que \u201cde esa cifra se desembolsaron 44 mil millones que solo sirvieron para facilitar la salida del mercado financiero argentino de capitales especulativos con la absoluta anuencia de las autoridades de ese entonces\u201d.<\/p>\n<p>\u201cEse monto adeudado, seg\u00fan lo acordado por el Gobierno que nos prescindi\u00f3, debe ser pagado en cuatro a\u00f1os. En\u00a0<strong>2022<\/strong>\u00a0esta cifra alcanza a\u00a0<strong>18.902 millones de d\u00f3lares<\/strong>, el a\u00f1o subsiguiente el monto asciende a<strong>\u00a019.186 millones<\/strong>.\u00a0<strong>Reci\u00e9n en 2024 el pago de la deuda se cancela abonando 4.921 millones de d\u00f3lares<\/strong>\u201d, puntualiz\u00f3 Alberto Fern\u00e1ndez.<\/p>\n<p>Y denunci\u00f3: \u201cAhora sabemos tambi\u00e9n, por boca del presidente del Banco Interamericano de Desarrollo, que en sus d\u00edas de director del FMI en representaci\u00f3n de la administraci\u00f3n Trump\u00a0<strong>impuls\u00f3 el otorgamiento de semejante cr\u00e9dito para favorecer al entonces presidente Macri en la b\u00fasqueda de su reelecci\u00f3n\u201d.<\/strong><\/p>\n<p>\u201cEndeudar al pa\u00eds de ese modo, permitir que los recursos que ingresaron solo hayan posibilitado la mas asombrosa fuga de divisas que nuestra historia registra, y que la toma de semejante cr\u00e9ditos haya sido resulta entre gallos y medianoche, sin intervenciones judiciales y t\u00e9cnicas previas, con total irresponsabilidad ay a espaldas de este Congreso nacional,\u00a0<strong>no puede ser visto de otro modo que no sea una administraci\u00f3n fraudulenta y una malversaci\u00f3n de caudales p\u00fablicos como nunca antes hab\u00edamos registrado<\/strong>\u201d, lanz\u00f3 el Presidente.<\/p>\n<p>\u201cPara que pongamos fin a las aventuras de hipotecar al pa\u00eds, es necesario que endeudarse no sea gratis y\u00a0<strong>dejen de circular impunes aquellos que generan esas deudas<\/strong>\u201d, sostuvo sobre el gobierno de Mauricio Macri.<\/p>\n<p>\u201c<strong>He instruido a las autoridades permanentes para que formalmente inicien querella criminal tendiente a determinar qui\u00e9nes han sido los autores y participes de la mayor administraci\u00f3n fraudulenta y de la mayor malversaci\u00f3n de caudales que nuestra memoria recuerda\u201d<\/strong>, anunci\u00f3 durante la apertura de sesiones.<\/p>\n<\/div>\n<\/div>\n<\/article>\n<\/div>\n","protected":false},"excerpt":{"rendered":"<p>El Presidente anunci\u00f3 que el Estado presentar\u00e1 una querella por administraci\u00f3n fraudulenta y malversaci\u00f3n de caudales p\u00fablicos por toda la deuda tomada durante el anterior gobierno. <\/p>\n","protected":false},"author":2,"featured_media":57165,"comment_status":"open","ping_status":"open","sticky":false,"template":"","format":"standard","meta":{"fifu_image_url":"","fifu_image_alt":"","footnotes":""},"categories":[16],"tags":[1311],"class_list":{"0":"post-57164","1":"post","2":"type-post","3":"status-publish","4":"format-standard","5":"has-post-thumbnail","7":"category-politi","8":"tag-alberto-fernandez"},"yoast_head":"<title>Alberto Fern\u00e1ndez impulsar\u00e1 una &quot;querella criminal&quot; por el endeudamiento durante el macrismo - Informe Litoral<\/title>\n<meta name=\"robots\" content=\"index, follow, max-snippet:-1, max-image-preview:large, max-video-preview:-1\" \/>\n<link rel=\"canonical\" href=\"https:\/\/informelitoral.com.ar\/alberto-fernandez-impulsara-una-querella-criminal-por-el-endeudamiento-durante-el-macrismo\/\" \/>\n<meta property=\"og:locale\" content=\"es_ES\" \/>\n<meta property=\"og:type\" content=\"article\" \/>\n<meta property=\"og:title\" content=\"Alberto Fern\u00e1ndez impulsar\u00e1 una &quot;querella criminal&quot; por el endeudamiento durante el macrismo - Informe Litoral\" \/>\n<meta property=\"og:description\" content=\"El Presidente anunci\u00f3 que el Estado presentar\u00e1 una querella por administraci\u00f3n fraudulenta y malversaci\u00f3n de caudales p\u00fablicos por toda la deuda tomada durante el anterior gobierno.\" \/>\n<meta property=\"og:url\" content=\"https:\/\/informelitoral.com.ar\/alberto-fernandez-impulsara-una-querella-criminal-por-el-endeudamiento-durante-el-macrismo\/\" \/>\n<meta property=\"og:site_name\" content=\"Informe Litoral\" \/>\n<meta property=\"article:publisher\" content=\"https:\/\/www.facebook.com\/informelitoral\/\" \/>\n<meta property=\"article:published_time\" content=\"2021-03-01T17:58:12+00:00\" \/>\n<meta property=\"og:image\" content=\"https:\/\/informelitoral.com.ar\/%77%70%2d%63%6f%6e%74%65%6e%74\/uploads\/2021\/03\/mauricio-macri-alberto-fernandez.jpg\" \/>\n\t<meta property=\"og:image:width\" content=\"1140\" \/>\n\t<meta property=\"og:image:height\" content=\"640\" \/>\n\t<meta property=\"og:image:type\" content=\"image\/jpeg\" \/>\n<meta name=\"author\" content=\"Gonzalo Schmidt\" \/>\n<meta name=\"twitter:card\" content=\"summary_large_image\" \/>\n<meta name=\"twitter:creator\" content=\"@InformeLitoral\" \/>\n<meta name=\"twitter:site\" content=\"@InformeLitoral\" \/>\n<meta name=\"twitter:label1\" content=\"Escrito por\" \/>\n\t<meta name=\"twitter:data1\" content=\"Gonzalo Schmidt\" \/>\n\t<meta name=\"twitter:label2\" content=\"Tiempo de lectura\" \/>\n\t<meta name=\"twitter:data2\" content=\"2 minutos\" \/>\n<script type=\"application\/ld+json\" class=\"yoast-schema-graph\">{\"@context\":\"https:\\\/\\\/schema.org\",\"@graph\":[{\"@type\":\"Article\",\"@id\":\"https:\\\/\\\/informelitoral.com.ar\\\/alberto-fernandez-impulsara-una-querella-criminal-por-el-endeudamiento-durante-el-macrismo\\\/#article\",\"isPartOf\":{\"@id\":\"https:\\\/\\\/informelitoral.com.ar\\\/alberto-fernandez-impulsara-una-querella-criminal-por-el-endeudamiento-durante-el-macrismo\\\/\"},\"author\":{\"name\":\"Gonzalo Schmidt\",\"@id\":\"https:\\\/\\\/informelitoral.com.ar\\\/#\\\/schema\\\/person\\\/b9d00407c836482871ef1d57bf8e3180\"},\"headline\":\"Alberto Fern\u00e1ndez impulsar\u00e1 una \u00abquerella criminal\u00bb por el endeudamiento durante el macrismo\",\"datePublished\":\"2021-03-01T17:58:12+00:00\",\"mainEntityOfPage\":{\"@id\":\"https:\\\/\\\/informelitoral.com.ar\\\/alberto-fernandez-impulsara-una-querella-criminal-por-el-endeudamiento-durante-el-macrismo\\\/\"},\"wordCount\":512,\"commentCount\":0,\"publisher\":{\"@id\":\"https:\\\/\\\/informelitoral.com.ar\\\/#organization\"},\"image\":{\"@id\":\"https:\\\/\\\/informelitoral.com.ar\\\/alberto-fernandez-impulsara-una-querella-criminal-por-el-endeudamiento-durante-el-macrismo\\\/#primaryimage\"},\"thumbnailUrl\":\"https:\\\/\\\/informelitoral.com.ar\\\/%77%70%2d%63%6f%6e%74%65%6e%74\\\/uploads\\\/2021\\\/03\\\/mauricio-macri-alberto-fernandez.jpg\",\"keywords\":[\"Alberto Fern\u00e1ndez\"],\"articleSection\":[\"Politica\"],\"inLanguage\":\"es\",\"potentialAction\":[{\"@type\":\"CommentAction\",\"name\":\"Comment\",\"target\":[\"https:\\\/\\\/informelitoral.com.ar\\\/alberto-fernandez-impulsara-una-querella-criminal-por-el-endeudamiento-durante-el-macrismo\\\/#respond\"]}]},{\"@type\":\"WebPage\",\"@id\":\"https:\\\/\\\/informelitoral.com.ar\\\/alberto-fernandez-impulsara-una-querella-criminal-por-el-endeudamiento-durante-el-macrismo\\\/\",\"url\":\"https:\\\/\\\/informelitoral.com.ar\\\/alberto-fernandez-impulsara-una-querella-criminal-por-el-endeudamiento-durante-el-macrismo\\\/\",\"name\":\"Alberto Fern\u00e1ndez impulsar\u00e1 una \\\"querella criminal\\\" por el endeudamiento durante el macrismo - Informe Litoral\",\"isPartOf\":{\"@id\":\"https:\\\/\\\/informelitoral.com.ar\\\/#website\"},\"primaryImageOfPage\":{\"@id\":\"https:\\\/\\\/informelitoral.com.ar\\\/alberto-fernandez-impulsara-una-querella-criminal-por-el-endeudamiento-durante-el-macrismo\\\/#primaryimage\"},\"image\":{\"@id\":\"https:\\\/\\\/informelitoral.com.ar\\\/alberto-fernandez-impulsara-una-querella-criminal-por-el-endeudamiento-durante-el-macrismo\\\/#primaryimage\"},\"thumbnailUrl\":\"https:\\\/\\\/informelitoral.com.ar\\\/%77%70%2d%63%6f%6e%74%65%6e%74\\\/uploads\\\/2021\\\/03\\\/mauricio-macri-alberto-fernandez.jpg\",\"datePublished\":\"2021-03-01T17:58:12+00:00\",\"breadcrumb\":{\"@id\":\"https:\\\/\\\/informelitoral.com.ar\\\/alberto-fernandez-impulsara-una-querella-criminal-por-el-endeudamiento-durante-el-macrismo\\\/#breadcrumb\"},\"inLanguage\":\"es\",\"potentialAction\":[{\"@type\":\"ReadAction\",\"target\":[\"https:\\\/\\\/informelitoral.com.ar\\\/alberto-fernandez-impulsara-una-querella-criminal-por-el-endeudamiento-durante-el-macrismo\\\/\"]}]},{\"@type\":\"ImageObject\",\"inLanguage\":\"es\",\"@id\":\"https:\\\/\\\/informelitoral.com.ar\\\/alberto-fernandez-impulsara-una-querella-criminal-por-el-endeudamiento-durante-el-macrismo\\\/#primaryimage\",\"url\":\"https:\\\/\\\/informelitoral.com.ar\\\/%77%70%2d%63%6f%6e%74%65%6e%74\\\/uploads\\\/2021\\\/03\\\/mauricio-macri-alberto-fernandez.jpg\",\"contentUrl\":\"https:\\\/\\\/informelitoral.com.ar\\\/%77%70%2d%63%6f%6e%74%65%6e%74\\\/uploads\\\/2021\\\/03\\\/mauricio-macri-alberto-fernandez.jpg\",\"width\":1140,\"height\":640},{\"@type\":\"BreadcrumbList\",\"@id\":\"https:\\\/\\\/informelitoral.com.ar\\\/alberto-fernandez-impulsara-una-querella-criminal-por-el-endeudamiento-durante-el-macrismo\\\/#breadcrumb\",\"itemListElement\":[{\"@type\":\"ListItem\",\"position\":1,\"name\":\"Portada\",\"item\":\"https:\\\/\\\/informelitoral.com.ar\\\/\"},{\"@type\":\"ListItem\",\"position\":2,\"name\":\"Alberto Fern\u00e1ndez impulsar\u00e1 una \u00abquerella criminal\u00bb por el endeudamiento durante el macrismo\"}]},{\"@type\":\"WebSite\",\"@id\":\"https:\\\/\\\/informelitoral.com.ar\\\/#website\",\"url\":\"https:\\\/\\\/informelitoral.com.ar\\\/\",\"name\":\"Informe Litoral\",\"description\":\"&quot;Nos informamos&quot; \",\"publisher\":{\"@id\":\"https:\\\/\\\/informelitoral.com.ar\\\/#organization\"},\"potentialAction\":[{\"@type\":\"SearchAction\",\"target\":{\"@type\":\"EntryPoint\",\"urlTemplate\":\"https:\\\/\\\/informelitoral.com.ar\\\/?s={search_term_string}\"},\"query-input\":{\"@type\":\"PropertyValueSpecification\",\"valueRequired\":true,\"valueName\":\"search_term_string\"}}],\"inLanguage\":\"es\"},{\"@type\":\"Organization\",\"@id\":\"https:\\\/\\\/informelitoral.com.ar\\\/#organization\",\"name\":\"Informe Litoral\",\"url\":\"https:\\\/\\\/informelitoral.com.ar\\\/\",\"logo\":{\"@type\":\"ImageObject\",\"inLanguage\":\"es\",\"@id\":\"https:\\\/\\\/informelitoral.com.ar\\\/#\\\/schema\\\/logo\\\/image\\\/\",\"url\":\"https:\\\/\\\/informelitoral.com.ar\\\/%77%70%2d%63%6f%6e%74%65%6e%74\\\/uploads\\\/2021\\\/01\\\/circulo.png\",\"contentUrl\":\"https:\\\/\\\/informelitoral.com.ar\\\/%77%70%2d%63%6f%6e%74%65%6e%74\\\/uploads\\\/2021\\\/01\\\/circulo.png\",\"width\":723,\"height\":731,\"caption\":\"Informe Litoral\"},\"image\":{\"@id\":\"https:\\\/\\\/informelitoral.com.ar\\\/#\\\/schema\\\/logo\\\/image\\\/\"},\"sameAs\":[\"https:\\\/\\\/www.facebook.com\\\/informelitoral\\\/\",\"https:\\\/\\\/x.com\\\/InformeLitoral\",\"https:\\\/\\\/www.instagram.com\\\/informelitoral\\\/\",\"https:\\\/\\\/www.youtube.com\\\/channel\\\/UCua4Qvz8Icb6MYqhoq9xLXw\"]},{\"@type\":\"Person\",\"@id\":\"https:\\\/\\\/informelitoral.com.ar\\\/#\\\/schema\\\/person\\\/b9d00407c836482871ef1d57bf8e3180\",\"name\":\"Gonzalo Schmidt\",\"image\":{\"@type\":\"ImageObject\",\"inLanguage\":\"es\",\"@id\":\"https:\\\/\\\/secure.gravatar.com\\\/avatar\\\/31a1a7b66ff2de83bd0e9fd79d026630d2d99e55e8bfe501287647b4fd9743de?s=96&d=mm&r=g\",\"url\":\"https:\\\/\\\/secure.gravatar.com\\\/avatar\\\/31a1a7b66ff2de83bd0e9fd79d026630d2d99e55e8bfe501287647b4fd9743de?s=96&d=mm&r=g\",\"contentUrl\":\"https:\\\/\\\/secure.gravatar.com\\\/avatar\\\/31a1a7b66ff2de83bd0e9fd79d026630d2d99e55e8bfe501287647b4fd9743de?s=96&d=mm&r=g\",\"caption\":\"Gonzalo Schmidt\"},\"description\":\"Sitio web de noticias de la provincia de Entre R\u00edos, Argentina. Informaci\u00f3n y entretenimiento. Informe Litoral, nos informamos.\",\"sameAs\":[\"http:\\\/\\\/www.isletasnoticias.com.ar\"],\"url\":\"https:\\\/\\\/informelitoral.com.ar\\\/author\\\/gonzalo\\\/\"}]}<\/script>","yoast_head_json":{"title":"Alberto Fern\u00e1ndez impulsar\u00e1 una \"querella criminal\" por el endeudamiento durante el macrismo - Informe Litoral","robots":{"index":"index","follow":"follow","max-snippet":"max-snippet:-1","max-image-preview":"max-image-preview:large","max-video-preview":"max-video-preview:-1"},"canonical":"https:\/\/informelitoral.com.ar\/alberto-fernandez-impulsara-una-querella-criminal-por-el-endeudamiento-durante-el-macrismo\/","og_locale":"es_ES","og_type":"article","og_title":"Alberto Fern\u00e1ndez impulsar\u00e1 una \"querella criminal\" por el endeudamiento durante el macrismo - Informe Litoral","og_description":"El Presidente anunci\u00f3 que el Estado presentar\u00e1 una querella por administraci\u00f3n fraudulenta y malversaci\u00f3n de caudales p\u00fablicos por toda la deuda tomada durante el anterior gobierno.","og_url":"https:\/\/informelitoral.com.ar\/alberto-fernandez-impulsara-una-querella-criminal-por-el-endeudamiento-durante-el-macrismo\/","og_site_name":"Informe Litoral","article_publisher":"https:\/\/www.facebook.com\/informelitoral\/","article_published_time":"2021-03-01T17:58:12+00:00","og_image":[{"width":1140,"height":640,"url":"https:\/\/informelitoral.com.ar\/%77%70%2d%63%6f%6e%74%65%6e%74\/uploads\/2021\/03\/mauricio-macri-alberto-fernandez.jpg","type":"image\/jpeg"}],"author":"Gonzalo Schmidt","twitter_card":"summary_large_image","twitter_creator":"@InformeLitoral","twitter_site":"@InformeLitoral","twitter_misc":{"Escrito por":"Gonzalo Schmidt","Tiempo de lectura":"2 minutos"},"schema":{"@context":"https:\/\/schema.org","@graph":[{"@type":"Article","@id":"https:\/\/informelitoral.com.ar\/alberto-fernandez-impulsara-una-querella-criminal-por-el-endeudamiento-durante-el-macrismo\/#article","isPartOf":{"@id":"https:\/\/informelitoral.com.ar\/alberto-fernandez-impulsara-una-querella-criminal-por-el-endeudamiento-durante-el-macrismo\/"},"author":{"name":"Gonzalo Schmidt","@id":"https:\/\/informelitoral.com.ar\/#\/schema\/person\/b9d00407c836482871ef1d57bf8e3180"},"headline":"Alberto Fern\u00e1ndez impulsar\u00e1 una \u00abquerella criminal\u00bb por el endeudamiento durante el macrismo","datePublished":"2021-03-01T17:58:12+00:00","mainEntityOfPage":{"@id":"https:\/\/informelitoral.com.ar\/alberto-fernandez-impulsara-una-querella-criminal-por-el-endeudamiento-durante-el-macrismo\/"},"wordCount":512,"commentCount":0,"publisher":{"@id":"https:\/\/informelitoral.com.ar\/#organization"},"image":{"@id":"https:\/\/informelitoral.com.ar\/alberto-fernandez-impulsara-una-querella-criminal-por-el-endeudamiento-durante-el-macrismo\/#primaryimage"},"thumbnailUrl":"https:\/\/informelitoral.com.ar\/%77%70%2d%63%6f%6e%74%65%6e%74\/uploads\/2021\/03\/mauricio-macri-alberto-fernandez.jpg","keywords":["Alberto Fern\u00e1ndez"],"articleSection":["Politica"],"inLanguage":"es","potentialAction":[{"@type":"CommentAction","name":"Comment","target":["https:\/\/informelitoral.com.ar\/alberto-fernandez-impulsara-una-querella-criminal-por-el-endeudamiento-durante-el-macrismo\/#respond"]}]},{"@type":"WebPage","@id":"https:\/\/informelitoral.com.ar\/alberto-fernandez-impulsara-una-querella-criminal-por-el-endeudamiento-durante-el-macrismo\/","url":"https:\/\/informelitoral.com.ar\/alberto-fernandez-impulsara-una-querella-criminal-por-el-endeudamiento-durante-el-macrismo\/","name":"Alberto Fern\u00e1ndez impulsar\u00e1 una \"querella criminal\" por el endeudamiento durante el macrismo - Informe Litoral","isPartOf":{"@id":"https:\/\/informelitoral.com.ar\/#website"},"primaryImageOfPage":{"@id":"https:\/\/informelitoral.com.ar\/alberto-fernandez-impulsara-una-querella-criminal-por-el-endeudamiento-durante-el-macrismo\/#primaryimage"},"image":{"@id":"https:\/\/informelitoral.com.ar\/alberto-fernandez-impulsara-una-querella-criminal-por-el-endeudamiento-durante-el-macrismo\/#primaryimage"},"thumbnailUrl":"https:\/\/informelitoral.com.ar\/%77%70%2d%63%6f%6e%74%65%6e%74\/uploads\/2021\/03\/mauricio-macri-alberto-fernandez.jpg","datePublished":"2021-03-01T17:58:12+00:00","breadcrumb":{"@id":"https:\/\/informelitoral.com.ar\/alberto-fernandez-impulsara-una-querella-criminal-por-el-endeudamiento-durante-el-macrismo\/#breadcrumb"},"inLanguage":"es","potentialAction":[{"@type":"ReadAction","target":["https:\/\/informelitoral.com.ar\/alberto-fernandez-impulsara-una-querella-criminal-por-el-endeudamiento-durante-el-macrismo\/"]}]},{"@type":"ImageObject","inLanguage":"es","@id":"https:\/\/informelitoral.com.ar\/alberto-fernandez-impulsara-una-querella-criminal-por-el-endeudamiento-durante-el-macrismo\/#primaryimage","url":"https:\/\/informelitoral.com.ar\/%77%70%2d%63%6f%6e%74%65%6e%74\/uploads\/2021\/03\/mauricio-macri-alberto-fernandez.jpg","contentUrl":"https:\/\/informelitoral.com.ar\/%77%70%2d%63%6f%6e%74%65%6e%74\/uploads\/2021\/03\/mauricio-macri-alberto-fernandez.jpg","width":1140,"height":640},{"@type":"BreadcrumbList","@id":"https:\/\/informelitoral.com.ar\/alberto-fernandez-impulsara-una-querella-criminal-por-el-endeudamiento-durante-el-macrismo\/#breadcrumb","itemListElement":[{"@type":"ListItem","position":1,"name":"Portada","item":"https:\/\/informelitoral.com.ar\/"},{"@type":"ListItem","position":2,"name":"Alberto Fern\u00e1ndez impulsar\u00e1 una \u00abquerella criminal\u00bb por el endeudamiento durante el macrismo"}]},{"@type":"WebSite","@id":"https:\/\/informelitoral.com.ar\/#website","url":"https:\/\/informelitoral.com.ar\/","name":"Informe Litoral","description":"&quot;Nos informamos&quot; ","publisher":{"@id":"https:\/\/informelitoral.com.ar\/#organization"},"potentialAction":[{"@type":"SearchAction","target":{"@type":"EntryPoint","urlTemplate":"https:\/\/informelitoral.com.ar\/?s={search_term_string}"},"query-input":{"@type":"PropertyValueSpecification","valueRequired":true,"valueName":"search_term_string"}}],"inLanguage":"es"},{"@type":"Organization","@id":"https:\/\/informelitoral.com.ar\/#organization","name":"Informe Litoral","url":"https:\/\/informelitoral.com.ar\/","logo":{"@type":"ImageObject","inLanguage":"es","@id":"https:\/\/informelitoral.com.ar\/#\/schema\/logo\/image\/","url":"https:\/\/informelitoral.com.ar\/%77%70%2d%63%6f%6e%74%65%6e%74\/uploads\/2021\/01\/circulo.png","contentUrl":"https:\/\/informelitoral.com.ar\/%77%70%2d%63%6f%6e%74%65%6e%74\/uploads\/2021\/01\/circulo.png","width":723,"height":731,"caption":"Informe Litoral"},"image":{"@id":"https:\/\/informelitoral.com.ar\/#\/schema\/logo\/image\/"},"sameAs":["https:\/\/www.facebook.com\/informelitoral\/","https:\/\/x.com\/InformeLitoral","https:\/\/www.instagram.com\/informelitoral\/","https:\/\/www.youtube.com\/channel\/UCua4Qvz8Icb6MYqhoq9xLXw"]},{"@type":"Person","@id":"https:\/\/informelitoral.com.ar\/#\/schema\/person\/b9d00407c836482871ef1d57bf8e3180","name":"Gonzalo Schmidt","image":{"@type":"ImageObject","inLanguage":"es","@id":"https:\/\/secure.gravatar.com\/avatar\/31a1a7b66ff2de83bd0e9fd79d026630d2d99e55e8bfe501287647b4fd9743de?s=96&d=mm&r=g","url":"https:\/\/secure.gravatar.com\/avatar\/31a1a7b66ff2de83bd0e9fd79d026630d2d99e55e8bfe501287647b4fd9743de?s=96&d=mm&r=g","contentUrl":"https:\/\/secure.gravatar.com\/avatar\/31a1a7b66ff2de83bd0e9fd79d026630d2d99e55e8bfe501287647b4fd9743de?s=96&d=mm&r=g","caption":"Gonzalo Schmidt"},"description":"Sitio web de noticias de la provincia de Entre R\u00edos, Argentina. Informaci\u00f3n y entretenimiento. Informe Litoral, nos informamos.","sameAs":["http:\/\/www.isletasnoticias.com.ar"],"url":"https:\/\/informelitoral.com.ar\/author\/gonzalo\/"}]}},"_links":{"self":[{"href":"https:\/\/informelitoral.com.ar\/%77%70%2d%6a%73%6f%6e\/wp\/v2\/posts\/57164","targetHints":{"allow":["GET"]}}],"collection":[{"href":"https:\/\/informelitoral.com.ar\/%77%70%2d%6a%73%6f%6e\/wp\/v2\/posts"}],"about":[{"href":"https:\/\/informelitoral.com.ar\/%77%70%2d%6a%73%6f%6e\/wp\/v2\/types\/post"}],"author":[{"embeddable":true,"href":"https:\/\/informelitoral.com.ar\/%77%70%2d%6a%73%6f%6e\/wp\/v2\/users\/2"}],"replies":[{"embeddable":true,"href":"https:\/\/informelitoral.com.ar\/%77%70%2d%6a%73%6f%6e\/wp\/v2\/comments?post=57164"}],"version-history":[{"count":0,"href":"https:\/\/informelitoral.com.ar\/%77%70%2d%6a%73%6f%6e\/wp\/v2\/posts\/57164\/revisions"}],"wp:featuredmedia":[{"embeddable":true,"href":"https:\/\/informelitoral.com.ar\/%77%70%2d%6a%73%6f%6e\/wp\/v2\/media\/57165"}],"wp:attachment":[{"href":"https:\/\/informelitoral.com.ar\/%77%70%2d%6a%73%6f%6e\/wp\/v2\/media?parent=57164"}],"wp:term":[{"taxonomy":"category","embeddable":true,"href":"https:\/\/informelitoral.com.ar\/%77%70%2d%6a%73%6f%6e\/wp\/v2\/categories?post=57164"},{"taxonomy":"post_tag","embeddable":true,"href":"https:\/\/informelitoral.com.ar\/%77%70%2d%6a%73%6f%6e\/wp\/v2\/tags?post=57164"}],"curies":[{"name":"wp","href":"https:\/\/api.w.org\/{rel}","templated":true}]}}