{"id":56911,"date":"2021-02-22T16:14:41","date_gmt":"2021-02-22T19:14:41","guid":{"rendered":"https:\/\/www.isletasnoticias.com.ar\/?p=56911"},"modified":"2021-02-22T16:14:41","modified_gmt":"2021-02-22T19:14:41","slug":"comenzo-la-inscripcion-para-las-becas-secundarias-del-instituto-becario","status":"publish","type":"post","link":"https:\/\/informelitoral.com.ar\/comenzo-la-inscripcion-para-las-becas-secundarias-del-instituto-becario\/","title":{"rendered":"Comenz\u00f3 la inscripci\u00f3n para las becas secundarias del Instituto Becario"},"content":{"rendered":"<p>El\u00a0<strong>Instituto Becario\u00a0<\/strong>habilit\u00f3 la\u00a0<strong>inscripci\u00f3n para las becas secundarias en todos sus programas,<\/strong>\u00a0la misma se lleva a cabo \u00fanica y exclusivamente en forma virtual en\u00a0<strong><a href=\"http:\/\/www.institutobecario.gov.ar\/\" target=\"_blank\" rel=\"noreferrer noopener\">www.institutobecario.gov.ar<\/a>\u00a0.\u00a0<\/strong>All\u00ed los estudiantes que deban hacer la renovaci\u00f3n de su beneficio<strong>\u00a0ingresar\u00e1n con su usuario y contrase\u00f1a, que crearon para inscribirse el a\u00f1o pasado, y completar\u00e1n los campos que se les solicite. Para las becas nuevas, el solicitante crear\u00e1 un usuario con contrase\u00f1a siguiendo los simples pasos con los que cuenta el sistema de tr\u00e1mite online.<\/strong><\/p>\n<p>En este sentido el director del Becario,<strong>\u00a0Sebasti\u00e1n B\u00e9rtoli<\/strong>, se refiri\u00f3 al comienzo de la inscripci\u00f3n y detall\u00f3 que \u201clos estudiantes secundarios ya pueden realizar su solicitud de beca 2021, ya sea renovaci\u00f3n o nueva. El sistema es muy sencillo de completar al igual que cada uno de los pasos y la documentaci\u00f3n que solicitamos\u201d.<\/p>\n<p>Adem\u00e1s record\u00f3 que est\u00e1 a disposici\u00f3n e<strong>n la web del Instituto el chat online que funciona de lunes a viernes de 9 a 13<\/strong>\u00a0para que los estudiantes o sus familias puedan realizar sus consultas y as\u00ed despejar dudas, tanto para aquellos que deban renovar su beneficio o los que hagan el tr\u00e1mite por primera vez.<\/p>\n<p>\u201cDesde el Becario seguimos apoyando la pol\u00edtica de inclusi\u00f3n educativa que impulsa el gobernador Gustavo Bordet a trav\u00e9s de las becas orientadas a los estudiantes entrerrianos para que tengan m\u00e1s y mejores oportunidades\u201d, record\u00f3 B\u00e9rtoli.<\/p>\n<p>La modalidad para efectuar el tr\u00e1mite es sencilla, y los requisitos\u00a0<strong>deber\u00e1n escanear o sacar fotograf\u00edas con una tablet, c\u00e1mara o tel\u00e9fono del documento de identidad (frente y dorso), constancia de CUIL del estudiante y los tres \u00faltimos comprobantes de ingresos de su grupo familiar.<\/strong><\/p>\n<p><span style=\"text-align: center;\">Acerca de la documentaci\u00f3n para el eventual cobro de la beca, <\/span><strong style=\"text-align: center;\">cada estudiante menor de 18 a\u00f1os debe adjuntar la fotograf\u00eda del documento de identidad del titular del cobro y la constancia de CUIL.<\/strong><\/p>\n<p>La situaci\u00f3n acad\u00e9mica contin\u00faa siendo un requisito para los estudiantes secundarios, que d<strong>eber\u00e1n tener aprobadas la totalidad de las materias.\u00a0<\/strong>Adem\u00e1s deber\u00e1n presentar su<strong>\u00a0constancia de alumno regular o la inscripci\u00f3n al ciclo lectivo 2021.<\/strong><\/p>\n<p>Por \u00faltimo,\u00a0<strong>los aspirantes deber\u00e1n tener tres a\u00f1os de residencia en la provincia, como m\u00ednimo.\u00a0<\/strong>En el caso de que esta situaci\u00f3n no figure en el documento de identidad, deber\u00e1 presentar los tres \u00faltimos boletines de calificaciones. Todos estos documentos, deber\u00e1n fotografiarse y enviarse como archivo adjunto del tr\u00e1mite online dentro del mismo sistema.<\/p>\n<p>El per\u00edodo de pago para el nivel secundario comprende nueve meses en los que se abona la beca. Es decir que comienza a pagarse en mayo hasta noviembre, de 2021 en este caso, luego se contin\u00faa en febrero y marzo del a\u00f1o siguiente completando as\u00ed el beneficio.<\/p>\n<h3><strong>Los requisitos b\u00e1sicos a digitalizar<\/strong><\/h3>\n<p>DNI tarjeta ambos lados (solicitante)<\/p>\n<p>Constancia de CUIL (solicitante)<\/p>\n<p>Constancia de alumno\/a regular o inscripci\u00f3n al ciclo lectivo a\u00f1o 2021<\/p>\n<p>Bolet\u00edn de calificaciones a\u00f1o 2020 firmado por la autoridad del establecimiento (ambos lados)<\/p>\n<p>Comprobantes de ingresos, seg\u00fan corresponda:<\/p>\n<p>Trabajadores formalizados: 2 (dos) \u00faltimos recibos de sueldo<\/p>\n<p>Jubilados: \u00faltimo recibo de jubilaci\u00f3n<\/p>\n<p>Asignaci\u00f3n Universal por Hijo u otros planes sociales: ticket del \u00faltimo movimiento bancario con fecha 2021 o copia de la tarjeta (no ser\u00e1 considerado v\u00e1lido el ticket de extracci\u00f3n)<\/p>\n<p>Trabajadores informales o changarines: declaraci\u00f3n jurada realizada en la comisar\u00eda m\u00e1s cercana. La misma debe informar qu\u00e9 actividad efect\u00faa y qu\u00e9 ingreso aproximado mensual posee.<\/p>\n<p>Desocupados: copia de Certificaci\u00f3n Negativa de Anses actualizada<\/p>\n<p>Monotributistas: constancia de opci\u00f3n a AFIP, donde figura la categor\u00eda.<\/p>\n<p><strong>Inscripci\u00f3n nivel superior<\/strong><\/p>\n<p>B\u00e9rtoli indic\u00f3 que en marzo se retoma el pago de becas a los estudiantes terciarios y universitarios, comprendidos dentro del nivel superior, ya que el per\u00edodo de pago inicia en agosto se extiende hasta diciembre y luego contin\u00faa desde marzo a junio, completando nueve meses de beneficio.<\/p>\n<p>Detall\u00f3 adem\u00e1s que las inscripciones para este nivel, tanto renovaciones como becas nuevas, est\u00e1n planificadas para junio. \u00abDe esta manera los estudiantes tienen la posibilidad de contar con mayor cantidad de materias aprobadas, algo que es una condici\u00f3n determinante para poder acceder al beneficio que otorga el Estado provincial a trav\u00e9s del Instituto Becario\u00bb, dijo B\u00e9rtoli.<\/p>\n","protected":false},"excerpt":{"rendered":"<p>Este lunes 22 de febrero el organismo provincial habilit\u00f3 en su p\u00e1gina web la inscripci\u00f3n tanto para renovaciones como solicitudes nuevas del nivel secundario. Dicho tr\u00e1mite se realiza \u00fanicamente de manera online.<\/p>\n","protected":false},"author":2,"featured_media":56912,"comment_status":"open","ping_status":"open","sticky":false,"template":"","format":"standard","meta":{"fifu_image_url":"","fifu_image_alt":"","footnotes":""},"categories":[6],"tags":[381,81,419,382,418],"class_list":{"0":"post-56911","1":"post","2":"type-post","3":"status-publish","4":"format-standard","5":"has-post-thumbnail","7":"category-entre-rios","8":"tag-becas","9":"tag-entre-rios","10":"tag-estudiantes","11":"tag-inaubepro","12":"tag-instituto-becario"},"yoast_head":"<title>Comenz\u00f3 la inscripci\u00f3n para las becas secundarias del Instituto Becario - Informe Litoral<\/title>\n<meta name=\"robots\" content=\"index, follow, max-snippet:-1, max-image-preview:large, max-video-preview:-1\" \/>\n<link rel=\"canonical\" href=\"https:\/\/informelitoral.com.ar\/comenzo-la-inscripcion-para-las-becas-secundarias-del-instituto-becario\/\" \/>\n<meta property=\"og:locale\" content=\"es_ES\" \/>\n<meta property=\"og:type\" content=\"article\" \/>\n<meta property=\"og:title\" content=\"Comenz\u00f3 la inscripci\u00f3n para las becas secundarias del Instituto Becario - Informe Litoral\" \/>\n<meta property=\"og:description\" content=\"Este lunes 22 de febrero el organismo provincial habilit\u00f3 en su p\u00e1gina web la inscripci\u00f3n tanto para renovaciones como solicitudes nuevas del nivel secundario. Dicho tr\u00e1mite se realiza \u00fanicamente de manera online.\" \/>\n<meta property=\"og:url\" content=\"https:\/\/informelitoral.com.ar\/comenzo-la-inscripcion-para-las-becas-secundarias-del-instituto-becario\/\" \/>\n<meta property=\"og:site_name\" content=\"Informe Litoral\" \/>\n<meta property=\"article:publisher\" content=\"https:\/\/www.facebook.com\/informelitoral\/\" \/>\n<meta property=\"article:published_time\" content=\"2021-02-22T19:14:41+00:00\" \/>\n<meta property=\"og:image\" content=\"https:\/\/informelitoral.com.ar\/%77%70%2d%63%6f%6e%74%65%6e%74\/uploads\/2021\/02\/1614000464jpg.jpg\" \/>\n\t<meta property=\"og:image:width\" content=\"780\" \/>\n\t<meta property=\"og:image:height\" content=\"470\" \/>\n\t<meta property=\"og:image:type\" content=\"image\/jpeg\" \/>\n<meta name=\"author\" content=\"Gonzalo Schmidt\" \/>\n<meta name=\"twitter:card\" content=\"summary_large_image\" \/>\n<meta name=\"twitter:creator\" content=\"@InformeLitoral\" \/>\n<meta name=\"twitter:site\" content=\"@InformeLitoral\" \/>\n<meta name=\"twitter:label1\" content=\"Escrito por\" \/>\n\t<meta name=\"twitter:data1\" content=\"Gonzalo Schmidt\" \/>\n\t<meta name=\"twitter:label2\" content=\"Tiempo de lectura\" \/>\n\t<meta name=\"twitter:data2\" content=\"4 minutos\" \/>\n<script type=\"application\/ld+json\" class=\"yoast-schema-graph\">{\"@context\":\"https:\\\/\\\/schema.org\",\"@graph\":[{\"@type\":\"Article\",\"@id\":\"https:\\\/\\\/informelitoral.com.ar\\\/comenzo-la-inscripcion-para-las-becas-secundarias-del-instituto-becario\\\/#article\",\"isPartOf\":{\"@id\":\"https:\\\/\\\/informelitoral.com.ar\\\/comenzo-la-inscripcion-para-las-becas-secundarias-del-instituto-becario\\\/\"},\"author\":{\"name\":\"Gonzalo Schmidt\",\"@id\":\"https:\\\/\\\/informelitoral.com.ar\\\/#\\\/schema\\\/person\\\/b9d00407c836482871ef1d57bf8e3180\"},\"headline\":\"Comenz\u00f3 la inscripci\u00f3n para las becas secundarias del Instituto Becario\",\"datePublished\":\"2021-02-22T19:14:41+00:00\",\"mainEntityOfPage\":{\"@id\":\"https:\\\/\\\/informelitoral.com.ar\\\/comenzo-la-inscripcion-para-las-becas-secundarias-del-instituto-becario\\\/\"},\"wordCount\":755,\"commentCount\":0,\"publisher\":{\"@id\":\"https:\\\/\\\/informelitoral.com.ar\\\/#organization\"},\"image\":{\"@id\":\"https:\\\/\\\/informelitoral.com.ar\\\/comenzo-la-inscripcion-para-las-becas-secundarias-del-instituto-becario\\\/#primaryimage\"},\"thumbnailUrl\":\"https:\\\/\\\/informelitoral.com.ar\\\/%77%70%2d%63%6f%6e%74%65%6e%74\\\/uploads\\\/2021\\\/02\\\/1614000464jpg.jpg\",\"keywords\":[\"Becas\",\"Entre R\u00edos\",\"Estudiantes\",\"InAuBePro\",\"Instituto Becario\"],\"articleSection\":[\"Entre R\u00edos\"],\"inLanguage\":\"es\",\"potentialAction\":[{\"@type\":\"CommentAction\",\"name\":\"Comment\",\"target\":[\"https:\\\/\\\/informelitoral.com.ar\\\/comenzo-la-inscripcion-para-las-becas-secundarias-del-instituto-becario\\\/#respond\"]}]},{\"@type\":\"WebPage\",\"@id\":\"https:\\\/\\\/informelitoral.com.ar\\\/comenzo-la-inscripcion-para-las-becas-secundarias-del-instituto-becario\\\/\",\"url\":\"https:\\\/\\\/informelitoral.com.ar\\\/comenzo-la-inscripcion-para-las-becas-secundarias-del-instituto-becario\\\/\",\"name\":\"Comenz\u00f3 la inscripci\u00f3n para las becas secundarias del Instituto Becario - Informe Litoral\",\"isPartOf\":{\"@id\":\"https:\\\/\\\/informelitoral.com.ar\\\/#website\"},\"primaryImageOfPage\":{\"@id\":\"https:\\\/\\\/informelitoral.com.ar\\\/comenzo-la-inscripcion-para-las-becas-secundarias-del-instituto-becario\\\/#primaryimage\"},\"image\":{\"@id\":\"https:\\\/\\\/informelitoral.com.ar\\\/comenzo-la-inscripcion-para-las-becas-secundarias-del-instituto-becario\\\/#primaryimage\"},\"thumbnailUrl\":\"https:\\\/\\\/informelitoral.com.ar\\\/%77%70%2d%63%6f%6e%74%65%6e%74\\\/uploads\\\/2021\\\/02\\\/1614000464jpg.jpg\",\"datePublished\":\"2021-02-22T19:14:41+00:00\",\"breadcrumb\":{\"@id\":\"https:\\\/\\\/informelitoral.com.ar\\\/comenzo-la-inscripcion-para-las-becas-secundarias-del-instituto-becario\\\/#breadcrumb\"},\"inLanguage\":\"es\",\"potentialAction\":[{\"@type\":\"ReadAction\",\"target\":[\"https:\\\/\\\/informelitoral.com.ar\\\/comenzo-la-inscripcion-para-las-becas-secundarias-del-instituto-becario\\\/\"]}]},{\"@type\":\"ImageObject\",\"inLanguage\":\"es\",\"@id\":\"https:\\\/\\\/informelitoral.com.ar\\\/comenzo-la-inscripcion-para-las-becas-secundarias-del-instituto-becario\\\/#primaryimage\",\"url\":\"https:\\\/\\\/informelitoral.com.ar\\\/%77%70%2d%63%6f%6e%74%65%6e%74\\\/uploads\\\/2021\\\/02\\\/1614000464jpg.jpg\",\"contentUrl\":\"https:\\\/\\\/informelitoral.com.ar\\\/%77%70%2d%63%6f%6e%74%65%6e%74\\\/uploads\\\/2021\\\/02\\\/1614000464jpg.jpg\",\"width\":780,\"height\":470},{\"@type\":\"BreadcrumbList\",\"@id\":\"https:\\\/\\\/informelitoral.com.ar\\\/comenzo-la-inscripcion-para-las-becas-secundarias-del-instituto-becario\\\/#breadcrumb\",\"itemListElement\":[{\"@type\":\"ListItem\",\"position\":1,\"name\":\"Portada\",\"item\":\"https:\\\/\\\/informelitoral.com.ar\\\/\"},{\"@type\":\"ListItem\",\"position\":2,\"name\":\"Comenz\u00f3 la inscripci\u00f3n para las becas secundarias del Instituto Becario\"}]},{\"@type\":\"WebSite\",\"@id\":\"https:\\\/\\\/informelitoral.com.ar\\\/#website\",\"url\":\"https:\\\/\\\/informelitoral.com.ar\\\/\",\"name\":\"Informe Litoral\",\"description\":\"&quot;Nos informamos&quot; \",\"publisher\":{\"@id\":\"https:\\\/\\\/informelitoral.com.ar\\\/#organization\"},\"potentialAction\":[{\"@type\":\"SearchAction\",\"target\":{\"@type\":\"EntryPoint\",\"urlTemplate\":\"https:\\\/\\\/informelitoral.com.ar\\\/?s={search_term_string}\"},\"query-input\":{\"@type\":\"PropertyValueSpecification\",\"valueRequired\":true,\"valueName\":\"search_term_string\"}}],\"inLanguage\":\"es\"},{\"@type\":\"Organization\",\"@id\":\"https:\\\/\\\/informelitoral.com.ar\\\/#organization\",\"name\":\"Informe Litoral\",\"url\":\"https:\\\/\\\/informelitoral.com.ar\\\/\",\"logo\":{\"@type\":\"ImageObject\",\"inLanguage\":\"es\",\"@id\":\"https:\\\/\\\/informelitoral.com.ar\\\/#\\\/schema\\\/logo\\\/image\\\/\",\"url\":\"https:\\\/\\\/informelitoral.com.ar\\\/%77%70%2d%63%6f%6e%74%65%6e%74\\\/uploads\\\/2021\\\/01\\\/circulo.png\",\"contentUrl\":\"https:\\\/\\\/informelitoral.com.ar\\\/%77%70%2d%63%6f%6e%74%65%6e%74\\\/uploads\\\/2021\\\/01\\\/circulo.png\",\"width\":723,\"height\":731,\"caption\":\"Informe Litoral\"},\"image\":{\"@id\":\"https:\\\/\\\/informelitoral.com.ar\\\/#\\\/schema\\\/logo\\\/image\\\/\"},\"sameAs\":[\"https:\\\/\\\/www.facebook.com\\\/informelitoral\\\/\",\"https:\\\/\\\/x.com\\\/InformeLitoral\",\"https:\\\/\\\/www.instagram.com\\\/informelitoral\\\/\",\"https:\\\/\\\/www.youtube.com\\\/channel\\\/UCua4Qvz8Icb6MYqhoq9xLXw\"]},{\"@type\":\"Person\",\"@id\":\"https:\\\/\\\/informelitoral.com.ar\\\/#\\\/schema\\\/person\\\/b9d00407c836482871ef1d57bf8e3180\",\"name\":\"Gonzalo Schmidt\",\"image\":{\"@type\":\"ImageObject\",\"inLanguage\":\"es\",\"@id\":\"https:\\\/\\\/secure.gravatar.com\\\/avatar\\\/31a1a7b66ff2de83bd0e9fd79d026630d2d99e55e8bfe501287647b4fd9743de?s=96&d=mm&r=g\",\"url\":\"https:\\\/\\\/secure.gravatar.com\\\/avatar\\\/31a1a7b66ff2de83bd0e9fd79d026630d2d99e55e8bfe501287647b4fd9743de?s=96&d=mm&r=g\",\"contentUrl\":\"https:\\\/\\\/secure.gravatar.com\\\/avatar\\\/31a1a7b66ff2de83bd0e9fd79d026630d2d99e55e8bfe501287647b4fd9743de?s=96&d=mm&r=g\",\"caption\":\"Gonzalo Schmidt\"},\"description\":\"Sitio web de noticias de la provincia de Entre R\u00edos, Argentina. Informaci\u00f3n y entretenimiento. Informe Litoral, nos informamos.\",\"sameAs\":[\"http:\\\/\\\/www.isletasnoticias.com.ar\"],\"url\":\"https:\\\/\\\/informelitoral.com.ar\\\/author\\\/gonzalo\\\/\"}]}<\/script>","yoast_head_json":{"title":"Comenz\u00f3 la inscripci\u00f3n para las becas secundarias del Instituto Becario - Informe Litoral","robots":{"index":"index","follow":"follow","max-snippet":"max-snippet:-1","max-image-preview":"max-image-preview:large","max-video-preview":"max-video-preview:-1"},"canonical":"https:\/\/informelitoral.com.ar\/comenzo-la-inscripcion-para-las-becas-secundarias-del-instituto-becario\/","og_locale":"es_ES","og_type":"article","og_title":"Comenz\u00f3 la inscripci\u00f3n para las becas secundarias del Instituto Becario - Informe Litoral","og_description":"Este lunes 22 de febrero el organismo provincial habilit\u00f3 en su p\u00e1gina web la inscripci\u00f3n tanto para renovaciones como solicitudes nuevas del nivel secundario. Dicho tr\u00e1mite se realiza \u00fanicamente de manera online.","og_url":"https:\/\/informelitoral.com.ar\/comenzo-la-inscripcion-para-las-becas-secundarias-del-instituto-becario\/","og_site_name":"Informe Litoral","article_publisher":"https:\/\/www.facebook.com\/informelitoral\/","article_published_time":"2021-02-22T19:14:41+00:00","og_image":[{"width":780,"height":470,"url":"https:\/\/informelitoral.com.ar\/%77%70%2d%63%6f%6e%74%65%6e%74\/uploads\/2021\/02\/1614000464jpg.jpg","type":"image\/jpeg"}],"author":"Gonzalo Schmidt","twitter_card":"summary_large_image","twitter_creator":"@InformeLitoral","twitter_site":"@InformeLitoral","twitter_misc":{"Escrito por":"Gonzalo Schmidt","Tiempo de lectura":"4 minutos"},"schema":{"@context":"https:\/\/schema.org","@graph":[{"@type":"Article","@id":"https:\/\/informelitoral.com.ar\/comenzo-la-inscripcion-para-las-becas-secundarias-del-instituto-becario\/#article","isPartOf":{"@id":"https:\/\/informelitoral.com.ar\/comenzo-la-inscripcion-para-las-becas-secundarias-del-instituto-becario\/"},"author":{"name":"Gonzalo Schmidt","@id":"https:\/\/informelitoral.com.ar\/#\/schema\/person\/b9d00407c836482871ef1d57bf8e3180"},"headline":"Comenz\u00f3 la inscripci\u00f3n para las becas secundarias del Instituto Becario","datePublished":"2021-02-22T19:14:41+00:00","mainEntityOfPage":{"@id":"https:\/\/informelitoral.com.ar\/comenzo-la-inscripcion-para-las-becas-secundarias-del-instituto-becario\/"},"wordCount":755,"commentCount":0,"publisher":{"@id":"https:\/\/informelitoral.com.ar\/#organization"},"image":{"@id":"https:\/\/informelitoral.com.ar\/comenzo-la-inscripcion-para-las-becas-secundarias-del-instituto-becario\/#primaryimage"},"thumbnailUrl":"https:\/\/informelitoral.com.ar\/%77%70%2d%63%6f%6e%74%65%6e%74\/uploads\/2021\/02\/1614000464jpg.jpg","keywords":["Becas","Entre R\u00edos","Estudiantes","InAuBePro","Instituto Becario"],"articleSection":["Entre R\u00edos"],"inLanguage":"es","potentialAction":[{"@type":"CommentAction","name":"Comment","target":["https:\/\/informelitoral.com.ar\/comenzo-la-inscripcion-para-las-becas-secundarias-del-instituto-becario\/#respond"]}]},{"@type":"WebPage","@id":"https:\/\/informelitoral.com.ar\/comenzo-la-inscripcion-para-las-becas-secundarias-del-instituto-becario\/","url":"https:\/\/informelitoral.com.ar\/comenzo-la-inscripcion-para-las-becas-secundarias-del-instituto-becario\/","name":"Comenz\u00f3 la inscripci\u00f3n para las becas secundarias del Instituto Becario - Informe Litoral","isPartOf":{"@id":"https:\/\/informelitoral.com.ar\/#website"},"primaryImageOfPage":{"@id":"https:\/\/informelitoral.com.ar\/comenzo-la-inscripcion-para-las-becas-secundarias-del-instituto-becario\/#primaryimage"},"image":{"@id":"https:\/\/informelitoral.com.ar\/comenzo-la-inscripcion-para-las-becas-secundarias-del-instituto-becario\/#primaryimage"},"thumbnailUrl":"https:\/\/informelitoral.com.ar\/%77%70%2d%63%6f%6e%74%65%6e%74\/uploads\/2021\/02\/1614000464jpg.jpg","datePublished":"2021-02-22T19:14:41+00:00","breadcrumb":{"@id":"https:\/\/informelitoral.com.ar\/comenzo-la-inscripcion-para-las-becas-secundarias-del-instituto-becario\/#breadcrumb"},"inLanguage":"es","potentialAction":[{"@type":"ReadAction","target":["https:\/\/informelitoral.com.ar\/comenzo-la-inscripcion-para-las-becas-secundarias-del-instituto-becario\/"]}]},{"@type":"ImageObject","inLanguage":"es","@id":"https:\/\/informelitoral.com.ar\/comenzo-la-inscripcion-para-las-becas-secundarias-del-instituto-becario\/#primaryimage","url":"https:\/\/informelitoral.com.ar\/%77%70%2d%63%6f%6e%74%65%6e%74\/uploads\/2021\/02\/1614000464jpg.jpg","contentUrl":"https:\/\/informelitoral.com.ar\/%77%70%2d%63%6f%6e%74%65%6e%74\/uploads\/2021\/02\/1614000464jpg.jpg","width":780,"height":470},{"@type":"BreadcrumbList","@id":"https:\/\/informelitoral.com.ar\/comenzo-la-inscripcion-para-las-becas-secundarias-del-instituto-becario\/#breadcrumb","itemListElement":[{"@type":"ListItem","position":1,"name":"Portada","item":"https:\/\/informelitoral.com.ar\/"},{"@type":"ListItem","position":2,"name":"Comenz\u00f3 la inscripci\u00f3n para las becas secundarias del Instituto Becario"}]},{"@type":"WebSite","@id":"https:\/\/informelitoral.com.ar\/#website","url":"https:\/\/informelitoral.com.ar\/","name":"Informe Litoral","description":"&quot;Nos informamos&quot; ","publisher":{"@id":"https:\/\/informelitoral.com.ar\/#organization"},"potentialAction":[{"@type":"SearchAction","target":{"@type":"EntryPoint","urlTemplate":"https:\/\/informelitoral.com.ar\/?s={search_term_string}"},"query-input":{"@type":"PropertyValueSpecification","valueRequired":true,"valueName":"search_term_string"}}],"inLanguage":"es"},{"@type":"Organization","@id":"https:\/\/informelitoral.com.ar\/#organization","name":"Informe Litoral","url":"https:\/\/informelitoral.com.ar\/","logo":{"@type":"ImageObject","inLanguage":"es","@id":"https:\/\/informelitoral.com.ar\/#\/schema\/logo\/image\/","url":"https:\/\/informelitoral.com.ar\/%77%70%2d%63%6f%6e%74%65%6e%74\/uploads\/2021\/01\/circulo.png","contentUrl":"https:\/\/informelitoral.com.ar\/%77%70%2d%63%6f%6e%74%65%6e%74\/uploads\/2021\/01\/circulo.png","width":723,"height":731,"caption":"Informe Litoral"},"image":{"@id":"https:\/\/informelitoral.com.ar\/#\/schema\/logo\/image\/"},"sameAs":["https:\/\/www.facebook.com\/informelitoral\/","https:\/\/x.com\/InformeLitoral","https:\/\/www.instagram.com\/informelitoral\/","https:\/\/www.youtube.com\/channel\/UCua4Qvz8Icb6MYqhoq9xLXw"]},{"@type":"Person","@id":"https:\/\/informelitoral.com.ar\/#\/schema\/person\/b9d00407c836482871ef1d57bf8e3180","name":"Gonzalo Schmidt","image":{"@type":"ImageObject","inLanguage":"es","@id":"https:\/\/secure.gravatar.com\/avatar\/31a1a7b66ff2de83bd0e9fd79d026630d2d99e55e8bfe501287647b4fd9743de?s=96&d=mm&r=g","url":"https:\/\/secure.gravatar.com\/avatar\/31a1a7b66ff2de83bd0e9fd79d026630d2d99e55e8bfe501287647b4fd9743de?s=96&d=mm&r=g","contentUrl":"https:\/\/secure.gravatar.com\/avatar\/31a1a7b66ff2de83bd0e9fd79d026630d2d99e55e8bfe501287647b4fd9743de?s=96&d=mm&r=g","caption":"Gonzalo Schmidt"},"description":"Sitio web de noticias de la provincia de Entre R\u00edos, Argentina. Informaci\u00f3n y entretenimiento. Informe Litoral, nos informamos.","sameAs":["http:\/\/www.isletasnoticias.com.ar"],"url":"https:\/\/informelitoral.com.ar\/author\/gonzalo\/"}]}},"_links":{"self":[{"href":"https:\/\/informelitoral.com.ar\/%77%70%2d%6a%73%6f%6e\/wp\/v2\/posts\/56911","targetHints":{"allow":["GET"]}}],"collection":[{"href":"https:\/\/informelitoral.com.ar\/%77%70%2d%6a%73%6f%6e\/wp\/v2\/posts"}],"about":[{"href":"https:\/\/informelitoral.com.ar\/%77%70%2d%6a%73%6f%6e\/wp\/v2\/types\/post"}],"author":[{"embeddable":true,"href":"https:\/\/informelitoral.com.ar\/%77%70%2d%6a%73%6f%6e\/wp\/v2\/users\/2"}],"replies":[{"embeddable":true,"href":"https:\/\/informelitoral.com.ar\/%77%70%2d%6a%73%6f%6e\/wp\/v2\/comments?post=56911"}],"version-history":[{"count":0,"href":"https:\/\/informelitoral.com.ar\/%77%70%2d%6a%73%6f%6e\/wp\/v2\/posts\/56911\/revisions"}],"wp:featuredmedia":[{"embeddable":true,"href":"https:\/\/informelitoral.com.ar\/%77%70%2d%6a%73%6f%6e\/wp\/v2\/media\/56912"}],"wp:attachment":[{"href":"https:\/\/informelitoral.com.ar\/%77%70%2d%6a%73%6f%6e\/wp\/v2\/media?parent=56911"}],"wp:term":[{"taxonomy":"category","embeddable":true,"href":"https:\/\/informelitoral.com.ar\/%77%70%2d%6a%73%6f%6e\/wp\/v2\/categories?post=56911"},{"taxonomy":"post_tag","embeddable":true,"href":"https:\/\/informelitoral.com.ar\/%77%70%2d%6a%73%6f%6e\/wp\/v2\/tags?post=56911"}],"curies":[{"name":"wp","href":"https:\/\/api.w.org\/{rel}","templated":true}]}}