{"id":56891,"date":"2021-02-22T11:45:06","date_gmt":"2021-02-22T14:45:06","guid":{"rendered":"https:\/\/www.isletasnoticias.com.ar\/?p=56891"},"modified":"2021-02-22T11:47:07","modified_gmt":"2021-02-22T14:47:07","slug":"el-espacio-construir-reunio-a-mujeres-de-la-provincia-en-nogoya-para-elaborar-una-agenda-de-trabajo","status":"publish","type":"post","link":"https:\/\/informelitoral.com.ar\/el-espacio-construir-reunio-a-mujeres-de-la-provincia-en-nogoya-para-elaborar-una-agenda-de-trabajo\/","title":{"rendered":"El espacio \u00abConstruir\u00bb reuni\u00f3 a mujeres de la provincia en Nogoy\u00e1 para elaborar una agenda de trabajo"},"content":{"rendered":"<p>El encuentro del s\u00e1bado fue un nuevo hito para este espacio que se fund\u00f3 a fines de diciembre del a\u00f1o pasado, en Hernandarias, y que <a href=\"https:\/\/www.isletasnoticias.com.ar\/en-general-ramirez-dirigentes-radicales-conformaron-el-espacio-politico-construir\/\">se present\u00f3 formalmente el 30 de enero pasado en la ciudad de Ram\u00edrez.<\/a><\/p>\n<p>En esta oportunidad la localidad de Nogoy\u00e1 fue la elegida para llevar adelante un encuentro de mujeres al que asistieron como invitados los integrantes de la Mesa de Coordinaci\u00f3n del espacio: <strong>Pedro Galimberti<\/strong> (Chajar\u00ed), <strong>Dar\u00edo Schneider<\/strong> (Crespo), <strong>Bruno Sarubi<\/strong> (La Paz), <strong>Rafael Cavagna<\/strong> (Nogoy\u00e1) y los legisladores provinciales <strong>Juli\u00e1n Maneiro, Uriel Brupbacher<\/strong> y<strong> Rub\u00e9n Dal Molin<\/strong>.<\/p>\n<p><a href=\"https:\/\/www.isletasnoticias.com.ar\/%77%70%2d%63%6f%6e%74%65%6e%74\/uploads\/2021\/02\/DSC_0973-scaled.jpg\"><img loading=\"lazy\" decoding=\"async\" class=\"aligncenter wp-image-56879 size-large\" src=\"https:\/\/www.isletasnoticias.com.ar\/%77%70%2d%63%6f%6e%74%65%6e%74\/uploads\/2021\/02\/DSC_0973-1024x683.jpg\" alt=\"\" width=\"696\" height=\"464\" srcset=\"https:\/\/informelitoral.com.ar\/%77%70%2d%63%6f%6e%74%65%6e%74\/uploads\/2021\/02\/DSC_0973-1024x683.jpg 1024w, https:\/\/informelitoral.com.ar\/%77%70%2d%63%6f%6e%74%65%6e%74\/uploads\/2021\/02\/DSC_0973-300x200.jpg 300w, https:\/\/informelitoral.com.ar\/%77%70%2d%63%6f%6e%74%65%6e%74\/uploads\/2021\/02\/DSC_0973-768x512.jpg 768w, https:\/\/informelitoral.com.ar\/%77%70%2d%63%6f%6e%74%65%6e%74\/uploads\/2021\/02\/DSC_0973-1536x1024.jpg 1536w, https:\/\/informelitoral.com.ar\/%77%70%2d%63%6f%6e%74%65%6e%74\/uploads\/2021\/02\/DSC_0973-2048x1365.jpg 2048w, https:\/\/informelitoral.com.ar\/%77%70%2d%63%6f%6e%74%65%6e%74\/uploads\/2021\/02\/DSC_0973-696x464.jpg 696w, https:\/\/informelitoral.com.ar\/%77%70%2d%63%6f%6e%74%65%6e%74\/uploads\/2021\/02\/DSC_0973-1068x712.jpg 1068w, https:\/\/informelitoral.com.ar\/%77%70%2d%63%6f%6e%74%65%6e%74\/uploads\/2021\/02\/DSC_0973-630x420.jpg 630w\" sizes=\"auto, (max-width: 696px) 100vw, 696px\" \/><\/a><\/p>\n<p>La bienvenida y presentaci\u00f3n de la jornada de trabajo estuvo a cargo de <strong>Flavia Pamberger,<\/strong> viceintendenta de Ram\u00edrez, quien tambi\u00e9n es parte de la Mesa de Coordinaci\u00f3n. Pamberger, junto a <strong>Elina Ruda,<\/strong> tuvieron a su cargo la coordinaci\u00f3n de la Jornada, con la colaboraci\u00f3n de un grupo de mujeres de diferentes localidades.<\/p>\n<p>Durante la ma\u00f1ana, mediante el desarrollo de din\u00e1micas grupales y procesos participativos las mujeres del espacio \u00abConstruir\u00bb hicieron un an\u00e1lisis de la realidad actual de las mujeres en los espacios pol\u00edticos y esbozaron perspectivas de trabajo para el dise\u00f1o de una agenda sectorial.<\/p>\n<p>Pamberger, a cargo de la organizaci\u00f3n, defini\u00f3 este nuevo espacio como <strong>\u00abun espacio abierto para todas aquellas, protagonistas de los cambios que se comprometan a ser constructoras en sus territorios y est\u00e9n dispuestas a multiplicar y apoyar a otras que necesitan ayuda para desarrollarse, intercambiando herramientas que nos permitan crecer juntas\u00bb.<\/strong><\/p>\n<p><strong><a href=\"https:\/\/www.isletasnoticias.com.ar\/%77%70%2d%63%6f%6e%74%65%6e%74\/uploads\/2021\/02\/409194ef-6e37-4859-8936-e9e27adc9f47.jpg\"><img loading=\"lazy\" decoding=\"async\" class=\"aligncenter wp-image-56892 size-large\" src=\"https:\/\/www.isletasnoticias.com.ar\/%77%70%2d%63%6f%6e%74%65%6e%74\/uploads\/2021\/02\/409194ef-6e37-4859-8936-e9e27adc9f47-1024x771.jpg\" alt=\"\" width=\"696\" height=\"524\" srcset=\"https:\/\/informelitoral.com.ar\/%77%70%2d%63%6f%6e%74%65%6e%74\/uploads\/2021\/02\/409194ef-6e37-4859-8936-e9e27adc9f47-1024x771.jpg 1024w, https:\/\/informelitoral.com.ar\/%77%70%2d%63%6f%6e%74%65%6e%74\/uploads\/2021\/02\/409194ef-6e37-4859-8936-e9e27adc9f47-300x226.jpg 300w, https:\/\/informelitoral.com.ar\/%77%70%2d%63%6f%6e%74%65%6e%74\/uploads\/2021\/02\/409194ef-6e37-4859-8936-e9e27adc9f47-768x578.jpg 768w, https:\/\/informelitoral.com.ar\/%77%70%2d%63%6f%6e%74%65%6e%74\/uploads\/2021\/02\/409194ef-6e37-4859-8936-e9e27adc9f47-696x524.jpg 696w, https:\/\/informelitoral.com.ar\/%77%70%2d%63%6f%6e%74%65%6e%74\/uploads\/2021\/02\/409194ef-6e37-4859-8936-e9e27adc9f47-1068x804.jpg 1068w, https:\/\/informelitoral.com.ar\/%77%70%2d%63%6f%6e%74%65%6e%74\/uploads\/2021\/02\/409194ef-6e37-4859-8936-e9e27adc9f47-558x420.jpg 558w, https:\/\/informelitoral.com.ar\/%77%70%2d%63%6f%6e%74%65%6e%74\/uploads\/2021\/02\/409194ef-6e37-4859-8936-e9e27adc9f47-80x60.jpg 80w, https:\/\/informelitoral.com.ar\/%77%70%2d%63%6f%6e%74%65%6e%74\/uploads\/2021\/02\/409194ef-6e37-4859-8936-e9e27adc9f47.jpg 1080w\" sizes=\"auto, (max-width: 696px) 100vw, 696px\" \/><\/a><\/strong><\/p>\n<p>En esta ocasi\u00f3n participaron presidentas de Concejos Deliberantes, Secretarias Parlamentarias, Concejalas, funcionarias, Presidentas Comunales y Autoridades Partidarias locales.<\/p>\n<p>Como cierre se defini\u00f3 la realizaci\u00f3n de otros encuentros, de manera regional, para el abordaje de tem\u00e1ticas espec\u00edficas sobre las problem\u00e1ticas de la provincia, y el acompa\u00f1amiento de las actividades de la mesa de Coordinaci\u00f3n en los pr\u00f3ximos meses.<\/p>\n","protected":false},"excerpt":{"rendered":"<p>Asistieron unas 80 mujeres de 20 localidades de Entre R\u00edos. Definieron la realizaci\u00f3n de otros encuentros, de manera regional.<\/p>\n","protected":false},"author":2,"featured_media":56880,"comment_status":"open","ping_status":"open","sticky":false,"template":"","format":"standard","meta":{"fifu_image_url":"","fifu_image_alt":"","footnotes":""},"categories":[16],"tags":[169],"class_list":{"0":"post-56891","1":"post","2":"type-post","3":"status-publish","4":"format-standard","5":"has-post-thumbnail","7":"category-politi","8":"tag-ucr"},"yoast_head":"<title>El espacio &quot;Construir&quot; reuni\u00f3 a mujeres de la provincia en Nogoy\u00e1 para elaborar una agenda de trabajo - Informe Litoral<\/title>\n<meta name=\"robots\" content=\"index, follow, max-snippet:-1, max-image-preview:large, max-video-preview:-1\" \/>\n<link rel=\"canonical\" href=\"https:\/\/informelitoral.com.ar\/el-espacio-construir-reunio-a-mujeres-de-la-provincia-en-nogoya-para-elaborar-una-agenda-de-trabajo\/\" \/>\n<meta property=\"og:locale\" content=\"es_ES\" \/>\n<meta property=\"og:type\" content=\"article\" \/>\n<meta property=\"og:title\" content=\"El espacio &quot;Construir&quot; reuni\u00f3 a mujeres de la provincia en Nogoy\u00e1 para elaborar una agenda de trabajo - Informe Litoral\" \/>\n<meta property=\"og:description\" content=\"Asistieron unas 80 mujeres de 20 localidades de Entre R\u00edos. Definieron la realizaci\u00f3n de otros encuentros, de manera regional.\" \/>\n<meta property=\"og:url\" content=\"https:\/\/informelitoral.com.ar\/el-espacio-construir-reunio-a-mujeres-de-la-provincia-en-nogoya-para-elaborar-una-agenda-de-trabajo\/\" \/>\n<meta property=\"og:site_name\" content=\"Informe Litoral\" \/>\n<meta property=\"article:publisher\" content=\"https:\/\/www.facebook.com\/informelitoral\/\" \/>\n<meta property=\"article:published_time\" content=\"2021-02-22T14:45:06+00:00\" \/>\n<meta property=\"article:modified_time\" content=\"2021-02-22T14:47:07+00:00\" \/>\n<meta property=\"og:image\" content=\"https:\/\/informelitoral.com.ar\/%77%70%2d%63%6f%6e%74%65%6e%74\/uploads\/2021\/02\/f03fd655-1fe5-4cff-9775-4cff60e306e4.jpg\" \/>\n\t<meta property=\"og:image:width\" content=\"1280\" \/>\n\t<meta property=\"og:image:height\" content=\"853\" \/>\n\t<meta property=\"og:image:type\" content=\"image\/jpeg\" \/>\n<meta name=\"author\" content=\"Gonzalo Schmidt\" \/>\n<meta name=\"twitter:card\" content=\"summary_large_image\" \/>\n<meta name=\"twitter:creator\" content=\"@InformeLitoral\" \/>\n<meta name=\"twitter:site\" content=\"@InformeLitoral\" \/>\n<meta name=\"twitter:label1\" content=\"Escrito por\" \/>\n\t<meta name=\"twitter:data1\" content=\"Gonzalo Schmidt\" \/>\n\t<meta name=\"twitter:label2\" content=\"Tiempo de lectura\" \/>\n\t<meta name=\"twitter:data2\" content=\"2 minutos\" \/>\n<script type=\"application\/ld+json\" class=\"yoast-schema-graph\">{\"@context\":\"https:\\\/\\\/schema.org\",\"@graph\":[{\"@type\":\"Article\",\"@id\":\"https:\\\/\\\/informelitoral.com.ar\\\/el-espacio-construir-reunio-a-mujeres-de-la-provincia-en-nogoya-para-elaborar-una-agenda-de-trabajo\\\/#article\",\"isPartOf\":{\"@id\":\"https:\\\/\\\/informelitoral.com.ar\\\/el-espacio-construir-reunio-a-mujeres-de-la-provincia-en-nogoya-para-elaborar-una-agenda-de-trabajo\\\/\"},\"author\":{\"name\":\"Gonzalo Schmidt\",\"@id\":\"https:\\\/\\\/informelitoral.com.ar\\\/#\\\/schema\\\/person\\\/b9d00407c836482871ef1d57bf8e3180\"},\"headline\":\"El espacio \u00abConstruir\u00bb reuni\u00f3 a mujeres de la provincia en Nogoy\u00e1 para elaborar una agenda de trabajo\",\"datePublished\":\"2021-02-22T14:45:06+00:00\",\"dateModified\":\"2021-02-22T14:47:07+00:00\",\"mainEntityOfPage\":{\"@id\":\"https:\\\/\\\/informelitoral.com.ar\\\/el-espacio-construir-reunio-a-mujeres-de-la-provincia-en-nogoya-para-elaborar-una-agenda-de-trabajo\\\/\"},\"wordCount\":341,\"commentCount\":0,\"publisher\":{\"@id\":\"https:\\\/\\\/informelitoral.com.ar\\\/#organization\"},\"image\":{\"@id\":\"https:\\\/\\\/informelitoral.com.ar\\\/el-espacio-construir-reunio-a-mujeres-de-la-provincia-en-nogoya-para-elaborar-una-agenda-de-trabajo\\\/#primaryimage\"},\"thumbnailUrl\":\"https:\\\/\\\/informelitoral.com.ar\\\/%77%70%2d%63%6f%6e%74%65%6e%74\\\/uploads\\\/2021\\\/02\\\/f03fd655-1fe5-4cff-9775-4cff60e306e4.jpg\",\"keywords\":[\"UCR\"],\"articleSection\":[\"Politica\"],\"inLanguage\":\"es\",\"potentialAction\":[{\"@type\":\"CommentAction\",\"name\":\"Comment\",\"target\":[\"https:\\\/\\\/informelitoral.com.ar\\\/el-espacio-construir-reunio-a-mujeres-de-la-provincia-en-nogoya-para-elaborar-una-agenda-de-trabajo\\\/#respond\"]}]},{\"@type\":\"WebPage\",\"@id\":\"https:\\\/\\\/informelitoral.com.ar\\\/el-espacio-construir-reunio-a-mujeres-de-la-provincia-en-nogoya-para-elaborar-una-agenda-de-trabajo\\\/\",\"url\":\"https:\\\/\\\/informelitoral.com.ar\\\/el-espacio-construir-reunio-a-mujeres-de-la-provincia-en-nogoya-para-elaborar-una-agenda-de-trabajo\\\/\",\"name\":\"El espacio \\\"Construir\\\" reuni\u00f3 a mujeres de la provincia en Nogoy\u00e1 para elaborar una agenda de trabajo - Informe Litoral\",\"isPartOf\":{\"@id\":\"https:\\\/\\\/informelitoral.com.ar\\\/#website\"},\"primaryImageOfPage\":{\"@id\":\"https:\\\/\\\/informelitoral.com.ar\\\/el-espacio-construir-reunio-a-mujeres-de-la-provincia-en-nogoya-para-elaborar-una-agenda-de-trabajo\\\/#primaryimage\"},\"image\":{\"@id\":\"https:\\\/\\\/informelitoral.com.ar\\\/el-espacio-construir-reunio-a-mujeres-de-la-provincia-en-nogoya-para-elaborar-una-agenda-de-trabajo\\\/#primaryimage\"},\"thumbnailUrl\":\"https:\\\/\\\/informelitoral.com.ar\\\/%77%70%2d%63%6f%6e%74%65%6e%74\\\/uploads\\\/2021\\\/02\\\/f03fd655-1fe5-4cff-9775-4cff60e306e4.jpg\",\"datePublished\":\"2021-02-22T14:45:06+00:00\",\"dateModified\":\"2021-02-22T14:47:07+00:00\",\"breadcrumb\":{\"@id\":\"https:\\\/\\\/informelitoral.com.ar\\\/el-espacio-construir-reunio-a-mujeres-de-la-provincia-en-nogoya-para-elaborar-una-agenda-de-trabajo\\\/#breadcrumb\"},\"inLanguage\":\"es\",\"potentialAction\":[{\"@type\":\"ReadAction\",\"target\":[\"https:\\\/\\\/informelitoral.com.ar\\\/el-espacio-construir-reunio-a-mujeres-de-la-provincia-en-nogoya-para-elaborar-una-agenda-de-trabajo\\\/\"]}]},{\"@type\":\"ImageObject\",\"inLanguage\":\"es\",\"@id\":\"https:\\\/\\\/informelitoral.com.ar\\\/el-espacio-construir-reunio-a-mujeres-de-la-provincia-en-nogoya-para-elaborar-una-agenda-de-trabajo\\\/#primaryimage\",\"url\":\"https:\\\/\\\/informelitoral.com.ar\\\/%77%70%2d%63%6f%6e%74%65%6e%74\\\/uploads\\\/2021\\\/02\\\/f03fd655-1fe5-4cff-9775-4cff60e306e4.jpg\",\"contentUrl\":\"https:\\\/\\\/informelitoral.com.ar\\\/%77%70%2d%63%6f%6e%74%65%6e%74\\\/uploads\\\/2021\\\/02\\\/f03fd655-1fe5-4cff-9775-4cff60e306e4.jpg\",\"width\":1280,\"height\":853},{\"@type\":\"BreadcrumbList\",\"@id\":\"https:\\\/\\\/informelitoral.com.ar\\\/el-espacio-construir-reunio-a-mujeres-de-la-provincia-en-nogoya-para-elaborar-una-agenda-de-trabajo\\\/#breadcrumb\",\"itemListElement\":[{\"@type\":\"ListItem\",\"position\":1,\"name\":\"Portada\",\"item\":\"https:\\\/\\\/informelitoral.com.ar\\\/\"},{\"@type\":\"ListItem\",\"position\":2,\"name\":\"El espacio \u00abConstruir\u00bb reuni\u00f3 a mujeres de la provincia en Nogoy\u00e1 para elaborar una agenda de trabajo\"}]},{\"@type\":\"WebSite\",\"@id\":\"https:\\\/\\\/informelitoral.com.ar\\\/#website\",\"url\":\"https:\\\/\\\/informelitoral.com.ar\\\/\",\"name\":\"Informe Litoral\",\"description\":\"&quot;Nos informamos&quot; \",\"publisher\":{\"@id\":\"https:\\\/\\\/informelitoral.com.ar\\\/#organization\"},\"potentialAction\":[{\"@type\":\"SearchAction\",\"target\":{\"@type\":\"EntryPoint\",\"urlTemplate\":\"https:\\\/\\\/informelitoral.com.ar\\\/?s={search_term_string}\"},\"query-input\":{\"@type\":\"PropertyValueSpecification\",\"valueRequired\":true,\"valueName\":\"search_term_string\"}}],\"inLanguage\":\"es\"},{\"@type\":\"Organization\",\"@id\":\"https:\\\/\\\/informelitoral.com.ar\\\/#organization\",\"name\":\"Informe Litoral\",\"url\":\"https:\\\/\\\/informelitoral.com.ar\\\/\",\"logo\":{\"@type\":\"ImageObject\",\"inLanguage\":\"es\",\"@id\":\"https:\\\/\\\/informelitoral.com.ar\\\/#\\\/schema\\\/logo\\\/image\\\/\",\"url\":\"https:\\\/\\\/informelitoral.com.ar\\\/%77%70%2d%63%6f%6e%74%65%6e%74\\\/uploads\\\/2021\\\/01\\\/circulo.png\",\"contentUrl\":\"https:\\\/\\\/informelitoral.com.ar\\\/%77%70%2d%63%6f%6e%74%65%6e%74\\\/uploads\\\/2021\\\/01\\\/circulo.png\",\"width\":723,\"height\":731,\"caption\":\"Informe Litoral\"},\"image\":{\"@id\":\"https:\\\/\\\/informelitoral.com.ar\\\/#\\\/schema\\\/logo\\\/image\\\/\"},\"sameAs\":[\"https:\\\/\\\/www.facebook.com\\\/informelitoral\\\/\",\"https:\\\/\\\/x.com\\\/InformeLitoral\",\"https:\\\/\\\/www.instagram.com\\\/informelitoral\\\/\",\"https:\\\/\\\/www.youtube.com\\\/channel\\\/UCua4Qvz8Icb6MYqhoq9xLXw\"]},{\"@type\":\"Person\",\"@id\":\"https:\\\/\\\/informelitoral.com.ar\\\/#\\\/schema\\\/person\\\/b9d00407c836482871ef1d57bf8e3180\",\"name\":\"Gonzalo Schmidt\",\"image\":{\"@type\":\"ImageObject\",\"inLanguage\":\"es\",\"@id\":\"https:\\\/\\\/secure.gravatar.com\\\/avatar\\\/31a1a7b66ff2de83bd0e9fd79d026630d2d99e55e8bfe501287647b4fd9743de?s=96&d=mm&r=g\",\"url\":\"https:\\\/\\\/secure.gravatar.com\\\/avatar\\\/31a1a7b66ff2de83bd0e9fd79d026630d2d99e55e8bfe501287647b4fd9743de?s=96&d=mm&r=g\",\"contentUrl\":\"https:\\\/\\\/secure.gravatar.com\\\/avatar\\\/31a1a7b66ff2de83bd0e9fd79d026630d2d99e55e8bfe501287647b4fd9743de?s=96&d=mm&r=g\",\"caption\":\"Gonzalo Schmidt\"},\"description\":\"Sitio web de noticias de la provincia de Entre R\u00edos, Argentina. Informaci\u00f3n y entretenimiento. Informe Litoral, nos informamos.\",\"sameAs\":[\"http:\\\/\\\/www.isletasnoticias.com.ar\"],\"url\":\"https:\\\/\\\/informelitoral.com.ar\\\/author\\\/gonzalo\\\/\"}]}<\/script>","yoast_head_json":{"title":"El espacio \"Construir\" reuni\u00f3 a mujeres de la provincia en Nogoy\u00e1 para elaborar una agenda de trabajo - Informe Litoral","robots":{"index":"index","follow":"follow","max-snippet":"max-snippet:-1","max-image-preview":"max-image-preview:large","max-video-preview":"max-video-preview:-1"},"canonical":"https:\/\/informelitoral.com.ar\/el-espacio-construir-reunio-a-mujeres-de-la-provincia-en-nogoya-para-elaborar-una-agenda-de-trabajo\/","og_locale":"es_ES","og_type":"article","og_title":"El espacio \"Construir\" reuni\u00f3 a mujeres de la provincia en Nogoy\u00e1 para elaborar una agenda de trabajo - Informe Litoral","og_description":"Asistieron unas 80 mujeres de 20 localidades de Entre R\u00edos. Definieron la realizaci\u00f3n de otros encuentros, de manera regional.","og_url":"https:\/\/informelitoral.com.ar\/el-espacio-construir-reunio-a-mujeres-de-la-provincia-en-nogoya-para-elaborar-una-agenda-de-trabajo\/","og_site_name":"Informe Litoral","article_publisher":"https:\/\/www.facebook.com\/informelitoral\/","article_published_time":"2021-02-22T14:45:06+00:00","article_modified_time":"2021-02-22T14:47:07+00:00","og_image":[{"width":1280,"height":853,"url":"https:\/\/informelitoral.com.ar\/%77%70%2d%63%6f%6e%74%65%6e%74\/uploads\/2021\/02\/f03fd655-1fe5-4cff-9775-4cff60e306e4.jpg","type":"image\/jpeg"}],"author":"Gonzalo Schmidt","twitter_card":"summary_large_image","twitter_creator":"@InformeLitoral","twitter_site":"@InformeLitoral","twitter_misc":{"Escrito por":"Gonzalo Schmidt","Tiempo de lectura":"2 minutos"},"schema":{"@context":"https:\/\/schema.org","@graph":[{"@type":"Article","@id":"https:\/\/informelitoral.com.ar\/el-espacio-construir-reunio-a-mujeres-de-la-provincia-en-nogoya-para-elaborar-una-agenda-de-trabajo\/#article","isPartOf":{"@id":"https:\/\/informelitoral.com.ar\/el-espacio-construir-reunio-a-mujeres-de-la-provincia-en-nogoya-para-elaborar-una-agenda-de-trabajo\/"},"author":{"name":"Gonzalo Schmidt","@id":"https:\/\/informelitoral.com.ar\/#\/schema\/person\/b9d00407c836482871ef1d57bf8e3180"},"headline":"El espacio \u00abConstruir\u00bb reuni\u00f3 a mujeres de la provincia en Nogoy\u00e1 para elaborar una agenda de trabajo","datePublished":"2021-02-22T14:45:06+00:00","dateModified":"2021-02-22T14:47:07+00:00","mainEntityOfPage":{"@id":"https:\/\/informelitoral.com.ar\/el-espacio-construir-reunio-a-mujeres-de-la-provincia-en-nogoya-para-elaborar-una-agenda-de-trabajo\/"},"wordCount":341,"commentCount":0,"publisher":{"@id":"https:\/\/informelitoral.com.ar\/#organization"},"image":{"@id":"https:\/\/informelitoral.com.ar\/el-espacio-construir-reunio-a-mujeres-de-la-provincia-en-nogoya-para-elaborar-una-agenda-de-trabajo\/#primaryimage"},"thumbnailUrl":"https:\/\/informelitoral.com.ar\/%77%70%2d%63%6f%6e%74%65%6e%74\/uploads\/2021\/02\/f03fd655-1fe5-4cff-9775-4cff60e306e4.jpg","keywords":["UCR"],"articleSection":["Politica"],"inLanguage":"es","potentialAction":[{"@type":"CommentAction","name":"Comment","target":["https:\/\/informelitoral.com.ar\/el-espacio-construir-reunio-a-mujeres-de-la-provincia-en-nogoya-para-elaborar-una-agenda-de-trabajo\/#respond"]}]},{"@type":"WebPage","@id":"https:\/\/informelitoral.com.ar\/el-espacio-construir-reunio-a-mujeres-de-la-provincia-en-nogoya-para-elaborar-una-agenda-de-trabajo\/","url":"https:\/\/informelitoral.com.ar\/el-espacio-construir-reunio-a-mujeres-de-la-provincia-en-nogoya-para-elaborar-una-agenda-de-trabajo\/","name":"El espacio \"Construir\" reuni\u00f3 a mujeres de la provincia en Nogoy\u00e1 para elaborar una agenda de trabajo - Informe Litoral","isPartOf":{"@id":"https:\/\/informelitoral.com.ar\/#website"},"primaryImageOfPage":{"@id":"https:\/\/informelitoral.com.ar\/el-espacio-construir-reunio-a-mujeres-de-la-provincia-en-nogoya-para-elaborar-una-agenda-de-trabajo\/#primaryimage"},"image":{"@id":"https:\/\/informelitoral.com.ar\/el-espacio-construir-reunio-a-mujeres-de-la-provincia-en-nogoya-para-elaborar-una-agenda-de-trabajo\/#primaryimage"},"thumbnailUrl":"https:\/\/informelitoral.com.ar\/%77%70%2d%63%6f%6e%74%65%6e%74\/uploads\/2021\/02\/f03fd655-1fe5-4cff-9775-4cff60e306e4.jpg","datePublished":"2021-02-22T14:45:06+00:00","dateModified":"2021-02-22T14:47:07+00:00","breadcrumb":{"@id":"https:\/\/informelitoral.com.ar\/el-espacio-construir-reunio-a-mujeres-de-la-provincia-en-nogoya-para-elaborar-una-agenda-de-trabajo\/#breadcrumb"},"inLanguage":"es","potentialAction":[{"@type":"ReadAction","target":["https:\/\/informelitoral.com.ar\/el-espacio-construir-reunio-a-mujeres-de-la-provincia-en-nogoya-para-elaborar-una-agenda-de-trabajo\/"]}]},{"@type":"ImageObject","inLanguage":"es","@id":"https:\/\/informelitoral.com.ar\/el-espacio-construir-reunio-a-mujeres-de-la-provincia-en-nogoya-para-elaborar-una-agenda-de-trabajo\/#primaryimage","url":"https:\/\/informelitoral.com.ar\/%77%70%2d%63%6f%6e%74%65%6e%74\/uploads\/2021\/02\/f03fd655-1fe5-4cff-9775-4cff60e306e4.jpg","contentUrl":"https:\/\/informelitoral.com.ar\/%77%70%2d%63%6f%6e%74%65%6e%74\/uploads\/2021\/02\/f03fd655-1fe5-4cff-9775-4cff60e306e4.jpg","width":1280,"height":853},{"@type":"BreadcrumbList","@id":"https:\/\/informelitoral.com.ar\/el-espacio-construir-reunio-a-mujeres-de-la-provincia-en-nogoya-para-elaborar-una-agenda-de-trabajo\/#breadcrumb","itemListElement":[{"@type":"ListItem","position":1,"name":"Portada","item":"https:\/\/informelitoral.com.ar\/"},{"@type":"ListItem","position":2,"name":"El espacio \u00abConstruir\u00bb reuni\u00f3 a mujeres de la provincia en Nogoy\u00e1 para elaborar una agenda de trabajo"}]},{"@type":"WebSite","@id":"https:\/\/informelitoral.com.ar\/#website","url":"https:\/\/informelitoral.com.ar\/","name":"Informe Litoral","description":"&quot;Nos informamos&quot; ","publisher":{"@id":"https:\/\/informelitoral.com.ar\/#organization"},"potentialAction":[{"@type":"SearchAction","target":{"@type":"EntryPoint","urlTemplate":"https:\/\/informelitoral.com.ar\/?s={search_term_string}"},"query-input":{"@type":"PropertyValueSpecification","valueRequired":true,"valueName":"search_term_string"}}],"inLanguage":"es"},{"@type":"Organization","@id":"https:\/\/informelitoral.com.ar\/#organization","name":"Informe Litoral","url":"https:\/\/informelitoral.com.ar\/","logo":{"@type":"ImageObject","inLanguage":"es","@id":"https:\/\/informelitoral.com.ar\/#\/schema\/logo\/image\/","url":"https:\/\/informelitoral.com.ar\/%77%70%2d%63%6f%6e%74%65%6e%74\/uploads\/2021\/01\/circulo.png","contentUrl":"https:\/\/informelitoral.com.ar\/%77%70%2d%63%6f%6e%74%65%6e%74\/uploads\/2021\/01\/circulo.png","width":723,"height":731,"caption":"Informe Litoral"},"image":{"@id":"https:\/\/informelitoral.com.ar\/#\/schema\/logo\/image\/"},"sameAs":["https:\/\/www.facebook.com\/informelitoral\/","https:\/\/x.com\/InformeLitoral","https:\/\/www.instagram.com\/informelitoral\/","https:\/\/www.youtube.com\/channel\/UCua4Qvz8Icb6MYqhoq9xLXw"]},{"@type":"Person","@id":"https:\/\/informelitoral.com.ar\/#\/schema\/person\/b9d00407c836482871ef1d57bf8e3180","name":"Gonzalo Schmidt","image":{"@type":"ImageObject","inLanguage":"es","@id":"https:\/\/secure.gravatar.com\/avatar\/31a1a7b66ff2de83bd0e9fd79d026630d2d99e55e8bfe501287647b4fd9743de?s=96&d=mm&r=g","url":"https:\/\/secure.gravatar.com\/avatar\/31a1a7b66ff2de83bd0e9fd79d026630d2d99e55e8bfe501287647b4fd9743de?s=96&d=mm&r=g","contentUrl":"https:\/\/secure.gravatar.com\/avatar\/31a1a7b66ff2de83bd0e9fd79d026630d2d99e55e8bfe501287647b4fd9743de?s=96&d=mm&r=g","caption":"Gonzalo Schmidt"},"description":"Sitio web de noticias de la provincia de Entre R\u00edos, Argentina. Informaci\u00f3n y entretenimiento. Informe Litoral, nos informamos.","sameAs":["http:\/\/www.isletasnoticias.com.ar"],"url":"https:\/\/informelitoral.com.ar\/author\/gonzalo\/"}]}},"_links":{"self":[{"href":"https:\/\/informelitoral.com.ar\/%77%70%2d%6a%73%6f%6e\/wp\/v2\/posts\/56891","targetHints":{"allow":["GET"]}}],"collection":[{"href":"https:\/\/informelitoral.com.ar\/%77%70%2d%6a%73%6f%6e\/wp\/v2\/posts"}],"about":[{"href":"https:\/\/informelitoral.com.ar\/%77%70%2d%6a%73%6f%6e\/wp\/v2\/types\/post"}],"author":[{"embeddable":true,"href":"https:\/\/informelitoral.com.ar\/%77%70%2d%6a%73%6f%6e\/wp\/v2\/users\/2"}],"replies":[{"embeddable":true,"href":"https:\/\/informelitoral.com.ar\/%77%70%2d%6a%73%6f%6e\/wp\/v2\/comments?post=56891"}],"version-history":[{"count":0,"href":"https:\/\/informelitoral.com.ar\/%77%70%2d%6a%73%6f%6e\/wp\/v2\/posts\/56891\/revisions"}],"wp:featuredmedia":[{"embeddable":true,"href":"https:\/\/informelitoral.com.ar\/%77%70%2d%6a%73%6f%6e\/wp\/v2\/media\/56880"}],"wp:attachment":[{"href":"https:\/\/informelitoral.com.ar\/%77%70%2d%6a%73%6f%6e\/wp\/v2\/media?parent=56891"}],"wp:term":[{"taxonomy":"category","embeddable":true,"href":"https:\/\/informelitoral.com.ar\/%77%70%2d%6a%73%6f%6e\/wp\/v2\/categories?post=56891"},{"taxonomy":"post_tag","embeddable":true,"href":"https:\/\/informelitoral.com.ar\/%77%70%2d%6a%73%6f%6e\/wp\/v2\/tags?post=56891"}],"curies":[{"name":"wp","href":"https:\/\/api.w.org\/{rel}","templated":true}]}}