{"id":56888,"date":"2021-02-22T09:51:08","date_gmt":"2021-02-22T12:51:08","guid":{"rendered":"https:\/\/www.isletasnoticias.com.ar\/?p=56888"},"modified":"2021-02-22T09:51:08","modified_gmt":"2021-02-22T12:51:08","slug":"vuelta-al-aula-en-entre-rios-como-debera-ser-el-comportamiento-de-alumnos-y-docentes","status":"publish","type":"post","link":"https:\/\/informelitoral.com.ar\/vuelta-al-aula-en-entre-rios-como-debera-ser-el-comportamiento-de-alumnos-y-docentes\/","title":{"rendered":"Vuelta al aula en Entre R\u00edos: c\u00f3mo deber\u00e1 ser el comportamiento de alumnos y docentes"},"content":{"rendered":"<p><strong>El viernes hubo jornadas institucionales en la provincia para capacitar a los docentes ante las nuevas medidas de bioseguridad<\/strong>\u00a0y c\u00f3mo ser\u00e1 la rotaci\u00f3n de los alumnos en las aulas. Se estima que tendr\u00e1n dos clases presenciales al mes por materia.<\/p>\n<p>El objetivo de toda esta reglamentaci\u00f3n es la de garantizar los derechos de los alumnos, por lo tanto las normativas del Consejo General de Educaci\u00f3n \u2013<strong>CGE<\/strong>\u2013 est\u00e1n sujeta a cambios de acuerdo a las necesidades que se presenten sobre la marcha del comienzo del ciclo lectivo.<\/p>\n<p>Durante la primera semana de clases, del lunes 1\u00ba de marzo al viernes 5,\u00a0<strong>la llegada de los alumnos ser\u00e1 escalonada por d\u00eda, a\u00f1o o grado<\/strong>. Los chicos que comienzan el primer a\u00f1o de un ciclo escolar primaria o secundaria, ser\u00e1n los primeros en comenzar el lunes. Luego seguir\u00e1n los de 2 a\u00f1o el martes, 3ro el mi\u00e9rcoles, 4to el jueves y el viernes estar\u00e1 destinado para 5to y 6 a\u00f1o.<\/p>\n<p>La misma modalidad se repetir\u00e1 en la primaria, aunque podr\u00eda estar sujeta a cambios de acuerdo a las necesidades de cada instituci\u00f3n educativa.<\/p>\n<figure class=\"wp-block-image size-large\"><img loading=\"lazy\" decoding=\"async\" class=\"wp-image-79590 aligncenter\" src=\"https:\/\/i1.wp.com\/www.entremediosweb.com\/v2\/%77%70%2d%63%6f%6e%74%65%6e%74\/uploads\/2021\/01\/clases-presenciales-1.jpg?resize=700%2C363&amp;ssl=1\" sizes=\"auto, (max-width: 700px) 100vw, 700px\" srcset=\"https:\/\/i1.wp.com\/www.entremediosweb.com\/v2\/%77%70%2d%63%6f%6e%74%65%6e%74\/uploads\/2021\/01\/clases-presenciales-1.jpg?w=700&amp;ssl=1 700w, https:\/\/i1.wp.com\/www.entremediosweb.com\/v2\/%77%70%2d%63%6f%6e%74%65%6e%74\/uploads\/2021\/01\/clases-presenciales-1.jpg?resize=300%2C156&amp;ssl=1 300w\" alt=\"\" width=\"700\" height=\"363\" data-attachment-id=\"79590\" data-permalink=\"https:\/\/www.entremediosweb.com\/v2\/en-febrero-vacunarian-a-los-docentes-para-que-las-clases-sean-presenciales\/clases-presenciales-3\/\" data-orig-file=\"https:\/\/i1.wp.com\/www.entremediosweb.com\/v2\/%77%70%2d%63%6f%6e%74%65%6e%74\/uploads\/2021\/01\/clases-presenciales-1.jpg?fit=700%2C363&amp;ssl=1\" data-orig-size=\"700,363\" data-comments-opened=\"0\" data-image-meta=\"{&quot;aperture&quot;:&quot;0&quot;,&quot;credit&quot;:&quot;&quot;,&quot;camera&quot;:&quot;&quot;,&quot;caption&quot;:&quot;&quot;,&quot;created_timestamp&quot;:&quot;0&quot;,&quot;copyright&quot;:&quot;&quot;,&quot;focal_length&quot;:&quot;0&quot;,&quot;iso&quot;:&quot;0&quot;,&quot;shutter_speed&quot;:&quot;0&quot;,&quot;title&quot;:&quot;&quot;,&quot;orientation&quot;:&quot;0&quot;}\" data-image-title=\"clases-presenciales\" data-image-description=\"\" data-medium-file=\"https:\/\/i1.wp.com\/www.entremediosweb.com\/v2\/%77%70%2d%63%6f%6e%74%65%6e%74\/uploads\/2021\/01\/clases-presenciales-1.jpg?fit=300%2C156&amp;ssl=1\" data-large-file=\"https:\/\/i1.wp.com\/www.entremediosweb.com\/v2\/%77%70%2d%63%6f%6e%74%65%6e%74\/uploads\/2021\/01\/clases-presenciales-1.jpg?fit=700%2C363&amp;ssl=1\" \/><\/figure>\n<p><strong>El ingreso al edificio escolar<\/strong><\/p>\n<p><strong style=\"text-align: center;\">El ingreso de los alumnos a la instituci\u00f3n ser\u00e1 tomando distancia<\/strong><span style=\"text-align: center;\">, no habr\u00e1 acto de izamiento de la Bandera y habr\u00e1 docentes encargados de\u00a0<\/span><strong style=\"text-align: center;\">tomar la temperatura a cada uno de los alumnos<\/strong><span style=\"text-align: center;\">\u00a0antes de entrar al aula.<\/span><\/p>\n<p>Para lograr una mayor organizaci\u00f3n, el ingreso de los estudiantes a las aulas ser\u00e1 de forma coordinada de acuerdo a las aulas que ocupar\u00e1 cada curso y grado o planta del edificio escolar, el mismo sistema se emplear\u00e1 para el horario de salida de los alumnos. El prop\u00f3sito de esta norma ser\u00e1 la de\u00a0<strong>evitar aglomeramientos a la entrada y a la salida<\/strong>\u00a0de los espacios de estudio.<\/p>\n<p><strong>Sin acercarse<\/strong><\/p>\n<p>Durante la presencialidad en el aula,\u00a0<strong>el docente no podr\u00e1 acercarse al banco de un alumno en caso que el chico requiera al docente<\/strong>\u00a0para algunas preguntas aclaratorias de la materia que est\u00e9 dando,\u00a0<strong>el alumno deber\u00e1 levantar la mano y manifestarle su inquietud sin dirigirse hasta el escritorio del docente<\/strong>.<\/p>\n<p>Cada grupo o burbuja cursar\u00e1 durante una semana de forma presencial y la siguiente de forma virtual. Durante la tercera semana los docentes deber\u00e1n abocarse a darles clases a los alumnos rezagados que se llevaron m\u00e1s de seis materia del a\u00f1o pasado, con el fin de que se pongan al d\u00eda lo antes posible.<\/p>\n<p>Es decir que con esta metodolog\u00eda de alternancia, los alumnos que no se llevaron materias durante el ciclo lectivo pasado,\u00a0<strong>solo tendr\u00e1n dos clases presenciales por materia al mes estimativamente<\/strong>.<\/p>\n<figure class=\"wp-block-image size-large\"><img loading=\"lazy\" decoding=\"async\" class=\"wp-image-36340 aligncenter\" src=\"https:\/\/i1.wp.com\/www.entremediosweb.com\/v2\/%77%70%2d%63%6f%6e%74%65%6e%74\/uploads\/2020\/03\/ALCOHOL-GEL-OMSec214141.jpg?resize=708%2C400&amp;ssl=1\" sizes=\"auto, (max-width: 708px) 100vw, 708px\" srcset=\"https:\/\/i1.wp.com\/www.entremediosweb.com\/v2\/%77%70%2d%63%6f%6e%74%65%6e%74\/uploads\/2020\/03\/ALCOHOL-GEL-OMSec214141.jpg?resize=1024%2C578&amp;ssl=1 1024w, https:\/\/i1.wp.com\/www.entremediosweb.com\/v2\/%77%70%2d%63%6f%6e%74%65%6e%74\/uploads\/2020\/03\/ALCOHOL-GEL-OMSec214141.jpg?resize=300%2C169&amp;ssl=1 300w, https:\/\/i1.wp.com\/www.entremediosweb.com\/v2\/%77%70%2d%63%6f%6e%74%65%6e%74\/uploads\/2020\/03\/ALCOHOL-GEL-OMSec214141.jpg?resize=768%2C433&amp;ssl=1 768w, https:\/\/i1.wp.com\/www.entremediosweb.com\/v2\/%77%70%2d%63%6f%6e%74%65%6e%74\/uploads\/2020\/03\/ALCOHOL-GEL-OMSec214141.jpg?resize=390%2C220&amp;ssl=1 390w, https:\/\/i1.wp.com\/www.entremediosweb.com\/v2\/%77%70%2d%63%6f%6e%74%65%6e%74\/uploads\/2020\/03\/ALCOHOL-GEL-OMSec214141.jpg?w=1200&amp;ssl=1 1200w\" alt=\"\" width=\"708\" height=\"399\" data-attachment-id=\"36340\" data-permalink=\"https:\/\/www.entremediosweb.com\/v2\/a-pedido-del-gobierno-laboratorio-paranaense-producira-alcohol-en-gel\/alcohol-gel-omsec214141\/\" data-orig-file=\"https:\/\/i1.wp.com\/www.entremediosweb.com\/v2\/%77%70%2d%63%6f%6e%74%65%6e%74\/uploads\/2020\/03\/ALCOHOL-GEL-OMSec214141.jpg?fit=1200%2C677&amp;ssl=1\" data-orig-size=\"1200,677\" data-comments-opened=\"0\" data-image-meta=\"{&quot;aperture&quot;:&quot;0&quot;,&quot;credit&quot;:&quot;&quot;,&quot;camera&quot;:&quot;&quot;,&quot;caption&quot;:&quot;&quot;,&quot;created_timestamp&quot;:&quot;0&quot;,&quot;copyright&quot;:&quot;&quot;,&quot;focal_length&quot;:&quot;0&quot;,&quot;iso&quot;:&quot;0&quot;,&quot;shutter_speed&quot;:&quot;0&quot;,&quot;title&quot;:&quot;&quot;,&quot;orientation&quot;:&quot;0&quot;}\" data-image-title=\"ALCOHOL-GEL-OMSec214141\" data-image-description=\"\" data-medium-file=\"https:\/\/i1.wp.com\/www.entremediosweb.com\/v2\/%77%70%2d%63%6f%6e%74%65%6e%74\/uploads\/2020\/03\/ALCOHOL-GEL-OMSec214141.jpg?fit=300%2C169&amp;ssl=1\" data-large-file=\"https:\/\/i1.wp.com\/www.entremediosweb.com\/v2\/%77%70%2d%63%6f%6e%74%65%6e%74\/uploads\/2020\/03\/ALCOHOL-GEL-OMSec214141.jpg?fit=708%2C400&amp;ssl=1\" \/><\/figure>\n<h4><strong>Medidas de bioseguridad en el aula<\/strong><\/h4>\n<p>Cuando concurran a la presencialidad,\u00a0<strong>cada estudiante deber\u00e1 llevar alcohol en gel, barbijo y una botella de agua para uso individual<\/strong>.<\/p>\n<p>Cuando el alumno ingresa al aula, el profesor deber\u00e1 rociar las manos del estudiante con alcohol y en todo momento deber\u00e1n mantener el distanciamiento social y obligatorio. Durante el recreo,\u00a0<strong>los \u00fatiles deber\u00e1n ser colocados bajo el pupitre para que los ordenanzas o docentes puedan sanitizar<\/strong>\u00a0los bancos al rociarlo con alcohol.<\/p>\n<p>Los estudiantes deber\u00e1n sentarse de forma alternada de derecha a izquierda respetando el metro y medio de distancia.\u00a0<strong>En caso de que alg\u00fan familiar del alumno est\u00e9 enfermo de Covid, no podr\u00e1 asistir a la presencialidad y las clases ser\u00e1n virtuales<\/strong>.<\/p>\n<p>El uso de los\u00a0<strong>ba\u00f1os<\/strong>\u00a0ser\u00e1 de dos personas a la vez, y esto requerir\u00e1 de un\u00a0<strong>control estricto de los preceptores<\/strong>\u00a0sobre todo en los recreos que ser\u00e1n de 5 a 10 minutos de acuerdo al designio de cada instituci\u00f3n.<\/p>\n<p><strong>Los grupos en las aulas no podr\u00e1n superar los 15 alumnos para poder conformar las burbujas epidemiol\u00f3gicas<\/strong>. El problema ser\u00e1 si habr\u00e1 preceptores suficientes y ordenanzas para poder sanitizar los bancos y los ba\u00f1os de las escuelas en cada turno donde se est\u00e9 dando la presencialidad en las aulas.<\/p>\n<p>Los estudiantes estar\u00e1n\u00a0<strong>cuatro horas por d\u00eda de presencialidad<\/strong>\u00a0y rotar\u00e1n de acuerdo a la organizaci\u00f3n interna de cada instituci\u00f3n educativa.<\/p>\n<p>Para que se puedan dictar todas las asignaturas los m\u00f3dulos se acortar\u00e1n de 80 a 50 minutos, por lo tanto la hora c\u00e1tedra que antes era de 40 minutos pasar\u00e1 ahora a ser de 25 minutos en la secundaria, medidas que pueden estar sujetas a cambios internos de cada instituci\u00f3n que tambi\u00e9n tendr\u00e1 que adaptar la duraci\u00f3n de las horas c\u00e1tedras a los horarios de trabajo de los docentes que pasar\u00e1n de una instituci\u00f3n a otra para dictar sus clases presenciales.<\/p>\n<p>El horario de las c\u00e1tedras si o si tendr\u00e1 que acortarse para que se puedan dictar las materias que est\u00e1n fuera del horario escolar y corresponden a la jornada extendida como las 6 a 7 m\u00e1s horas, para que tambi\u00e9n puedan tener la instancia de presencialidad dentro de la jornada de cuatro horas.<\/p>\n<figure class=\"wp-block-image size-large\"><img loading=\"lazy\" decoding=\"async\" class=\"wp-image-67221 aligncenter\" src=\"https:\/\/i2.wp.com\/www.entremediosweb.com\/v2\/%77%70%2d%63%6f%6e%74%65%6e%74\/uploads\/2020\/10\/coronavirusvueltaaclasesaulastextual2020-2-1170x697-1.jpg?resize=708%2C422&amp;ssl=1\" sizes=\"auto, (max-width: 708px) 100vw, 708px\" srcset=\"https:\/\/i2.wp.com\/www.entremediosweb.com\/v2\/%77%70%2d%63%6f%6e%74%65%6e%74\/uploads\/2020\/10\/coronavirusvueltaaclasesaulastextual2020-2-1170x697-1.jpg?resize=1024%2C610&amp;ssl=1 1024w, https:\/\/i2.wp.com\/www.entremediosweb.com\/v2\/%77%70%2d%63%6f%6e%74%65%6e%74\/uploads\/2020\/10\/coronavirusvueltaaclasesaulastextual2020-2-1170x697-1.jpg?resize=300%2C179&amp;ssl=1 300w, https:\/\/i2.wp.com\/www.entremediosweb.com\/v2\/%77%70%2d%63%6f%6e%74%65%6e%74\/uploads\/2020\/10\/coronavirusvueltaaclasesaulastextual2020-2-1170x697-1.jpg?resize=768%2C458&amp;ssl=1 768w, https:\/\/i2.wp.com\/www.entremediosweb.com\/v2\/%77%70%2d%63%6f%6e%74%65%6e%74\/uploads\/2020\/10\/coronavirusvueltaaclasesaulastextual2020-2-1170x697-1.jpg?w=1170&amp;ssl=1 1170w\" alt=\"\" width=\"708\" height=\"422\" data-attachment-id=\"67221\" data-permalink=\"https:\/\/www.entremediosweb.com\/v2\/coronavirusvueltaaclasesaulastextual2020-2-1170x697-1\/\" data-orig-file=\"https:\/\/i2.wp.com\/www.entremediosweb.com\/v2\/%77%70%2d%63%6f%6e%74%65%6e%74\/uploads\/2020\/10\/coronavirusvueltaaclasesaulastextual2020-2-1170x697-1.jpg?fit=1170%2C697&amp;ssl=1\" data-orig-size=\"1170,697\" data-comments-opened=\"0\" data-image-meta=\"{&quot;aperture&quot;:&quot;0&quot;,&quot;credit&quot;:&quot;&quot;,&quot;camera&quot;:&quot;&quot;,&quot;caption&quot;:&quot;&quot;,&quot;created_timestamp&quot;:&quot;0&quot;,&quot;copyright&quot;:&quot;&quot;,&quot;focal_length&quot;:&quot;0&quot;,&quot;iso&quot;:&quot;0&quot;,&quot;shutter_speed&quot;:&quot;0&quot;,&quot;title&quot;:&quot;&quot;,&quot;orientation&quot;:&quot;0&quot;}\" data-image-title=\"coronavirusvueltaaclasesaulastextual2020-2-1170\u00d7697-1\" data-image-description=\"\" data-medium-file=\"https:\/\/i2.wp.com\/www.entremediosweb.com\/v2\/%77%70%2d%63%6f%6e%74%65%6e%74\/uploads\/2020\/10\/coronavirusvueltaaclasesaulastextual2020-2-1170x697-1.jpg?fit=300%2C179&amp;ssl=1\" data-large-file=\"https:\/\/i2.wp.com\/www.entremediosweb.com\/v2\/%77%70%2d%63%6f%6e%74%65%6e%74\/uploads\/2020\/10\/coronavirusvueltaaclasesaulastextual2020-2-1170x697-1.jpg?fit=708%2C422&amp;ssl=1\" \/><\/figure>\n<h4><strong>El comportamiento docente<\/strong><\/h4>\n<p><strong>Cada docente deber\u00e1 llevarse su borrador y el marcador para escribir en el pizarr\u00f3n, deber\u00e1 tener m\u00e1scara facial y barbijo, alcohol en gel<\/strong>\u00a0y siempre permanecer en el escritorio, sin tener que desplazarse para asistir a un alumno en la tarea encomendada durante la clase.<\/p>\n<p><strong>Los docentes de riesgo podr\u00e1n trabajar en forma virtual<\/strong>, actividad que ya se est\u00e1 realizando desde el 17 de febrero, para el personal que no est\u00e9 a cargo del aula y se dedique a tareas administrativas y est\u00e9 dentro de los grupos de riesgo, deber\u00e1 cumplir horario de forma virtual y realizar las tareas encomendadas por los superiores.<em>\u00a0(Fuente: El Argentino)<\/em><\/p>\n","protected":false},"excerpt":{"rendered":"<p>Se conocieron m\u00e1s detalles de las medidas de bioseguridad en la vuelta al aula. El docente no podr\u00e1 acercarse al banco de un alumno. C\u00f3mo ser\u00e1 el uso de los ba\u00f1os y el comportamiento en los recreos.<\/p>\n","protected":false},"author":2,"featured_media":56889,"comment_status":"open","ping_status":"open","sticky":false,"template":"","format":"standard","meta":{"fifu_image_url":"","fifu_image_alt":"","footnotes":""},"categories":[6],"tags":[209,1639,81],"class_list":{"0":"post-56888","1":"post","2":"type-post","3":"status-publish","4":"format-standard","5":"has-post-thumbnail","7":"category-entre-rios","8":"tag-cge","9":"tag-clases-presenciales","10":"tag-entre-rios"},"yoast_head":"<title>Vuelta al aula en Entre R\u00edos: c\u00f3mo deber\u00e1 ser el comportamiento de alumnos y docentes - Informe Litoral<\/title>\n<meta name=\"robots\" content=\"index, follow, max-snippet:-1, max-image-preview:large, max-video-preview:-1\" \/>\n<link rel=\"canonical\" href=\"https:\/\/informelitoral.com.ar\/vuelta-al-aula-en-entre-rios-como-debera-ser-el-comportamiento-de-alumnos-y-docentes\/\" \/>\n<meta property=\"og:locale\" content=\"es_ES\" \/>\n<meta property=\"og:type\" content=\"article\" \/>\n<meta property=\"og:title\" content=\"Vuelta al aula en Entre R\u00edos: c\u00f3mo deber\u00e1 ser el comportamiento de alumnos y docentes - Informe Litoral\" \/>\n<meta property=\"og:description\" content=\"Se conocieron m\u00e1s detalles de las medidas de bioseguridad en la vuelta al aula. El docente no podr\u00e1 acercarse al banco de un alumno. C\u00f3mo ser\u00e1 el uso de los ba\u00f1os y el comportamiento en los recreos.\" \/>\n<meta property=\"og:url\" content=\"https:\/\/informelitoral.com.ar\/vuelta-al-aula-en-entre-rios-como-debera-ser-el-comportamiento-de-alumnos-y-docentes\/\" \/>\n<meta property=\"og:site_name\" content=\"Informe Litoral\" \/>\n<meta property=\"article:publisher\" content=\"https:\/\/www.facebook.com\/informelitoral\/\" \/>\n<meta property=\"article:published_time\" content=\"2021-02-22T12:51:08+00:00\" \/>\n<meta property=\"og:image\" content=\"https:\/\/informelitoral.com.ar\/%77%70%2d%63%6f%6e%74%65%6e%74\/uploads\/2021\/02\/clases-presenciales.jpg\" \/>\n\t<meta property=\"og:image:width\" content=\"1024\" \/>\n\t<meta property=\"og:image:height\" content=\"680\" \/>\n\t<meta property=\"og:image:type\" content=\"image\/jpeg\" \/>\n<meta name=\"author\" content=\"Gonzalo Schmidt\" \/>\n<meta name=\"twitter:card\" content=\"summary_large_image\" \/>\n<meta name=\"twitter:creator\" content=\"@InformeLitoral\" \/>\n<meta name=\"twitter:site\" content=\"@InformeLitoral\" \/>\n<meta name=\"twitter:label1\" content=\"Escrito por\" \/>\n\t<meta name=\"twitter:data1\" content=\"Gonzalo Schmidt\" \/>\n\t<meta name=\"twitter:label2\" content=\"Tiempo de lectura\" \/>\n\t<meta name=\"twitter:data2\" content=\"5 minutos\" \/>\n<script type=\"application\/ld+json\" class=\"yoast-schema-graph\">{\"@context\":\"https:\\\/\\\/schema.org\",\"@graph\":[{\"@type\":\"Article\",\"@id\":\"https:\\\/\\\/informelitoral.com.ar\\\/vuelta-al-aula-en-entre-rios-como-debera-ser-el-comportamiento-de-alumnos-y-docentes\\\/#article\",\"isPartOf\":{\"@id\":\"https:\\\/\\\/informelitoral.com.ar\\\/vuelta-al-aula-en-entre-rios-como-debera-ser-el-comportamiento-de-alumnos-y-docentes\\\/\"},\"author\":{\"name\":\"Gonzalo Schmidt\",\"@id\":\"https:\\\/\\\/informelitoral.com.ar\\\/#\\\/schema\\\/person\\\/b9d00407c836482871ef1d57bf8e3180\"},\"headline\":\"Vuelta al aula en Entre R\u00edos: c\u00f3mo deber\u00e1 ser el comportamiento de alumnos y docentes\",\"datePublished\":\"2021-02-22T12:51:08+00:00\",\"mainEntityOfPage\":{\"@id\":\"https:\\\/\\\/informelitoral.com.ar\\\/vuelta-al-aula-en-entre-rios-como-debera-ser-el-comportamiento-de-alumnos-y-docentes\\\/\"},\"wordCount\":963,\"commentCount\":0,\"publisher\":{\"@id\":\"https:\\\/\\\/informelitoral.com.ar\\\/#organization\"},\"image\":{\"@id\":\"https:\\\/\\\/informelitoral.com.ar\\\/vuelta-al-aula-en-entre-rios-como-debera-ser-el-comportamiento-de-alumnos-y-docentes\\\/#primaryimage\"},\"thumbnailUrl\":\"https:\\\/\\\/informelitoral.com.ar\\\/%77%70%2d%63%6f%6e%74%65%6e%74\\\/uploads\\\/2021\\\/02\\\/clases-presenciales.jpg\",\"keywords\":[\"CGE\",\"Clases presenciales\",\"Entre R\u00edos\"],\"articleSection\":[\"Entre R\u00edos\"],\"inLanguage\":\"es\",\"potentialAction\":[{\"@type\":\"CommentAction\",\"name\":\"Comment\",\"target\":[\"https:\\\/\\\/informelitoral.com.ar\\\/vuelta-al-aula-en-entre-rios-como-debera-ser-el-comportamiento-de-alumnos-y-docentes\\\/#respond\"]}]},{\"@type\":\"WebPage\",\"@id\":\"https:\\\/\\\/informelitoral.com.ar\\\/vuelta-al-aula-en-entre-rios-como-debera-ser-el-comportamiento-de-alumnos-y-docentes\\\/\",\"url\":\"https:\\\/\\\/informelitoral.com.ar\\\/vuelta-al-aula-en-entre-rios-como-debera-ser-el-comportamiento-de-alumnos-y-docentes\\\/\",\"name\":\"Vuelta al aula en Entre R\u00edos: c\u00f3mo deber\u00e1 ser el comportamiento de alumnos y docentes - Informe Litoral\",\"isPartOf\":{\"@id\":\"https:\\\/\\\/informelitoral.com.ar\\\/#website\"},\"primaryImageOfPage\":{\"@id\":\"https:\\\/\\\/informelitoral.com.ar\\\/vuelta-al-aula-en-entre-rios-como-debera-ser-el-comportamiento-de-alumnos-y-docentes\\\/#primaryimage\"},\"image\":{\"@id\":\"https:\\\/\\\/informelitoral.com.ar\\\/vuelta-al-aula-en-entre-rios-como-debera-ser-el-comportamiento-de-alumnos-y-docentes\\\/#primaryimage\"},\"thumbnailUrl\":\"https:\\\/\\\/informelitoral.com.ar\\\/%77%70%2d%63%6f%6e%74%65%6e%74\\\/uploads\\\/2021\\\/02\\\/clases-presenciales.jpg\",\"datePublished\":\"2021-02-22T12:51:08+00:00\",\"breadcrumb\":{\"@id\":\"https:\\\/\\\/informelitoral.com.ar\\\/vuelta-al-aula-en-entre-rios-como-debera-ser-el-comportamiento-de-alumnos-y-docentes\\\/#breadcrumb\"},\"inLanguage\":\"es\",\"potentialAction\":[{\"@type\":\"ReadAction\",\"target\":[\"https:\\\/\\\/informelitoral.com.ar\\\/vuelta-al-aula-en-entre-rios-como-debera-ser-el-comportamiento-de-alumnos-y-docentes\\\/\"]}]},{\"@type\":\"ImageObject\",\"inLanguage\":\"es\",\"@id\":\"https:\\\/\\\/informelitoral.com.ar\\\/vuelta-al-aula-en-entre-rios-como-debera-ser-el-comportamiento-de-alumnos-y-docentes\\\/#primaryimage\",\"url\":\"https:\\\/\\\/informelitoral.com.ar\\\/%77%70%2d%63%6f%6e%74%65%6e%74\\\/uploads\\\/2021\\\/02\\\/clases-presenciales.jpg\",\"contentUrl\":\"https:\\\/\\\/informelitoral.com.ar\\\/%77%70%2d%63%6f%6e%74%65%6e%74\\\/uploads\\\/2021\\\/02\\\/clases-presenciales.jpg\",\"width\":1024,\"height\":680},{\"@type\":\"BreadcrumbList\",\"@id\":\"https:\\\/\\\/informelitoral.com.ar\\\/vuelta-al-aula-en-entre-rios-como-debera-ser-el-comportamiento-de-alumnos-y-docentes\\\/#breadcrumb\",\"itemListElement\":[{\"@type\":\"ListItem\",\"position\":1,\"name\":\"Portada\",\"item\":\"https:\\\/\\\/informelitoral.com.ar\\\/\"},{\"@type\":\"ListItem\",\"position\":2,\"name\":\"Vuelta al aula en Entre R\u00edos: c\u00f3mo deber\u00e1 ser el comportamiento de alumnos y docentes\"}]},{\"@type\":\"WebSite\",\"@id\":\"https:\\\/\\\/informelitoral.com.ar\\\/#website\",\"url\":\"https:\\\/\\\/informelitoral.com.ar\\\/\",\"name\":\"Informe Litoral\",\"description\":\"&quot;Nos informamos&quot; \",\"publisher\":{\"@id\":\"https:\\\/\\\/informelitoral.com.ar\\\/#organization\"},\"potentialAction\":[{\"@type\":\"SearchAction\",\"target\":{\"@type\":\"EntryPoint\",\"urlTemplate\":\"https:\\\/\\\/informelitoral.com.ar\\\/?s={search_term_string}\"},\"query-input\":{\"@type\":\"PropertyValueSpecification\",\"valueRequired\":true,\"valueName\":\"search_term_string\"}}],\"inLanguage\":\"es\"},{\"@type\":\"Organization\",\"@id\":\"https:\\\/\\\/informelitoral.com.ar\\\/#organization\",\"name\":\"Informe Litoral\",\"url\":\"https:\\\/\\\/informelitoral.com.ar\\\/\",\"logo\":{\"@type\":\"ImageObject\",\"inLanguage\":\"es\",\"@id\":\"https:\\\/\\\/informelitoral.com.ar\\\/#\\\/schema\\\/logo\\\/image\\\/\",\"url\":\"https:\\\/\\\/informelitoral.com.ar\\\/%77%70%2d%63%6f%6e%74%65%6e%74\\\/uploads\\\/2021\\\/01\\\/circulo.png\",\"contentUrl\":\"https:\\\/\\\/informelitoral.com.ar\\\/%77%70%2d%63%6f%6e%74%65%6e%74\\\/uploads\\\/2021\\\/01\\\/circulo.png\",\"width\":723,\"height\":731,\"caption\":\"Informe Litoral\"},\"image\":{\"@id\":\"https:\\\/\\\/informelitoral.com.ar\\\/#\\\/schema\\\/logo\\\/image\\\/\"},\"sameAs\":[\"https:\\\/\\\/www.facebook.com\\\/informelitoral\\\/\",\"https:\\\/\\\/x.com\\\/InformeLitoral\",\"https:\\\/\\\/www.instagram.com\\\/informelitoral\\\/\",\"https:\\\/\\\/www.youtube.com\\\/channel\\\/UCua4Qvz8Icb6MYqhoq9xLXw\"]},{\"@type\":\"Person\",\"@id\":\"https:\\\/\\\/informelitoral.com.ar\\\/#\\\/schema\\\/person\\\/b9d00407c836482871ef1d57bf8e3180\",\"name\":\"Gonzalo Schmidt\",\"image\":{\"@type\":\"ImageObject\",\"inLanguage\":\"es\",\"@id\":\"https:\\\/\\\/secure.gravatar.com\\\/avatar\\\/31a1a7b66ff2de83bd0e9fd79d026630d2d99e55e8bfe501287647b4fd9743de?s=96&d=mm&r=g\",\"url\":\"https:\\\/\\\/secure.gravatar.com\\\/avatar\\\/31a1a7b66ff2de83bd0e9fd79d026630d2d99e55e8bfe501287647b4fd9743de?s=96&d=mm&r=g\",\"contentUrl\":\"https:\\\/\\\/secure.gravatar.com\\\/avatar\\\/31a1a7b66ff2de83bd0e9fd79d026630d2d99e55e8bfe501287647b4fd9743de?s=96&d=mm&r=g\",\"caption\":\"Gonzalo Schmidt\"},\"description\":\"Sitio web de noticias de la provincia de Entre R\u00edos, Argentina. Informaci\u00f3n y entretenimiento. Informe Litoral, nos informamos.\",\"sameAs\":[\"http:\\\/\\\/www.isletasnoticias.com.ar\"],\"url\":\"https:\\\/\\\/informelitoral.com.ar\\\/author\\\/gonzalo\\\/\"}]}<\/script>","yoast_head_json":{"title":"Vuelta al aula en Entre R\u00edos: c\u00f3mo deber\u00e1 ser el comportamiento de alumnos y docentes - Informe Litoral","robots":{"index":"index","follow":"follow","max-snippet":"max-snippet:-1","max-image-preview":"max-image-preview:large","max-video-preview":"max-video-preview:-1"},"canonical":"https:\/\/informelitoral.com.ar\/vuelta-al-aula-en-entre-rios-como-debera-ser-el-comportamiento-de-alumnos-y-docentes\/","og_locale":"es_ES","og_type":"article","og_title":"Vuelta al aula en Entre R\u00edos: c\u00f3mo deber\u00e1 ser el comportamiento de alumnos y docentes - Informe Litoral","og_description":"Se conocieron m\u00e1s detalles de las medidas de bioseguridad en la vuelta al aula. El docente no podr\u00e1 acercarse al banco de un alumno. C\u00f3mo ser\u00e1 el uso de los ba\u00f1os y el comportamiento en los recreos.","og_url":"https:\/\/informelitoral.com.ar\/vuelta-al-aula-en-entre-rios-como-debera-ser-el-comportamiento-de-alumnos-y-docentes\/","og_site_name":"Informe Litoral","article_publisher":"https:\/\/www.facebook.com\/informelitoral\/","article_published_time":"2021-02-22T12:51:08+00:00","og_image":[{"width":1024,"height":680,"url":"https:\/\/informelitoral.com.ar\/%77%70%2d%63%6f%6e%74%65%6e%74\/uploads\/2021\/02\/clases-presenciales.jpg","type":"image\/jpeg"}],"author":"Gonzalo Schmidt","twitter_card":"summary_large_image","twitter_creator":"@InformeLitoral","twitter_site":"@InformeLitoral","twitter_misc":{"Escrito por":"Gonzalo Schmidt","Tiempo de lectura":"5 minutos"},"schema":{"@context":"https:\/\/schema.org","@graph":[{"@type":"Article","@id":"https:\/\/informelitoral.com.ar\/vuelta-al-aula-en-entre-rios-como-debera-ser-el-comportamiento-de-alumnos-y-docentes\/#article","isPartOf":{"@id":"https:\/\/informelitoral.com.ar\/vuelta-al-aula-en-entre-rios-como-debera-ser-el-comportamiento-de-alumnos-y-docentes\/"},"author":{"name":"Gonzalo Schmidt","@id":"https:\/\/informelitoral.com.ar\/#\/schema\/person\/b9d00407c836482871ef1d57bf8e3180"},"headline":"Vuelta al aula en Entre R\u00edos: c\u00f3mo deber\u00e1 ser el comportamiento de alumnos y docentes","datePublished":"2021-02-22T12:51:08+00:00","mainEntityOfPage":{"@id":"https:\/\/informelitoral.com.ar\/vuelta-al-aula-en-entre-rios-como-debera-ser-el-comportamiento-de-alumnos-y-docentes\/"},"wordCount":963,"commentCount":0,"publisher":{"@id":"https:\/\/informelitoral.com.ar\/#organization"},"image":{"@id":"https:\/\/informelitoral.com.ar\/vuelta-al-aula-en-entre-rios-como-debera-ser-el-comportamiento-de-alumnos-y-docentes\/#primaryimage"},"thumbnailUrl":"https:\/\/informelitoral.com.ar\/%77%70%2d%63%6f%6e%74%65%6e%74\/uploads\/2021\/02\/clases-presenciales.jpg","keywords":["CGE","Clases presenciales","Entre R\u00edos"],"articleSection":["Entre R\u00edos"],"inLanguage":"es","potentialAction":[{"@type":"CommentAction","name":"Comment","target":["https:\/\/informelitoral.com.ar\/vuelta-al-aula-en-entre-rios-como-debera-ser-el-comportamiento-de-alumnos-y-docentes\/#respond"]}]},{"@type":"WebPage","@id":"https:\/\/informelitoral.com.ar\/vuelta-al-aula-en-entre-rios-como-debera-ser-el-comportamiento-de-alumnos-y-docentes\/","url":"https:\/\/informelitoral.com.ar\/vuelta-al-aula-en-entre-rios-como-debera-ser-el-comportamiento-de-alumnos-y-docentes\/","name":"Vuelta al aula en Entre R\u00edos: c\u00f3mo deber\u00e1 ser el comportamiento de alumnos y docentes - Informe Litoral","isPartOf":{"@id":"https:\/\/informelitoral.com.ar\/#website"},"primaryImageOfPage":{"@id":"https:\/\/informelitoral.com.ar\/vuelta-al-aula-en-entre-rios-como-debera-ser-el-comportamiento-de-alumnos-y-docentes\/#primaryimage"},"image":{"@id":"https:\/\/informelitoral.com.ar\/vuelta-al-aula-en-entre-rios-como-debera-ser-el-comportamiento-de-alumnos-y-docentes\/#primaryimage"},"thumbnailUrl":"https:\/\/informelitoral.com.ar\/%77%70%2d%63%6f%6e%74%65%6e%74\/uploads\/2021\/02\/clases-presenciales.jpg","datePublished":"2021-02-22T12:51:08+00:00","breadcrumb":{"@id":"https:\/\/informelitoral.com.ar\/vuelta-al-aula-en-entre-rios-como-debera-ser-el-comportamiento-de-alumnos-y-docentes\/#breadcrumb"},"inLanguage":"es","potentialAction":[{"@type":"ReadAction","target":["https:\/\/informelitoral.com.ar\/vuelta-al-aula-en-entre-rios-como-debera-ser-el-comportamiento-de-alumnos-y-docentes\/"]}]},{"@type":"ImageObject","inLanguage":"es","@id":"https:\/\/informelitoral.com.ar\/vuelta-al-aula-en-entre-rios-como-debera-ser-el-comportamiento-de-alumnos-y-docentes\/#primaryimage","url":"https:\/\/informelitoral.com.ar\/%77%70%2d%63%6f%6e%74%65%6e%74\/uploads\/2021\/02\/clases-presenciales.jpg","contentUrl":"https:\/\/informelitoral.com.ar\/%77%70%2d%63%6f%6e%74%65%6e%74\/uploads\/2021\/02\/clases-presenciales.jpg","width":1024,"height":680},{"@type":"BreadcrumbList","@id":"https:\/\/informelitoral.com.ar\/vuelta-al-aula-en-entre-rios-como-debera-ser-el-comportamiento-de-alumnos-y-docentes\/#breadcrumb","itemListElement":[{"@type":"ListItem","position":1,"name":"Portada","item":"https:\/\/informelitoral.com.ar\/"},{"@type":"ListItem","position":2,"name":"Vuelta al aula en Entre R\u00edos: c\u00f3mo deber\u00e1 ser el comportamiento de alumnos y docentes"}]},{"@type":"WebSite","@id":"https:\/\/informelitoral.com.ar\/#website","url":"https:\/\/informelitoral.com.ar\/","name":"Informe Litoral","description":"&quot;Nos informamos&quot; ","publisher":{"@id":"https:\/\/informelitoral.com.ar\/#organization"},"potentialAction":[{"@type":"SearchAction","target":{"@type":"EntryPoint","urlTemplate":"https:\/\/informelitoral.com.ar\/?s={search_term_string}"},"query-input":{"@type":"PropertyValueSpecification","valueRequired":true,"valueName":"search_term_string"}}],"inLanguage":"es"},{"@type":"Organization","@id":"https:\/\/informelitoral.com.ar\/#organization","name":"Informe Litoral","url":"https:\/\/informelitoral.com.ar\/","logo":{"@type":"ImageObject","inLanguage":"es","@id":"https:\/\/informelitoral.com.ar\/#\/schema\/logo\/image\/","url":"https:\/\/informelitoral.com.ar\/%77%70%2d%63%6f%6e%74%65%6e%74\/uploads\/2021\/01\/circulo.png","contentUrl":"https:\/\/informelitoral.com.ar\/%77%70%2d%63%6f%6e%74%65%6e%74\/uploads\/2021\/01\/circulo.png","width":723,"height":731,"caption":"Informe Litoral"},"image":{"@id":"https:\/\/informelitoral.com.ar\/#\/schema\/logo\/image\/"},"sameAs":["https:\/\/www.facebook.com\/informelitoral\/","https:\/\/x.com\/InformeLitoral","https:\/\/www.instagram.com\/informelitoral\/","https:\/\/www.youtube.com\/channel\/UCua4Qvz8Icb6MYqhoq9xLXw"]},{"@type":"Person","@id":"https:\/\/informelitoral.com.ar\/#\/schema\/person\/b9d00407c836482871ef1d57bf8e3180","name":"Gonzalo Schmidt","image":{"@type":"ImageObject","inLanguage":"es","@id":"https:\/\/secure.gravatar.com\/avatar\/31a1a7b66ff2de83bd0e9fd79d026630d2d99e55e8bfe501287647b4fd9743de?s=96&d=mm&r=g","url":"https:\/\/secure.gravatar.com\/avatar\/31a1a7b66ff2de83bd0e9fd79d026630d2d99e55e8bfe501287647b4fd9743de?s=96&d=mm&r=g","contentUrl":"https:\/\/secure.gravatar.com\/avatar\/31a1a7b66ff2de83bd0e9fd79d026630d2d99e55e8bfe501287647b4fd9743de?s=96&d=mm&r=g","caption":"Gonzalo Schmidt"},"description":"Sitio web de noticias de la provincia de Entre R\u00edos, Argentina. Informaci\u00f3n y entretenimiento. Informe Litoral, nos informamos.","sameAs":["http:\/\/www.isletasnoticias.com.ar"],"url":"https:\/\/informelitoral.com.ar\/author\/gonzalo\/"}]}},"_links":{"self":[{"href":"https:\/\/informelitoral.com.ar\/%77%70%2d%6a%73%6f%6e\/wp\/v2\/posts\/56888","targetHints":{"allow":["GET"]}}],"collection":[{"href":"https:\/\/informelitoral.com.ar\/%77%70%2d%6a%73%6f%6e\/wp\/v2\/posts"}],"about":[{"href":"https:\/\/informelitoral.com.ar\/%77%70%2d%6a%73%6f%6e\/wp\/v2\/types\/post"}],"author":[{"embeddable":true,"href":"https:\/\/informelitoral.com.ar\/%77%70%2d%6a%73%6f%6e\/wp\/v2\/users\/2"}],"replies":[{"embeddable":true,"href":"https:\/\/informelitoral.com.ar\/%77%70%2d%6a%73%6f%6e\/wp\/v2\/comments?post=56888"}],"version-history":[{"count":0,"href":"https:\/\/informelitoral.com.ar\/%77%70%2d%6a%73%6f%6e\/wp\/v2\/posts\/56888\/revisions"}],"wp:featuredmedia":[{"embeddable":true,"href":"https:\/\/informelitoral.com.ar\/%77%70%2d%6a%73%6f%6e\/wp\/v2\/media\/56889"}],"wp:attachment":[{"href":"https:\/\/informelitoral.com.ar\/%77%70%2d%6a%73%6f%6e\/wp\/v2\/media?parent=56888"}],"wp:term":[{"taxonomy":"category","embeddable":true,"href":"https:\/\/informelitoral.com.ar\/%77%70%2d%6a%73%6f%6e\/wp\/v2\/categories?post=56888"},{"taxonomy":"post_tag","embeddable":true,"href":"https:\/\/informelitoral.com.ar\/%77%70%2d%6a%73%6f%6e\/wp\/v2\/tags?post=56888"}],"curies":[{"name":"wp","href":"https:\/\/api.w.org\/{rel}","templated":true}]}}