{"id":5674,"date":"2014-02-18T12:27:10","date_gmt":"2014-02-18T15:27:10","guid":{"rendered":"http:\/\/www.isletasnoticias.com.ar\/?p=5674"},"modified":"2014-02-18T12:27:10","modified_gmt":"2014-02-18T15:27:10","slug":"la-suba-de-la-tarifa-electrica-en-entre-rios-podria-quedar-suspendida","status":"publish","type":"post","link":"https:\/\/informelitoral.com.ar\/la-suba-de-la-tarifa-electrica-en-entre-rios-podria-quedar-suspendida\/","title":{"rendered":"La suba de la tarifa el\u00e9ctrica en Entre R\u00edos podr\u00eda quedar suspendida"},"content":{"rendered":"<p><strong>La Provincia, a trav\u00e9s de ENERSA, pidi\u00f3 un aumento del 19,8% pero habr\u00eda una decisi\u00f3n nacional de congelar las tarifas al costo de diciembre de 2013. \u201cEs lo que trascendi\u00f3\u201d, reconoci\u00f3 el titular de la Cooperativa El\u00e9ctrica de Concordia.<\/strong><\/p>\n<p><img loading=\"lazy\" decoding=\"async\" class=\"aligncenter size-medium wp-image-5675\" alt=\"transmision-electrica-2010-01-23-17549\" src=\"http:\/\/www.isletasnoticias.com.ar\/%77%70%2d%63%6f%6e%74%65%6e%74\/uploads\/2014\/02\/transmision-electrica-2010-01-23-17549-300x192.jpg\" width=\"300\" height=\"192\" srcset=\"https:\/\/informelitoral.com.ar\/%77%70%2d%63%6f%6e%74%65%6e%74\/uploads\/2014\/02\/transmision-electrica-2010-01-23-17549-300x192.jpg 300w, https:\/\/informelitoral.com.ar\/%77%70%2d%63%6f%6e%74%65%6e%74\/uploads\/2014\/02\/transmision-electrica-2010-01-23-17549.jpg 500w\" sizes=\"auto, (max-width: 300px) 100vw, 300px\" \/><\/p>\n<p>El 5 de febrero se realiz\u00f3 la Audiencia P\u00fablica quinquenal, donde el Ejecutivo Provincial, a trav\u00e9s de Energ\u00eda de Entre R\u00edos Sociedad An\u00f3nima (ENERSA), solicit\u00f3 un incremento de la tarifa el\u00e9ctrica del 19,8%.<\/p>\n<p>El pedido fue acompa\u00f1ado por la Cooperativa El\u00e9ctrica de Concordia. \u201cNos pareci\u00f3 razonable\u201d, dijo el contador <strong>C\u00e9sar Gottfried<\/strong>, presidente del Consejo de Administraci\u00f3n de la empresa, en di\u00e1logo con O\u00edd Mortales Radio.<\/p>\n<p>Interrogado acerca de si hubo alguna novedad respecto a ese tema, Gottfried se\u00f1al\u00f3: \u201cOficialmente no. Hay trascendidos que esa disposici\u00f3n est\u00e1 suspendida por un tiempo, pero no quiero hacerme eco de trascendidos. Estamos esperando el informe del Ente Provincial Regulador de la Energ\u00eda (EPRE). Estamos en contacto con ellos. La reglamentaci\u00f3n nos indica que debemos esperar un mes para opinar y resolver, para luego pasar al Ejecutivo Provincial para su decisi\u00f3n\u201d.<\/p>\n<p>La informaci\u00f3n que trascendi\u00f3 es que habr\u00eda una decisi\u00f3n a nivel nacional de congelar las tarifas al costo que tuvieron en diciembre de 2013. Es decir, que quedase sin efecto cualquier aumento decidido posteriormente.<\/p>\n<p>\u201cRealmente ni imagino a que responde la suspensi\u00f3n de un aumento del nivel del 20% que se supone que ser\u00e1 anual. De modo tal que, dividido en partes y con la inflaci\u00f3n actual, no parece sensato suspender la aplicaci\u00f3n. A partir de marzo, el resto de los precios, incluyendo los salarios, aumentar\u00e1n. Los insumos ya aumentaron sustantivamente y no de ahora, sino desde hace un tiempo\u201d, manifest\u00f3 el presidente del Consejo de Administraci\u00f3n de la Cooperativa El\u00e9ctrica de Concordia.<\/p>\n<p>Record\u00f3 que \u201cel a\u00f1o pasado hubo un aumento inferior al 17% de la tarifa y los precios y costos aumentaron no menos de un 30%. De modo que el a\u00f1o pasado tuvimos un desfase muy importante de un 13% y hay que aguantar\u201d.<\/p>\n<p>Explic\u00f3 que \u201caguantar significa suspender o demorar obras que son necesarias y, en algunos casos, imprescindibles. Hay que hacer ahorros m\u00e1s que sustantivos para poder hacer algunas obras que justamente permitan dar el servicio que se necesita\u201d.<\/p>\n<p>Destac\u00f3 que \u201cen la cooperativa, sobre todo, no hay intenciones de utilidades. No es este nuestro objetivo. Nosotros necesitamos alg\u00fan retorno para poder hacer inversiones\u201d, enfatiz\u00f3 y ampli\u00f3 que, \u201ccuando ese retorno no se produce, como ya ocurre hace un tiempo, nuestras dificultades en inversiones son notorias\u201d.<\/p>\n<p><strong>Los sueldos de los miembros del Consejo de Administraci\u00f3n<\/strong><\/p>\n<p>A prop\u00f3sito del modo en que administran la Cooperativa, \u00bfqu\u00e9 respuestas tiene cuando en torno a este punto en particular se se\u00f1ala que, por otro lado, quienes conducen la empresa (usted y los miembros del Consejo) tienen ingresos en concepto de salario que pueden considerarse excesivos? \u201cEs una visi\u00f3n diferente. Es un tema que de verdad no afecta el resultado de la empresa. Es utilizado por terceros que est\u00e1n interesados, de alguna manera, en afectar tal vez la conducci\u00f3n\u201d, respondi\u00f3 el ex Rector de la Universidad Nacional de Entre R\u00edos (UNER).<\/p>\n<p>Aclar\u00f3 que los valores que cobran \u201cest\u00e1n dentro de los c\u00e1nones absolutamente normales. Desde luego est\u00e1 dentro de lo que figura en el estatuto (Nota de la redacci\u00f3n: el estatuto fija un techo respecto al m\u00e1ximo que pueden percibir, pero no establece el monto que cada integrante del Consejo de Administraci\u00f3n debe recibir) que por otra parte no hemos formulado nosotros en esos t\u00e9rminos y tiene que ver, un poco menor claro, con los haberes de la gente que trabaja en el \u00e1mbito de energ\u00eda\u201d.<\/p>\n<p>Relativiz\u00f3 los montos al explicar que, \u201cen t\u00e9rminos generales, su gasto en inferior al 1%. Creo que las tareas de responsabilidad deben ser retribuidas adecuadamente. De eso se trata. Ac\u00e1 son siempre valores relativos\u201d.<\/p>\n<p>Opin\u00f3 que, \u201cseguramente en la comunidad existen sectores que tienen ingresos bajos en relaci\u00f3n a su desempe\u00f1o y, tal vez, ven en los montos que percibe una parte del Consejo de Administraci\u00f3n como ingresos altos\u201d.<\/p>\n<p>\u201cSon ingresos interesantes, importantes, pero no superan ninguna media razonable\u201d, reiter\u00f3 y se\u00f1al\u00f3 que \u201cen el Consejo de Administraci\u00f3n solamente una peque\u00f1a minor\u00eda de consejeros perciben sumas importantes o interesantes. El resto tiene salarios que no son mayores a los de un empleado com\u00fan\u201d.<\/p>\n<p><strong>\u201cQue ENERSA tarife como transporte\u201d<\/strong><\/p>\n<p>As\u00ed fue el pedido que hizo la Cooperativa de Concordia\u00a0en la \u00faltima Audiencia P\u00fablica. \u201cEs un pedido de estricta justicia\u201d, resalt\u00f3 Gottfried y explic\u00f3 que \u201cel servicio que nos presta ENERSA es de transporte de energ\u00eda, en una distancia que estimo no ser\u00e1n m\u00e1s de 10 kil\u00f3metros. De un punto a otro nos entrega energ\u00eda que necesitamos. Y nos est\u00e1n cobrando como si fuera un servicio de distribuci\u00f3n\u201d.<\/p>\n<p>\u201cDesde luego no podemos pretender que la empresa beneficiada, ENERSA, con la que tenemos muy buena relaci\u00f3n, por propia voluntad decida una merma en sus ingresos\u201d, aclar\u00f3 y mencion\u00f3 que, por tal raz\u00f3n, \u201cnecesitamos de la consideraci\u00f3n de la Asamblea P\u00fablica\u201d.<\/p>\n<p>Dijo, finalmente, que de tener una respuesta favorable habr\u00eda un \u201cahorro en cuanto a los gastos que tenemos y beneficiar\u00eda a los socios. En t\u00e9rminos de pesos, seg\u00fan los c\u00e1lculos hechos para el a\u00f1o que pas\u00f3, no hubi\u00e9ramos tenido las p\u00e9rdidas que hab\u00edamos tenido\u201d. (Fuente: <em>El Entre R\u00edos<\/em>).<\/p>\n","protected":false},"excerpt":{"rendered":"<p>La Provincia, a trav&eacute;s de ENERSA, pidi&oacute; un aumento del 19,8% pero habr&iacute;a una decisi&oacute;n nacional de congelar las tarifas al costo de diciembre de 2013. &ldquo;Es lo que trascendi&oacute;&rdquo;, reconoci&oacute; el titular de la Cooperativa El&eacute;ctrica de Concordia. El 5 de febrero se realiz&oacute; la Audiencia P&uacute;blica quinquenal, donde el Ejecutivo Provincial, a trav&eacute;s [&hellip;]<\/p>\n","protected":false},"author":2,"featured_media":0,"comment_status":"open","ping_status":"open","sticky":false,"template":"","format":"standard","meta":{"fifu_image_url":"","fifu_image_alt":"","footnotes":""},"categories":[6],"tags":[],"class_list":{"0":"post-5674","1":"post","2":"type-post","3":"status-publish","4":"format-standard","6":"category-entre-rios"},"yoast_head":"<title>La suba de la tarifa el\u00e9ctrica en Entre R\u00edos podr\u00eda quedar suspendida - Informe Litoral<\/title>\n<meta name=\"robots\" content=\"index, follow, max-snippet:-1, max-image-preview:large, max-video-preview:-1\" \/>\n<link rel=\"canonical\" href=\"https:\/\/informelitoral.com.ar\/la-suba-de-la-tarifa-electrica-en-entre-rios-podria-quedar-suspendida\/\" \/>\n<meta property=\"og:locale\" content=\"es_ES\" \/>\n<meta property=\"og:type\" content=\"article\" \/>\n<meta property=\"og:title\" content=\"La suba de la tarifa el\u00e9ctrica en Entre R\u00edos podr\u00eda quedar suspendida - Informe Litoral\" \/>\n<meta property=\"og:description\" content=\"La Provincia, a trav&eacute;s de ENERSA, pidi&oacute; un aumento del 19,8% pero habr&iacute;a una decisi&oacute;n nacional de congelar las tarifas al costo de diciembre de 2013. &ldquo;Es lo que trascendi&oacute;&rdquo;, reconoci&oacute; el titular de la Cooperativa El&eacute;ctrica de Concordia. El 5 de febrero se realiz&oacute; la Audiencia P&uacute;blica quinquenal, donde el Ejecutivo Provincial, a trav&eacute;s [&hellip;]\" \/>\n<meta property=\"og:url\" content=\"https:\/\/informelitoral.com.ar\/la-suba-de-la-tarifa-electrica-en-entre-rios-podria-quedar-suspendida\/\" \/>\n<meta property=\"og:site_name\" content=\"Informe Litoral\" \/>\n<meta property=\"article:publisher\" content=\"https:\/\/www.facebook.com\/informelitoral\/\" \/>\n<meta property=\"article:published_time\" content=\"2014-02-18T15:27:10+00:00\" \/>\n<meta property=\"og:image\" content=\"https:\/\/informelitoral.com.ar\/%77%70%2d%63%6f%6e%74%65%6e%74\/uploads\/2014\/02\/transmision-electrica-2010-01-23-17549.jpg\" \/>\n\t<meta property=\"og:image:width\" content=\"500\" \/>\n\t<meta property=\"og:image:height\" content=\"320\" \/>\n\t<meta property=\"og:image:type\" content=\"image\/jpeg\" \/>\n<meta name=\"author\" content=\"Gonzalo Schmidt\" \/>\n<meta name=\"twitter:card\" content=\"summary_large_image\" \/>\n<meta name=\"twitter:creator\" content=\"@InformeLitoral\" \/>\n<meta name=\"twitter:site\" content=\"@InformeLitoral\" \/>\n<meta name=\"twitter:label1\" content=\"Escrito por\" \/>\n\t<meta name=\"twitter:data1\" content=\"Gonzalo Schmidt\" \/>\n\t<meta name=\"twitter:label2\" content=\"Tiempo de lectura\" \/>\n\t<meta name=\"twitter:data2\" content=\"5 minutos\" \/>\n<script type=\"application\/ld+json\" class=\"yoast-schema-graph\">{\"@context\":\"https:\\\/\\\/schema.org\",\"@graph\":[{\"@type\":\"Article\",\"@id\":\"https:\\\/\\\/informelitoral.com.ar\\\/la-suba-de-la-tarifa-electrica-en-entre-rios-podria-quedar-suspendida\\\/#article\",\"isPartOf\":{\"@id\":\"https:\\\/\\\/informelitoral.com.ar\\\/la-suba-de-la-tarifa-electrica-en-entre-rios-podria-quedar-suspendida\\\/\"},\"author\":{\"name\":\"Gonzalo Schmidt\",\"@id\":\"https:\\\/\\\/informelitoral.com.ar\\\/#\\\/schema\\\/person\\\/b9d00407c836482871ef1d57bf8e3180\"},\"headline\":\"La suba de la tarifa el\u00e9ctrica en Entre R\u00edos podr\u00eda quedar suspendida\",\"datePublished\":\"2014-02-18T15:27:10+00:00\",\"mainEntityOfPage\":{\"@id\":\"https:\\\/\\\/informelitoral.com.ar\\\/la-suba-de-la-tarifa-electrica-en-entre-rios-podria-quedar-suspendida\\\/\"},\"wordCount\":959,\"commentCount\":0,\"publisher\":{\"@id\":\"https:\\\/\\\/informelitoral.com.ar\\\/#organization\"},\"image\":{\"@id\":\"https:\\\/\\\/informelitoral.com.ar\\\/la-suba-de-la-tarifa-electrica-en-entre-rios-podria-quedar-suspendida\\\/#primaryimage\"},\"thumbnailUrl\":\"http:\\\/\\\/www.isletasnoticias.com.ar\\\/%77%70%2d%63%6f%6e%74%65%6e%74\\\/uploads\\\/2014\\\/02\\\/transmision-electrica-2010-01-23-17549-300x192.jpg\",\"articleSection\":[\"Entre R\u00edos\"],\"inLanguage\":\"es\",\"potentialAction\":[{\"@type\":\"CommentAction\",\"name\":\"Comment\",\"target\":[\"https:\\\/\\\/informelitoral.com.ar\\\/la-suba-de-la-tarifa-electrica-en-entre-rios-podria-quedar-suspendida\\\/#respond\"]}]},{\"@type\":\"WebPage\",\"@id\":\"https:\\\/\\\/informelitoral.com.ar\\\/la-suba-de-la-tarifa-electrica-en-entre-rios-podria-quedar-suspendida\\\/\",\"url\":\"https:\\\/\\\/informelitoral.com.ar\\\/la-suba-de-la-tarifa-electrica-en-entre-rios-podria-quedar-suspendida\\\/\",\"name\":\"La suba de la tarifa el\u00e9ctrica en Entre R\u00edos podr\u00eda quedar suspendida - Informe Litoral\",\"isPartOf\":{\"@id\":\"https:\\\/\\\/informelitoral.com.ar\\\/#website\"},\"primaryImageOfPage\":{\"@id\":\"https:\\\/\\\/informelitoral.com.ar\\\/la-suba-de-la-tarifa-electrica-en-entre-rios-podria-quedar-suspendida\\\/#primaryimage\"},\"image\":{\"@id\":\"https:\\\/\\\/informelitoral.com.ar\\\/la-suba-de-la-tarifa-electrica-en-entre-rios-podria-quedar-suspendida\\\/#primaryimage\"},\"thumbnailUrl\":\"http:\\\/\\\/www.isletasnoticias.com.ar\\\/%77%70%2d%63%6f%6e%74%65%6e%74\\\/uploads\\\/2014\\\/02\\\/transmision-electrica-2010-01-23-17549-300x192.jpg\",\"datePublished\":\"2014-02-18T15:27:10+00:00\",\"breadcrumb\":{\"@id\":\"https:\\\/\\\/informelitoral.com.ar\\\/la-suba-de-la-tarifa-electrica-en-entre-rios-podria-quedar-suspendida\\\/#breadcrumb\"},\"inLanguage\":\"es\",\"potentialAction\":[{\"@type\":\"ReadAction\",\"target\":[\"https:\\\/\\\/informelitoral.com.ar\\\/la-suba-de-la-tarifa-electrica-en-entre-rios-podria-quedar-suspendida\\\/\"]}]},{\"@type\":\"ImageObject\",\"inLanguage\":\"es\",\"@id\":\"https:\\\/\\\/informelitoral.com.ar\\\/la-suba-de-la-tarifa-electrica-en-entre-rios-podria-quedar-suspendida\\\/#primaryimage\",\"url\":\"http:\\\/\\\/www.isletasnoticias.com.ar\\\/%77%70%2d%63%6f%6e%74%65%6e%74\\\/uploads\\\/2014\\\/02\\\/transmision-electrica-2010-01-23-17549-300x192.jpg\",\"contentUrl\":\"http:\\\/\\\/www.isletasnoticias.com.ar\\\/%77%70%2d%63%6f%6e%74%65%6e%74\\\/uploads\\\/2014\\\/02\\\/transmision-electrica-2010-01-23-17549-300x192.jpg\"},{\"@type\":\"BreadcrumbList\",\"@id\":\"https:\\\/\\\/informelitoral.com.ar\\\/la-suba-de-la-tarifa-electrica-en-entre-rios-podria-quedar-suspendida\\\/#breadcrumb\",\"itemListElement\":[{\"@type\":\"ListItem\",\"position\":1,\"name\":\"Portada\",\"item\":\"https:\\\/\\\/informelitoral.com.ar\\\/\"},{\"@type\":\"ListItem\",\"position\":2,\"name\":\"La suba de la tarifa el\u00e9ctrica en Entre R\u00edos podr\u00eda quedar suspendida\"}]},{\"@type\":\"WebSite\",\"@id\":\"https:\\\/\\\/informelitoral.com.ar\\\/#website\",\"url\":\"https:\\\/\\\/informelitoral.com.ar\\\/\",\"name\":\"Informe Litoral\",\"description\":\"&quot;Nos informamos&quot; \",\"publisher\":{\"@id\":\"https:\\\/\\\/informelitoral.com.ar\\\/#organization\"},\"potentialAction\":[{\"@type\":\"SearchAction\",\"target\":{\"@type\":\"EntryPoint\",\"urlTemplate\":\"https:\\\/\\\/informelitoral.com.ar\\\/?s={search_term_string}\"},\"query-input\":{\"@type\":\"PropertyValueSpecification\",\"valueRequired\":true,\"valueName\":\"search_term_string\"}}],\"inLanguage\":\"es\"},{\"@type\":\"Organization\",\"@id\":\"https:\\\/\\\/informelitoral.com.ar\\\/#organization\",\"name\":\"Informe Litoral\",\"url\":\"https:\\\/\\\/informelitoral.com.ar\\\/\",\"logo\":{\"@type\":\"ImageObject\",\"inLanguage\":\"es\",\"@id\":\"https:\\\/\\\/informelitoral.com.ar\\\/#\\\/schema\\\/logo\\\/image\\\/\",\"url\":\"https:\\\/\\\/informelitoral.com.ar\\\/%77%70%2d%63%6f%6e%74%65%6e%74\\\/uploads\\\/2021\\\/01\\\/circulo.png\",\"contentUrl\":\"https:\\\/\\\/informelitoral.com.ar\\\/%77%70%2d%63%6f%6e%74%65%6e%74\\\/uploads\\\/2021\\\/01\\\/circulo.png\",\"width\":723,\"height\":731,\"caption\":\"Informe Litoral\"},\"image\":{\"@id\":\"https:\\\/\\\/informelitoral.com.ar\\\/#\\\/schema\\\/logo\\\/image\\\/\"},\"sameAs\":[\"https:\\\/\\\/www.facebook.com\\\/informelitoral\\\/\",\"https:\\\/\\\/x.com\\\/InformeLitoral\",\"https:\\\/\\\/www.instagram.com\\\/informelitoral\\\/\",\"https:\\\/\\\/www.youtube.com\\\/channel\\\/UCua4Qvz8Icb6MYqhoq9xLXw\"]},{\"@type\":\"Person\",\"@id\":\"https:\\\/\\\/informelitoral.com.ar\\\/#\\\/schema\\\/person\\\/b9d00407c836482871ef1d57bf8e3180\",\"name\":\"Gonzalo Schmidt\",\"image\":{\"@type\":\"ImageObject\",\"inLanguage\":\"es\",\"@id\":\"https:\\\/\\\/secure.gravatar.com\\\/avatar\\\/31a1a7b66ff2de83bd0e9fd79d026630d2d99e55e8bfe501287647b4fd9743de?s=96&d=mm&r=g\",\"url\":\"https:\\\/\\\/secure.gravatar.com\\\/avatar\\\/31a1a7b66ff2de83bd0e9fd79d026630d2d99e55e8bfe501287647b4fd9743de?s=96&d=mm&r=g\",\"contentUrl\":\"https:\\\/\\\/secure.gravatar.com\\\/avatar\\\/31a1a7b66ff2de83bd0e9fd79d026630d2d99e55e8bfe501287647b4fd9743de?s=96&d=mm&r=g\",\"caption\":\"Gonzalo Schmidt\"},\"description\":\"Sitio web de noticias de la provincia de Entre R\u00edos, Argentina. Informaci\u00f3n y entretenimiento. Informe Litoral, nos informamos.\",\"sameAs\":[\"http:\\\/\\\/www.isletasnoticias.com.ar\"],\"url\":\"https:\\\/\\\/informelitoral.com.ar\\\/author\\\/gonzalo\\\/\"}]}<\/script>","yoast_head_json":{"title":"La suba de la tarifa el\u00e9ctrica en Entre R\u00edos podr\u00eda quedar suspendida - Informe Litoral","robots":{"index":"index","follow":"follow","max-snippet":"max-snippet:-1","max-image-preview":"max-image-preview:large","max-video-preview":"max-video-preview:-1"},"canonical":"https:\/\/informelitoral.com.ar\/la-suba-de-la-tarifa-electrica-en-entre-rios-podria-quedar-suspendida\/","og_locale":"es_ES","og_type":"article","og_title":"La suba de la tarifa el\u00e9ctrica en Entre R\u00edos podr\u00eda quedar suspendida - Informe Litoral","og_description":"La Provincia, a trav&eacute;s de ENERSA, pidi&oacute; un aumento del 19,8% pero habr&iacute;a una decisi&oacute;n nacional de congelar las tarifas al costo de diciembre de 2013. &ldquo;Es lo que trascendi&oacute;&rdquo;, reconoci&oacute; el titular de la Cooperativa El&eacute;ctrica de Concordia. El 5 de febrero se realiz&oacute; la Audiencia P&uacute;blica quinquenal, donde el Ejecutivo Provincial, a trav&eacute;s [&hellip;]","og_url":"https:\/\/informelitoral.com.ar\/la-suba-de-la-tarifa-electrica-en-entre-rios-podria-quedar-suspendida\/","og_site_name":"Informe Litoral","article_publisher":"https:\/\/www.facebook.com\/informelitoral\/","article_published_time":"2014-02-18T15:27:10+00:00","og_image":[{"width":500,"height":320,"url":"https:\/\/informelitoral.com.ar\/%77%70%2d%63%6f%6e%74%65%6e%74\/uploads\/2014\/02\/transmision-electrica-2010-01-23-17549.jpg","type":"image\/jpeg"}],"author":"Gonzalo Schmidt","twitter_card":"summary_large_image","twitter_creator":"@InformeLitoral","twitter_site":"@InformeLitoral","twitter_misc":{"Escrito por":"Gonzalo Schmidt","Tiempo de lectura":"5 minutos"},"schema":{"@context":"https:\/\/schema.org","@graph":[{"@type":"Article","@id":"https:\/\/informelitoral.com.ar\/la-suba-de-la-tarifa-electrica-en-entre-rios-podria-quedar-suspendida\/#article","isPartOf":{"@id":"https:\/\/informelitoral.com.ar\/la-suba-de-la-tarifa-electrica-en-entre-rios-podria-quedar-suspendida\/"},"author":{"name":"Gonzalo Schmidt","@id":"https:\/\/informelitoral.com.ar\/#\/schema\/person\/b9d00407c836482871ef1d57bf8e3180"},"headline":"La suba de la tarifa el\u00e9ctrica en Entre R\u00edos podr\u00eda quedar suspendida","datePublished":"2014-02-18T15:27:10+00:00","mainEntityOfPage":{"@id":"https:\/\/informelitoral.com.ar\/la-suba-de-la-tarifa-electrica-en-entre-rios-podria-quedar-suspendida\/"},"wordCount":959,"commentCount":0,"publisher":{"@id":"https:\/\/informelitoral.com.ar\/#organization"},"image":{"@id":"https:\/\/informelitoral.com.ar\/la-suba-de-la-tarifa-electrica-en-entre-rios-podria-quedar-suspendida\/#primaryimage"},"thumbnailUrl":"http:\/\/www.isletasnoticias.com.ar\/%77%70%2d%63%6f%6e%74%65%6e%74\/uploads\/2014\/02\/transmision-electrica-2010-01-23-17549-300x192.jpg","articleSection":["Entre R\u00edos"],"inLanguage":"es","potentialAction":[{"@type":"CommentAction","name":"Comment","target":["https:\/\/informelitoral.com.ar\/la-suba-de-la-tarifa-electrica-en-entre-rios-podria-quedar-suspendida\/#respond"]}]},{"@type":"WebPage","@id":"https:\/\/informelitoral.com.ar\/la-suba-de-la-tarifa-electrica-en-entre-rios-podria-quedar-suspendida\/","url":"https:\/\/informelitoral.com.ar\/la-suba-de-la-tarifa-electrica-en-entre-rios-podria-quedar-suspendida\/","name":"La suba de la tarifa el\u00e9ctrica en Entre R\u00edos podr\u00eda quedar suspendida - Informe Litoral","isPartOf":{"@id":"https:\/\/informelitoral.com.ar\/#website"},"primaryImageOfPage":{"@id":"https:\/\/informelitoral.com.ar\/la-suba-de-la-tarifa-electrica-en-entre-rios-podria-quedar-suspendida\/#primaryimage"},"image":{"@id":"https:\/\/informelitoral.com.ar\/la-suba-de-la-tarifa-electrica-en-entre-rios-podria-quedar-suspendida\/#primaryimage"},"thumbnailUrl":"http:\/\/www.isletasnoticias.com.ar\/%77%70%2d%63%6f%6e%74%65%6e%74\/uploads\/2014\/02\/transmision-electrica-2010-01-23-17549-300x192.jpg","datePublished":"2014-02-18T15:27:10+00:00","breadcrumb":{"@id":"https:\/\/informelitoral.com.ar\/la-suba-de-la-tarifa-electrica-en-entre-rios-podria-quedar-suspendida\/#breadcrumb"},"inLanguage":"es","potentialAction":[{"@type":"ReadAction","target":["https:\/\/informelitoral.com.ar\/la-suba-de-la-tarifa-electrica-en-entre-rios-podria-quedar-suspendida\/"]}]},{"@type":"ImageObject","inLanguage":"es","@id":"https:\/\/informelitoral.com.ar\/la-suba-de-la-tarifa-electrica-en-entre-rios-podria-quedar-suspendida\/#primaryimage","url":"http:\/\/www.isletasnoticias.com.ar\/%77%70%2d%63%6f%6e%74%65%6e%74\/uploads\/2014\/02\/transmision-electrica-2010-01-23-17549-300x192.jpg","contentUrl":"http:\/\/www.isletasnoticias.com.ar\/%77%70%2d%63%6f%6e%74%65%6e%74\/uploads\/2014\/02\/transmision-electrica-2010-01-23-17549-300x192.jpg"},{"@type":"BreadcrumbList","@id":"https:\/\/informelitoral.com.ar\/la-suba-de-la-tarifa-electrica-en-entre-rios-podria-quedar-suspendida\/#breadcrumb","itemListElement":[{"@type":"ListItem","position":1,"name":"Portada","item":"https:\/\/informelitoral.com.ar\/"},{"@type":"ListItem","position":2,"name":"La suba de la tarifa el\u00e9ctrica en Entre R\u00edos podr\u00eda quedar suspendida"}]},{"@type":"WebSite","@id":"https:\/\/informelitoral.com.ar\/#website","url":"https:\/\/informelitoral.com.ar\/","name":"Informe Litoral","description":"&quot;Nos informamos&quot; ","publisher":{"@id":"https:\/\/informelitoral.com.ar\/#organization"},"potentialAction":[{"@type":"SearchAction","target":{"@type":"EntryPoint","urlTemplate":"https:\/\/informelitoral.com.ar\/?s={search_term_string}"},"query-input":{"@type":"PropertyValueSpecification","valueRequired":true,"valueName":"search_term_string"}}],"inLanguage":"es"},{"@type":"Organization","@id":"https:\/\/informelitoral.com.ar\/#organization","name":"Informe Litoral","url":"https:\/\/informelitoral.com.ar\/","logo":{"@type":"ImageObject","inLanguage":"es","@id":"https:\/\/informelitoral.com.ar\/#\/schema\/logo\/image\/","url":"https:\/\/informelitoral.com.ar\/%77%70%2d%63%6f%6e%74%65%6e%74\/uploads\/2021\/01\/circulo.png","contentUrl":"https:\/\/informelitoral.com.ar\/%77%70%2d%63%6f%6e%74%65%6e%74\/uploads\/2021\/01\/circulo.png","width":723,"height":731,"caption":"Informe Litoral"},"image":{"@id":"https:\/\/informelitoral.com.ar\/#\/schema\/logo\/image\/"},"sameAs":["https:\/\/www.facebook.com\/informelitoral\/","https:\/\/x.com\/InformeLitoral","https:\/\/www.instagram.com\/informelitoral\/","https:\/\/www.youtube.com\/channel\/UCua4Qvz8Icb6MYqhoq9xLXw"]},{"@type":"Person","@id":"https:\/\/informelitoral.com.ar\/#\/schema\/person\/b9d00407c836482871ef1d57bf8e3180","name":"Gonzalo Schmidt","image":{"@type":"ImageObject","inLanguage":"es","@id":"https:\/\/secure.gravatar.com\/avatar\/31a1a7b66ff2de83bd0e9fd79d026630d2d99e55e8bfe501287647b4fd9743de?s=96&d=mm&r=g","url":"https:\/\/secure.gravatar.com\/avatar\/31a1a7b66ff2de83bd0e9fd79d026630d2d99e55e8bfe501287647b4fd9743de?s=96&d=mm&r=g","contentUrl":"https:\/\/secure.gravatar.com\/avatar\/31a1a7b66ff2de83bd0e9fd79d026630d2d99e55e8bfe501287647b4fd9743de?s=96&d=mm&r=g","caption":"Gonzalo Schmidt"},"description":"Sitio web de noticias de la provincia de Entre R\u00edos, Argentina. Informaci\u00f3n y entretenimiento. Informe Litoral, nos informamos.","sameAs":["http:\/\/www.isletasnoticias.com.ar"],"url":"https:\/\/informelitoral.com.ar\/author\/gonzalo\/"}]}},"_links":{"self":[{"href":"https:\/\/informelitoral.com.ar\/%77%70%2d%6a%73%6f%6e\/wp\/v2\/posts\/5674","targetHints":{"allow":["GET"]}}],"collection":[{"href":"https:\/\/informelitoral.com.ar\/%77%70%2d%6a%73%6f%6e\/wp\/v2\/posts"}],"about":[{"href":"https:\/\/informelitoral.com.ar\/%77%70%2d%6a%73%6f%6e\/wp\/v2\/types\/post"}],"author":[{"embeddable":true,"href":"https:\/\/informelitoral.com.ar\/%77%70%2d%6a%73%6f%6e\/wp\/v2\/users\/2"}],"replies":[{"embeddable":true,"href":"https:\/\/informelitoral.com.ar\/%77%70%2d%6a%73%6f%6e\/wp\/v2\/comments?post=5674"}],"version-history":[{"count":0,"href":"https:\/\/informelitoral.com.ar\/%77%70%2d%6a%73%6f%6e\/wp\/v2\/posts\/5674\/revisions"}],"wp:attachment":[{"href":"https:\/\/informelitoral.com.ar\/%77%70%2d%6a%73%6f%6e\/wp\/v2\/media?parent=5674"}],"wp:term":[{"taxonomy":"category","embeddable":true,"href":"https:\/\/informelitoral.com.ar\/%77%70%2d%6a%73%6f%6e\/wp\/v2\/categories?post=5674"},{"taxonomy":"post_tag","embeddable":true,"href":"https:\/\/informelitoral.com.ar\/%77%70%2d%6a%73%6f%6e\/wp\/v2\/tags?post=5674"}],"curies":[{"name":"wp","href":"https:\/\/api.w.org\/{rel}","templated":true}]}}