{"id":5666,"date":"2014-02-18T11:06:31","date_gmt":"2014-02-18T14:06:31","guid":{"rendered":"http:\/\/www.isletasnoticias.com.ar\/?p=5666"},"modified":"2014-02-18T14:16:22","modified_gmt":"2014-02-18T17:16:22","slug":"kramer-anuncio-obras-y-pidio-que-se-coparticipe-la-reforma-tributaria","status":"publish","type":"post","link":"https:\/\/informelitoral.com.ar\/kramer-anuncio-obras-y-pidio-que-se-coparticipe-la-reforma-tributaria\/","title":{"rendered":"Kramer anunci\u00f3 obras y pidi\u00f3 que se coparticipe la reforma tributaria"},"content":{"rendered":"<p><strong>En una extensa conferencia de prensa, el intendente de General Ram\u00edrez, <em>Edelmiro Kramer<\/em>, anunci\u00f3 la habilitaci\u00f3n del gas en barrio Evita y el acuerdo con un empresario por terrenos del Procrear. Tambi\u00e9n habl\u00f3 de la situaci\u00f3n de las viviendas sociales en barrio Sur, el asfaltado del camino La Ganadera &#8211; Etchevehere y la ampliaci\u00f3n del Parque Industrial. Kramer adem\u00e1s, pidi\u00f3 que se resuelva de \u00abforma inmediata\u00bb el aumento de la coparticipaci\u00f3n para los municipios, porque \u00abla cantidad de habitantes contin\u00faa aumentando\u00bb. (Parte uno).<\/strong><\/p>\n<p style=\"text-align: center;\"><a href=\"http:\/\/www.isletasnoticias.com.ar\/%77%70%2d%63%6f%6e%74%65%6e%74\/uploads\/2014\/02\/conferencia1.jpg\"><img loading=\"lazy\" decoding=\"async\" class=\"aligncenter  wp-image-5667\" title=\"El intendente y viceintendente de Ram\u00edrez, durante la conferencia de prensa. \" alt=\"conferencia1\" src=\"http:\/\/www.isletasnoticias.com.ar\/%77%70%2d%63%6f%6e%74%65%6e%74\/uploads\/2014\/02\/conferencia1-300x199.jpg\" width=\"300\" height=\"199\" srcset=\"https:\/\/informelitoral.com.ar\/%77%70%2d%63%6f%6e%74%65%6e%74\/uploads\/2014\/02\/conferencia1-300x199.jpg 300w, https:\/\/informelitoral.com.ar\/%77%70%2d%63%6f%6e%74%65%6e%74\/uploads\/2014\/02\/conferencia1.jpg 960w\" sizes=\"auto, (max-width: 300px) 100vw, 300px\" \/><\/a><\/p>\n<p>El intendente de General Ram\u00edrez, <b>Edelmiro Kramer<\/b>, brind\u00f3 una conferencia de prensa este lunes, de la que particip\u00f3 <b><i>ISLETAS NOTICIAS<\/i><\/b>. En la oportunidad, junto al veceintendente <strong>Jorge Poschke <\/strong>repasaron entre otros temas, las<strong>\u00a0<\/strong>diferentes obras que se concretaron y algunas que se esperan para los pr\u00f3ximos meses.<\/p>\n<p><b>Terrenos para el Procrear<\/b><\/p>\n<p>En primer lugar, el presidente municipal destac\u00f3 que \u201cdesde el 2013 venimos hablando con el cdor<b>. Fernando Huck<\/b> de Crespo \u2013propietario de una inmobiliaria- por la falta de terrenos que ten\u00edamos para el plan Procrear y el \u00faltimo viernes nos visit\u00f3 y accedi\u00f3 a dejar los terrenos al precio del cr\u00e9dito que reciba cada beneficiario del Plan\u201d, inform\u00f3 Kramer y destac\u00f3: \u201cEs una buena noticia y ya hay cuatro o cinco personas que comenzar\u00e1n los tr\u00e1mites en estos d\u00edas, para hacer sus viviendas en los loteos Ram\u00edrez Norte y General Ram\u00edrez\u201d.<\/p>\n<p>En el mismo sentido, record\u00f3: \u201cHasta el momento llevamos un registro con un total de 54 beneficiarios del Plan Procrear y van a ser alrededor de 70 en total. No hay distinci\u00f3n por color pol\u00edtico. El que dice que los beneficiarios se eligieron a dedo est\u00e1 faltando a la verdad.\u201d Aclararon tanto el intendente como el viceintendente <b>Jorge <\/b><b>Poschke<\/b>.<\/p>\n<p><b>Viviendas sociales<\/b><\/p>\n<p>\u201cCreemos que en los \u00faltimos d\u00edas de febrero o marzo va a entrar una partida de Naci\u00f3n para continuar con las viviendas sociales en barrio Sur. Las obras est\u00e1n iniciadas pero luego del receso se pararon. Una vez que se termine este grupo, ya tenemos presentado otro proyecto de 27 viviendas\u201d, adelant\u00f3 el intendente.<\/p>\n<p><b>Habilitaci\u00f3n del gas<\/b><\/p>\n<p>\u201cEn barrio Evita, hoy \u2013por el lunes- se habilita el gas y durante marzo tambi\u00e9n se va a hacer la ampliaci\u00f3n de la obra de 2.400 metros en barrio San Carlos, por lo que estos dos barrios quedan pr\u00e1cticamente en su totalidad cubiertos con el servicio\u201d, anunci\u00f3 Eelmiro Kramer.<\/p>\n<p><b>Asfaltado del camino La Ganadera \u2013 Etchevehere <\/b><\/p>\n<p>Por otro lado, el intendente anunci\u00f3 que el senador <b>Daniel Kramer<\/b>, se encontraba reunido \u00a0con el director provincial de Vialidad, ing. <b>Jorge Rodr\u00edguez<\/b>\u00a0 \u201cpara solicitarle el asfaltado del camino Don Guillermo Wendler, desde La Ganadera hasta lo Etchevehere (ferias). Queremos que se concrete la obra en el trascurso de este a\u00f1o, ya que fue un compromiso del gobernador cuando nos visit\u00f3\u201d, dijo Kramer.<\/p>\n<p>Tambi\u00e9n coment\u00f3 que \u201cla otra obra que va a salir seguramente en marzo, es el Plan M\u00e1s Cerca en el barrio Evita y San Carlos\u201d. Respecto a un grupo de 50 viviendas que est\u00e1n inconclusas solicit\u00f3 que los legisladores agilicen los tr\u00e1mites ante el IAPV. Las mismas \u00a0\u201cvienen de la gesti\u00f3n del ex intendente Daniel Kramer\u201d.<\/p>\n<p><b>Parque industrial <\/b><\/p>\n<p>\u201cEstamos haciendo un registro de microempredimientos y peque\u00f1as y medianas empresas porque hay cr\u00e9ditos para ellos del PROSAP\u201d, expres\u00f3 el funcionario y respecto a un terreno del Banco Bersa que iba a ser destinado para la ampliaci\u00f3n del \u00c1rea Industrial asegur\u00f3: \u201cLe solicit\u00e9 al fiscal de Estado Dr. <strong>Julio Rodr\u00edguez Signes<\/strong>\u00a0que me mande un tasador y posteriormente el Banco tiene que buscar alg\u00fan arreglo con los empresarios. Queremos agotar todas las v\u00edas legales\u201d, aclar\u00f3 Kramer.<\/p>\n<p><b>Coparticipaci\u00f3n<\/b><\/p>\n<p><b>Edelmiro Kramer<\/b>, reconoci\u00f3 que fue el primer intendente del justicialismo que solicit\u00f3 que la reforma tributaria sea coparticipable con los municipios. Al respecto afirm\u00f3: \u201cDurante la reuni\u00f3n de la liga de intendentes, en \u00a0forma personal fui el primero que hice el reclamo, bas\u00e1ndome en la Ley 10.270 donde consideramos que es coparticipable, porque as\u00ed lo dice la Constituci\u00f3n Provincial en su art\u00edculo 122. Fue un debate que mantuvimos\u00a0 y logramos junto a <b>Daniel Rossi<\/b> (intendente de Santa Elena) que pr\u00f3ximamente el Ministerio de Econom\u00eda estudie la Ley\u201d.<\/p>\n<p>El jefe municipal, pidi\u00f3 que se resuelva de \u201cforma inmediata, porque la cantidad de habitantes en los municipios contin\u00faa aumentando y por ende los gastos son cada vez mayores y estamos en una situaci\u00f3n econ\u00f3mica compleja a nivel local, provincial, nacional y mundial. De todas formas ac\u00e1 cumplimos con todos los servicios y tenemos los sueldos al d\u00eda, pero tambi\u00e9n queremos hacer obras necesarias\u201d, remarc\u00f3 el intendente. (<em>Isletas Noticias<\/em>).<\/p>\n","protected":false},"excerpt":{"rendered":"<p>En una extensa conferencia de prensa, el intendente de General Ram&iacute;rez, Edelmiro Kramer, anunci&oacute; la habilitaci&oacute;n del gas en barrio Evita y el acuerdo con un empresario por terrenos del Procrear. Tambi&eacute;n habl&oacute; de la situaci&oacute;n de las viviendas sociales en barrio Sur, el asfaltado del camino La Ganadera &ndash; Etchevehere y la ampliaci&oacute;n del [&hellip;]<\/p>\n","protected":false},"author":2,"featured_media":0,"comment_status":"open","ping_status":"open","sticky":false,"template":"","format":"standard","meta":{"fifu_image_url":"","fifu_image_alt":"","footnotes":""},"categories":[5,16],"tags":[],"class_list":{"0":"post-5666","1":"post","2":"type-post","3":"status-publish","4":"format-standard","6":"category-zonales","7":"category-politi"},"yoast_head":"<title>Kramer anunci\u00f3 obras y pidi\u00f3 que se coparticipe la reforma tributaria - Informe Litoral<\/title>\n<meta name=\"robots\" content=\"index, follow, max-snippet:-1, max-image-preview:large, max-video-preview:-1\" \/>\n<link rel=\"canonical\" href=\"https:\/\/informelitoral.com.ar\/kramer-anuncio-obras-y-pidio-que-se-coparticipe-la-reforma-tributaria\/\" \/>\n<meta property=\"og:locale\" content=\"es_ES\" \/>\n<meta property=\"og:type\" content=\"article\" \/>\n<meta property=\"og:title\" content=\"Kramer anunci\u00f3 obras y pidi\u00f3 que se coparticipe la reforma tributaria - Informe Litoral\" \/>\n<meta property=\"og:description\" content=\"En una extensa conferencia de prensa, el intendente de General Ram&iacute;rez, Edelmiro Kramer, anunci&oacute; la habilitaci&oacute;n del gas en barrio Evita y el acuerdo con un empresario por terrenos del Procrear. Tambi&eacute;n habl&oacute; de la situaci&oacute;n de las viviendas sociales en barrio Sur, el asfaltado del camino La Ganadera &ndash; Etchevehere y la ampliaci&oacute;n del [&hellip;]\" \/>\n<meta property=\"og:url\" content=\"https:\/\/informelitoral.com.ar\/kramer-anuncio-obras-y-pidio-que-se-coparticipe-la-reforma-tributaria\/\" \/>\n<meta property=\"og:site_name\" content=\"Informe Litoral\" \/>\n<meta property=\"article:publisher\" content=\"https:\/\/www.facebook.com\/informelitoral\/\" \/>\n<meta property=\"article:published_time\" content=\"2014-02-18T14:06:31+00:00\" \/>\n<meta property=\"article:modified_time\" content=\"2014-02-18T17:16:22+00:00\" \/>\n<meta property=\"og:image\" content=\"https:\/\/informelitoral.com.ar\/%77%70%2d%63%6f%6e%74%65%6e%74\/uploads\/2014\/02\/conferencia1.jpg\" \/>\n\t<meta property=\"og:image:width\" content=\"960\" \/>\n\t<meta property=\"og:image:height\" content=\"639\" \/>\n\t<meta property=\"og:image:type\" content=\"image\/jpeg\" \/>\n<meta name=\"author\" content=\"Gonzalo Schmidt\" \/>\n<meta name=\"twitter:card\" content=\"summary_large_image\" \/>\n<meta name=\"twitter:creator\" content=\"@InformeLitoral\" \/>\n<meta name=\"twitter:site\" content=\"@InformeLitoral\" \/>\n<meta name=\"twitter:label1\" content=\"Escrito por\" \/>\n\t<meta name=\"twitter:data1\" content=\"Gonzalo Schmidt\" \/>\n\t<meta name=\"twitter:label2\" content=\"Tiempo de lectura\" \/>\n\t<meta name=\"twitter:data2\" content=\"4 minutos\" \/>\n<script type=\"application\/ld+json\" class=\"yoast-schema-graph\">{\"@context\":\"https:\\\/\\\/schema.org\",\"@graph\":[{\"@type\":\"Article\",\"@id\":\"https:\\\/\\\/informelitoral.com.ar\\\/kramer-anuncio-obras-y-pidio-que-se-coparticipe-la-reforma-tributaria\\\/#article\",\"isPartOf\":{\"@id\":\"https:\\\/\\\/informelitoral.com.ar\\\/kramer-anuncio-obras-y-pidio-que-se-coparticipe-la-reforma-tributaria\\\/\"},\"author\":{\"name\":\"Gonzalo Schmidt\",\"@id\":\"https:\\\/\\\/informelitoral.com.ar\\\/#\\\/schema\\\/person\\\/b9d00407c836482871ef1d57bf8e3180\"},\"headline\":\"Kramer anunci\u00f3 obras y pidi\u00f3 que se coparticipe la reforma tributaria\",\"datePublished\":\"2014-02-18T14:06:31+00:00\",\"dateModified\":\"2014-02-18T17:16:22+00:00\",\"mainEntityOfPage\":{\"@id\":\"https:\\\/\\\/informelitoral.com.ar\\\/kramer-anuncio-obras-y-pidio-que-se-coparticipe-la-reforma-tributaria\\\/\"},\"wordCount\":806,\"commentCount\":0,\"publisher\":{\"@id\":\"https:\\\/\\\/informelitoral.com.ar\\\/#organization\"},\"image\":{\"@id\":\"https:\\\/\\\/informelitoral.com.ar\\\/kramer-anuncio-obras-y-pidio-que-se-coparticipe-la-reforma-tributaria\\\/#primaryimage\"},\"thumbnailUrl\":\"http:\\\/\\\/www.isletasnoticias.com.ar\\\/%77%70%2d%63%6f%6e%74%65%6e%74\\\/uploads\\\/2014\\\/02\\\/conferencia1-300x199.jpg\",\"articleSection\":[\"Departamento Diamante\",\"Politica\"],\"inLanguage\":\"es\",\"potentialAction\":[{\"@type\":\"CommentAction\",\"name\":\"Comment\",\"target\":[\"https:\\\/\\\/informelitoral.com.ar\\\/kramer-anuncio-obras-y-pidio-que-se-coparticipe-la-reforma-tributaria\\\/#respond\"]}]},{\"@type\":\"WebPage\",\"@id\":\"https:\\\/\\\/informelitoral.com.ar\\\/kramer-anuncio-obras-y-pidio-que-se-coparticipe-la-reforma-tributaria\\\/\",\"url\":\"https:\\\/\\\/informelitoral.com.ar\\\/kramer-anuncio-obras-y-pidio-que-se-coparticipe-la-reforma-tributaria\\\/\",\"name\":\"Kramer anunci\u00f3 obras y pidi\u00f3 que se coparticipe la reforma tributaria - Informe Litoral\",\"isPartOf\":{\"@id\":\"https:\\\/\\\/informelitoral.com.ar\\\/#website\"},\"primaryImageOfPage\":{\"@id\":\"https:\\\/\\\/informelitoral.com.ar\\\/kramer-anuncio-obras-y-pidio-que-se-coparticipe-la-reforma-tributaria\\\/#primaryimage\"},\"image\":{\"@id\":\"https:\\\/\\\/informelitoral.com.ar\\\/kramer-anuncio-obras-y-pidio-que-se-coparticipe-la-reforma-tributaria\\\/#primaryimage\"},\"thumbnailUrl\":\"http:\\\/\\\/www.isletasnoticias.com.ar\\\/%77%70%2d%63%6f%6e%74%65%6e%74\\\/uploads\\\/2014\\\/02\\\/conferencia1-300x199.jpg\",\"datePublished\":\"2014-02-18T14:06:31+00:00\",\"dateModified\":\"2014-02-18T17:16:22+00:00\",\"breadcrumb\":{\"@id\":\"https:\\\/\\\/informelitoral.com.ar\\\/kramer-anuncio-obras-y-pidio-que-se-coparticipe-la-reforma-tributaria\\\/#breadcrumb\"},\"inLanguage\":\"es\",\"potentialAction\":[{\"@type\":\"ReadAction\",\"target\":[\"https:\\\/\\\/informelitoral.com.ar\\\/kramer-anuncio-obras-y-pidio-que-se-coparticipe-la-reforma-tributaria\\\/\"]}]},{\"@type\":\"ImageObject\",\"inLanguage\":\"es\",\"@id\":\"https:\\\/\\\/informelitoral.com.ar\\\/kramer-anuncio-obras-y-pidio-que-se-coparticipe-la-reforma-tributaria\\\/#primaryimage\",\"url\":\"http:\\\/\\\/www.isletasnoticias.com.ar\\\/%77%70%2d%63%6f%6e%74%65%6e%74\\\/uploads\\\/2014\\\/02\\\/conferencia1-300x199.jpg\",\"contentUrl\":\"http:\\\/\\\/www.isletasnoticias.com.ar\\\/%77%70%2d%63%6f%6e%74%65%6e%74\\\/uploads\\\/2014\\\/02\\\/conferencia1-300x199.jpg\"},{\"@type\":\"BreadcrumbList\",\"@id\":\"https:\\\/\\\/informelitoral.com.ar\\\/kramer-anuncio-obras-y-pidio-que-se-coparticipe-la-reforma-tributaria\\\/#breadcrumb\",\"itemListElement\":[{\"@type\":\"ListItem\",\"position\":1,\"name\":\"Portada\",\"item\":\"https:\\\/\\\/informelitoral.com.ar\\\/\"},{\"@type\":\"ListItem\",\"position\":2,\"name\":\"Kramer anunci\u00f3 obras y pidi\u00f3 que se coparticipe la reforma tributaria\"}]},{\"@type\":\"WebSite\",\"@id\":\"https:\\\/\\\/informelitoral.com.ar\\\/#website\",\"url\":\"https:\\\/\\\/informelitoral.com.ar\\\/\",\"name\":\"Informe Litoral\",\"description\":\"&quot;Nos informamos&quot; \",\"publisher\":{\"@id\":\"https:\\\/\\\/informelitoral.com.ar\\\/#organization\"},\"potentialAction\":[{\"@type\":\"SearchAction\",\"target\":{\"@type\":\"EntryPoint\",\"urlTemplate\":\"https:\\\/\\\/informelitoral.com.ar\\\/?s={search_term_string}\"},\"query-input\":{\"@type\":\"PropertyValueSpecification\",\"valueRequired\":true,\"valueName\":\"search_term_string\"}}],\"inLanguage\":\"es\"},{\"@type\":\"Organization\",\"@id\":\"https:\\\/\\\/informelitoral.com.ar\\\/#organization\",\"name\":\"Informe Litoral\",\"url\":\"https:\\\/\\\/informelitoral.com.ar\\\/\",\"logo\":{\"@type\":\"ImageObject\",\"inLanguage\":\"es\",\"@id\":\"https:\\\/\\\/informelitoral.com.ar\\\/#\\\/schema\\\/logo\\\/image\\\/\",\"url\":\"https:\\\/\\\/informelitoral.com.ar\\\/%77%70%2d%63%6f%6e%74%65%6e%74\\\/uploads\\\/2021\\\/01\\\/circulo.png\",\"contentUrl\":\"https:\\\/\\\/informelitoral.com.ar\\\/%77%70%2d%63%6f%6e%74%65%6e%74\\\/uploads\\\/2021\\\/01\\\/circulo.png\",\"width\":723,\"height\":731,\"caption\":\"Informe Litoral\"},\"image\":{\"@id\":\"https:\\\/\\\/informelitoral.com.ar\\\/#\\\/schema\\\/logo\\\/image\\\/\"},\"sameAs\":[\"https:\\\/\\\/www.facebook.com\\\/informelitoral\\\/\",\"https:\\\/\\\/x.com\\\/InformeLitoral\",\"https:\\\/\\\/www.instagram.com\\\/informelitoral\\\/\",\"https:\\\/\\\/www.youtube.com\\\/channel\\\/UCua4Qvz8Icb6MYqhoq9xLXw\"]},{\"@type\":\"Person\",\"@id\":\"https:\\\/\\\/informelitoral.com.ar\\\/#\\\/schema\\\/person\\\/b9d00407c836482871ef1d57bf8e3180\",\"name\":\"Gonzalo Schmidt\",\"image\":{\"@type\":\"ImageObject\",\"inLanguage\":\"es\",\"@id\":\"https:\\\/\\\/secure.gravatar.com\\\/avatar\\\/31a1a7b66ff2de83bd0e9fd79d026630d2d99e55e8bfe501287647b4fd9743de?s=96&d=mm&r=g\",\"url\":\"https:\\\/\\\/secure.gravatar.com\\\/avatar\\\/31a1a7b66ff2de83bd0e9fd79d026630d2d99e55e8bfe501287647b4fd9743de?s=96&d=mm&r=g\",\"contentUrl\":\"https:\\\/\\\/secure.gravatar.com\\\/avatar\\\/31a1a7b66ff2de83bd0e9fd79d026630d2d99e55e8bfe501287647b4fd9743de?s=96&d=mm&r=g\",\"caption\":\"Gonzalo Schmidt\"},\"description\":\"Sitio web de noticias de la provincia de Entre R\u00edos, Argentina. Informaci\u00f3n y entretenimiento. Informe Litoral, nos informamos.\",\"sameAs\":[\"http:\\\/\\\/www.isletasnoticias.com.ar\"],\"url\":\"https:\\\/\\\/informelitoral.com.ar\\\/author\\\/gonzalo\\\/\"}]}<\/script>","yoast_head_json":{"title":"Kramer anunci\u00f3 obras y pidi\u00f3 que se coparticipe la reforma tributaria - Informe Litoral","robots":{"index":"index","follow":"follow","max-snippet":"max-snippet:-1","max-image-preview":"max-image-preview:large","max-video-preview":"max-video-preview:-1"},"canonical":"https:\/\/informelitoral.com.ar\/kramer-anuncio-obras-y-pidio-que-se-coparticipe-la-reforma-tributaria\/","og_locale":"es_ES","og_type":"article","og_title":"Kramer anunci\u00f3 obras y pidi\u00f3 que se coparticipe la reforma tributaria - Informe Litoral","og_description":"En una extensa conferencia de prensa, el intendente de General Ram&iacute;rez, Edelmiro Kramer, anunci&oacute; la habilitaci&oacute;n del gas en barrio Evita y el acuerdo con un empresario por terrenos del Procrear. Tambi&eacute;n habl&oacute; de la situaci&oacute;n de las viviendas sociales en barrio Sur, el asfaltado del camino La Ganadera &ndash; Etchevehere y la ampliaci&oacute;n del [&hellip;]","og_url":"https:\/\/informelitoral.com.ar\/kramer-anuncio-obras-y-pidio-que-se-coparticipe-la-reforma-tributaria\/","og_site_name":"Informe Litoral","article_publisher":"https:\/\/www.facebook.com\/informelitoral\/","article_published_time":"2014-02-18T14:06:31+00:00","article_modified_time":"2014-02-18T17:16:22+00:00","og_image":[{"width":960,"height":639,"url":"https:\/\/informelitoral.com.ar\/%77%70%2d%63%6f%6e%74%65%6e%74\/uploads\/2014\/02\/conferencia1.jpg","type":"image\/jpeg"}],"author":"Gonzalo Schmidt","twitter_card":"summary_large_image","twitter_creator":"@InformeLitoral","twitter_site":"@InformeLitoral","twitter_misc":{"Escrito por":"Gonzalo Schmidt","Tiempo de lectura":"4 minutos"},"schema":{"@context":"https:\/\/schema.org","@graph":[{"@type":"Article","@id":"https:\/\/informelitoral.com.ar\/kramer-anuncio-obras-y-pidio-que-se-coparticipe-la-reforma-tributaria\/#article","isPartOf":{"@id":"https:\/\/informelitoral.com.ar\/kramer-anuncio-obras-y-pidio-que-se-coparticipe-la-reforma-tributaria\/"},"author":{"name":"Gonzalo Schmidt","@id":"https:\/\/informelitoral.com.ar\/#\/schema\/person\/b9d00407c836482871ef1d57bf8e3180"},"headline":"Kramer anunci\u00f3 obras y pidi\u00f3 que se coparticipe la reforma tributaria","datePublished":"2014-02-18T14:06:31+00:00","dateModified":"2014-02-18T17:16:22+00:00","mainEntityOfPage":{"@id":"https:\/\/informelitoral.com.ar\/kramer-anuncio-obras-y-pidio-que-se-coparticipe-la-reforma-tributaria\/"},"wordCount":806,"commentCount":0,"publisher":{"@id":"https:\/\/informelitoral.com.ar\/#organization"},"image":{"@id":"https:\/\/informelitoral.com.ar\/kramer-anuncio-obras-y-pidio-que-se-coparticipe-la-reforma-tributaria\/#primaryimage"},"thumbnailUrl":"http:\/\/www.isletasnoticias.com.ar\/%77%70%2d%63%6f%6e%74%65%6e%74\/uploads\/2014\/02\/conferencia1-300x199.jpg","articleSection":["Departamento Diamante","Politica"],"inLanguage":"es","potentialAction":[{"@type":"CommentAction","name":"Comment","target":["https:\/\/informelitoral.com.ar\/kramer-anuncio-obras-y-pidio-que-se-coparticipe-la-reforma-tributaria\/#respond"]}]},{"@type":"WebPage","@id":"https:\/\/informelitoral.com.ar\/kramer-anuncio-obras-y-pidio-que-se-coparticipe-la-reforma-tributaria\/","url":"https:\/\/informelitoral.com.ar\/kramer-anuncio-obras-y-pidio-que-se-coparticipe-la-reforma-tributaria\/","name":"Kramer anunci\u00f3 obras y pidi\u00f3 que se coparticipe la reforma tributaria - Informe Litoral","isPartOf":{"@id":"https:\/\/informelitoral.com.ar\/#website"},"primaryImageOfPage":{"@id":"https:\/\/informelitoral.com.ar\/kramer-anuncio-obras-y-pidio-que-se-coparticipe-la-reforma-tributaria\/#primaryimage"},"image":{"@id":"https:\/\/informelitoral.com.ar\/kramer-anuncio-obras-y-pidio-que-se-coparticipe-la-reforma-tributaria\/#primaryimage"},"thumbnailUrl":"http:\/\/www.isletasnoticias.com.ar\/%77%70%2d%63%6f%6e%74%65%6e%74\/uploads\/2014\/02\/conferencia1-300x199.jpg","datePublished":"2014-02-18T14:06:31+00:00","dateModified":"2014-02-18T17:16:22+00:00","breadcrumb":{"@id":"https:\/\/informelitoral.com.ar\/kramer-anuncio-obras-y-pidio-que-se-coparticipe-la-reforma-tributaria\/#breadcrumb"},"inLanguage":"es","potentialAction":[{"@type":"ReadAction","target":["https:\/\/informelitoral.com.ar\/kramer-anuncio-obras-y-pidio-que-se-coparticipe-la-reforma-tributaria\/"]}]},{"@type":"ImageObject","inLanguage":"es","@id":"https:\/\/informelitoral.com.ar\/kramer-anuncio-obras-y-pidio-que-se-coparticipe-la-reforma-tributaria\/#primaryimage","url":"http:\/\/www.isletasnoticias.com.ar\/%77%70%2d%63%6f%6e%74%65%6e%74\/uploads\/2014\/02\/conferencia1-300x199.jpg","contentUrl":"http:\/\/www.isletasnoticias.com.ar\/%77%70%2d%63%6f%6e%74%65%6e%74\/uploads\/2014\/02\/conferencia1-300x199.jpg"},{"@type":"BreadcrumbList","@id":"https:\/\/informelitoral.com.ar\/kramer-anuncio-obras-y-pidio-que-se-coparticipe-la-reforma-tributaria\/#breadcrumb","itemListElement":[{"@type":"ListItem","position":1,"name":"Portada","item":"https:\/\/informelitoral.com.ar\/"},{"@type":"ListItem","position":2,"name":"Kramer anunci\u00f3 obras y pidi\u00f3 que se coparticipe la reforma tributaria"}]},{"@type":"WebSite","@id":"https:\/\/informelitoral.com.ar\/#website","url":"https:\/\/informelitoral.com.ar\/","name":"Informe Litoral","description":"&quot;Nos informamos&quot; ","publisher":{"@id":"https:\/\/informelitoral.com.ar\/#organization"},"potentialAction":[{"@type":"SearchAction","target":{"@type":"EntryPoint","urlTemplate":"https:\/\/informelitoral.com.ar\/?s={search_term_string}"},"query-input":{"@type":"PropertyValueSpecification","valueRequired":true,"valueName":"search_term_string"}}],"inLanguage":"es"},{"@type":"Organization","@id":"https:\/\/informelitoral.com.ar\/#organization","name":"Informe Litoral","url":"https:\/\/informelitoral.com.ar\/","logo":{"@type":"ImageObject","inLanguage":"es","@id":"https:\/\/informelitoral.com.ar\/#\/schema\/logo\/image\/","url":"https:\/\/informelitoral.com.ar\/%77%70%2d%63%6f%6e%74%65%6e%74\/uploads\/2021\/01\/circulo.png","contentUrl":"https:\/\/informelitoral.com.ar\/%77%70%2d%63%6f%6e%74%65%6e%74\/uploads\/2021\/01\/circulo.png","width":723,"height":731,"caption":"Informe Litoral"},"image":{"@id":"https:\/\/informelitoral.com.ar\/#\/schema\/logo\/image\/"},"sameAs":["https:\/\/www.facebook.com\/informelitoral\/","https:\/\/x.com\/InformeLitoral","https:\/\/www.instagram.com\/informelitoral\/","https:\/\/www.youtube.com\/channel\/UCua4Qvz8Icb6MYqhoq9xLXw"]},{"@type":"Person","@id":"https:\/\/informelitoral.com.ar\/#\/schema\/person\/b9d00407c836482871ef1d57bf8e3180","name":"Gonzalo Schmidt","image":{"@type":"ImageObject","inLanguage":"es","@id":"https:\/\/secure.gravatar.com\/avatar\/31a1a7b66ff2de83bd0e9fd79d026630d2d99e55e8bfe501287647b4fd9743de?s=96&d=mm&r=g","url":"https:\/\/secure.gravatar.com\/avatar\/31a1a7b66ff2de83bd0e9fd79d026630d2d99e55e8bfe501287647b4fd9743de?s=96&d=mm&r=g","contentUrl":"https:\/\/secure.gravatar.com\/avatar\/31a1a7b66ff2de83bd0e9fd79d026630d2d99e55e8bfe501287647b4fd9743de?s=96&d=mm&r=g","caption":"Gonzalo Schmidt"},"description":"Sitio web de noticias de la provincia de Entre R\u00edos, Argentina. Informaci\u00f3n y entretenimiento. Informe Litoral, nos informamos.","sameAs":["http:\/\/www.isletasnoticias.com.ar"],"url":"https:\/\/informelitoral.com.ar\/author\/gonzalo\/"}]}},"_links":{"self":[{"href":"https:\/\/informelitoral.com.ar\/%77%70%2d%6a%73%6f%6e\/wp\/v2\/posts\/5666","targetHints":{"allow":["GET"]}}],"collection":[{"href":"https:\/\/informelitoral.com.ar\/%77%70%2d%6a%73%6f%6e\/wp\/v2\/posts"}],"about":[{"href":"https:\/\/informelitoral.com.ar\/%77%70%2d%6a%73%6f%6e\/wp\/v2\/types\/post"}],"author":[{"embeddable":true,"href":"https:\/\/informelitoral.com.ar\/%77%70%2d%6a%73%6f%6e\/wp\/v2\/users\/2"}],"replies":[{"embeddable":true,"href":"https:\/\/informelitoral.com.ar\/%77%70%2d%6a%73%6f%6e\/wp\/v2\/comments?post=5666"}],"version-history":[{"count":0,"href":"https:\/\/informelitoral.com.ar\/%77%70%2d%6a%73%6f%6e\/wp\/v2\/posts\/5666\/revisions"}],"wp:attachment":[{"href":"https:\/\/informelitoral.com.ar\/%77%70%2d%6a%73%6f%6e\/wp\/v2\/media?parent=5666"}],"wp:term":[{"taxonomy":"category","embeddable":true,"href":"https:\/\/informelitoral.com.ar\/%77%70%2d%6a%73%6f%6e\/wp\/v2\/categories?post=5666"},{"taxonomy":"post_tag","embeddable":true,"href":"https:\/\/informelitoral.com.ar\/%77%70%2d%6a%73%6f%6e\/wp\/v2\/tags?post=5666"}],"curies":[{"name":"wp","href":"https:\/\/api.w.org\/{rel}","templated":true}]}}