{"id":5645,"date":"2014-02-17T22:48:36","date_gmt":"2014-02-18T01:48:36","guid":{"rendered":"http:\/\/www.isletasnoticias.com.ar\/?p=5645"},"modified":"2014-02-17T22:48:36","modified_gmt":"2014-02-18T01:48:36","slug":"desde-este-lunes-las-llamadas-por-telefonia-celular-se-fraccionaran-por-segundo","status":"publish","type":"post","link":"https:\/\/informelitoral.com.ar\/desde-este-lunes-las-llamadas-por-telefonia-celular-se-fraccionaran-por-segundo\/","title":{"rendered":"Desde este lunes, las llamadas por telefon\u00eda celular se fraccionar\u00e1n por segundo"},"content":{"rendered":"<div>\n<p><strong>La medida podr\u00eda significar un ahorro estimado en 9.000 millones de pesos anuales para m\u00e1s de 50 millones de l\u00edneas existentes en el pa\u00eds. Los primeros 30 segundos de llamada se cobran en bloque.<\/strong><\/p>\n<p><a href=\"http:\/\/www.isletasnoticias.com.ar\/%77%70%2d%63%6f%6e%74%65%6e%74\/uploads\/2014\/02\/hablando-por-celular.jpg\"><img loading=\"lazy\" decoding=\"async\" class=\"aligncenter size-medium wp-image-5646\" alt=\"hablando-por-celular\" src=\"http:\/\/www.isletasnoticias.com.ar\/%77%70%2d%63%6f%6e%74%65%6e%74\/uploads\/2014\/02\/hablando-por-celular-300x238.jpg\" width=\"300\" height=\"238\" srcset=\"https:\/\/informelitoral.com.ar\/%77%70%2d%63%6f%6e%74%65%6e%74\/uploads\/2014\/02\/hablando-por-celular-300x238.jpg 300w, https:\/\/informelitoral.com.ar\/%77%70%2d%63%6f%6e%74%65%6e%74\/uploads\/2014\/02\/hablando-por-celular.jpg 409w\" sizes=\"auto, (max-width: 300px) 100vw, 300px\" \/><\/a>Las empresas de telefon\u00eda celular comenzaron a cobrar este lunes por segundo, ya no por minuto, las llamadas realizadas a trav\u00e9s de celulares, lo que podr\u00eda significar un ahorro estimado en 9.000 millones de pesos anuales para m\u00e1s de 50 millones de l\u00edneas existentes en el pa\u00eds.<\/p>\n<\/div>\n<div>\n<p>El nuevo sistema de medici\u00f3n se pondr\u00e1 en marcha cuando la comunicaci\u00f3n supere los 30 segundos, por lo que si el usuario habla menos de ese piso, el usuarios deber\u00e1 abonar el valor total del minuto de llamada.<\/p>\n<p>Usuarios podr\u00edan ahorrarse hasta 30 por ciento de la factura que pagaron el \u00faltimo mes si el uso del tel\u00e9fono m\u00f3vil es similar, de acuerdo con estimaciones de la Uni\u00f3n de Consumidores de Argentina.<\/p>\n<p>Ese ahorro equivaldr\u00eda a una reducci\u00f3n de casi 9.000 millones de pesos en el a\u00f1o para la facturaci\u00f3n de las empresas Movistar, Claro, Personal y Nextel, las cuatro operadoras que concentran el mercado argentino.<\/p>\n<p>Hace dos meses el ministro de Planificaci\u00f3n, Julio de Vido, y el secretario de Comunicaciones, Norberto Berner, anunciaron la publicaci\u00f3n de la Resoluci\u00f3n 26 que orden\u00f3 a las operadoras nacionales de telefon\u00eda m\u00f3vil comenzar a tasar las llamadas por segundo.<\/p>\n<p>La medida les daba 60 d\u00edas para hacerlo luego de su publicaci\u00f3n en el Bolet\u00edn Oficial mientras que para las l\u00edneas nuevas esto deb\u00eda hacerse desde el primer d\u00eda de 2014.<\/p>\n<p>Sin embargo, los primeros 30 segundos de llamada se cobran en bloque; y reci\u00e9n entonces se cobra por segundo.<\/p>\n<p>La norma afecta a las llamadas a n\u00fameros nacionales, pero no a n\u00fameros internacionales o cuando se est\u00e1 bajo la cobertura del roaming.<\/p>\n<p>El cobro por segundo deb\u00eda haber comenzado a mediados de diciembre por orden del Juzgado de San Nicol\u00e1s, que emplaz\u00f3 a las operadoras locales a poner en pr\u00e1ctica este sistema, pero las compa\u00f1\u00edas apelaron la medida.<\/p>\n<p>Unos d\u00edas despu\u00e9s la Secretar\u00eda de Comunicaciones emiti\u00f3 la resoluci\u00f3n que hoy entra en vigencia para las l\u00edneas existentes a mediados de diciembre de 2013, y que ya rige para l\u00edneas nuevas desde principios de este a\u00f1o. (Fuente: <em>NA<\/em>)<\/p>\n<\/div>\n","protected":false},"excerpt":{"rendered":"<p>La medida podr&iacute;a significar un ahorro estimado en 9.000 millones de pesos anuales para m&aacute;s de 50 millones de l&iacute;neas existentes en el pa&iacute;s. Los primeros 30 segundos de llamada se cobran en bloque. Las empresas de telefon&iacute;a celular comenzaron a cobrar este lunes por segundo, ya no por minuto, las llamadas realizadas a trav&eacute;s [&hellip;]<\/p>\n","protected":false},"author":2,"featured_media":0,"comment_status":"open","ping_status":"open","sticky":false,"template":"","format":"standard","meta":{"fifu_image_url":"","fifu_image_alt":"","footnotes":""},"categories":[7],"tags":[],"class_list":{"0":"post-5645","1":"post","2":"type-post","3":"status-publish","4":"format-standard","6":"category-nacionales"},"yoast_head":"<title>Desde este lunes, las llamadas por telefon\u00eda celular se fraccionar\u00e1n por segundo - Informe Litoral<\/title>\n<meta name=\"robots\" content=\"index, follow, max-snippet:-1, max-image-preview:large, max-video-preview:-1\" \/>\n<link rel=\"canonical\" href=\"https:\/\/informelitoral.com.ar\/desde-este-lunes-las-llamadas-por-telefonia-celular-se-fraccionaran-por-segundo\/\" \/>\n<meta property=\"og:locale\" content=\"es_ES\" \/>\n<meta property=\"og:type\" content=\"article\" \/>\n<meta property=\"og:title\" content=\"Desde este lunes, las llamadas por telefon\u00eda celular se fraccionar\u00e1n por segundo - Informe Litoral\" \/>\n<meta property=\"og:description\" content=\"La medida podr&iacute;a significar un ahorro estimado en 9.000 millones de pesos anuales para m&aacute;s de 50 millones de l&iacute;neas existentes en el pa&iacute;s. Los primeros 30 segundos de llamada se cobran en bloque. Las empresas de telefon&iacute;a celular comenzaron a cobrar este lunes por segundo, ya no por minuto, las llamadas realizadas a trav&eacute;s [&hellip;]\" \/>\n<meta property=\"og:url\" content=\"https:\/\/informelitoral.com.ar\/desde-este-lunes-las-llamadas-por-telefonia-celular-se-fraccionaran-por-segundo\/\" \/>\n<meta property=\"og:site_name\" content=\"Informe Litoral\" \/>\n<meta property=\"article:publisher\" content=\"https:\/\/www.facebook.com\/informelitoral\/\" \/>\n<meta property=\"article:published_time\" content=\"2014-02-18T01:48:36+00:00\" \/>\n<meta property=\"og:image\" content=\"https:\/\/informelitoral.com.ar\/%77%70%2d%63%6f%6e%74%65%6e%74\/uploads\/2014\/02\/hablando-por-celular.jpg\" \/>\n\t<meta property=\"og:image:width\" content=\"409\" \/>\n\t<meta property=\"og:image:height\" content=\"325\" \/>\n\t<meta property=\"og:image:type\" content=\"image\/jpeg\" \/>\n<meta name=\"author\" content=\"Gonzalo Schmidt\" \/>\n<meta name=\"twitter:card\" content=\"summary_large_image\" \/>\n<meta name=\"twitter:creator\" content=\"@InformeLitoral\" \/>\n<meta name=\"twitter:site\" content=\"@InformeLitoral\" \/>\n<meta name=\"twitter:label1\" content=\"Escrito por\" \/>\n\t<meta name=\"twitter:data1\" content=\"Gonzalo Schmidt\" \/>\n\t<meta name=\"twitter:label2\" content=\"Tiempo de lectura\" \/>\n\t<meta name=\"twitter:data2\" content=\"2 minutos\" \/>\n<script type=\"application\/ld+json\" class=\"yoast-schema-graph\">{\"@context\":\"https:\\\/\\\/schema.org\",\"@graph\":[{\"@type\":\"Article\",\"@id\":\"https:\\\/\\\/informelitoral.com.ar\\\/desde-este-lunes-las-llamadas-por-telefonia-celular-se-fraccionaran-por-segundo\\\/#article\",\"isPartOf\":{\"@id\":\"https:\\\/\\\/informelitoral.com.ar\\\/desde-este-lunes-las-llamadas-por-telefonia-celular-se-fraccionaran-por-segundo\\\/\"},\"author\":{\"name\":\"Gonzalo Schmidt\",\"@id\":\"https:\\\/\\\/informelitoral.com.ar\\\/#\\\/schema\\\/person\\\/b9d00407c836482871ef1d57bf8e3180\"},\"headline\":\"Desde este lunes, las llamadas por telefon\u00eda celular se fraccionar\u00e1n por segundo\",\"datePublished\":\"2014-02-18T01:48:36+00:00\",\"mainEntityOfPage\":{\"@id\":\"https:\\\/\\\/informelitoral.com.ar\\\/desde-este-lunes-las-llamadas-por-telefonia-celular-se-fraccionaran-por-segundo\\\/\"},\"wordCount\":421,\"commentCount\":0,\"publisher\":{\"@id\":\"https:\\\/\\\/informelitoral.com.ar\\\/#organization\"},\"image\":{\"@id\":\"https:\\\/\\\/informelitoral.com.ar\\\/desde-este-lunes-las-llamadas-por-telefonia-celular-se-fraccionaran-por-segundo\\\/#primaryimage\"},\"thumbnailUrl\":\"http:\\\/\\\/www.isletasnoticias.com.ar\\\/%77%70%2d%63%6f%6e%74%65%6e%74\\\/uploads\\\/2014\\\/02\\\/hablando-por-celular-300x238.jpg\",\"articleSection\":[\"Nacionales\"],\"inLanguage\":\"es\",\"potentialAction\":[{\"@type\":\"CommentAction\",\"name\":\"Comment\",\"target\":[\"https:\\\/\\\/informelitoral.com.ar\\\/desde-este-lunes-las-llamadas-por-telefonia-celular-se-fraccionaran-por-segundo\\\/#respond\"]}]},{\"@type\":\"WebPage\",\"@id\":\"https:\\\/\\\/informelitoral.com.ar\\\/desde-este-lunes-las-llamadas-por-telefonia-celular-se-fraccionaran-por-segundo\\\/\",\"url\":\"https:\\\/\\\/informelitoral.com.ar\\\/desde-este-lunes-las-llamadas-por-telefonia-celular-se-fraccionaran-por-segundo\\\/\",\"name\":\"Desde este lunes, las llamadas por telefon\u00eda celular se fraccionar\u00e1n por segundo - Informe Litoral\",\"isPartOf\":{\"@id\":\"https:\\\/\\\/informelitoral.com.ar\\\/#website\"},\"primaryImageOfPage\":{\"@id\":\"https:\\\/\\\/informelitoral.com.ar\\\/desde-este-lunes-las-llamadas-por-telefonia-celular-se-fraccionaran-por-segundo\\\/#primaryimage\"},\"image\":{\"@id\":\"https:\\\/\\\/informelitoral.com.ar\\\/desde-este-lunes-las-llamadas-por-telefonia-celular-se-fraccionaran-por-segundo\\\/#primaryimage\"},\"thumbnailUrl\":\"http:\\\/\\\/www.isletasnoticias.com.ar\\\/%77%70%2d%63%6f%6e%74%65%6e%74\\\/uploads\\\/2014\\\/02\\\/hablando-por-celular-300x238.jpg\",\"datePublished\":\"2014-02-18T01:48:36+00:00\",\"breadcrumb\":{\"@id\":\"https:\\\/\\\/informelitoral.com.ar\\\/desde-este-lunes-las-llamadas-por-telefonia-celular-se-fraccionaran-por-segundo\\\/#breadcrumb\"},\"inLanguage\":\"es\",\"potentialAction\":[{\"@type\":\"ReadAction\",\"target\":[\"https:\\\/\\\/informelitoral.com.ar\\\/desde-este-lunes-las-llamadas-por-telefonia-celular-se-fraccionaran-por-segundo\\\/\"]}]},{\"@type\":\"ImageObject\",\"inLanguage\":\"es\",\"@id\":\"https:\\\/\\\/informelitoral.com.ar\\\/desde-este-lunes-las-llamadas-por-telefonia-celular-se-fraccionaran-por-segundo\\\/#primaryimage\",\"url\":\"http:\\\/\\\/www.isletasnoticias.com.ar\\\/%77%70%2d%63%6f%6e%74%65%6e%74\\\/uploads\\\/2014\\\/02\\\/hablando-por-celular-300x238.jpg\",\"contentUrl\":\"http:\\\/\\\/www.isletasnoticias.com.ar\\\/%77%70%2d%63%6f%6e%74%65%6e%74\\\/uploads\\\/2014\\\/02\\\/hablando-por-celular-300x238.jpg\"},{\"@type\":\"BreadcrumbList\",\"@id\":\"https:\\\/\\\/informelitoral.com.ar\\\/desde-este-lunes-las-llamadas-por-telefonia-celular-se-fraccionaran-por-segundo\\\/#breadcrumb\",\"itemListElement\":[{\"@type\":\"ListItem\",\"position\":1,\"name\":\"Portada\",\"item\":\"https:\\\/\\\/informelitoral.com.ar\\\/\"},{\"@type\":\"ListItem\",\"position\":2,\"name\":\"Desde este lunes, las llamadas por telefon\u00eda celular se fraccionar\u00e1n por segundo\"}]},{\"@type\":\"WebSite\",\"@id\":\"https:\\\/\\\/informelitoral.com.ar\\\/#website\",\"url\":\"https:\\\/\\\/informelitoral.com.ar\\\/\",\"name\":\"Informe Litoral\",\"description\":\"&quot;Nos informamos&quot; \",\"publisher\":{\"@id\":\"https:\\\/\\\/informelitoral.com.ar\\\/#organization\"},\"potentialAction\":[{\"@type\":\"SearchAction\",\"target\":{\"@type\":\"EntryPoint\",\"urlTemplate\":\"https:\\\/\\\/informelitoral.com.ar\\\/?s={search_term_string}\"},\"query-input\":{\"@type\":\"PropertyValueSpecification\",\"valueRequired\":true,\"valueName\":\"search_term_string\"}}],\"inLanguage\":\"es\"},{\"@type\":\"Organization\",\"@id\":\"https:\\\/\\\/informelitoral.com.ar\\\/#organization\",\"name\":\"Informe Litoral\",\"url\":\"https:\\\/\\\/informelitoral.com.ar\\\/\",\"logo\":{\"@type\":\"ImageObject\",\"inLanguage\":\"es\",\"@id\":\"https:\\\/\\\/informelitoral.com.ar\\\/#\\\/schema\\\/logo\\\/image\\\/\",\"url\":\"https:\\\/\\\/informelitoral.com.ar\\\/%77%70%2d%63%6f%6e%74%65%6e%74\\\/uploads\\\/2021\\\/01\\\/circulo.png\",\"contentUrl\":\"https:\\\/\\\/informelitoral.com.ar\\\/%77%70%2d%63%6f%6e%74%65%6e%74\\\/uploads\\\/2021\\\/01\\\/circulo.png\",\"width\":723,\"height\":731,\"caption\":\"Informe Litoral\"},\"image\":{\"@id\":\"https:\\\/\\\/informelitoral.com.ar\\\/#\\\/schema\\\/logo\\\/image\\\/\"},\"sameAs\":[\"https:\\\/\\\/www.facebook.com\\\/informelitoral\\\/\",\"https:\\\/\\\/x.com\\\/InformeLitoral\",\"https:\\\/\\\/www.instagram.com\\\/informelitoral\\\/\",\"https:\\\/\\\/www.youtube.com\\\/channel\\\/UCua4Qvz8Icb6MYqhoq9xLXw\"]},{\"@type\":\"Person\",\"@id\":\"https:\\\/\\\/informelitoral.com.ar\\\/#\\\/schema\\\/person\\\/b9d00407c836482871ef1d57bf8e3180\",\"name\":\"Gonzalo Schmidt\",\"image\":{\"@type\":\"ImageObject\",\"inLanguage\":\"es\",\"@id\":\"https:\\\/\\\/secure.gravatar.com\\\/avatar\\\/31a1a7b66ff2de83bd0e9fd79d026630d2d99e55e8bfe501287647b4fd9743de?s=96&d=mm&r=g\",\"url\":\"https:\\\/\\\/secure.gravatar.com\\\/avatar\\\/31a1a7b66ff2de83bd0e9fd79d026630d2d99e55e8bfe501287647b4fd9743de?s=96&d=mm&r=g\",\"contentUrl\":\"https:\\\/\\\/secure.gravatar.com\\\/avatar\\\/31a1a7b66ff2de83bd0e9fd79d026630d2d99e55e8bfe501287647b4fd9743de?s=96&d=mm&r=g\",\"caption\":\"Gonzalo Schmidt\"},\"description\":\"Sitio web de noticias de la provincia de Entre R\u00edos, Argentina. Informaci\u00f3n y entretenimiento. Informe Litoral, nos informamos.\",\"sameAs\":[\"http:\\\/\\\/www.isletasnoticias.com.ar\"],\"url\":\"https:\\\/\\\/informelitoral.com.ar\\\/author\\\/gonzalo\\\/\"}]}<\/script>","yoast_head_json":{"title":"Desde este lunes, las llamadas por telefon\u00eda celular se fraccionar\u00e1n por segundo - Informe Litoral","robots":{"index":"index","follow":"follow","max-snippet":"max-snippet:-1","max-image-preview":"max-image-preview:large","max-video-preview":"max-video-preview:-1"},"canonical":"https:\/\/informelitoral.com.ar\/desde-este-lunes-las-llamadas-por-telefonia-celular-se-fraccionaran-por-segundo\/","og_locale":"es_ES","og_type":"article","og_title":"Desde este lunes, las llamadas por telefon\u00eda celular se fraccionar\u00e1n por segundo - Informe Litoral","og_description":"La medida podr&iacute;a significar un ahorro estimado en 9.000 millones de pesos anuales para m&aacute;s de 50 millones de l&iacute;neas existentes en el pa&iacute;s. Los primeros 30 segundos de llamada se cobran en bloque. Las empresas de telefon&iacute;a celular comenzaron a cobrar este lunes por segundo, ya no por minuto, las llamadas realizadas a trav&eacute;s [&hellip;]","og_url":"https:\/\/informelitoral.com.ar\/desde-este-lunes-las-llamadas-por-telefonia-celular-se-fraccionaran-por-segundo\/","og_site_name":"Informe Litoral","article_publisher":"https:\/\/www.facebook.com\/informelitoral\/","article_published_time":"2014-02-18T01:48:36+00:00","og_image":[{"width":409,"height":325,"url":"https:\/\/informelitoral.com.ar\/%77%70%2d%63%6f%6e%74%65%6e%74\/uploads\/2014\/02\/hablando-por-celular.jpg","type":"image\/jpeg"}],"author":"Gonzalo Schmidt","twitter_card":"summary_large_image","twitter_creator":"@InformeLitoral","twitter_site":"@InformeLitoral","twitter_misc":{"Escrito por":"Gonzalo Schmidt","Tiempo de lectura":"2 minutos"},"schema":{"@context":"https:\/\/schema.org","@graph":[{"@type":"Article","@id":"https:\/\/informelitoral.com.ar\/desde-este-lunes-las-llamadas-por-telefonia-celular-se-fraccionaran-por-segundo\/#article","isPartOf":{"@id":"https:\/\/informelitoral.com.ar\/desde-este-lunes-las-llamadas-por-telefonia-celular-se-fraccionaran-por-segundo\/"},"author":{"name":"Gonzalo Schmidt","@id":"https:\/\/informelitoral.com.ar\/#\/schema\/person\/b9d00407c836482871ef1d57bf8e3180"},"headline":"Desde este lunes, las llamadas por telefon\u00eda celular se fraccionar\u00e1n por segundo","datePublished":"2014-02-18T01:48:36+00:00","mainEntityOfPage":{"@id":"https:\/\/informelitoral.com.ar\/desde-este-lunes-las-llamadas-por-telefonia-celular-se-fraccionaran-por-segundo\/"},"wordCount":421,"commentCount":0,"publisher":{"@id":"https:\/\/informelitoral.com.ar\/#organization"},"image":{"@id":"https:\/\/informelitoral.com.ar\/desde-este-lunes-las-llamadas-por-telefonia-celular-se-fraccionaran-por-segundo\/#primaryimage"},"thumbnailUrl":"http:\/\/www.isletasnoticias.com.ar\/%77%70%2d%63%6f%6e%74%65%6e%74\/uploads\/2014\/02\/hablando-por-celular-300x238.jpg","articleSection":["Nacionales"],"inLanguage":"es","potentialAction":[{"@type":"CommentAction","name":"Comment","target":["https:\/\/informelitoral.com.ar\/desde-este-lunes-las-llamadas-por-telefonia-celular-se-fraccionaran-por-segundo\/#respond"]}]},{"@type":"WebPage","@id":"https:\/\/informelitoral.com.ar\/desde-este-lunes-las-llamadas-por-telefonia-celular-se-fraccionaran-por-segundo\/","url":"https:\/\/informelitoral.com.ar\/desde-este-lunes-las-llamadas-por-telefonia-celular-se-fraccionaran-por-segundo\/","name":"Desde este lunes, las llamadas por telefon\u00eda celular se fraccionar\u00e1n por segundo - Informe Litoral","isPartOf":{"@id":"https:\/\/informelitoral.com.ar\/#website"},"primaryImageOfPage":{"@id":"https:\/\/informelitoral.com.ar\/desde-este-lunes-las-llamadas-por-telefonia-celular-se-fraccionaran-por-segundo\/#primaryimage"},"image":{"@id":"https:\/\/informelitoral.com.ar\/desde-este-lunes-las-llamadas-por-telefonia-celular-se-fraccionaran-por-segundo\/#primaryimage"},"thumbnailUrl":"http:\/\/www.isletasnoticias.com.ar\/%77%70%2d%63%6f%6e%74%65%6e%74\/uploads\/2014\/02\/hablando-por-celular-300x238.jpg","datePublished":"2014-02-18T01:48:36+00:00","breadcrumb":{"@id":"https:\/\/informelitoral.com.ar\/desde-este-lunes-las-llamadas-por-telefonia-celular-se-fraccionaran-por-segundo\/#breadcrumb"},"inLanguage":"es","potentialAction":[{"@type":"ReadAction","target":["https:\/\/informelitoral.com.ar\/desde-este-lunes-las-llamadas-por-telefonia-celular-se-fraccionaran-por-segundo\/"]}]},{"@type":"ImageObject","inLanguage":"es","@id":"https:\/\/informelitoral.com.ar\/desde-este-lunes-las-llamadas-por-telefonia-celular-se-fraccionaran-por-segundo\/#primaryimage","url":"http:\/\/www.isletasnoticias.com.ar\/%77%70%2d%63%6f%6e%74%65%6e%74\/uploads\/2014\/02\/hablando-por-celular-300x238.jpg","contentUrl":"http:\/\/www.isletasnoticias.com.ar\/%77%70%2d%63%6f%6e%74%65%6e%74\/uploads\/2014\/02\/hablando-por-celular-300x238.jpg"},{"@type":"BreadcrumbList","@id":"https:\/\/informelitoral.com.ar\/desde-este-lunes-las-llamadas-por-telefonia-celular-se-fraccionaran-por-segundo\/#breadcrumb","itemListElement":[{"@type":"ListItem","position":1,"name":"Portada","item":"https:\/\/informelitoral.com.ar\/"},{"@type":"ListItem","position":2,"name":"Desde este lunes, las llamadas por telefon\u00eda celular se fraccionar\u00e1n por segundo"}]},{"@type":"WebSite","@id":"https:\/\/informelitoral.com.ar\/#website","url":"https:\/\/informelitoral.com.ar\/","name":"Informe Litoral","description":"&quot;Nos informamos&quot; ","publisher":{"@id":"https:\/\/informelitoral.com.ar\/#organization"},"potentialAction":[{"@type":"SearchAction","target":{"@type":"EntryPoint","urlTemplate":"https:\/\/informelitoral.com.ar\/?s={search_term_string}"},"query-input":{"@type":"PropertyValueSpecification","valueRequired":true,"valueName":"search_term_string"}}],"inLanguage":"es"},{"@type":"Organization","@id":"https:\/\/informelitoral.com.ar\/#organization","name":"Informe Litoral","url":"https:\/\/informelitoral.com.ar\/","logo":{"@type":"ImageObject","inLanguage":"es","@id":"https:\/\/informelitoral.com.ar\/#\/schema\/logo\/image\/","url":"https:\/\/informelitoral.com.ar\/%77%70%2d%63%6f%6e%74%65%6e%74\/uploads\/2021\/01\/circulo.png","contentUrl":"https:\/\/informelitoral.com.ar\/%77%70%2d%63%6f%6e%74%65%6e%74\/uploads\/2021\/01\/circulo.png","width":723,"height":731,"caption":"Informe Litoral"},"image":{"@id":"https:\/\/informelitoral.com.ar\/#\/schema\/logo\/image\/"},"sameAs":["https:\/\/www.facebook.com\/informelitoral\/","https:\/\/x.com\/InformeLitoral","https:\/\/www.instagram.com\/informelitoral\/","https:\/\/www.youtube.com\/channel\/UCua4Qvz8Icb6MYqhoq9xLXw"]},{"@type":"Person","@id":"https:\/\/informelitoral.com.ar\/#\/schema\/person\/b9d00407c836482871ef1d57bf8e3180","name":"Gonzalo Schmidt","image":{"@type":"ImageObject","inLanguage":"es","@id":"https:\/\/secure.gravatar.com\/avatar\/31a1a7b66ff2de83bd0e9fd79d026630d2d99e55e8bfe501287647b4fd9743de?s=96&d=mm&r=g","url":"https:\/\/secure.gravatar.com\/avatar\/31a1a7b66ff2de83bd0e9fd79d026630d2d99e55e8bfe501287647b4fd9743de?s=96&d=mm&r=g","contentUrl":"https:\/\/secure.gravatar.com\/avatar\/31a1a7b66ff2de83bd0e9fd79d026630d2d99e55e8bfe501287647b4fd9743de?s=96&d=mm&r=g","caption":"Gonzalo Schmidt"},"description":"Sitio web de noticias de la provincia de Entre R\u00edos, Argentina. Informaci\u00f3n y entretenimiento. Informe Litoral, nos informamos.","sameAs":["http:\/\/www.isletasnoticias.com.ar"],"url":"https:\/\/informelitoral.com.ar\/author\/gonzalo\/"}]}},"_links":{"self":[{"href":"https:\/\/informelitoral.com.ar\/%77%70%2d%6a%73%6f%6e\/wp\/v2\/posts\/5645","targetHints":{"allow":["GET"]}}],"collection":[{"href":"https:\/\/informelitoral.com.ar\/%77%70%2d%6a%73%6f%6e\/wp\/v2\/posts"}],"about":[{"href":"https:\/\/informelitoral.com.ar\/%77%70%2d%6a%73%6f%6e\/wp\/v2\/types\/post"}],"author":[{"embeddable":true,"href":"https:\/\/informelitoral.com.ar\/%77%70%2d%6a%73%6f%6e\/wp\/v2\/users\/2"}],"replies":[{"embeddable":true,"href":"https:\/\/informelitoral.com.ar\/%77%70%2d%6a%73%6f%6e\/wp\/v2\/comments?post=5645"}],"version-history":[{"count":0,"href":"https:\/\/informelitoral.com.ar\/%77%70%2d%6a%73%6f%6e\/wp\/v2\/posts\/5645\/revisions"}],"wp:attachment":[{"href":"https:\/\/informelitoral.com.ar\/%77%70%2d%6a%73%6f%6e\/wp\/v2\/media?parent=5645"}],"wp:term":[{"taxonomy":"category","embeddable":true,"href":"https:\/\/informelitoral.com.ar\/%77%70%2d%6a%73%6f%6e\/wp\/v2\/categories?post=5645"},{"taxonomy":"post_tag","embeddable":true,"href":"https:\/\/informelitoral.com.ar\/%77%70%2d%6a%73%6f%6e\/wp\/v2\/tags?post=5645"}],"curies":[{"name":"wp","href":"https:\/\/api.w.org\/{rel}","templated":true}]}}