{"id":5642,"date":"2014-02-17T22:35:25","date_gmt":"2014-02-18T01:35:25","guid":{"rendered":"http:\/\/www.isletasnoticias.com.ar\/?p=5642"},"modified":"2014-02-17T22:35:25","modified_gmt":"2014-02-18T01:35:25","slug":"laclau-la-creacion-de-una-junta-nacional-de-granos-seria-una-buena-medida","status":"publish","type":"post","link":"https:\/\/informelitoral.com.ar\/laclau-la-creacion-de-una-junta-nacional-de-granos-seria-una-buena-medida\/","title":{"rendered":"Laclau: \u00abLa creaci\u00f3n de una Junta Nacional de Granos ser\u00eda una buena medida\u00bb"},"content":{"rendered":"<p><strong>El polit\u00f3logo que inspira la forma de hacer pol\u00edtica del kirchnerismo asegur\u00f3 que el Gobierno libra \u00abuna guerra de posiciones\u00bb y \u00abdebe animarse dar pa<strong>sos audaces\u00bb.<\/strong><\/strong><\/p>\n<p><img loading=\"lazy\" decoding=\"async\" class=\"aligncenter size-medium wp-image-5643\" alt=\"Laclau\" src=\"http:\/\/www.isletasnoticias.com.ar\/%77%70%2d%63%6f%6e%74%65%6e%74\/uploads\/2014\/02\/Laclau-300x133.jpg\" width=\"300\" height=\"133\" srcset=\"https:\/\/informelitoral.com.ar\/%77%70%2d%63%6f%6e%74%65%6e%74\/uploads\/2014\/02\/Laclau-300x133.jpg 300w, https:\/\/informelitoral.com.ar\/%77%70%2d%63%6f%6e%74%65%6e%74\/uploads\/2014\/02\/Laclau.jpg 631w\" sizes=\"auto, (max-width: 300px) 100vw, 300px\" \/><\/p>\n<p>El polit\u00f3logo <strong>Ernesto Laclau<\/strong>, ide\u00f3logo del kichnerismo , asegur\u00f3 en una entrevista con la agencia <em>T\u00e9lam, <\/em>reproducida por<em> Infocampo\u00a0<\/em>que \u00abel futuro del proyecto popular pasa por profundizar las pol\u00edticas distributivas que se aplican desde 2003\u00bb.<\/p>\n<p>\u00abEl Gobierno produjo cambios y gener\u00f3 pol\u00edticas que dif\u00edcilmente puedan ser revertidas si una opci\u00f3n de derecha se impone en las elecciones de 2015\u00bb, se\u00f1al\u00f3 Laclau.<\/p>\n<p>El polit\u00f3logo agreg\u00f3, a modo de ejemplo, que no cree que \u00absi Mauricio Macri tiene la suerte de convertirse en presidente se anime a terminar con la Asignaci\u00f3n Universal por Hijo, por citar un caso\u00bb<\/p>\n<p>De todos modos, el acad\u00e9mico que reside en Londres desde 1969, consider\u00f3 que el modelo que lidera la presidenta Cristina Kirchner libra \u00abuna guerra de posiciones, y que para salir bien de ella debe profundizar el sentido de las pol\u00edticas que implementa\u00bb.<\/p>\n<p>\u00abCuando hablo de `guerra de posiciones` me refiero a un proceso cuyos resultados se verifican en el largo plazo. Por eso, para asegurar esta etapa de la contienda de ideas, el gobierno debe animarse dar pasos audaces. Creo que la creaci\u00f3n de una Junta Nacional de Granos ser\u00eda una buena medida en el contexto actual\u00bb, afirm\u00f3.<\/p>\n<p>Laclau asegur\u00f3 adem\u00e1s que se siente \u00abidentificado\u00bb con los postulados que los integrantes de la agrupaci\u00f3n Carta Abierta expusieron en un documento dado a conocer el pasado fin de semana. \u00abArgentina debe impulsar su desarrollo y para ello es necesario que el Estado se apropie de buena parte de los recursos que generan las exportaciones para impulsar la industrializaci\u00f3n. Ese es el camino que debe seguirse para corregir las desigualdades\u00bb, se\u00f1al\u00f3.<\/p>\n<p>En ese sentido, el profesor de la Universidad brit\u00e1nica de Essex remarc\u00f3 que \u00abel kirchnerismo a\u00fan representa la izquierda real\u00bb del pa\u00eds, ya que -a su entender- es \u00abla \u00fanica fuerza que se encuentra en condiciones de confrontar con el poder corporativo\u00bb.<\/p>\n<p>\u00abEn t\u00e9rmino de pol\u00edtica real, el kirchnerismo sigue siendo lo que est\u00e1 m\u00e1s a la izquierda, pues tiene vocaci\u00f3n de confrontar con el poder. Claro que eso no quiere decir que todos los actores que componen ese espacio sean de izquierda\u00bb, evalu\u00f3.<\/p>\n<p>Para Laclau, la democracia conlleva una idea de confrontaci\u00f3n que \u00abdebe ser encausada en el marco de un juego institucional, y en este contexto, debe darse la batalla por las ideas\u00bb. \u00abSigo creyendo en una sociedad donde existen visiones a la izquierda y a la derecha. En la democracia eso se resuelve en el marco de las elecciones, donde se desenvuelve la lucha ideol\u00f3gica\u00bb, explic\u00f3.<\/p>\n","protected":false},"excerpt":{"rendered":"<p>El polit&oacute;logo que inspira la forma de hacer pol&iacute;tica del kirchnerismo asegur&oacute; que el Gobierno libra &laquo;una guerra de posiciones&raquo; y &laquo;debe animarse dar pasos audaces&raquo;. El polit&oacute;logo Ernesto Laclau, ide&oacute;logo del kichnerismo , asegur&oacute; en una entrevista con la agencia T&eacute;lam, reproducida por Infocampo&nbsp;que &laquo;el futuro del proyecto popular pasa por profundizar las pol&iacute;ticas [&hellip;]<\/p>\n","protected":false},"author":2,"featured_media":0,"comment_status":"open","ping_status":"open","sticky":false,"template":"","format":"standard","meta":{"fifu_image_url":"","fifu_image_alt":"","footnotes":""},"categories":[10,16],"tags":[],"class_list":{"0":"post-5642","1":"post","2":"type-post","3":"status-publish","4":"format-standard","6":"category-campo","7":"category-politi"},"yoast_head":"<title>Laclau: &quot;La creaci\u00f3n de una Junta Nacional de Granos ser\u00eda una buena medida&quot; - Informe Litoral<\/title>\n<meta name=\"robots\" content=\"index, follow, max-snippet:-1, max-image-preview:large, max-video-preview:-1\" \/>\n<link rel=\"canonical\" href=\"https:\/\/informelitoral.com.ar\/laclau-la-creacion-de-una-junta-nacional-de-granos-seria-una-buena-medida\/\" \/>\n<meta property=\"og:locale\" content=\"es_ES\" \/>\n<meta property=\"og:type\" content=\"article\" \/>\n<meta property=\"og:title\" content=\"Laclau: &quot;La creaci\u00f3n de una Junta Nacional de Granos ser\u00eda una buena medida&quot; - Informe Litoral\" \/>\n<meta property=\"og:description\" content=\"El polit&oacute;logo que inspira la forma de hacer pol&iacute;tica del kirchnerismo asegur&oacute; que el Gobierno libra &laquo;una guerra de posiciones&raquo; y &laquo;debe animarse dar pasos audaces&raquo;. El polit&oacute;logo Ernesto Laclau, ide&oacute;logo del kichnerismo , asegur&oacute; en una entrevista con la agencia T&eacute;lam, reproducida por Infocampo&nbsp;que &laquo;el futuro del proyecto popular pasa por profundizar las pol&iacute;ticas [&hellip;]\" \/>\n<meta property=\"og:url\" content=\"https:\/\/informelitoral.com.ar\/laclau-la-creacion-de-una-junta-nacional-de-granos-seria-una-buena-medida\/\" \/>\n<meta property=\"og:site_name\" content=\"Informe Litoral\" \/>\n<meta property=\"article:publisher\" content=\"https:\/\/www.facebook.com\/informelitoral\/\" \/>\n<meta property=\"article:published_time\" content=\"2014-02-18T01:35:25+00:00\" \/>\n<meta property=\"og:image\" content=\"https:\/\/informelitoral.com.ar\/%77%70%2d%63%6f%6e%74%65%6e%74\/uploads\/2014\/02\/Laclau.jpg\" \/>\n\t<meta property=\"og:image:width\" content=\"631\" \/>\n\t<meta property=\"og:image:height\" content=\"280\" \/>\n\t<meta property=\"og:image:type\" content=\"image\/jpeg\" \/>\n<meta name=\"author\" content=\"Gonzalo Schmidt\" \/>\n<meta name=\"twitter:card\" content=\"summary_large_image\" \/>\n<meta name=\"twitter:creator\" content=\"@InformeLitoral\" \/>\n<meta name=\"twitter:site\" content=\"@InformeLitoral\" \/>\n<meta name=\"twitter:label1\" content=\"Escrito por\" \/>\n\t<meta name=\"twitter:data1\" content=\"Gonzalo Schmidt\" \/>\n\t<meta name=\"twitter:label2\" content=\"Tiempo de lectura\" \/>\n\t<meta name=\"twitter:data2\" content=\"2 minutos\" \/>\n<script type=\"application\/ld+json\" class=\"yoast-schema-graph\">{\"@context\":\"https:\\\/\\\/schema.org\",\"@graph\":[{\"@type\":\"Article\",\"@id\":\"https:\\\/\\\/informelitoral.com.ar\\\/laclau-la-creacion-de-una-junta-nacional-de-granos-seria-una-buena-medida\\\/#article\",\"isPartOf\":{\"@id\":\"https:\\\/\\\/informelitoral.com.ar\\\/laclau-la-creacion-de-una-junta-nacional-de-granos-seria-una-buena-medida\\\/\"},\"author\":{\"name\":\"Gonzalo Schmidt\",\"@id\":\"https:\\\/\\\/informelitoral.com.ar\\\/#\\\/schema\\\/person\\\/b9d00407c836482871ef1d57bf8e3180\"},\"headline\":\"Laclau: \u00abLa creaci\u00f3n de una Junta Nacional de Granos ser\u00eda una buena medida\u00bb\",\"datePublished\":\"2014-02-18T01:35:25+00:00\",\"mainEntityOfPage\":{\"@id\":\"https:\\\/\\\/informelitoral.com.ar\\\/laclau-la-creacion-de-una-junta-nacional-de-granos-seria-una-buena-medida\\\/\"},\"wordCount\":481,\"commentCount\":0,\"publisher\":{\"@id\":\"https:\\\/\\\/informelitoral.com.ar\\\/#organization\"},\"image\":{\"@id\":\"https:\\\/\\\/informelitoral.com.ar\\\/laclau-la-creacion-de-una-junta-nacional-de-granos-seria-una-buena-medida\\\/#primaryimage\"},\"thumbnailUrl\":\"http:\\\/\\\/www.isletasnoticias.com.ar\\\/%77%70%2d%63%6f%6e%74%65%6e%74\\\/uploads\\\/2014\\\/02\\\/Laclau-300x133.jpg\",\"articleSection\":[\"Campo\",\"Politica\"],\"inLanguage\":\"es\",\"potentialAction\":[{\"@type\":\"CommentAction\",\"name\":\"Comment\",\"target\":[\"https:\\\/\\\/informelitoral.com.ar\\\/laclau-la-creacion-de-una-junta-nacional-de-granos-seria-una-buena-medida\\\/#respond\"]}]},{\"@type\":\"WebPage\",\"@id\":\"https:\\\/\\\/informelitoral.com.ar\\\/laclau-la-creacion-de-una-junta-nacional-de-granos-seria-una-buena-medida\\\/\",\"url\":\"https:\\\/\\\/informelitoral.com.ar\\\/laclau-la-creacion-de-una-junta-nacional-de-granos-seria-una-buena-medida\\\/\",\"name\":\"Laclau: \\\"La creaci\u00f3n de una Junta Nacional de Granos ser\u00eda una buena medida\\\" - Informe Litoral\",\"isPartOf\":{\"@id\":\"https:\\\/\\\/informelitoral.com.ar\\\/#website\"},\"primaryImageOfPage\":{\"@id\":\"https:\\\/\\\/informelitoral.com.ar\\\/laclau-la-creacion-de-una-junta-nacional-de-granos-seria-una-buena-medida\\\/#primaryimage\"},\"image\":{\"@id\":\"https:\\\/\\\/informelitoral.com.ar\\\/laclau-la-creacion-de-una-junta-nacional-de-granos-seria-una-buena-medida\\\/#primaryimage\"},\"thumbnailUrl\":\"http:\\\/\\\/www.isletasnoticias.com.ar\\\/%77%70%2d%63%6f%6e%74%65%6e%74\\\/uploads\\\/2014\\\/02\\\/Laclau-300x133.jpg\",\"datePublished\":\"2014-02-18T01:35:25+00:00\",\"breadcrumb\":{\"@id\":\"https:\\\/\\\/informelitoral.com.ar\\\/laclau-la-creacion-de-una-junta-nacional-de-granos-seria-una-buena-medida\\\/#breadcrumb\"},\"inLanguage\":\"es\",\"potentialAction\":[{\"@type\":\"ReadAction\",\"target\":[\"https:\\\/\\\/informelitoral.com.ar\\\/laclau-la-creacion-de-una-junta-nacional-de-granos-seria-una-buena-medida\\\/\"]}]},{\"@type\":\"ImageObject\",\"inLanguage\":\"es\",\"@id\":\"https:\\\/\\\/informelitoral.com.ar\\\/laclau-la-creacion-de-una-junta-nacional-de-granos-seria-una-buena-medida\\\/#primaryimage\",\"url\":\"http:\\\/\\\/www.isletasnoticias.com.ar\\\/%77%70%2d%63%6f%6e%74%65%6e%74\\\/uploads\\\/2014\\\/02\\\/Laclau-300x133.jpg\",\"contentUrl\":\"http:\\\/\\\/www.isletasnoticias.com.ar\\\/%77%70%2d%63%6f%6e%74%65%6e%74\\\/uploads\\\/2014\\\/02\\\/Laclau-300x133.jpg\"},{\"@type\":\"BreadcrumbList\",\"@id\":\"https:\\\/\\\/informelitoral.com.ar\\\/laclau-la-creacion-de-una-junta-nacional-de-granos-seria-una-buena-medida\\\/#breadcrumb\",\"itemListElement\":[{\"@type\":\"ListItem\",\"position\":1,\"name\":\"Portada\",\"item\":\"https:\\\/\\\/informelitoral.com.ar\\\/\"},{\"@type\":\"ListItem\",\"position\":2,\"name\":\"Laclau: \u00abLa creaci\u00f3n de una Junta Nacional de Granos ser\u00eda una buena medida\u00bb\"}]},{\"@type\":\"WebSite\",\"@id\":\"https:\\\/\\\/informelitoral.com.ar\\\/#website\",\"url\":\"https:\\\/\\\/informelitoral.com.ar\\\/\",\"name\":\"Informe Litoral\",\"description\":\"&quot;Nos informamos&quot; \",\"publisher\":{\"@id\":\"https:\\\/\\\/informelitoral.com.ar\\\/#organization\"},\"potentialAction\":[{\"@type\":\"SearchAction\",\"target\":{\"@type\":\"EntryPoint\",\"urlTemplate\":\"https:\\\/\\\/informelitoral.com.ar\\\/?s={search_term_string}\"},\"query-input\":{\"@type\":\"PropertyValueSpecification\",\"valueRequired\":true,\"valueName\":\"search_term_string\"}}],\"inLanguage\":\"es\"},{\"@type\":\"Organization\",\"@id\":\"https:\\\/\\\/informelitoral.com.ar\\\/#organization\",\"name\":\"Informe Litoral\",\"url\":\"https:\\\/\\\/informelitoral.com.ar\\\/\",\"logo\":{\"@type\":\"ImageObject\",\"inLanguage\":\"es\",\"@id\":\"https:\\\/\\\/informelitoral.com.ar\\\/#\\\/schema\\\/logo\\\/image\\\/\",\"url\":\"https:\\\/\\\/informelitoral.com.ar\\\/%77%70%2d%63%6f%6e%74%65%6e%74\\\/uploads\\\/2021\\\/01\\\/circulo.png\",\"contentUrl\":\"https:\\\/\\\/informelitoral.com.ar\\\/%77%70%2d%63%6f%6e%74%65%6e%74\\\/uploads\\\/2021\\\/01\\\/circulo.png\",\"width\":723,\"height\":731,\"caption\":\"Informe Litoral\"},\"image\":{\"@id\":\"https:\\\/\\\/informelitoral.com.ar\\\/#\\\/schema\\\/logo\\\/image\\\/\"},\"sameAs\":[\"https:\\\/\\\/www.facebook.com\\\/informelitoral\\\/\",\"https:\\\/\\\/x.com\\\/InformeLitoral\",\"https:\\\/\\\/www.instagram.com\\\/informelitoral\\\/\",\"https:\\\/\\\/www.youtube.com\\\/channel\\\/UCua4Qvz8Icb6MYqhoq9xLXw\"]},{\"@type\":\"Person\",\"@id\":\"https:\\\/\\\/informelitoral.com.ar\\\/#\\\/schema\\\/person\\\/b9d00407c836482871ef1d57bf8e3180\",\"name\":\"Gonzalo Schmidt\",\"image\":{\"@type\":\"ImageObject\",\"inLanguage\":\"es\",\"@id\":\"https:\\\/\\\/secure.gravatar.com\\\/avatar\\\/31a1a7b66ff2de83bd0e9fd79d026630d2d99e55e8bfe501287647b4fd9743de?s=96&d=mm&r=g\",\"url\":\"https:\\\/\\\/secure.gravatar.com\\\/avatar\\\/31a1a7b66ff2de83bd0e9fd79d026630d2d99e55e8bfe501287647b4fd9743de?s=96&d=mm&r=g\",\"contentUrl\":\"https:\\\/\\\/secure.gravatar.com\\\/avatar\\\/31a1a7b66ff2de83bd0e9fd79d026630d2d99e55e8bfe501287647b4fd9743de?s=96&d=mm&r=g\",\"caption\":\"Gonzalo Schmidt\"},\"description\":\"Sitio web de noticias de la provincia de Entre R\u00edos, Argentina. Informaci\u00f3n y entretenimiento. Informe Litoral, nos informamos.\",\"sameAs\":[\"http:\\\/\\\/www.isletasnoticias.com.ar\"],\"url\":\"https:\\\/\\\/informelitoral.com.ar\\\/author\\\/gonzalo\\\/\"}]}<\/script>","yoast_head_json":{"title":"Laclau: \"La creaci\u00f3n de una Junta Nacional de Granos ser\u00eda una buena medida\" - Informe Litoral","robots":{"index":"index","follow":"follow","max-snippet":"max-snippet:-1","max-image-preview":"max-image-preview:large","max-video-preview":"max-video-preview:-1"},"canonical":"https:\/\/informelitoral.com.ar\/laclau-la-creacion-de-una-junta-nacional-de-granos-seria-una-buena-medida\/","og_locale":"es_ES","og_type":"article","og_title":"Laclau: \"La creaci\u00f3n de una Junta Nacional de Granos ser\u00eda una buena medida\" - Informe Litoral","og_description":"El polit&oacute;logo que inspira la forma de hacer pol&iacute;tica del kirchnerismo asegur&oacute; que el Gobierno libra &laquo;una guerra de posiciones&raquo; y &laquo;debe animarse dar pasos audaces&raquo;. El polit&oacute;logo Ernesto Laclau, ide&oacute;logo del kichnerismo , asegur&oacute; en una entrevista con la agencia T&eacute;lam, reproducida por Infocampo&nbsp;que &laquo;el futuro del proyecto popular pasa por profundizar las pol&iacute;ticas [&hellip;]","og_url":"https:\/\/informelitoral.com.ar\/laclau-la-creacion-de-una-junta-nacional-de-granos-seria-una-buena-medida\/","og_site_name":"Informe Litoral","article_publisher":"https:\/\/www.facebook.com\/informelitoral\/","article_published_time":"2014-02-18T01:35:25+00:00","og_image":[{"width":631,"height":280,"url":"https:\/\/informelitoral.com.ar\/%77%70%2d%63%6f%6e%74%65%6e%74\/uploads\/2014\/02\/Laclau.jpg","type":"image\/jpeg"}],"author":"Gonzalo Schmidt","twitter_card":"summary_large_image","twitter_creator":"@InformeLitoral","twitter_site":"@InformeLitoral","twitter_misc":{"Escrito por":"Gonzalo Schmidt","Tiempo de lectura":"2 minutos"},"schema":{"@context":"https:\/\/schema.org","@graph":[{"@type":"Article","@id":"https:\/\/informelitoral.com.ar\/laclau-la-creacion-de-una-junta-nacional-de-granos-seria-una-buena-medida\/#article","isPartOf":{"@id":"https:\/\/informelitoral.com.ar\/laclau-la-creacion-de-una-junta-nacional-de-granos-seria-una-buena-medida\/"},"author":{"name":"Gonzalo Schmidt","@id":"https:\/\/informelitoral.com.ar\/#\/schema\/person\/b9d00407c836482871ef1d57bf8e3180"},"headline":"Laclau: \u00abLa creaci\u00f3n de una Junta Nacional de Granos ser\u00eda una buena medida\u00bb","datePublished":"2014-02-18T01:35:25+00:00","mainEntityOfPage":{"@id":"https:\/\/informelitoral.com.ar\/laclau-la-creacion-de-una-junta-nacional-de-granos-seria-una-buena-medida\/"},"wordCount":481,"commentCount":0,"publisher":{"@id":"https:\/\/informelitoral.com.ar\/#organization"},"image":{"@id":"https:\/\/informelitoral.com.ar\/laclau-la-creacion-de-una-junta-nacional-de-granos-seria-una-buena-medida\/#primaryimage"},"thumbnailUrl":"http:\/\/www.isletasnoticias.com.ar\/%77%70%2d%63%6f%6e%74%65%6e%74\/uploads\/2014\/02\/Laclau-300x133.jpg","articleSection":["Campo","Politica"],"inLanguage":"es","potentialAction":[{"@type":"CommentAction","name":"Comment","target":["https:\/\/informelitoral.com.ar\/laclau-la-creacion-de-una-junta-nacional-de-granos-seria-una-buena-medida\/#respond"]}]},{"@type":"WebPage","@id":"https:\/\/informelitoral.com.ar\/laclau-la-creacion-de-una-junta-nacional-de-granos-seria-una-buena-medida\/","url":"https:\/\/informelitoral.com.ar\/laclau-la-creacion-de-una-junta-nacional-de-granos-seria-una-buena-medida\/","name":"Laclau: \"La creaci\u00f3n de una Junta Nacional de Granos ser\u00eda una buena medida\" - Informe Litoral","isPartOf":{"@id":"https:\/\/informelitoral.com.ar\/#website"},"primaryImageOfPage":{"@id":"https:\/\/informelitoral.com.ar\/laclau-la-creacion-de-una-junta-nacional-de-granos-seria-una-buena-medida\/#primaryimage"},"image":{"@id":"https:\/\/informelitoral.com.ar\/laclau-la-creacion-de-una-junta-nacional-de-granos-seria-una-buena-medida\/#primaryimage"},"thumbnailUrl":"http:\/\/www.isletasnoticias.com.ar\/%77%70%2d%63%6f%6e%74%65%6e%74\/uploads\/2014\/02\/Laclau-300x133.jpg","datePublished":"2014-02-18T01:35:25+00:00","breadcrumb":{"@id":"https:\/\/informelitoral.com.ar\/laclau-la-creacion-de-una-junta-nacional-de-granos-seria-una-buena-medida\/#breadcrumb"},"inLanguage":"es","potentialAction":[{"@type":"ReadAction","target":["https:\/\/informelitoral.com.ar\/laclau-la-creacion-de-una-junta-nacional-de-granos-seria-una-buena-medida\/"]}]},{"@type":"ImageObject","inLanguage":"es","@id":"https:\/\/informelitoral.com.ar\/laclau-la-creacion-de-una-junta-nacional-de-granos-seria-una-buena-medida\/#primaryimage","url":"http:\/\/www.isletasnoticias.com.ar\/%77%70%2d%63%6f%6e%74%65%6e%74\/uploads\/2014\/02\/Laclau-300x133.jpg","contentUrl":"http:\/\/www.isletasnoticias.com.ar\/%77%70%2d%63%6f%6e%74%65%6e%74\/uploads\/2014\/02\/Laclau-300x133.jpg"},{"@type":"BreadcrumbList","@id":"https:\/\/informelitoral.com.ar\/laclau-la-creacion-de-una-junta-nacional-de-granos-seria-una-buena-medida\/#breadcrumb","itemListElement":[{"@type":"ListItem","position":1,"name":"Portada","item":"https:\/\/informelitoral.com.ar\/"},{"@type":"ListItem","position":2,"name":"Laclau: \u00abLa creaci\u00f3n de una Junta Nacional de Granos ser\u00eda una buena medida\u00bb"}]},{"@type":"WebSite","@id":"https:\/\/informelitoral.com.ar\/#website","url":"https:\/\/informelitoral.com.ar\/","name":"Informe Litoral","description":"&quot;Nos informamos&quot; ","publisher":{"@id":"https:\/\/informelitoral.com.ar\/#organization"},"potentialAction":[{"@type":"SearchAction","target":{"@type":"EntryPoint","urlTemplate":"https:\/\/informelitoral.com.ar\/?s={search_term_string}"},"query-input":{"@type":"PropertyValueSpecification","valueRequired":true,"valueName":"search_term_string"}}],"inLanguage":"es"},{"@type":"Organization","@id":"https:\/\/informelitoral.com.ar\/#organization","name":"Informe Litoral","url":"https:\/\/informelitoral.com.ar\/","logo":{"@type":"ImageObject","inLanguage":"es","@id":"https:\/\/informelitoral.com.ar\/#\/schema\/logo\/image\/","url":"https:\/\/informelitoral.com.ar\/%77%70%2d%63%6f%6e%74%65%6e%74\/uploads\/2021\/01\/circulo.png","contentUrl":"https:\/\/informelitoral.com.ar\/%77%70%2d%63%6f%6e%74%65%6e%74\/uploads\/2021\/01\/circulo.png","width":723,"height":731,"caption":"Informe Litoral"},"image":{"@id":"https:\/\/informelitoral.com.ar\/#\/schema\/logo\/image\/"},"sameAs":["https:\/\/www.facebook.com\/informelitoral\/","https:\/\/x.com\/InformeLitoral","https:\/\/www.instagram.com\/informelitoral\/","https:\/\/www.youtube.com\/channel\/UCua4Qvz8Icb6MYqhoq9xLXw"]},{"@type":"Person","@id":"https:\/\/informelitoral.com.ar\/#\/schema\/person\/b9d00407c836482871ef1d57bf8e3180","name":"Gonzalo Schmidt","image":{"@type":"ImageObject","inLanguage":"es","@id":"https:\/\/secure.gravatar.com\/avatar\/31a1a7b66ff2de83bd0e9fd79d026630d2d99e55e8bfe501287647b4fd9743de?s=96&d=mm&r=g","url":"https:\/\/secure.gravatar.com\/avatar\/31a1a7b66ff2de83bd0e9fd79d026630d2d99e55e8bfe501287647b4fd9743de?s=96&d=mm&r=g","contentUrl":"https:\/\/secure.gravatar.com\/avatar\/31a1a7b66ff2de83bd0e9fd79d026630d2d99e55e8bfe501287647b4fd9743de?s=96&d=mm&r=g","caption":"Gonzalo Schmidt"},"description":"Sitio web de noticias de la provincia de Entre R\u00edos, Argentina. Informaci\u00f3n y entretenimiento. Informe Litoral, nos informamos.","sameAs":["http:\/\/www.isletasnoticias.com.ar"],"url":"https:\/\/informelitoral.com.ar\/author\/gonzalo\/"}]}},"_links":{"self":[{"href":"https:\/\/informelitoral.com.ar\/%77%70%2d%6a%73%6f%6e\/wp\/v2\/posts\/5642","targetHints":{"allow":["GET"]}}],"collection":[{"href":"https:\/\/informelitoral.com.ar\/%77%70%2d%6a%73%6f%6e\/wp\/v2\/posts"}],"about":[{"href":"https:\/\/informelitoral.com.ar\/%77%70%2d%6a%73%6f%6e\/wp\/v2\/types\/post"}],"author":[{"embeddable":true,"href":"https:\/\/informelitoral.com.ar\/%77%70%2d%6a%73%6f%6e\/wp\/v2\/users\/2"}],"replies":[{"embeddable":true,"href":"https:\/\/informelitoral.com.ar\/%77%70%2d%6a%73%6f%6e\/wp\/v2\/comments?post=5642"}],"version-history":[{"count":0,"href":"https:\/\/informelitoral.com.ar\/%77%70%2d%6a%73%6f%6e\/wp\/v2\/posts\/5642\/revisions"}],"wp:attachment":[{"href":"https:\/\/informelitoral.com.ar\/%77%70%2d%6a%73%6f%6e\/wp\/v2\/media?parent=5642"}],"wp:term":[{"taxonomy":"category","embeddable":true,"href":"https:\/\/informelitoral.com.ar\/%77%70%2d%6a%73%6f%6e\/wp\/v2\/categories?post=5642"},{"taxonomy":"post_tag","embeddable":true,"href":"https:\/\/informelitoral.com.ar\/%77%70%2d%6a%73%6f%6e\/wp\/v2\/tags?post=5642"}],"curies":[{"name":"wp","href":"https:\/\/api.w.org\/{rel}","templated":true}]}}