{"id":56379,"date":"2021-02-03T16:53:01","date_gmt":"2021-02-03T19:53:01","guid":{"rendered":"https:\/\/www.isletasnoticias.com.ar\/?p=56379"},"modified":"2021-02-03T16:53:01","modified_gmt":"2021-02-03T19:53:01","slug":"mas-de-360-000-turistas-visitaron-entre-rios-durante-enero","status":"publish","type":"post","link":"https:\/\/informelitoral.com.ar\/mas-de-360-000-turistas-visitaron-entre-rios-durante-enero\/","title":{"rendered":"M\u00e1s de 360.000 turistas visitaron Entre R\u00edos durante enero"},"content":{"rendered":"<div class=\"news-body-main\">\n<div id=\"note-body\" data-twitter-link=\"https:\/\/twitter.com\/intent\/tweet?url=https:\/\/www.unoentrerios.com.ar\/c2639730&amp;via=&amp;related=Uno Entre Rios&amp;text=\">\n<p>En\u00a0enero\u00a0ingresaron a\u00a0Entre R\u00edos\u00a0365.595\u00a0turistas, seg\u00fan los datos verificados a trav\u00e9s del Certificado Verano. En la primera quincena fueron 165.985 personas y en la segunda 199.610 visitantes, seg\u00fan dio a conocer este mi\u00e9rcoles el Gobierno provincial.<\/p>\n<\/div>\n<\/div>\n<div class=\"news-body-main\">\n<div id=\"note-body\" data-twitter-link=\"https:\/\/twitter.com\/intent\/tweet?url=https:\/\/www.unoentrerios.com.ar\/c2639730&amp;via=&amp;related=Uno Entre Rios&amp;text=\">\n<p>El acumulado de enero demuestra que Entre R\u00edos contin\u00faa posicionado como el tercer distrito que m\u00e1s turistas recibi\u00f3 a nivel nacional, luego de la provincia de Buenos Aires (44% del total de los turistas), C\u00f3rdoba (14,4%). Entre R\u00edos reuni\u00f3 el 7,1% y luego le siguieron: Neuqu\u00e9n (5,7%), R\u00edo Negro (5,4%), Mendoza (3,3%), Salta (3,1%) y San Luis (2,9%).<\/p>\n<p>Seg\u00fan el informe, los destinos de Entre R\u00edos preferidos fueron Gualeguaych\u00fa, Col\u00f3n, Federaci\u00f3n, Concepci\u00f3n del Uruguay, Victoria, Concordia, Paran\u00e1, San Jos\u00e9, Mar\u00eda Grande, Villa Paranacito, Puerto Ibicuy, Gualeguay, La Paz, Chajar\u00ed y Villa Elisa.<\/p>\n<\/div>\n<\/div>\n<div class=\"news-body-main\">\n<div id=\"note-body\" data-twitter-link=\"https:\/\/twitter.com\/intent\/tweet?url=https:\/\/www.unoentrerios.com.ar\/c2639730&amp;via=&amp;related=Uno Entre Rios&amp;text=\">\n<p><span id=\"saysCMSEmphasis26ake6f8k9m\" class=\"saysCMSEmphasis\">En cuanto a los porcentajes de ocupaci\u00f3n, los fines de semana de la segunda quincena de enero, los alojamientos tuvieron un promedio de 70% (fin de semana de 16 y 17 de enero) y del 72% (23 y 24 de enero). Seg\u00fan el tipo de alojamiento, el pernocte en caba\u00f1as y bungalows supera en muchas localidades de la provincia el 70%, en tanto que en hoteles, aparts, residenciales y hoster\u00edas el promedio se ubica en el 45%. En el promedio del mes de enero del total de los alojamientos homologados informados por los municipios, el promedio de ocupaci\u00f3n hotelera se estableci\u00f3 en el 54%.<\/span><\/p>\n<p>La cantidad de noches utilizadas para pernoctar en Entre R\u00edos, ascendi\u00f3 la segunda quincena de enero, estableci\u00e9ndose en 3,5 noches promedio, siendo de 3 noches en la primera quincena del mes.<\/p>\n<h3><strong>Impacto econ\u00f3mico<\/strong><\/h3>\n<p>Para determinar el impacto econ\u00f3mico positivo que genera el turismo en un destino, se tienen en cuenta no solamente los gastos directos de alojamiento y gastronom\u00eda, sino tambi\u00e9n otros indirectos como compras de tickets para atracciones y actividades, souvenirs, combustible o traslados en destino, entre otros.<\/p>\n<p>Del total de los turistas que pernoctan, para quienes lo hacen en alojamientos convencionales se estima un gasto por d\u00eda por persona de 3.500 pesos. El dato surge de encuestas realizadas por la Secretar\u00eda de Turismo de Entre R\u00edos a los visitantes en distintos puntos de la provincia, y tambi\u00e9n por informes de \u00e1reas de turismo en localidades de referencia.<\/p>\n<p>En cuanto a los que se alojan en establecimientos como caba\u00f1as, bungalows, casas y departamentos de alquiler o campings, el gasto diario se estima en 2.200 pesos, y para quienes se alojan en casa de familiares y amigos o son excursionistas, en 1.100 pesos.<\/p>\n<p><strong>El c\u00f3mputo del gasto del total de los visitantes por el promedio de pernoctes en el mes de enero, deriva en una cifra estimada en 2.500 millones de pesos<\/strong>, considerados como ingreso de divisas a la provincia generado por la actividad tur\u00edstica, lo que seg\u00fan el gobierno se convierte en un dato m\u00e1s que importante a la hora de analizar el impacto de dicha actividad en la econom\u00eda provincial, y la transversalidad de los rubros de gastos que dinamiza diversos sectores comerciales y econ\u00f3micos.<\/p>\n<h3><strong>Perfil de los visitantes<\/strong><\/h3>\n<p>Seg\u00fan las primeras 550 encuestas completadas por los turistas en distintos puntos de la provincia y los datos que se aportan en la declaraci\u00f3n jurada del certificado Verano, se supo que el 57% lleg\u00f3 desde provincia de Buenos Aires, el 16,6% desde provincia de Santa Fe, el 10,9% de CABA, el 8,6% fueron entrerrianos, el 2,1% de C\u00f3rdoba, 0,8%c y el resto del pa\u00eds sum\u00f3 el 4%.<\/p>\n<p>En cuanto al motivo de la elecci\u00f3n del destino, dando en la encuesta la opci\u00f3n de elegir tres como m\u00e1ximo, las respuestas fueron las siguientes: el 28,2% vino atra\u00eddo por la oferta termal, el 23,7% para disfrutar de la naturaleza, el 19,9% por las playas, 9,6% porque le pareci\u00f3 un destino seguro relacionado a la pandemia de Covid, el 7,6% para visitar familiares o amigos, el 6,4% lo hizo atra\u00eddo por la historia y la cultura entrerriana, 1,5% era turista en tr\u00e1nsito, 0,8% por trabajo y el 2,2% por otros motivos.<\/p>\n<p>Como respuesta a la consulta sobre la composici\u00f3n del grupo de viaje, el 53,3% expres\u00f3 hacerlo en grupo familiar, el 29,6% en pareja, el 12,8% con amigos y el 4,3% dijo viajar s\u00f3lo. El 98% de los turistas llegaron a Entre R\u00edos por v\u00eda terrestre: 79% en veh\u00edculo particular y 19% en transporte p\u00fablico.<\/p>\n<\/div>\n<\/div>\n","protected":false},"excerpt":{"rendered":"<p>Contin\u00faa posicionada como el tercer distrito que m\u00e1s turistas recibi\u00f3 a nivel nacional, luego de Buenos Aires y C\u00f3rdoba, seg\u00fan datos del Gobierno provincial.<\/p>\n","protected":false},"author":2,"featured_media":56380,"comment_status":"open","ping_status":"open","sticky":false,"template":"","format":"standard","meta":{"fifu_image_url":"","fifu_image_alt":"","footnotes":""},"categories":[6],"tags":[81,104],"class_list":{"0":"post-56379","1":"post","2":"type-post","3":"status-publish","4":"format-standard","5":"has-post-thumbnail","7":"category-entre-rios","8":"tag-entre-rios","9":"tag-turismo"},"yoast_head":"<title>M\u00e1s de 360.000 turistas visitaron Entre R\u00edos durante enero - Informe Litoral<\/title>\n<meta name=\"robots\" content=\"index, follow, max-snippet:-1, max-image-preview:large, max-video-preview:-1\" \/>\n<link rel=\"canonical\" href=\"https:\/\/informelitoral.com.ar\/mas-de-360-000-turistas-visitaron-entre-rios-durante-enero\/\" \/>\n<meta property=\"og:locale\" content=\"es_ES\" \/>\n<meta property=\"og:type\" content=\"article\" \/>\n<meta property=\"og:title\" content=\"M\u00e1s de 360.000 turistas visitaron Entre R\u00edos durante enero - Informe Litoral\" \/>\n<meta property=\"og:description\" content=\"Contin\u00faa posicionada como el tercer distrito que m\u00e1s turistas recibi\u00f3 a nivel nacional, luego de Buenos Aires y C\u00f3rdoba, seg\u00fan datos del Gobierno provincial.\" \/>\n<meta property=\"og:url\" content=\"https:\/\/informelitoral.com.ar\/mas-de-360-000-turistas-visitaron-entre-rios-durante-enero\/\" \/>\n<meta property=\"og:site_name\" content=\"Informe Litoral\" \/>\n<meta property=\"article:publisher\" content=\"https:\/\/www.facebook.com\/informelitoral\/\" \/>\n<meta property=\"article:published_time\" content=\"2021-02-03T19:53:01+00:00\" \/>\n<meta property=\"og:image\" content=\"https:\/\/informelitoral.com.ar\/%77%70%2d%63%6f%6e%74%65%6e%74\/uploads\/2021\/02\/b_1610897603.jpg\" \/>\n\t<meta property=\"og:image:width\" content=\"948\" \/>\n\t<meta property=\"og:image:height\" content=\"632\" \/>\n\t<meta property=\"og:image:type\" content=\"image\/jpeg\" \/>\n<meta name=\"author\" content=\"Gonzalo Schmidt\" \/>\n<meta name=\"twitter:card\" content=\"summary_large_image\" \/>\n<meta name=\"twitter:creator\" content=\"@InformeLitoral\" \/>\n<meta name=\"twitter:site\" content=\"@InformeLitoral\" \/>\n<meta name=\"twitter:label1\" content=\"Escrito por\" \/>\n\t<meta name=\"twitter:data1\" content=\"Gonzalo Schmidt\" \/>\n\t<meta name=\"twitter:label2\" content=\"Tiempo de lectura\" \/>\n\t<meta name=\"twitter:data2\" content=\"4 minutos\" \/>\n<script type=\"application\/ld+json\" class=\"yoast-schema-graph\">{\"@context\":\"https:\\\/\\\/schema.org\",\"@graph\":[{\"@type\":\"Article\",\"@id\":\"https:\\\/\\\/informelitoral.com.ar\\\/mas-de-360-000-turistas-visitaron-entre-rios-durante-enero\\\/#article\",\"isPartOf\":{\"@id\":\"https:\\\/\\\/informelitoral.com.ar\\\/mas-de-360-000-turistas-visitaron-entre-rios-durante-enero\\\/\"},\"author\":{\"name\":\"Gonzalo Schmidt\",\"@id\":\"https:\\\/\\\/informelitoral.com.ar\\\/#\\\/schema\\\/person\\\/b9d00407c836482871ef1d57bf8e3180\"},\"headline\":\"M\u00e1s de 360.000 turistas visitaron Entre R\u00edos durante enero\",\"datePublished\":\"2021-02-03T19:53:01+00:00\",\"mainEntityOfPage\":{\"@id\":\"https:\\\/\\\/informelitoral.com.ar\\\/mas-de-360-000-turistas-visitaron-entre-rios-durante-enero\\\/\"},\"wordCount\":735,\"commentCount\":0,\"publisher\":{\"@id\":\"https:\\\/\\\/informelitoral.com.ar\\\/#organization\"},\"image\":{\"@id\":\"https:\\\/\\\/informelitoral.com.ar\\\/mas-de-360-000-turistas-visitaron-entre-rios-durante-enero\\\/#primaryimage\"},\"thumbnailUrl\":\"https:\\\/\\\/informelitoral.com.ar\\\/%77%70%2d%63%6f%6e%74%65%6e%74\\\/uploads\\\/2021\\\/02\\\/b_1610897603.jpg\",\"keywords\":[\"Entre R\u00edos\",\"Turismo\"],\"articleSection\":[\"Entre R\u00edos\"],\"inLanguage\":\"es\",\"potentialAction\":[{\"@type\":\"CommentAction\",\"name\":\"Comment\",\"target\":[\"https:\\\/\\\/informelitoral.com.ar\\\/mas-de-360-000-turistas-visitaron-entre-rios-durante-enero\\\/#respond\"]}]},{\"@type\":\"WebPage\",\"@id\":\"https:\\\/\\\/informelitoral.com.ar\\\/mas-de-360-000-turistas-visitaron-entre-rios-durante-enero\\\/\",\"url\":\"https:\\\/\\\/informelitoral.com.ar\\\/mas-de-360-000-turistas-visitaron-entre-rios-durante-enero\\\/\",\"name\":\"M\u00e1s de 360.000 turistas visitaron Entre R\u00edos durante enero - Informe Litoral\",\"isPartOf\":{\"@id\":\"https:\\\/\\\/informelitoral.com.ar\\\/#website\"},\"primaryImageOfPage\":{\"@id\":\"https:\\\/\\\/informelitoral.com.ar\\\/mas-de-360-000-turistas-visitaron-entre-rios-durante-enero\\\/#primaryimage\"},\"image\":{\"@id\":\"https:\\\/\\\/informelitoral.com.ar\\\/mas-de-360-000-turistas-visitaron-entre-rios-durante-enero\\\/#primaryimage\"},\"thumbnailUrl\":\"https:\\\/\\\/informelitoral.com.ar\\\/%77%70%2d%63%6f%6e%74%65%6e%74\\\/uploads\\\/2021\\\/02\\\/b_1610897603.jpg\",\"datePublished\":\"2021-02-03T19:53:01+00:00\",\"breadcrumb\":{\"@id\":\"https:\\\/\\\/informelitoral.com.ar\\\/mas-de-360-000-turistas-visitaron-entre-rios-durante-enero\\\/#breadcrumb\"},\"inLanguage\":\"es\",\"potentialAction\":[{\"@type\":\"ReadAction\",\"target\":[\"https:\\\/\\\/informelitoral.com.ar\\\/mas-de-360-000-turistas-visitaron-entre-rios-durante-enero\\\/\"]}]},{\"@type\":\"ImageObject\",\"inLanguage\":\"es\",\"@id\":\"https:\\\/\\\/informelitoral.com.ar\\\/mas-de-360-000-turistas-visitaron-entre-rios-durante-enero\\\/#primaryimage\",\"url\":\"https:\\\/\\\/informelitoral.com.ar\\\/%77%70%2d%63%6f%6e%74%65%6e%74\\\/uploads\\\/2021\\\/02\\\/b_1610897603.jpg\",\"contentUrl\":\"https:\\\/\\\/informelitoral.com.ar\\\/%77%70%2d%63%6f%6e%74%65%6e%74\\\/uploads\\\/2021\\\/02\\\/b_1610897603.jpg\",\"width\":948,\"height\":632},{\"@type\":\"BreadcrumbList\",\"@id\":\"https:\\\/\\\/informelitoral.com.ar\\\/mas-de-360-000-turistas-visitaron-entre-rios-durante-enero\\\/#breadcrumb\",\"itemListElement\":[{\"@type\":\"ListItem\",\"position\":1,\"name\":\"Portada\",\"item\":\"https:\\\/\\\/informelitoral.com.ar\\\/\"},{\"@type\":\"ListItem\",\"position\":2,\"name\":\"M\u00e1s de 360.000 turistas visitaron Entre R\u00edos durante enero\"}]},{\"@type\":\"WebSite\",\"@id\":\"https:\\\/\\\/informelitoral.com.ar\\\/#website\",\"url\":\"https:\\\/\\\/informelitoral.com.ar\\\/\",\"name\":\"Informe Litoral\",\"description\":\"&quot;Nos informamos&quot; \",\"publisher\":{\"@id\":\"https:\\\/\\\/informelitoral.com.ar\\\/#organization\"},\"potentialAction\":[{\"@type\":\"SearchAction\",\"target\":{\"@type\":\"EntryPoint\",\"urlTemplate\":\"https:\\\/\\\/informelitoral.com.ar\\\/?s={search_term_string}\"},\"query-input\":{\"@type\":\"PropertyValueSpecification\",\"valueRequired\":true,\"valueName\":\"search_term_string\"}}],\"inLanguage\":\"es\"},{\"@type\":\"Organization\",\"@id\":\"https:\\\/\\\/informelitoral.com.ar\\\/#organization\",\"name\":\"Informe Litoral\",\"url\":\"https:\\\/\\\/informelitoral.com.ar\\\/\",\"logo\":{\"@type\":\"ImageObject\",\"inLanguage\":\"es\",\"@id\":\"https:\\\/\\\/informelitoral.com.ar\\\/#\\\/schema\\\/logo\\\/image\\\/\",\"url\":\"https:\\\/\\\/informelitoral.com.ar\\\/%77%70%2d%63%6f%6e%74%65%6e%74\\\/uploads\\\/2021\\\/01\\\/circulo.png\",\"contentUrl\":\"https:\\\/\\\/informelitoral.com.ar\\\/%77%70%2d%63%6f%6e%74%65%6e%74\\\/uploads\\\/2021\\\/01\\\/circulo.png\",\"width\":723,\"height\":731,\"caption\":\"Informe Litoral\"},\"image\":{\"@id\":\"https:\\\/\\\/informelitoral.com.ar\\\/#\\\/schema\\\/logo\\\/image\\\/\"},\"sameAs\":[\"https:\\\/\\\/www.facebook.com\\\/informelitoral\\\/\",\"https:\\\/\\\/x.com\\\/InformeLitoral\",\"https:\\\/\\\/www.instagram.com\\\/informelitoral\\\/\",\"https:\\\/\\\/www.youtube.com\\\/channel\\\/UCua4Qvz8Icb6MYqhoq9xLXw\"]},{\"@type\":\"Person\",\"@id\":\"https:\\\/\\\/informelitoral.com.ar\\\/#\\\/schema\\\/person\\\/b9d00407c836482871ef1d57bf8e3180\",\"name\":\"Gonzalo Schmidt\",\"image\":{\"@type\":\"ImageObject\",\"inLanguage\":\"es\",\"@id\":\"https:\\\/\\\/secure.gravatar.com\\\/avatar\\\/31a1a7b66ff2de83bd0e9fd79d026630d2d99e55e8bfe501287647b4fd9743de?s=96&d=mm&r=g\",\"url\":\"https:\\\/\\\/secure.gravatar.com\\\/avatar\\\/31a1a7b66ff2de83bd0e9fd79d026630d2d99e55e8bfe501287647b4fd9743de?s=96&d=mm&r=g\",\"contentUrl\":\"https:\\\/\\\/secure.gravatar.com\\\/avatar\\\/31a1a7b66ff2de83bd0e9fd79d026630d2d99e55e8bfe501287647b4fd9743de?s=96&d=mm&r=g\",\"caption\":\"Gonzalo Schmidt\"},\"description\":\"Sitio web de noticias de la provincia de Entre R\u00edos, Argentina. Informaci\u00f3n y entretenimiento. Informe Litoral, nos informamos.\",\"sameAs\":[\"http:\\\/\\\/www.isletasnoticias.com.ar\"],\"url\":\"https:\\\/\\\/informelitoral.com.ar\\\/author\\\/gonzalo\\\/\"}]}<\/script>","yoast_head_json":{"title":"M\u00e1s de 360.000 turistas visitaron Entre R\u00edos durante enero - Informe Litoral","robots":{"index":"index","follow":"follow","max-snippet":"max-snippet:-1","max-image-preview":"max-image-preview:large","max-video-preview":"max-video-preview:-1"},"canonical":"https:\/\/informelitoral.com.ar\/mas-de-360-000-turistas-visitaron-entre-rios-durante-enero\/","og_locale":"es_ES","og_type":"article","og_title":"M\u00e1s de 360.000 turistas visitaron Entre R\u00edos durante enero - Informe Litoral","og_description":"Contin\u00faa posicionada como el tercer distrito que m\u00e1s turistas recibi\u00f3 a nivel nacional, luego de Buenos Aires y C\u00f3rdoba, seg\u00fan datos del Gobierno provincial.","og_url":"https:\/\/informelitoral.com.ar\/mas-de-360-000-turistas-visitaron-entre-rios-durante-enero\/","og_site_name":"Informe Litoral","article_publisher":"https:\/\/www.facebook.com\/informelitoral\/","article_published_time":"2021-02-03T19:53:01+00:00","og_image":[{"width":948,"height":632,"url":"https:\/\/informelitoral.com.ar\/%77%70%2d%63%6f%6e%74%65%6e%74\/uploads\/2021\/02\/b_1610897603.jpg","type":"image\/jpeg"}],"author":"Gonzalo Schmidt","twitter_card":"summary_large_image","twitter_creator":"@InformeLitoral","twitter_site":"@InformeLitoral","twitter_misc":{"Escrito por":"Gonzalo Schmidt","Tiempo de lectura":"4 minutos"},"schema":{"@context":"https:\/\/schema.org","@graph":[{"@type":"Article","@id":"https:\/\/informelitoral.com.ar\/mas-de-360-000-turistas-visitaron-entre-rios-durante-enero\/#article","isPartOf":{"@id":"https:\/\/informelitoral.com.ar\/mas-de-360-000-turistas-visitaron-entre-rios-durante-enero\/"},"author":{"name":"Gonzalo Schmidt","@id":"https:\/\/informelitoral.com.ar\/#\/schema\/person\/b9d00407c836482871ef1d57bf8e3180"},"headline":"M\u00e1s de 360.000 turistas visitaron Entre R\u00edos durante enero","datePublished":"2021-02-03T19:53:01+00:00","mainEntityOfPage":{"@id":"https:\/\/informelitoral.com.ar\/mas-de-360-000-turistas-visitaron-entre-rios-durante-enero\/"},"wordCount":735,"commentCount":0,"publisher":{"@id":"https:\/\/informelitoral.com.ar\/#organization"},"image":{"@id":"https:\/\/informelitoral.com.ar\/mas-de-360-000-turistas-visitaron-entre-rios-durante-enero\/#primaryimage"},"thumbnailUrl":"https:\/\/informelitoral.com.ar\/%77%70%2d%63%6f%6e%74%65%6e%74\/uploads\/2021\/02\/b_1610897603.jpg","keywords":["Entre R\u00edos","Turismo"],"articleSection":["Entre R\u00edos"],"inLanguage":"es","potentialAction":[{"@type":"CommentAction","name":"Comment","target":["https:\/\/informelitoral.com.ar\/mas-de-360-000-turistas-visitaron-entre-rios-durante-enero\/#respond"]}]},{"@type":"WebPage","@id":"https:\/\/informelitoral.com.ar\/mas-de-360-000-turistas-visitaron-entre-rios-durante-enero\/","url":"https:\/\/informelitoral.com.ar\/mas-de-360-000-turistas-visitaron-entre-rios-durante-enero\/","name":"M\u00e1s de 360.000 turistas visitaron Entre R\u00edos durante enero - Informe Litoral","isPartOf":{"@id":"https:\/\/informelitoral.com.ar\/#website"},"primaryImageOfPage":{"@id":"https:\/\/informelitoral.com.ar\/mas-de-360-000-turistas-visitaron-entre-rios-durante-enero\/#primaryimage"},"image":{"@id":"https:\/\/informelitoral.com.ar\/mas-de-360-000-turistas-visitaron-entre-rios-durante-enero\/#primaryimage"},"thumbnailUrl":"https:\/\/informelitoral.com.ar\/%77%70%2d%63%6f%6e%74%65%6e%74\/uploads\/2021\/02\/b_1610897603.jpg","datePublished":"2021-02-03T19:53:01+00:00","breadcrumb":{"@id":"https:\/\/informelitoral.com.ar\/mas-de-360-000-turistas-visitaron-entre-rios-durante-enero\/#breadcrumb"},"inLanguage":"es","potentialAction":[{"@type":"ReadAction","target":["https:\/\/informelitoral.com.ar\/mas-de-360-000-turistas-visitaron-entre-rios-durante-enero\/"]}]},{"@type":"ImageObject","inLanguage":"es","@id":"https:\/\/informelitoral.com.ar\/mas-de-360-000-turistas-visitaron-entre-rios-durante-enero\/#primaryimage","url":"https:\/\/informelitoral.com.ar\/%77%70%2d%63%6f%6e%74%65%6e%74\/uploads\/2021\/02\/b_1610897603.jpg","contentUrl":"https:\/\/informelitoral.com.ar\/%77%70%2d%63%6f%6e%74%65%6e%74\/uploads\/2021\/02\/b_1610897603.jpg","width":948,"height":632},{"@type":"BreadcrumbList","@id":"https:\/\/informelitoral.com.ar\/mas-de-360-000-turistas-visitaron-entre-rios-durante-enero\/#breadcrumb","itemListElement":[{"@type":"ListItem","position":1,"name":"Portada","item":"https:\/\/informelitoral.com.ar\/"},{"@type":"ListItem","position":2,"name":"M\u00e1s de 360.000 turistas visitaron Entre R\u00edos durante enero"}]},{"@type":"WebSite","@id":"https:\/\/informelitoral.com.ar\/#website","url":"https:\/\/informelitoral.com.ar\/","name":"Informe Litoral","description":"&quot;Nos informamos&quot; ","publisher":{"@id":"https:\/\/informelitoral.com.ar\/#organization"},"potentialAction":[{"@type":"SearchAction","target":{"@type":"EntryPoint","urlTemplate":"https:\/\/informelitoral.com.ar\/?s={search_term_string}"},"query-input":{"@type":"PropertyValueSpecification","valueRequired":true,"valueName":"search_term_string"}}],"inLanguage":"es"},{"@type":"Organization","@id":"https:\/\/informelitoral.com.ar\/#organization","name":"Informe Litoral","url":"https:\/\/informelitoral.com.ar\/","logo":{"@type":"ImageObject","inLanguage":"es","@id":"https:\/\/informelitoral.com.ar\/#\/schema\/logo\/image\/","url":"https:\/\/informelitoral.com.ar\/%77%70%2d%63%6f%6e%74%65%6e%74\/uploads\/2021\/01\/circulo.png","contentUrl":"https:\/\/informelitoral.com.ar\/%77%70%2d%63%6f%6e%74%65%6e%74\/uploads\/2021\/01\/circulo.png","width":723,"height":731,"caption":"Informe Litoral"},"image":{"@id":"https:\/\/informelitoral.com.ar\/#\/schema\/logo\/image\/"},"sameAs":["https:\/\/www.facebook.com\/informelitoral\/","https:\/\/x.com\/InformeLitoral","https:\/\/www.instagram.com\/informelitoral\/","https:\/\/www.youtube.com\/channel\/UCua4Qvz8Icb6MYqhoq9xLXw"]},{"@type":"Person","@id":"https:\/\/informelitoral.com.ar\/#\/schema\/person\/b9d00407c836482871ef1d57bf8e3180","name":"Gonzalo Schmidt","image":{"@type":"ImageObject","inLanguage":"es","@id":"https:\/\/secure.gravatar.com\/avatar\/31a1a7b66ff2de83bd0e9fd79d026630d2d99e55e8bfe501287647b4fd9743de?s=96&d=mm&r=g","url":"https:\/\/secure.gravatar.com\/avatar\/31a1a7b66ff2de83bd0e9fd79d026630d2d99e55e8bfe501287647b4fd9743de?s=96&d=mm&r=g","contentUrl":"https:\/\/secure.gravatar.com\/avatar\/31a1a7b66ff2de83bd0e9fd79d026630d2d99e55e8bfe501287647b4fd9743de?s=96&d=mm&r=g","caption":"Gonzalo Schmidt"},"description":"Sitio web de noticias de la provincia de Entre R\u00edos, Argentina. Informaci\u00f3n y entretenimiento. Informe Litoral, nos informamos.","sameAs":["http:\/\/www.isletasnoticias.com.ar"],"url":"https:\/\/informelitoral.com.ar\/author\/gonzalo\/"}]}},"_links":{"self":[{"href":"https:\/\/informelitoral.com.ar\/%77%70%2d%6a%73%6f%6e\/wp\/v2\/posts\/56379","targetHints":{"allow":["GET"]}}],"collection":[{"href":"https:\/\/informelitoral.com.ar\/%77%70%2d%6a%73%6f%6e\/wp\/v2\/posts"}],"about":[{"href":"https:\/\/informelitoral.com.ar\/%77%70%2d%6a%73%6f%6e\/wp\/v2\/types\/post"}],"author":[{"embeddable":true,"href":"https:\/\/informelitoral.com.ar\/%77%70%2d%6a%73%6f%6e\/wp\/v2\/users\/2"}],"replies":[{"embeddable":true,"href":"https:\/\/informelitoral.com.ar\/%77%70%2d%6a%73%6f%6e\/wp\/v2\/comments?post=56379"}],"version-history":[{"count":0,"href":"https:\/\/informelitoral.com.ar\/%77%70%2d%6a%73%6f%6e\/wp\/v2\/posts\/56379\/revisions"}],"wp:featuredmedia":[{"embeddable":true,"href":"https:\/\/informelitoral.com.ar\/%77%70%2d%6a%73%6f%6e\/wp\/v2\/media\/56380"}],"wp:attachment":[{"href":"https:\/\/informelitoral.com.ar\/%77%70%2d%6a%73%6f%6e\/wp\/v2\/media?parent=56379"}],"wp:term":[{"taxonomy":"category","embeddable":true,"href":"https:\/\/informelitoral.com.ar\/%77%70%2d%6a%73%6f%6e\/wp\/v2\/categories?post=56379"},{"taxonomy":"post_tag","embeddable":true,"href":"https:\/\/informelitoral.com.ar\/%77%70%2d%6a%73%6f%6e\/wp\/v2\/tags?post=56379"}],"curies":[{"name":"wp","href":"https:\/\/api.w.org\/{rel}","templated":true}]}}