{"id":56372,"date":"2021-02-03T10:02:45","date_gmt":"2021-02-03T13:02:45","guid":{"rendered":"https:\/\/www.isletasnoticias.com.ar\/?p=56372"},"modified":"2021-02-03T10:08:12","modified_gmt":"2021-02-03T13:08:12","slug":"los-supermercados-comienzan-a-vender-los-cortes-de-carne-a-precios-populares","status":"publish","type":"post","link":"https:\/\/informelitoral.com.ar\/los-supermercados-comienzan-a-vender-los-cortes-de-carne-a-precios-populares\/","title":{"rendered":"Los supermercados comienzan a vender los cortes de carne a \u00abprecios populares\u00bb"},"content":{"rendered":"<p>Desde este mi\u00e9rcoles los consumidores podr\u00e1n conseguir los diez cortes de\u00a0carne\u00a0anunciados a precios m\u00e1s econ\u00f3micos en\u00a0<strong>unos 1.600 puntos de venta<\/strong>, ya que comenz\u00f3 a regir\u00a0el acuerdo que alcanz\u00f3 el gobierno con las empresas del sector\u00a0para ofrecer estos productos con descuento en d\u00edas espec\u00edficos.<\/p>\n<p>La oferta regir\u00e1 durante los primeros tres mi\u00e9rcoles de cada mes y fines de semana e inicialmente ser\u00e1n comercializados en supermercados como Coto, Jumbo, Plaza Vea, Disco, Carrefour, Walmart, La An\u00f3nima, D\u00eda %, Libertad y Carnicer\u00edas Friar. Mientras tanto, el viernes empezar\u00e1n a ser comercializados en el Mercado Central, lugar en el que los consumidores los encontrar\u00e1n todos los d\u00edas.<\/p>\n<p>La medida hab\u00eda sido anunciada la semana pasada durante una conferencia de prensa en la Casa Rosada encabezada por el ministro de Desarrollo Productivo, Mat\u00edas Kulfas, junto a su par de Agricultura, Luis Basterra, luego de que el presidente\u00a0Alberto Fern\u00e1ndez\u00a0recibiera al sector empresarial, con el que lleg\u00f3 a este arreglo.<\/p>\n<p>El acuerdo se cerr\u00f3 con los exportadores de ABC (principal proveedor del canal supermercados), las c\u00e1maras CADIF, FIFRA, UNICA, y los supermercados agrupados en ASU (Asociaci\u00f3n Argentina de Supermercados)\u00bb.<\/p>\n<p><strong>Los cortes de carne que se vender\u00e1n con descuento<\/strong><\/p>\n<p>-Tira de asado: $399 (-29%).<\/p>\n<p>-Vac\u00edo: $499 (-20%).<\/p>\n<p>-Matambre: $549 (-13%).<\/p>\n<p>-Tapa de asado: $429 (-15%).<\/p>\n<p>-Cuadrada\/bola de lomo: $489 (-13%).<\/p>\n<p>-Carnaza: $359 (-13%).<\/p>\n<p>-Falda: $229 (-30%).<\/p>\n<p>-Roastbeef: $399 (-12%).<\/p>\n<p>-A este acuerdo se le agregan carne picada ($265) y espinazo ($110), vigentes en Precios Cuidados, totalizando 10 cortes.<\/p>\n<p><strong>Los descuentos podr\u00edan extenderse a frutas y verduras<\/strong><\/p>\n<p>El ministro de Desarrollo Productivo, Mat\u00edas KulfasKulfas adelant\u00f3 que\u00a0<strong>se trabaja en lograr un acuerdo similar pero con productores de frutas y verduras<\/strong>, aunque aclar\u00f3 que en este caso hay una atomizaci\u00f3n que dificulta la situaci\u00f3n. Es que existen \u00abmuchos peque\u00f1os productores que son los que abastecen buena parte de las frutas y verduras que llegan a las verduler\u00edas\u00bb, y agreg\u00f3 que \u00abluego est\u00e1n las verduler\u00edas de barrio que son peque\u00f1os comercios y en el medio, mercados concentradores\u00bb.<\/p>\n","protected":false},"excerpt":{"rendered":"<p>Los precios rebajados podr\u00e1n encontrarse en las sucursales de todo el pa\u00eds de diferentes cadenas. Los descuentos podr\u00edan extenderse a frutas y verduras.<\/p>\n","protected":false},"author":2,"featured_media":48790,"comment_status":"open","ping_status":"open","sticky":false,"template":"","format":"standard","meta":{"fifu_image_url":"","fifu_image_alt":"","footnotes":""},"categories":[1594,7],"tags":[],"class_list":{"0":"post-56372","1":"post","2":"type-post","3":"status-publish","4":"format-standard","5":"has-post-thumbnail","7":"category-economia","8":"category-nacionales"},"yoast_head":"<title>Los supermercados comienzan a vender los cortes de carne a \u00abprecios populares\u00bb - Informe Litoral<\/title>\n<meta name=\"robots\" content=\"index, follow, max-snippet:-1, max-image-preview:large, max-video-preview:-1\" \/>\n<link rel=\"canonical\" href=\"https:\/\/informelitoral.com.ar\/los-supermercados-comienzan-a-vender-los-cortes-de-carne-a-precios-populares\/\" \/>\n<meta property=\"og:locale\" content=\"es_ES\" \/>\n<meta property=\"og:type\" content=\"article\" \/>\n<meta property=\"og:title\" content=\"Los supermercados comienzan a vender los cortes de carne a \u00abprecios populares\u00bb - Informe Litoral\" \/>\n<meta property=\"og:description\" content=\"Los precios rebajados podr\u00e1n encontrarse en las sucursales de todo el pa\u00eds de diferentes cadenas. Los descuentos podr\u00edan extenderse a frutas y verduras.\" \/>\n<meta property=\"og:url\" content=\"https:\/\/informelitoral.com.ar\/los-supermercados-comienzan-a-vender-los-cortes-de-carne-a-precios-populares\/\" \/>\n<meta property=\"og:site_name\" content=\"Informe Litoral\" \/>\n<meta property=\"article:publisher\" content=\"https:\/\/www.facebook.com\/informelitoral\/\" \/>\n<meta property=\"article:published_time\" content=\"2021-02-03T13:02:45+00:00\" \/>\n<meta property=\"article:modified_time\" content=\"2021-02-03T13:08:12+00:00\" \/>\n<meta property=\"og:image\" content=\"https:\/\/informelitoral.com.ar\/%77%70%2d%63%6f%6e%74%65%6e%74\/uploads\/2020\/09\/carne-frigorifico.jpg\" \/>\n\t<meta property=\"og:image:width\" content=\"1000\" \/>\n\t<meta property=\"og:image:height\" content=\"570\" \/>\n\t<meta property=\"og:image:type\" content=\"image\/jpeg\" \/>\n<meta name=\"author\" content=\"Gonzalo Schmidt\" \/>\n<meta name=\"twitter:card\" content=\"summary_large_image\" \/>\n<meta name=\"twitter:creator\" content=\"@InformeLitoral\" \/>\n<meta name=\"twitter:site\" content=\"@InformeLitoral\" \/>\n<meta name=\"twitter:label1\" content=\"Escrito por\" \/>\n\t<meta name=\"twitter:data1\" content=\"Gonzalo Schmidt\" \/>\n\t<meta name=\"twitter:label2\" content=\"Tiempo de lectura\" \/>\n\t<meta name=\"twitter:data2\" content=\"2 minutos\" \/>\n<script type=\"application\/ld+json\" class=\"yoast-schema-graph\">{\"@context\":\"https:\\\/\\\/schema.org\",\"@graph\":[{\"@type\":\"Article\",\"@id\":\"https:\\\/\\\/informelitoral.com.ar\\\/los-supermercados-comienzan-a-vender-los-cortes-de-carne-a-precios-populares\\\/#article\",\"isPartOf\":{\"@id\":\"https:\\\/\\\/informelitoral.com.ar\\\/los-supermercados-comienzan-a-vender-los-cortes-de-carne-a-precios-populares\\\/\"},\"author\":{\"name\":\"Gonzalo Schmidt\",\"@id\":\"https:\\\/\\\/informelitoral.com.ar\\\/#\\\/schema\\\/person\\\/b9d00407c836482871ef1d57bf8e3180\"},\"headline\":\"Los supermercados comienzan a vender los cortes de carne a \u00abprecios populares\u00bb\",\"datePublished\":\"2021-02-03T13:02:45+00:00\",\"dateModified\":\"2021-02-03T13:08:12+00:00\",\"mainEntityOfPage\":{\"@id\":\"https:\\\/\\\/informelitoral.com.ar\\\/los-supermercados-comienzan-a-vender-los-cortes-de-carne-a-precios-populares\\\/\"},\"wordCount\":363,\"commentCount\":0,\"publisher\":{\"@id\":\"https:\\\/\\\/informelitoral.com.ar\\\/#organization\"},\"image\":{\"@id\":\"https:\\\/\\\/informelitoral.com.ar\\\/los-supermercados-comienzan-a-vender-los-cortes-de-carne-a-precios-populares\\\/#primaryimage\"},\"thumbnailUrl\":\"https:\\\/\\\/informelitoral.com.ar\\\/%77%70%2d%63%6f%6e%74%65%6e%74\\\/uploads\\\/2020\\\/09\\\/carne-frigorifico.jpg\",\"articleSection\":[\"Econom\u00eda\",\"Nacionales\"],\"inLanguage\":\"es\",\"potentialAction\":[{\"@type\":\"CommentAction\",\"name\":\"Comment\",\"target\":[\"https:\\\/\\\/informelitoral.com.ar\\\/los-supermercados-comienzan-a-vender-los-cortes-de-carne-a-precios-populares\\\/#respond\"]}]},{\"@type\":\"WebPage\",\"@id\":\"https:\\\/\\\/informelitoral.com.ar\\\/los-supermercados-comienzan-a-vender-los-cortes-de-carne-a-precios-populares\\\/\",\"url\":\"https:\\\/\\\/informelitoral.com.ar\\\/los-supermercados-comienzan-a-vender-los-cortes-de-carne-a-precios-populares\\\/\",\"name\":\"Los supermercados comienzan a vender los cortes de carne a \u00abprecios populares\u00bb - Informe Litoral\",\"isPartOf\":{\"@id\":\"https:\\\/\\\/informelitoral.com.ar\\\/#website\"},\"primaryImageOfPage\":{\"@id\":\"https:\\\/\\\/informelitoral.com.ar\\\/los-supermercados-comienzan-a-vender-los-cortes-de-carne-a-precios-populares\\\/#primaryimage\"},\"image\":{\"@id\":\"https:\\\/\\\/informelitoral.com.ar\\\/los-supermercados-comienzan-a-vender-los-cortes-de-carne-a-precios-populares\\\/#primaryimage\"},\"thumbnailUrl\":\"https:\\\/\\\/informelitoral.com.ar\\\/%77%70%2d%63%6f%6e%74%65%6e%74\\\/uploads\\\/2020\\\/09\\\/carne-frigorifico.jpg\",\"datePublished\":\"2021-02-03T13:02:45+00:00\",\"dateModified\":\"2021-02-03T13:08:12+00:00\",\"breadcrumb\":{\"@id\":\"https:\\\/\\\/informelitoral.com.ar\\\/los-supermercados-comienzan-a-vender-los-cortes-de-carne-a-precios-populares\\\/#breadcrumb\"},\"inLanguage\":\"es\",\"potentialAction\":[{\"@type\":\"ReadAction\",\"target\":[\"https:\\\/\\\/informelitoral.com.ar\\\/los-supermercados-comienzan-a-vender-los-cortes-de-carne-a-precios-populares\\\/\"]}]},{\"@type\":\"ImageObject\",\"inLanguage\":\"es\",\"@id\":\"https:\\\/\\\/informelitoral.com.ar\\\/los-supermercados-comienzan-a-vender-los-cortes-de-carne-a-precios-populares\\\/#primaryimage\",\"url\":\"https:\\\/\\\/informelitoral.com.ar\\\/%77%70%2d%63%6f%6e%74%65%6e%74\\\/uploads\\\/2020\\\/09\\\/carne-frigorifico.jpg\",\"contentUrl\":\"https:\\\/\\\/informelitoral.com.ar\\\/%77%70%2d%63%6f%6e%74%65%6e%74\\\/uploads\\\/2020\\\/09\\\/carne-frigorifico.jpg\",\"width\":1000,\"height\":570},{\"@type\":\"BreadcrumbList\",\"@id\":\"https:\\\/\\\/informelitoral.com.ar\\\/los-supermercados-comienzan-a-vender-los-cortes-de-carne-a-precios-populares\\\/#breadcrumb\",\"itemListElement\":[{\"@type\":\"ListItem\",\"position\":1,\"name\":\"Portada\",\"item\":\"https:\\\/\\\/informelitoral.com.ar\\\/\"},{\"@type\":\"ListItem\",\"position\":2,\"name\":\"Los supermercados comienzan a vender los cortes de carne a \u00abprecios populares\u00bb\"}]},{\"@type\":\"WebSite\",\"@id\":\"https:\\\/\\\/informelitoral.com.ar\\\/#website\",\"url\":\"https:\\\/\\\/informelitoral.com.ar\\\/\",\"name\":\"Informe Litoral\",\"description\":\"&quot;Nos informamos&quot; \",\"publisher\":{\"@id\":\"https:\\\/\\\/informelitoral.com.ar\\\/#organization\"},\"potentialAction\":[{\"@type\":\"SearchAction\",\"target\":{\"@type\":\"EntryPoint\",\"urlTemplate\":\"https:\\\/\\\/informelitoral.com.ar\\\/?s={search_term_string}\"},\"query-input\":{\"@type\":\"PropertyValueSpecification\",\"valueRequired\":true,\"valueName\":\"search_term_string\"}}],\"inLanguage\":\"es\"},{\"@type\":\"Organization\",\"@id\":\"https:\\\/\\\/informelitoral.com.ar\\\/#organization\",\"name\":\"Informe Litoral\",\"url\":\"https:\\\/\\\/informelitoral.com.ar\\\/\",\"logo\":{\"@type\":\"ImageObject\",\"inLanguage\":\"es\",\"@id\":\"https:\\\/\\\/informelitoral.com.ar\\\/#\\\/schema\\\/logo\\\/image\\\/\",\"url\":\"https:\\\/\\\/informelitoral.com.ar\\\/%77%70%2d%63%6f%6e%74%65%6e%74\\\/uploads\\\/2021\\\/01\\\/circulo.png\",\"contentUrl\":\"https:\\\/\\\/informelitoral.com.ar\\\/%77%70%2d%63%6f%6e%74%65%6e%74\\\/uploads\\\/2021\\\/01\\\/circulo.png\",\"width\":723,\"height\":731,\"caption\":\"Informe Litoral\"},\"image\":{\"@id\":\"https:\\\/\\\/informelitoral.com.ar\\\/#\\\/schema\\\/logo\\\/image\\\/\"},\"sameAs\":[\"https:\\\/\\\/www.facebook.com\\\/informelitoral\\\/\",\"https:\\\/\\\/x.com\\\/InformeLitoral\",\"https:\\\/\\\/www.instagram.com\\\/informelitoral\\\/\",\"https:\\\/\\\/www.youtube.com\\\/channel\\\/UCua4Qvz8Icb6MYqhoq9xLXw\"]},{\"@type\":\"Person\",\"@id\":\"https:\\\/\\\/informelitoral.com.ar\\\/#\\\/schema\\\/person\\\/b9d00407c836482871ef1d57bf8e3180\",\"name\":\"Gonzalo Schmidt\",\"image\":{\"@type\":\"ImageObject\",\"inLanguage\":\"es\",\"@id\":\"https:\\\/\\\/secure.gravatar.com\\\/avatar\\\/31a1a7b66ff2de83bd0e9fd79d026630d2d99e55e8bfe501287647b4fd9743de?s=96&d=mm&r=g\",\"url\":\"https:\\\/\\\/secure.gravatar.com\\\/avatar\\\/31a1a7b66ff2de83bd0e9fd79d026630d2d99e55e8bfe501287647b4fd9743de?s=96&d=mm&r=g\",\"contentUrl\":\"https:\\\/\\\/secure.gravatar.com\\\/avatar\\\/31a1a7b66ff2de83bd0e9fd79d026630d2d99e55e8bfe501287647b4fd9743de?s=96&d=mm&r=g\",\"caption\":\"Gonzalo Schmidt\"},\"description\":\"Sitio web de noticias de la provincia de Entre R\u00edos, Argentina. Informaci\u00f3n y entretenimiento. Informe Litoral, nos informamos.\",\"sameAs\":[\"http:\\\/\\\/www.isletasnoticias.com.ar\"],\"url\":\"https:\\\/\\\/informelitoral.com.ar\\\/author\\\/gonzalo\\\/\"}]}<\/script>","yoast_head_json":{"title":"Los supermercados comienzan a vender los cortes de carne a \u00abprecios populares\u00bb - Informe Litoral","robots":{"index":"index","follow":"follow","max-snippet":"max-snippet:-1","max-image-preview":"max-image-preview:large","max-video-preview":"max-video-preview:-1"},"canonical":"https:\/\/informelitoral.com.ar\/los-supermercados-comienzan-a-vender-los-cortes-de-carne-a-precios-populares\/","og_locale":"es_ES","og_type":"article","og_title":"Los supermercados comienzan a vender los cortes de carne a \u00abprecios populares\u00bb - Informe Litoral","og_description":"Los precios rebajados podr\u00e1n encontrarse en las sucursales de todo el pa\u00eds de diferentes cadenas. Los descuentos podr\u00edan extenderse a frutas y verduras.","og_url":"https:\/\/informelitoral.com.ar\/los-supermercados-comienzan-a-vender-los-cortes-de-carne-a-precios-populares\/","og_site_name":"Informe Litoral","article_publisher":"https:\/\/www.facebook.com\/informelitoral\/","article_published_time":"2021-02-03T13:02:45+00:00","article_modified_time":"2021-02-03T13:08:12+00:00","og_image":[{"width":1000,"height":570,"url":"https:\/\/informelitoral.com.ar\/%77%70%2d%63%6f%6e%74%65%6e%74\/uploads\/2020\/09\/carne-frigorifico.jpg","type":"image\/jpeg"}],"author":"Gonzalo Schmidt","twitter_card":"summary_large_image","twitter_creator":"@InformeLitoral","twitter_site":"@InformeLitoral","twitter_misc":{"Escrito por":"Gonzalo Schmidt","Tiempo de lectura":"2 minutos"},"schema":{"@context":"https:\/\/schema.org","@graph":[{"@type":"Article","@id":"https:\/\/informelitoral.com.ar\/los-supermercados-comienzan-a-vender-los-cortes-de-carne-a-precios-populares\/#article","isPartOf":{"@id":"https:\/\/informelitoral.com.ar\/los-supermercados-comienzan-a-vender-los-cortes-de-carne-a-precios-populares\/"},"author":{"name":"Gonzalo Schmidt","@id":"https:\/\/informelitoral.com.ar\/#\/schema\/person\/b9d00407c836482871ef1d57bf8e3180"},"headline":"Los supermercados comienzan a vender los cortes de carne a \u00abprecios populares\u00bb","datePublished":"2021-02-03T13:02:45+00:00","dateModified":"2021-02-03T13:08:12+00:00","mainEntityOfPage":{"@id":"https:\/\/informelitoral.com.ar\/los-supermercados-comienzan-a-vender-los-cortes-de-carne-a-precios-populares\/"},"wordCount":363,"commentCount":0,"publisher":{"@id":"https:\/\/informelitoral.com.ar\/#organization"},"image":{"@id":"https:\/\/informelitoral.com.ar\/los-supermercados-comienzan-a-vender-los-cortes-de-carne-a-precios-populares\/#primaryimage"},"thumbnailUrl":"https:\/\/informelitoral.com.ar\/%77%70%2d%63%6f%6e%74%65%6e%74\/uploads\/2020\/09\/carne-frigorifico.jpg","articleSection":["Econom\u00eda","Nacionales"],"inLanguage":"es","potentialAction":[{"@type":"CommentAction","name":"Comment","target":["https:\/\/informelitoral.com.ar\/los-supermercados-comienzan-a-vender-los-cortes-de-carne-a-precios-populares\/#respond"]}]},{"@type":"WebPage","@id":"https:\/\/informelitoral.com.ar\/los-supermercados-comienzan-a-vender-los-cortes-de-carne-a-precios-populares\/","url":"https:\/\/informelitoral.com.ar\/los-supermercados-comienzan-a-vender-los-cortes-de-carne-a-precios-populares\/","name":"Los supermercados comienzan a vender los cortes de carne a \u00abprecios populares\u00bb - Informe Litoral","isPartOf":{"@id":"https:\/\/informelitoral.com.ar\/#website"},"primaryImageOfPage":{"@id":"https:\/\/informelitoral.com.ar\/los-supermercados-comienzan-a-vender-los-cortes-de-carne-a-precios-populares\/#primaryimage"},"image":{"@id":"https:\/\/informelitoral.com.ar\/los-supermercados-comienzan-a-vender-los-cortes-de-carne-a-precios-populares\/#primaryimage"},"thumbnailUrl":"https:\/\/informelitoral.com.ar\/%77%70%2d%63%6f%6e%74%65%6e%74\/uploads\/2020\/09\/carne-frigorifico.jpg","datePublished":"2021-02-03T13:02:45+00:00","dateModified":"2021-02-03T13:08:12+00:00","breadcrumb":{"@id":"https:\/\/informelitoral.com.ar\/los-supermercados-comienzan-a-vender-los-cortes-de-carne-a-precios-populares\/#breadcrumb"},"inLanguage":"es","potentialAction":[{"@type":"ReadAction","target":["https:\/\/informelitoral.com.ar\/los-supermercados-comienzan-a-vender-los-cortes-de-carne-a-precios-populares\/"]}]},{"@type":"ImageObject","inLanguage":"es","@id":"https:\/\/informelitoral.com.ar\/los-supermercados-comienzan-a-vender-los-cortes-de-carne-a-precios-populares\/#primaryimage","url":"https:\/\/informelitoral.com.ar\/%77%70%2d%63%6f%6e%74%65%6e%74\/uploads\/2020\/09\/carne-frigorifico.jpg","contentUrl":"https:\/\/informelitoral.com.ar\/%77%70%2d%63%6f%6e%74%65%6e%74\/uploads\/2020\/09\/carne-frigorifico.jpg","width":1000,"height":570},{"@type":"BreadcrumbList","@id":"https:\/\/informelitoral.com.ar\/los-supermercados-comienzan-a-vender-los-cortes-de-carne-a-precios-populares\/#breadcrumb","itemListElement":[{"@type":"ListItem","position":1,"name":"Portada","item":"https:\/\/informelitoral.com.ar\/"},{"@type":"ListItem","position":2,"name":"Los supermercados comienzan a vender los cortes de carne a \u00abprecios populares\u00bb"}]},{"@type":"WebSite","@id":"https:\/\/informelitoral.com.ar\/#website","url":"https:\/\/informelitoral.com.ar\/","name":"Informe Litoral","description":"&quot;Nos informamos&quot; ","publisher":{"@id":"https:\/\/informelitoral.com.ar\/#organization"},"potentialAction":[{"@type":"SearchAction","target":{"@type":"EntryPoint","urlTemplate":"https:\/\/informelitoral.com.ar\/?s={search_term_string}"},"query-input":{"@type":"PropertyValueSpecification","valueRequired":true,"valueName":"search_term_string"}}],"inLanguage":"es"},{"@type":"Organization","@id":"https:\/\/informelitoral.com.ar\/#organization","name":"Informe Litoral","url":"https:\/\/informelitoral.com.ar\/","logo":{"@type":"ImageObject","inLanguage":"es","@id":"https:\/\/informelitoral.com.ar\/#\/schema\/logo\/image\/","url":"https:\/\/informelitoral.com.ar\/%77%70%2d%63%6f%6e%74%65%6e%74\/uploads\/2021\/01\/circulo.png","contentUrl":"https:\/\/informelitoral.com.ar\/%77%70%2d%63%6f%6e%74%65%6e%74\/uploads\/2021\/01\/circulo.png","width":723,"height":731,"caption":"Informe Litoral"},"image":{"@id":"https:\/\/informelitoral.com.ar\/#\/schema\/logo\/image\/"},"sameAs":["https:\/\/www.facebook.com\/informelitoral\/","https:\/\/x.com\/InformeLitoral","https:\/\/www.instagram.com\/informelitoral\/","https:\/\/www.youtube.com\/channel\/UCua4Qvz8Icb6MYqhoq9xLXw"]},{"@type":"Person","@id":"https:\/\/informelitoral.com.ar\/#\/schema\/person\/b9d00407c836482871ef1d57bf8e3180","name":"Gonzalo Schmidt","image":{"@type":"ImageObject","inLanguage":"es","@id":"https:\/\/secure.gravatar.com\/avatar\/31a1a7b66ff2de83bd0e9fd79d026630d2d99e55e8bfe501287647b4fd9743de?s=96&d=mm&r=g","url":"https:\/\/secure.gravatar.com\/avatar\/31a1a7b66ff2de83bd0e9fd79d026630d2d99e55e8bfe501287647b4fd9743de?s=96&d=mm&r=g","contentUrl":"https:\/\/secure.gravatar.com\/avatar\/31a1a7b66ff2de83bd0e9fd79d026630d2d99e55e8bfe501287647b4fd9743de?s=96&d=mm&r=g","caption":"Gonzalo Schmidt"},"description":"Sitio web de noticias de la provincia de Entre R\u00edos, Argentina. Informaci\u00f3n y entretenimiento. Informe Litoral, nos informamos.","sameAs":["http:\/\/www.isletasnoticias.com.ar"],"url":"https:\/\/informelitoral.com.ar\/author\/gonzalo\/"}]}},"_links":{"self":[{"href":"https:\/\/informelitoral.com.ar\/%77%70%2d%6a%73%6f%6e\/wp\/v2\/posts\/56372","targetHints":{"allow":["GET"]}}],"collection":[{"href":"https:\/\/informelitoral.com.ar\/%77%70%2d%6a%73%6f%6e\/wp\/v2\/posts"}],"about":[{"href":"https:\/\/informelitoral.com.ar\/%77%70%2d%6a%73%6f%6e\/wp\/v2\/types\/post"}],"author":[{"embeddable":true,"href":"https:\/\/informelitoral.com.ar\/%77%70%2d%6a%73%6f%6e\/wp\/v2\/users\/2"}],"replies":[{"embeddable":true,"href":"https:\/\/informelitoral.com.ar\/%77%70%2d%6a%73%6f%6e\/wp\/v2\/comments?post=56372"}],"version-history":[{"count":0,"href":"https:\/\/informelitoral.com.ar\/%77%70%2d%6a%73%6f%6e\/wp\/v2\/posts\/56372\/revisions"}],"wp:featuredmedia":[{"embeddable":true,"href":"https:\/\/informelitoral.com.ar\/%77%70%2d%6a%73%6f%6e\/wp\/v2\/media\/48790"}],"wp:attachment":[{"href":"https:\/\/informelitoral.com.ar\/%77%70%2d%6a%73%6f%6e\/wp\/v2\/media?parent=56372"}],"wp:term":[{"taxonomy":"category","embeddable":true,"href":"https:\/\/informelitoral.com.ar\/%77%70%2d%6a%73%6f%6e\/wp\/v2\/categories?post=56372"},{"taxonomy":"post_tag","embeddable":true,"href":"https:\/\/informelitoral.com.ar\/%77%70%2d%6a%73%6f%6e\/wp\/v2\/tags?post=56372"}],"curies":[{"name":"wp","href":"https:\/\/api.w.org\/{rel}","templated":true}]}}