{"id":56364,"date":"2021-02-02T19:33:47","date_gmt":"2021-02-02T22:33:47","guid":{"rendered":"https:\/\/www.isletasnoticias.com.ar\/?p=56364"},"modified":"2021-02-02T19:36:45","modified_gmt":"2021-02-02T22:36:45","slug":"el-22-de-febrero-comenzara-la-inscripcion-para-las-becas-secundarias-del-becario","status":"publish","type":"post","link":"https:\/\/informelitoral.com.ar\/el-22-de-febrero-comenzara-la-inscripcion-para-las-becas-secundarias-del-becario\/","title":{"rendered":"El 22 de febrero comenzar\u00e1 la inscripci\u00f3n para las becas secundarias del Becario"},"content":{"rendered":"<div id=\"main\" class=\"column\">\n<div id=\"main-squeeze\">\n<div id=\"content\" role=\"main\">\n<div id=\"content-content\">\n<div class=\"post-interior\">\n<div class=\"cont-nota\">\n<article class=\"cont-cuerpo confoto\">\n<section>El Instituto Becario habilitar\u00e1 la inscripci\u00f3n para las becas secundarias en todos sus programas. La misma se lleva a cabo \u00fanica y exclusivamente en forma virtual en <a href=\"https:\/\/www.institutobecario.gov.ar\/\">www.institutobecario.gov.ar<\/a>. All\u00ed los estudiantes que deban hacer la renovaci\u00f3n de su beneficio tienen que ingresar con su usuario y contrase\u00f1a, que crearon para inscribirse el a\u00f1o pasado, y completar\u00e1n los campos que se les solicite. En tanto, para las becas nuevas el solicitante crear\u00e1 un usuario con contrase\u00f1a siguiendo los pasos con los que cuenta el sistema de tr\u00e1mite online.<\/p>\n<p>El director del Becario, <strong>Sebasti\u00e1n B\u00e9rtoli,<\/strong> se refiri\u00f3 al comienzo de la inscripci\u00f3n y detall\u00f3: \u201cTenemos a disposici\u00f3n en la web del Instituto el chat online que funciona de lunes a viernes de 9 a 13 para que los estudiantes o sus familias puedan realizar sus consultas y as\u00ed despejar dudas\u201d.<\/p>\n<p>Inform\u00f3 que la modalidad para efectuar el tr\u00e1mite es sencilla. En cuanto a la documentaci\u00f3n requerida, se deber\u00e1 escanear o sacar fotograf\u00edas con una tablet o tel\u00e9fono del documento de identidad y constancia de CUIL del estudiante y los tres \u00faltimos comprobantes de ingresos de su grupo familiar.<\/p>\n<p>Respecto a la documentaci\u00f3n para el eventual cobro de la beca, cada estudiante menor de 18 a\u00f1os debe adjuntar la fotograf\u00eda del documento de identidad del titular del cobro y la constancia de CUIL.<\/p>\n<p>La situaci\u00f3n acad\u00e9mica es requisito para los estudiantes secundarios, y deber\u00e1n tener aprobadas la totalidad de las materias. Adem\u00e1s deber\u00e1n presentar su constancia de alumno regular o la inscripci\u00f3n al ciclo lectivo 2021.<\/p>\n<p>Por \u00faltimo, los aspirantes deber\u00e1n tener tres a\u00f1os de residencia en la provincia, como m\u00ednimo. En el caso de que esta situaci\u00f3n no figure en el documento de identidad, deber\u00e1 presentar los tres \u00faltimos boletines de calificaciones. Todos estos documentos deber\u00e1n fotografiarse y enviarse como archivo adjunto del tr\u00e1mite online dentro del mismo sistema.<\/p>\n<p>El per\u00edodo de pago para el nivel secundario comprende nueve meses en los que se abona la beca. Es decir que comienza a pagarse en mayo hasta noviembre, de 2021 en este caso, luego se contin\u00faa en febrero y marzo del a\u00f1o siguiente completando as\u00ed el beneficio.<\/p>\n<p><b>Los requisitos b\u00e1sicos a digitalizar:<\/b><br \/>\nDNI tarjeta ambos lados (solicitante)<br \/>\nConstancia de CUIL (solicitante)<br \/>\nConstancia de alumno\/a regular o inscripci\u00f3n al ciclo lectivo a\u00f1o 2021<br \/>\nBolet\u00edn de calificaciones a\u00f1o 2020 firmado por la autoridad del establecimiento (ambos lados)<\/p>\n<\/section>\n<section class=\"texto\"><b>Comprobantes de ingresos, seg\u00fan corresponda:<\/b><br \/>\nTrabajadores formalizados: 2 (dos) \u00faltimos recibos de sueldo<br \/>\nJubilados: \u00faltimo recibo de jubilaci\u00f3n<br \/>\nAsignaci\u00f3n Universal por Hijo u otros planes sociales: ticket del \u00faltimo movimiento bancario con fecha 2021 o copia de la tarjeta (no ser\u00e1 considerado v\u00e1lido el ticket de extracci\u00f3n)<br \/>\nTrabajadores informales o changarines: declaraci\u00f3n jurada realizada en la comisar\u00eda m\u00e1s cercana. La misma debe informar qu\u00e9 actividad efect\u00faa y qu\u00e9 ingreso aproximado mensual posee<br \/>\nDesocupados: copia de Certificaci\u00f3n Negativa de Anses actualizada<br \/>\nMonotributistas: constancia de opci\u00f3n a AFIP, donde figura la categor\u00eda.<\/p>\n<\/section>\n<\/article>\n<\/div>\n<\/div>\n<\/div>\n<\/div>\n<\/div>\n<\/div>\n<aside id=\"sidebar-right\" class=\"sidebar colum\">\n<div class=\"contenedor-galeria\"><\/div>\n<\/aside>\n","protected":false},"excerpt":{"rendered":"<p>El tr\u00e1mite se realiza de manera online en la web del organismo provincial, tanto de renovaciones como solicitudes nuevas del nivel secundario. <\/p>\n","protected":false},"author":2,"featured_media":56365,"comment_status":"open","ping_status":"open","sticky":false,"template":"","format":"standard","meta":{"fifu_image_url":"","fifu_image_alt":"","footnotes":""},"categories":[6],"tags":[381,382,418],"class_list":{"0":"post-56364","1":"post","2":"type-post","3":"status-publish","4":"format-standard","5":"has-post-thumbnail","7":"category-entre-rios","8":"tag-becas","9":"tag-inaubepro","10":"tag-instituto-becario"},"yoast_head":"<title>El 22 de febrero comenzar\u00e1 la inscripci\u00f3n para las becas secundarias del Becario - Informe Litoral<\/title>\n<meta name=\"robots\" content=\"index, follow, max-snippet:-1, max-image-preview:large, max-video-preview:-1\" \/>\n<link rel=\"canonical\" href=\"https:\/\/informelitoral.com.ar\/el-22-de-febrero-comenzara-la-inscripcion-para-las-becas-secundarias-del-becario\/\" \/>\n<meta property=\"og:locale\" content=\"es_ES\" \/>\n<meta property=\"og:type\" content=\"article\" \/>\n<meta property=\"og:title\" content=\"El 22 de febrero comenzar\u00e1 la inscripci\u00f3n para las becas secundarias del Becario - Informe Litoral\" \/>\n<meta property=\"og:description\" content=\"El tr\u00e1mite se realiza de manera online en la web del organismo provincial, tanto de renovaciones como solicitudes nuevas del nivel secundario.\" \/>\n<meta property=\"og:url\" content=\"https:\/\/informelitoral.com.ar\/el-22-de-febrero-comenzara-la-inscripcion-para-las-becas-secundarias-del-becario\/\" \/>\n<meta property=\"og:site_name\" content=\"Informe Litoral\" \/>\n<meta property=\"article:publisher\" content=\"https:\/\/www.facebook.com\/informelitoral\/\" \/>\n<meta property=\"article:published_time\" content=\"2021-02-02T22:33:47+00:00\" \/>\n<meta property=\"article:modified_time\" content=\"2021-02-02T22:36:45+00:00\" \/>\n<meta property=\"og:image\" content=\"https:\/\/informelitoral.com.ar\/%77%70%2d%63%6f%6e%74%65%6e%74\/uploads\/2021\/02\/1612288782jpg.jpg\" \/>\n\t<meta property=\"og:image:width\" content=\"1920\" \/>\n\t<meta property=\"og:image:height\" content=\"1280\" \/>\n\t<meta property=\"og:image:type\" content=\"image\/jpeg\" \/>\n<meta name=\"author\" content=\"Gonzalo Schmidt\" \/>\n<meta name=\"twitter:card\" content=\"summary_large_image\" \/>\n<meta name=\"twitter:creator\" content=\"@InformeLitoral\" \/>\n<meta name=\"twitter:site\" content=\"@InformeLitoral\" \/>\n<meta name=\"twitter:label1\" content=\"Escrito por\" \/>\n\t<meta name=\"twitter:data1\" content=\"Gonzalo Schmidt\" \/>\n\t<meta name=\"twitter:label2\" content=\"Tiempo de lectura\" \/>\n\t<meta name=\"twitter:data2\" content=\"3 minutos\" \/>\n<script type=\"application\/ld+json\" class=\"yoast-schema-graph\">{\"@context\":\"https:\\\/\\\/schema.org\",\"@graph\":[{\"@type\":\"Article\",\"@id\":\"https:\\\/\\\/informelitoral.com.ar\\\/el-22-de-febrero-comenzara-la-inscripcion-para-las-becas-secundarias-del-becario\\\/#article\",\"isPartOf\":{\"@id\":\"https:\\\/\\\/informelitoral.com.ar\\\/el-22-de-febrero-comenzara-la-inscripcion-para-las-becas-secundarias-del-becario\\\/\"},\"author\":{\"name\":\"Gonzalo Schmidt\",\"@id\":\"https:\\\/\\\/informelitoral.com.ar\\\/#\\\/schema\\\/person\\\/b9d00407c836482871ef1d57bf8e3180\"},\"headline\":\"El 22 de febrero comenzar\u00e1 la inscripci\u00f3n para las becas secundarias del Becario\",\"datePublished\":\"2021-02-02T22:33:47+00:00\",\"dateModified\":\"2021-02-02T22:36:45+00:00\",\"mainEntityOfPage\":{\"@id\":\"https:\\\/\\\/informelitoral.com.ar\\\/el-22-de-febrero-comenzara-la-inscripcion-para-las-becas-secundarias-del-becario\\\/\"},\"wordCount\":540,\"commentCount\":0,\"publisher\":{\"@id\":\"https:\\\/\\\/informelitoral.com.ar\\\/#organization\"},\"image\":{\"@id\":\"https:\\\/\\\/informelitoral.com.ar\\\/el-22-de-febrero-comenzara-la-inscripcion-para-las-becas-secundarias-del-becario\\\/#primaryimage\"},\"thumbnailUrl\":\"https:\\\/\\\/informelitoral.com.ar\\\/%77%70%2d%63%6f%6e%74%65%6e%74\\\/uploads\\\/2021\\\/02\\\/1612288782jpg.jpg\",\"keywords\":[\"Becas\",\"InAuBePro\",\"Instituto Becario\"],\"articleSection\":[\"Entre R\u00edos\"],\"inLanguage\":\"es\",\"potentialAction\":[{\"@type\":\"CommentAction\",\"name\":\"Comment\",\"target\":[\"https:\\\/\\\/informelitoral.com.ar\\\/el-22-de-febrero-comenzara-la-inscripcion-para-las-becas-secundarias-del-becario\\\/#respond\"]}]},{\"@type\":\"WebPage\",\"@id\":\"https:\\\/\\\/informelitoral.com.ar\\\/el-22-de-febrero-comenzara-la-inscripcion-para-las-becas-secundarias-del-becario\\\/\",\"url\":\"https:\\\/\\\/informelitoral.com.ar\\\/el-22-de-febrero-comenzara-la-inscripcion-para-las-becas-secundarias-del-becario\\\/\",\"name\":\"El 22 de febrero comenzar\u00e1 la inscripci\u00f3n para las becas secundarias del Becario - Informe Litoral\",\"isPartOf\":{\"@id\":\"https:\\\/\\\/informelitoral.com.ar\\\/#website\"},\"primaryImageOfPage\":{\"@id\":\"https:\\\/\\\/informelitoral.com.ar\\\/el-22-de-febrero-comenzara-la-inscripcion-para-las-becas-secundarias-del-becario\\\/#primaryimage\"},\"image\":{\"@id\":\"https:\\\/\\\/informelitoral.com.ar\\\/el-22-de-febrero-comenzara-la-inscripcion-para-las-becas-secundarias-del-becario\\\/#primaryimage\"},\"thumbnailUrl\":\"https:\\\/\\\/informelitoral.com.ar\\\/%77%70%2d%63%6f%6e%74%65%6e%74\\\/uploads\\\/2021\\\/02\\\/1612288782jpg.jpg\",\"datePublished\":\"2021-02-02T22:33:47+00:00\",\"dateModified\":\"2021-02-02T22:36:45+00:00\",\"breadcrumb\":{\"@id\":\"https:\\\/\\\/informelitoral.com.ar\\\/el-22-de-febrero-comenzara-la-inscripcion-para-las-becas-secundarias-del-becario\\\/#breadcrumb\"},\"inLanguage\":\"es\",\"potentialAction\":[{\"@type\":\"ReadAction\",\"target\":[\"https:\\\/\\\/informelitoral.com.ar\\\/el-22-de-febrero-comenzara-la-inscripcion-para-las-becas-secundarias-del-becario\\\/\"]}]},{\"@type\":\"ImageObject\",\"inLanguage\":\"es\",\"@id\":\"https:\\\/\\\/informelitoral.com.ar\\\/el-22-de-febrero-comenzara-la-inscripcion-para-las-becas-secundarias-del-becario\\\/#primaryimage\",\"url\":\"https:\\\/\\\/informelitoral.com.ar\\\/%77%70%2d%63%6f%6e%74%65%6e%74\\\/uploads\\\/2021\\\/02\\\/1612288782jpg.jpg\",\"contentUrl\":\"https:\\\/\\\/informelitoral.com.ar\\\/%77%70%2d%63%6f%6e%74%65%6e%74\\\/uploads\\\/2021\\\/02\\\/1612288782jpg.jpg\",\"width\":1920,\"height\":1280},{\"@type\":\"BreadcrumbList\",\"@id\":\"https:\\\/\\\/informelitoral.com.ar\\\/el-22-de-febrero-comenzara-la-inscripcion-para-las-becas-secundarias-del-becario\\\/#breadcrumb\",\"itemListElement\":[{\"@type\":\"ListItem\",\"position\":1,\"name\":\"Portada\",\"item\":\"https:\\\/\\\/informelitoral.com.ar\\\/\"},{\"@type\":\"ListItem\",\"position\":2,\"name\":\"El 22 de febrero comenzar\u00e1 la inscripci\u00f3n para las becas secundarias del Becario\"}]},{\"@type\":\"WebSite\",\"@id\":\"https:\\\/\\\/informelitoral.com.ar\\\/#website\",\"url\":\"https:\\\/\\\/informelitoral.com.ar\\\/\",\"name\":\"Informe Litoral\",\"description\":\"&quot;Nos informamos&quot; \",\"publisher\":{\"@id\":\"https:\\\/\\\/informelitoral.com.ar\\\/#organization\"},\"potentialAction\":[{\"@type\":\"SearchAction\",\"target\":{\"@type\":\"EntryPoint\",\"urlTemplate\":\"https:\\\/\\\/informelitoral.com.ar\\\/?s={search_term_string}\"},\"query-input\":{\"@type\":\"PropertyValueSpecification\",\"valueRequired\":true,\"valueName\":\"search_term_string\"}}],\"inLanguage\":\"es\"},{\"@type\":\"Organization\",\"@id\":\"https:\\\/\\\/informelitoral.com.ar\\\/#organization\",\"name\":\"Informe Litoral\",\"url\":\"https:\\\/\\\/informelitoral.com.ar\\\/\",\"logo\":{\"@type\":\"ImageObject\",\"inLanguage\":\"es\",\"@id\":\"https:\\\/\\\/informelitoral.com.ar\\\/#\\\/schema\\\/logo\\\/image\\\/\",\"url\":\"https:\\\/\\\/informelitoral.com.ar\\\/%77%70%2d%63%6f%6e%74%65%6e%74\\\/uploads\\\/2021\\\/01\\\/circulo.png\",\"contentUrl\":\"https:\\\/\\\/informelitoral.com.ar\\\/%77%70%2d%63%6f%6e%74%65%6e%74\\\/uploads\\\/2021\\\/01\\\/circulo.png\",\"width\":723,\"height\":731,\"caption\":\"Informe Litoral\"},\"image\":{\"@id\":\"https:\\\/\\\/informelitoral.com.ar\\\/#\\\/schema\\\/logo\\\/image\\\/\"},\"sameAs\":[\"https:\\\/\\\/www.facebook.com\\\/informelitoral\\\/\",\"https:\\\/\\\/x.com\\\/InformeLitoral\",\"https:\\\/\\\/www.instagram.com\\\/informelitoral\\\/\",\"https:\\\/\\\/www.youtube.com\\\/channel\\\/UCua4Qvz8Icb6MYqhoq9xLXw\"]},{\"@type\":\"Person\",\"@id\":\"https:\\\/\\\/informelitoral.com.ar\\\/#\\\/schema\\\/person\\\/b9d00407c836482871ef1d57bf8e3180\",\"name\":\"Gonzalo Schmidt\",\"image\":{\"@type\":\"ImageObject\",\"inLanguage\":\"es\",\"@id\":\"https:\\\/\\\/secure.gravatar.com\\\/avatar\\\/31a1a7b66ff2de83bd0e9fd79d026630d2d99e55e8bfe501287647b4fd9743de?s=96&d=mm&r=g\",\"url\":\"https:\\\/\\\/secure.gravatar.com\\\/avatar\\\/31a1a7b66ff2de83bd0e9fd79d026630d2d99e55e8bfe501287647b4fd9743de?s=96&d=mm&r=g\",\"contentUrl\":\"https:\\\/\\\/secure.gravatar.com\\\/avatar\\\/31a1a7b66ff2de83bd0e9fd79d026630d2d99e55e8bfe501287647b4fd9743de?s=96&d=mm&r=g\",\"caption\":\"Gonzalo Schmidt\"},\"description\":\"Sitio web de noticias de la provincia de Entre R\u00edos, Argentina. Informaci\u00f3n y entretenimiento. Informe Litoral, nos informamos.\",\"sameAs\":[\"http:\\\/\\\/www.isletasnoticias.com.ar\"],\"url\":\"https:\\\/\\\/informelitoral.com.ar\\\/author\\\/gonzalo\\\/\"}]}<\/script>","yoast_head_json":{"title":"El 22 de febrero comenzar\u00e1 la inscripci\u00f3n para las becas secundarias del Becario - Informe Litoral","robots":{"index":"index","follow":"follow","max-snippet":"max-snippet:-1","max-image-preview":"max-image-preview:large","max-video-preview":"max-video-preview:-1"},"canonical":"https:\/\/informelitoral.com.ar\/el-22-de-febrero-comenzara-la-inscripcion-para-las-becas-secundarias-del-becario\/","og_locale":"es_ES","og_type":"article","og_title":"El 22 de febrero comenzar\u00e1 la inscripci\u00f3n para las becas secundarias del Becario - Informe Litoral","og_description":"El tr\u00e1mite se realiza de manera online en la web del organismo provincial, tanto de renovaciones como solicitudes nuevas del nivel secundario.","og_url":"https:\/\/informelitoral.com.ar\/el-22-de-febrero-comenzara-la-inscripcion-para-las-becas-secundarias-del-becario\/","og_site_name":"Informe Litoral","article_publisher":"https:\/\/www.facebook.com\/informelitoral\/","article_published_time":"2021-02-02T22:33:47+00:00","article_modified_time":"2021-02-02T22:36:45+00:00","og_image":[{"width":1920,"height":1280,"url":"https:\/\/informelitoral.com.ar\/%77%70%2d%63%6f%6e%74%65%6e%74\/uploads\/2021\/02\/1612288782jpg.jpg","type":"image\/jpeg"}],"author":"Gonzalo Schmidt","twitter_card":"summary_large_image","twitter_creator":"@InformeLitoral","twitter_site":"@InformeLitoral","twitter_misc":{"Escrito por":"Gonzalo Schmidt","Tiempo de lectura":"3 minutos"},"schema":{"@context":"https:\/\/schema.org","@graph":[{"@type":"Article","@id":"https:\/\/informelitoral.com.ar\/el-22-de-febrero-comenzara-la-inscripcion-para-las-becas-secundarias-del-becario\/#article","isPartOf":{"@id":"https:\/\/informelitoral.com.ar\/el-22-de-febrero-comenzara-la-inscripcion-para-las-becas-secundarias-del-becario\/"},"author":{"name":"Gonzalo Schmidt","@id":"https:\/\/informelitoral.com.ar\/#\/schema\/person\/b9d00407c836482871ef1d57bf8e3180"},"headline":"El 22 de febrero comenzar\u00e1 la inscripci\u00f3n para las becas secundarias del Becario","datePublished":"2021-02-02T22:33:47+00:00","dateModified":"2021-02-02T22:36:45+00:00","mainEntityOfPage":{"@id":"https:\/\/informelitoral.com.ar\/el-22-de-febrero-comenzara-la-inscripcion-para-las-becas-secundarias-del-becario\/"},"wordCount":540,"commentCount":0,"publisher":{"@id":"https:\/\/informelitoral.com.ar\/#organization"},"image":{"@id":"https:\/\/informelitoral.com.ar\/el-22-de-febrero-comenzara-la-inscripcion-para-las-becas-secundarias-del-becario\/#primaryimage"},"thumbnailUrl":"https:\/\/informelitoral.com.ar\/%77%70%2d%63%6f%6e%74%65%6e%74\/uploads\/2021\/02\/1612288782jpg.jpg","keywords":["Becas","InAuBePro","Instituto Becario"],"articleSection":["Entre R\u00edos"],"inLanguage":"es","potentialAction":[{"@type":"CommentAction","name":"Comment","target":["https:\/\/informelitoral.com.ar\/el-22-de-febrero-comenzara-la-inscripcion-para-las-becas-secundarias-del-becario\/#respond"]}]},{"@type":"WebPage","@id":"https:\/\/informelitoral.com.ar\/el-22-de-febrero-comenzara-la-inscripcion-para-las-becas-secundarias-del-becario\/","url":"https:\/\/informelitoral.com.ar\/el-22-de-febrero-comenzara-la-inscripcion-para-las-becas-secundarias-del-becario\/","name":"El 22 de febrero comenzar\u00e1 la inscripci\u00f3n para las becas secundarias del Becario - Informe Litoral","isPartOf":{"@id":"https:\/\/informelitoral.com.ar\/#website"},"primaryImageOfPage":{"@id":"https:\/\/informelitoral.com.ar\/el-22-de-febrero-comenzara-la-inscripcion-para-las-becas-secundarias-del-becario\/#primaryimage"},"image":{"@id":"https:\/\/informelitoral.com.ar\/el-22-de-febrero-comenzara-la-inscripcion-para-las-becas-secundarias-del-becario\/#primaryimage"},"thumbnailUrl":"https:\/\/informelitoral.com.ar\/%77%70%2d%63%6f%6e%74%65%6e%74\/uploads\/2021\/02\/1612288782jpg.jpg","datePublished":"2021-02-02T22:33:47+00:00","dateModified":"2021-02-02T22:36:45+00:00","breadcrumb":{"@id":"https:\/\/informelitoral.com.ar\/el-22-de-febrero-comenzara-la-inscripcion-para-las-becas-secundarias-del-becario\/#breadcrumb"},"inLanguage":"es","potentialAction":[{"@type":"ReadAction","target":["https:\/\/informelitoral.com.ar\/el-22-de-febrero-comenzara-la-inscripcion-para-las-becas-secundarias-del-becario\/"]}]},{"@type":"ImageObject","inLanguage":"es","@id":"https:\/\/informelitoral.com.ar\/el-22-de-febrero-comenzara-la-inscripcion-para-las-becas-secundarias-del-becario\/#primaryimage","url":"https:\/\/informelitoral.com.ar\/%77%70%2d%63%6f%6e%74%65%6e%74\/uploads\/2021\/02\/1612288782jpg.jpg","contentUrl":"https:\/\/informelitoral.com.ar\/%77%70%2d%63%6f%6e%74%65%6e%74\/uploads\/2021\/02\/1612288782jpg.jpg","width":1920,"height":1280},{"@type":"BreadcrumbList","@id":"https:\/\/informelitoral.com.ar\/el-22-de-febrero-comenzara-la-inscripcion-para-las-becas-secundarias-del-becario\/#breadcrumb","itemListElement":[{"@type":"ListItem","position":1,"name":"Portada","item":"https:\/\/informelitoral.com.ar\/"},{"@type":"ListItem","position":2,"name":"El 22 de febrero comenzar\u00e1 la inscripci\u00f3n para las becas secundarias del Becario"}]},{"@type":"WebSite","@id":"https:\/\/informelitoral.com.ar\/#website","url":"https:\/\/informelitoral.com.ar\/","name":"Informe Litoral","description":"&quot;Nos informamos&quot; ","publisher":{"@id":"https:\/\/informelitoral.com.ar\/#organization"},"potentialAction":[{"@type":"SearchAction","target":{"@type":"EntryPoint","urlTemplate":"https:\/\/informelitoral.com.ar\/?s={search_term_string}"},"query-input":{"@type":"PropertyValueSpecification","valueRequired":true,"valueName":"search_term_string"}}],"inLanguage":"es"},{"@type":"Organization","@id":"https:\/\/informelitoral.com.ar\/#organization","name":"Informe Litoral","url":"https:\/\/informelitoral.com.ar\/","logo":{"@type":"ImageObject","inLanguage":"es","@id":"https:\/\/informelitoral.com.ar\/#\/schema\/logo\/image\/","url":"https:\/\/informelitoral.com.ar\/%77%70%2d%63%6f%6e%74%65%6e%74\/uploads\/2021\/01\/circulo.png","contentUrl":"https:\/\/informelitoral.com.ar\/%77%70%2d%63%6f%6e%74%65%6e%74\/uploads\/2021\/01\/circulo.png","width":723,"height":731,"caption":"Informe Litoral"},"image":{"@id":"https:\/\/informelitoral.com.ar\/#\/schema\/logo\/image\/"},"sameAs":["https:\/\/www.facebook.com\/informelitoral\/","https:\/\/x.com\/InformeLitoral","https:\/\/www.instagram.com\/informelitoral\/","https:\/\/www.youtube.com\/channel\/UCua4Qvz8Icb6MYqhoq9xLXw"]},{"@type":"Person","@id":"https:\/\/informelitoral.com.ar\/#\/schema\/person\/b9d00407c836482871ef1d57bf8e3180","name":"Gonzalo Schmidt","image":{"@type":"ImageObject","inLanguage":"es","@id":"https:\/\/secure.gravatar.com\/avatar\/31a1a7b66ff2de83bd0e9fd79d026630d2d99e55e8bfe501287647b4fd9743de?s=96&d=mm&r=g","url":"https:\/\/secure.gravatar.com\/avatar\/31a1a7b66ff2de83bd0e9fd79d026630d2d99e55e8bfe501287647b4fd9743de?s=96&d=mm&r=g","contentUrl":"https:\/\/secure.gravatar.com\/avatar\/31a1a7b66ff2de83bd0e9fd79d026630d2d99e55e8bfe501287647b4fd9743de?s=96&d=mm&r=g","caption":"Gonzalo Schmidt"},"description":"Sitio web de noticias de la provincia de Entre R\u00edos, Argentina. Informaci\u00f3n y entretenimiento. Informe Litoral, nos informamos.","sameAs":["http:\/\/www.isletasnoticias.com.ar"],"url":"https:\/\/informelitoral.com.ar\/author\/gonzalo\/"}]}},"_links":{"self":[{"href":"https:\/\/informelitoral.com.ar\/%77%70%2d%6a%73%6f%6e\/wp\/v2\/posts\/56364","targetHints":{"allow":["GET"]}}],"collection":[{"href":"https:\/\/informelitoral.com.ar\/%77%70%2d%6a%73%6f%6e\/wp\/v2\/posts"}],"about":[{"href":"https:\/\/informelitoral.com.ar\/%77%70%2d%6a%73%6f%6e\/wp\/v2\/types\/post"}],"author":[{"embeddable":true,"href":"https:\/\/informelitoral.com.ar\/%77%70%2d%6a%73%6f%6e\/wp\/v2\/users\/2"}],"replies":[{"embeddable":true,"href":"https:\/\/informelitoral.com.ar\/%77%70%2d%6a%73%6f%6e\/wp\/v2\/comments?post=56364"}],"version-history":[{"count":0,"href":"https:\/\/informelitoral.com.ar\/%77%70%2d%6a%73%6f%6e\/wp\/v2\/posts\/56364\/revisions"}],"wp:featuredmedia":[{"embeddable":true,"href":"https:\/\/informelitoral.com.ar\/%77%70%2d%6a%73%6f%6e\/wp\/v2\/media\/56365"}],"wp:attachment":[{"href":"https:\/\/informelitoral.com.ar\/%77%70%2d%6a%73%6f%6e\/wp\/v2\/media?parent=56364"}],"wp:term":[{"taxonomy":"category","embeddable":true,"href":"https:\/\/informelitoral.com.ar\/%77%70%2d%6a%73%6f%6e\/wp\/v2\/categories?post=56364"},{"taxonomy":"post_tag","embeddable":true,"href":"https:\/\/informelitoral.com.ar\/%77%70%2d%6a%73%6f%6e\/wp\/v2\/tags?post=56364"}],"curies":[{"name":"wp","href":"https:\/\/api.w.org\/{rel}","templated":true}]}}