{"id":5634,"date":"2014-02-17T21:57:31","date_gmt":"2014-02-18T00:57:31","guid":{"rendered":"http:\/\/www.isletasnoticias.com.ar\/?p=5634"},"modified":"2014-02-17T22:03:45","modified_gmt":"2014-02-18T01:03:45","slug":"monge-urribarri-no-hablo-de-la-dificil-situacion-economica-y-la-cuestion-salarial-en-la-asamblea-legislativa","status":"publish","type":"post","link":"https:\/\/informelitoral.com.ar\/monge-urribarri-no-hablo-de-la-dificil-situacion-economica-y-la-cuestion-salarial-en-la-asamblea-legislativa\/","title":{"rendered":"Monge: \u201cUrribarri no habl\u00f3 de la dif\u00edcil situaci\u00f3n econ\u00f3mica y la cuesti\u00f3n salarial\u201d en la Asamblea Legislativa"},"content":{"rendered":"<p><strong>El diputado provincial <em>Jorge Monge<\/em> (UCR-Diamante) manifest\u00f3 que \u201cel titular del Poder Ejecutivo provincial, <em>Sergio Urribarri<\/em>, al pronunciar su mensaje de apertura de un nuevo per\u00edodo de sesiones ordinarias ante la Asamblea no abord\u00f3 la dif\u00edcil situaci\u00f3n econ\u00f3mica financiera por la que atraviesa el Estado provincial, la cuesti\u00f3n salarial del sector p\u00fablico, entre otros temas.<a href=\"http:\/\/www.isletasnoticias.com.ar\/%77%70%2d%63%6f%6e%74%65%6e%74\/uploads\/2013\/10\/monge.jpg\"><img loading=\"lazy\" decoding=\"async\" class=\"aligncenter size-full wp-image-3643\" alt=\"monge\" src=\"http:\/\/www.isletasnoticias.com.ar\/%77%70%2d%63%6f%6e%74%65%6e%74\/uploads\/2013\/10\/monge.jpg\" width=\"259\" height=\"194\" \/><\/a> <\/strong><\/p>\n<p>\u00abLa menci\u00f3n acerca de que las finanzas gozan de muy buena salud porque el porcentaje de deuda es la mitad en relaci\u00f3n a los recursos del Estado en el a\u00f1o 2007, distorsiona el an\u00e1lisis del endeudamiento dado que los recursos se han incrementado cuatro o cinco veces m\u00e1s entre el a\u00f1o que se compara -2007- y 2013\u201d. Dijo adem\u00e1s que \u201cfalt\u00f3 una autocr\u00edtica sobre la actuaci\u00f3n del gobierno en la crisis policial de diciembre \u00faltimo y se destaca tambi\u00e9n la omisi\u00f3n a la situaci\u00f3n cr\u00edtica de nuestros hospitales y centros de salud, entre otras cosas\u201d.\u201cPero lo que m\u00e1s resalta es la ausencia de referencia a pol\u00edticas para enfrentar el narcotr\u00e1fico. En el discurso de la apertura del 133\u00b0 periodo de sesiones ordinarias, se prometi\u00f3 a los entrerrianos una f\u00e9rrea actitud del Estado en cuanto a \u2018pararse firmemente frente a la proliferaci\u00f3n del narcotr\u00e1fico\u2019. Hoy, no s\u00f3lo en el discurso ante la Asamblea Legislativa, sino en el largo informe escrito de casi cuatrocientas p\u00e1ginas, no hay menci\u00f3n a pol\u00edticas para el combate contra el narcotr\u00e1fico\u201d, indic\u00f3 en declaraciones enviadas a <em><strong>ISLETAS NOTICIAS.<\/strong><\/em><\/p>\n<p>Al respecto, \u201clo que consta en el informe publicado es que desde el Estado provincial se llevaron a cabo 44 procedimientos incaut\u00e1ndose, entre otras cosas, poco m\u00e1s de un kilo medio de picadura de marihuana, toda vez que seg\u00fan el informe a la Asamblea Legislativa del a\u00f1o anterior, se realizaron allanamientos y secuestros -en el marco de la Ley Nacional de Estupefacientes N\u00ba 23.737- con un total de 205 procedimientos. As\u00ed las cosas, y a estar a las cifras publicadas, en el \u00faltimo a\u00f1o los procedimientos consignados se han visto reducidos en casi un 80 por ciento, ( 44 frente a 205) pese a que Entre R\u00edos, no ha de escapar al incremento en cuanto al tr\u00e1nsito, consumo de drogas y elaboraci\u00f3n que se observa en el marco nacional. Coincidimos plenamente con la Iglesia en cuanto sostiene que \u2018reconocer el avance narco es el principio de la soluci\u00f3n\u2019\u201d.<\/p>\n<p>Luego marc\u00f3 que \u201ces necesario articular a todos los sectores e instituciones en el combate de este flagelo, dado que como lo ha expresado el presidente de la Comisi\u00f3n Episcopal de Pastoral Social y obispo de Gualeguaych\u00fa, monse\u00f1or Jorge Lozano, estamos ante un problema grav\u00edsimo, que es dif\u00edcil y complejo, y que ha ido creciendo notablemente en los \u00faltimos a\u00f1os\u201d.<\/p>\n","protected":false},"excerpt":{"rendered":"<p>El diputado provincial Jorge Monge (UCR-Diamante) manifest&oacute; que &ldquo;el titular del Poder Ejecutivo provincial, Sergio Urribarri, al pronunciar su mensaje de apertura de un nuevo per&iacute;odo de sesiones ordinarias ante la Asamblea no abord&oacute; la dif&iacute;cil situaci&oacute;n econ&oacute;mica financiera por la que atraviesa el Estado provincial, la cuesti&oacute;n salarial del sector p&uacute;blico, entre otros temas. [&hellip;]<\/p>\n","protected":false},"author":2,"featured_media":0,"comment_status":"open","ping_status":"open","sticky":false,"template":"","format":"standard","meta":{"fifu_image_url":"","fifu_image_alt":"","footnotes":""},"categories":[6,16],"tags":[],"class_list":{"0":"post-5634","1":"post","2":"type-post","3":"status-publish","4":"format-standard","6":"category-entre-rios","7":"category-politi"},"yoast_head":"<title>Monge: \u201cUrribarri no habl\u00f3 de la dif\u00edcil situaci\u00f3n econ\u00f3mica y la cuesti\u00f3n salarial\u201d en la Asamblea Legislativa - Informe Litoral<\/title>\n<meta name=\"robots\" content=\"index, follow, max-snippet:-1, max-image-preview:large, max-video-preview:-1\" \/>\n<link rel=\"canonical\" href=\"https:\/\/informelitoral.com.ar\/monge-urribarri-no-hablo-de-la-dificil-situacion-economica-y-la-cuestion-salarial-en-la-asamblea-legislativa\/\" \/>\n<meta property=\"og:locale\" content=\"es_ES\" \/>\n<meta property=\"og:type\" content=\"article\" \/>\n<meta property=\"og:title\" content=\"Monge: \u201cUrribarri no habl\u00f3 de la dif\u00edcil situaci\u00f3n econ\u00f3mica y la cuesti\u00f3n salarial\u201d en la Asamblea Legislativa - Informe Litoral\" \/>\n<meta property=\"og:description\" content=\"El diputado provincial Jorge Monge (UCR-Diamante) manifest&oacute; que &ldquo;el titular del Poder Ejecutivo provincial, Sergio Urribarri, al pronunciar su mensaje de apertura de un nuevo per&iacute;odo de sesiones ordinarias ante la Asamblea no abord&oacute; la dif&iacute;cil situaci&oacute;n econ&oacute;mica financiera por la que atraviesa el Estado provincial, la cuesti&oacute;n salarial del sector p&uacute;blico, entre otros temas. [&hellip;]\" \/>\n<meta property=\"og:url\" content=\"https:\/\/informelitoral.com.ar\/monge-urribarri-no-hablo-de-la-dificil-situacion-economica-y-la-cuestion-salarial-en-la-asamblea-legislativa\/\" \/>\n<meta property=\"og:site_name\" content=\"Informe Litoral\" \/>\n<meta property=\"article:publisher\" content=\"https:\/\/www.facebook.com\/informelitoral\/\" \/>\n<meta property=\"article:published_time\" content=\"2014-02-18T00:57:31+00:00\" \/>\n<meta property=\"article:modified_time\" content=\"2014-02-18T01:03:45+00:00\" \/>\n<meta property=\"og:image\" content=\"https:\/\/informelitoral.com.ar\/%77%70%2d%63%6f%6e%74%65%6e%74\/uploads\/2013\/10\/monge.jpg\" \/>\n\t<meta property=\"og:image:width\" content=\"259\" \/>\n\t<meta property=\"og:image:height\" content=\"194\" \/>\n\t<meta property=\"og:image:type\" content=\"image\/jpeg\" \/>\n<meta name=\"author\" content=\"Gonzalo Schmidt\" \/>\n<meta name=\"twitter:card\" content=\"summary_large_image\" \/>\n<meta name=\"twitter:creator\" content=\"@InformeLitoral\" \/>\n<meta name=\"twitter:site\" content=\"@InformeLitoral\" \/>\n<meta name=\"twitter:label1\" content=\"Escrito por\" \/>\n\t<meta name=\"twitter:data1\" content=\"Gonzalo Schmidt\" \/>\n\t<meta name=\"twitter:label2\" content=\"Tiempo de lectura\" \/>\n\t<meta name=\"twitter:data2\" content=\"2 minutos\" \/>\n<script type=\"application\/ld+json\" class=\"yoast-schema-graph\">{\"@context\":\"https:\\\/\\\/schema.org\",\"@graph\":[{\"@type\":\"Article\",\"@id\":\"https:\\\/\\\/informelitoral.com.ar\\\/monge-urribarri-no-hablo-de-la-dificil-situacion-economica-y-la-cuestion-salarial-en-la-asamblea-legislativa\\\/#article\",\"isPartOf\":{\"@id\":\"https:\\\/\\\/informelitoral.com.ar\\\/monge-urribarri-no-hablo-de-la-dificil-situacion-economica-y-la-cuestion-salarial-en-la-asamblea-legislativa\\\/\"},\"author\":{\"name\":\"Gonzalo Schmidt\",\"@id\":\"https:\\\/\\\/informelitoral.com.ar\\\/#\\\/schema\\\/person\\\/b9d00407c836482871ef1d57bf8e3180\"},\"headline\":\"Monge: \u201cUrribarri no habl\u00f3 de la dif\u00edcil situaci\u00f3n econ\u00f3mica y la cuesti\u00f3n salarial\u201d en la Asamblea Legislativa\",\"datePublished\":\"2014-02-18T00:57:31+00:00\",\"dateModified\":\"2014-02-18T01:03:45+00:00\",\"mainEntityOfPage\":{\"@id\":\"https:\\\/\\\/informelitoral.com.ar\\\/monge-urribarri-no-hablo-de-la-dificil-situacion-economica-y-la-cuestion-salarial-en-la-asamblea-legislativa\\\/\"},\"wordCount\":502,\"commentCount\":0,\"publisher\":{\"@id\":\"https:\\\/\\\/informelitoral.com.ar\\\/#organization\"},\"image\":{\"@id\":\"https:\\\/\\\/informelitoral.com.ar\\\/monge-urribarri-no-hablo-de-la-dificil-situacion-economica-y-la-cuestion-salarial-en-la-asamblea-legislativa\\\/#primaryimage\"},\"thumbnailUrl\":\"http:\\\/\\\/www.isletasnoticias.com.ar\\\/%77%70%2d%63%6f%6e%74%65%6e%74\\\/uploads\\\/2013\\\/10\\\/monge.jpg\",\"articleSection\":[\"Entre R\u00edos\",\"Politica\"],\"inLanguage\":\"es\",\"potentialAction\":[{\"@type\":\"CommentAction\",\"name\":\"Comment\",\"target\":[\"https:\\\/\\\/informelitoral.com.ar\\\/monge-urribarri-no-hablo-de-la-dificil-situacion-economica-y-la-cuestion-salarial-en-la-asamblea-legislativa\\\/#respond\"]}]},{\"@type\":\"WebPage\",\"@id\":\"https:\\\/\\\/informelitoral.com.ar\\\/monge-urribarri-no-hablo-de-la-dificil-situacion-economica-y-la-cuestion-salarial-en-la-asamblea-legislativa\\\/\",\"url\":\"https:\\\/\\\/informelitoral.com.ar\\\/monge-urribarri-no-hablo-de-la-dificil-situacion-economica-y-la-cuestion-salarial-en-la-asamblea-legislativa\\\/\",\"name\":\"Monge: \u201cUrribarri no habl\u00f3 de la dif\u00edcil situaci\u00f3n econ\u00f3mica y la cuesti\u00f3n salarial\u201d en la Asamblea Legislativa - Informe Litoral\",\"isPartOf\":{\"@id\":\"https:\\\/\\\/informelitoral.com.ar\\\/#website\"},\"primaryImageOfPage\":{\"@id\":\"https:\\\/\\\/informelitoral.com.ar\\\/monge-urribarri-no-hablo-de-la-dificil-situacion-economica-y-la-cuestion-salarial-en-la-asamblea-legislativa\\\/#primaryimage\"},\"image\":{\"@id\":\"https:\\\/\\\/informelitoral.com.ar\\\/monge-urribarri-no-hablo-de-la-dificil-situacion-economica-y-la-cuestion-salarial-en-la-asamblea-legislativa\\\/#primaryimage\"},\"thumbnailUrl\":\"http:\\\/\\\/www.isletasnoticias.com.ar\\\/%77%70%2d%63%6f%6e%74%65%6e%74\\\/uploads\\\/2013\\\/10\\\/monge.jpg\",\"datePublished\":\"2014-02-18T00:57:31+00:00\",\"dateModified\":\"2014-02-18T01:03:45+00:00\",\"breadcrumb\":{\"@id\":\"https:\\\/\\\/informelitoral.com.ar\\\/monge-urribarri-no-hablo-de-la-dificil-situacion-economica-y-la-cuestion-salarial-en-la-asamblea-legislativa\\\/#breadcrumb\"},\"inLanguage\":\"es\",\"potentialAction\":[{\"@type\":\"ReadAction\",\"target\":[\"https:\\\/\\\/informelitoral.com.ar\\\/monge-urribarri-no-hablo-de-la-dificil-situacion-economica-y-la-cuestion-salarial-en-la-asamblea-legislativa\\\/\"]}]},{\"@type\":\"ImageObject\",\"inLanguage\":\"es\",\"@id\":\"https:\\\/\\\/informelitoral.com.ar\\\/monge-urribarri-no-hablo-de-la-dificil-situacion-economica-y-la-cuestion-salarial-en-la-asamblea-legislativa\\\/#primaryimage\",\"url\":\"http:\\\/\\\/www.isletasnoticias.com.ar\\\/%77%70%2d%63%6f%6e%74%65%6e%74\\\/uploads\\\/2013\\\/10\\\/monge.jpg\",\"contentUrl\":\"http:\\\/\\\/www.isletasnoticias.com.ar\\\/%77%70%2d%63%6f%6e%74%65%6e%74\\\/uploads\\\/2013\\\/10\\\/monge.jpg\"},{\"@type\":\"BreadcrumbList\",\"@id\":\"https:\\\/\\\/informelitoral.com.ar\\\/monge-urribarri-no-hablo-de-la-dificil-situacion-economica-y-la-cuestion-salarial-en-la-asamblea-legislativa\\\/#breadcrumb\",\"itemListElement\":[{\"@type\":\"ListItem\",\"position\":1,\"name\":\"Portada\",\"item\":\"https:\\\/\\\/informelitoral.com.ar\\\/\"},{\"@type\":\"ListItem\",\"position\":2,\"name\":\"Monge: \u201cUrribarri no habl\u00f3 de la dif\u00edcil situaci\u00f3n econ\u00f3mica y la cuesti\u00f3n salarial\u201d en la Asamblea Legislativa\"}]},{\"@type\":\"WebSite\",\"@id\":\"https:\\\/\\\/informelitoral.com.ar\\\/#website\",\"url\":\"https:\\\/\\\/informelitoral.com.ar\\\/\",\"name\":\"Informe Litoral\",\"description\":\"&quot;Nos informamos&quot; \",\"publisher\":{\"@id\":\"https:\\\/\\\/informelitoral.com.ar\\\/#organization\"},\"potentialAction\":[{\"@type\":\"SearchAction\",\"target\":{\"@type\":\"EntryPoint\",\"urlTemplate\":\"https:\\\/\\\/informelitoral.com.ar\\\/?s={search_term_string}\"},\"query-input\":{\"@type\":\"PropertyValueSpecification\",\"valueRequired\":true,\"valueName\":\"search_term_string\"}}],\"inLanguage\":\"es\"},{\"@type\":\"Organization\",\"@id\":\"https:\\\/\\\/informelitoral.com.ar\\\/#organization\",\"name\":\"Informe Litoral\",\"url\":\"https:\\\/\\\/informelitoral.com.ar\\\/\",\"logo\":{\"@type\":\"ImageObject\",\"inLanguage\":\"es\",\"@id\":\"https:\\\/\\\/informelitoral.com.ar\\\/#\\\/schema\\\/logo\\\/image\\\/\",\"url\":\"https:\\\/\\\/informelitoral.com.ar\\\/%77%70%2d%63%6f%6e%74%65%6e%74\\\/uploads\\\/2021\\\/01\\\/circulo.png\",\"contentUrl\":\"https:\\\/\\\/informelitoral.com.ar\\\/%77%70%2d%63%6f%6e%74%65%6e%74\\\/uploads\\\/2021\\\/01\\\/circulo.png\",\"width\":723,\"height\":731,\"caption\":\"Informe Litoral\"},\"image\":{\"@id\":\"https:\\\/\\\/informelitoral.com.ar\\\/#\\\/schema\\\/logo\\\/image\\\/\"},\"sameAs\":[\"https:\\\/\\\/www.facebook.com\\\/informelitoral\\\/\",\"https:\\\/\\\/x.com\\\/InformeLitoral\",\"https:\\\/\\\/www.instagram.com\\\/informelitoral\\\/\",\"https:\\\/\\\/www.youtube.com\\\/channel\\\/UCua4Qvz8Icb6MYqhoq9xLXw\"]},{\"@type\":\"Person\",\"@id\":\"https:\\\/\\\/informelitoral.com.ar\\\/#\\\/schema\\\/person\\\/b9d00407c836482871ef1d57bf8e3180\",\"name\":\"Gonzalo Schmidt\",\"image\":{\"@type\":\"ImageObject\",\"inLanguage\":\"es\",\"@id\":\"https:\\\/\\\/secure.gravatar.com\\\/avatar\\\/31a1a7b66ff2de83bd0e9fd79d026630d2d99e55e8bfe501287647b4fd9743de?s=96&d=mm&r=g\",\"url\":\"https:\\\/\\\/secure.gravatar.com\\\/avatar\\\/31a1a7b66ff2de83bd0e9fd79d026630d2d99e55e8bfe501287647b4fd9743de?s=96&d=mm&r=g\",\"contentUrl\":\"https:\\\/\\\/secure.gravatar.com\\\/avatar\\\/31a1a7b66ff2de83bd0e9fd79d026630d2d99e55e8bfe501287647b4fd9743de?s=96&d=mm&r=g\",\"caption\":\"Gonzalo Schmidt\"},\"description\":\"Sitio web de noticias de la provincia de Entre R\u00edos, Argentina. Informaci\u00f3n y entretenimiento. Informe Litoral, nos informamos.\",\"sameAs\":[\"http:\\\/\\\/www.isletasnoticias.com.ar\"],\"url\":\"https:\\\/\\\/informelitoral.com.ar\\\/author\\\/gonzalo\\\/\"}]}<\/script>","yoast_head_json":{"title":"Monge: \u201cUrribarri no habl\u00f3 de la dif\u00edcil situaci\u00f3n econ\u00f3mica y la cuesti\u00f3n salarial\u201d en la Asamblea Legislativa - Informe Litoral","robots":{"index":"index","follow":"follow","max-snippet":"max-snippet:-1","max-image-preview":"max-image-preview:large","max-video-preview":"max-video-preview:-1"},"canonical":"https:\/\/informelitoral.com.ar\/monge-urribarri-no-hablo-de-la-dificil-situacion-economica-y-la-cuestion-salarial-en-la-asamblea-legislativa\/","og_locale":"es_ES","og_type":"article","og_title":"Monge: \u201cUrribarri no habl\u00f3 de la dif\u00edcil situaci\u00f3n econ\u00f3mica y la cuesti\u00f3n salarial\u201d en la Asamblea Legislativa - Informe Litoral","og_description":"El diputado provincial Jorge Monge (UCR-Diamante) manifest&oacute; que &ldquo;el titular del Poder Ejecutivo provincial, Sergio Urribarri, al pronunciar su mensaje de apertura de un nuevo per&iacute;odo de sesiones ordinarias ante la Asamblea no abord&oacute; la dif&iacute;cil situaci&oacute;n econ&oacute;mica financiera por la que atraviesa el Estado provincial, la cuesti&oacute;n salarial del sector p&uacute;blico, entre otros temas. [&hellip;]","og_url":"https:\/\/informelitoral.com.ar\/monge-urribarri-no-hablo-de-la-dificil-situacion-economica-y-la-cuestion-salarial-en-la-asamblea-legislativa\/","og_site_name":"Informe Litoral","article_publisher":"https:\/\/www.facebook.com\/informelitoral\/","article_published_time":"2014-02-18T00:57:31+00:00","article_modified_time":"2014-02-18T01:03:45+00:00","og_image":[{"width":259,"height":194,"url":"https:\/\/informelitoral.com.ar\/%77%70%2d%63%6f%6e%74%65%6e%74\/uploads\/2013\/10\/monge.jpg","type":"image\/jpeg"}],"author":"Gonzalo Schmidt","twitter_card":"summary_large_image","twitter_creator":"@InformeLitoral","twitter_site":"@InformeLitoral","twitter_misc":{"Escrito por":"Gonzalo Schmidt","Tiempo de lectura":"2 minutos"},"schema":{"@context":"https:\/\/schema.org","@graph":[{"@type":"Article","@id":"https:\/\/informelitoral.com.ar\/monge-urribarri-no-hablo-de-la-dificil-situacion-economica-y-la-cuestion-salarial-en-la-asamblea-legislativa\/#article","isPartOf":{"@id":"https:\/\/informelitoral.com.ar\/monge-urribarri-no-hablo-de-la-dificil-situacion-economica-y-la-cuestion-salarial-en-la-asamblea-legislativa\/"},"author":{"name":"Gonzalo Schmidt","@id":"https:\/\/informelitoral.com.ar\/#\/schema\/person\/b9d00407c836482871ef1d57bf8e3180"},"headline":"Monge: \u201cUrribarri no habl\u00f3 de la dif\u00edcil situaci\u00f3n econ\u00f3mica y la cuesti\u00f3n salarial\u201d en la Asamblea Legislativa","datePublished":"2014-02-18T00:57:31+00:00","dateModified":"2014-02-18T01:03:45+00:00","mainEntityOfPage":{"@id":"https:\/\/informelitoral.com.ar\/monge-urribarri-no-hablo-de-la-dificil-situacion-economica-y-la-cuestion-salarial-en-la-asamblea-legislativa\/"},"wordCount":502,"commentCount":0,"publisher":{"@id":"https:\/\/informelitoral.com.ar\/#organization"},"image":{"@id":"https:\/\/informelitoral.com.ar\/monge-urribarri-no-hablo-de-la-dificil-situacion-economica-y-la-cuestion-salarial-en-la-asamblea-legislativa\/#primaryimage"},"thumbnailUrl":"http:\/\/www.isletasnoticias.com.ar\/%77%70%2d%63%6f%6e%74%65%6e%74\/uploads\/2013\/10\/monge.jpg","articleSection":["Entre R\u00edos","Politica"],"inLanguage":"es","potentialAction":[{"@type":"CommentAction","name":"Comment","target":["https:\/\/informelitoral.com.ar\/monge-urribarri-no-hablo-de-la-dificil-situacion-economica-y-la-cuestion-salarial-en-la-asamblea-legislativa\/#respond"]}]},{"@type":"WebPage","@id":"https:\/\/informelitoral.com.ar\/monge-urribarri-no-hablo-de-la-dificil-situacion-economica-y-la-cuestion-salarial-en-la-asamblea-legislativa\/","url":"https:\/\/informelitoral.com.ar\/monge-urribarri-no-hablo-de-la-dificil-situacion-economica-y-la-cuestion-salarial-en-la-asamblea-legislativa\/","name":"Monge: \u201cUrribarri no habl\u00f3 de la dif\u00edcil situaci\u00f3n econ\u00f3mica y la cuesti\u00f3n salarial\u201d en la Asamblea Legislativa - Informe Litoral","isPartOf":{"@id":"https:\/\/informelitoral.com.ar\/#website"},"primaryImageOfPage":{"@id":"https:\/\/informelitoral.com.ar\/monge-urribarri-no-hablo-de-la-dificil-situacion-economica-y-la-cuestion-salarial-en-la-asamblea-legislativa\/#primaryimage"},"image":{"@id":"https:\/\/informelitoral.com.ar\/monge-urribarri-no-hablo-de-la-dificil-situacion-economica-y-la-cuestion-salarial-en-la-asamblea-legislativa\/#primaryimage"},"thumbnailUrl":"http:\/\/www.isletasnoticias.com.ar\/%77%70%2d%63%6f%6e%74%65%6e%74\/uploads\/2013\/10\/monge.jpg","datePublished":"2014-02-18T00:57:31+00:00","dateModified":"2014-02-18T01:03:45+00:00","breadcrumb":{"@id":"https:\/\/informelitoral.com.ar\/monge-urribarri-no-hablo-de-la-dificil-situacion-economica-y-la-cuestion-salarial-en-la-asamblea-legislativa\/#breadcrumb"},"inLanguage":"es","potentialAction":[{"@type":"ReadAction","target":["https:\/\/informelitoral.com.ar\/monge-urribarri-no-hablo-de-la-dificil-situacion-economica-y-la-cuestion-salarial-en-la-asamblea-legislativa\/"]}]},{"@type":"ImageObject","inLanguage":"es","@id":"https:\/\/informelitoral.com.ar\/monge-urribarri-no-hablo-de-la-dificil-situacion-economica-y-la-cuestion-salarial-en-la-asamblea-legislativa\/#primaryimage","url":"http:\/\/www.isletasnoticias.com.ar\/%77%70%2d%63%6f%6e%74%65%6e%74\/uploads\/2013\/10\/monge.jpg","contentUrl":"http:\/\/www.isletasnoticias.com.ar\/%77%70%2d%63%6f%6e%74%65%6e%74\/uploads\/2013\/10\/monge.jpg"},{"@type":"BreadcrumbList","@id":"https:\/\/informelitoral.com.ar\/monge-urribarri-no-hablo-de-la-dificil-situacion-economica-y-la-cuestion-salarial-en-la-asamblea-legislativa\/#breadcrumb","itemListElement":[{"@type":"ListItem","position":1,"name":"Portada","item":"https:\/\/informelitoral.com.ar\/"},{"@type":"ListItem","position":2,"name":"Monge: \u201cUrribarri no habl\u00f3 de la dif\u00edcil situaci\u00f3n econ\u00f3mica y la cuesti\u00f3n salarial\u201d en la Asamblea Legislativa"}]},{"@type":"WebSite","@id":"https:\/\/informelitoral.com.ar\/#website","url":"https:\/\/informelitoral.com.ar\/","name":"Informe Litoral","description":"&quot;Nos informamos&quot; ","publisher":{"@id":"https:\/\/informelitoral.com.ar\/#organization"},"potentialAction":[{"@type":"SearchAction","target":{"@type":"EntryPoint","urlTemplate":"https:\/\/informelitoral.com.ar\/?s={search_term_string}"},"query-input":{"@type":"PropertyValueSpecification","valueRequired":true,"valueName":"search_term_string"}}],"inLanguage":"es"},{"@type":"Organization","@id":"https:\/\/informelitoral.com.ar\/#organization","name":"Informe Litoral","url":"https:\/\/informelitoral.com.ar\/","logo":{"@type":"ImageObject","inLanguage":"es","@id":"https:\/\/informelitoral.com.ar\/#\/schema\/logo\/image\/","url":"https:\/\/informelitoral.com.ar\/%77%70%2d%63%6f%6e%74%65%6e%74\/uploads\/2021\/01\/circulo.png","contentUrl":"https:\/\/informelitoral.com.ar\/%77%70%2d%63%6f%6e%74%65%6e%74\/uploads\/2021\/01\/circulo.png","width":723,"height":731,"caption":"Informe Litoral"},"image":{"@id":"https:\/\/informelitoral.com.ar\/#\/schema\/logo\/image\/"},"sameAs":["https:\/\/www.facebook.com\/informelitoral\/","https:\/\/x.com\/InformeLitoral","https:\/\/www.instagram.com\/informelitoral\/","https:\/\/www.youtube.com\/channel\/UCua4Qvz8Icb6MYqhoq9xLXw"]},{"@type":"Person","@id":"https:\/\/informelitoral.com.ar\/#\/schema\/person\/b9d00407c836482871ef1d57bf8e3180","name":"Gonzalo Schmidt","image":{"@type":"ImageObject","inLanguage":"es","@id":"https:\/\/secure.gravatar.com\/avatar\/31a1a7b66ff2de83bd0e9fd79d026630d2d99e55e8bfe501287647b4fd9743de?s=96&d=mm&r=g","url":"https:\/\/secure.gravatar.com\/avatar\/31a1a7b66ff2de83bd0e9fd79d026630d2d99e55e8bfe501287647b4fd9743de?s=96&d=mm&r=g","contentUrl":"https:\/\/secure.gravatar.com\/avatar\/31a1a7b66ff2de83bd0e9fd79d026630d2d99e55e8bfe501287647b4fd9743de?s=96&d=mm&r=g","caption":"Gonzalo Schmidt"},"description":"Sitio web de noticias de la provincia de Entre R\u00edos, Argentina. Informaci\u00f3n y entretenimiento. Informe Litoral, nos informamos.","sameAs":["http:\/\/www.isletasnoticias.com.ar"],"url":"https:\/\/informelitoral.com.ar\/author\/gonzalo\/"}]}},"_links":{"self":[{"href":"https:\/\/informelitoral.com.ar\/%77%70%2d%6a%73%6f%6e\/wp\/v2\/posts\/5634","targetHints":{"allow":["GET"]}}],"collection":[{"href":"https:\/\/informelitoral.com.ar\/%77%70%2d%6a%73%6f%6e\/wp\/v2\/posts"}],"about":[{"href":"https:\/\/informelitoral.com.ar\/%77%70%2d%6a%73%6f%6e\/wp\/v2\/types\/post"}],"author":[{"embeddable":true,"href":"https:\/\/informelitoral.com.ar\/%77%70%2d%6a%73%6f%6e\/wp\/v2\/users\/2"}],"replies":[{"embeddable":true,"href":"https:\/\/informelitoral.com.ar\/%77%70%2d%6a%73%6f%6e\/wp\/v2\/comments?post=5634"}],"version-history":[{"count":0,"href":"https:\/\/informelitoral.com.ar\/%77%70%2d%6a%73%6f%6e\/wp\/v2\/posts\/5634\/revisions"}],"wp:attachment":[{"href":"https:\/\/informelitoral.com.ar\/%77%70%2d%6a%73%6f%6e\/wp\/v2\/media?parent=5634"}],"wp:term":[{"taxonomy":"category","embeddable":true,"href":"https:\/\/informelitoral.com.ar\/%77%70%2d%6a%73%6f%6e\/wp\/v2\/categories?post=5634"},{"taxonomy":"post_tag","embeddable":true,"href":"https:\/\/informelitoral.com.ar\/%77%70%2d%6a%73%6f%6e\/wp\/v2\/tags?post=5634"}],"curies":[{"name":"wp","href":"https:\/\/api.w.org\/{rel}","templated":true}]}}