{"id":5631,"date":"2014-02-16T11:52:43","date_gmt":"2014-02-16T14:52:43","guid":{"rendered":"http:\/\/www.isletasnoticias.com.ar\/?p=5631"},"modified":"2014-02-16T11:54:56","modified_gmt":"2014-02-16T14:54:56","slug":"urribarri-ratifico-su-aspiracion-presidencial-y-promovera-la-reforma-electoral","status":"publish","type":"post","link":"https:\/\/informelitoral.com.ar\/urribarri-ratifico-su-aspiracion-presidencial-y-promovera-la-reforma-electoral\/","title":{"rendered":"Urribarri ratific\u00f3 su aspiraci\u00f3n presidencial y promover\u00e1 la reforma electoral"},"content":{"rendered":"<p><strong>El gobernador hizo la apertura de las sesiones ordinarias del 135\u00ba per\u00edodo legislativo. En ese marco confirm\u00f3 que promover\u00e1 la reforma de la Ley Castrill\u00f3n. Dijo que siempre estar\u00e1 en el proyecto de CFK. \u00abEn el 2014 vamos por m\u00e1s\u00bb, dijo.<\/strong><\/p>\n<p><a href=\"http:\/\/www.isletasnoticias.com.ar\/%77%70%2d%63%6f%6e%74%65%6e%74\/uploads\/2014\/02\/urribarri.jpg\"><img loading=\"lazy\" decoding=\"async\" class=\"size-medium wp-image-5597 alignright\" alt=\"urribarri\" src=\"http:\/\/www.isletasnoticias.com.ar\/%77%70%2d%63%6f%6e%74%65%6e%74\/uploads\/2014\/02\/urribarri-238x300.jpg\" width=\"238\" height=\"300\" srcset=\"https:\/\/informelitoral.com.ar\/%77%70%2d%63%6f%6e%74%65%6e%74\/uploads\/2014\/02\/urribarri-238x300.jpg 238w, https:\/\/informelitoral.com.ar\/%77%70%2d%63%6f%6e%74%65%6e%74\/uploads\/2014\/02\/urribarri.jpg 764w\" sizes=\"auto, (max-width: 238px) 100vw, 238px\" \/><\/a><\/p>\n<p>El gobernador de Entre R\u00edos, <strong>Sergio Urribarri<\/strong> realiz\u00f3 la apertura\u00a0del 135\u00ba per\u00edodo de sesiones ordinarias ante la Asamblea Legislativa. El acto fue este s\u00e1bado en el Teatro 3 de Febrero de Paran\u00e1. Concurrieron legisladores nacionales y provinciales; ministros, intendentes, funcionarios del Poder Judicial de Entre R\u00edos y representantes de la iglesia.<\/p>\n<p>El Teatro de la capital entrerriana se colm\u00f3 de funcionarios y j\u00f3venes militantes este s\u00e1bado por la ma\u00f1ana. A las 11: 30 el gobernador Sergio Urribarri hizo su entrada al recinto para dar su informe de gesti\u00f3n y realizar la apertura de las sesiones ordinarias para el 2014. Antes confirm\u00f3 a la prensa que el mi\u00e9rcoles le hab\u00eda anunciado a los intendentes justicialistas su voluntad de competir como precandidato a presidente en la interna nacional del peronismo.<\/p>\n<p><b>Urribarri: \u00absomos valorados\u00bb<\/b><br \/>\nApenas comenz\u00f3 su alocuci\u00f3n ante la Asamblea Legislativa, Urribarri, asegur\u00f3 que el 2014 es uno de los a\u00f1os \u201cm\u00e1s bravos y dif\u00edciles\u201d. En ese sentido se\u00f1al\u00f3 que a pesar del panorama econ\u00f3mico a nivel internacional y nacional, el Estado entrerriano \u201cse ha mantenido eficaz y convocante\u201d.<\/p>\n<p>\u201cEficaz para no dejar pasar ni una sola oportunidad de progreso que se presente, y convocante para nunca perder de vista que la mejor contribuci\u00f3n de un gobierno es encontrar los puntos que una a las personas, respetar sus intereses y esforzarse por completar las demandas\u201d, explic\u00f3.<\/p>\n<p>Y agreg\u00f3: \u201cen Entre R\u00edos miles y miles de personas han visto satisfecho su deseo de progreso individual o familiar\u201d. \u201cHan accedido al progreso con el impresionante programa de infraestructura p\u00fablica\u201d, sostuvo.<\/p>\n<p>En este punto calific\u00f3 a su gobierno como uno de los \u201cm\u00e1s exitosos\u201d de la historia entrerriana. \u201cHoy el pa\u00eds valora m\u00e1s a Entre R\u00edos y los entrerrianos tambi\u00e9n. Nunca jam\u00e1s un gobernador ha sido valorado por el poder central, por el gobierno de todos los argentinos\u201d, subray\u00f3.<\/p>\n<p>El mandatario provincial resalt\u00f3 el rumbo de la gesti\u00f3n, repas\u00f3 los logros en infraestructura en obra p\u00fablica, en inversi\u00f3n educativa y los proyectos en econom\u00eda social, salud y seguridad. Asimismo resalt\u00f3 \u00abla ratificaci\u00f3n de confianza\u00bb a su gesti\u00f3n de los entrerrianos en las elecciones de octubre de 2013.<\/p>\n<p><b>Acuartelamientos y caos en Concordia<\/b><br \/>\nEn otro orden de cosas, se refiri\u00f3 a los hechos de violencia de\u00a0principios de diciembre de 2013 en Concordia, donde la polic\u00eda se acuartel\u00f3 y hubo saqueos que ocasionaron tres muertes. Ante la Asamblea Legislativa asegur\u00f3 que \u201chan existido y existen amenazas al sistema democr\u00e1tico\u201d, en alusi\u00f3n a los hechos consignados.<\/p>\n<p>\u201cLos violentos y los que instigaron la violencia est\u00e1n siendo juzgados por lo que son: sediciosos. Cuya acci\u00f3n deriv\u00f3 en la p\u00e9rdida de vidas humanas\u201d, expres\u00f3 en\u00e9rgico. En ese marco felicit\u00f3 a la justicia por las acciones \u201cbrillantes\u201d para investigar y acusar a los uniformados concordienses. M\u00e1s tarde, en materia de seguridad, destac\u00f3 la lucha contra el crimen organizado y la incorporaci\u00f3n en 2014 de nuevas tecnol\u00f3gicas para la identificaci\u00f3n de personas y veh\u00edculos.<\/p>\n<p><b>Reforma a la Ley Castrill\u00f3n<\/b><\/p>\n<p>Un punto sobresaliente del discurso fue cuando manifest\u00f3 ante los legisladores que promover\u00e1 la reforma de la ley electoral provincial, m\u00e1s conocida como Ley Castrill\u00f3n.<\/p>\n<p>\u201cVamos a promover la reforma de la ley electoral. La idea es tener uniformidad con las reglas de las elecciones nacionales en lo que refiere a la estructuraci\u00f3n de las PASO. La idea es incorporar las nuevas tecnolog\u00edas y que se facilite al sistema de partidos m\u00e1s flexibilidad en su conformaci\u00f3n de ofertas final de candidatos con el objetivo de fortalecer la futura eventual coalici\u00f3n gubernamental. Entre R\u00edos podr\u00eda plantear un sistema m\u00e1s flexible y de avanzada en cuanto a la conformaci\u00f3n final de las f\u00f3rmulas\u201d, se explay\u00f3 Urribari sobre la reforma electoral.<\/p>\n<p><b>Paritarias<\/b><br \/>\nAl hacer menci\u00f3n a las negociaciones salariales con los gremios estatales manifest\u00f3 que nunca en su gobierno necesit\u00f3 una medida de fuerza para \u201cponer una oferta salarial\u201d y que conf\u00eda en que \u201clos trabajadores del sector p\u00fablico y sus dirigentes sabr\u00e1n valorar el esfuerzo de la Provincia\u201d.<\/p>\n<p>Luego puso de relieve que \u201csiempre ofrecimos lo m\u00e1ximo posible\u201d en materia salarial. \u201cNo tengo ninguna se\u00f1al que no sea la de la responsabilidad de todas las partes, por lo que esperamos sea un proceso constructivo\u201d, remarc\u00f3 al cerrar ese punto.<\/p>\n<p><b>Educaci\u00f3n<\/b><br \/>\nEn cuanto a materia educativa hizo notar que en la provincia se entregaron 137.529 computadoras personales para los j\u00f3venes y que ya existen 40 escuelas de jornadas completas, denominadas Ninas, y que prev\u00e9n llegar a 100 escuelas de ese tipo en 2015. En ese l\u00ednea dijo que se logr\u00f3 bajar sensiblemente la tasa de analfabetismo, de un 2,8 % en 2008 a 1,8 en 2013. Tambi\u00e9n destac\u00f3 los programas de formaci\u00f3n docentes que lleva adelante el Consejo General de Educaci\u00f3n.<\/p>\n<p><b>Deuda<\/b><br \/>\nRespecto a la deuda provincial Urribarri sostuvo que la Provincia seguir\u00e1 recurriendo a los mercados de cr\u00e9dito: \u201cvamos a seguir manej\u00e1ndonos con las herramientas financieras que est\u00e9n a nuestro alcance dentro del mercado financiero y movi\u00e9ndonos en materia de gasto con la mayor autoridad posible en una econom\u00eda y finanzas provinciales que gozan de muy buena salud. Tenemos la mitad de porcentaje de deuda con respecto a los recursos, cuando asumimos en 2007\u201d.<\/p>\n<p><b>Obras<\/b><br \/>\nAl hacer menci\u00f3n a las obras p\u00fablicas llevadas a cabo en la provincia record\u00f3 cuando desde la oposici\u00f3n se lo acusaban de que \u201chab\u00eda obras virtuales\u201d pero hoy \u201cno lo dicen m\u00e1s\u00bb ya que \u201cdonde hab\u00eda un cruce oscuro y peligroso, hoy hay un lindo acceso asfaltado iluminado y seguro. Las obras de este gobierno no tienen nada de virtual son tan reales que han cambiado la vida a much\u00edsima gente en Entre R\u00edos\u201d.<\/p>\n<p>Acot\u00f3 que el 90% de los entrerrianos tienen agua potable y m\u00e1s del 70% cloaca. En tanto, detall\u00f3 que desde el Instituto Aut\u00e1rquico de Planeamiento y Vivienda (IAPV) se construyeron 7 mil casas y junto con las del PROCREAR se alcanzan 15 mil soluciones habitacionales.<\/p>\n<p>Al cierre afirm\u00f3 que \u00aben el 2014 vamos por m\u00e1s en Entre R\u00edos\u00bb porque \u00abnos inspiran altos objetivos y nos sobran energ\u00edas\u00bb. Ratific\u00f3 que siempre estar\u00e1 \u00abcon el proyecto nacional y popular\u00bb y \u00abcerca de los entrerrianos y de ahora en m\u00e1s cerca de los argentinos\u201d, en lo que fue un claro mensaje de su aspiraci\u00f3n para suceder a Cristina Kirchner en la presidencia en 2015. (Fuente: Informe Digital).<\/p>\n","protected":false},"excerpt":{"rendered":"<p>El gobernador hizo la apertura de las sesiones ordinarias del 135&ordm; per&iacute;odo legislativo. En ese marco confirm&oacute; que promover&aacute; la reforma de la Ley Castrill&oacute;n. Dijo que siempre estar&aacute; en el proyecto de CFK. &laquo;En el 2014 vamos por m&aacute;s&raquo;, dijo. El gobernador de Entre R&iacute;os, Sergio Urribarri realiz&oacute; la apertura&nbsp;del 135&ordm; per&iacute;odo de sesiones [&hellip;]<\/p>\n","protected":false},"author":2,"featured_media":0,"comment_status":"open","ping_status":"open","sticky":false,"template":"","format":"standard","meta":{"fifu_image_url":"","fifu_image_alt":"","footnotes":""},"categories":[6,16],"tags":[],"class_list":{"0":"post-5631","1":"post","2":"type-post","3":"status-publish","4":"format-standard","6":"category-entre-rios","7":"category-politi"},"yoast_head":"<title>Urribarri ratific\u00f3 su aspiraci\u00f3n presidencial y promover\u00e1 la reforma electoral - Informe Litoral<\/title>\n<meta name=\"robots\" content=\"index, follow, max-snippet:-1, max-image-preview:large, max-video-preview:-1\" \/>\n<link rel=\"canonical\" href=\"https:\/\/informelitoral.com.ar\/urribarri-ratifico-su-aspiracion-presidencial-y-promovera-la-reforma-electoral\/\" \/>\n<meta property=\"og:locale\" content=\"es_ES\" \/>\n<meta property=\"og:type\" content=\"article\" \/>\n<meta property=\"og:title\" content=\"Urribarri ratific\u00f3 su aspiraci\u00f3n presidencial y promover\u00e1 la reforma electoral - Informe Litoral\" \/>\n<meta property=\"og:description\" content=\"El gobernador hizo la apertura de las sesiones ordinarias del 135&ordm; per&iacute;odo legislativo. En ese marco confirm&oacute; que promover&aacute; la reforma de la Ley Castrill&oacute;n. Dijo que siempre estar&aacute; en el proyecto de CFK. &laquo;En el 2014 vamos por m&aacute;s&raquo;, dijo. El gobernador de Entre R&iacute;os, Sergio Urribarri realiz&oacute; la apertura&nbsp;del 135&ordm; per&iacute;odo de sesiones [&hellip;]\" \/>\n<meta property=\"og:url\" content=\"https:\/\/informelitoral.com.ar\/urribarri-ratifico-su-aspiracion-presidencial-y-promovera-la-reforma-electoral\/\" \/>\n<meta property=\"og:site_name\" content=\"Informe Litoral\" \/>\n<meta property=\"article:publisher\" content=\"https:\/\/www.facebook.com\/informelitoral\/\" \/>\n<meta property=\"article:published_time\" content=\"2014-02-16T14:52:43+00:00\" \/>\n<meta property=\"article:modified_time\" content=\"2014-02-16T14:54:56+00:00\" \/>\n<meta property=\"og:image\" content=\"https:\/\/informelitoral.com.ar\/%77%70%2d%63%6f%6e%74%65%6e%74\/uploads\/2014\/02\/urribarri.jpg\" \/>\n\t<meta property=\"og:image:width\" content=\"764\" \/>\n\t<meta property=\"og:image:height\" content=\"960\" \/>\n\t<meta property=\"og:image:type\" content=\"image\/jpeg\" \/>\n<meta name=\"author\" content=\"Gonzalo Schmidt\" \/>\n<meta name=\"twitter:card\" content=\"summary_large_image\" \/>\n<meta name=\"twitter:creator\" content=\"@InformeLitoral\" \/>\n<meta name=\"twitter:site\" content=\"@InformeLitoral\" \/>\n<meta name=\"twitter:label1\" content=\"Escrito por\" \/>\n\t<meta name=\"twitter:data1\" content=\"Gonzalo Schmidt\" \/>\n\t<meta name=\"twitter:label2\" content=\"Tiempo de lectura\" \/>\n\t<meta name=\"twitter:data2\" content=\"6 minutos\" \/>\n<script type=\"application\/ld+json\" class=\"yoast-schema-graph\">{\"@context\":\"https:\\\/\\\/schema.org\",\"@graph\":[{\"@type\":\"Article\",\"@id\":\"https:\\\/\\\/informelitoral.com.ar\\\/urribarri-ratifico-su-aspiracion-presidencial-y-promovera-la-reforma-electoral\\\/#article\",\"isPartOf\":{\"@id\":\"https:\\\/\\\/informelitoral.com.ar\\\/urribarri-ratifico-su-aspiracion-presidencial-y-promovera-la-reforma-electoral\\\/\"},\"author\":{\"name\":\"Gonzalo Schmidt\",\"@id\":\"https:\\\/\\\/informelitoral.com.ar\\\/#\\\/schema\\\/person\\\/b9d00407c836482871ef1d57bf8e3180\"},\"headline\":\"Urribarri ratific\u00f3 su aspiraci\u00f3n presidencial y promover\u00e1 la reforma electoral\",\"datePublished\":\"2014-02-16T14:52:43+00:00\",\"dateModified\":\"2014-02-16T14:54:56+00:00\",\"mainEntityOfPage\":{\"@id\":\"https:\\\/\\\/informelitoral.com.ar\\\/urribarri-ratifico-su-aspiracion-presidencial-y-promovera-la-reforma-electoral\\\/\"},\"wordCount\":1157,\"commentCount\":0,\"publisher\":{\"@id\":\"https:\\\/\\\/informelitoral.com.ar\\\/#organization\"},\"image\":{\"@id\":\"https:\\\/\\\/informelitoral.com.ar\\\/urribarri-ratifico-su-aspiracion-presidencial-y-promovera-la-reforma-electoral\\\/#primaryimage\"},\"thumbnailUrl\":\"http:\\\/\\\/www.isletasnoticias.com.ar\\\/%77%70%2d%63%6f%6e%74%65%6e%74\\\/uploads\\\/2014\\\/02\\\/urribarri-238x300.jpg\",\"articleSection\":[\"Entre R\u00edos\",\"Politica\"],\"inLanguage\":\"es\",\"potentialAction\":[{\"@type\":\"CommentAction\",\"name\":\"Comment\",\"target\":[\"https:\\\/\\\/informelitoral.com.ar\\\/urribarri-ratifico-su-aspiracion-presidencial-y-promovera-la-reforma-electoral\\\/#respond\"]}]},{\"@type\":\"WebPage\",\"@id\":\"https:\\\/\\\/informelitoral.com.ar\\\/urribarri-ratifico-su-aspiracion-presidencial-y-promovera-la-reforma-electoral\\\/\",\"url\":\"https:\\\/\\\/informelitoral.com.ar\\\/urribarri-ratifico-su-aspiracion-presidencial-y-promovera-la-reforma-electoral\\\/\",\"name\":\"Urribarri ratific\u00f3 su aspiraci\u00f3n presidencial y promover\u00e1 la reforma electoral - Informe Litoral\",\"isPartOf\":{\"@id\":\"https:\\\/\\\/informelitoral.com.ar\\\/#website\"},\"primaryImageOfPage\":{\"@id\":\"https:\\\/\\\/informelitoral.com.ar\\\/urribarri-ratifico-su-aspiracion-presidencial-y-promovera-la-reforma-electoral\\\/#primaryimage\"},\"image\":{\"@id\":\"https:\\\/\\\/informelitoral.com.ar\\\/urribarri-ratifico-su-aspiracion-presidencial-y-promovera-la-reforma-electoral\\\/#primaryimage\"},\"thumbnailUrl\":\"http:\\\/\\\/www.isletasnoticias.com.ar\\\/%77%70%2d%63%6f%6e%74%65%6e%74\\\/uploads\\\/2014\\\/02\\\/urribarri-238x300.jpg\",\"datePublished\":\"2014-02-16T14:52:43+00:00\",\"dateModified\":\"2014-02-16T14:54:56+00:00\",\"breadcrumb\":{\"@id\":\"https:\\\/\\\/informelitoral.com.ar\\\/urribarri-ratifico-su-aspiracion-presidencial-y-promovera-la-reforma-electoral\\\/#breadcrumb\"},\"inLanguage\":\"es\",\"potentialAction\":[{\"@type\":\"ReadAction\",\"target\":[\"https:\\\/\\\/informelitoral.com.ar\\\/urribarri-ratifico-su-aspiracion-presidencial-y-promovera-la-reforma-electoral\\\/\"]}]},{\"@type\":\"ImageObject\",\"inLanguage\":\"es\",\"@id\":\"https:\\\/\\\/informelitoral.com.ar\\\/urribarri-ratifico-su-aspiracion-presidencial-y-promovera-la-reforma-electoral\\\/#primaryimage\",\"url\":\"http:\\\/\\\/www.isletasnoticias.com.ar\\\/%77%70%2d%63%6f%6e%74%65%6e%74\\\/uploads\\\/2014\\\/02\\\/urribarri-238x300.jpg\",\"contentUrl\":\"http:\\\/\\\/www.isletasnoticias.com.ar\\\/%77%70%2d%63%6f%6e%74%65%6e%74\\\/uploads\\\/2014\\\/02\\\/urribarri-238x300.jpg\"},{\"@type\":\"BreadcrumbList\",\"@id\":\"https:\\\/\\\/informelitoral.com.ar\\\/urribarri-ratifico-su-aspiracion-presidencial-y-promovera-la-reforma-electoral\\\/#breadcrumb\",\"itemListElement\":[{\"@type\":\"ListItem\",\"position\":1,\"name\":\"Portada\",\"item\":\"https:\\\/\\\/informelitoral.com.ar\\\/\"},{\"@type\":\"ListItem\",\"position\":2,\"name\":\"Urribarri ratific\u00f3 su aspiraci\u00f3n presidencial y promover\u00e1 la reforma electoral\"}]},{\"@type\":\"WebSite\",\"@id\":\"https:\\\/\\\/informelitoral.com.ar\\\/#website\",\"url\":\"https:\\\/\\\/informelitoral.com.ar\\\/\",\"name\":\"Informe Litoral\",\"description\":\"&quot;Nos informamos&quot; \",\"publisher\":{\"@id\":\"https:\\\/\\\/informelitoral.com.ar\\\/#organization\"},\"potentialAction\":[{\"@type\":\"SearchAction\",\"target\":{\"@type\":\"EntryPoint\",\"urlTemplate\":\"https:\\\/\\\/informelitoral.com.ar\\\/?s={search_term_string}\"},\"query-input\":{\"@type\":\"PropertyValueSpecification\",\"valueRequired\":true,\"valueName\":\"search_term_string\"}}],\"inLanguage\":\"es\"},{\"@type\":\"Organization\",\"@id\":\"https:\\\/\\\/informelitoral.com.ar\\\/#organization\",\"name\":\"Informe Litoral\",\"url\":\"https:\\\/\\\/informelitoral.com.ar\\\/\",\"logo\":{\"@type\":\"ImageObject\",\"inLanguage\":\"es\",\"@id\":\"https:\\\/\\\/informelitoral.com.ar\\\/#\\\/schema\\\/logo\\\/image\\\/\",\"url\":\"https:\\\/\\\/informelitoral.com.ar\\\/%77%70%2d%63%6f%6e%74%65%6e%74\\\/uploads\\\/2021\\\/01\\\/circulo.png\",\"contentUrl\":\"https:\\\/\\\/informelitoral.com.ar\\\/%77%70%2d%63%6f%6e%74%65%6e%74\\\/uploads\\\/2021\\\/01\\\/circulo.png\",\"width\":723,\"height\":731,\"caption\":\"Informe Litoral\"},\"image\":{\"@id\":\"https:\\\/\\\/informelitoral.com.ar\\\/#\\\/schema\\\/logo\\\/image\\\/\"},\"sameAs\":[\"https:\\\/\\\/www.facebook.com\\\/informelitoral\\\/\",\"https:\\\/\\\/x.com\\\/InformeLitoral\",\"https:\\\/\\\/www.instagram.com\\\/informelitoral\\\/\",\"https:\\\/\\\/www.youtube.com\\\/channel\\\/UCua4Qvz8Icb6MYqhoq9xLXw\"]},{\"@type\":\"Person\",\"@id\":\"https:\\\/\\\/informelitoral.com.ar\\\/#\\\/schema\\\/person\\\/b9d00407c836482871ef1d57bf8e3180\",\"name\":\"Gonzalo Schmidt\",\"image\":{\"@type\":\"ImageObject\",\"inLanguage\":\"es\",\"@id\":\"https:\\\/\\\/secure.gravatar.com\\\/avatar\\\/31a1a7b66ff2de83bd0e9fd79d026630d2d99e55e8bfe501287647b4fd9743de?s=96&d=mm&r=g\",\"url\":\"https:\\\/\\\/secure.gravatar.com\\\/avatar\\\/31a1a7b66ff2de83bd0e9fd79d026630d2d99e55e8bfe501287647b4fd9743de?s=96&d=mm&r=g\",\"contentUrl\":\"https:\\\/\\\/secure.gravatar.com\\\/avatar\\\/31a1a7b66ff2de83bd0e9fd79d026630d2d99e55e8bfe501287647b4fd9743de?s=96&d=mm&r=g\",\"caption\":\"Gonzalo Schmidt\"},\"description\":\"Sitio web de noticias de la provincia de Entre R\u00edos, Argentina. Informaci\u00f3n y entretenimiento. Informe Litoral, nos informamos.\",\"sameAs\":[\"http:\\\/\\\/www.isletasnoticias.com.ar\"],\"url\":\"https:\\\/\\\/informelitoral.com.ar\\\/author\\\/gonzalo\\\/\"}]}<\/script>","yoast_head_json":{"title":"Urribarri ratific\u00f3 su aspiraci\u00f3n presidencial y promover\u00e1 la reforma electoral - Informe Litoral","robots":{"index":"index","follow":"follow","max-snippet":"max-snippet:-1","max-image-preview":"max-image-preview:large","max-video-preview":"max-video-preview:-1"},"canonical":"https:\/\/informelitoral.com.ar\/urribarri-ratifico-su-aspiracion-presidencial-y-promovera-la-reforma-electoral\/","og_locale":"es_ES","og_type":"article","og_title":"Urribarri ratific\u00f3 su aspiraci\u00f3n presidencial y promover\u00e1 la reforma electoral - Informe Litoral","og_description":"El gobernador hizo la apertura de las sesiones ordinarias del 135&ordm; per&iacute;odo legislativo. En ese marco confirm&oacute; que promover&aacute; la reforma de la Ley Castrill&oacute;n. Dijo que siempre estar&aacute; en el proyecto de CFK. &laquo;En el 2014 vamos por m&aacute;s&raquo;, dijo. El gobernador de Entre R&iacute;os, Sergio Urribarri realiz&oacute; la apertura&nbsp;del 135&ordm; per&iacute;odo de sesiones [&hellip;]","og_url":"https:\/\/informelitoral.com.ar\/urribarri-ratifico-su-aspiracion-presidencial-y-promovera-la-reforma-electoral\/","og_site_name":"Informe Litoral","article_publisher":"https:\/\/www.facebook.com\/informelitoral\/","article_published_time":"2014-02-16T14:52:43+00:00","article_modified_time":"2014-02-16T14:54:56+00:00","og_image":[{"width":764,"height":960,"url":"https:\/\/informelitoral.com.ar\/%77%70%2d%63%6f%6e%74%65%6e%74\/uploads\/2014\/02\/urribarri.jpg","type":"image\/jpeg"}],"author":"Gonzalo Schmidt","twitter_card":"summary_large_image","twitter_creator":"@InformeLitoral","twitter_site":"@InformeLitoral","twitter_misc":{"Escrito por":"Gonzalo Schmidt","Tiempo de lectura":"6 minutos"},"schema":{"@context":"https:\/\/schema.org","@graph":[{"@type":"Article","@id":"https:\/\/informelitoral.com.ar\/urribarri-ratifico-su-aspiracion-presidencial-y-promovera-la-reforma-electoral\/#article","isPartOf":{"@id":"https:\/\/informelitoral.com.ar\/urribarri-ratifico-su-aspiracion-presidencial-y-promovera-la-reforma-electoral\/"},"author":{"name":"Gonzalo Schmidt","@id":"https:\/\/informelitoral.com.ar\/#\/schema\/person\/b9d00407c836482871ef1d57bf8e3180"},"headline":"Urribarri ratific\u00f3 su aspiraci\u00f3n presidencial y promover\u00e1 la reforma electoral","datePublished":"2014-02-16T14:52:43+00:00","dateModified":"2014-02-16T14:54:56+00:00","mainEntityOfPage":{"@id":"https:\/\/informelitoral.com.ar\/urribarri-ratifico-su-aspiracion-presidencial-y-promovera-la-reforma-electoral\/"},"wordCount":1157,"commentCount":0,"publisher":{"@id":"https:\/\/informelitoral.com.ar\/#organization"},"image":{"@id":"https:\/\/informelitoral.com.ar\/urribarri-ratifico-su-aspiracion-presidencial-y-promovera-la-reforma-electoral\/#primaryimage"},"thumbnailUrl":"http:\/\/www.isletasnoticias.com.ar\/%77%70%2d%63%6f%6e%74%65%6e%74\/uploads\/2014\/02\/urribarri-238x300.jpg","articleSection":["Entre R\u00edos","Politica"],"inLanguage":"es","potentialAction":[{"@type":"CommentAction","name":"Comment","target":["https:\/\/informelitoral.com.ar\/urribarri-ratifico-su-aspiracion-presidencial-y-promovera-la-reforma-electoral\/#respond"]}]},{"@type":"WebPage","@id":"https:\/\/informelitoral.com.ar\/urribarri-ratifico-su-aspiracion-presidencial-y-promovera-la-reforma-electoral\/","url":"https:\/\/informelitoral.com.ar\/urribarri-ratifico-su-aspiracion-presidencial-y-promovera-la-reforma-electoral\/","name":"Urribarri ratific\u00f3 su aspiraci\u00f3n presidencial y promover\u00e1 la reforma electoral - Informe Litoral","isPartOf":{"@id":"https:\/\/informelitoral.com.ar\/#website"},"primaryImageOfPage":{"@id":"https:\/\/informelitoral.com.ar\/urribarri-ratifico-su-aspiracion-presidencial-y-promovera-la-reforma-electoral\/#primaryimage"},"image":{"@id":"https:\/\/informelitoral.com.ar\/urribarri-ratifico-su-aspiracion-presidencial-y-promovera-la-reforma-electoral\/#primaryimage"},"thumbnailUrl":"http:\/\/www.isletasnoticias.com.ar\/%77%70%2d%63%6f%6e%74%65%6e%74\/uploads\/2014\/02\/urribarri-238x300.jpg","datePublished":"2014-02-16T14:52:43+00:00","dateModified":"2014-02-16T14:54:56+00:00","breadcrumb":{"@id":"https:\/\/informelitoral.com.ar\/urribarri-ratifico-su-aspiracion-presidencial-y-promovera-la-reforma-electoral\/#breadcrumb"},"inLanguage":"es","potentialAction":[{"@type":"ReadAction","target":["https:\/\/informelitoral.com.ar\/urribarri-ratifico-su-aspiracion-presidencial-y-promovera-la-reforma-electoral\/"]}]},{"@type":"ImageObject","inLanguage":"es","@id":"https:\/\/informelitoral.com.ar\/urribarri-ratifico-su-aspiracion-presidencial-y-promovera-la-reforma-electoral\/#primaryimage","url":"http:\/\/www.isletasnoticias.com.ar\/%77%70%2d%63%6f%6e%74%65%6e%74\/uploads\/2014\/02\/urribarri-238x300.jpg","contentUrl":"http:\/\/www.isletasnoticias.com.ar\/%77%70%2d%63%6f%6e%74%65%6e%74\/uploads\/2014\/02\/urribarri-238x300.jpg"},{"@type":"BreadcrumbList","@id":"https:\/\/informelitoral.com.ar\/urribarri-ratifico-su-aspiracion-presidencial-y-promovera-la-reforma-electoral\/#breadcrumb","itemListElement":[{"@type":"ListItem","position":1,"name":"Portada","item":"https:\/\/informelitoral.com.ar\/"},{"@type":"ListItem","position":2,"name":"Urribarri ratific\u00f3 su aspiraci\u00f3n presidencial y promover\u00e1 la reforma electoral"}]},{"@type":"WebSite","@id":"https:\/\/informelitoral.com.ar\/#website","url":"https:\/\/informelitoral.com.ar\/","name":"Informe Litoral","description":"&quot;Nos informamos&quot; ","publisher":{"@id":"https:\/\/informelitoral.com.ar\/#organization"},"potentialAction":[{"@type":"SearchAction","target":{"@type":"EntryPoint","urlTemplate":"https:\/\/informelitoral.com.ar\/?s={search_term_string}"},"query-input":{"@type":"PropertyValueSpecification","valueRequired":true,"valueName":"search_term_string"}}],"inLanguage":"es"},{"@type":"Organization","@id":"https:\/\/informelitoral.com.ar\/#organization","name":"Informe Litoral","url":"https:\/\/informelitoral.com.ar\/","logo":{"@type":"ImageObject","inLanguage":"es","@id":"https:\/\/informelitoral.com.ar\/#\/schema\/logo\/image\/","url":"https:\/\/informelitoral.com.ar\/%77%70%2d%63%6f%6e%74%65%6e%74\/uploads\/2021\/01\/circulo.png","contentUrl":"https:\/\/informelitoral.com.ar\/%77%70%2d%63%6f%6e%74%65%6e%74\/uploads\/2021\/01\/circulo.png","width":723,"height":731,"caption":"Informe Litoral"},"image":{"@id":"https:\/\/informelitoral.com.ar\/#\/schema\/logo\/image\/"},"sameAs":["https:\/\/www.facebook.com\/informelitoral\/","https:\/\/x.com\/InformeLitoral","https:\/\/www.instagram.com\/informelitoral\/","https:\/\/www.youtube.com\/channel\/UCua4Qvz8Icb6MYqhoq9xLXw"]},{"@type":"Person","@id":"https:\/\/informelitoral.com.ar\/#\/schema\/person\/b9d00407c836482871ef1d57bf8e3180","name":"Gonzalo Schmidt","image":{"@type":"ImageObject","inLanguage":"es","@id":"https:\/\/secure.gravatar.com\/avatar\/31a1a7b66ff2de83bd0e9fd79d026630d2d99e55e8bfe501287647b4fd9743de?s=96&d=mm&r=g","url":"https:\/\/secure.gravatar.com\/avatar\/31a1a7b66ff2de83bd0e9fd79d026630d2d99e55e8bfe501287647b4fd9743de?s=96&d=mm&r=g","contentUrl":"https:\/\/secure.gravatar.com\/avatar\/31a1a7b66ff2de83bd0e9fd79d026630d2d99e55e8bfe501287647b4fd9743de?s=96&d=mm&r=g","caption":"Gonzalo Schmidt"},"description":"Sitio web de noticias de la provincia de Entre R\u00edos, Argentina. Informaci\u00f3n y entretenimiento. Informe Litoral, nos informamos.","sameAs":["http:\/\/www.isletasnoticias.com.ar"],"url":"https:\/\/informelitoral.com.ar\/author\/gonzalo\/"}]}},"_links":{"self":[{"href":"https:\/\/informelitoral.com.ar\/%77%70%2d%6a%73%6f%6e\/wp\/v2\/posts\/5631","targetHints":{"allow":["GET"]}}],"collection":[{"href":"https:\/\/informelitoral.com.ar\/%77%70%2d%6a%73%6f%6e\/wp\/v2\/posts"}],"about":[{"href":"https:\/\/informelitoral.com.ar\/%77%70%2d%6a%73%6f%6e\/wp\/v2\/types\/post"}],"author":[{"embeddable":true,"href":"https:\/\/informelitoral.com.ar\/%77%70%2d%6a%73%6f%6e\/wp\/v2\/users\/2"}],"replies":[{"embeddable":true,"href":"https:\/\/informelitoral.com.ar\/%77%70%2d%6a%73%6f%6e\/wp\/v2\/comments?post=5631"}],"version-history":[{"count":0,"href":"https:\/\/informelitoral.com.ar\/%77%70%2d%6a%73%6f%6e\/wp\/v2\/posts\/5631\/revisions"}],"wp:attachment":[{"href":"https:\/\/informelitoral.com.ar\/%77%70%2d%6a%73%6f%6e\/wp\/v2\/media?parent=5631"}],"wp:term":[{"taxonomy":"category","embeddable":true,"href":"https:\/\/informelitoral.com.ar\/%77%70%2d%6a%73%6f%6e\/wp\/v2\/categories?post=5631"},{"taxonomy":"post_tag","embeddable":true,"href":"https:\/\/informelitoral.com.ar\/%77%70%2d%6a%73%6f%6e\/wp\/v2\/tags?post=5631"}],"curies":[{"name":"wp","href":"https:\/\/api.w.org\/{rel}","templated":true}]}}