{"id":56300,"date":"2021-02-01T08:44:33","date_gmt":"2021-02-01T11:44:33","guid":{"rendered":"https:\/\/www.isletasnoticias.com.ar\/?p=56300"},"modified":"2021-02-01T08:44:33","modified_gmt":"2021-02-01T11:44:33","slug":"destacan-que-en-escuelas-entrerrianas-siguen-las-obras-para-garantizar-la-presencialidad","status":"publish","type":"post","link":"https:\/\/informelitoral.com.ar\/destacan-que-en-escuelas-entrerrianas-siguen-las-obras-para-garantizar-la-presencialidad\/","title":{"rendered":"Destacan que en escuelas entrerrianas siguen las obras para \u00abgarantizar la presencialidad\u00bb"},"content":{"rendered":"<p>La provincia prepara las escuelas para la presencialidad e invierte m\u00e1s de 66 millones de pesos en obras y adquisici\u00f3n de recursos materiales que garanticen la vuelta a clases bajo esa modalidad.<\/p>\n<p>Entre los trabajos previstos, est\u00e1n los que permitan el\u00a0<strong>acceso al agua potable apta para consumo y mejoran las condiciones edilicias en el marco de los protocolos de distanciamiento social e higiene, adem\u00e1s de la adquisici\u00f3n de insumos de limpieza y desinfecci\u00f3n.<\/strong><\/p>\n<p>Ya se han transferido de manera directa fondos a 24 escuelas sumando un total 6,7 millones de pesos; restando intervenciones en 32 establecimientos por una inversi\u00f3n de 6,9 millones de pesos para las pr\u00f3ximas semanas. Queda una \u00faltima etapa de transferencia de fondos por 5,3 millones de pesos para otras 20 escuelas.<\/p>\n<figure class=\"wp-block-image size-large\"><img loading=\"lazy\" decoding=\"async\" class=\"wp-image-81516 aligncenter\" src=\"https:\/\/i0.wp.com\/www.entremediosweb.com\/v2\/%77%70%2d%63%6f%6e%74%65%6e%74\/uploads\/2021\/01\/1612120248jpg.jpg?resize=708%2C472&amp;ssl=1\" sizes=\"auto, (max-width: 708px) 100vw, 708px\" srcset=\"https:\/\/i0.wp.com\/www.entremediosweb.com\/v2\/%77%70%2d%63%6f%6e%74%65%6e%74\/uploads\/2021\/01\/1612120248jpg.jpg?resize=1024%2C683&amp;ssl=1 1024w, https:\/\/i0.wp.com\/www.entremediosweb.com\/v2\/%77%70%2d%63%6f%6e%74%65%6e%74\/uploads\/2021\/01\/1612120248jpg.jpg?resize=300%2C200&amp;ssl=1 300w, https:\/\/i0.wp.com\/www.entremediosweb.com\/v2\/%77%70%2d%63%6f%6e%74%65%6e%74\/uploads\/2021\/01\/1612120248jpg.jpg?resize=768%2C512&amp;ssl=1 768w, https:\/\/i0.wp.com\/www.entremediosweb.com\/v2\/%77%70%2d%63%6f%6e%74%65%6e%74\/uploads\/2021\/01\/1612120248jpg.jpg?resize=1536%2C1024&amp;ssl=1 1536w, https:\/\/i0.wp.com\/www.entremediosweb.com\/v2\/%77%70%2d%63%6f%6e%74%65%6e%74\/uploads\/2021\/01\/1612120248jpg.jpg?w=1920&amp;ssl=1 1920w, https:\/\/i0.wp.com\/www.entremediosweb.com\/v2\/%77%70%2d%63%6f%6e%74%65%6e%74\/uploads\/2021\/01\/1612120248jpg.jpg?w=1416&amp;ssl=1 1416w\" alt=\"\" width=\"708\" height=\"472\" data-attachment-id=\"81516\" data-permalink=\"https:\/\/www.entremediosweb.com\/v2\/destacan-que-en-escuelas-entrerrianas-siguen-las-obras-para-garantizar-la-presencialidad\/1612120248jpg\/\" data-orig-file=\"https:\/\/i0.wp.com\/www.entremediosweb.com\/v2\/%77%70%2d%63%6f%6e%74%65%6e%74\/uploads\/2021\/01\/1612120248jpg.jpg?fit=1920%2C1280&amp;ssl=1\" data-orig-size=\"1920,1280\" data-comments-opened=\"0\" data-image-meta=\"{&quot;aperture&quot;:&quot;2.8&quot;,&quot;credit&quot;:&quot;&quot;,&quot;camera&quot;:&quot;NIKON D610&quot;,&quot;caption&quot;:&quot;&quot;,&quot;created_timestamp&quot;:&quot;1590901229&quot;,&quot;copyright&quot;:&quot;&quot;,&quot;focal_length&quot;:&quot;26&quot;,&quot;iso&quot;:&quot;640&quot;,&quot;shutter_speed&quot;:&quot;0.003125&quot;,&quot;title&quot;:&quot;&quot;,&quot;orientation&quot;:&quot;1&quot;}\" data-image-title=\"1612120248jpg\" data-image-description=\"\" data-medium-file=\"https:\/\/i0.wp.com\/www.entremediosweb.com\/v2\/%77%70%2d%63%6f%6e%74%65%6e%74\/uploads\/2021\/01\/1612120248jpg.jpg?fit=300%2C200&amp;ssl=1\" data-large-file=\"https:\/\/i0.wp.com\/www.entremediosweb.com\/v2\/%77%70%2d%63%6f%6e%74%65%6e%74\/uploads\/2021\/01\/1612120248jpg.jpg?fit=708%2C472&amp;ssl=1\" \/><\/figure>\n<p>En este sentido, el coordinador General de la Unidad Ejecutora Provincial (UEP)<strong>, Cristi\u00e1n Treppo,<\/strong>\u00a0destac\u00f3 la importancia de \u00abestas acciones en un contexto tan complejo como el que nos toca atravesar\u00bb.<\/p>\n<p>Agreg\u00f3: \u00abEste financiamiento permite preparar las escuelas para la presencialidad en pandemia, garantizando los materiales y recursos necesarios para la correcta aplicaci\u00f3n de protocolos que resguarden la salud de estudiantes, docentes y todo el personal educativo\u00bb.<\/p>\n<p><span style=\"text-align: center;\">\u00abLos programas, que pertenecen al Ministerio de Educaci\u00f3n de la Naci\u00f3n, incluyen obras menores que garanticen el acceso al agua potable apta para consumo, mejoras en las condiciones edilicias que permitan respetar los protocolos de distanciamiento social e higiene, y la adquisici\u00f3n de insumos de limpieza y desinfecci\u00f3n, entre otros\u00bb, detall\u00f3 el funcionario.<\/span><\/p>\n<p>Por \u00faltimo, valor\u00f3 los esfuerzos que se realizan desde la gesti\u00f3n provincial de Gustavo Bordet en materia de educaci\u00f3n que \u00abcon un plan de obra p\u00fablica millonario avanza en diferentes intervenciones, ya sea desde la construcci\u00f3n de nuevos edificios como la ampliaci\u00f3n y readecuaci\u00f3n de aquellos existentes\u00bb.<\/p>\n<figure class=\"wp-block-image size-large\"><img loading=\"lazy\" decoding=\"async\" class=\"wp-image-81515 aligncenter\" src=\"https:\/\/i2.wp.com\/www.entremediosweb.com\/v2\/%77%70%2d%63%6f%6e%74%65%6e%74\/uploads\/2021\/01\/1612113295jpg.jpg?resize=708%2C472&amp;ssl=1\" sizes=\"auto, (max-width: 708px) 100vw, 708px\" srcset=\"https:\/\/i2.wp.com\/www.entremediosweb.com\/v2\/%77%70%2d%63%6f%6e%74%65%6e%74\/uploads\/2021\/01\/1612113295jpg.jpg?resize=1024%2C683&amp;ssl=1 1024w, https:\/\/i2.wp.com\/www.entremediosweb.com\/v2\/%77%70%2d%63%6f%6e%74%65%6e%74\/uploads\/2021\/01\/1612113295jpg.jpg?resize=300%2C200&amp;ssl=1 300w, https:\/\/i2.wp.com\/www.entremediosweb.com\/v2\/%77%70%2d%63%6f%6e%74%65%6e%74\/uploads\/2021\/01\/1612113295jpg.jpg?resize=768%2C512&amp;ssl=1 768w, https:\/\/i2.wp.com\/www.entremediosweb.com\/v2\/%77%70%2d%63%6f%6e%74%65%6e%74\/uploads\/2021\/01\/1612113295jpg.jpg?resize=1536%2C1024&amp;ssl=1 1536w, https:\/\/i2.wp.com\/www.entremediosweb.com\/v2\/%77%70%2d%63%6f%6e%74%65%6e%74\/uploads\/2021\/01\/1612113295jpg.jpg?w=1920&amp;ssl=1 1920w, https:\/\/i2.wp.com\/www.entremediosweb.com\/v2\/%77%70%2d%63%6f%6e%74%65%6e%74\/uploads\/2021\/01\/1612113295jpg.jpg?w=1416&amp;ssl=1 1416w\" alt=\"\" width=\"708\" height=\"472\" data-attachment-id=\"81515\" data-permalink=\"https:\/\/www.entremediosweb.com\/v2\/destacan-que-en-escuelas-entrerrianas-siguen-las-obras-para-garantizar-la-presencialidad\/1612113295jpg\/\" data-orig-file=\"https:\/\/i2.wp.com\/www.entremediosweb.com\/v2\/%77%70%2d%63%6f%6e%74%65%6e%74\/uploads\/2021\/01\/1612113295jpg.jpg?fit=1920%2C1280&amp;ssl=1\" data-orig-size=\"1920,1280\" data-comments-opened=\"0\" data-image-meta=\"{&quot;aperture&quot;:&quot;0&quot;,&quot;credit&quot;:&quot;&quot;,&quot;camera&quot;:&quot;&quot;,&quot;caption&quot;:&quot;&quot;,&quot;created_timestamp&quot;:&quot;0&quot;,&quot;copyright&quot;:&quot;&quot;,&quot;focal_length&quot;:&quot;0&quot;,&quot;iso&quot;:&quot;0&quot;,&quot;shutter_speed&quot;:&quot;0&quot;,&quot;title&quot;:&quot;&quot;,&quot;orientation&quot;:&quot;1&quot;}\" data-image-title=\"1612113295jpg\" data-image-description=\"\" data-medium-file=\"https:\/\/i2.wp.com\/www.entremediosweb.com\/v2\/%77%70%2d%63%6f%6e%74%65%6e%74\/uploads\/2021\/01\/1612113295jpg.jpg?fit=300%2C200&amp;ssl=1\" data-large-file=\"https:\/\/i2.wp.com\/www.entremediosweb.com\/v2\/%77%70%2d%63%6f%6e%74%65%6e%74\/uploads\/2021\/01\/1612113295jpg.jpg?fit=708%2C472&amp;ssl=1\" \/><\/figure>\n<h5><strong>Sobre los Programas<\/strong><\/h5>\n<p>La implementaci\u00f3n de los Fondos de Emergencia nacionales para la prevenci\u00f3n del Covid-19 en establecimientos educativos se enmarca en el \u00abPrograma para el abastecimiento de agua apta para consumo y mejoras sanitarias\u00bb. Los mismos se corresponden a tres l\u00edneas de financiamiento, a saber:\u00a0<strong>PROMEDU, PROGRAMA 37 y PROMER II.<\/strong><\/p>\n<p>Los establecimientos seleccionados surgen del relevamiento en el territorio efectuado por directores departamentales de escuelas y jefes zonales de la Subsecretar\u00eda de Arquitectura.<\/p>\n<p>En el caso de aquellas intervenciones que no superen los 400.000 pesos la transferencia de fondos podr\u00e1 ser canalizada directamente a las escuelas a trav\u00e9s del Sistema de Transferencias de Recursos Educativos (Sitrared).<\/p>\n<p>Cuando las obras demanden un monto mayor, el financiamiento y la ejecuci\u00f3n se realizar\u00e1n mediante cotejos de precios para la correspondiente adjudicaci\u00f3n de los trabajos a empresas constructoras.<\/p>\n","protected":false},"excerpt":{"rendered":"<p>Es para garantizar las condiciones sanitarias en los diferentes establecimientos de la provincia. <\/p>\n","protected":false},"author":2,"featured_media":56301,"comment_status":"open","ping_status":"open","sticky":false,"template":"","format":"standard","meta":{"fifu_image_url":"","fifu_image_alt":"","footnotes":""},"categories":[6],"tags":[1639,98,81,1157],"class_list":{"0":"post-56300","1":"post","2":"type-post","3":"status-publish","4":"format-standard","5":"has-post-thumbnail","7":"category-entre-rios","8":"tag-clases-presenciales","9":"tag-educacion","10":"tag-entre-rios","11":"tag-escuela"},"yoast_head":"<title>Destacan que en escuelas entrerrianas siguen las obras para \u00abgarantizar la presencialidad\u00bb - Informe Litoral<\/title>\n<meta name=\"robots\" content=\"index, follow, max-snippet:-1, max-image-preview:large, max-video-preview:-1\" \/>\n<link rel=\"canonical\" href=\"https:\/\/informelitoral.com.ar\/destacan-que-en-escuelas-entrerrianas-siguen-las-obras-para-garantizar-la-presencialidad\/\" \/>\n<meta property=\"og:locale\" content=\"es_ES\" \/>\n<meta property=\"og:type\" content=\"article\" \/>\n<meta property=\"og:title\" content=\"Destacan que en escuelas entrerrianas siguen las obras para \u00abgarantizar la presencialidad\u00bb - Informe Litoral\" \/>\n<meta property=\"og:description\" content=\"Es para garantizar las condiciones sanitarias en los diferentes establecimientos de la provincia.\" \/>\n<meta property=\"og:url\" content=\"https:\/\/informelitoral.com.ar\/destacan-que-en-escuelas-entrerrianas-siguen-las-obras-para-garantizar-la-presencialidad\/\" \/>\n<meta property=\"og:site_name\" content=\"Informe Litoral\" \/>\n<meta property=\"article:publisher\" content=\"https:\/\/www.facebook.com\/informelitoral\/\" \/>\n<meta property=\"article:published_time\" content=\"2021-02-01T11:44:33+00:00\" \/>\n<meta property=\"og:image\" content=\"https:\/\/informelitoral.com.ar\/%77%70%2d%63%6f%6e%74%65%6e%74\/uploads\/2021\/02\/1612120280jpg.jpg\" \/>\n\t<meta property=\"og:image:width\" content=\"780\" \/>\n\t<meta property=\"og:image:height\" content=\"470\" \/>\n\t<meta property=\"og:image:type\" content=\"image\/jpeg\" \/>\n<meta name=\"author\" content=\"Gonzalo Schmidt\" \/>\n<meta name=\"twitter:card\" content=\"summary_large_image\" \/>\n<meta name=\"twitter:creator\" content=\"@InformeLitoral\" \/>\n<meta name=\"twitter:site\" content=\"@InformeLitoral\" \/>\n<meta name=\"twitter:label1\" content=\"Escrito por\" \/>\n\t<meta name=\"twitter:data1\" content=\"Gonzalo Schmidt\" \/>\n\t<meta name=\"twitter:label2\" content=\"Tiempo de lectura\" \/>\n\t<meta name=\"twitter:data2\" content=\"2 minutos\" \/>\n<script type=\"application\/ld+json\" class=\"yoast-schema-graph\">{\"@context\":\"https:\\\/\\\/schema.org\",\"@graph\":[{\"@type\":\"Article\",\"@id\":\"https:\\\/\\\/informelitoral.com.ar\\\/destacan-que-en-escuelas-entrerrianas-siguen-las-obras-para-garantizar-la-presencialidad\\\/#article\",\"isPartOf\":{\"@id\":\"https:\\\/\\\/informelitoral.com.ar\\\/destacan-que-en-escuelas-entrerrianas-siguen-las-obras-para-garantizar-la-presencialidad\\\/\"},\"author\":{\"name\":\"Gonzalo Schmidt\",\"@id\":\"https:\\\/\\\/informelitoral.com.ar\\\/#\\\/schema\\\/person\\\/b9d00407c836482871ef1d57bf8e3180\"},\"headline\":\"Destacan que en escuelas entrerrianas siguen las obras para \u00abgarantizar la presencialidad\u00bb\",\"datePublished\":\"2021-02-01T11:44:33+00:00\",\"mainEntityOfPage\":{\"@id\":\"https:\\\/\\\/informelitoral.com.ar\\\/destacan-que-en-escuelas-entrerrianas-siguen-las-obras-para-garantizar-la-presencialidad\\\/\"},\"wordCount\":460,\"commentCount\":0,\"publisher\":{\"@id\":\"https:\\\/\\\/informelitoral.com.ar\\\/#organization\"},\"image\":{\"@id\":\"https:\\\/\\\/informelitoral.com.ar\\\/destacan-que-en-escuelas-entrerrianas-siguen-las-obras-para-garantizar-la-presencialidad\\\/#primaryimage\"},\"thumbnailUrl\":\"https:\\\/\\\/informelitoral.com.ar\\\/%77%70%2d%63%6f%6e%74%65%6e%74\\\/uploads\\\/2021\\\/02\\\/1612120280jpg.jpg\",\"keywords\":[\"Clases presenciales\",\"Educaci\u00f3n\",\"Entre R\u00edos\",\"Escuela\"],\"articleSection\":[\"Entre R\u00edos\"],\"inLanguage\":\"es\",\"potentialAction\":[{\"@type\":\"CommentAction\",\"name\":\"Comment\",\"target\":[\"https:\\\/\\\/informelitoral.com.ar\\\/destacan-que-en-escuelas-entrerrianas-siguen-las-obras-para-garantizar-la-presencialidad\\\/#respond\"]}]},{\"@type\":\"WebPage\",\"@id\":\"https:\\\/\\\/informelitoral.com.ar\\\/destacan-que-en-escuelas-entrerrianas-siguen-las-obras-para-garantizar-la-presencialidad\\\/\",\"url\":\"https:\\\/\\\/informelitoral.com.ar\\\/destacan-que-en-escuelas-entrerrianas-siguen-las-obras-para-garantizar-la-presencialidad\\\/\",\"name\":\"Destacan que en escuelas entrerrianas siguen las obras para \u00abgarantizar la presencialidad\u00bb - Informe Litoral\",\"isPartOf\":{\"@id\":\"https:\\\/\\\/informelitoral.com.ar\\\/#website\"},\"primaryImageOfPage\":{\"@id\":\"https:\\\/\\\/informelitoral.com.ar\\\/destacan-que-en-escuelas-entrerrianas-siguen-las-obras-para-garantizar-la-presencialidad\\\/#primaryimage\"},\"image\":{\"@id\":\"https:\\\/\\\/informelitoral.com.ar\\\/destacan-que-en-escuelas-entrerrianas-siguen-las-obras-para-garantizar-la-presencialidad\\\/#primaryimage\"},\"thumbnailUrl\":\"https:\\\/\\\/informelitoral.com.ar\\\/%77%70%2d%63%6f%6e%74%65%6e%74\\\/uploads\\\/2021\\\/02\\\/1612120280jpg.jpg\",\"datePublished\":\"2021-02-01T11:44:33+00:00\",\"breadcrumb\":{\"@id\":\"https:\\\/\\\/informelitoral.com.ar\\\/destacan-que-en-escuelas-entrerrianas-siguen-las-obras-para-garantizar-la-presencialidad\\\/#breadcrumb\"},\"inLanguage\":\"es\",\"potentialAction\":[{\"@type\":\"ReadAction\",\"target\":[\"https:\\\/\\\/informelitoral.com.ar\\\/destacan-que-en-escuelas-entrerrianas-siguen-las-obras-para-garantizar-la-presencialidad\\\/\"]}]},{\"@type\":\"ImageObject\",\"inLanguage\":\"es\",\"@id\":\"https:\\\/\\\/informelitoral.com.ar\\\/destacan-que-en-escuelas-entrerrianas-siguen-las-obras-para-garantizar-la-presencialidad\\\/#primaryimage\",\"url\":\"https:\\\/\\\/informelitoral.com.ar\\\/%77%70%2d%63%6f%6e%74%65%6e%74\\\/uploads\\\/2021\\\/02\\\/1612120280jpg.jpg\",\"contentUrl\":\"https:\\\/\\\/informelitoral.com.ar\\\/%77%70%2d%63%6f%6e%74%65%6e%74\\\/uploads\\\/2021\\\/02\\\/1612120280jpg.jpg\",\"width\":780,\"height\":470},{\"@type\":\"BreadcrumbList\",\"@id\":\"https:\\\/\\\/informelitoral.com.ar\\\/destacan-que-en-escuelas-entrerrianas-siguen-las-obras-para-garantizar-la-presencialidad\\\/#breadcrumb\",\"itemListElement\":[{\"@type\":\"ListItem\",\"position\":1,\"name\":\"Portada\",\"item\":\"https:\\\/\\\/informelitoral.com.ar\\\/\"},{\"@type\":\"ListItem\",\"position\":2,\"name\":\"Destacan que en escuelas entrerrianas siguen las obras para \u00abgarantizar la presencialidad\u00bb\"}]},{\"@type\":\"WebSite\",\"@id\":\"https:\\\/\\\/informelitoral.com.ar\\\/#website\",\"url\":\"https:\\\/\\\/informelitoral.com.ar\\\/\",\"name\":\"Informe Litoral\",\"description\":\"&quot;Nos informamos&quot; \",\"publisher\":{\"@id\":\"https:\\\/\\\/informelitoral.com.ar\\\/#organization\"},\"potentialAction\":[{\"@type\":\"SearchAction\",\"target\":{\"@type\":\"EntryPoint\",\"urlTemplate\":\"https:\\\/\\\/informelitoral.com.ar\\\/?s={search_term_string}\"},\"query-input\":{\"@type\":\"PropertyValueSpecification\",\"valueRequired\":true,\"valueName\":\"search_term_string\"}}],\"inLanguage\":\"es\"},{\"@type\":\"Organization\",\"@id\":\"https:\\\/\\\/informelitoral.com.ar\\\/#organization\",\"name\":\"Informe Litoral\",\"url\":\"https:\\\/\\\/informelitoral.com.ar\\\/\",\"logo\":{\"@type\":\"ImageObject\",\"inLanguage\":\"es\",\"@id\":\"https:\\\/\\\/informelitoral.com.ar\\\/#\\\/schema\\\/logo\\\/image\\\/\",\"url\":\"https:\\\/\\\/informelitoral.com.ar\\\/%77%70%2d%63%6f%6e%74%65%6e%74\\\/uploads\\\/2021\\\/01\\\/circulo.png\",\"contentUrl\":\"https:\\\/\\\/informelitoral.com.ar\\\/%77%70%2d%63%6f%6e%74%65%6e%74\\\/uploads\\\/2021\\\/01\\\/circulo.png\",\"width\":723,\"height\":731,\"caption\":\"Informe Litoral\"},\"image\":{\"@id\":\"https:\\\/\\\/informelitoral.com.ar\\\/#\\\/schema\\\/logo\\\/image\\\/\"},\"sameAs\":[\"https:\\\/\\\/www.facebook.com\\\/informelitoral\\\/\",\"https:\\\/\\\/x.com\\\/InformeLitoral\",\"https:\\\/\\\/www.instagram.com\\\/informelitoral\\\/\",\"https:\\\/\\\/www.youtube.com\\\/channel\\\/UCua4Qvz8Icb6MYqhoq9xLXw\"]},{\"@type\":\"Person\",\"@id\":\"https:\\\/\\\/informelitoral.com.ar\\\/#\\\/schema\\\/person\\\/b9d00407c836482871ef1d57bf8e3180\",\"name\":\"Gonzalo Schmidt\",\"image\":{\"@type\":\"ImageObject\",\"inLanguage\":\"es\",\"@id\":\"https:\\\/\\\/secure.gravatar.com\\\/avatar\\\/31a1a7b66ff2de83bd0e9fd79d026630d2d99e55e8bfe501287647b4fd9743de?s=96&d=mm&r=g\",\"url\":\"https:\\\/\\\/secure.gravatar.com\\\/avatar\\\/31a1a7b66ff2de83bd0e9fd79d026630d2d99e55e8bfe501287647b4fd9743de?s=96&d=mm&r=g\",\"contentUrl\":\"https:\\\/\\\/secure.gravatar.com\\\/avatar\\\/31a1a7b66ff2de83bd0e9fd79d026630d2d99e55e8bfe501287647b4fd9743de?s=96&d=mm&r=g\",\"caption\":\"Gonzalo Schmidt\"},\"description\":\"Sitio web de noticias de la provincia de Entre R\u00edos, Argentina. Informaci\u00f3n y entretenimiento. Informe Litoral, nos informamos.\",\"sameAs\":[\"http:\\\/\\\/www.isletasnoticias.com.ar\"],\"url\":\"https:\\\/\\\/informelitoral.com.ar\\\/author\\\/gonzalo\\\/\"}]}<\/script>","yoast_head_json":{"title":"Destacan que en escuelas entrerrianas siguen las obras para \u00abgarantizar la presencialidad\u00bb - Informe Litoral","robots":{"index":"index","follow":"follow","max-snippet":"max-snippet:-1","max-image-preview":"max-image-preview:large","max-video-preview":"max-video-preview:-1"},"canonical":"https:\/\/informelitoral.com.ar\/destacan-que-en-escuelas-entrerrianas-siguen-las-obras-para-garantizar-la-presencialidad\/","og_locale":"es_ES","og_type":"article","og_title":"Destacan que en escuelas entrerrianas siguen las obras para \u00abgarantizar la presencialidad\u00bb - Informe Litoral","og_description":"Es para garantizar las condiciones sanitarias en los diferentes establecimientos de la provincia.","og_url":"https:\/\/informelitoral.com.ar\/destacan-que-en-escuelas-entrerrianas-siguen-las-obras-para-garantizar-la-presencialidad\/","og_site_name":"Informe Litoral","article_publisher":"https:\/\/www.facebook.com\/informelitoral\/","article_published_time":"2021-02-01T11:44:33+00:00","og_image":[{"width":780,"height":470,"url":"https:\/\/informelitoral.com.ar\/%77%70%2d%63%6f%6e%74%65%6e%74\/uploads\/2021\/02\/1612120280jpg.jpg","type":"image\/jpeg"}],"author":"Gonzalo Schmidt","twitter_card":"summary_large_image","twitter_creator":"@InformeLitoral","twitter_site":"@InformeLitoral","twitter_misc":{"Escrito por":"Gonzalo Schmidt","Tiempo de lectura":"2 minutos"},"schema":{"@context":"https:\/\/schema.org","@graph":[{"@type":"Article","@id":"https:\/\/informelitoral.com.ar\/destacan-que-en-escuelas-entrerrianas-siguen-las-obras-para-garantizar-la-presencialidad\/#article","isPartOf":{"@id":"https:\/\/informelitoral.com.ar\/destacan-que-en-escuelas-entrerrianas-siguen-las-obras-para-garantizar-la-presencialidad\/"},"author":{"name":"Gonzalo Schmidt","@id":"https:\/\/informelitoral.com.ar\/#\/schema\/person\/b9d00407c836482871ef1d57bf8e3180"},"headline":"Destacan que en escuelas entrerrianas siguen las obras para \u00abgarantizar la presencialidad\u00bb","datePublished":"2021-02-01T11:44:33+00:00","mainEntityOfPage":{"@id":"https:\/\/informelitoral.com.ar\/destacan-que-en-escuelas-entrerrianas-siguen-las-obras-para-garantizar-la-presencialidad\/"},"wordCount":460,"commentCount":0,"publisher":{"@id":"https:\/\/informelitoral.com.ar\/#organization"},"image":{"@id":"https:\/\/informelitoral.com.ar\/destacan-que-en-escuelas-entrerrianas-siguen-las-obras-para-garantizar-la-presencialidad\/#primaryimage"},"thumbnailUrl":"https:\/\/informelitoral.com.ar\/%77%70%2d%63%6f%6e%74%65%6e%74\/uploads\/2021\/02\/1612120280jpg.jpg","keywords":["Clases presenciales","Educaci\u00f3n","Entre R\u00edos","Escuela"],"articleSection":["Entre R\u00edos"],"inLanguage":"es","potentialAction":[{"@type":"CommentAction","name":"Comment","target":["https:\/\/informelitoral.com.ar\/destacan-que-en-escuelas-entrerrianas-siguen-las-obras-para-garantizar-la-presencialidad\/#respond"]}]},{"@type":"WebPage","@id":"https:\/\/informelitoral.com.ar\/destacan-que-en-escuelas-entrerrianas-siguen-las-obras-para-garantizar-la-presencialidad\/","url":"https:\/\/informelitoral.com.ar\/destacan-que-en-escuelas-entrerrianas-siguen-las-obras-para-garantizar-la-presencialidad\/","name":"Destacan que en escuelas entrerrianas siguen las obras para \u00abgarantizar la presencialidad\u00bb - Informe Litoral","isPartOf":{"@id":"https:\/\/informelitoral.com.ar\/#website"},"primaryImageOfPage":{"@id":"https:\/\/informelitoral.com.ar\/destacan-que-en-escuelas-entrerrianas-siguen-las-obras-para-garantizar-la-presencialidad\/#primaryimage"},"image":{"@id":"https:\/\/informelitoral.com.ar\/destacan-que-en-escuelas-entrerrianas-siguen-las-obras-para-garantizar-la-presencialidad\/#primaryimage"},"thumbnailUrl":"https:\/\/informelitoral.com.ar\/%77%70%2d%63%6f%6e%74%65%6e%74\/uploads\/2021\/02\/1612120280jpg.jpg","datePublished":"2021-02-01T11:44:33+00:00","breadcrumb":{"@id":"https:\/\/informelitoral.com.ar\/destacan-que-en-escuelas-entrerrianas-siguen-las-obras-para-garantizar-la-presencialidad\/#breadcrumb"},"inLanguage":"es","potentialAction":[{"@type":"ReadAction","target":["https:\/\/informelitoral.com.ar\/destacan-que-en-escuelas-entrerrianas-siguen-las-obras-para-garantizar-la-presencialidad\/"]}]},{"@type":"ImageObject","inLanguage":"es","@id":"https:\/\/informelitoral.com.ar\/destacan-que-en-escuelas-entrerrianas-siguen-las-obras-para-garantizar-la-presencialidad\/#primaryimage","url":"https:\/\/informelitoral.com.ar\/%77%70%2d%63%6f%6e%74%65%6e%74\/uploads\/2021\/02\/1612120280jpg.jpg","contentUrl":"https:\/\/informelitoral.com.ar\/%77%70%2d%63%6f%6e%74%65%6e%74\/uploads\/2021\/02\/1612120280jpg.jpg","width":780,"height":470},{"@type":"BreadcrumbList","@id":"https:\/\/informelitoral.com.ar\/destacan-que-en-escuelas-entrerrianas-siguen-las-obras-para-garantizar-la-presencialidad\/#breadcrumb","itemListElement":[{"@type":"ListItem","position":1,"name":"Portada","item":"https:\/\/informelitoral.com.ar\/"},{"@type":"ListItem","position":2,"name":"Destacan que en escuelas entrerrianas siguen las obras para \u00abgarantizar la presencialidad\u00bb"}]},{"@type":"WebSite","@id":"https:\/\/informelitoral.com.ar\/#website","url":"https:\/\/informelitoral.com.ar\/","name":"Informe Litoral","description":"&quot;Nos informamos&quot; ","publisher":{"@id":"https:\/\/informelitoral.com.ar\/#organization"},"potentialAction":[{"@type":"SearchAction","target":{"@type":"EntryPoint","urlTemplate":"https:\/\/informelitoral.com.ar\/?s={search_term_string}"},"query-input":{"@type":"PropertyValueSpecification","valueRequired":true,"valueName":"search_term_string"}}],"inLanguage":"es"},{"@type":"Organization","@id":"https:\/\/informelitoral.com.ar\/#organization","name":"Informe Litoral","url":"https:\/\/informelitoral.com.ar\/","logo":{"@type":"ImageObject","inLanguage":"es","@id":"https:\/\/informelitoral.com.ar\/#\/schema\/logo\/image\/","url":"https:\/\/informelitoral.com.ar\/%77%70%2d%63%6f%6e%74%65%6e%74\/uploads\/2021\/01\/circulo.png","contentUrl":"https:\/\/informelitoral.com.ar\/%77%70%2d%63%6f%6e%74%65%6e%74\/uploads\/2021\/01\/circulo.png","width":723,"height":731,"caption":"Informe Litoral"},"image":{"@id":"https:\/\/informelitoral.com.ar\/#\/schema\/logo\/image\/"},"sameAs":["https:\/\/www.facebook.com\/informelitoral\/","https:\/\/x.com\/InformeLitoral","https:\/\/www.instagram.com\/informelitoral\/","https:\/\/www.youtube.com\/channel\/UCua4Qvz8Icb6MYqhoq9xLXw"]},{"@type":"Person","@id":"https:\/\/informelitoral.com.ar\/#\/schema\/person\/b9d00407c836482871ef1d57bf8e3180","name":"Gonzalo Schmidt","image":{"@type":"ImageObject","inLanguage":"es","@id":"https:\/\/secure.gravatar.com\/avatar\/31a1a7b66ff2de83bd0e9fd79d026630d2d99e55e8bfe501287647b4fd9743de?s=96&d=mm&r=g","url":"https:\/\/secure.gravatar.com\/avatar\/31a1a7b66ff2de83bd0e9fd79d026630d2d99e55e8bfe501287647b4fd9743de?s=96&d=mm&r=g","contentUrl":"https:\/\/secure.gravatar.com\/avatar\/31a1a7b66ff2de83bd0e9fd79d026630d2d99e55e8bfe501287647b4fd9743de?s=96&d=mm&r=g","caption":"Gonzalo Schmidt"},"description":"Sitio web de noticias de la provincia de Entre R\u00edos, Argentina. Informaci\u00f3n y entretenimiento. Informe Litoral, nos informamos.","sameAs":["http:\/\/www.isletasnoticias.com.ar"],"url":"https:\/\/informelitoral.com.ar\/author\/gonzalo\/"}]}},"_links":{"self":[{"href":"https:\/\/informelitoral.com.ar\/%77%70%2d%6a%73%6f%6e\/wp\/v2\/posts\/56300","targetHints":{"allow":["GET"]}}],"collection":[{"href":"https:\/\/informelitoral.com.ar\/%77%70%2d%6a%73%6f%6e\/wp\/v2\/posts"}],"about":[{"href":"https:\/\/informelitoral.com.ar\/%77%70%2d%6a%73%6f%6e\/wp\/v2\/types\/post"}],"author":[{"embeddable":true,"href":"https:\/\/informelitoral.com.ar\/%77%70%2d%6a%73%6f%6e\/wp\/v2\/users\/2"}],"replies":[{"embeddable":true,"href":"https:\/\/informelitoral.com.ar\/%77%70%2d%6a%73%6f%6e\/wp\/v2\/comments?post=56300"}],"version-history":[{"count":0,"href":"https:\/\/informelitoral.com.ar\/%77%70%2d%6a%73%6f%6e\/wp\/v2\/posts\/56300\/revisions"}],"wp:featuredmedia":[{"embeddable":true,"href":"https:\/\/informelitoral.com.ar\/%77%70%2d%6a%73%6f%6e\/wp\/v2\/media\/56301"}],"wp:attachment":[{"href":"https:\/\/informelitoral.com.ar\/%77%70%2d%6a%73%6f%6e\/wp\/v2\/media?parent=56300"}],"wp:term":[{"taxonomy":"category","embeddable":true,"href":"https:\/\/informelitoral.com.ar\/%77%70%2d%6a%73%6f%6e\/wp\/v2\/categories?post=56300"},{"taxonomy":"post_tag","embeddable":true,"href":"https:\/\/informelitoral.com.ar\/%77%70%2d%6a%73%6f%6e\/wp\/v2\/tags?post=56300"}],"curies":[{"name":"wp","href":"https:\/\/api.w.org\/{rel}","templated":true}]}}