{"id":563,"date":"2013-03-25T10:08:28","date_gmt":"2013-03-25T13:08:28","guid":{"rendered":"http:\/\/www.isletasnoticias.com.ar\/?p=563"},"modified":"2013-03-25T10:17:20","modified_gmt":"2013-03-25T13:17:20","slug":"diamante-se-realizo-una-protesta-por-vecinos-violentos-en-calles-20-de-junio-y-estrada","status":"publish","type":"post","link":"https:\/\/informelitoral.com.ar\/diamante-se-realizo-una-protesta-por-vecinos-violentos-en-calles-20-de-junio-y-estrada\/","title":{"rendered":"Diamante: se realiz\u00f3 una protesta por vecinos violentos en calles 20 de junio y Estrada"},"content":{"rendered":"<p><strong>\u00a0En horas cercanas a la medianoche llega a nuestra redacci\u00f3n la novedad de un problema vecinal con ribetes de protesta generalizada en Estrada y 20 de Junio, donde concurrimos con nuestro m\u00f3vil, informa Neo Net Music de Diamante.<\/strong><\/p>\n<p><a href=\"http:\/\/www.neonetmusic.com.ar\/%77%70%2d%63%6f%6e%74%65%6e%74\/uploads\/2013\/03\/24032013559.jpg\"><img loading=\"lazy\" decoding=\"async\" alt=\"\" src=\"http:\/\/www.neonetmusic.com.ar\/%77%70%2d%63%6f%6e%74%65%6e%74\/uploads\/2013\/03\/24032013559.jpg\" width=\"600\" height=\"450\" \/><\/a><\/p>\n<p>Llegamos al lugar y vemos un gran despliegue policial y un numeroso grupo de vecinos. Al ser consultados sobre los acontecimientos, nos expresaron su malestar y su miedo a unos vecinos que durante todos los d\u00edas y noches arrojan piedras, y que un momento antes hab\u00edan roto vidrios de autom\u00f3viles estacionados. Adem\u00e1s, agreden domicilios de los habitantes del lugar e inclusive hablaron de uso de armas de fuego. Seg\u00fan los vecinos que participaron de la protesta, ellos se reun\u00edan para apoyar el accionar policial de quien se manifestaron muy conformes. Tambi\u00e9n se hab\u00eda hecho presente el <strong>Juez Barbagelata,<\/strong> quien luego de retirar a los menores de su domicilio se acerc\u00f3 a los vecinos para dialogar. Debemos resaltar que mas all\u00e1 de los nervios reinantes lo hicieron con el mayor de los respetos expres\u00e1ndole sus quejas de la justicia y resaltando una vez m\u00e1s el accionar de la polic\u00eda. \u00a0Inclusive haciendo conocer al juez que desde que vinieron esta familia de Apellido <strong>Lange<\/strong> no han podido vivir tranquilos e inclusive los acusan de robos, uso de armas, amenazas, agresiones de diversos tipos y drogadicci\u00f3n.<\/p>\n<p><a href=\"http:\/\/www.neonetmusic.com.ar\/%77%70%2d%63%6f%6e%74%65%6e%74\/uploads\/2013\/03\/20130324Barbagelata3.jpg\"><img loading=\"lazy\" decoding=\"async\" alt=\"\" src=\"http:\/\/www.neonetmusic.com.ar\/%77%70%2d%63%6f%6e%74%65%6e%74\/uploads\/2013\/03\/20130324Barbagelata3.jpg\" width=\"600\" height=\"450\" \/><\/a><\/p>\n<p>El Juez explic\u00f3 los motivos y las medidas que iba a tomar y aunque agradecieron su participaci\u00f3n los vecinos dieron a entender no estar conforme con ellos y manifestaron a viva voz sus quejas al funcionario judicial quien se encontraba con su secretario. Tambi\u00e9n se encontraban varios m\u00f3viles policiales e inclusive el Jefe Departamental Comisario Mayor<strong> Albornoz.<\/strong><\/p>\n<p><a href=\"http:\/\/www.neonetmusic.com.ar\/%77%70%2d%63%6f%6e%74%65%6e%74\/uploads\/2013\/03\/24032013560.jpg\"><img loading=\"lazy\" decoding=\"async\" alt=\"\" src=\"http:\/\/www.neonetmusic.com.ar\/%77%70%2d%63%6f%6e%74%65%6e%74\/uploads\/2013\/03\/24032013560.jpg\" width=\"600\" height=\"450\" \/><\/a><\/p>\n","protected":false},"excerpt":{"rendered":"<p>&nbsp;En horas cercanas a la medianoche llega a nuestra redacci&oacute;n la novedad de un problema vecinal con ribetes de protesta generalizada en Estrada y 20 de Junio, donde concurrimos con nuestro m&oacute;vil, informa Neo Net Music de Diamante. Llegamos al lugar y vemos un gran despliegue policial y un numeroso grupo de vecinos. Al ser [&hellip;]<\/p>\n","protected":false},"author":2,"featured_media":0,"comment_status":"open","ping_status":"open","sticky":false,"template":"","format":"standard","meta":{"fifu_image_url":"","fifu_image_alt":"","footnotes":""},"categories":[5,14],"tags":[],"class_list":{"0":"post-563","1":"post","2":"type-post","3":"status-publish","4":"format-standard","6":"category-zonales","7":"category-policiales"},"yoast_head":"<title>Diamante: se realiz\u00f3 una protesta por vecinos violentos en calles 20 de junio y Estrada  - Informe Litoral<\/title>\n<meta name=\"robots\" content=\"index, follow, max-snippet:-1, max-image-preview:large, max-video-preview:-1\" \/>\n<link rel=\"canonical\" href=\"https:\/\/informelitoral.com.ar\/diamante-se-realizo-una-protesta-por-vecinos-violentos-en-calles-20-de-junio-y-estrada\/\" \/>\n<meta property=\"og:locale\" content=\"es_ES\" \/>\n<meta property=\"og:type\" content=\"article\" \/>\n<meta property=\"og:title\" content=\"Diamante: se realiz\u00f3 una protesta por vecinos violentos en calles 20 de junio y Estrada  - Informe Litoral\" \/>\n<meta property=\"og:description\" content=\"&nbsp;En horas cercanas a la medianoche llega a nuestra redacci&oacute;n la novedad de un problema vecinal con ribetes de protesta generalizada en Estrada y 20 de Junio, donde concurrimos con nuestro m&oacute;vil, informa Neo Net Music de Diamante. Llegamos al lugar y vemos un gran despliegue policial y un numeroso grupo de vecinos. Al ser [&hellip;]\" \/>\n<meta property=\"og:url\" content=\"https:\/\/informelitoral.com.ar\/diamante-se-realizo-una-protesta-por-vecinos-violentos-en-calles-20-de-junio-y-estrada\/\" \/>\n<meta property=\"og:site_name\" content=\"Informe Litoral\" \/>\n<meta property=\"article:publisher\" content=\"https:\/\/www.facebook.com\/informelitoral\/\" \/>\n<meta property=\"article:published_time\" content=\"2013-03-25T13:08:28+00:00\" \/>\n<meta property=\"article:modified_time\" content=\"2013-03-25T13:17:20+00:00\" \/>\n<meta property=\"og:image\" content=\"http:\/\/www.neonetmusic.com.ar\/%77%70%2d%63%6f%6e%74%65%6e%74\/uploads\/2013\/03\/24032013559.jpg\" \/>\n<meta name=\"author\" content=\"Gonzalo Schmidt\" \/>\n<meta name=\"twitter:card\" content=\"summary_large_image\" \/>\n<meta name=\"twitter:creator\" content=\"@InformeLitoral\" \/>\n<meta name=\"twitter:site\" content=\"@InformeLitoral\" \/>\n<meta name=\"twitter:label1\" content=\"Escrito por\" \/>\n\t<meta name=\"twitter:data1\" content=\"Gonzalo Schmidt\" \/>\n\t<meta name=\"twitter:label2\" content=\"Tiempo de lectura\" \/>\n\t<meta name=\"twitter:data2\" content=\"1 minuto\" \/>\n<script type=\"application\/ld+json\" class=\"yoast-schema-graph\">{\"@context\":\"https:\\\/\\\/schema.org\",\"@graph\":[{\"@type\":\"Article\",\"@id\":\"https:\\\/\\\/informelitoral.com.ar\\\/diamante-se-realizo-una-protesta-por-vecinos-violentos-en-calles-20-de-junio-y-estrada\\\/#article\",\"isPartOf\":{\"@id\":\"https:\\\/\\\/informelitoral.com.ar\\\/diamante-se-realizo-una-protesta-por-vecinos-violentos-en-calles-20-de-junio-y-estrada\\\/\"},\"author\":{\"name\":\"Gonzalo Schmidt\",\"@id\":\"https:\\\/\\\/informelitoral.com.ar\\\/#\\\/schema\\\/person\\\/b9d00407c836482871ef1d57bf8e3180\"},\"headline\":\"Diamante: se realiz\u00f3 una protesta por vecinos violentos en calles 20 de junio y Estrada\",\"datePublished\":\"2013-03-25T13:08:28+00:00\",\"dateModified\":\"2013-03-25T13:17:20+00:00\",\"mainEntityOfPage\":{\"@id\":\"https:\\\/\\\/informelitoral.com.ar\\\/diamante-se-realizo-una-protesta-por-vecinos-violentos-en-calles-20-de-junio-y-estrada\\\/\"},\"wordCount\":308,\"commentCount\":0,\"publisher\":{\"@id\":\"https:\\\/\\\/informelitoral.com.ar\\\/#organization\"},\"image\":{\"@id\":\"https:\\\/\\\/informelitoral.com.ar\\\/diamante-se-realizo-una-protesta-por-vecinos-violentos-en-calles-20-de-junio-y-estrada\\\/#primaryimage\"},\"thumbnailUrl\":\"http:\\\/\\\/www.neonetmusic.com.ar\\\/%77%70%2d%63%6f%6e%74%65%6e%74\\\/uploads\\\/2013\\\/03\\\/24032013559.jpg\",\"articleSection\":[\"Departamento Diamante\",\"Policiales\"],\"inLanguage\":\"es\",\"potentialAction\":[{\"@type\":\"CommentAction\",\"name\":\"Comment\",\"target\":[\"https:\\\/\\\/informelitoral.com.ar\\\/diamante-se-realizo-una-protesta-por-vecinos-violentos-en-calles-20-de-junio-y-estrada\\\/#respond\"]}]},{\"@type\":\"WebPage\",\"@id\":\"https:\\\/\\\/informelitoral.com.ar\\\/diamante-se-realizo-una-protesta-por-vecinos-violentos-en-calles-20-de-junio-y-estrada\\\/\",\"url\":\"https:\\\/\\\/informelitoral.com.ar\\\/diamante-se-realizo-una-protesta-por-vecinos-violentos-en-calles-20-de-junio-y-estrada\\\/\",\"name\":\"Diamante: se realiz\u00f3 una protesta por vecinos violentos en calles 20 de junio y Estrada - Informe Litoral\",\"isPartOf\":{\"@id\":\"https:\\\/\\\/informelitoral.com.ar\\\/#website\"},\"primaryImageOfPage\":{\"@id\":\"https:\\\/\\\/informelitoral.com.ar\\\/diamante-se-realizo-una-protesta-por-vecinos-violentos-en-calles-20-de-junio-y-estrada\\\/#primaryimage\"},\"image\":{\"@id\":\"https:\\\/\\\/informelitoral.com.ar\\\/diamante-se-realizo-una-protesta-por-vecinos-violentos-en-calles-20-de-junio-y-estrada\\\/#primaryimage\"},\"thumbnailUrl\":\"http:\\\/\\\/www.neonetmusic.com.ar\\\/%77%70%2d%63%6f%6e%74%65%6e%74\\\/uploads\\\/2013\\\/03\\\/24032013559.jpg\",\"datePublished\":\"2013-03-25T13:08:28+00:00\",\"dateModified\":\"2013-03-25T13:17:20+00:00\",\"breadcrumb\":{\"@id\":\"https:\\\/\\\/informelitoral.com.ar\\\/diamante-se-realizo-una-protesta-por-vecinos-violentos-en-calles-20-de-junio-y-estrada\\\/#breadcrumb\"},\"inLanguage\":\"es\",\"potentialAction\":[{\"@type\":\"ReadAction\",\"target\":[\"https:\\\/\\\/informelitoral.com.ar\\\/diamante-se-realizo-una-protesta-por-vecinos-violentos-en-calles-20-de-junio-y-estrada\\\/\"]}]},{\"@type\":\"ImageObject\",\"inLanguage\":\"es\",\"@id\":\"https:\\\/\\\/informelitoral.com.ar\\\/diamante-se-realizo-una-protesta-por-vecinos-violentos-en-calles-20-de-junio-y-estrada\\\/#primaryimage\",\"url\":\"http:\\\/\\\/www.neonetmusic.com.ar\\\/%77%70%2d%63%6f%6e%74%65%6e%74\\\/uploads\\\/2013\\\/03\\\/24032013559.jpg\",\"contentUrl\":\"http:\\\/\\\/www.neonetmusic.com.ar\\\/%77%70%2d%63%6f%6e%74%65%6e%74\\\/uploads\\\/2013\\\/03\\\/24032013559.jpg\"},{\"@type\":\"BreadcrumbList\",\"@id\":\"https:\\\/\\\/informelitoral.com.ar\\\/diamante-se-realizo-una-protesta-por-vecinos-violentos-en-calles-20-de-junio-y-estrada\\\/#breadcrumb\",\"itemListElement\":[{\"@type\":\"ListItem\",\"position\":1,\"name\":\"Portada\",\"item\":\"https:\\\/\\\/informelitoral.com.ar\\\/\"},{\"@type\":\"ListItem\",\"position\":2,\"name\":\"Diamante: se realiz\u00f3 una protesta por vecinos violentos en calles 20 de junio y Estrada\"}]},{\"@type\":\"WebSite\",\"@id\":\"https:\\\/\\\/informelitoral.com.ar\\\/#website\",\"url\":\"https:\\\/\\\/informelitoral.com.ar\\\/\",\"name\":\"Informe Litoral\",\"description\":\"&quot;Nos informamos&quot; \",\"publisher\":{\"@id\":\"https:\\\/\\\/informelitoral.com.ar\\\/#organization\"},\"potentialAction\":[{\"@type\":\"SearchAction\",\"target\":{\"@type\":\"EntryPoint\",\"urlTemplate\":\"https:\\\/\\\/informelitoral.com.ar\\\/?s={search_term_string}\"},\"query-input\":{\"@type\":\"PropertyValueSpecification\",\"valueRequired\":true,\"valueName\":\"search_term_string\"}}],\"inLanguage\":\"es\"},{\"@type\":\"Organization\",\"@id\":\"https:\\\/\\\/informelitoral.com.ar\\\/#organization\",\"name\":\"Informe Litoral\",\"url\":\"https:\\\/\\\/informelitoral.com.ar\\\/\",\"logo\":{\"@type\":\"ImageObject\",\"inLanguage\":\"es\",\"@id\":\"https:\\\/\\\/informelitoral.com.ar\\\/#\\\/schema\\\/logo\\\/image\\\/\",\"url\":\"https:\\\/\\\/informelitoral.com.ar\\\/%77%70%2d%63%6f%6e%74%65%6e%74\\\/uploads\\\/2021\\\/01\\\/circulo.png\",\"contentUrl\":\"https:\\\/\\\/informelitoral.com.ar\\\/%77%70%2d%63%6f%6e%74%65%6e%74\\\/uploads\\\/2021\\\/01\\\/circulo.png\",\"width\":723,\"height\":731,\"caption\":\"Informe Litoral\"},\"image\":{\"@id\":\"https:\\\/\\\/informelitoral.com.ar\\\/#\\\/schema\\\/logo\\\/image\\\/\"},\"sameAs\":[\"https:\\\/\\\/www.facebook.com\\\/informelitoral\\\/\",\"https:\\\/\\\/x.com\\\/InformeLitoral\",\"https:\\\/\\\/www.instagram.com\\\/informelitoral\\\/\",\"https:\\\/\\\/www.youtube.com\\\/channel\\\/UCua4Qvz8Icb6MYqhoq9xLXw\"]},{\"@type\":\"Person\",\"@id\":\"https:\\\/\\\/informelitoral.com.ar\\\/#\\\/schema\\\/person\\\/b9d00407c836482871ef1d57bf8e3180\",\"name\":\"Gonzalo Schmidt\",\"image\":{\"@type\":\"ImageObject\",\"inLanguage\":\"es\",\"@id\":\"https:\\\/\\\/secure.gravatar.com\\\/avatar\\\/31a1a7b66ff2de83bd0e9fd79d026630d2d99e55e8bfe501287647b4fd9743de?s=96&d=mm&r=g\",\"url\":\"https:\\\/\\\/secure.gravatar.com\\\/avatar\\\/31a1a7b66ff2de83bd0e9fd79d026630d2d99e55e8bfe501287647b4fd9743de?s=96&d=mm&r=g\",\"contentUrl\":\"https:\\\/\\\/secure.gravatar.com\\\/avatar\\\/31a1a7b66ff2de83bd0e9fd79d026630d2d99e55e8bfe501287647b4fd9743de?s=96&d=mm&r=g\",\"caption\":\"Gonzalo Schmidt\"},\"description\":\"Sitio web de noticias de la provincia de Entre R\u00edos, Argentina. Informaci\u00f3n y entretenimiento. Informe Litoral, nos informamos.\",\"sameAs\":[\"http:\\\/\\\/www.isletasnoticias.com.ar\"],\"url\":\"https:\\\/\\\/informelitoral.com.ar\\\/author\\\/gonzalo\\\/\"}]}<\/script>","yoast_head_json":{"title":"Diamante: se realiz\u00f3 una protesta por vecinos violentos en calles 20 de junio y Estrada  - Informe Litoral","robots":{"index":"index","follow":"follow","max-snippet":"max-snippet:-1","max-image-preview":"max-image-preview:large","max-video-preview":"max-video-preview:-1"},"canonical":"https:\/\/informelitoral.com.ar\/diamante-se-realizo-una-protesta-por-vecinos-violentos-en-calles-20-de-junio-y-estrada\/","og_locale":"es_ES","og_type":"article","og_title":"Diamante: se realiz\u00f3 una protesta por vecinos violentos en calles 20 de junio y Estrada  - Informe Litoral","og_description":"&nbsp;En horas cercanas a la medianoche llega a nuestra redacci&oacute;n la novedad de un problema vecinal con ribetes de protesta generalizada en Estrada y 20 de Junio, donde concurrimos con nuestro m&oacute;vil, informa Neo Net Music de Diamante. Llegamos al lugar y vemos un gran despliegue policial y un numeroso grupo de vecinos. Al ser [&hellip;]","og_url":"https:\/\/informelitoral.com.ar\/diamante-se-realizo-una-protesta-por-vecinos-violentos-en-calles-20-de-junio-y-estrada\/","og_site_name":"Informe Litoral","article_publisher":"https:\/\/www.facebook.com\/informelitoral\/","article_published_time":"2013-03-25T13:08:28+00:00","article_modified_time":"2013-03-25T13:17:20+00:00","og_image":[{"url":"http:\/\/www.neonetmusic.com.ar\/%77%70%2d%63%6f%6e%74%65%6e%74\/uploads\/2013\/03\/24032013559.jpg","type":"","width":"","height":""}],"author":"Gonzalo Schmidt","twitter_card":"summary_large_image","twitter_creator":"@InformeLitoral","twitter_site":"@InformeLitoral","twitter_misc":{"Escrito por":"Gonzalo Schmidt","Tiempo de lectura":"1 minuto"},"schema":{"@context":"https:\/\/schema.org","@graph":[{"@type":"Article","@id":"https:\/\/informelitoral.com.ar\/diamante-se-realizo-una-protesta-por-vecinos-violentos-en-calles-20-de-junio-y-estrada\/#article","isPartOf":{"@id":"https:\/\/informelitoral.com.ar\/diamante-se-realizo-una-protesta-por-vecinos-violentos-en-calles-20-de-junio-y-estrada\/"},"author":{"name":"Gonzalo Schmidt","@id":"https:\/\/informelitoral.com.ar\/#\/schema\/person\/b9d00407c836482871ef1d57bf8e3180"},"headline":"Diamante: se realiz\u00f3 una protesta por vecinos violentos en calles 20 de junio y Estrada","datePublished":"2013-03-25T13:08:28+00:00","dateModified":"2013-03-25T13:17:20+00:00","mainEntityOfPage":{"@id":"https:\/\/informelitoral.com.ar\/diamante-se-realizo-una-protesta-por-vecinos-violentos-en-calles-20-de-junio-y-estrada\/"},"wordCount":308,"commentCount":0,"publisher":{"@id":"https:\/\/informelitoral.com.ar\/#organization"},"image":{"@id":"https:\/\/informelitoral.com.ar\/diamante-se-realizo-una-protesta-por-vecinos-violentos-en-calles-20-de-junio-y-estrada\/#primaryimage"},"thumbnailUrl":"http:\/\/www.neonetmusic.com.ar\/%77%70%2d%63%6f%6e%74%65%6e%74\/uploads\/2013\/03\/24032013559.jpg","articleSection":["Departamento Diamante","Policiales"],"inLanguage":"es","potentialAction":[{"@type":"CommentAction","name":"Comment","target":["https:\/\/informelitoral.com.ar\/diamante-se-realizo-una-protesta-por-vecinos-violentos-en-calles-20-de-junio-y-estrada\/#respond"]}]},{"@type":"WebPage","@id":"https:\/\/informelitoral.com.ar\/diamante-se-realizo-una-protesta-por-vecinos-violentos-en-calles-20-de-junio-y-estrada\/","url":"https:\/\/informelitoral.com.ar\/diamante-se-realizo-una-protesta-por-vecinos-violentos-en-calles-20-de-junio-y-estrada\/","name":"Diamante: se realiz\u00f3 una protesta por vecinos violentos en calles 20 de junio y Estrada - Informe Litoral","isPartOf":{"@id":"https:\/\/informelitoral.com.ar\/#website"},"primaryImageOfPage":{"@id":"https:\/\/informelitoral.com.ar\/diamante-se-realizo-una-protesta-por-vecinos-violentos-en-calles-20-de-junio-y-estrada\/#primaryimage"},"image":{"@id":"https:\/\/informelitoral.com.ar\/diamante-se-realizo-una-protesta-por-vecinos-violentos-en-calles-20-de-junio-y-estrada\/#primaryimage"},"thumbnailUrl":"http:\/\/www.neonetmusic.com.ar\/%77%70%2d%63%6f%6e%74%65%6e%74\/uploads\/2013\/03\/24032013559.jpg","datePublished":"2013-03-25T13:08:28+00:00","dateModified":"2013-03-25T13:17:20+00:00","breadcrumb":{"@id":"https:\/\/informelitoral.com.ar\/diamante-se-realizo-una-protesta-por-vecinos-violentos-en-calles-20-de-junio-y-estrada\/#breadcrumb"},"inLanguage":"es","potentialAction":[{"@type":"ReadAction","target":["https:\/\/informelitoral.com.ar\/diamante-se-realizo-una-protesta-por-vecinos-violentos-en-calles-20-de-junio-y-estrada\/"]}]},{"@type":"ImageObject","inLanguage":"es","@id":"https:\/\/informelitoral.com.ar\/diamante-se-realizo-una-protesta-por-vecinos-violentos-en-calles-20-de-junio-y-estrada\/#primaryimage","url":"http:\/\/www.neonetmusic.com.ar\/%77%70%2d%63%6f%6e%74%65%6e%74\/uploads\/2013\/03\/24032013559.jpg","contentUrl":"http:\/\/www.neonetmusic.com.ar\/%77%70%2d%63%6f%6e%74%65%6e%74\/uploads\/2013\/03\/24032013559.jpg"},{"@type":"BreadcrumbList","@id":"https:\/\/informelitoral.com.ar\/diamante-se-realizo-una-protesta-por-vecinos-violentos-en-calles-20-de-junio-y-estrada\/#breadcrumb","itemListElement":[{"@type":"ListItem","position":1,"name":"Portada","item":"https:\/\/informelitoral.com.ar\/"},{"@type":"ListItem","position":2,"name":"Diamante: se realiz\u00f3 una protesta por vecinos violentos en calles 20 de junio y Estrada"}]},{"@type":"WebSite","@id":"https:\/\/informelitoral.com.ar\/#website","url":"https:\/\/informelitoral.com.ar\/","name":"Informe Litoral","description":"&quot;Nos informamos&quot; ","publisher":{"@id":"https:\/\/informelitoral.com.ar\/#organization"},"potentialAction":[{"@type":"SearchAction","target":{"@type":"EntryPoint","urlTemplate":"https:\/\/informelitoral.com.ar\/?s={search_term_string}"},"query-input":{"@type":"PropertyValueSpecification","valueRequired":true,"valueName":"search_term_string"}}],"inLanguage":"es"},{"@type":"Organization","@id":"https:\/\/informelitoral.com.ar\/#organization","name":"Informe Litoral","url":"https:\/\/informelitoral.com.ar\/","logo":{"@type":"ImageObject","inLanguage":"es","@id":"https:\/\/informelitoral.com.ar\/#\/schema\/logo\/image\/","url":"https:\/\/informelitoral.com.ar\/%77%70%2d%63%6f%6e%74%65%6e%74\/uploads\/2021\/01\/circulo.png","contentUrl":"https:\/\/informelitoral.com.ar\/%77%70%2d%63%6f%6e%74%65%6e%74\/uploads\/2021\/01\/circulo.png","width":723,"height":731,"caption":"Informe Litoral"},"image":{"@id":"https:\/\/informelitoral.com.ar\/#\/schema\/logo\/image\/"},"sameAs":["https:\/\/www.facebook.com\/informelitoral\/","https:\/\/x.com\/InformeLitoral","https:\/\/www.instagram.com\/informelitoral\/","https:\/\/www.youtube.com\/channel\/UCua4Qvz8Icb6MYqhoq9xLXw"]},{"@type":"Person","@id":"https:\/\/informelitoral.com.ar\/#\/schema\/person\/b9d00407c836482871ef1d57bf8e3180","name":"Gonzalo Schmidt","image":{"@type":"ImageObject","inLanguage":"es","@id":"https:\/\/secure.gravatar.com\/avatar\/31a1a7b66ff2de83bd0e9fd79d026630d2d99e55e8bfe501287647b4fd9743de?s=96&d=mm&r=g","url":"https:\/\/secure.gravatar.com\/avatar\/31a1a7b66ff2de83bd0e9fd79d026630d2d99e55e8bfe501287647b4fd9743de?s=96&d=mm&r=g","contentUrl":"https:\/\/secure.gravatar.com\/avatar\/31a1a7b66ff2de83bd0e9fd79d026630d2d99e55e8bfe501287647b4fd9743de?s=96&d=mm&r=g","caption":"Gonzalo Schmidt"},"description":"Sitio web de noticias de la provincia de Entre R\u00edos, Argentina. Informaci\u00f3n y entretenimiento. Informe Litoral, nos informamos.","sameAs":["http:\/\/www.isletasnoticias.com.ar"],"url":"https:\/\/informelitoral.com.ar\/author\/gonzalo\/"}]}},"_links":{"self":[{"href":"https:\/\/informelitoral.com.ar\/%77%70%2d%6a%73%6f%6e\/wp\/v2\/posts\/563","targetHints":{"allow":["GET"]}}],"collection":[{"href":"https:\/\/informelitoral.com.ar\/%77%70%2d%6a%73%6f%6e\/wp\/v2\/posts"}],"about":[{"href":"https:\/\/informelitoral.com.ar\/%77%70%2d%6a%73%6f%6e\/wp\/v2\/types\/post"}],"author":[{"embeddable":true,"href":"https:\/\/informelitoral.com.ar\/%77%70%2d%6a%73%6f%6e\/wp\/v2\/users\/2"}],"replies":[{"embeddable":true,"href":"https:\/\/informelitoral.com.ar\/%77%70%2d%6a%73%6f%6e\/wp\/v2\/comments?post=563"}],"version-history":[{"count":0,"href":"https:\/\/informelitoral.com.ar\/%77%70%2d%6a%73%6f%6e\/wp\/v2\/posts\/563\/revisions"}],"wp:attachment":[{"href":"https:\/\/informelitoral.com.ar\/%77%70%2d%6a%73%6f%6e\/wp\/v2\/media?parent=563"}],"wp:term":[{"taxonomy":"category","embeddable":true,"href":"https:\/\/informelitoral.com.ar\/%77%70%2d%6a%73%6f%6e\/wp\/v2\/categories?post=563"},{"taxonomy":"post_tag","embeddable":true,"href":"https:\/\/informelitoral.com.ar\/%77%70%2d%6a%73%6f%6e\/wp\/v2\/tags?post=563"}],"curies":[{"name":"wp","href":"https:\/\/api.w.org\/{rel}","templated":true}]}}