{"id":56291,"date":"2021-02-01T08:12:18","date_gmt":"2021-02-01T11:12:18","guid":{"rendered":"https:\/\/www.isletasnoticias.com.ar\/?p=56291"},"modified":"2021-02-01T08:12:18","modified_gmt":"2021-02-01T11:12:18","slug":"desde-este-lunes-tienen-que-estar-disponibles-los-cortes-de-carne-a-precios-populares","status":"publish","type":"post","link":"https:\/\/informelitoral.com.ar\/desde-este-lunes-tienen-que-estar-disponibles-los-cortes-de-carne-a-precios-populares\/","title":{"rendered":"Desde este lunes tienen que estar disponibles los cortes de carne a \u201cprecios populares\u201d"},"content":{"rendered":"<p>A partir de este lunes 1\u00ba de febrero, los consumidores podr\u00e1n conseguir los\u00a0<strong>diez cortes de carne anunciados a precios m\u00e1s econ\u00f3micos<\/strong>\u00a0en unos 1.600 puntos de venta. Es debido a que comenz\u00f3 a regir el acuerdo que alcanz\u00f3 el gobierno con las empresas del sector para ofrecer estos productos con descuento en d\u00edas espec\u00edficos.<\/p>\n<p>Se trata de ocho cortes nuevos que se suman a los dos que ya estaban incluidos en el programa Precios Cuidados, entre los cuales hay\u00a0<strong>variedades para la parrilla, para la cocina y para milanesas.<\/strong><\/p>\n<p>La medida hab\u00eda sido anunciada la semana pasada durante una conferencia de prensa en la Casa Rosada encabezada por el ministro de Desarrollo Productivo,<strong>\u00a0Mat\u00edas Kulfas<\/strong>, junto a su par de Agricultura,\u00a0<strong>Luis Basterra<\/strong>, luego de que el presidente\u00a0<strong>Alberto Fern\u00e1ndez<\/strong>\u00a0recibiera al sector empresarial, con el que lleg\u00f3 a este arreglo.<\/p>\n<p><strong>Seg\u00fan informaron fuentes oficiales, los cortes que se vender\u00e1n a precios populares son:<\/strong><\/p>\n<p>\u2013\u00a0<strong>Tira de asado<\/strong>: $399 el kilo (29% m\u00e1s bajo que en diciembre)<\/p>\n<p>\u2013\u00a0<strong>Vac\u00edo<\/strong>: $499 (20% m\u00e1s bajo que en diciembre)<\/p>\n<p>\u2013\u00a0<strong>Matambre<\/strong>: $549 (13% m\u00e1s bajo que en diciembre)<\/p>\n<p>\u2013\u00a0<strong>Tapa de asado<\/strong>: $429 (15% m\u00e1s bajo que en diciembre)<\/p>\n<p>\u2013\u00a0<strong>Cuadrada y bola de lomo<\/strong>: $489 (13% m\u00e1s bajo que en diciembre)<\/p>\n<p>\u2013\u00a0<strong>Carnaza<\/strong>: $359 (13% m\u00e1s bajo que en diciembre)<\/p>\n<p>\u2013\u00a0<strong>Falda<\/strong>: $229 (30% m\u00e1s bajo que en diciembre)<\/p>\n<p>\u2013\u00a0<strong>Roastbeef<\/strong>: $399 (12% m\u00e1s bajo que en diciembre)<\/p>\n<p><strong>-Carne picada:\u00a0<\/strong>$265 (Ya estaba en Precios Cuidados)<\/p>\n<p><strong>-Espinazo:\u00a0<\/strong>$110 (Ya estaba en Precios Cuidados)<\/p>\n<p>En principio, estos valores estar\u00e1n vigentes hasta fines de marzo y, si bien algunos lugares ya hab\u00edan comenzado a ofrecer estos cortes durante el fin de semana, en febrero el acuerdo va a regir de manera oficial en todos los puntos de venta habilitados.)<\/p>\n<p>Inicialmente ser\u00e1n comercializados en sedes de todo el pa\u00eds de supermercados como\u00a0<strong>Coto, Jumbo, Plaza, Vea, Disco, Carrefour, Walmart, La An\u00f3nima, D\u00eda%, Libertad y Carnicer\u00edas Friar, entre otros<\/strong>; y tambi\u00e9n en\u00a0<strong>el Mercado Central<\/strong>\u00a0de Buenos Aires.<\/p>\n<p>En los supermercados,\u00a0<strong>estos cortes estar\u00e1n disponibles a ese precio los fines de semana y los mi\u00e9rcoles de las primeras tres semanas de cada mes,<\/strong>\u00a0mientras que en el Mercado Central,\u00a0<strong>todos los d\u00edas<\/strong>. Se estima un volumen inicial de entre 5.500 y 6.000 toneladas por mes, lo que lo convierte \u201cen uno de los mayor acuerdo logrados con el sector de los \u00faltimos a\u00f1os\u201d, explic\u00f3 el Ministerio de Desarrollo Productivo.<\/p>\n","protected":false},"excerpt":{"rendered":"<p>Podr\u00e1n encontrarse en las sucursales de todo el pa\u00eds de diferentes cadenas de supermercado, en d\u00edas espec\u00edficos. Los cortes incluidos y sus precios.<\/p>\n","protected":false},"author":2,"featured_media":19960,"comment_status":"open","ping_status":"open","sticky":false,"template":"","format":"standard","meta":{"fifu_image_url":"","fifu_image_alt":"","footnotes":""},"categories":[1594,7],"tags":[389,751],"class_list":{"0":"post-56291","1":"post","2":"type-post","3":"status-publish","4":"format-standard","5":"has-post-thumbnail","7":"category-economia","8":"category-nacionales","9":"tag-carne","10":"tag-carne-vacuna"},"yoast_head":"<title>Desde este lunes tienen que estar disponibles los cortes de carne a \u201cprecios populares\u201d - Informe Litoral<\/title>\n<meta name=\"robots\" content=\"index, follow, max-snippet:-1, max-image-preview:large, max-video-preview:-1\" \/>\n<link rel=\"canonical\" href=\"https:\/\/informelitoral.com.ar\/desde-este-lunes-tienen-que-estar-disponibles-los-cortes-de-carne-a-precios-populares\/\" \/>\n<meta property=\"og:locale\" content=\"es_ES\" \/>\n<meta property=\"og:type\" content=\"article\" \/>\n<meta property=\"og:title\" content=\"Desde este lunes tienen que estar disponibles los cortes de carne a \u201cprecios populares\u201d - Informe Litoral\" \/>\n<meta property=\"og:description\" content=\"Podr\u00e1n encontrarse en las sucursales de todo el pa\u00eds de diferentes cadenas de supermercado, en d\u00edas espec\u00edficos. Los cortes incluidos y sus precios.\" \/>\n<meta property=\"og:url\" content=\"https:\/\/informelitoral.com.ar\/desde-este-lunes-tienen-que-estar-disponibles-los-cortes-de-carne-a-precios-populares\/\" \/>\n<meta property=\"og:site_name\" content=\"Informe Litoral\" \/>\n<meta property=\"article:publisher\" content=\"https:\/\/www.facebook.com\/informelitoral\/\" \/>\n<meta property=\"article:published_time\" content=\"2021-02-01T11:12:18+00:00\" \/>\n<meta property=\"og:image\" content=\"https:\/\/informelitoral.com.ar\/%77%70%2d%63%6f%6e%74%65%6e%74\/uploads\/2017\/01\/exportaciones-carne-media-res-960-426-960-24353.jpg\" \/>\n\t<meta property=\"og:image:width\" content=\"960\" \/>\n\t<meta property=\"og:image:height\" content=\"426\" \/>\n\t<meta property=\"og:image:type\" content=\"image\/jpeg\" \/>\n<meta name=\"author\" content=\"Gonzalo Schmidt\" \/>\n<meta name=\"twitter:card\" content=\"summary_large_image\" \/>\n<meta name=\"twitter:creator\" content=\"@InformeLitoral\" \/>\n<meta name=\"twitter:site\" content=\"@InformeLitoral\" \/>\n<meta name=\"twitter:label1\" content=\"Escrito por\" \/>\n\t<meta name=\"twitter:data1\" content=\"Gonzalo Schmidt\" \/>\n\t<meta name=\"twitter:label2\" content=\"Tiempo de lectura\" \/>\n\t<meta name=\"twitter:data2\" content=\"2 minutos\" \/>\n<script type=\"application\/ld+json\" class=\"yoast-schema-graph\">{\"@context\":\"https:\\\/\\\/schema.org\",\"@graph\":[{\"@type\":\"Article\",\"@id\":\"https:\\\/\\\/informelitoral.com.ar\\\/desde-este-lunes-tienen-que-estar-disponibles-los-cortes-de-carne-a-precios-populares\\\/#article\",\"isPartOf\":{\"@id\":\"https:\\\/\\\/informelitoral.com.ar\\\/desde-este-lunes-tienen-que-estar-disponibles-los-cortes-de-carne-a-precios-populares\\\/\"},\"author\":{\"name\":\"Gonzalo Schmidt\",\"@id\":\"https:\\\/\\\/informelitoral.com.ar\\\/#\\\/schema\\\/person\\\/b9d00407c836482871ef1d57bf8e3180\"},\"headline\":\"Desde este lunes tienen que estar disponibles los cortes de carne a \u201cprecios populares\u201d\",\"datePublished\":\"2021-02-01T11:12:18+00:00\",\"mainEntityOfPage\":{\"@id\":\"https:\\\/\\\/informelitoral.com.ar\\\/desde-este-lunes-tienen-que-estar-disponibles-los-cortes-de-carne-a-precios-populares\\\/\"},\"wordCount\":419,\"commentCount\":0,\"publisher\":{\"@id\":\"https:\\\/\\\/informelitoral.com.ar\\\/#organization\"},\"image\":{\"@id\":\"https:\\\/\\\/informelitoral.com.ar\\\/desde-este-lunes-tienen-que-estar-disponibles-los-cortes-de-carne-a-precios-populares\\\/#primaryimage\"},\"thumbnailUrl\":\"https:\\\/\\\/informelitoral.com.ar\\\/%77%70%2d%63%6f%6e%74%65%6e%74\\\/uploads\\\/2017\\\/01\\\/exportaciones-carne-media-res-960-426-960-24353.jpg\",\"keywords\":[\"Carne\",\"Carne vacuna\"],\"articleSection\":[\"Econom\u00eda\",\"Nacionales\"],\"inLanguage\":\"es\",\"potentialAction\":[{\"@type\":\"CommentAction\",\"name\":\"Comment\",\"target\":[\"https:\\\/\\\/informelitoral.com.ar\\\/desde-este-lunes-tienen-que-estar-disponibles-los-cortes-de-carne-a-precios-populares\\\/#respond\"]}]},{\"@type\":\"WebPage\",\"@id\":\"https:\\\/\\\/informelitoral.com.ar\\\/desde-este-lunes-tienen-que-estar-disponibles-los-cortes-de-carne-a-precios-populares\\\/\",\"url\":\"https:\\\/\\\/informelitoral.com.ar\\\/desde-este-lunes-tienen-que-estar-disponibles-los-cortes-de-carne-a-precios-populares\\\/\",\"name\":\"Desde este lunes tienen que estar disponibles los cortes de carne a \u201cprecios populares\u201d - Informe Litoral\",\"isPartOf\":{\"@id\":\"https:\\\/\\\/informelitoral.com.ar\\\/#website\"},\"primaryImageOfPage\":{\"@id\":\"https:\\\/\\\/informelitoral.com.ar\\\/desde-este-lunes-tienen-que-estar-disponibles-los-cortes-de-carne-a-precios-populares\\\/#primaryimage\"},\"image\":{\"@id\":\"https:\\\/\\\/informelitoral.com.ar\\\/desde-este-lunes-tienen-que-estar-disponibles-los-cortes-de-carne-a-precios-populares\\\/#primaryimage\"},\"thumbnailUrl\":\"https:\\\/\\\/informelitoral.com.ar\\\/%77%70%2d%63%6f%6e%74%65%6e%74\\\/uploads\\\/2017\\\/01\\\/exportaciones-carne-media-res-960-426-960-24353.jpg\",\"datePublished\":\"2021-02-01T11:12:18+00:00\",\"breadcrumb\":{\"@id\":\"https:\\\/\\\/informelitoral.com.ar\\\/desde-este-lunes-tienen-que-estar-disponibles-los-cortes-de-carne-a-precios-populares\\\/#breadcrumb\"},\"inLanguage\":\"es\",\"potentialAction\":[{\"@type\":\"ReadAction\",\"target\":[\"https:\\\/\\\/informelitoral.com.ar\\\/desde-este-lunes-tienen-que-estar-disponibles-los-cortes-de-carne-a-precios-populares\\\/\"]}]},{\"@type\":\"ImageObject\",\"inLanguage\":\"es\",\"@id\":\"https:\\\/\\\/informelitoral.com.ar\\\/desde-este-lunes-tienen-que-estar-disponibles-los-cortes-de-carne-a-precios-populares\\\/#primaryimage\",\"url\":\"https:\\\/\\\/informelitoral.com.ar\\\/%77%70%2d%63%6f%6e%74%65%6e%74\\\/uploads\\\/2017\\\/01\\\/exportaciones-carne-media-res-960-426-960-24353.jpg\",\"contentUrl\":\"https:\\\/\\\/informelitoral.com.ar\\\/%77%70%2d%63%6f%6e%74%65%6e%74\\\/uploads\\\/2017\\\/01\\\/exportaciones-carne-media-res-960-426-960-24353.jpg\",\"width\":960,\"height\":426},{\"@type\":\"BreadcrumbList\",\"@id\":\"https:\\\/\\\/informelitoral.com.ar\\\/desde-este-lunes-tienen-que-estar-disponibles-los-cortes-de-carne-a-precios-populares\\\/#breadcrumb\",\"itemListElement\":[{\"@type\":\"ListItem\",\"position\":1,\"name\":\"Portada\",\"item\":\"https:\\\/\\\/informelitoral.com.ar\\\/\"},{\"@type\":\"ListItem\",\"position\":2,\"name\":\"Desde este lunes tienen que estar disponibles los cortes de carne a \u201cprecios populares\u201d\"}]},{\"@type\":\"WebSite\",\"@id\":\"https:\\\/\\\/informelitoral.com.ar\\\/#website\",\"url\":\"https:\\\/\\\/informelitoral.com.ar\\\/\",\"name\":\"Informe Litoral\",\"description\":\"&quot;Nos informamos&quot; \",\"publisher\":{\"@id\":\"https:\\\/\\\/informelitoral.com.ar\\\/#organization\"},\"potentialAction\":[{\"@type\":\"SearchAction\",\"target\":{\"@type\":\"EntryPoint\",\"urlTemplate\":\"https:\\\/\\\/informelitoral.com.ar\\\/?s={search_term_string}\"},\"query-input\":{\"@type\":\"PropertyValueSpecification\",\"valueRequired\":true,\"valueName\":\"search_term_string\"}}],\"inLanguage\":\"es\"},{\"@type\":\"Organization\",\"@id\":\"https:\\\/\\\/informelitoral.com.ar\\\/#organization\",\"name\":\"Informe Litoral\",\"url\":\"https:\\\/\\\/informelitoral.com.ar\\\/\",\"logo\":{\"@type\":\"ImageObject\",\"inLanguage\":\"es\",\"@id\":\"https:\\\/\\\/informelitoral.com.ar\\\/#\\\/schema\\\/logo\\\/image\\\/\",\"url\":\"https:\\\/\\\/informelitoral.com.ar\\\/%77%70%2d%63%6f%6e%74%65%6e%74\\\/uploads\\\/2021\\\/01\\\/circulo.png\",\"contentUrl\":\"https:\\\/\\\/informelitoral.com.ar\\\/%77%70%2d%63%6f%6e%74%65%6e%74\\\/uploads\\\/2021\\\/01\\\/circulo.png\",\"width\":723,\"height\":731,\"caption\":\"Informe Litoral\"},\"image\":{\"@id\":\"https:\\\/\\\/informelitoral.com.ar\\\/#\\\/schema\\\/logo\\\/image\\\/\"},\"sameAs\":[\"https:\\\/\\\/www.facebook.com\\\/informelitoral\\\/\",\"https:\\\/\\\/x.com\\\/InformeLitoral\",\"https:\\\/\\\/www.instagram.com\\\/informelitoral\\\/\",\"https:\\\/\\\/www.youtube.com\\\/channel\\\/UCua4Qvz8Icb6MYqhoq9xLXw\"]},{\"@type\":\"Person\",\"@id\":\"https:\\\/\\\/informelitoral.com.ar\\\/#\\\/schema\\\/person\\\/b9d00407c836482871ef1d57bf8e3180\",\"name\":\"Gonzalo Schmidt\",\"image\":{\"@type\":\"ImageObject\",\"inLanguage\":\"es\",\"@id\":\"https:\\\/\\\/secure.gravatar.com\\\/avatar\\\/31a1a7b66ff2de83bd0e9fd79d026630d2d99e55e8bfe501287647b4fd9743de?s=96&d=mm&r=g\",\"url\":\"https:\\\/\\\/secure.gravatar.com\\\/avatar\\\/31a1a7b66ff2de83bd0e9fd79d026630d2d99e55e8bfe501287647b4fd9743de?s=96&d=mm&r=g\",\"contentUrl\":\"https:\\\/\\\/secure.gravatar.com\\\/avatar\\\/31a1a7b66ff2de83bd0e9fd79d026630d2d99e55e8bfe501287647b4fd9743de?s=96&d=mm&r=g\",\"caption\":\"Gonzalo Schmidt\"},\"description\":\"Sitio web de noticias de la provincia de Entre R\u00edos, Argentina. Informaci\u00f3n y entretenimiento. Informe Litoral, nos informamos.\",\"sameAs\":[\"http:\\\/\\\/www.isletasnoticias.com.ar\"],\"url\":\"https:\\\/\\\/informelitoral.com.ar\\\/author\\\/gonzalo\\\/\"}]}<\/script>","yoast_head_json":{"title":"Desde este lunes tienen que estar disponibles los cortes de carne a \u201cprecios populares\u201d - Informe Litoral","robots":{"index":"index","follow":"follow","max-snippet":"max-snippet:-1","max-image-preview":"max-image-preview:large","max-video-preview":"max-video-preview:-1"},"canonical":"https:\/\/informelitoral.com.ar\/desde-este-lunes-tienen-que-estar-disponibles-los-cortes-de-carne-a-precios-populares\/","og_locale":"es_ES","og_type":"article","og_title":"Desde este lunes tienen que estar disponibles los cortes de carne a \u201cprecios populares\u201d - Informe Litoral","og_description":"Podr\u00e1n encontrarse en las sucursales de todo el pa\u00eds de diferentes cadenas de supermercado, en d\u00edas espec\u00edficos. Los cortes incluidos y sus precios.","og_url":"https:\/\/informelitoral.com.ar\/desde-este-lunes-tienen-que-estar-disponibles-los-cortes-de-carne-a-precios-populares\/","og_site_name":"Informe Litoral","article_publisher":"https:\/\/www.facebook.com\/informelitoral\/","article_published_time":"2021-02-01T11:12:18+00:00","og_image":[{"width":960,"height":426,"url":"https:\/\/informelitoral.com.ar\/%77%70%2d%63%6f%6e%74%65%6e%74\/uploads\/2017\/01\/exportaciones-carne-media-res-960-426-960-24353.jpg","type":"image\/jpeg"}],"author":"Gonzalo Schmidt","twitter_card":"summary_large_image","twitter_creator":"@InformeLitoral","twitter_site":"@InformeLitoral","twitter_misc":{"Escrito por":"Gonzalo Schmidt","Tiempo de lectura":"2 minutos"},"schema":{"@context":"https:\/\/schema.org","@graph":[{"@type":"Article","@id":"https:\/\/informelitoral.com.ar\/desde-este-lunes-tienen-que-estar-disponibles-los-cortes-de-carne-a-precios-populares\/#article","isPartOf":{"@id":"https:\/\/informelitoral.com.ar\/desde-este-lunes-tienen-que-estar-disponibles-los-cortes-de-carne-a-precios-populares\/"},"author":{"name":"Gonzalo Schmidt","@id":"https:\/\/informelitoral.com.ar\/#\/schema\/person\/b9d00407c836482871ef1d57bf8e3180"},"headline":"Desde este lunes tienen que estar disponibles los cortes de carne a \u201cprecios populares\u201d","datePublished":"2021-02-01T11:12:18+00:00","mainEntityOfPage":{"@id":"https:\/\/informelitoral.com.ar\/desde-este-lunes-tienen-que-estar-disponibles-los-cortes-de-carne-a-precios-populares\/"},"wordCount":419,"commentCount":0,"publisher":{"@id":"https:\/\/informelitoral.com.ar\/#organization"},"image":{"@id":"https:\/\/informelitoral.com.ar\/desde-este-lunes-tienen-que-estar-disponibles-los-cortes-de-carne-a-precios-populares\/#primaryimage"},"thumbnailUrl":"https:\/\/informelitoral.com.ar\/%77%70%2d%63%6f%6e%74%65%6e%74\/uploads\/2017\/01\/exportaciones-carne-media-res-960-426-960-24353.jpg","keywords":["Carne","Carne vacuna"],"articleSection":["Econom\u00eda","Nacionales"],"inLanguage":"es","potentialAction":[{"@type":"CommentAction","name":"Comment","target":["https:\/\/informelitoral.com.ar\/desde-este-lunes-tienen-que-estar-disponibles-los-cortes-de-carne-a-precios-populares\/#respond"]}]},{"@type":"WebPage","@id":"https:\/\/informelitoral.com.ar\/desde-este-lunes-tienen-que-estar-disponibles-los-cortes-de-carne-a-precios-populares\/","url":"https:\/\/informelitoral.com.ar\/desde-este-lunes-tienen-que-estar-disponibles-los-cortes-de-carne-a-precios-populares\/","name":"Desde este lunes tienen que estar disponibles los cortes de carne a \u201cprecios populares\u201d - Informe Litoral","isPartOf":{"@id":"https:\/\/informelitoral.com.ar\/#website"},"primaryImageOfPage":{"@id":"https:\/\/informelitoral.com.ar\/desde-este-lunes-tienen-que-estar-disponibles-los-cortes-de-carne-a-precios-populares\/#primaryimage"},"image":{"@id":"https:\/\/informelitoral.com.ar\/desde-este-lunes-tienen-que-estar-disponibles-los-cortes-de-carne-a-precios-populares\/#primaryimage"},"thumbnailUrl":"https:\/\/informelitoral.com.ar\/%77%70%2d%63%6f%6e%74%65%6e%74\/uploads\/2017\/01\/exportaciones-carne-media-res-960-426-960-24353.jpg","datePublished":"2021-02-01T11:12:18+00:00","breadcrumb":{"@id":"https:\/\/informelitoral.com.ar\/desde-este-lunes-tienen-que-estar-disponibles-los-cortes-de-carne-a-precios-populares\/#breadcrumb"},"inLanguage":"es","potentialAction":[{"@type":"ReadAction","target":["https:\/\/informelitoral.com.ar\/desde-este-lunes-tienen-que-estar-disponibles-los-cortes-de-carne-a-precios-populares\/"]}]},{"@type":"ImageObject","inLanguage":"es","@id":"https:\/\/informelitoral.com.ar\/desde-este-lunes-tienen-que-estar-disponibles-los-cortes-de-carne-a-precios-populares\/#primaryimage","url":"https:\/\/informelitoral.com.ar\/%77%70%2d%63%6f%6e%74%65%6e%74\/uploads\/2017\/01\/exportaciones-carne-media-res-960-426-960-24353.jpg","contentUrl":"https:\/\/informelitoral.com.ar\/%77%70%2d%63%6f%6e%74%65%6e%74\/uploads\/2017\/01\/exportaciones-carne-media-res-960-426-960-24353.jpg","width":960,"height":426},{"@type":"BreadcrumbList","@id":"https:\/\/informelitoral.com.ar\/desde-este-lunes-tienen-que-estar-disponibles-los-cortes-de-carne-a-precios-populares\/#breadcrumb","itemListElement":[{"@type":"ListItem","position":1,"name":"Portada","item":"https:\/\/informelitoral.com.ar\/"},{"@type":"ListItem","position":2,"name":"Desde este lunes tienen que estar disponibles los cortes de carne a \u201cprecios populares\u201d"}]},{"@type":"WebSite","@id":"https:\/\/informelitoral.com.ar\/#website","url":"https:\/\/informelitoral.com.ar\/","name":"Informe Litoral","description":"&quot;Nos informamos&quot; ","publisher":{"@id":"https:\/\/informelitoral.com.ar\/#organization"},"potentialAction":[{"@type":"SearchAction","target":{"@type":"EntryPoint","urlTemplate":"https:\/\/informelitoral.com.ar\/?s={search_term_string}"},"query-input":{"@type":"PropertyValueSpecification","valueRequired":true,"valueName":"search_term_string"}}],"inLanguage":"es"},{"@type":"Organization","@id":"https:\/\/informelitoral.com.ar\/#organization","name":"Informe Litoral","url":"https:\/\/informelitoral.com.ar\/","logo":{"@type":"ImageObject","inLanguage":"es","@id":"https:\/\/informelitoral.com.ar\/#\/schema\/logo\/image\/","url":"https:\/\/informelitoral.com.ar\/%77%70%2d%63%6f%6e%74%65%6e%74\/uploads\/2021\/01\/circulo.png","contentUrl":"https:\/\/informelitoral.com.ar\/%77%70%2d%63%6f%6e%74%65%6e%74\/uploads\/2021\/01\/circulo.png","width":723,"height":731,"caption":"Informe Litoral"},"image":{"@id":"https:\/\/informelitoral.com.ar\/#\/schema\/logo\/image\/"},"sameAs":["https:\/\/www.facebook.com\/informelitoral\/","https:\/\/x.com\/InformeLitoral","https:\/\/www.instagram.com\/informelitoral\/","https:\/\/www.youtube.com\/channel\/UCua4Qvz8Icb6MYqhoq9xLXw"]},{"@type":"Person","@id":"https:\/\/informelitoral.com.ar\/#\/schema\/person\/b9d00407c836482871ef1d57bf8e3180","name":"Gonzalo Schmidt","image":{"@type":"ImageObject","inLanguage":"es","@id":"https:\/\/secure.gravatar.com\/avatar\/31a1a7b66ff2de83bd0e9fd79d026630d2d99e55e8bfe501287647b4fd9743de?s=96&d=mm&r=g","url":"https:\/\/secure.gravatar.com\/avatar\/31a1a7b66ff2de83bd0e9fd79d026630d2d99e55e8bfe501287647b4fd9743de?s=96&d=mm&r=g","contentUrl":"https:\/\/secure.gravatar.com\/avatar\/31a1a7b66ff2de83bd0e9fd79d026630d2d99e55e8bfe501287647b4fd9743de?s=96&d=mm&r=g","caption":"Gonzalo Schmidt"},"description":"Sitio web de noticias de la provincia de Entre R\u00edos, Argentina. Informaci\u00f3n y entretenimiento. Informe Litoral, nos informamos.","sameAs":["http:\/\/www.isletasnoticias.com.ar"],"url":"https:\/\/informelitoral.com.ar\/author\/gonzalo\/"}]}},"_links":{"self":[{"href":"https:\/\/informelitoral.com.ar\/%77%70%2d%6a%73%6f%6e\/wp\/v2\/posts\/56291","targetHints":{"allow":["GET"]}}],"collection":[{"href":"https:\/\/informelitoral.com.ar\/%77%70%2d%6a%73%6f%6e\/wp\/v2\/posts"}],"about":[{"href":"https:\/\/informelitoral.com.ar\/%77%70%2d%6a%73%6f%6e\/wp\/v2\/types\/post"}],"author":[{"embeddable":true,"href":"https:\/\/informelitoral.com.ar\/%77%70%2d%6a%73%6f%6e\/wp\/v2\/users\/2"}],"replies":[{"embeddable":true,"href":"https:\/\/informelitoral.com.ar\/%77%70%2d%6a%73%6f%6e\/wp\/v2\/comments?post=56291"}],"version-history":[{"count":0,"href":"https:\/\/informelitoral.com.ar\/%77%70%2d%6a%73%6f%6e\/wp\/v2\/posts\/56291\/revisions"}],"wp:featuredmedia":[{"embeddable":true,"href":"https:\/\/informelitoral.com.ar\/%77%70%2d%6a%73%6f%6e\/wp\/v2\/media\/19960"}],"wp:attachment":[{"href":"https:\/\/informelitoral.com.ar\/%77%70%2d%6a%73%6f%6e\/wp\/v2\/media?parent=56291"}],"wp:term":[{"taxonomy":"category","embeddable":true,"href":"https:\/\/informelitoral.com.ar\/%77%70%2d%6a%73%6f%6e\/wp\/v2\/categories?post=56291"},{"taxonomy":"post_tag","embeddable":true,"href":"https:\/\/informelitoral.com.ar\/%77%70%2d%6a%73%6f%6e\/wp\/v2\/tags?post=56291"}],"curies":[{"name":"wp","href":"https:\/\/api.w.org\/{rel}","templated":true}]}}