{"id":5624,"date":"2014-02-14T12:01:23","date_gmt":"2014-02-14T15:01:23","guid":{"rendered":"http:\/\/www.isletasnoticias.com.ar\/?p=5624"},"modified":"2014-02-14T12:02:01","modified_gmt":"2014-02-14T15:02:01","slug":"el-nuevo-codigo-penal-eliminaria-la-prision-perpetua-y-eleva-penas","status":"publish","type":"post","link":"https:\/\/informelitoral.com.ar\/el-nuevo-codigo-penal-eliminaria-la-prision-perpetua-y-eleva-penas\/","title":{"rendered":"El nuevo C\u00f3digo Penal eliminar\u00eda la prisi\u00f3n perpetua y eleva penas"},"content":{"rendered":"<p><strong>La comisi\u00f3n redactora entreg\u00f3 el proyecto a CFK. Entre las modificaciones se destacan que dejar\u00e1 de existir la condena a perpetua y se impondr\u00e1n penas hasta 30 a\u00f1os. Otro punto contempla despenalizaci\u00f3n de la marihuana. Detalles.<\/strong><\/p>\n<p><img loading=\"lazy\" decoding=\"async\" class=\"aligncenter size-medium wp-image-5625\" alt=\"cfk\" src=\"http:\/\/www.isletasnoticias.com.ar\/%77%70%2d%63%6f%6e%74%65%6e%74\/uploads\/2014\/02\/cfk-300x168.jpg\" width=\"300\" height=\"168\" srcset=\"https:\/\/informelitoral.com.ar\/%77%70%2d%63%6f%6e%74%65%6e%74\/uploads\/2014\/02\/cfk-300x168.jpg 300w, https:\/\/informelitoral.com.ar\/%77%70%2d%63%6f%6e%74%65%6e%74\/uploads\/2014\/02\/cfk.jpg 640w\" sizes=\"auto, (max-width: 300px) 100vw, 300px\" \/><\/p>\n<p><strong>Cristina Kirchner<\/strong> recibi\u00f3 en la noche de este jueves el proyecto de reforma al C\u00f3digo Penal elaborado por la comisi\u00f3n que desde 2012 est\u00e1 encargada de las propuestas, encabezada por el ministro de la Corte Suprema de Justicia de la Naci\u00f3n <strong>Eugenio Zaffaroni<\/strong>.<\/p>\n<p>De la reuni\u00f3n, que se inici\u00f3 a las 20:15 en el despacho presidencial, participaron integrantes de esa comisi\u00f3n como el propio Zaffaroni, el ministro de Justicia, <strong>Julio Alak<\/strong>, y su segundo en la cartera, <strong>Juli\u00e1n \u00c1lvarez<\/strong>. Tambi\u00e9n estuvieron los legisladores opositores <strong>Federico Pinedo<\/strong> (PRO),<strong> Ricardo Gil Lavedra<\/strong> (UCR), <strong>Mar\u00eda Elena Barbagelata<\/strong> (Partido Socialista) y el ex camarista <strong>Le\u00f3n Arslanian<\/strong>.<\/p>\n<p>Seg\u00fan hab\u00eda expresado Pinedo, la intenci\u00f3n era presentarlo ayer, aunque por cuestiones de agenda de la primera mandataria debi\u00f3 suspenderse hasta hoy.<\/p>\n<p>Lo que busca esta iniciativa es \u00abgenerar un C\u00f3digo nuevo que tenga toda la materia penal dentro, no como ahora, que hay miles de leyes que hacen que sea un caos\u00bb, precis\u00f3 el diputado macrista, seg\u00fan consign\u00f3 Infobae y reprodujo<em> Informe Digital.<\/em><\/p>\n<p>Del anteproyecto, uno de los puntos m\u00e1s discutidos fue que dejar\u00e1 de existir la condena a cadena perpetua. En su lugar, se impondr\u00e1n penas de hasta 30 a\u00f1os, s\u00f3lo si se consideran delitos contra la humanidad.<\/p>\n<p>Otras de las reformas que prometen generar debate son la despenalizaci\u00f3n de la tenencia y el cultivo de drogas como el cannabis y la imposici\u00f3n de castigos a quienes contaminen.<\/p>\n<p>El C\u00f3digo Penal actual sufri\u00f3 cerca de 900 reformas desde 1921 y fue perdiendo coherencia a lo largo de los a\u00f1os, sobre todo respecto a la proporcionalidad de las penas con las leyes Blumberg de 2004.<\/p>\n","protected":false},"excerpt":{"rendered":"<p>La comisi&oacute;n redactora entreg&oacute; el proyecto a CFK. Entre las modificaciones se destacan que dejar&aacute; de existir la condena a perpetua y se impondr&aacute;n penas hasta 30 a&ntilde;os. Otro punto contempla despenalizaci&oacute;n de la marihuana. Detalles. Cristina Kirchner recibi&oacute; en la noche de este jueves el proyecto de reforma al C&oacute;digo Penal elaborado por la [&hellip;]<\/p>\n","protected":false},"author":2,"featured_media":0,"comment_status":"open","ping_status":"open","sticky":false,"template":"","format":"standard","meta":{"fifu_image_url":"","fifu_image_alt":"","footnotes":""},"categories":[7],"tags":[],"class_list":{"0":"post-5624","1":"post","2":"type-post","3":"status-publish","4":"format-standard","6":"category-nacionales"},"yoast_head":"<title>El nuevo C\u00f3digo Penal eliminar\u00eda la prisi\u00f3n perpetua y eleva penas - Informe Litoral<\/title>\n<meta name=\"robots\" content=\"index, follow, max-snippet:-1, max-image-preview:large, max-video-preview:-1\" \/>\n<link rel=\"canonical\" href=\"https:\/\/informelitoral.com.ar\/el-nuevo-codigo-penal-eliminaria-la-prision-perpetua-y-eleva-penas\/\" \/>\n<meta property=\"og:locale\" content=\"es_ES\" \/>\n<meta property=\"og:type\" content=\"article\" \/>\n<meta property=\"og:title\" content=\"El nuevo C\u00f3digo Penal eliminar\u00eda la prisi\u00f3n perpetua y eleva penas - Informe Litoral\" \/>\n<meta property=\"og:description\" content=\"La comisi&oacute;n redactora entreg&oacute; el proyecto a CFK. Entre las modificaciones se destacan que dejar&aacute; de existir la condena a perpetua y se impondr&aacute;n penas hasta 30 a&ntilde;os. Otro punto contempla despenalizaci&oacute;n de la marihuana. Detalles. Cristina Kirchner recibi&oacute; en la noche de este jueves el proyecto de reforma al C&oacute;digo Penal elaborado por la [&hellip;]\" \/>\n<meta property=\"og:url\" content=\"https:\/\/informelitoral.com.ar\/el-nuevo-codigo-penal-eliminaria-la-prision-perpetua-y-eleva-penas\/\" \/>\n<meta property=\"og:site_name\" content=\"Informe Litoral\" \/>\n<meta property=\"article:publisher\" content=\"https:\/\/www.facebook.com\/informelitoral\/\" \/>\n<meta property=\"article:published_time\" content=\"2014-02-14T15:01:23+00:00\" \/>\n<meta property=\"article:modified_time\" content=\"2014-02-14T15:02:01+00:00\" \/>\n<meta property=\"og:image\" content=\"https:\/\/informelitoral.com.ar\/%77%70%2d%63%6f%6e%74%65%6e%74\/uploads\/2014\/02\/cfk.jpg\" \/>\n\t<meta property=\"og:image:width\" content=\"640\" \/>\n\t<meta property=\"og:image:height\" content=\"360\" \/>\n\t<meta property=\"og:image:type\" content=\"image\/jpeg\" \/>\n<meta name=\"author\" content=\"Gonzalo Schmidt\" \/>\n<meta name=\"twitter:card\" content=\"summary_large_image\" \/>\n<meta name=\"twitter:creator\" content=\"@InformeLitoral\" \/>\n<meta name=\"twitter:site\" content=\"@InformeLitoral\" \/>\n<meta name=\"twitter:label1\" content=\"Escrito por\" \/>\n\t<meta name=\"twitter:data1\" content=\"Gonzalo Schmidt\" \/>\n\t<meta name=\"twitter:label2\" content=\"Tiempo de lectura\" \/>\n\t<meta name=\"twitter:data2\" content=\"2 minutos\" \/>\n<script type=\"application\/ld+json\" class=\"yoast-schema-graph\">{\"@context\":\"https:\\\/\\\/schema.org\",\"@graph\":[{\"@type\":\"Article\",\"@id\":\"https:\\\/\\\/informelitoral.com.ar\\\/el-nuevo-codigo-penal-eliminaria-la-prision-perpetua-y-eleva-penas\\\/#article\",\"isPartOf\":{\"@id\":\"https:\\\/\\\/informelitoral.com.ar\\\/el-nuevo-codigo-penal-eliminaria-la-prision-perpetua-y-eleva-penas\\\/\"},\"author\":{\"name\":\"Gonzalo Schmidt\",\"@id\":\"https:\\\/\\\/informelitoral.com.ar\\\/#\\\/schema\\\/person\\\/b9d00407c836482871ef1d57bf8e3180\"},\"headline\":\"El nuevo C\u00f3digo Penal eliminar\u00eda la prisi\u00f3n perpetua y eleva penas\",\"datePublished\":\"2014-02-14T15:01:23+00:00\",\"dateModified\":\"2014-02-14T15:02:01+00:00\",\"mainEntityOfPage\":{\"@id\":\"https:\\\/\\\/informelitoral.com.ar\\\/el-nuevo-codigo-penal-eliminaria-la-prision-perpetua-y-eleva-penas\\\/\"},\"wordCount\":337,\"commentCount\":0,\"publisher\":{\"@id\":\"https:\\\/\\\/informelitoral.com.ar\\\/#organization\"},\"image\":{\"@id\":\"https:\\\/\\\/informelitoral.com.ar\\\/el-nuevo-codigo-penal-eliminaria-la-prision-perpetua-y-eleva-penas\\\/#primaryimage\"},\"thumbnailUrl\":\"http:\\\/\\\/www.isletasnoticias.com.ar\\\/%77%70%2d%63%6f%6e%74%65%6e%74\\\/uploads\\\/2014\\\/02\\\/cfk-300x168.jpg\",\"articleSection\":[\"Nacionales\"],\"inLanguage\":\"es\",\"potentialAction\":[{\"@type\":\"CommentAction\",\"name\":\"Comment\",\"target\":[\"https:\\\/\\\/informelitoral.com.ar\\\/el-nuevo-codigo-penal-eliminaria-la-prision-perpetua-y-eleva-penas\\\/#respond\"]}]},{\"@type\":\"WebPage\",\"@id\":\"https:\\\/\\\/informelitoral.com.ar\\\/el-nuevo-codigo-penal-eliminaria-la-prision-perpetua-y-eleva-penas\\\/\",\"url\":\"https:\\\/\\\/informelitoral.com.ar\\\/el-nuevo-codigo-penal-eliminaria-la-prision-perpetua-y-eleva-penas\\\/\",\"name\":\"El nuevo C\u00f3digo Penal eliminar\u00eda la prisi\u00f3n perpetua y eleva penas - Informe Litoral\",\"isPartOf\":{\"@id\":\"https:\\\/\\\/informelitoral.com.ar\\\/#website\"},\"primaryImageOfPage\":{\"@id\":\"https:\\\/\\\/informelitoral.com.ar\\\/el-nuevo-codigo-penal-eliminaria-la-prision-perpetua-y-eleva-penas\\\/#primaryimage\"},\"image\":{\"@id\":\"https:\\\/\\\/informelitoral.com.ar\\\/el-nuevo-codigo-penal-eliminaria-la-prision-perpetua-y-eleva-penas\\\/#primaryimage\"},\"thumbnailUrl\":\"http:\\\/\\\/www.isletasnoticias.com.ar\\\/%77%70%2d%63%6f%6e%74%65%6e%74\\\/uploads\\\/2014\\\/02\\\/cfk-300x168.jpg\",\"datePublished\":\"2014-02-14T15:01:23+00:00\",\"dateModified\":\"2014-02-14T15:02:01+00:00\",\"breadcrumb\":{\"@id\":\"https:\\\/\\\/informelitoral.com.ar\\\/el-nuevo-codigo-penal-eliminaria-la-prision-perpetua-y-eleva-penas\\\/#breadcrumb\"},\"inLanguage\":\"es\",\"potentialAction\":[{\"@type\":\"ReadAction\",\"target\":[\"https:\\\/\\\/informelitoral.com.ar\\\/el-nuevo-codigo-penal-eliminaria-la-prision-perpetua-y-eleva-penas\\\/\"]}]},{\"@type\":\"ImageObject\",\"inLanguage\":\"es\",\"@id\":\"https:\\\/\\\/informelitoral.com.ar\\\/el-nuevo-codigo-penal-eliminaria-la-prision-perpetua-y-eleva-penas\\\/#primaryimage\",\"url\":\"http:\\\/\\\/www.isletasnoticias.com.ar\\\/%77%70%2d%63%6f%6e%74%65%6e%74\\\/uploads\\\/2014\\\/02\\\/cfk-300x168.jpg\",\"contentUrl\":\"http:\\\/\\\/www.isletasnoticias.com.ar\\\/%77%70%2d%63%6f%6e%74%65%6e%74\\\/uploads\\\/2014\\\/02\\\/cfk-300x168.jpg\"},{\"@type\":\"BreadcrumbList\",\"@id\":\"https:\\\/\\\/informelitoral.com.ar\\\/el-nuevo-codigo-penal-eliminaria-la-prision-perpetua-y-eleva-penas\\\/#breadcrumb\",\"itemListElement\":[{\"@type\":\"ListItem\",\"position\":1,\"name\":\"Portada\",\"item\":\"https:\\\/\\\/informelitoral.com.ar\\\/\"},{\"@type\":\"ListItem\",\"position\":2,\"name\":\"El nuevo C\u00f3digo Penal eliminar\u00eda la prisi\u00f3n perpetua y eleva penas\"}]},{\"@type\":\"WebSite\",\"@id\":\"https:\\\/\\\/informelitoral.com.ar\\\/#website\",\"url\":\"https:\\\/\\\/informelitoral.com.ar\\\/\",\"name\":\"Informe Litoral\",\"description\":\"&quot;Nos informamos&quot; \",\"publisher\":{\"@id\":\"https:\\\/\\\/informelitoral.com.ar\\\/#organization\"},\"potentialAction\":[{\"@type\":\"SearchAction\",\"target\":{\"@type\":\"EntryPoint\",\"urlTemplate\":\"https:\\\/\\\/informelitoral.com.ar\\\/?s={search_term_string}\"},\"query-input\":{\"@type\":\"PropertyValueSpecification\",\"valueRequired\":true,\"valueName\":\"search_term_string\"}}],\"inLanguage\":\"es\"},{\"@type\":\"Organization\",\"@id\":\"https:\\\/\\\/informelitoral.com.ar\\\/#organization\",\"name\":\"Informe Litoral\",\"url\":\"https:\\\/\\\/informelitoral.com.ar\\\/\",\"logo\":{\"@type\":\"ImageObject\",\"inLanguage\":\"es\",\"@id\":\"https:\\\/\\\/informelitoral.com.ar\\\/#\\\/schema\\\/logo\\\/image\\\/\",\"url\":\"https:\\\/\\\/informelitoral.com.ar\\\/%77%70%2d%63%6f%6e%74%65%6e%74\\\/uploads\\\/2021\\\/01\\\/circulo.png\",\"contentUrl\":\"https:\\\/\\\/informelitoral.com.ar\\\/%77%70%2d%63%6f%6e%74%65%6e%74\\\/uploads\\\/2021\\\/01\\\/circulo.png\",\"width\":723,\"height\":731,\"caption\":\"Informe Litoral\"},\"image\":{\"@id\":\"https:\\\/\\\/informelitoral.com.ar\\\/#\\\/schema\\\/logo\\\/image\\\/\"},\"sameAs\":[\"https:\\\/\\\/www.facebook.com\\\/informelitoral\\\/\",\"https:\\\/\\\/x.com\\\/InformeLitoral\",\"https:\\\/\\\/www.instagram.com\\\/informelitoral\\\/\",\"https:\\\/\\\/www.youtube.com\\\/channel\\\/UCua4Qvz8Icb6MYqhoq9xLXw\"]},{\"@type\":\"Person\",\"@id\":\"https:\\\/\\\/informelitoral.com.ar\\\/#\\\/schema\\\/person\\\/b9d00407c836482871ef1d57bf8e3180\",\"name\":\"Gonzalo Schmidt\",\"image\":{\"@type\":\"ImageObject\",\"inLanguage\":\"es\",\"@id\":\"https:\\\/\\\/secure.gravatar.com\\\/avatar\\\/31a1a7b66ff2de83bd0e9fd79d026630d2d99e55e8bfe501287647b4fd9743de?s=96&d=mm&r=g\",\"url\":\"https:\\\/\\\/secure.gravatar.com\\\/avatar\\\/31a1a7b66ff2de83bd0e9fd79d026630d2d99e55e8bfe501287647b4fd9743de?s=96&d=mm&r=g\",\"contentUrl\":\"https:\\\/\\\/secure.gravatar.com\\\/avatar\\\/31a1a7b66ff2de83bd0e9fd79d026630d2d99e55e8bfe501287647b4fd9743de?s=96&d=mm&r=g\",\"caption\":\"Gonzalo Schmidt\"},\"description\":\"Sitio web de noticias de la provincia de Entre R\u00edos, Argentina. Informaci\u00f3n y entretenimiento. Informe Litoral, nos informamos.\",\"sameAs\":[\"http:\\\/\\\/www.isletasnoticias.com.ar\"],\"url\":\"https:\\\/\\\/informelitoral.com.ar\\\/author\\\/gonzalo\\\/\"}]}<\/script>","yoast_head_json":{"title":"El nuevo C\u00f3digo Penal eliminar\u00eda la prisi\u00f3n perpetua y eleva penas - Informe Litoral","robots":{"index":"index","follow":"follow","max-snippet":"max-snippet:-1","max-image-preview":"max-image-preview:large","max-video-preview":"max-video-preview:-1"},"canonical":"https:\/\/informelitoral.com.ar\/el-nuevo-codigo-penal-eliminaria-la-prision-perpetua-y-eleva-penas\/","og_locale":"es_ES","og_type":"article","og_title":"El nuevo C\u00f3digo Penal eliminar\u00eda la prisi\u00f3n perpetua y eleva penas - Informe Litoral","og_description":"La comisi&oacute;n redactora entreg&oacute; el proyecto a CFK. Entre las modificaciones se destacan que dejar&aacute; de existir la condena a perpetua y se impondr&aacute;n penas hasta 30 a&ntilde;os. Otro punto contempla despenalizaci&oacute;n de la marihuana. Detalles. Cristina Kirchner recibi&oacute; en la noche de este jueves el proyecto de reforma al C&oacute;digo Penal elaborado por la [&hellip;]","og_url":"https:\/\/informelitoral.com.ar\/el-nuevo-codigo-penal-eliminaria-la-prision-perpetua-y-eleva-penas\/","og_site_name":"Informe Litoral","article_publisher":"https:\/\/www.facebook.com\/informelitoral\/","article_published_time":"2014-02-14T15:01:23+00:00","article_modified_time":"2014-02-14T15:02:01+00:00","og_image":[{"width":640,"height":360,"url":"https:\/\/informelitoral.com.ar\/%77%70%2d%63%6f%6e%74%65%6e%74\/uploads\/2014\/02\/cfk.jpg","type":"image\/jpeg"}],"author":"Gonzalo Schmidt","twitter_card":"summary_large_image","twitter_creator":"@InformeLitoral","twitter_site":"@InformeLitoral","twitter_misc":{"Escrito por":"Gonzalo Schmidt","Tiempo de lectura":"2 minutos"},"schema":{"@context":"https:\/\/schema.org","@graph":[{"@type":"Article","@id":"https:\/\/informelitoral.com.ar\/el-nuevo-codigo-penal-eliminaria-la-prision-perpetua-y-eleva-penas\/#article","isPartOf":{"@id":"https:\/\/informelitoral.com.ar\/el-nuevo-codigo-penal-eliminaria-la-prision-perpetua-y-eleva-penas\/"},"author":{"name":"Gonzalo Schmidt","@id":"https:\/\/informelitoral.com.ar\/#\/schema\/person\/b9d00407c836482871ef1d57bf8e3180"},"headline":"El nuevo C\u00f3digo Penal eliminar\u00eda la prisi\u00f3n perpetua y eleva penas","datePublished":"2014-02-14T15:01:23+00:00","dateModified":"2014-02-14T15:02:01+00:00","mainEntityOfPage":{"@id":"https:\/\/informelitoral.com.ar\/el-nuevo-codigo-penal-eliminaria-la-prision-perpetua-y-eleva-penas\/"},"wordCount":337,"commentCount":0,"publisher":{"@id":"https:\/\/informelitoral.com.ar\/#organization"},"image":{"@id":"https:\/\/informelitoral.com.ar\/el-nuevo-codigo-penal-eliminaria-la-prision-perpetua-y-eleva-penas\/#primaryimage"},"thumbnailUrl":"http:\/\/www.isletasnoticias.com.ar\/%77%70%2d%63%6f%6e%74%65%6e%74\/uploads\/2014\/02\/cfk-300x168.jpg","articleSection":["Nacionales"],"inLanguage":"es","potentialAction":[{"@type":"CommentAction","name":"Comment","target":["https:\/\/informelitoral.com.ar\/el-nuevo-codigo-penal-eliminaria-la-prision-perpetua-y-eleva-penas\/#respond"]}]},{"@type":"WebPage","@id":"https:\/\/informelitoral.com.ar\/el-nuevo-codigo-penal-eliminaria-la-prision-perpetua-y-eleva-penas\/","url":"https:\/\/informelitoral.com.ar\/el-nuevo-codigo-penal-eliminaria-la-prision-perpetua-y-eleva-penas\/","name":"El nuevo C\u00f3digo Penal eliminar\u00eda la prisi\u00f3n perpetua y eleva penas - Informe Litoral","isPartOf":{"@id":"https:\/\/informelitoral.com.ar\/#website"},"primaryImageOfPage":{"@id":"https:\/\/informelitoral.com.ar\/el-nuevo-codigo-penal-eliminaria-la-prision-perpetua-y-eleva-penas\/#primaryimage"},"image":{"@id":"https:\/\/informelitoral.com.ar\/el-nuevo-codigo-penal-eliminaria-la-prision-perpetua-y-eleva-penas\/#primaryimage"},"thumbnailUrl":"http:\/\/www.isletasnoticias.com.ar\/%77%70%2d%63%6f%6e%74%65%6e%74\/uploads\/2014\/02\/cfk-300x168.jpg","datePublished":"2014-02-14T15:01:23+00:00","dateModified":"2014-02-14T15:02:01+00:00","breadcrumb":{"@id":"https:\/\/informelitoral.com.ar\/el-nuevo-codigo-penal-eliminaria-la-prision-perpetua-y-eleva-penas\/#breadcrumb"},"inLanguage":"es","potentialAction":[{"@type":"ReadAction","target":["https:\/\/informelitoral.com.ar\/el-nuevo-codigo-penal-eliminaria-la-prision-perpetua-y-eleva-penas\/"]}]},{"@type":"ImageObject","inLanguage":"es","@id":"https:\/\/informelitoral.com.ar\/el-nuevo-codigo-penal-eliminaria-la-prision-perpetua-y-eleva-penas\/#primaryimage","url":"http:\/\/www.isletasnoticias.com.ar\/%77%70%2d%63%6f%6e%74%65%6e%74\/uploads\/2014\/02\/cfk-300x168.jpg","contentUrl":"http:\/\/www.isletasnoticias.com.ar\/%77%70%2d%63%6f%6e%74%65%6e%74\/uploads\/2014\/02\/cfk-300x168.jpg"},{"@type":"BreadcrumbList","@id":"https:\/\/informelitoral.com.ar\/el-nuevo-codigo-penal-eliminaria-la-prision-perpetua-y-eleva-penas\/#breadcrumb","itemListElement":[{"@type":"ListItem","position":1,"name":"Portada","item":"https:\/\/informelitoral.com.ar\/"},{"@type":"ListItem","position":2,"name":"El nuevo C\u00f3digo Penal eliminar\u00eda la prisi\u00f3n perpetua y eleva penas"}]},{"@type":"WebSite","@id":"https:\/\/informelitoral.com.ar\/#website","url":"https:\/\/informelitoral.com.ar\/","name":"Informe Litoral","description":"&quot;Nos informamos&quot; ","publisher":{"@id":"https:\/\/informelitoral.com.ar\/#organization"},"potentialAction":[{"@type":"SearchAction","target":{"@type":"EntryPoint","urlTemplate":"https:\/\/informelitoral.com.ar\/?s={search_term_string}"},"query-input":{"@type":"PropertyValueSpecification","valueRequired":true,"valueName":"search_term_string"}}],"inLanguage":"es"},{"@type":"Organization","@id":"https:\/\/informelitoral.com.ar\/#organization","name":"Informe Litoral","url":"https:\/\/informelitoral.com.ar\/","logo":{"@type":"ImageObject","inLanguage":"es","@id":"https:\/\/informelitoral.com.ar\/#\/schema\/logo\/image\/","url":"https:\/\/informelitoral.com.ar\/%77%70%2d%63%6f%6e%74%65%6e%74\/uploads\/2021\/01\/circulo.png","contentUrl":"https:\/\/informelitoral.com.ar\/%77%70%2d%63%6f%6e%74%65%6e%74\/uploads\/2021\/01\/circulo.png","width":723,"height":731,"caption":"Informe Litoral"},"image":{"@id":"https:\/\/informelitoral.com.ar\/#\/schema\/logo\/image\/"},"sameAs":["https:\/\/www.facebook.com\/informelitoral\/","https:\/\/x.com\/InformeLitoral","https:\/\/www.instagram.com\/informelitoral\/","https:\/\/www.youtube.com\/channel\/UCua4Qvz8Icb6MYqhoq9xLXw"]},{"@type":"Person","@id":"https:\/\/informelitoral.com.ar\/#\/schema\/person\/b9d00407c836482871ef1d57bf8e3180","name":"Gonzalo Schmidt","image":{"@type":"ImageObject","inLanguage":"es","@id":"https:\/\/secure.gravatar.com\/avatar\/31a1a7b66ff2de83bd0e9fd79d026630d2d99e55e8bfe501287647b4fd9743de?s=96&d=mm&r=g","url":"https:\/\/secure.gravatar.com\/avatar\/31a1a7b66ff2de83bd0e9fd79d026630d2d99e55e8bfe501287647b4fd9743de?s=96&d=mm&r=g","contentUrl":"https:\/\/secure.gravatar.com\/avatar\/31a1a7b66ff2de83bd0e9fd79d026630d2d99e55e8bfe501287647b4fd9743de?s=96&d=mm&r=g","caption":"Gonzalo Schmidt"},"description":"Sitio web de noticias de la provincia de Entre R\u00edos, Argentina. Informaci\u00f3n y entretenimiento. Informe Litoral, nos informamos.","sameAs":["http:\/\/www.isletasnoticias.com.ar"],"url":"https:\/\/informelitoral.com.ar\/author\/gonzalo\/"}]}},"_links":{"self":[{"href":"https:\/\/informelitoral.com.ar\/%77%70%2d%6a%73%6f%6e\/wp\/v2\/posts\/5624","targetHints":{"allow":["GET"]}}],"collection":[{"href":"https:\/\/informelitoral.com.ar\/%77%70%2d%6a%73%6f%6e\/wp\/v2\/posts"}],"about":[{"href":"https:\/\/informelitoral.com.ar\/%77%70%2d%6a%73%6f%6e\/wp\/v2\/types\/post"}],"author":[{"embeddable":true,"href":"https:\/\/informelitoral.com.ar\/%77%70%2d%6a%73%6f%6e\/wp\/v2\/users\/2"}],"replies":[{"embeddable":true,"href":"https:\/\/informelitoral.com.ar\/%77%70%2d%6a%73%6f%6e\/wp\/v2\/comments?post=5624"}],"version-history":[{"count":0,"href":"https:\/\/informelitoral.com.ar\/%77%70%2d%6a%73%6f%6e\/wp\/v2\/posts\/5624\/revisions"}],"wp:attachment":[{"href":"https:\/\/informelitoral.com.ar\/%77%70%2d%6a%73%6f%6e\/wp\/v2\/media?parent=5624"}],"wp:term":[{"taxonomy":"category","embeddable":true,"href":"https:\/\/informelitoral.com.ar\/%77%70%2d%6a%73%6f%6e\/wp\/v2\/categories?post=5624"},{"taxonomy":"post_tag","embeddable":true,"href":"https:\/\/informelitoral.com.ar\/%77%70%2d%6a%73%6f%6e\/wp\/v2\/tags?post=5624"}],"curies":[{"name":"wp","href":"https:\/\/api.w.org\/{rel}","templated":true}]}}