{"id":56120,"date":"2021-01-27T10:24:07","date_gmt":"2021-01-27T13:24:07","guid":{"rendered":"https:\/\/www.isletasnoticias.com.ar\/?p=56120"},"modified":"2021-01-27T10:24:07","modified_gmt":"2021-01-27T13:24:07","slug":"un-bombero-salvo-a-una-beba-que-se-ahogaba-en-plena-ruta-12","status":"publish","type":"post","link":"https:\/\/informelitoral.com.ar\/un-bombero-salvo-a-una-beba-que-se-ahogaba-en-plena-ruta-12\/","title":{"rendered":"Un bombero salv\u00f3 a una beba que se ahogaba en plena Ruta 12"},"content":{"rendered":"<p><strong>Un bombero salv\u00f3 a una beba que se ahogaba en plena ruta.<\/strong>\u00a0El dram\u00e1tico suceso sucedi\u00f3 en la Ruta Nacional N\u00ba 12, a la altura del kil\u00f3metro 230, en Ceibas.<\/p>\n<p>Eran las 18.30 del martes y\u00a0<strong>Mauricio Bugia<\/strong>\u00a0del Cuartel de Bomberos Voluntarios de Ceibas vivi\u00f3 una situaci\u00f3n inesperada.\u00a0<strong>Una mam\u00e1 se encontraba con su bebita en brazos y pidiendo auxilio, ya que la ni\u00f1a, de unos siete meses, se estaba ahogando con el pl\u00e1stico de un paquete de galletitas.<\/strong><\/p>\n<p>\u201cEl bombero no dud\u00f3 en hacerle primeros auxilios.\u00a0<strong>Puso a la beb\u00e9 boca abajo sobre su pierna y comenz\u00f3 a hacerle masajes para que pudiera despedir el objeto<\/strong>. Al cabo de unos segundos, la beb\u00e9 logr\u00f3 despedir el pl\u00e1stico\u201d, relat\u00f3 una testigo.<\/p>\n<p>\u201c<strong>Ah\u00ed, la beb\u00e9 comenz\u00f3 a largar el llanto, volviendo a respirar y salv\u00e1ndole la vida. Gracias a Dios fue solo un susto<\/strong>\u00a0y la beb\u00e9 est\u00e1 hoy con su mam\u00e1\u201d, remarc\u00f3 la mujer a modo de reflexi\u00f3n.<\/p>\n<p>El cuartel de\u00a0Ceibas, es una de las sedes de mayor actividad en la provincia, debido a la gran cantidad de tr\u00e1nsito en la jurisdicci\u00f3n, a partir de la circulaci\u00f3n de veh\u00edculos por la Ruta Nacional N\u00ba 12.<\/p>\n","protected":false},"excerpt":{"rendered":"<p>Mauricio Bugia se convirti\u00f3 en un h\u00e9roe. La criatura de unos siete meses est\u00e1 sana y salva con su mam\u00e1.<\/p>\n","protected":false},"author":2,"featured_media":56121,"comment_status":"open","ping_status":"open","sticky":false,"template":"","format":"standard","meta":{"fifu_image_url":"","fifu_image_alt":"","footnotes":""},"categories":[9],"tags":[],"class_list":{"0":"post-56120","1":"post","2":"type-post","3":"status-publish","4":"format-standard","5":"has-post-thumbnail","7":"category-sociedad"},"yoast_head":"<title>Un bombero salv\u00f3 a una beba que se ahogaba en plena Ruta 12 - Informe Litoral<\/title>\n<meta name=\"robots\" content=\"index, follow, max-snippet:-1, max-image-preview:large, max-video-preview:-1\" \/>\n<link rel=\"canonical\" href=\"https:\/\/informelitoral.com.ar\/un-bombero-salvo-a-una-beba-que-se-ahogaba-en-plena-ruta-12\/\" \/>\n<meta property=\"og:locale\" content=\"es_ES\" \/>\n<meta property=\"og:type\" content=\"article\" \/>\n<meta property=\"og:title\" content=\"Un bombero salv\u00f3 a una beba que se ahogaba en plena Ruta 12 - Informe Litoral\" \/>\n<meta property=\"og:description\" content=\"Mauricio Bugia se convirti\u00f3 en un h\u00e9roe. La criatura de unos siete meses est\u00e1 sana y salva con su mam\u00e1.\" \/>\n<meta property=\"og:url\" content=\"https:\/\/informelitoral.com.ar\/un-bombero-salvo-a-una-beba-que-se-ahogaba-en-plena-ruta-12\/\" \/>\n<meta property=\"og:site_name\" content=\"Informe Litoral\" \/>\n<meta property=\"article:publisher\" content=\"https:\/\/www.facebook.com\/informelitoral\/\" \/>\n<meta property=\"article:published_time\" content=\"2021-01-27T13:24:07+00:00\" \/>\n<meta property=\"og:image\" content=\"https:\/\/informelitoral.com.ar\/%77%70%2d%63%6f%6e%74%65%6e%74\/uploads\/2021\/01\/142691358_2723012571347324_7592641586238463533_n.jpg\" \/>\n\t<meta property=\"og:image:width\" content=\"540\" \/>\n\t<meta property=\"og:image:height\" content=\"585\" \/>\n\t<meta property=\"og:image:type\" content=\"image\/jpeg\" \/>\n<meta name=\"author\" content=\"Gonzalo Schmidt\" \/>\n<meta name=\"twitter:card\" content=\"summary_large_image\" \/>\n<meta name=\"twitter:creator\" content=\"@InformeLitoral\" \/>\n<meta name=\"twitter:site\" content=\"@InformeLitoral\" \/>\n<meta name=\"twitter:label1\" content=\"Escrito por\" \/>\n\t<meta name=\"twitter:data1\" content=\"Gonzalo Schmidt\" \/>\n\t<meta name=\"twitter:label2\" content=\"Tiempo de lectura\" \/>\n\t<meta name=\"twitter:data2\" content=\"1 minuto\" \/>\n<script type=\"application\/ld+json\" class=\"yoast-schema-graph\">{\"@context\":\"https:\\\/\\\/schema.org\",\"@graph\":[{\"@type\":\"Article\",\"@id\":\"https:\\\/\\\/informelitoral.com.ar\\\/un-bombero-salvo-a-una-beba-que-se-ahogaba-en-plena-ruta-12\\\/#article\",\"isPartOf\":{\"@id\":\"https:\\\/\\\/informelitoral.com.ar\\\/un-bombero-salvo-a-una-beba-que-se-ahogaba-en-plena-ruta-12\\\/\"},\"author\":{\"name\":\"Gonzalo Schmidt\",\"@id\":\"https:\\\/\\\/informelitoral.com.ar\\\/#\\\/schema\\\/person\\\/b9d00407c836482871ef1d57bf8e3180\"},\"headline\":\"Un bombero salv\u00f3 a una beba que se ahogaba en plena Ruta 12\",\"datePublished\":\"2021-01-27T13:24:07+00:00\",\"mainEntityOfPage\":{\"@id\":\"https:\\\/\\\/informelitoral.com.ar\\\/un-bombero-salvo-a-una-beba-que-se-ahogaba-en-plena-ruta-12\\\/\"},\"wordCount\":217,\"commentCount\":0,\"publisher\":{\"@id\":\"https:\\\/\\\/informelitoral.com.ar\\\/#organization\"},\"image\":{\"@id\":\"https:\\\/\\\/informelitoral.com.ar\\\/un-bombero-salvo-a-una-beba-que-se-ahogaba-en-plena-ruta-12\\\/#primaryimage\"},\"thumbnailUrl\":\"https:\\\/\\\/informelitoral.com.ar\\\/%77%70%2d%63%6f%6e%74%65%6e%74\\\/uploads\\\/2021\\\/01\\\/142691358_2723012571347324_7592641586238463533_n.jpg\",\"articleSection\":[\"Sociedad\"],\"inLanguage\":\"es\",\"potentialAction\":[{\"@type\":\"CommentAction\",\"name\":\"Comment\",\"target\":[\"https:\\\/\\\/informelitoral.com.ar\\\/un-bombero-salvo-a-una-beba-que-se-ahogaba-en-plena-ruta-12\\\/#respond\"]}]},{\"@type\":\"WebPage\",\"@id\":\"https:\\\/\\\/informelitoral.com.ar\\\/un-bombero-salvo-a-una-beba-que-se-ahogaba-en-plena-ruta-12\\\/\",\"url\":\"https:\\\/\\\/informelitoral.com.ar\\\/un-bombero-salvo-a-una-beba-que-se-ahogaba-en-plena-ruta-12\\\/\",\"name\":\"Un bombero salv\u00f3 a una beba que se ahogaba en plena Ruta 12 - Informe Litoral\",\"isPartOf\":{\"@id\":\"https:\\\/\\\/informelitoral.com.ar\\\/#website\"},\"primaryImageOfPage\":{\"@id\":\"https:\\\/\\\/informelitoral.com.ar\\\/un-bombero-salvo-a-una-beba-que-se-ahogaba-en-plena-ruta-12\\\/#primaryimage\"},\"image\":{\"@id\":\"https:\\\/\\\/informelitoral.com.ar\\\/un-bombero-salvo-a-una-beba-que-se-ahogaba-en-plena-ruta-12\\\/#primaryimage\"},\"thumbnailUrl\":\"https:\\\/\\\/informelitoral.com.ar\\\/%77%70%2d%63%6f%6e%74%65%6e%74\\\/uploads\\\/2021\\\/01\\\/142691358_2723012571347324_7592641586238463533_n.jpg\",\"datePublished\":\"2021-01-27T13:24:07+00:00\",\"breadcrumb\":{\"@id\":\"https:\\\/\\\/informelitoral.com.ar\\\/un-bombero-salvo-a-una-beba-que-se-ahogaba-en-plena-ruta-12\\\/#breadcrumb\"},\"inLanguage\":\"es\",\"potentialAction\":[{\"@type\":\"ReadAction\",\"target\":[\"https:\\\/\\\/informelitoral.com.ar\\\/un-bombero-salvo-a-una-beba-que-se-ahogaba-en-plena-ruta-12\\\/\"]}]},{\"@type\":\"ImageObject\",\"inLanguage\":\"es\",\"@id\":\"https:\\\/\\\/informelitoral.com.ar\\\/un-bombero-salvo-a-una-beba-que-se-ahogaba-en-plena-ruta-12\\\/#primaryimage\",\"url\":\"https:\\\/\\\/informelitoral.com.ar\\\/%77%70%2d%63%6f%6e%74%65%6e%74\\\/uploads\\\/2021\\\/01\\\/142691358_2723012571347324_7592641586238463533_n.jpg\",\"contentUrl\":\"https:\\\/\\\/informelitoral.com.ar\\\/%77%70%2d%63%6f%6e%74%65%6e%74\\\/uploads\\\/2021\\\/01\\\/142691358_2723012571347324_7592641586238463533_n.jpg\",\"width\":540,\"height\":585},{\"@type\":\"BreadcrumbList\",\"@id\":\"https:\\\/\\\/informelitoral.com.ar\\\/un-bombero-salvo-a-una-beba-que-se-ahogaba-en-plena-ruta-12\\\/#breadcrumb\",\"itemListElement\":[{\"@type\":\"ListItem\",\"position\":1,\"name\":\"Portada\",\"item\":\"https:\\\/\\\/informelitoral.com.ar\\\/\"},{\"@type\":\"ListItem\",\"position\":2,\"name\":\"Un bombero salv\u00f3 a una beba que se ahogaba en plena Ruta 12\"}]},{\"@type\":\"WebSite\",\"@id\":\"https:\\\/\\\/informelitoral.com.ar\\\/#website\",\"url\":\"https:\\\/\\\/informelitoral.com.ar\\\/\",\"name\":\"Informe Litoral\",\"description\":\"&quot;Nos informamos&quot; \",\"publisher\":{\"@id\":\"https:\\\/\\\/informelitoral.com.ar\\\/#organization\"},\"potentialAction\":[{\"@type\":\"SearchAction\",\"target\":{\"@type\":\"EntryPoint\",\"urlTemplate\":\"https:\\\/\\\/informelitoral.com.ar\\\/?s={search_term_string}\"},\"query-input\":{\"@type\":\"PropertyValueSpecification\",\"valueRequired\":true,\"valueName\":\"search_term_string\"}}],\"inLanguage\":\"es\"},{\"@type\":\"Organization\",\"@id\":\"https:\\\/\\\/informelitoral.com.ar\\\/#organization\",\"name\":\"Informe Litoral\",\"url\":\"https:\\\/\\\/informelitoral.com.ar\\\/\",\"logo\":{\"@type\":\"ImageObject\",\"inLanguage\":\"es\",\"@id\":\"https:\\\/\\\/informelitoral.com.ar\\\/#\\\/schema\\\/logo\\\/image\\\/\",\"url\":\"https:\\\/\\\/informelitoral.com.ar\\\/%77%70%2d%63%6f%6e%74%65%6e%74\\\/uploads\\\/2021\\\/01\\\/circulo.png\",\"contentUrl\":\"https:\\\/\\\/informelitoral.com.ar\\\/%77%70%2d%63%6f%6e%74%65%6e%74\\\/uploads\\\/2021\\\/01\\\/circulo.png\",\"width\":723,\"height\":731,\"caption\":\"Informe Litoral\"},\"image\":{\"@id\":\"https:\\\/\\\/informelitoral.com.ar\\\/#\\\/schema\\\/logo\\\/image\\\/\"},\"sameAs\":[\"https:\\\/\\\/www.facebook.com\\\/informelitoral\\\/\",\"https:\\\/\\\/x.com\\\/InformeLitoral\",\"https:\\\/\\\/www.instagram.com\\\/informelitoral\\\/\",\"https:\\\/\\\/www.youtube.com\\\/channel\\\/UCua4Qvz8Icb6MYqhoq9xLXw\"]},{\"@type\":\"Person\",\"@id\":\"https:\\\/\\\/informelitoral.com.ar\\\/#\\\/schema\\\/person\\\/b9d00407c836482871ef1d57bf8e3180\",\"name\":\"Gonzalo Schmidt\",\"image\":{\"@type\":\"ImageObject\",\"inLanguage\":\"es\",\"@id\":\"https:\\\/\\\/secure.gravatar.com\\\/avatar\\\/31a1a7b66ff2de83bd0e9fd79d026630d2d99e55e8bfe501287647b4fd9743de?s=96&d=mm&r=g\",\"url\":\"https:\\\/\\\/secure.gravatar.com\\\/avatar\\\/31a1a7b66ff2de83bd0e9fd79d026630d2d99e55e8bfe501287647b4fd9743de?s=96&d=mm&r=g\",\"contentUrl\":\"https:\\\/\\\/secure.gravatar.com\\\/avatar\\\/31a1a7b66ff2de83bd0e9fd79d026630d2d99e55e8bfe501287647b4fd9743de?s=96&d=mm&r=g\",\"caption\":\"Gonzalo Schmidt\"},\"description\":\"Sitio web de noticias de la provincia de Entre R\u00edos, Argentina. Informaci\u00f3n y entretenimiento. Informe Litoral, nos informamos.\",\"sameAs\":[\"http:\\\/\\\/www.isletasnoticias.com.ar\"],\"url\":\"https:\\\/\\\/informelitoral.com.ar\\\/author\\\/gonzalo\\\/\"}]}<\/script>","yoast_head_json":{"title":"Un bombero salv\u00f3 a una beba que se ahogaba en plena Ruta 12 - Informe Litoral","robots":{"index":"index","follow":"follow","max-snippet":"max-snippet:-1","max-image-preview":"max-image-preview:large","max-video-preview":"max-video-preview:-1"},"canonical":"https:\/\/informelitoral.com.ar\/un-bombero-salvo-a-una-beba-que-se-ahogaba-en-plena-ruta-12\/","og_locale":"es_ES","og_type":"article","og_title":"Un bombero salv\u00f3 a una beba que se ahogaba en plena Ruta 12 - Informe Litoral","og_description":"Mauricio Bugia se convirti\u00f3 en un h\u00e9roe. La criatura de unos siete meses est\u00e1 sana y salva con su mam\u00e1.","og_url":"https:\/\/informelitoral.com.ar\/un-bombero-salvo-a-una-beba-que-se-ahogaba-en-plena-ruta-12\/","og_site_name":"Informe Litoral","article_publisher":"https:\/\/www.facebook.com\/informelitoral\/","article_published_time":"2021-01-27T13:24:07+00:00","og_image":[{"width":540,"height":585,"url":"https:\/\/informelitoral.com.ar\/%77%70%2d%63%6f%6e%74%65%6e%74\/uploads\/2021\/01\/142691358_2723012571347324_7592641586238463533_n.jpg","type":"image\/jpeg"}],"author":"Gonzalo Schmidt","twitter_card":"summary_large_image","twitter_creator":"@InformeLitoral","twitter_site":"@InformeLitoral","twitter_misc":{"Escrito por":"Gonzalo Schmidt","Tiempo de lectura":"1 minuto"},"schema":{"@context":"https:\/\/schema.org","@graph":[{"@type":"Article","@id":"https:\/\/informelitoral.com.ar\/un-bombero-salvo-a-una-beba-que-se-ahogaba-en-plena-ruta-12\/#article","isPartOf":{"@id":"https:\/\/informelitoral.com.ar\/un-bombero-salvo-a-una-beba-que-se-ahogaba-en-plena-ruta-12\/"},"author":{"name":"Gonzalo Schmidt","@id":"https:\/\/informelitoral.com.ar\/#\/schema\/person\/b9d00407c836482871ef1d57bf8e3180"},"headline":"Un bombero salv\u00f3 a una beba que se ahogaba en plena Ruta 12","datePublished":"2021-01-27T13:24:07+00:00","mainEntityOfPage":{"@id":"https:\/\/informelitoral.com.ar\/un-bombero-salvo-a-una-beba-que-se-ahogaba-en-plena-ruta-12\/"},"wordCount":217,"commentCount":0,"publisher":{"@id":"https:\/\/informelitoral.com.ar\/#organization"},"image":{"@id":"https:\/\/informelitoral.com.ar\/un-bombero-salvo-a-una-beba-que-se-ahogaba-en-plena-ruta-12\/#primaryimage"},"thumbnailUrl":"https:\/\/informelitoral.com.ar\/%77%70%2d%63%6f%6e%74%65%6e%74\/uploads\/2021\/01\/142691358_2723012571347324_7592641586238463533_n.jpg","articleSection":["Sociedad"],"inLanguage":"es","potentialAction":[{"@type":"CommentAction","name":"Comment","target":["https:\/\/informelitoral.com.ar\/un-bombero-salvo-a-una-beba-que-se-ahogaba-en-plena-ruta-12\/#respond"]}]},{"@type":"WebPage","@id":"https:\/\/informelitoral.com.ar\/un-bombero-salvo-a-una-beba-que-se-ahogaba-en-plena-ruta-12\/","url":"https:\/\/informelitoral.com.ar\/un-bombero-salvo-a-una-beba-que-se-ahogaba-en-plena-ruta-12\/","name":"Un bombero salv\u00f3 a una beba que se ahogaba en plena Ruta 12 - Informe Litoral","isPartOf":{"@id":"https:\/\/informelitoral.com.ar\/#website"},"primaryImageOfPage":{"@id":"https:\/\/informelitoral.com.ar\/un-bombero-salvo-a-una-beba-que-se-ahogaba-en-plena-ruta-12\/#primaryimage"},"image":{"@id":"https:\/\/informelitoral.com.ar\/un-bombero-salvo-a-una-beba-que-se-ahogaba-en-plena-ruta-12\/#primaryimage"},"thumbnailUrl":"https:\/\/informelitoral.com.ar\/%77%70%2d%63%6f%6e%74%65%6e%74\/uploads\/2021\/01\/142691358_2723012571347324_7592641586238463533_n.jpg","datePublished":"2021-01-27T13:24:07+00:00","breadcrumb":{"@id":"https:\/\/informelitoral.com.ar\/un-bombero-salvo-a-una-beba-que-se-ahogaba-en-plena-ruta-12\/#breadcrumb"},"inLanguage":"es","potentialAction":[{"@type":"ReadAction","target":["https:\/\/informelitoral.com.ar\/un-bombero-salvo-a-una-beba-que-se-ahogaba-en-plena-ruta-12\/"]}]},{"@type":"ImageObject","inLanguage":"es","@id":"https:\/\/informelitoral.com.ar\/un-bombero-salvo-a-una-beba-que-se-ahogaba-en-plena-ruta-12\/#primaryimage","url":"https:\/\/informelitoral.com.ar\/%77%70%2d%63%6f%6e%74%65%6e%74\/uploads\/2021\/01\/142691358_2723012571347324_7592641586238463533_n.jpg","contentUrl":"https:\/\/informelitoral.com.ar\/%77%70%2d%63%6f%6e%74%65%6e%74\/uploads\/2021\/01\/142691358_2723012571347324_7592641586238463533_n.jpg","width":540,"height":585},{"@type":"BreadcrumbList","@id":"https:\/\/informelitoral.com.ar\/un-bombero-salvo-a-una-beba-que-se-ahogaba-en-plena-ruta-12\/#breadcrumb","itemListElement":[{"@type":"ListItem","position":1,"name":"Portada","item":"https:\/\/informelitoral.com.ar\/"},{"@type":"ListItem","position":2,"name":"Un bombero salv\u00f3 a una beba que se ahogaba en plena Ruta 12"}]},{"@type":"WebSite","@id":"https:\/\/informelitoral.com.ar\/#website","url":"https:\/\/informelitoral.com.ar\/","name":"Informe Litoral","description":"&quot;Nos informamos&quot; ","publisher":{"@id":"https:\/\/informelitoral.com.ar\/#organization"},"potentialAction":[{"@type":"SearchAction","target":{"@type":"EntryPoint","urlTemplate":"https:\/\/informelitoral.com.ar\/?s={search_term_string}"},"query-input":{"@type":"PropertyValueSpecification","valueRequired":true,"valueName":"search_term_string"}}],"inLanguage":"es"},{"@type":"Organization","@id":"https:\/\/informelitoral.com.ar\/#organization","name":"Informe Litoral","url":"https:\/\/informelitoral.com.ar\/","logo":{"@type":"ImageObject","inLanguage":"es","@id":"https:\/\/informelitoral.com.ar\/#\/schema\/logo\/image\/","url":"https:\/\/informelitoral.com.ar\/%77%70%2d%63%6f%6e%74%65%6e%74\/uploads\/2021\/01\/circulo.png","contentUrl":"https:\/\/informelitoral.com.ar\/%77%70%2d%63%6f%6e%74%65%6e%74\/uploads\/2021\/01\/circulo.png","width":723,"height":731,"caption":"Informe Litoral"},"image":{"@id":"https:\/\/informelitoral.com.ar\/#\/schema\/logo\/image\/"},"sameAs":["https:\/\/www.facebook.com\/informelitoral\/","https:\/\/x.com\/InformeLitoral","https:\/\/www.instagram.com\/informelitoral\/","https:\/\/www.youtube.com\/channel\/UCua4Qvz8Icb6MYqhoq9xLXw"]},{"@type":"Person","@id":"https:\/\/informelitoral.com.ar\/#\/schema\/person\/b9d00407c836482871ef1d57bf8e3180","name":"Gonzalo Schmidt","image":{"@type":"ImageObject","inLanguage":"es","@id":"https:\/\/secure.gravatar.com\/avatar\/31a1a7b66ff2de83bd0e9fd79d026630d2d99e55e8bfe501287647b4fd9743de?s=96&d=mm&r=g","url":"https:\/\/secure.gravatar.com\/avatar\/31a1a7b66ff2de83bd0e9fd79d026630d2d99e55e8bfe501287647b4fd9743de?s=96&d=mm&r=g","contentUrl":"https:\/\/secure.gravatar.com\/avatar\/31a1a7b66ff2de83bd0e9fd79d026630d2d99e55e8bfe501287647b4fd9743de?s=96&d=mm&r=g","caption":"Gonzalo Schmidt"},"description":"Sitio web de noticias de la provincia de Entre R\u00edos, Argentina. Informaci\u00f3n y entretenimiento. Informe Litoral, nos informamos.","sameAs":["http:\/\/www.isletasnoticias.com.ar"],"url":"https:\/\/informelitoral.com.ar\/author\/gonzalo\/"}]}},"_links":{"self":[{"href":"https:\/\/informelitoral.com.ar\/%77%70%2d%6a%73%6f%6e\/wp\/v2\/posts\/56120","targetHints":{"allow":["GET"]}}],"collection":[{"href":"https:\/\/informelitoral.com.ar\/%77%70%2d%6a%73%6f%6e\/wp\/v2\/posts"}],"about":[{"href":"https:\/\/informelitoral.com.ar\/%77%70%2d%6a%73%6f%6e\/wp\/v2\/types\/post"}],"author":[{"embeddable":true,"href":"https:\/\/informelitoral.com.ar\/%77%70%2d%6a%73%6f%6e\/wp\/v2\/users\/2"}],"replies":[{"embeddable":true,"href":"https:\/\/informelitoral.com.ar\/%77%70%2d%6a%73%6f%6e\/wp\/v2\/comments?post=56120"}],"version-history":[{"count":0,"href":"https:\/\/informelitoral.com.ar\/%77%70%2d%6a%73%6f%6e\/wp\/v2\/posts\/56120\/revisions"}],"wp:featuredmedia":[{"embeddable":true,"href":"https:\/\/informelitoral.com.ar\/%77%70%2d%6a%73%6f%6e\/wp\/v2\/media\/56121"}],"wp:attachment":[{"href":"https:\/\/informelitoral.com.ar\/%77%70%2d%6a%73%6f%6e\/wp\/v2\/media?parent=56120"}],"wp:term":[{"taxonomy":"category","embeddable":true,"href":"https:\/\/informelitoral.com.ar\/%77%70%2d%6a%73%6f%6e\/wp\/v2\/categories?post=56120"},{"taxonomy":"post_tag","embeddable":true,"href":"https:\/\/informelitoral.com.ar\/%77%70%2d%6a%73%6f%6e\/wp\/v2\/tags?post=56120"}],"curies":[{"name":"wp","href":"https:\/\/api.w.org\/{rel}","templated":true}]}}