{"id":56112,"date":"2021-01-27T08:46:59","date_gmt":"2021-01-27T11:46:59","guid":{"rendered":"https:\/\/www.isletasnoticias.com.ar\/?p=56112"},"modified":"2021-01-27T08:46:59","modified_gmt":"2021-01-27T11:46:59","slug":"aldea-brasilera-se-presentaron-tres-oferentes-para-la-pavimentacion-de-un-tramo-del-acceso","status":"publish","type":"post","link":"https:\/\/informelitoral.com.ar\/aldea-brasilera-se-presentaron-tres-oferentes-para-la-pavimentacion-de-un-tramo-del-acceso\/","title":{"rendered":"Aldea Brasilera: se presentaron tres oferentes para la pavimentaci\u00f3n de un tramo del acceso"},"content":{"rendered":"<p>El gobierno provincial, a trav\u00e9s de Vialidad, dio a conocer las tres propuestas econ\u00f3micas para la pavimentaci\u00f3n de m\u00e1s de 800 metros de la arteria principal de acceso a Aldea Brasilera, en el departamento Diamante. Cuenta un presupuesto oficial superior a los 31 millones de pesos.<\/p>\n<p>Con la presencia de la titular de la Direcci\u00f3n Provincial de Vialidad (DPV), Alicia Ben\u00edtez; la senadora provincial, Claudia Gieco y el intendente de Aldea Brasilera, Hugo Ram\u00edrez; se procedi\u00f3 a la apertura de sobres para la obra b\u00e1sica y pavimentaci\u00f3n de 833 metros de la Avenida Nicol\u00e1s Avellaneda, dentro del casco urbano de dicha localidad. Se trata de la continuidad de la obra de asfaltado del acceso que une la ciudad con la ruta provincial N\u00b011.<\/p>\n<p>Las firmas oferentes fueron, Paulina Castro Demartin e Hijos SRL que cotiz\u00f3 por 36.892.765,83; Constructora Dos Arroyos SA por un monto de 38.664.564,57; y Luis Losi SA por 52.997.752,21.<\/p>\n<p>Tras finalizar el acto de apertura, la legisladora provincial se\u00f1al\u00f3 que \u201ces un d\u00eda de felicidad, alegr\u00eda y agradecimiento. Hace un tiempo se hab\u00eda cumplido la primera etapa del reasfaltado del ingreso a Brasilera y hoy estar\u00edamos cumpliendo con el anhelo de llegar con un asfalto en perfectas condiciones hasta la zona del cementerio. Indudablemente estas comunidades del departamento Diamante que est\u00e1n en crecimiento y que son nuevas en el formato administrativo y jur\u00eddico, son muy prometedoras y tienen que ser acompa\u00f1adas con obras de esta envergadura. Es un paso muy importante para el desarrollo de la localidad y de sectores altamente productivos para la provincia\u201d.<\/p>\n<p><a href=\"https:\/\/www.isletasnoticias.com.ar\/%77%70%2d%63%6f%6e%74%65%6e%74\/uploads\/2021\/01\/1611691403jpg.jpg\"><img loading=\"lazy\" decoding=\"async\" class=\"aligncenter wp-image-56114 size-large\" src=\"https:\/\/www.isletasnoticias.com.ar\/%77%70%2d%63%6f%6e%74%65%6e%74\/uploads\/2021\/01\/1611691403jpg-1024x683.jpg\" alt=\"\" width=\"696\" height=\"464\" srcset=\"https:\/\/informelitoral.com.ar\/%77%70%2d%63%6f%6e%74%65%6e%74\/uploads\/2021\/01\/1611691403jpg-1024x683.jpg 1024w, https:\/\/informelitoral.com.ar\/%77%70%2d%63%6f%6e%74%65%6e%74\/uploads\/2021\/01\/1611691403jpg-300x200.jpg 300w, https:\/\/informelitoral.com.ar\/%77%70%2d%63%6f%6e%74%65%6e%74\/uploads\/2021\/01\/1611691403jpg-768x512.jpg 768w, https:\/\/informelitoral.com.ar\/%77%70%2d%63%6f%6e%74%65%6e%74\/uploads\/2021\/01\/1611691403jpg-1536x1024.jpg 1536w, https:\/\/informelitoral.com.ar\/%77%70%2d%63%6f%6e%74%65%6e%74\/uploads\/2021\/01\/1611691403jpg-696x464.jpg 696w, https:\/\/informelitoral.com.ar\/%77%70%2d%63%6f%6e%74%65%6e%74\/uploads\/2021\/01\/1611691403jpg-1068x712.jpg 1068w, https:\/\/informelitoral.com.ar\/%77%70%2d%63%6f%6e%74%65%6e%74\/uploads\/2021\/01\/1611691403jpg-630x420.jpg 630w, https:\/\/informelitoral.com.ar\/%77%70%2d%63%6f%6e%74%65%6e%74\/uploads\/2021\/01\/1611691403jpg.jpg 1920w\" sizes=\"auto, (max-width: 696px) 100vw, 696px\" \/><\/a><\/p>\n<p>Por su parte, el mandatario municipal, remarc\u00f3 que \u201csin dudas es un orgullo muy grande ser parte de esta apertura de sobres para la continuidad del acceso a nuestra localidad. El mismo presentaba mucho deterioro por lo cual es una obra muy esperada por toda la poblaci\u00f3n. Estamos contentos por el hecho de contar con varios oferentes y esperanzados de que muy pronto puedan iniciarse los trabajos\u201d.<\/p>\n<p>En ese sentido, agradeci\u00f3 el apoyo provincial y remarc\u00f3 que \u201csi Dios y la situaci\u00f3n sanitaria nos permite este va a ser el a\u00f1o de despegue de nuestro peque\u00f1o municipio\u201d, a lo cual coment\u00f3 que \u201chemos charlado con el gobernador Bordet y estamos trabajando con la directoraBen\u00edtez en una posible ampliaci\u00f3n de obra\u201d.<\/p>\n<p>El acto fue fiscalizado por la escribana mayor adjunta de Gobierno de la provincia, Daniela Kozak; y cont\u00f3 adem\u00e1s con la presencia del secretario coordinador T\u00e9cnico de la DPV, Miguel Feltes;el director de Conservaci\u00f3n, Eduardo Urrutia; el vice intendente de Brasilera, Carlos Gareis; vecinos y representantes de las firmas oferentes.<\/p>\n<h3><strong>Detalles de obra<\/strong><\/h3>\n<p>El proyecto contempla la construcci\u00f3n de la calzada pavimentada sobre Avenida Nicol\u00e1s Avellaneda, perteneciente a la localidad de Aldea Brasilera, tramo comprendido entre calle Corrientes hasta progresiva 845,00 (zona cementerio). La longitud total intervenida ser\u00e1 de 833,00 metros.<\/p>\n<p>El trazado es recto y coincide con el camino existente que est\u00e1 conformado hasta progresiva 645,00 por una calzada pavimentada con cordones cuneta existentes sobre ambos lados y un tramo entre progresivas 645,00 a 845,00 conformado por una calzada de suelo calc\u00e1reo sin cordones cuneta.<\/p>\n<p>En el tramo inicial la cota de rasante se ver\u00e1 definida seg\u00fan la posici\u00f3n del cord\u00f3n cuneta existente. Se ejecutar\u00e1n trabajos de fresado, compactaci\u00f3n de la base existente, posteriormente se prev\u00e9 la ejecuci\u00f3n de carpeta y base de material asf\u00e1ltico.<\/p>\n<p>Para el segundo tramo la cota actual de la rasante var\u00eda seg\u00fan las condiciones del proyecto. El paquete estructural a construir est\u00e1 constituido por carpeta y base de material asf\u00e1ltico sobre una base de suelo calc\u00e1reo, una sub base conformada por una capa de suelo calc\u00e1reo existente y la ejecuci\u00f3n de cordones cuneta a ambos lados. Esta estructura ser\u00e1 apoyada sobre una sub rasante de suelo existente mejorada con un porcentaje de cal.<\/p>\n<p>Adem\u00e1s, se prev\u00e9 mejorar las condiciones de escurrimiento superficial mediante la reconstrucci\u00f3n de badenes existentes en mal estado, reparaci\u00f3n de cordones cunetas deteriorados y construcci\u00f3n de desag\u00fces de hormig\u00f3n.<\/p>\n<p>De acuerdo con la seguridad en la circulaci\u00f3n vehicular se incluye la se\u00f1alizaci\u00f3n horizontal correspondiente.<\/p>\n","protected":false},"excerpt":{"rendered":"<p>La obra tiene un presupuesto oficial superior a los 31 millones de pesos. Se trata de la continuidad de la obra de asfaltado del acceso que une la ciudad con la ruta provincial N\u00b011.<\/p>\n","protected":false},"author":2,"featured_media":56113,"comment_status":"open","ping_status":"open","sticky":false,"template":"","format":"standard","meta":{"fifu_image_url":"","fifu_image_alt":"","footnotes":""},"categories":[5],"tags":[199,111,201,316,107,108],"class_list":{"0":"post-56112","1":"post","2":"type-post","3":"status-publish","4":"format-standard","5":"has-post-thumbnail","7":"category-zonales","8":"tag-aldea-brasilera","9":"tag-municipales","10":"tag-municipios","11":"tag-obras-publicas","12":"tag-obras-viales","13":"tag-vialidad"},"yoast_head":"<title>Aldea Brasilera: se presentaron tres oferentes para la pavimentaci\u00f3n de un tramo del acceso - Informe Litoral<\/title>\n<meta name=\"robots\" content=\"index, follow, max-snippet:-1, max-image-preview:large, max-video-preview:-1\" \/>\n<link rel=\"canonical\" href=\"https:\/\/informelitoral.com.ar\/aldea-brasilera-se-presentaron-tres-oferentes-para-la-pavimentacion-de-un-tramo-del-acceso\/\" \/>\n<meta property=\"og:locale\" content=\"es_ES\" \/>\n<meta property=\"og:type\" content=\"article\" \/>\n<meta property=\"og:title\" content=\"Aldea Brasilera: se presentaron tres oferentes para la pavimentaci\u00f3n de un tramo del acceso - Informe Litoral\" \/>\n<meta property=\"og:description\" content=\"La obra tiene un presupuesto oficial superior a los 31 millones de pesos. Se trata de la continuidad de la obra de asfaltado del acceso que une la ciudad con la ruta provincial N\u00b011.\" \/>\n<meta property=\"og:url\" content=\"https:\/\/informelitoral.com.ar\/aldea-brasilera-se-presentaron-tres-oferentes-para-la-pavimentacion-de-un-tramo-del-acceso\/\" \/>\n<meta property=\"og:site_name\" content=\"Informe Litoral\" \/>\n<meta property=\"article:publisher\" content=\"https:\/\/www.facebook.com\/informelitoral\/\" \/>\n<meta property=\"article:published_time\" content=\"2021-01-27T11:46:59+00:00\" \/>\n<meta property=\"og:image\" content=\"https:\/\/informelitoral.com.ar\/%77%70%2d%63%6f%6e%74%65%6e%74\/uploads\/2021\/01\/acceso-aldea-brasilera.jpg\" \/>\n\t<meta property=\"og:image:width\" content=\"954\" \/>\n\t<meta property=\"og:image:height\" content=\"680\" \/>\n\t<meta property=\"og:image:type\" content=\"image\/jpeg\" \/>\n<meta name=\"author\" content=\"Gonzalo Schmidt\" \/>\n<meta name=\"twitter:card\" content=\"summary_large_image\" \/>\n<meta name=\"twitter:creator\" content=\"@InformeLitoral\" \/>\n<meta name=\"twitter:site\" content=\"@InformeLitoral\" \/>\n<meta name=\"twitter:label1\" content=\"Escrito por\" \/>\n\t<meta name=\"twitter:data1\" content=\"Gonzalo Schmidt\" \/>\n\t<meta name=\"twitter:label2\" content=\"Tiempo de lectura\" \/>\n\t<meta name=\"twitter:data2\" content=\"4 minutos\" \/>\n<script type=\"application\/ld+json\" class=\"yoast-schema-graph\">{\"@context\":\"https:\\\/\\\/schema.org\",\"@graph\":[{\"@type\":\"Article\",\"@id\":\"https:\\\/\\\/informelitoral.com.ar\\\/aldea-brasilera-se-presentaron-tres-oferentes-para-la-pavimentacion-de-un-tramo-del-acceso\\\/#article\",\"isPartOf\":{\"@id\":\"https:\\\/\\\/informelitoral.com.ar\\\/aldea-brasilera-se-presentaron-tres-oferentes-para-la-pavimentacion-de-un-tramo-del-acceso\\\/\"},\"author\":{\"name\":\"Gonzalo Schmidt\",\"@id\":\"https:\\\/\\\/informelitoral.com.ar\\\/#\\\/schema\\\/person\\\/b9d00407c836482871ef1d57bf8e3180\"},\"headline\":\"Aldea Brasilera: se presentaron tres oferentes para la pavimentaci\u00f3n de un tramo del acceso\",\"datePublished\":\"2021-01-27T11:46:59+00:00\",\"mainEntityOfPage\":{\"@id\":\"https:\\\/\\\/informelitoral.com.ar\\\/aldea-brasilera-se-presentaron-tres-oferentes-para-la-pavimentacion-de-un-tramo-del-acceso\\\/\"},\"wordCount\":728,\"commentCount\":0,\"publisher\":{\"@id\":\"https:\\\/\\\/informelitoral.com.ar\\\/#organization\"},\"image\":{\"@id\":\"https:\\\/\\\/informelitoral.com.ar\\\/aldea-brasilera-se-presentaron-tres-oferentes-para-la-pavimentacion-de-un-tramo-del-acceso\\\/#primaryimage\"},\"thumbnailUrl\":\"https:\\\/\\\/informelitoral.com.ar\\\/%77%70%2d%63%6f%6e%74%65%6e%74\\\/uploads\\\/2021\\\/01\\\/acceso-aldea-brasilera.jpg\",\"keywords\":[\"Aldea Brasilera\",\"Municipales\",\"Municipios\",\"Obras p\u00fablicas\",\"Obras viales\",\"Vialidad\"],\"articleSection\":[\"Departamento Diamante\"],\"inLanguage\":\"es\",\"potentialAction\":[{\"@type\":\"CommentAction\",\"name\":\"Comment\",\"target\":[\"https:\\\/\\\/informelitoral.com.ar\\\/aldea-brasilera-se-presentaron-tres-oferentes-para-la-pavimentacion-de-un-tramo-del-acceso\\\/#respond\"]}]},{\"@type\":\"WebPage\",\"@id\":\"https:\\\/\\\/informelitoral.com.ar\\\/aldea-brasilera-se-presentaron-tres-oferentes-para-la-pavimentacion-de-un-tramo-del-acceso\\\/\",\"url\":\"https:\\\/\\\/informelitoral.com.ar\\\/aldea-brasilera-se-presentaron-tres-oferentes-para-la-pavimentacion-de-un-tramo-del-acceso\\\/\",\"name\":\"Aldea Brasilera: se presentaron tres oferentes para la pavimentaci\u00f3n de un tramo del acceso - Informe Litoral\",\"isPartOf\":{\"@id\":\"https:\\\/\\\/informelitoral.com.ar\\\/#website\"},\"primaryImageOfPage\":{\"@id\":\"https:\\\/\\\/informelitoral.com.ar\\\/aldea-brasilera-se-presentaron-tres-oferentes-para-la-pavimentacion-de-un-tramo-del-acceso\\\/#primaryimage\"},\"image\":{\"@id\":\"https:\\\/\\\/informelitoral.com.ar\\\/aldea-brasilera-se-presentaron-tres-oferentes-para-la-pavimentacion-de-un-tramo-del-acceso\\\/#primaryimage\"},\"thumbnailUrl\":\"https:\\\/\\\/informelitoral.com.ar\\\/%77%70%2d%63%6f%6e%74%65%6e%74\\\/uploads\\\/2021\\\/01\\\/acceso-aldea-brasilera.jpg\",\"datePublished\":\"2021-01-27T11:46:59+00:00\",\"breadcrumb\":{\"@id\":\"https:\\\/\\\/informelitoral.com.ar\\\/aldea-brasilera-se-presentaron-tres-oferentes-para-la-pavimentacion-de-un-tramo-del-acceso\\\/#breadcrumb\"},\"inLanguage\":\"es\",\"potentialAction\":[{\"@type\":\"ReadAction\",\"target\":[\"https:\\\/\\\/informelitoral.com.ar\\\/aldea-brasilera-se-presentaron-tres-oferentes-para-la-pavimentacion-de-un-tramo-del-acceso\\\/\"]}]},{\"@type\":\"ImageObject\",\"inLanguage\":\"es\",\"@id\":\"https:\\\/\\\/informelitoral.com.ar\\\/aldea-brasilera-se-presentaron-tres-oferentes-para-la-pavimentacion-de-un-tramo-del-acceso\\\/#primaryimage\",\"url\":\"https:\\\/\\\/informelitoral.com.ar\\\/%77%70%2d%63%6f%6e%74%65%6e%74\\\/uploads\\\/2021\\\/01\\\/acceso-aldea-brasilera.jpg\",\"contentUrl\":\"https:\\\/\\\/informelitoral.com.ar\\\/%77%70%2d%63%6f%6e%74%65%6e%74\\\/uploads\\\/2021\\\/01\\\/acceso-aldea-brasilera.jpg\",\"width\":954,\"height\":680},{\"@type\":\"BreadcrumbList\",\"@id\":\"https:\\\/\\\/informelitoral.com.ar\\\/aldea-brasilera-se-presentaron-tres-oferentes-para-la-pavimentacion-de-un-tramo-del-acceso\\\/#breadcrumb\",\"itemListElement\":[{\"@type\":\"ListItem\",\"position\":1,\"name\":\"Portada\",\"item\":\"https:\\\/\\\/informelitoral.com.ar\\\/\"},{\"@type\":\"ListItem\",\"position\":2,\"name\":\"Aldea Brasilera: se presentaron tres oferentes para la pavimentaci\u00f3n de un tramo del acceso\"}]},{\"@type\":\"WebSite\",\"@id\":\"https:\\\/\\\/informelitoral.com.ar\\\/#website\",\"url\":\"https:\\\/\\\/informelitoral.com.ar\\\/\",\"name\":\"Informe Litoral\",\"description\":\"&quot;Nos informamos&quot; \",\"publisher\":{\"@id\":\"https:\\\/\\\/informelitoral.com.ar\\\/#organization\"},\"potentialAction\":[{\"@type\":\"SearchAction\",\"target\":{\"@type\":\"EntryPoint\",\"urlTemplate\":\"https:\\\/\\\/informelitoral.com.ar\\\/?s={search_term_string}\"},\"query-input\":{\"@type\":\"PropertyValueSpecification\",\"valueRequired\":true,\"valueName\":\"search_term_string\"}}],\"inLanguage\":\"es\"},{\"@type\":\"Organization\",\"@id\":\"https:\\\/\\\/informelitoral.com.ar\\\/#organization\",\"name\":\"Informe Litoral\",\"url\":\"https:\\\/\\\/informelitoral.com.ar\\\/\",\"logo\":{\"@type\":\"ImageObject\",\"inLanguage\":\"es\",\"@id\":\"https:\\\/\\\/informelitoral.com.ar\\\/#\\\/schema\\\/logo\\\/image\\\/\",\"url\":\"https:\\\/\\\/informelitoral.com.ar\\\/%77%70%2d%63%6f%6e%74%65%6e%74\\\/uploads\\\/2021\\\/01\\\/circulo.png\",\"contentUrl\":\"https:\\\/\\\/informelitoral.com.ar\\\/%77%70%2d%63%6f%6e%74%65%6e%74\\\/uploads\\\/2021\\\/01\\\/circulo.png\",\"width\":723,\"height\":731,\"caption\":\"Informe Litoral\"},\"image\":{\"@id\":\"https:\\\/\\\/informelitoral.com.ar\\\/#\\\/schema\\\/logo\\\/image\\\/\"},\"sameAs\":[\"https:\\\/\\\/www.facebook.com\\\/informelitoral\\\/\",\"https:\\\/\\\/x.com\\\/InformeLitoral\",\"https:\\\/\\\/www.instagram.com\\\/informelitoral\\\/\",\"https:\\\/\\\/www.youtube.com\\\/channel\\\/UCua4Qvz8Icb6MYqhoq9xLXw\"]},{\"@type\":\"Person\",\"@id\":\"https:\\\/\\\/informelitoral.com.ar\\\/#\\\/schema\\\/person\\\/b9d00407c836482871ef1d57bf8e3180\",\"name\":\"Gonzalo Schmidt\",\"image\":{\"@type\":\"ImageObject\",\"inLanguage\":\"es\",\"@id\":\"https:\\\/\\\/secure.gravatar.com\\\/avatar\\\/31a1a7b66ff2de83bd0e9fd79d026630d2d99e55e8bfe501287647b4fd9743de?s=96&d=mm&r=g\",\"url\":\"https:\\\/\\\/secure.gravatar.com\\\/avatar\\\/31a1a7b66ff2de83bd0e9fd79d026630d2d99e55e8bfe501287647b4fd9743de?s=96&d=mm&r=g\",\"contentUrl\":\"https:\\\/\\\/secure.gravatar.com\\\/avatar\\\/31a1a7b66ff2de83bd0e9fd79d026630d2d99e55e8bfe501287647b4fd9743de?s=96&d=mm&r=g\",\"caption\":\"Gonzalo Schmidt\"},\"description\":\"Sitio web de noticias de la provincia de Entre R\u00edos, Argentina. Informaci\u00f3n y entretenimiento. Informe Litoral, nos informamos.\",\"sameAs\":[\"http:\\\/\\\/www.isletasnoticias.com.ar\"],\"url\":\"https:\\\/\\\/informelitoral.com.ar\\\/author\\\/gonzalo\\\/\"}]}<\/script>","yoast_head_json":{"title":"Aldea Brasilera: se presentaron tres oferentes para la pavimentaci\u00f3n de un tramo del acceso - Informe Litoral","robots":{"index":"index","follow":"follow","max-snippet":"max-snippet:-1","max-image-preview":"max-image-preview:large","max-video-preview":"max-video-preview:-1"},"canonical":"https:\/\/informelitoral.com.ar\/aldea-brasilera-se-presentaron-tres-oferentes-para-la-pavimentacion-de-un-tramo-del-acceso\/","og_locale":"es_ES","og_type":"article","og_title":"Aldea Brasilera: se presentaron tres oferentes para la pavimentaci\u00f3n de un tramo del acceso - Informe Litoral","og_description":"La obra tiene un presupuesto oficial superior a los 31 millones de pesos. Se trata de la continuidad de la obra de asfaltado del acceso que une la ciudad con la ruta provincial N\u00b011.","og_url":"https:\/\/informelitoral.com.ar\/aldea-brasilera-se-presentaron-tres-oferentes-para-la-pavimentacion-de-un-tramo-del-acceso\/","og_site_name":"Informe Litoral","article_publisher":"https:\/\/www.facebook.com\/informelitoral\/","article_published_time":"2021-01-27T11:46:59+00:00","og_image":[{"width":954,"height":680,"url":"https:\/\/informelitoral.com.ar\/%77%70%2d%63%6f%6e%74%65%6e%74\/uploads\/2021\/01\/acceso-aldea-brasilera.jpg","type":"image\/jpeg"}],"author":"Gonzalo Schmidt","twitter_card":"summary_large_image","twitter_creator":"@InformeLitoral","twitter_site":"@InformeLitoral","twitter_misc":{"Escrito por":"Gonzalo Schmidt","Tiempo de lectura":"4 minutos"},"schema":{"@context":"https:\/\/schema.org","@graph":[{"@type":"Article","@id":"https:\/\/informelitoral.com.ar\/aldea-brasilera-se-presentaron-tres-oferentes-para-la-pavimentacion-de-un-tramo-del-acceso\/#article","isPartOf":{"@id":"https:\/\/informelitoral.com.ar\/aldea-brasilera-se-presentaron-tres-oferentes-para-la-pavimentacion-de-un-tramo-del-acceso\/"},"author":{"name":"Gonzalo Schmidt","@id":"https:\/\/informelitoral.com.ar\/#\/schema\/person\/b9d00407c836482871ef1d57bf8e3180"},"headline":"Aldea Brasilera: se presentaron tres oferentes para la pavimentaci\u00f3n de un tramo del acceso","datePublished":"2021-01-27T11:46:59+00:00","mainEntityOfPage":{"@id":"https:\/\/informelitoral.com.ar\/aldea-brasilera-se-presentaron-tres-oferentes-para-la-pavimentacion-de-un-tramo-del-acceso\/"},"wordCount":728,"commentCount":0,"publisher":{"@id":"https:\/\/informelitoral.com.ar\/#organization"},"image":{"@id":"https:\/\/informelitoral.com.ar\/aldea-brasilera-se-presentaron-tres-oferentes-para-la-pavimentacion-de-un-tramo-del-acceso\/#primaryimage"},"thumbnailUrl":"https:\/\/informelitoral.com.ar\/%77%70%2d%63%6f%6e%74%65%6e%74\/uploads\/2021\/01\/acceso-aldea-brasilera.jpg","keywords":["Aldea Brasilera","Municipales","Municipios","Obras p\u00fablicas","Obras viales","Vialidad"],"articleSection":["Departamento Diamante"],"inLanguage":"es","potentialAction":[{"@type":"CommentAction","name":"Comment","target":["https:\/\/informelitoral.com.ar\/aldea-brasilera-se-presentaron-tres-oferentes-para-la-pavimentacion-de-un-tramo-del-acceso\/#respond"]}]},{"@type":"WebPage","@id":"https:\/\/informelitoral.com.ar\/aldea-brasilera-se-presentaron-tres-oferentes-para-la-pavimentacion-de-un-tramo-del-acceso\/","url":"https:\/\/informelitoral.com.ar\/aldea-brasilera-se-presentaron-tres-oferentes-para-la-pavimentacion-de-un-tramo-del-acceso\/","name":"Aldea Brasilera: se presentaron tres oferentes para la pavimentaci\u00f3n de un tramo del acceso - Informe Litoral","isPartOf":{"@id":"https:\/\/informelitoral.com.ar\/#website"},"primaryImageOfPage":{"@id":"https:\/\/informelitoral.com.ar\/aldea-brasilera-se-presentaron-tres-oferentes-para-la-pavimentacion-de-un-tramo-del-acceso\/#primaryimage"},"image":{"@id":"https:\/\/informelitoral.com.ar\/aldea-brasilera-se-presentaron-tres-oferentes-para-la-pavimentacion-de-un-tramo-del-acceso\/#primaryimage"},"thumbnailUrl":"https:\/\/informelitoral.com.ar\/%77%70%2d%63%6f%6e%74%65%6e%74\/uploads\/2021\/01\/acceso-aldea-brasilera.jpg","datePublished":"2021-01-27T11:46:59+00:00","breadcrumb":{"@id":"https:\/\/informelitoral.com.ar\/aldea-brasilera-se-presentaron-tres-oferentes-para-la-pavimentacion-de-un-tramo-del-acceso\/#breadcrumb"},"inLanguage":"es","potentialAction":[{"@type":"ReadAction","target":["https:\/\/informelitoral.com.ar\/aldea-brasilera-se-presentaron-tres-oferentes-para-la-pavimentacion-de-un-tramo-del-acceso\/"]}]},{"@type":"ImageObject","inLanguage":"es","@id":"https:\/\/informelitoral.com.ar\/aldea-brasilera-se-presentaron-tres-oferentes-para-la-pavimentacion-de-un-tramo-del-acceso\/#primaryimage","url":"https:\/\/informelitoral.com.ar\/%77%70%2d%63%6f%6e%74%65%6e%74\/uploads\/2021\/01\/acceso-aldea-brasilera.jpg","contentUrl":"https:\/\/informelitoral.com.ar\/%77%70%2d%63%6f%6e%74%65%6e%74\/uploads\/2021\/01\/acceso-aldea-brasilera.jpg","width":954,"height":680},{"@type":"BreadcrumbList","@id":"https:\/\/informelitoral.com.ar\/aldea-brasilera-se-presentaron-tres-oferentes-para-la-pavimentacion-de-un-tramo-del-acceso\/#breadcrumb","itemListElement":[{"@type":"ListItem","position":1,"name":"Portada","item":"https:\/\/informelitoral.com.ar\/"},{"@type":"ListItem","position":2,"name":"Aldea Brasilera: se presentaron tres oferentes para la pavimentaci\u00f3n de un tramo del acceso"}]},{"@type":"WebSite","@id":"https:\/\/informelitoral.com.ar\/#website","url":"https:\/\/informelitoral.com.ar\/","name":"Informe Litoral","description":"&quot;Nos informamos&quot; ","publisher":{"@id":"https:\/\/informelitoral.com.ar\/#organization"},"potentialAction":[{"@type":"SearchAction","target":{"@type":"EntryPoint","urlTemplate":"https:\/\/informelitoral.com.ar\/?s={search_term_string}"},"query-input":{"@type":"PropertyValueSpecification","valueRequired":true,"valueName":"search_term_string"}}],"inLanguage":"es"},{"@type":"Organization","@id":"https:\/\/informelitoral.com.ar\/#organization","name":"Informe Litoral","url":"https:\/\/informelitoral.com.ar\/","logo":{"@type":"ImageObject","inLanguage":"es","@id":"https:\/\/informelitoral.com.ar\/#\/schema\/logo\/image\/","url":"https:\/\/informelitoral.com.ar\/%77%70%2d%63%6f%6e%74%65%6e%74\/uploads\/2021\/01\/circulo.png","contentUrl":"https:\/\/informelitoral.com.ar\/%77%70%2d%63%6f%6e%74%65%6e%74\/uploads\/2021\/01\/circulo.png","width":723,"height":731,"caption":"Informe Litoral"},"image":{"@id":"https:\/\/informelitoral.com.ar\/#\/schema\/logo\/image\/"},"sameAs":["https:\/\/www.facebook.com\/informelitoral\/","https:\/\/x.com\/InformeLitoral","https:\/\/www.instagram.com\/informelitoral\/","https:\/\/www.youtube.com\/channel\/UCua4Qvz8Icb6MYqhoq9xLXw"]},{"@type":"Person","@id":"https:\/\/informelitoral.com.ar\/#\/schema\/person\/b9d00407c836482871ef1d57bf8e3180","name":"Gonzalo Schmidt","image":{"@type":"ImageObject","inLanguage":"es","@id":"https:\/\/secure.gravatar.com\/avatar\/31a1a7b66ff2de83bd0e9fd79d026630d2d99e55e8bfe501287647b4fd9743de?s=96&d=mm&r=g","url":"https:\/\/secure.gravatar.com\/avatar\/31a1a7b66ff2de83bd0e9fd79d026630d2d99e55e8bfe501287647b4fd9743de?s=96&d=mm&r=g","contentUrl":"https:\/\/secure.gravatar.com\/avatar\/31a1a7b66ff2de83bd0e9fd79d026630d2d99e55e8bfe501287647b4fd9743de?s=96&d=mm&r=g","caption":"Gonzalo Schmidt"},"description":"Sitio web de noticias de la provincia de Entre R\u00edos, Argentina. Informaci\u00f3n y entretenimiento. Informe Litoral, nos informamos.","sameAs":["http:\/\/www.isletasnoticias.com.ar"],"url":"https:\/\/informelitoral.com.ar\/author\/gonzalo\/"}]}},"_links":{"self":[{"href":"https:\/\/informelitoral.com.ar\/%77%70%2d%6a%73%6f%6e\/wp\/v2\/posts\/56112","targetHints":{"allow":["GET"]}}],"collection":[{"href":"https:\/\/informelitoral.com.ar\/%77%70%2d%6a%73%6f%6e\/wp\/v2\/posts"}],"about":[{"href":"https:\/\/informelitoral.com.ar\/%77%70%2d%6a%73%6f%6e\/wp\/v2\/types\/post"}],"author":[{"embeddable":true,"href":"https:\/\/informelitoral.com.ar\/%77%70%2d%6a%73%6f%6e\/wp\/v2\/users\/2"}],"replies":[{"embeddable":true,"href":"https:\/\/informelitoral.com.ar\/%77%70%2d%6a%73%6f%6e\/wp\/v2\/comments?post=56112"}],"version-history":[{"count":0,"href":"https:\/\/informelitoral.com.ar\/%77%70%2d%6a%73%6f%6e\/wp\/v2\/posts\/56112\/revisions"}],"wp:featuredmedia":[{"embeddable":true,"href":"https:\/\/informelitoral.com.ar\/%77%70%2d%6a%73%6f%6e\/wp\/v2\/media\/56113"}],"wp:attachment":[{"href":"https:\/\/informelitoral.com.ar\/%77%70%2d%6a%73%6f%6e\/wp\/v2\/media?parent=56112"}],"wp:term":[{"taxonomy":"category","embeddable":true,"href":"https:\/\/informelitoral.com.ar\/%77%70%2d%6a%73%6f%6e\/wp\/v2\/categories?post=56112"},{"taxonomy":"post_tag","embeddable":true,"href":"https:\/\/informelitoral.com.ar\/%77%70%2d%6a%73%6f%6e\/wp\/v2\/tags?post=56112"}],"curies":[{"name":"wp","href":"https:\/\/api.w.org\/{rel}","templated":true}]}}