{"id":56103,"date":"2021-01-26T22:56:27","date_gmt":"2021-01-27T01:56:27","guid":{"rendered":"https:\/\/www.isletasnoticias.com.ar\/?p=56103"},"modified":"2021-01-26T23:00:48","modified_gmt":"2021-01-27T02:00:48","slug":"una-nina-de-nogoya-vencio-el-cancer-tras-anos-de-tratamiento","status":"publish","type":"post","link":"https:\/\/informelitoral.com.ar\/una-nina-de-nogoya-vencio-el-cancer-tras-anos-de-tratamiento\/","title":{"rendered":"Una ni\u00f1a de Nogoy\u00e1 venci\u00f3 el c\u00e1ncer tras a\u00f1os de tratamiento"},"content":{"rendered":"<p><strong>Laura<\/strong>, es una entrerriana <strong>oriunda de Nogoy\u00e1<\/strong> que a sus 10 a\u00f1os y tras varios a\u00f1os de tratamiento,<strong> este martes recibi\u00f3 la gran noticia de que hab\u00eda vencido al c\u00e1ncer.<\/strong><\/p>\n<p><a href=\"https:\/\/www.facebook.com\/arco.irisparana.7\/\">Arco Iris Paran\u00e1,<\/a> la Asociaci\u00f3n Civil Sin Fines de Lucro que realiza sus actividades en el Servicio de Oncohematolog\u00eda del Hospital Materno Infantil San Roque de Paran\u00e1, dio a conocer la emocionante noticia y remarcaron que <strong>un diagn\u00f3stico temprano y un tratamiento adecuado \u201cel c\u00e1ncer infantil puede curarse\u201d.<\/strong><\/p>\n<p><em>\u201cQueremos compartir con todos ustedes, una noticia de esas que nos llenan de alegr\u00eda!!!. Nuestra Laurita como le decimos, tiene su alta definitiva\u201d,<\/em> publicaron desde la asociaci\u00f3n.<\/p>\n<p><em>\u201cCuando nos toca contarles estas noticias quisi\u00e9ramos trasladar todos los sentimientos que cargamos cuando esto sucede. Resulta imposible en un escrito, manifestar lo que sentimos, porque en realidad tenemos ganas de gritar, saltar, festejar y sobre todo unirnos en un gran abrazo\u201d,<\/em> expresaron.<\/p>\n<p><a href=\"https:\/\/www.isletasnoticias.com.ar\/%77%70%2d%63%6f%6e%74%65%6e%74\/uploads\/2021\/01\/o_1611706600.gif\"><img loading=\"lazy\" decoding=\"async\" class=\"aligncenter wp-image-56106 size-full\" src=\"https:\/\/www.isletasnoticias.com.ar\/%77%70%2d%63%6f%6e%74%65%6e%74\/uploads\/2021\/01\/o_1611706600.gif\" alt=\"\" width=\"800\" height=\"450\" \/><\/a><\/p>\n<p><em>\u201cLaurita hermosa que felicidad esta noticia, deseamos con todo nuestro coraz\u00f3n de Asociaci\u00f3n que disfrutes tu ni\u00f1ez a partir de ahora de otra manera, desde otros cuidados y con mucha mucha alegr\u00eda. Cuando recordamos el cruce por el hospital, se nos ven\u00edan a nuestros corazones las tardes con los trabajitos en porcelana que nos entreten\u00edan y nos un\u00edan en miradas y risas como colores de este Arco Iris\u201d. <\/em>Y agregaron: <em>\u201cGracias por tu compartir siempre tu coraz\u00f3n, y aqu\u00ed estaremos para vos y tu familia\u201d<\/em><\/p>\n<p>Al finalizar, remarcaron:<strong> \u201cConvencidos una vez m\u00e1s que con un diagn\u00f3stico temprano y un tratamiento adecuado el c\u00e1ncer infantil puede curarse\u201d.<\/strong><\/p>\n","protected":false},"excerpt":{"rendered":"<p>Laura tiene 10 a\u00f1os y recibi\u00f3 su alta definitiva. Desde Arco Iris Paran\u00e1, dieron a conocer la emocionante noticia, y remarcaron que con un diagn\u00f3stico temprano, la enfermedad se \u201cpuede curar\u201d.<\/p>\n","protected":false},"author":2,"featured_media":56104,"comment_status":"open","ping_status":"open","sticky":false,"template":"","format":"standard","meta":{"fifu_image_url":"","fifu_image_alt":"","footnotes":""},"categories":[9],"tags":[],"class_list":{"0":"post-56103","1":"post","2":"type-post","3":"status-publish","4":"format-standard","5":"has-post-thumbnail","7":"category-sociedad"},"yoast_head":"<title>Una ni\u00f1a de Nogoy\u00e1 venci\u00f3 el c\u00e1ncer tras a\u00f1os de tratamiento - Informe Litoral<\/title>\n<meta name=\"robots\" content=\"index, follow, max-snippet:-1, max-image-preview:large, max-video-preview:-1\" \/>\n<link rel=\"canonical\" href=\"https:\/\/informelitoral.com.ar\/una-nina-de-nogoya-vencio-el-cancer-tras-anos-de-tratamiento\/\" \/>\n<meta property=\"og:locale\" content=\"es_ES\" \/>\n<meta property=\"og:type\" content=\"article\" \/>\n<meta property=\"og:title\" content=\"Una ni\u00f1a de Nogoy\u00e1 venci\u00f3 el c\u00e1ncer tras a\u00f1os de tratamiento - Informe Litoral\" \/>\n<meta property=\"og:description\" content=\"Laura tiene 10 a\u00f1os y recibi\u00f3 su alta definitiva. Desde Arco Iris Paran\u00e1, dieron a conocer la emocionante noticia, y remarcaron que con un diagn\u00f3stico temprano, la enfermedad se \u201cpuede curar\u201d.\" \/>\n<meta property=\"og:url\" content=\"https:\/\/informelitoral.com.ar\/una-nina-de-nogoya-vencio-el-cancer-tras-anos-de-tratamiento\/\" \/>\n<meta property=\"og:site_name\" content=\"Informe Litoral\" \/>\n<meta property=\"article:publisher\" content=\"https:\/\/www.facebook.com\/informelitoral\/\" \/>\n<meta property=\"article:published_time\" content=\"2021-01-27T01:56:27+00:00\" \/>\n<meta property=\"article:modified_time\" content=\"2021-01-27T02:00:48+00:00\" \/>\n<meta property=\"og:image\" content=\"https:\/\/informelitoral.com.ar\/%77%70%2d%63%6f%6e%74%65%6e%74\/uploads\/2021\/01\/o_1611706597.gif\" \/>\n\t<meta property=\"og:image:width\" content=\"800\" \/>\n\t<meta property=\"og:image:height\" content=\"450\" \/>\n\t<meta property=\"og:image:type\" content=\"image\/gif\" \/>\n<meta name=\"author\" content=\"Gonzalo Schmidt\" \/>\n<meta name=\"twitter:card\" content=\"summary_large_image\" \/>\n<meta name=\"twitter:creator\" content=\"@InformeLitoral\" \/>\n<meta name=\"twitter:site\" content=\"@InformeLitoral\" \/>\n<meta name=\"twitter:label1\" content=\"Escrito por\" \/>\n\t<meta name=\"twitter:data1\" content=\"Gonzalo Schmidt\" \/>\n\t<meta name=\"twitter:label2\" content=\"Tiempo de lectura\" \/>\n\t<meta name=\"twitter:data2\" content=\"1 minuto\" \/>\n<script type=\"application\/ld+json\" class=\"yoast-schema-graph\">{\"@context\":\"https:\\\/\\\/schema.org\",\"@graph\":[{\"@type\":\"Article\",\"@id\":\"https:\\\/\\\/informelitoral.com.ar\\\/una-nina-de-nogoya-vencio-el-cancer-tras-anos-de-tratamiento\\\/#article\",\"isPartOf\":{\"@id\":\"https:\\\/\\\/informelitoral.com.ar\\\/una-nina-de-nogoya-vencio-el-cancer-tras-anos-de-tratamiento\\\/\"},\"author\":{\"name\":\"Gonzalo Schmidt\",\"@id\":\"https:\\\/\\\/informelitoral.com.ar\\\/#\\\/schema\\\/person\\\/b9d00407c836482871ef1d57bf8e3180\"},\"headline\":\"Una ni\u00f1a de Nogoy\u00e1 venci\u00f3 el c\u00e1ncer tras a\u00f1os de tratamiento\",\"datePublished\":\"2021-01-27T01:56:27+00:00\",\"dateModified\":\"2021-01-27T02:00:48+00:00\",\"mainEntityOfPage\":{\"@id\":\"https:\\\/\\\/informelitoral.com.ar\\\/una-nina-de-nogoya-vencio-el-cancer-tras-anos-de-tratamiento\\\/\"},\"wordCount\":289,\"commentCount\":0,\"publisher\":{\"@id\":\"https:\\\/\\\/informelitoral.com.ar\\\/#organization\"},\"image\":{\"@id\":\"https:\\\/\\\/informelitoral.com.ar\\\/una-nina-de-nogoya-vencio-el-cancer-tras-anos-de-tratamiento\\\/#primaryimage\"},\"thumbnailUrl\":\"https:\\\/\\\/informelitoral.com.ar\\\/%77%70%2d%63%6f%6e%74%65%6e%74\\\/uploads\\\/2021\\\/01\\\/o_1611706597.gif\",\"articleSection\":[\"Sociedad\"],\"inLanguage\":\"es\",\"potentialAction\":[{\"@type\":\"CommentAction\",\"name\":\"Comment\",\"target\":[\"https:\\\/\\\/informelitoral.com.ar\\\/una-nina-de-nogoya-vencio-el-cancer-tras-anos-de-tratamiento\\\/#respond\"]}]},{\"@type\":\"WebPage\",\"@id\":\"https:\\\/\\\/informelitoral.com.ar\\\/una-nina-de-nogoya-vencio-el-cancer-tras-anos-de-tratamiento\\\/\",\"url\":\"https:\\\/\\\/informelitoral.com.ar\\\/una-nina-de-nogoya-vencio-el-cancer-tras-anos-de-tratamiento\\\/\",\"name\":\"Una ni\u00f1a de Nogoy\u00e1 venci\u00f3 el c\u00e1ncer tras a\u00f1os de tratamiento - Informe Litoral\",\"isPartOf\":{\"@id\":\"https:\\\/\\\/informelitoral.com.ar\\\/#website\"},\"primaryImageOfPage\":{\"@id\":\"https:\\\/\\\/informelitoral.com.ar\\\/una-nina-de-nogoya-vencio-el-cancer-tras-anos-de-tratamiento\\\/#primaryimage\"},\"image\":{\"@id\":\"https:\\\/\\\/informelitoral.com.ar\\\/una-nina-de-nogoya-vencio-el-cancer-tras-anos-de-tratamiento\\\/#primaryimage\"},\"thumbnailUrl\":\"https:\\\/\\\/informelitoral.com.ar\\\/%77%70%2d%63%6f%6e%74%65%6e%74\\\/uploads\\\/2021\\\/01\\\/o_1611706597.gif\",\"datePublished\":\"2021-01-27T01:56:27+00:00\",\"dateModified\":\"2021-01-27T02:00:48+00:00\",\"breadcrumb\":{\"@id\":\"https:\\\/\\\/informelitoral.com.ar\\\/una-nina-de-nogoya-vencio-el-cancer-tras-anos-de-tratamiento\\\/#breadcrumb\"},\"inLanguage\":\"es\",\"potentialAction\":[{\"@type\":\"ReadAction\",\"target\":[\"https:\\\/\\\/informelitoral.com.ar\\\/una-nina-de-nogoya-vencio-el-cancer-tras-anos-de-tratamiento\\\/\"]}]},{\"@type\":\"ImageObject\",\"inLanguage\":\"es\",\"@id\":\"https:\\\/\\\/informelitoral.com.ar\\\/una-nina-de-nogoya-vencio-el-cancer-tras-anos-de-tratamiento\\\/#primaryimage\",\"url\":\"https:\\\/\\\/informelitoral.com.ar\\\/%77%70%2d%63%6f%6e%74%65%6e%74\\\/uploads\\\/2021\\\/01\\\/o_1611706597.gif\",\"contentUrl\":\"https:\\\/\\\/informelitoral.com.ar\\\/%77%70%2d%63%6f%6e%74%65%6e%74\\\/uploads\\\/2021\\\/01\\\/o_1611706597.gif\",\"width\":800,\"height\":450},{\"@type\":\"BreadcrumbList\",\"@id\":\"https:\\\/\\\/informelitoral.com.ar\\\/una-nina-de-nogoya-vencio-el-cancer-tras-anos-de-tratamiento\\\/#breadcrumb\",\"itemListElement\":[{\"@type\":\"ListItem\",\"position\":1,\"name\":\"Portada\",\"item\":\"https:\\\/\\\/informelitoral.com.ar\\\/\"},{\"@type\":\"ListItem\",\"position\":2,\"name\":\"Una ni\u00f1a de Nogoy\u00e1 venci\u00f3 el c\u00e1ncer tras a\u00f1os de tratamiento\"}]},{\"@type\":\"WebSite\",\"@id\":\"https:\\\/\\\/informelitoral.com.ar\\\/#website\",\"url\":\"https:\\\/\\\/informelitoral.com.ar\\\/\",\"name\":\"Informe Litoral\",\"description\":\"&quot;Nos informamos&quot; \",\"publisher\":{\"@id\":\"https:\\\/\\\/informelitoral.com.ar\\\/#organization\"},\"potentialAction\":[{\"@type\":\"SearchAction\",\"target\":{\"@type\":\"EntryPoint\",\"urlTemplate\":\"https:\\\/\\\/informelitoral.com.ar\\\/?s={search_term_string}\"},\"query-input\":{\"@type\":\"PropertyValueSpecification\",\"valueRequired\":true,\"valueName\":\"search_term_string\"}}],\"inLanguage\":\"es\"},{\"@type\":\"Organization\",\"@id\":\"https:\\\/\\\/informelitoral.com.ar\\\/#organization\",\"name\":\"Informe Litoral\",\"url\":\"https:\\\/\\\/informelitoral.com.ar\\\/\",\"logo\":{\"@type\":\"ImageObject\",\"inLanguage\":\"es\",\"@id\":\"https:\\\/\\\/informelitoral.com.ar\\\/#\\\/schema\\\/logo\\\/image\\\/\",\"url\":\"https:\\\/\\\/informelitoral.com.ar\\\/%77%70%2d%63%6f%6e%74%65%6e%74\\\/uploads\\\/2021\\\/01\\\/circulo.png\",\"contentUrl\":\"https:\\\/\\\/informelitoral.com.ar\\\/%77%70%2d%63%6f%6e%74%65%6e%74\\\/uploads\\\/2021\\\/01\\\/circulo.png\",\"width\":723,\"height\":731,\"caption\":\"Informe Litoral\"},\"image\":{\"@id\":\"https:\\\/\\\/informelitoral.com.ar\\\/#\\\/schema\\\/logo\\\/image\\\/\"},\"sameAs\":[\"https:\\\/\\\/www.facebook.com\\\/informelitoral\\\/\",\"https:\\\/\\\/x.com\\\/InformeLitoral\",\"https:\\\/\\\/www.instagram.com\\\/informelitoral\\\/\",\"https:\\\/\\\/www.youtube.com\\\/channel\\\/UCua4Qvz8Icb6MYqhoq9xLXw\"]},{\"@type\":\"Person\",\"@id\":\"https:\\\/\\\/informelitoral.com.ar\\\/#\\\/schema\\\/person\\\/b9d00407c836482871ef1d57bf8e3180\",\"name\":\"Gonzalo Schmidt\",\"image\":{\"@type\":\"ImageObject\",\"inLanguage\":\"es\",\"@id\":\"https:\\\/\\\/secure.gravatar.com\\\/avatar\\\/31a1a7b66ff2de83bd0e9fd79d026630d2d99e55e8bfe501287647b4fd9743de?s=96&d=mm&r=g\",\"url\":\"https:\\\/\\\/secure.gravatar.com\\\/avatar\\\/31a1a7b66ff2de83bd0e9fd79d026630d2d99e55e8bfe501287647b4fd9743de?s=96&d=mm&r=g\",\"contentUrl\":\"https:\\\/\\\/secure.gravatar.com\\\/avatar\\\/31a1a7b66ff2de83bd0e9fd79d026630d2d99e55e8bfe501287647b4fd9743de?s=96&d=mm&r=g\",\"caption\":\"Gonzalo Schmidt\"},\"description\":\"Sitio web de noticias de la provincia de Entre R\u00edos, Argentina. Informaci\u00f3n y entretenimiento. Informe Litoral, nos informamos.\",\"sameAs\":[\"http:\\\/\\\/www.isletasnoticias.com.ar\"],\"url\":\"https:\\\/\\\/informelitoral.com.ar\\\/author\\\/gonzalo\\\/\"}]}<\/script>","yoast_head_json":{"title":"Una ni\u00f1a de Nogoy\u00e1 venci\u00f3 el c\u00e1ncer tras a\u00f1os de tratamiento - Informe Litoral","robots":{"index":"index","follow":"follow","max-snippet":"max-snippet:-1","max-image-preview":"max-image-preview:large","max-video-preview":"max-video-preview:-1"},"canonical":"https:\/\/informelitoral.com.ar\/una-nina-de-nogoya-vencio-el-cancer-tras-anos-de-tratamiento\/","og_locale":"es_ES","og_type":"article","og_title":"Una ni\u00f1a de Nogoy\u00e1 venci\u00f3 el c\u00e1ncer tras a\u00f1os de tratamiento - Informe Litoral","og_description":"Laura tiene 10 a\u00f1os y recibi\u00f3 su alta definitiva. Desde Arco Iris Paran\u00e1, dieron a conocer la emocionante noticia, y remarcaron que con un diagn\u00f3stico temprano, la enfermedad se \u201cpuede curar\u201d.","og_url":"https:\/\/informelitoral.com.ar\/una-nina-de-nogoya-vencio-el-cancer-tras-anos-de-tratamiento\/","og_site_name":"Informe Litoral","article_publisher":"https:\/\/www.facebook.com\/informelitoral\/","article_published_time":"2021-01-27T01:56:27+00:00","article_modified_time":"2021-01-27T02:00:48+00:00","og_image":[{"width":800,"height":450,"url":"https:\/\/informelitoral.com.ar\/%77%70%2d%63%6f%6e%74%65%6e%74\/uploads\/2021\/01\/o_1611706597.gif","type":"image\/gif"}],"author":"Gonzalo Schmidt","twitter_card":"summary_large_image","twitter_creator":"@InformeLitoral","twitter_site":"@InformeLitoral","twitter_misc":{"Escrito por":"Gonzalo Schmidt","Tiempo de lectura":"1 minuto"},"schema":{"@context":"https:\/\/schema.org","@graph":[{"@type":"Article","@id":"https:\/\/informelitoral.com.ar\/una-nina-de-nogoya-vencio-el-cancer-tras-anos-de-tratamiento\/#article","isPartOf":{"@id":"https:\/\/informelitoral.com.ar\/una-nina-de-nogoya-vencio-el-cancer-tras-anos-de-tratamiento\/"},"author":{"name":"Gonzalo Schmidt","@id":"https:\/\/informelitoral.com.ar\/#\/schema\/person\/b9d00407c836482871ef1d57bf8e3180"},"headline":"Una ni\u00f1a de Nogoy\u00e1 venci\u00f3 el c\u00e1ncer tras a\u00f1os de tratamiento","datePublished":"2021-01-27T01:56:27+00:00","dateModified":"2021-01-27T02:00:48+00:00","mainEntityOfPage":{"@id":"https:\/\/informelitoral.com.ar\/una-nina-de-nogoya-vencio-el-cancer-tras-anos-de-tratamiento\/"},"wordCount":289,"commentCount":0,"publisher":{"@id":"https:\/\/informelitoral.com.ar\/#organization"},"image":{"@id":"https:\/\/informelitoral.com.ar\/una-nina-de-nogoya-vencio-el-cancer-tras-anos-de-tratamiento\/#primaryimage"},"thumbnailUrl":"https:\/\/informelitoral.com.ar\/%77%70%2d%63%6f%6e%74%65%6e%74\/uploads\/2021\/01\/o_1611706597.gif","articleSection":["Sociedad"],"inLanguage":"es","potentialAction":[{"@type":"CommentAction","name":"Comment","target":["https:\/\/informelitoral.com.ar\/una-nina-de-nogoya-vencio-el-cancer-tras-anos-de-tratamiento\/#respond"]}]},{"@type":"WebPage","@id":"https:\/\/informelitoral.com.ar\/una-nina-de-nogoya-vencio-el-cancer-tras-anos-de-tratamiento\/","url":"https:\/\/informelitoral.com.ar\/una-nina-de-nogoya-vencio-el-cancer-tras-anos-de-tratamiento\/","name":"Una ni\u00f1a de Nogoy\u00e1 venci\u00f3 el c\u00e1ncer tras a\u00f1os de tratamiento - Informe Litoral","isPartOf":{"@id":"https:\/\/informelitoral.com.ar\/#website"},"primaryImageOfPage":{"@id":"https:\/\/informelitoral.com.ar\/una-nina-de-nogoya-vencio-el-cancer-tras-anos-de-tratamiento\/#primaryimage"},"image":{"@id":"https:\/\/informelitoral.com.ar\/una-nina-de-nogoya-vencio-el-cancer-tras-anos-de-tratamiento\/#primaryimage"},"thumbnailUrl":"https:\/\/informelitoral.com.ar\/%77%70%2d%63%6f%6e%74%65%6e%74\/uploads\/2021\/01\/o_1611706597.gif","datePublished":"2021-01-27T01:56:27+00:00","dateModified":"2021-01-27T02:00:48+00:00","breadcrumb":{"@id":"https:\/\/informelitoral.com.ar\/una-nina-de-nogoya-vencio-el-cancer-tras-anos-de-tratamiento\/#breadcrumb"},"inLanguage":"es","potentialAction":[{"@type":"ReadAction","target":["https:\/\/informelitoral.com.ar\/una-nina-de-nogoya-vencio-el-cancer-tras-anos-de-tratamiento\/"]}]},{"@type":"ImageObject","inLanguage":"es","@id":"https:\/\/informelitoral.com.ar\/una-nina-de-nogoya-vencio-el-cancer-tras-anos-de-tratamiento\/#primaryimage","url":"https:\/\/informelitoral.com.ar\/%77%70%2d%63%6f%6e%74%65%6e%74\/uploads\/2021\/01\/o_1611706597.gif","contentUrl":"https:\/\/informelitoral.com.ar\/%77%70%2d%63%6f%6e%74%65%6e%74\/uploads\/2021\/01\/o_1611706597.gif","width":800,"height":450},{"@type":"BreadcrumbList","@id":"https:\/\/informelitoral.com.ar\/una-nina-de-nogoya-vencio-el-cancer-tras-anos-de-tratamiento\/#breadcrumb","itemListElement":[{"@type":"ListItem","position":1,"name":"Portada","item":"https:\/\/informelitoral.com.ar\/"},{"@type":"ListItem","position":2,"name":"Una ni\u00f1a de Nogoy\u00e1 venci\u00f3 el c\u00e1ncer tras a\u00f1os de tratamiento"}]},{"@type":"WebSite","@id":"https:\/\/informelitoral.com.ar\/#website","url":"https:\/\/informelitoral.com.ar\/","name":"Informe Litoral","description":"&quot;Nos informamos&quot; ","publisher":{"@id":"https:\/\/informelitoral.com.ar\/#organization"},"potentialAction":[{"@type":"SearchAction","target":{"@type":"EntryPoint","urlTemplate":"https:\/\/informelitoral.com.ar\/?s={search_term_string}"},"query-input":{"@type":"PropertyValueSpecification","valueRequired":true,"valueName":"search_term_string"}}],"inLanguage":"es"},{"@type":"Organization","@id":"https:\/\/informelitoral.com.ar\/#organization","name":"Informe Litoral","url":"https:\/\/informelitoral.com.ar\/","logo":{"@type":"ImageObject","inLanguage":"es","@id":"https:\/\/informelitoral.com.ar\/#\/schema\/logo\/image\/","url":"https:\/\/informelitoral.com.ar\/%77%70%2d%63%6f%6e%74%65%6e%74\/uploads\/2021\/01\/circulo.png","contentUrl":"https:\/\/informelitoral.com.ar\/%77%70%2d%63%6f%6e%74%65%6e%74\/uploads\/2021\/01\/circulo.png","width":723,"height":731,"caption":"Informe Litoral"},"image":{"@id":"https:\/\/informelitoral.com.ar\/#\/schema\/logo\/image\/"},"sameAs":["https:\/\/www.facebook.com\/informelitoral\/","https:\/\/x.com\/InformeLitoral","https:\/\/www.instagram.com\/informelitoral\/","https:\/\/www.youtube.com\/channel\/UCua4Qvz8Icb6MYqhoq9xLXw"]},{"@type":"Person","@id":"https:\/\/informelitoral.com.ar\/#\/schema\/person\/b9d00407c836482871ef1d57bf8e3180","name":"Gonzalo Schmidt","image":{"@type":"ImageObject","inLanguage":"es","@id":"https:\/\/secure.gravatar.com\/avatar\/31a1a7b66ff2de83bd0e9fd79d026630d2d99e55e8bfe501287647b4fd9743de?s=96&d=mm&r=g","url":"https:\/\/secure.gravatar.com\/avatar\/31a1a7b66ff2de83bd0e9fd79d026630d2d99e55e8bfe501287647b4fd9743de?s=96&d=mm&r=g","contentUrl":"https:\/\/secure.gravatar.com\/avatar\/31a1a7b66ff2de83bd0e9fd79d026630d2d99e55e8bfe501287647b4fd9743de?s=96&d=mm&r=g","caption":"Gonzalo Schmidt"},"description":"Sitio web de noticias de la provincia de Entre R\u00edos, Argentina. Informaci\u00f3n y entretenimiento. Informe Litoral, nos informamos.","sameAs":["http:\/\/www.isletasnoticias.com.ar"],"url":"https:\/\/informelitoral.com.ar\/author\/gonzalo\/"}]}},"_links":{"self":[{"href":"https:\/\/informelitoral.com.ar\/%77%70%2d%6a%73%6f%6e\/wp\/v2\/posts\/56103","targetHints":{"allow":["GET"]}}],"collection":[{"href":"https:\/\/informelitoral.com.ar\/%77%70%2d%6a%73%6f%6e\/wp\/v2\/posts"}],"about":[{"href":"https:\/\/informelitoral.com.ar\/%77%70%2d%6a%73%6f%6e\/wp\/v2\/types\/post"}],"author":[{"embeddable":true,"href":"https:\/\/informelitoral.com.ar\/%77%70%2d%6a%73%6f%6e\/wp\/v2\/users\/2"}],"replies":[{"embeddable":true,"href":"https:\/\/informelitoral.com.ar\/%77%70%2d%6a%73%6f%6e\/wp\/v2\/comments?post=56103"}],"version-history":[{"count":0,"href":"https:\/\/informelitoral.com.ar\/%77%70%2d%6a%73%6f%6e\/wp\/v2\/posts\/56103\/revisions"}],"wp:featuredmedia":[{"embeddable":true,"href":"https:\/\/informelitoral.com.ar\/%77%70%2d%6a%73%6f%6e\/wp\/v2\/media\/56104"}],"wp:attachment":[{"href":"https:\/\/informelitoral.com.ar\/%77%70%2d%6a%73%6f%6e\/wp\/v2\/media?parent=56103"}],"wp:term":[{"taxonomy":"category","embeddable":true,"href":"https:\/\/informelitoral.com.ar\/%77%70%2d%6a%73%6f%6e\/wp\/v2\/categories?post=56103"},{"taxonomy":"post_tag","embeddable":true,"href":"https:\/\/informelitoral.com.ar\/%77%70%2d%6a%73%6f%6e\/wp\/v2\/tags?post=56103"}],"curies":[{"name":"wp","href":"https:\/\/api.w.org\/{rel}","templated":true}]}}