{"id":55972,"date":"2021-01-22T06:15:58","date_gmt":"2021-01-22T09:15:58","guid":{"rendered":"https:\/\/www.isletasnoticias.com.ar\/?p=55972"},"modified":"2021-01-22T15:16:16","modified_gmt":"2021-01-22T18:16:16","slug":"por-la-aceleracion-de-la-inflacion-aumentaran-un-50-el-saldo-de-la-tarjeta-alimentar","status":"publish","type":"post","link":"https:\/\/informelitoral.com.ar\/por-la-aceleracion-de-la-inflacion-aumentaran-un-50-el-saldo-de-la-tarjeta-alimentar\/","title":{"rendered":"Por la aceleraci\u00f3n de la inflaci\u00f3n aumentar\u00e1n un 50% el saldo de la Tarjeta Alimentar"},"content":{"rendered":"<p style=\"font-weight: 400;\">Tras la aceleraci\u00f3n inflacionaria que se viene registrando desde diciembre, principalmente en el rubro alimentos y bebidas, el Gobierno decidi\u00f3 aumentar un 50% el saldo mensual de la Tarjeta Alimentar destinada a madres y padres con hijos o hijas de hasta 6 a\u00f1os de edad que reciben AUH; embarazadas a partir de los tres meses que cobran la Asignaci\u00f3n por Embarazo; y personas con discapacidad que reciben la Asignaci\u00f3n Universal por Hijo (AUH).<\/p>\n<p style=\"font-weight: 400;\">Seg\u00fan le confirmaron fuentes oficiales a <em>Infobae,<\/em><strong> la madre con un solo ni\u00f1o menor de 6 a\u00f1os que percib\u00eda $4.000 por mes pasara a recibir $6.000, mientras que la que tiene un hijo menor de 6 a\u00f1os pasar\u00e1 a cobrar $9.000 pesos en lugar de los $6.000 que recib\u00eda hasta ahora.<\/strong><\/p>\n<p style=\"font-weight: 400;\">Esta decisi\u00f3n se da en un momento en que la inflaci\u00f3n comienza acelerarse luego de que cerrara el 2020 en 36,1%, seg\u00fan cifras del Instituto Nacional de Estad\u00edsticas y Censos (Indec).<\/p>\n<p style=\"font-weight: 400;\">Uno de los principales conflictos que tiene el Gobierno para intentar empujar a la baja la inflaci\u00f3n es contener el alza de los alimentos y bebidas.<\/p>\n<p style=\"font-weight: 400;\">Seg\u00fan datos de la consultora Focus Market, en diciembre pasado, el costo de una \u201ccanasta b\u00e1sica de alimentos de consumo masivo\u201d aument\u00f3 2,98%, menos que los datos difundidos por el Indec, pero cerr\u00f3 el a\u00f1o con una suba de 37,41% respecto de diciembre de 2019, mayor a la medici\u00f3n oficial de la inflaci\u00f3n.<\/p>\n<p style=\"font-weight: 400;\">En el marco del Plan Argentina contra el hambre, la tarjeta tiene como objetivo \u201cgarantizar el derecho a la alimentaci\u00f3n de las familias m\u00e1s vulnerables del pa\u00eds y promover el consumo de cercan\u00eda\u201d.<\/p>\n<p style=\"font-weight: 400;\">El cronograma de pagos para la Tarjeta Alimentar de este mes se concretar\u00e1 entre el 22 y el 28 de enero, inform\u00f3 el Ministerio de Desarrollo Social.<\/p>\n<p style=\"font-weight: 400;\">A continuaci\u00f3n se detallan las fechas:<\/p>\n<p style=\"font-weight: 400;\">&#8211; Quienes poseen la tarjeta en forma f\u00edsica, el monto total mensual ser\u00e1 acreditado el viernes 22.<\/p>\n<p style=\"font-weight: 400;\">&#8211; En tanto, quienes perciben los fondos a trav\u00e9s de la Asignaci\u00f3n Universal por Hijo (AUH), el calendario ser\u00e1 el siguiente:<\/p>\n<p style=\"font-weight: 400;\">Documentos terminados en 0 y 1: Lunes 25 de enero.<\/p>\n<p style=\"font-weight: 400;\">Documentos terminados en 2 y 3: Martes 26 de enero.<\/p>\n<p style=\"font-weight: 400;\">Documentos terminados en 4 y 5: Mi\u00e9rcoles 27 de enero.<\/p>\n<p style=\"font-weight: 400;\">Documentos terminados en 6 y 7: Jueves 28 de enero.<\/p>\n<p style=\"font-weight: 400;\">Documentos terminados en 8 y 9: Viernes 29 de enero.<\/p>\n<p style=\"font-weight: 400;\">Para consultar el saldo de la Tarjeta Alimentar lo primero es conocer qu\u00e9 banco la emiti\u00f3, puede haber sido el Banco Naci\u00f3n u otro banco p\u00fablico. El beneficiario tiene que ingresar al sitio web de la entidad bancaria que figura en la tarjeta y, en el reverso del pl\u00e1stico, tambi\u00e9n figura un n\u00famero de consulta.<\/p>\n<p style=\"font-weight: 400;\">En el caso de Banco Naci\u00f3n, por ejemplo se puede consultar por tel\u00e9fono al 0810-666-4803 e, ingresando los 16 n\u00fameros de la tarjeta, el sistema informa el saldo.<\/p>\n<p style=\"font-weight: 400;\">Otras opciones son las siguientes:<\/p>\n<p style=\"font-weight: 400;\">&#8211; Banelco: 011-4320500.<\/p>\n<p style=\"font-weight: 400;\">&#8211; Red Link: 0800-222-7373.<\/p>\n<p style=\"font-weight: 400;\">&#8211; Tarjeta alimentaria de d\u00e9bito Mastercard azul: 0800-555-0507.<\/p>\n<p style=\"font-weight: 400;\">&#8211; Tarjeta alimentaria de d\u00e9bito VISA: 0810-666-3400.<\/p>\n<p style=\"font-weight: 400;\">&#8211; Mensajes de texto: en la documentaci\u00f3n que que estaba con la Tarjeta Alimentar hay un tel\u00e9fono impreso. Se puede enviar un mensaje de texto gratis para consultar el saldo.<\/p>\n<p style=\"font-weight: 400;\">&#8211; Por cajero autom\u00e1tico: ingresar la tarjeta en los cajeros Link o Banelco y seleccionar la opci\u00f3n \u201cConsultar saldo\u201d.<\/p>\n","protected":false},"excerpt":{"rendered":"<p>Con el alza inflacionaria registrada desde diciembre, el Gobierno nacional decidi\u00f3 aumentar el saldo mensual destinado a padres con hijos de hasta 6 a\u00f1os.<\/p>\n","protected":false},"author":2,"featured_media":40265,"comment_status":"open","ping_status":"open","sticky":false,"template":"","format":"standard","meta":{"fifu_image_url":"","fifu_image_alt":"","footnotes":""},"categories":[1594,16],"tags":[567,884,2046],"class_list":{"0":"post-55972","1":"post","2":"type-post","3":"status-publish","4":"format-standard","5":"has-post-thumbnail","7":"category-economia","8":"category-politi","9":"tag-accion-social","10":"tag-asignaciones-sociales","11":"tag-tarjeta-alimentar"},"yoast_head":"<title>Por la aceleraci\u00f3n de la inflaci\u00f3n aumentar\u00e1n un 50% el saldo de la Tarjeta Alimentar - Informe Litoral<\/title>\n<meta name=\"robots\" content=\"index, follow, max-snippet:-1, max-image-preview:large, max-video-preview:-1\" \/>\n<link rel=\"canonical\" href=\"https:\/\/informelitoral.com.ar\/por-la-aceleracion-de-la-inflacion-aumentaran-un-50-el-saldo-de-la-tarjeta-alimentar\/\" \/>\n<meta property=\"og:locale\" content=\"es_ES\" \/>\n<meta property=\"og:type\" content=\"article\" \/>\n<meta property=\"og:title\" content=\"Por la aceleraci\u00f3n de la inflaci\u00f3n aumentar\u00e1n un 50% el saldo de la Tarjeta Alimentar - Informe Litoral\" \/>\n<meta property=\"og:description\" content=\"Con el alza inflacionaria registrada desde diciembre, el Gobierno nacional decidi\u00f3 aumentar el saldo mensual destinado a padres con hijos de hasta 6 a\u00f1os.\" \/>\n<meta property=\"og:url\" content=\"https:\/\/informelitoral.com.ar\/por-la-aceleracion-de-la-inflacion-aumentaran-un-50-el-saldo-de-la-tarjeta-alimentar\/\" \/>\n<meta property=\"og:site_name\" content=\"Informe Litoral\" \/>\n<meta property=\"article:publisher\" content=\"https:\/\/www.facebook.com\/informelitoral\/\" \/>\n<meta property=\"article:published_time\" content=\"2021-01-22T09:15:58+00:00\" \/>\n<meta property=\"article:modified_time\" content=\"2021-01-22T18:16:16+00:00\" \/>\n<meta property=\"og:image\" content=\"https:\/\/informelitoral.com.ar\/%77%70%2d%63%6f%6e%74%65%6e%74\/uploads\/2020\/02\/tarjeta-alimentar.jpg\" \/>\n\t<meta property=\"og:image:width\" content=\"1070\" \/>\n\t<meta property=\"og:image:height\" content=\"579\" \/>\n\t<meta property=\"og:image:type\" content=\"image\/jpeg\" \/>\n<meta name=\"author\" content=\"Gonzalo Schmidt\" \/>\n<meta name=\"twitter:card\" content=\"summary_large_image\" \/>\n<meta name=\"twitter:creator\" content=\"@InformeLitoral\" \/>\n<meta name=\"twitter:site\" content=\"@InformeLitoral\" \/>\n<meta name=\"twitter:label1\" content=\"Escrito por\" \/>\n\t<meta name=\"twitter:data1\" content=\"Gonzalo Schmidt\" \/>\n\t<meta name=\"twitter:label2\" content=\"Tiempo de lectura\" \/>\n\t<meta name=\"twitter:data2\" content=\"3 minutos\" \/>\n<script type=\"application\/ld+json\" class=\"yoast-schema-graph\">{\"@context\":\"https:\\\/\\\/schema.org\",\"@graph\":[{\"@type\":\"Article\",\"@id\":\"https:\\\/\\\/informelitoral.com.ar\\\/por-la-aceleracion-de-la-inflacion-aumentaran-un-50-el-saldo-de-la-tarjeta-alimentar\\\/#article\",\"isPartOf\":{\"@id\":\"https:\\\/\\\/informelitoral.com.ar\\\/por-la-aceleracion-de-la-inflacion-aumentaran-un-50-el-saldo-de-la-tarjeta-alimentar\\\/\"},\"author\":{\"name\":\"Gonzalo Schmidt\",\"@id\":\"https:\\\/\\\/informelitoral.com.ar\\\/#\\\/schema\\\/person\\\/b9d00407c836482871ef1d57bf8e3180\"},\"headline\":\"Por la aceleraci\u00f3n de la inflaci\u00f3n aumentar\u00e1n un 50% el saldo de la Tarjeta Alimentar\",\"datePublished\":\"2021-01-22T09:15:58+00:00\",\"dateModified\":\"2021-01-22T18:16:16+00:00\",\"mainEntityOfPage\":{\"@id\":\"https:\\\/\\\/informelitoral.com.ar\\\/por-la-aceleracion-de-la-inflacion-aumentaran-un-50-el-saldo-de-la-tarjeta-alimentar\\\/\"},\"wordCount\":579,\"commentCount\":0,\"publisher\":{\"@id\":\"https:\\\/\\\/informelitoral.com.ar\\\/#organization\"},\"image\":{\"@id\":\"https:\\\/\\\/informelitoral.com.ar\\\/por-la-aceleracion-de-la-inflacion-aumentaran-un-50-el-saldo-de-la-tarjeta-alimentar\\\/#primaryimage\"},\"thumbnailUrl\":\"https:\\\/\\\/informelitoral.com.ar\\\/%77%70%2d%63%6f%6e%74%65%6e%74\\\/uploads\\\/2020\\\/02\\\/tarjeta-alimentar.jpg\",\"keywords\":[\"Acci\u00f3n Social\",\"Asignaciones sociales\",\"Tarjeta Alimentar\"],\"articleSection\":[\"Econom\u00eda\",\"Politica\"],\"inLanguage\":\"es\",\"potentialAction\":[{\"@type\":\"CommentAction\",\"name\":\"Comment\",\"target\":[\"https:\\\/\\\/informelitoral.com.ar\\\/por-la-aceleracion-de-la-inflacion-aumentaran-un-50-el-saldo-de-la-tarjeta-alimentar\\\/#respond\"]}]},{\"@type\":\"WebPage\",\"@id\":\"https:\\\/\\\/informelitoral.com.ar\\\/por-la-aceleracion-de-la-inflacion-aumentaran-un-50-el-saldo-de-la-tarjeta-alimentar\\\/\",\"url\":\"https:\\\/\\\/informelitoral.com.ar\\\/por-la-aceleracion-de-la-inflacion-aumentaran-un-50-el-saldo-de-la-tarjeta-alimentar\\\/\",\"name\":\"Por la aceleraci\u00f3n de la inflaci\u00f3n aumentar\u00e1n un 50% el saldo de la Tarjeta Alimentar - Informe Litoral\",\"isPartOf\":{\"@id\":\"https:\\\/\\\/informelitoral.com.ar\\\/#website\"},\"primaryImageOfPage\":{\"@id\":\"https:\\\/\\\/informelitoral.com.ar\\\/por-la-aceleracion-de-la-inflacion-aumentaran-un-50-el-saldo-de-la-tarjeta-alimentar\\\/#primaryimage\"},\"image\":{\"@id\":\"https:\\\/\\\/informelitoral.com.ar\\\/por-la-aceleracion-de-la-inflacion-aumentaran-un-50-el-saldo-de-la-tarjeta-alimentar\\\/#primaryimage\"},\"thumbnailUrl\":\"https:\\\/\\\/informelitoral.com.ar\\\/%77%70%2d%63%6f%6e%74%65%6e%74\\\/uploads\\\/2020\\\/02\\\/tarjeta-alimentar.jpg\",\"datePublished\":\"2021-01-22T09:15:58+00:00\",\"dateModified\":\"2021-01-22T18:16:16+00:00\",\"breadcrumb\":{\"@id\":\"https:\\\/\\\/informelitoral.com.ar\\\/por-la-aceleracion-de-la-inflacion-aumentaran-un-50-el-saldo-de-la-tarjeta-alimentar\\\/#breadcrumb\"},\"inLanguage\":\"es\",\"potentialAction\":[{\"@type\":\"ReadAction\",\"target\":[\"https:\\\/\\\/informelitoral.com.ar\\\/por-la-aceleracion-de-la-inflacion-aumentaran-un-50-el-saldo-de-la-tarjeta-alimentar\\\/\"]}]},{\"@type\":\"ImageObject\",\"inLanguage\":\"es\",\"@id\":\"https:\\\/\\\/informelitoral.com.ar\\\/por-la-aceleracion-de-la-inflacion-aumentaran-un-50-el-saldo-de-la-tarjeta-alimentar\\\/#primaryimage\",\"url\":\"https:\\\/\\\/informelitoral.com.ar\\\/%77%70%2d%63%6f%6e%74%65%6e%74\\\/uploads\\\/2020\\\/02\\\/tarjeta-alimentar.jpg\",\"contentUrl\":\"https:\\\/\\\/informelitoral.com.ar\\\/%77%70%2d%63%6f%6e%74%65%6e%74\\\/uploads\\\/2020\\\/02\\\/tarjeta-alimentar.jpg\",\"width\":1070,\"height\":579},{\"@type\":\"BreadcrumbList\",\"@id\":\"https:\\\/\\\/informelitoral.com.ar\\\/por-la-aceleracion-de-la-inflacion-aumentaran-un-50-el-saldo-de-la-tarjeta-alimentar\\\/#breadcrumb\",\"itemListElement\":[{\"@type\":\"ListItem\",\"position\":1,\"name\":\"Portada\",\"item\":\"https:\\\/\\\/informelitoral.com.ar\\\/\"},{\"@type\":\"ListItem\",\"position\":2,\"name\":\"Por la aceleraci\u00f3n de la inflaci\u00f3n aumentar\u00e1n un 50% el saldo de la Tarjeta Alimentar\"}]},{\"@type\":\"WebSite\",\"@id\":\"https:\\\/\\\/informelitoral.com.ar\\\/#website\",\"url\":\"https:\\\/\\\/informelitoral.com.ar\\\/\",\"name\":\"Informe Litoral\",\"description\":\"&quot;Nos informamos&quot; \",\"publisher\":{\"@id\":\"https:\\\/\\\/informelitoral.com.ar\\\/#organization\"},\"potentialAction\":[{\"@type\":\"SearchAction\",\"target\":{\"@type\":\"EntryPoint\",\"urlTemplate\":\"https:\\\/\\\/informelitoral.com.ar\\\/?s={search_term_string}\"},\"query-input\":{\"@type\":\"PropertyValueSpecification\",\"valueRequired\":true,\"valueName\":\"search_term_string\"}}],\"inLanguage\":\"es\"},{\"@type\":\"Organization\",\"@id\":\"https:\\\/\\\/informelitoral.com.ar\\\/#organization\",\"name\":\"Informe Litoral\",\"url\":\"https:\\\/\\\/informelitoral.com.ar\\\/\",\"logo\":{\"@type\":\"ImageObject\",\"inLanguage\":\"es\",\"@id\":\"https:\\\/\\\/informelitoral.com.ar\\\/#\\\/schema\\\/logo\\\/image\\\/\",\"url\":\"https:\\\/\\\/informelitoral.com.ar\\\/%77%70%2d%63%6f%6e%74%65%6e%74\\\/uploads\\\/2021\\\/01\\\/circulo.png\",\"contentUrl\":\"https:\\\/\\\/informelitoral.com.ar\\\/%77%70%2d%63%6f%6e%74%65%6e%74\\\/uploads\\\/2021\\\/01\\\/circulo.png\",\"width\":723,\"height\":731,\"caption\":\"Informe Litoral\"},\"image\":{\"@id\":\"https:\\\/\\\/informelitoral.com.ar\\\/#\\\/schema\\\/logo\\\/image\\\/\"},\"sameAs\":[\"https:\\\/\\\/www.facebook.com\\\/informelitoral\\\/\",\"https:\\\/\\\/x.com\\\/InformeLitoral\",\"https:\\\/\\\/www.instagram.com\\\/informelitoral\\\/\",\"https:\\\/\\\/www.youtube.com\\\/channel\\\/UCua4Qvz8Icb6MYqhoq9xLXw\"]},{\"@type\":\"Person\",\"@id\":\"https:\\\/\\\/informelitoral.com.ar\\\/#\\\/schema\\\/person\\\/b9d00407c836482871ef1d57bf8e3180\",\"name\":\"Gonzalo Schmidt\",\"image\":{\"@type\":\"ImageObject\",\"inLanguage\":\"es\",\"@id\":\"https:\\\/\\\/secure.gravatar.com\\\/avatar\\\/31a1a7b66ff2de83bd0e9fd79d026630d2d99e55e8bfe501287647b4fd9743de?s=96&d=mm&r=g\",\"url\":\"https:\\\/\\\/secure.gravatar.com\\\/avatar\\\/31a1a7b66ff2de83bd0e9fd79d026630d2d99e55e8bfe501287647b4fd9743de?s=96&d=mm&r=g\",\"contentUrl\":\"https:\\\/\\\/secure.gravatar.com\\\/avatar\\\/31a1a7b66ff2de83bd0e9fd79d026630d2d99e55e8bfe501287647b4fd9743de?s=96&d=mm&r=g\",\"caption\":\"Gonzalo Schmidt\"},\"description\":\"Sitio web de noticias de la provincia de Entre R\u00edos, Argentina. Informaci\u00f3n y entretenimiento. Informe Litoral, nos informamos.\",\"sameAs\":[\"http:\\\/\\\/www.isletasnoticias.com.ar\"],\"url\":\"https:\\\/\\\/informelitoral.com.ar\\\/author\\\/gonzalo\\\/\"}]}<\/script>","yoast_head_json":{"title":"Por la aceleraci\u00f3n de la inflaci\u00f3n aumentar\u00e1n un 50% el saldo de la Tarjeta Alimentar - Informe Litoral","robots":{"index":"index","follow":"follow","max-snippet":"max-snippet:-1","max-image-preview":"max-image-preview:large","max-video-preview":"max-video-preview:-1"},"canonical":"https:\/\/informelitoral.com.ar\/por-la-aceleracion-de-la-inflacion-aumentaran-un-50-el-saldo-de-la-tarjeta-alimentar\/","og_locale":"es_ES","og_type":"article","og_title":"Por la aceleraci\u00f3n de la inflaci\u00f3n aumentar\u00e1n un 50% el saldo de la Tarjeta Alimentar - Informe Litoral","og_description":"Con el alza inflacionaria registrada desde diciembre, el Gobierno nacional decidi\u00f3 aumentar el saldo mensual destinado a padres con hijos de hasta 6 a\u00f1os.","og_url":"https:\/\/informelitoral.com.ar\/por-la-aceleracion-de-la-inflacion-aumentaran-un-50-el-saldo-de-la-tarjeta-alimentar\/","og_site_name":"Informe Litoral","article_publisher":"https:\/\/www.facebook.com\/informelitoral\/","article_published_time":"2021-01-22T09:15:58+00:00","article_modified_time":"2021-01-22T18:16:16+00:00","og_image":[{"width":1070,"height":579,"url":"https:\/\/informelitoral.com.ar\/%77%70%2d%63%6f%6e%74%65%6e%74\/uploads\/2020\/02\/tarjeta-alimentar.jpg","type":"image\/jpeg"}],"author":"Gonzalo Schmidt","twitter_card":"summary_large_image","twitter_creator":"@InformeLitoral","twitter_site":"@InformeLitoral","twitter_misc":{"Escrito por":"Gonzalo Schmidt","Tiempo de lectura":"3 minutos"},"schema":{"@context":"https:\/\/schema.org","@graph":[{"@type":"Article","@id":"https:\/\/informelitoral.com.ar\/por-la-aceleracion-de-la-inflacion-aumentaran-un-50-el-saldo-de-la-tarjeta-alimentar\/#article","isPartOf":{"@id":"https:\/\/informelitoral.com.ar\/por-la-aceleracion-de-la-inflacion-aumentaran-un-50-el-saldo-de-la-tarjeta-alimentar\/"},"author":{"name":"Gonzalo Schmidt","@id":"https:\/\/informelitoral.com.ar\/#\/schema\/person\/b9d00407c836482871ef1d57bf8e3180"},"headline":"Por la aceleraci\u00f3n de la inflaci\u00f3n aumentar\u00e1n un 50% el saldo de la Tarjeta Alimentar","datePublished":"2021-01-22T09:15:58+00:00","dateModified":"2021-01-22T18:16:16+00:00","mainEntityOfPage":{"@id":"https:\/\/informelitoral.com.ar\/por-la-aceleracion-de-la-inflacion-aumentaran-un-50-el-saldo-de-la-tarjeta-alimentar\/"},"wordCount":579,"commentCount":0,"publisher":{"@id":"https:\/\/informelitoral.com.ar\/#organization"},"image":{"@id":"https:\/\/informelitoral.com.ar\/por-la-aceleracion-de-la-inflacion-aumentaran-un-50-el-saldo-de-la-tarjeta-alimentar\/#primaryimage"},"thumbnailUrl":"https:\/\/informelitoral.com.ar\/%77%70%2d%63%6f%6e%74%65%6e%74\/uploads\/2020\/02\/tarjeta-alimentar.jpg","keywords":["Acci\u00f3n Social","Asignaciones sociales","Tarjeta Alimentar"],"articleSection":["Econom\u00eda","Politica"],"inLanguage":"es","potentialAction":[{"@type":"CommentAction","name":"Comment","target":["https:\/\/informelitoral.com.ar\/por-la-aceleracion-de-la-inflacion-aumentaran-un-50-el-saldo-de-la-tarjeta-alimentar\/#respond"]}]},{"@type":"WebPage","@id":"https:\/\/informelitoral.com.ar\/por-la-aceleracion-de-la-inflacion-aumentaran-un-50-el-saldo-de-la-tarjeta-alimentar\/","url":"https:\/\/informelitoral.com.ar\/por-la-aceleracion-de-la-inflacion-aumentaran-un-50-el-saldo-de-la-tarjeta-alimentar\/","name":"Por la aceleraci\u00f3n de la inflaci\u00f3n aumentar\u00e1n un 50% el saldo de la Tarjeta Alimentar - Informe Litoral","isPartOf":{"@id":"https:\/\/informelitoral.com.ar\/#website"},"primaryImageOfPage":{"@id":"https:\/\/informelitoral.com.ar\/por-la-aceleracion-de-la-inflacion-aumentaran-un-50-el-saldo-de-la-tarjeta-alimentar\/#primaryimage"},"image":{"@id":"https:\/\/informelitoral.com.ar\/por-la-aceleracion-de-la-inflacion-aumentaran-un-50-el-saldo-de-la-tarjeta-alimentar\/#primaryimage"},"thumbnailUrl":"https:\/\/informelitoral.com.ar\/%77%70%2d%63%6f%6e%74%65%6e%74\/uploads\/2020\/02\/tarjeta-alimentar.jpg","datePublished":"2021-01-22T09:15:58+00:00","dateModified":"2021-01-22T18:16:16+00:00","breadcrumb":{"@id":"https:\/\/informelitoral.com.ar\/por-la-aceleracion-de-la-inflacion-aumentaran-un-50-el-saldo-de-la-tarjeta-alimentar\/#breadcrumb"},"inLanguage":"es","potentialAction":[{"@type":"ReadAction","target":["https:\/\/informelitoral.com.ar\/por-la-aceleracion-de-la-inflacion-aumentaran-un-50-el-saldo-de-la-tarjeta-alimentar\/"]}]},{"@type":"ImageObject","inLanguage":"es","@id":"https:\/\/informelitoral.com.ar\/por-la-aceleracion-de-la-inflacion-aumentaran-un-50-el-saldo-de-la-tarjeta-alimentar\/#primaryimage","url":"https:\/\/informelitoral.com.ar\/%77%70%2d%63%6f%6e%74%65%6e%74\/uploads\/2020\/02\/tarjeta-alimentar.jpg","contentUrl":"https:\/\/informelitoral.com.ar\/%77%70%2d%63%6f%6e%74%65%6e%74\/uploads\/2020\/02\/tarjeta-alimentar.jpg","width":1070,"height":579},{"@type":"BreadcrumbList","@id":"https:\/\/informelitoral.com.ar\/por-la-aceleracion-de-la-inflacion-aumentaran-un-50-el-saldo-de-la-tarjeta-alimentar\/#breadcrumb","itemListElement":[{"@type":"ListItem","position":1,"name":"Portada","item":"https:\/\/informelitoral.com.ar\/"},{"@type":"ListItem","position":2,"name":"Por la aceleraci\u00f3n de la inflaci\u00f3n aumentar\u00e1n un 50% el saldo de la Tarjeta Alimentar"}]},{"@type":"WebSite","@id":"https:\/\/informelitoral.com.ar\/#website","url":"https:\/\/informelitoral.com.ar\/","name":"Informe Litoral","description":"&quot;Nos informamos&quot; ","publisher":{"@id":"https:\/\/informelitoral.com.ar\/#organization"},"potentialAction":[{"@type":"SearchAction","target":{"@type":"EntryPoint","urlTemplate":"https:\/\/informelitoral.com.ar\/?s={search_term_string}"},"query-input":{"@type":"PropertyValueSpecification","valueRequired":true,"valueName":"search_term_string"}}],"inLanguage":"es"},{"@type":"Organization","@id":"https:\/\/informelitoral.com.ar\/#organization","name":"Informe Litoral","url":"https:\/\/informelitoral.com.ar\/","logo":{"@type":"ImageObject","inLanguage":"es","@id":"https:\/\/informelitoral.com.ar\/#\/schema\/logo\/image\/","url":"https:\/\/informelitoral.com.ar\/%77%70%2d%63%6f%6e%74%65%6e%74\/uploads\/2021\/01\/circulo.png","contentUrl":"https:\/\/informelitoral.com.ar\/%77%70%2d%63%6f%6e%74%65%6e%74\/uploads\/2021\/01\/circulo.png","width":723,"height":731,"caption":"Informe Litoral"},"image":{"@id":"https:\/\/informelitoral.com.ar\/#\/schema\/logo\/image\/"},"sameAs":["https:\/\/www.facebook.com\/informelitoral\/","https:\/\/x.com\/InformeLitoral","https:\/\/www.instagram.com\/informelitoral\/","https:\/\/www.youtube.com\/channel\/UCua4Qvz8Icb6MYqhoq9xLXw"]},{"@type":"Person","@id":"https:\/\/informelitoral.com.ar\/#\/schema\/person\/b9d00407c836482871ef1d57bf8e3180","name":"Gonzalo Schmidt","image":{"@type":"ImageObject","inLanguage":"es","@id":"https:\/\/secure.gravatar.com\/avatar\/31a1a7b66ff2de83bd0e9fd79d026630d2d99e55e8bfe501287647b4fd9743de?s=96&d=mm&r=g","url":"https:\/\/secure.gravatar.com\/avatar\/31a1a7b66ff2de83bd0e9fd79d026630d2d99e55e8bfe501287647b4fd9743de?s=96&d=mm&r=g","contentUrl":"https:\/\/secure.gravatar.com\/avatar\/31a1a7b66ff2de83bd0e9fd79d026630d2d99e55e8bfe501287647b4fd9743de?s=96&d=mm&r=g","caption":"Gonzalo Schmidt"},"description":"Sitio web de noticias de la provincia de Entre R\u00edos, Argentina. Informaci\u00f3n y entretenimiento. Informe Litoral, nos informamos.","sameAs":["http:\/\/www.isletasnoticias.com.ar"],"url":"https:\/\/informelitoral.com.ar\/author\/gonzalo\/"}]}},"_links":{"self":[{"href":"https:\/\/informelitoral.com.ar\/%77%70%2d%6a%73%6f%6e\/wp\/v2\/posts\/55972","targetHints":{"allow":["GET"]}}],"collection":[{"href":"https:\/\/informelitoral.com.ar\/%77%70%2d%6a%73%6f%6e\/wp\/v2\/posts"}],"about":[{"href":"https:\/\/informelitoral.com.ar\/%77%70%2d%6a%73%6f%6e\/wp\/v2\/types\/post"}],"author":[{"embeddable":true,"href":"https:\/\/informelitoral.com.ar\/%77%70%2d%6a%73%6f%6e\/wp\/v2\/users\/2"}],"replies":[{"embeddable":true,"href":"https:\/\/informelitoral.com.ar\/%77%70%2d%6a%73%6f%6e\/wp\/v2\/comments?post=55972"}],"version-history":[{"count":0,"href":"https:\/\/informelitoral.com.ar\/%77%70%2d%6a%73%6f%6e\/wp\/v2\/posts\/55972\/revisions"}],"wp:featuredmedia":[{"embeddable":true,"href":"https:\/\/informelitoral.com.ar\/%77%70%2d%6a%73%6f%6e\/wp\/v2\/media\/40265"}],"wp:attachment":[{"href":"https:\/\/informelitoral.com.ar\/%77%70%2d%6a%73%6f%6e\/wp\/v2\/media?parent=55972"}],"wp:term":[{"taxonomy":"category","embeddable":true,"href":"https:\/\/informelitoral.com.ar\/%77%70%2d%6a%73%6f%6e\/wp\/v2\/categories?post=55972"},{"taxonomy":"post_tag","embeddable":true,"href":"https:\/\/informelitoral.com.ar\/%77%70%2d%6a%73%6f%6e\/wp\/v2\/tags?post=55972"}],"curies":[{"name":"wp","href":"https:\/\/api.w.org\/{rel}","templated":true}]}}