{"id":55969,"date":"2021-01-22T15:09:53","date_gmt":"2021-01-22T18:09:53","guid":{"rendered":"https:\/\/www.isletasnoticias.com.ar\/?p=55969"},"modified":"2021-01-22T15:09:53","modified_gmt":"2021-01-22T18:09:53","slug":"prorrogaron-la-doble-indemnizacion-y-la-prohibicion-de-despidos","status":"publish","type":"post","link":"https:\/\/informelitoral.com.ar\/prorrogaron-la-doble-indemnizacion-y-la-prohibicion-de-despidos\/","title":{"rendered":"Prorrogaron la doble indemnizaci\u00f3n y la prohibici\u00f3n de despidos"},"content":{"rendered":"<p>El Gobierno resolvi\u00f3 extender por tres meses m\u00e1s la vigencia de la prohibici\u00f3n de los despidos, hasta fin de abril, y prorrog\u00f3 por todo el a\u00f1o la doble indemnizaci\u00f3n, aunque en este \u00faltimo caso con un tope para el recargo. Se trata de parte de las conclusiones de la reuni\u00f3n del Gabinete econ\u00f3mico, donde tambi\u00e9n se analizaron los comportamientos de los sectores econ\u00f3micos en el actual contexto de la pandemia y se avanz\u00f3 con la posibilidad de implementar un pago complementario al Repro II (que se cre\u00f3 a fin de a\u00f1o con un tope de $9.000) para las actividades m\u00e1s golpeadas.<\/p>\n<p>La veda para producir cesant\u00edas o suspensiones sin causa rige en la Argentina desde poco despu\u00e9s de la declaraci\u00f3n de la cuarentena y el aislamiento obligatorio (ASPO), y se prorrog\u00f3 en iguales t\u00e9rminos a lo largo del a\u00f1o. Para el Gobierno fue una herramienta eficaz para frenar una oleada de despidos en actividades particularmente afectadas por el parate obligado de la cuarentena, y tambi\u00e9n en aquellos sectores que, sin haber sufrido en ese nivel, podr\u00edan haber visto una oportunidad para renovar sus plantillas de personal.<\/p>\n<p>Mientras que la doble indemnizaci\u00f3n fue implantada antes, a poco de la asunci\u00f3n de Alberto Fern\u00e1ndez y como coletazo de la sanci\u00f3n de la ley de Emergencia Econ\u00f3mica que le otorg\u00f3 a la administraci\u00f3n del Frente de Todos resortes de pol\u00edtica econ\u00f3mica excepcionales. En este caso, y a diferencia de las pr\u00f3rrogas que mantuvieron la medida sin cambio, en el Ejecutivo se resolvi\u00f3 estirarla hasta fin de este a\u00f1o con un valor tope de $500.000 para el recargo.<\/p>\n<p>El borrador de decreto de necesidad y urgencia (DNU) a la firma del Presidente establece que si un trabajador, a partir de los a\u00f1os de desempe\u00f1o y rango ocupado, hubiera tenido que recibir al ser cesanteado una indemnizaci\u00f3n total de 400 mil pesos antes de la vigencia de este instrumento, a la hora de su desvinculaci\u00f3n el costo final para el empleador deber\u00e1 ser de 800 mil pesos. Pero para un trabajador que hubiese percibido en circunstancias normales una indemnizaci\u00f3n de 600 mil pesos, no operar\u00e1 por completo la duplicaci\u00f3n y su monto final, en caso de ser despedido, ser\u00e1 de 1,1 mill\u00f3n de pesos (su monto original de $ 600 mil y el recargo de $ 500 mil).<\/p>\n<p>La previa a la reuni\u00f3n del Gabinete econ\u00f3mico estuvo cruzada por un intenso circuito de dirigentes empresarios y sindicales por los despachos oficiales para incidir en contra y a favor del sost\u00e9n de ambas medidas, respectivamente. El jefe de Gabinete, Santiago Cafiero, le hab\u00eda adelantado a C5N el mi\u00e9rcoles que el Gobierno tomar\u00eda las decisiones necesarias orientadas a proteger el empleo, y que si bien hab\u00eda reactivaci\u00f3n en varios rubros de la econom\u00eda se hac\u00eda necesario extender algunos instrumentos legales.<\/p>\n<p>En cuanto al refuerzo del programa de Recuperaci\u00f3n Productiva (Repro) II tambi\u00e9n fue motivo de debate en el elenco de funcionarios. Se trata del instrumento que desde que arranc\u00f3 el a\u00f1o reemplaz\u00f3 el programa Asignaci\u00f3n para el Trabajo y la Producci\u00f3n (ATP), un subsidio que en 2020 cubri\u00f3 hasta la mitad de los sueldos netos de las empresas complicadas por la crisis y que en la negociaci\u00f3n con el Fondo Monetario Internacional el Gobierno se comprometi\u00f3 a desmontar.<\/p>\n<p>El Repro II, con una asignaci\u00f3n menor de recursos, contempla un pago m\u00e1ximo de $ 9.000 por cada trabajador en empresas en las que persista la crisis. Sin embargo, este jueves los funcionarios avanzaron con la idea de establecer un monto adicional para sectores m\u00e1s complicados como los relacionados con el turismo, de modo de acercar la ayuda estatal a los valores que establec\u00eda el ATP. Esta determinaci\u00f3n, de todos modos, depender\u00e1 del an\u00e1lisis de las inscripciones al nuevo Repro que vencer\u00e1n a fin de mes.<\/p>\n<p>Adem\u00e1s, se resolvi\u00f3 que el sistema de aseguradoras de riesgos del trabajo (ART) deber\u00e1 brindarles cobertura a los trabajadores que hubiesen contra\u00eddo coronavirus en el desempe\u00f1o de tareas esenciales. Durante 90 d\u00edas, seg\u00fan el DNU, el Covid-19 \u201cse considerar\u00e1 presuntivamente una enfermedad de car\u00e1cter profesional (\u2026) respecto de la totalidad de las trabajadoras y los trabajadores dependientes incluidos en el \u00e1mbito de aplicaci\u00f3n personal de la Ley N\u00b0 24.557 sobre Riesgos del Trabajo y que hayan prestado efectivamente tareas en sus lugares habituales, fuera de su domicilio particular\u201d.<\/p>\n","protected":false},"excerpt":{"rendered":"<p>El gobierno nacional decidi\u00f3 que la veda para cesantear seguir\u00e1 hasta fin de abril. Mientras que el pago extra para despedir seguir\u00e1 durante todo 2021 pero el recargo tendr\u00e1 un l\u00edmite de 500 mil pesos.<\/p>\n","protected":false},"author":2,"featured_media":55970,"comment_status":"open","ping_status":"open","sticky":false,"template":"","format":"standard","meta":{"fifu_image_url":"","fifu_image_alt":"","footnotes":""},"categories":[16],"tags":[1311,486,233,841],"class_list":{"0":"post-55969","1":"post","2":"type-post","3":"status-publish","4":"format-standard","5":"has-post-thumbnail","7":"category-politi","8":"tag-alberto-fernandez","9":"tag-empresas","10":"tag-gobierno-nacional","11":"tag-trabajo"},"yoast_head":"<title>Prorrogaron la doble indemnizaci\u00f3n y la prohibici\u00f3n de despidos - Informe Litoral<\/title>\n<meta name=\"robots\" content=\"index, follow, max-snippet:-1, max-image-preview:large, max-video-preview:-1\" \/>\n<link rel=\"canonical\" href=\"https:\/\/informelitoral.com.ar\/prorrogaron-la-doble-indemnizacion-y-la-prohibicion-de-despidos\/\" \/>\n<meta property=\"og:locale\" content=\"es_ES\" \/>\n<meta property=\"og:type\" content=\"article\" \/>\n<meta property=\"og:title\" content=\"Prorrogaron la doble indemnizaci\u00f3n y la prohibici\u00f3n de despidos - Informe Litoral\" \/>\n<meta property=\"og:description\" content=\"El gobierno nacional decidi\u00f3 que la veda para cesantear seguir\u00e1 hasta fin de abril. Mientras que el pago extra para despedir seguir\u00e1 durante todo 2021 pero el recargo tendr\u00e1 un l\u00edmite de 500 mil pesos.\" \/>\n<meta property=\"og:url\" content=\"https:\/\/informelitoral.com.ar\/prorrogaron-la-doble-indemnizacion-y-la-prohibicion-de-despidos\/\" \/>\n<meta property=\"og:site_name\" content=\"Informe Litoral\" \/>\n<meta property=\"article:publisher\" content=\"https:\/\/www.facebook.com\/informelitoral\/\" \/>\n<meta property=\"article:published_time\" content=\"2021-01-22T18:09:53+00:00\" \/>\n<meta property=\"og:image\" content=\"https:\/\/informelitoral.com.ar\/%77%70%2d%63%6f%6e%74%65%6e%74\/uploads\/2021\/01\/Alberto-1024x682-1.jpg\" \/>\n\t<meta property=\"og:image:width\" content=\"1024\" \/>\n\t<meta property=\"og:image:height\" content=\"682\" \/>\n\t<meta property=\"og:image:type\" content=\"image\/jpeg\" \/>\n<meta name=\"author\" content=\"Gonzalo Schmidt\" \/>\n<meta name=\"twitter:card\" content=\"summary_large_image\" \/>\n<meta name=\"twitter:creator\" content=\"@InformeLitoral\" \/>\n<meta name=\"twitter:site\" content=\"@InformeLitoral\" \/>\n<meta name=\"twitter:label1\" content=\"Escrito por\" \/>\n\t<meta name=\"twitter:data1\" content=\"Gonzalo Schmidt\" \/>\n\t<meta name=\"twitter:label2\" content=\"Tiempo de lectura\" \/>\n\t<meta name=\"twitter:data2\" content=\"4 minutos\" \/>\n<script type=\"application\/ld+json\" class=\"yoast-schema-graph\">{\"@context\":\"https:\\\/\\\/schema.org\",\"@graph\":[{\"@type\":\"Article\",\"@id\":\"https:\\\/\\\/informelitoral.com.ar\\\/prorrogaron-la-doble-indemnizacion-y-la-prohibicion-de-despidos\\\/#article\",\"isPartOf\":{\"@id\":\"https:\\\/\\\/informelitoral.com.ar\\\/prorrogaron-la-doble-indemnizacion-y-la-prohibicion-de-despidos\\\/\"},\"author\":{\"name\":\"Gonzalo Schmidt\",\"@id\":\"https:\\\/\\\/informelitoral.com.ar\\\/#\\\/schema\\\/person\\\/b9d00407c836482871ef1d57bf8e3180\"},\"headline\":\"Prorrogaron la doble indemnizaci\u00f3n y la prohibici\u00f3n de despidos\",\"datePublished\":\"2021-01-22T18:09:53+00:00\",\"mainEntityOfPage\":{\"@id\":\"https:\\\/\\\/informelitoral.com.ar\\\/prorrogaron-la-doble-indemnizacion-y-la-prohibicion-de-despidos\\\/\"},\"wordCount\":775,\"commentCount\":0,\"publisher\":{\"@id\":\"https:\\\/\\\/informelitoral.com.ar\\\/#organization\"},\"image\":{\"@id\":\"https:\\\/\\\/informelitoral.com.ar\\\/prorrogaron-la-doble-indemnizacion-y-la-prohibicion-de-despidos\\\/#primaryimage\"},\"thumbnailUrl\":\"https:\\\/\\\/informelitoral.com.ar\\\/%77%70%2d%63%6f%6e%74%65%6e%74\\\/uploads\\\/2021\\\/01\\\/Alberto-1024x682-1.jpg\",\"keywords\":[\"Alberto Fern\u00e1ndez\",\"Empresas\",\"Gobierno nacional\",\"Trabajo\"],\"articleSection\":[\"Politica\"],\"inLanguage\":\"es\",\"potentialAction\":[{\"@type\":\"CommentAction\",\"name\":\"Comment\",\"target\":[\"https:\\\/\\\/informelitoral.com.ar\\\/prorrogaron-la-doble-indemnizacion-y-la-prohibicion-de-despidos\\\/#respond\"]}]},{\"@type\":\"WebPage\",\"@id\":\"https:\\\/\\\/informelitoral.com.ar\\\/prorrogaron-la-doble-indemnizacion-y-la-prohibicion-de-despidos\\\/\",\"url\":\"https:\\\/\\\/informelitoral.com.ar\\\/prorrogaron-la-doble-indemnizacion-y-la-prohibicion-de-despidos\\\/\",\"name\":\"Prorrogaron la doble indemnizaci\u00f3n y la prohibici\u00f3n de despidos - Informe Litoral\",\"isPartOf\":{\"@id\":\"https:\\\/\\\/informelitoral.com.ar\\\/#website\"},\"primaryImageOfPage\":{\"@id\":\"https:\\\/\\\/informelitoral.com.ar\\\/prorrogaron-la-doble-indemnizacion-y-la-prohibicion-de-despidos\\\/#primaryimage\"},\"image\":{\"@id\":\"https:\\\/\\\/informelitoral.com.ar\\\/prorrogaron-la-doble-indemnizacion-y-la-prohibicion-de-despidos\\\/#primaryimage\"},\"thumbnailUrl\":\"https:\\\/\\\/informelitoral.com.ar\\\/%77%70%2d%63%6f%6e%74%65%6e%74\\\/uploads\\\/2021\\\/01\\\/Alberto-1024x682-1.jpg\",\"datePublished\":\"2021-01-22T18:09:53+00:00\",\"breadcrumb\":{\"@id\":\"https:\\\/\\\/informelitoral.com.ar\\\/prorrogaron-la-doble-indemnizacion-y-la-prohibicion-de-despidos\\\/#breadcrumb\"},\"inLanguage\":\"es\",\"potentialAction\":[{\"@type\":\"ReadAction\",\"target\":[\"https:\\\/\\\/informelitoral.com.ar\\\/prorrogaron-la-doble-indemnizacion-y-la-prohibicion-de-despidos\\\/\"]}]},{\"@type\":\"ImageObject\",\"inLanguage\":\"es\",\"@id\":\"https:\\\/\\\/informelitoral.com.ar\\\/prorrogaron-la-doble-indemnizacion-y-la-prohibicion-de-despidos\\\/#primaryimage\",\"url\":\"https:\\\/\\\/informelitoral.com.ar\\\/%77%70%2d%63%6f%6e%74%65%6e%74\\\/uploads\\\/2021\\\/01\\\/Alberto-1024x682-1.jpg\",\"contentUrl\":\"https:\\\/\\\/informelitoral.com.ar\\\/%77%70%2d%63%6f%6e%74%65%6e%74\\\/uploads\\\/2021\\\/01\\\/Alberto-1024x682-1.jpg\",\"width\":1024,\"height\":682},{\"@type\":\"BreadcrumbList\",\"@id\":\"https:\\\/\\\/informelitoral.com.ar\\\/prorrogaron-la-doble-indemnizacion-y-la-prohibicion-de-despidos\\\/#breadcrumb\",\"itemListElement\":[{\"@type\":\"ListItem\",\"position\":1,\"name\":\"Portada\",\"item\":\"https:\\\/\\\/informelitoral.com.ar\\\/\"},{\"@type\":\"ListItem\",\"position\":2,\"name\":\"Prorrogaron la doble indemnizaci\u00f3n y la prohibici\u00f3n de despidos\"}]},{\"@type\":\"WebSite\",\"@id\":\"https:\\\/\\\/informelitoral.com.ar\\\/#website\",\"url\":\"https:\\\/\\\/informelitoral.com.ar\\\/\",\"name\":\"Informe Litoral\",\"description\":\"&quot;Nos informamos&quot; \",\"publisher\":{\"@id\":\"https:\\\/\\\/informelitoral.com.ar\\\/#organization\"},\"potentialAction\":[{\"@type\":\"SearchAction\",\"target\":{\"@type\":\"EntryPoint\",\"urlTemplate\":\"https:\\\/\\\/informelitoral.com.ar\\\/?s={search_term_string}\"},\"query-input\":{\"@type\":\"PropertyValueSpecification\",\"valueRequired\":true,\"valueName\":\"search_term_string\"}}],\"inLanguage\":\"es\"},{\"@type\":\"Organization\",\"@id\":\"https:\\\/\\\/informelitoral.com.ar\\\/#organization\",\"name\":\"Informe Litoral\",\"url\":\"https:\\\/\\\/informelitoral.com.ar\\\/\",\"logo\":{\"@type\":\"ImageObject\",\"inLanguage\":\"es\",\"@id\":\"https:\\\/\\\/informelitoral.com.ar\\\/#\\\/schema\\\/logo\\\/image\\\/\",\"url\":\"https:\\\/\\\/informelitoral.com.ar\\\/%77%70%2d%63%6f%6e%74%65%6e%74\\\/uploads\\\/2021\\\/01\\\/circulo.png\",\"contentUrl\":\"https:\\\/\\\/informelitoral.com.ar\\\/%77%70%2d%63%6f%6e%74%65%6e%74\\\/uploads\\\/2021\\\/01\\\/circulo.png\",\"width\":723,\"height\":731,\"caption\":\"Informe Litoral\"},\"image\":{\"@id\":\"https:\\\/\\\/informelitoral.com.ar\\\/#\\\/schema\\\/logo\\\/image\\\/\"},\"sameAs\":[\"https:\\\/\\\/www.facebook.com\\\/informelitoral\\\/\",\"https:\\\/\\\/x.com\\\/InformeLitoral\",\"https:\\\/\\\/www.instagram.com\\\/informelitoral\\\/\",\"https:\\\/\\\/www.youtube.com\\\/channel\\\/UCua4Qvz8Icb6MYqhoq9xLXw\"]},{\"@type\":\"Person\",\"@id\":\"https:\\\/\\\/informelitoral.com.ar\\\/#\\\/schema\\\/person\\\/b9d00407c836482871ef1d57bf8e3180\",\"name\":\"Gonzalo Schmidt\",\"image\":{\"@type\":\"ImageObject\",\"inLanguage\":\"es\",\"@id\":\"https:\\\/\\\/secure.gravatar.com\\\/avatar\\\/31a1a7b66ff2de83bd0e9fd79d026630d2d99e55e8bfe501287647b4fd9743de?s=96&d=mm&r=g\",\"url\":\"https:\\\/\\\/secure.gravatar.com\\\/avatar\\\/31a1a7b66ff2de83bd0e9fd79d026630d2d99e55e8bfe501287647b4fd9743de?s=96&d=mm&r=g\",\"contentUrl\":\"https:\\\/\\\/secure.gravatar.com\\\/avatar\\\/31a1a7b66ff2de83bd0e9fd79d026630d2d99e55e8bfe501287647b4fd9743de?s=96&d=mm&r=g\",\"caption\":\"Gonzalo Schmidt\"},\"description\":\"Sitio web de noticias de la provincia de Entre R\u00edos, Argentina. Informaci\u00f3n y entretenimiento. Informe Litoral, nos informamos.\",\"sameAs\":[\"http:\\\/\\\/www.isletasnoticias.com.ar\"],\"url\":\"https:\\\/\\\/informelitoral.com.ar\\\/author\\\/gonzalo\\\/\"}]}<\/script>","yoast_head_json":{"title":"Prorrogaron la doble indemnizaci\u00f3n y la prohibici\u00f3n de despidos - Informe Litoral","robots":{"index":"index","follow":"follow","max-snippet":"max-snippet:-1","max-image-preview":"max-image-preview:large","max-video-preview":"max-video-preview:-1"},"canonical":"https:\/\/informelitoral.com.ar\/prorrogaron-la-doble-indemnizacion-y-la-prohibicion-de-despidos\/","og_locale":"es_ES","og_type":"article","og_title":"Prorrogaron la doble indemnizaci\u00f3n y la prohibici\u00f3n de despidos - Informe Litoral","og_description":"El gobierno nacional decidi\u00f3 que la veda para cesantear seguir\u00e1 hasta fin de abril. Mientras que el pago extra para despedir seguir\u00e1 durante todo 2021 pero el recargo tendr\u00e1 un l\u00edmite de 500 mil pesos.","og_url":"https:\/\/informelitoral.com.ar\/prorrogaron-la-doble-indemnizacion-y-la-prohibicion-de-despidos\/","og_site_name":"Informe Litoral","article_publisher":"https:\/\/www.facebook.com\/informelitoral\/","article_published_time":"2021-01-22T18:09:53+00:00","og_image":[{"width":1024,"height":682,"url":"https:\/\/informelitoral.com.ar\/%77%70%2d%63%6f%6e%74%65%6e%74\/uploads\/2021\/01\/Alberto-1024x682-1.jpg","type":"image\/jpeg"}],"author":"Gonzalo Schmidt","twitter_card":"summary_large_image","twitter_creator":"@InformeLitoral","twitter_site":"@InformeLitoral","twitter_misc":{"Escrito por":"Gonzalo Schmidt","Tiempo de lectura":"4 minutos"},"schema":{"@context":"https:\/\/schema.org","@graph":[{"@type":"Article","@id":"https:\/\/informelitoral.com.ar\/prorrogaron-la-doble-indemnizacion-y-la-prohibicion-de-despidos\/#article","isPartOf":{"@id":"https:\/\/informelitoral.com.ar\/prorrogaron-la-doble-indemnizacion-y-la-prohibicion-de-despidos\/"},"author":{"name":"Gonzalo Schmidt","@id":"https:\/\/informelitoral.com.ar\/#\/schema\/person\/b9d00407c836482871ef1d57bf8e3180"},"headline":"Prorrogaron la doble indemnizaci\u00f3n y la prohibici\u00f3n de despidos","datePublished":"2021-01-22T18:09:53+00:00","mainEntityOfPage":{"@id":"https:\/\/informelitoral.com.ar\/prorrogaron-la-doble-indemnizacion-y-la-prohibicion-de-despidos\/"},"wordCount":775,"commentCount":0,"publisher":{"@id":"https:\/\/informelitoral.com.ar\/#organization"},"image":{"@id":"https:\/\/informelitoral.com.ar\/prorrogaron-la-doble-indemnizacion-y-la-prohibicion-de-despidos\/#primaryimage"},"thumbnailUrl":"https:\/\/informelitoral.com.ar\/%77%70%2d%63%6f%6e%74%65%6e%74\/uploads\/2021\/01\/Alberto-1024x682-1.jpg","keywords":["Alberto Fern\u00e1ndez","Empresas","Gobierno nacional","Trabajo"],"articleSection":["Politica"],"inLanguage":"es","potentialAction":[{"@type":"CommentAction","name":"Comment","target":["https:\/\/informelitoral.com.ar\/prorrogaron-la-doble-indemnizacion-y-la-prohibicion-de-despidos\/#respond"]}]},{"@type":"WebPage","@id":"https:\/\/informelitoral.com.ar\/prorrogaron-la-doble-indemnizacion-y-la-prohibicion-de-despidos\/","url":"https:\/\/informelitoral.com.ar\/prorrogaron-la-doble-indemnizacion-y-la-prohibicion-de-despidos\/","name":"Prorrogaron la doble indemnizaci\u00f3n y la prohibici\u00f3n de despidos - Informe Litoral","isPartOf":{"@id":"https:\/\/informelitoral.com.ar\/#website"},"primaryImageOfPage":{"@id":"https:\/\/informelitoral.com.ar\/prorrogaron-la-doble-indemnizacion-y-la-prohibicion-de-despidos\/#primaryimage"},"image":{"@id":"https:\/\/informelitoral.com.ar\/prorrogaron-la-doble-indemnizacion-y-la-prohibicion-de-despidos\/#primaryimage"},"thumbnailUrl":"https:\/\/informelitoral.com.ar\/%77%70%2d%63%6f%6e%74%65%6e%74\/uploads\/2021\/01\/Alberto-1024x682-1.jpg","datePublished":"2021-01-22T18:09:53+00:00","breadcrumb":{"@id":"https:\/\/informelitoral.com.ar\/prorrogaron-la-doble-indemnizacion-y-la-prohibicion-de-despidos\/#breadcrumb"},"inLanguage":"es","potentialAction":[{"@type":"ReadAction","target":["https:\/\/informelitoral.com.ar\/prorrogaron-la-doble-indemnizacion-y-la-prohibicion-de-despidos\/"]}]},{"@type":"ImageObject","inLanguage":"es","@id":"https:\/\/informelitoral.com.ar\/prorrogaron-la-doble-indemnizacion-y-la-prohibicion-de-despidos\/#primaryimage","url":"https:\/\/informelitoral.com.ar\/%77%70%2d%63%6f%6e%74%65%6e%74\/uploads\/2021\/01\/Alberto-1024x682-1.jpg","contentUrl":"https:\/\/informelitoral.com.ar\/%77%70%2d%63%6f%6e%74%65%6e%74\/uploads\/2021\/01\/Alberto-1024x682-1.jpg","width":1024,"height":682},{"@type":"BreadcrumbList","@id":"https:\/\/informelitoral.com.ar\/prorrogaron-la-doble-indemnizacion-y-la-prohibicion-de-despidos\/#breadcrumb","itemListElement":[{"@type":"ListItem","position":1,"name":"Portada","item":"https:\/\/informelitoral.com.ar\/"},{"@type":"ListItem","position":2,"name":"Prorrogaron la doble indemnizaci\u00f3n y la prohibici\u00f3n de despidos"}]},{"@type":"WebSite","@id":"https:\/\/informelitoral.com.ar\/#website","url":"https:\/\/informelitoral.com.ar\/","name":"Informe Litoral","description":"&quot;Nos informamos&quot; ","publisher":{"@id":"https:\/\/informelitoral.com.ar\/#organization"},"potentialAction":[{"@type":"SearchAction","target":{"@type":"EntryPoint","urlTemplate":"https:\/\/informelitoral.com.ar\/?s={search_term_string}"},"query-input":{"@type":"PropertyValueSpecification","valueRequired":true,"valueName":"search_term_string"}}],"inLanguage":"es"},{"@type":"Organization","@id":"https:\/\/informelitoral.com.ar\/#organization","name":"Informe Litoral","url":"https:\/\/informelitoral.com.ar\/","logo":{"@type":"ImageObject","inLanguage":"es","@id":"https:\/\/informelitoral.com.ar\/#\/schema\/logo\/image\/","url":"https:\/\/informelitoral.com.ar\/%77%70%2d%63%6f%6e%74%65%6e%74\/uploads\/2021\/01\/circulo.png","contentUrl":"https:\/\/informelitoral.com.ar\/%77%70%2d%63%6f%6e%74%65%6e%74\/uploads\/2021\/01\/circulo.png","width":723,"height":731,"caption":"Informe Litoral"},"image":{"@id":"https:\/\/informelitoral.com.ar\/#\/schema\/logo\/image\/"},"sameAs":["https:\/\/www.facebook.com\/informelitoral\/","https:\/\/x.com\/InformeLitoral","https:\/\/www.instagram.com\/informelitoral\/","https:\/\/www.youtube.com\/channel\/UCua4Qvz8Icb6MYqhoq9xLXw"]},{"@type":"Person","@id":"https:\/\/informelitoral.com.ar\/#\/schema\/person\/b9d00407c836482871ef1d57bf8e3180","name":"Gonzalo Schmidt","image":{"@type":"ImageObject","inLanguage":"es","@id":"https:\/\/secure.gravatar.com\/avatar\/31a1a7b66ff2de83bd0e9fd79d026630d2d99e55e8bfe501287647b4fd9743de?s=96&d=mm&r=g","url":"https:\/\/secure.gravatar.com\/avatar\/31a1a7b66ff2de83bd0e9fd79d026630d2d99e55e8bfe501287647b4fd9743de?s=96&d=mm&r=g","contentUrl":"https:\/\/secure.gravatar.com\/avatar\/31a1a7b66ff2de83bd0e9fd79d026630d2d99e55e8bfe501287647b4fd9743de?s=96&d=mm&r=g","caption":"Gonzalo Schmidt"},"description":"Sitio web de noticias de la provincia de Entre R\u00edos, Argentina. Informaci\u00f3n y entretenimiento. Informe Litoral, nos informamos.","sameAs":["http:\/\/www.isletasnoticias.com.ar"],"url":"https:\/\/informelitoral.com.ar\/author\/gonzalo\/"}]}},"_links":{"self":[{"href":"https:\/\/informelitoral.com.ar\/%77%70%2d%6a%73%6f%6e\/wp\/v2\/posts\/55969","targetHints":{"allow":["GET"]}}],"collection":[{"href":"https:\/\/informelitoral.com.ar\/%77%70%2d%6a%73%6f%6e\/wp\/v2\/posts"}],"about":[{"href":"https:\/\/informelitoral.com.ar\/%77%70%2d%6a%73%6f%6e\/wp\/v2\/types\/post"}],"author":[{"embeddable":true,"href":"https:\/\/informelitoral.com.ar\/%77%70%2d%6a%73%6f%6e\/wp\/v2\/users\/2"}],"replies":[{"embeddable":true,"href":"https:\/\/informelitoral.com.ar\/%77%70%2d%6a%73%6f%6e\/wp\/v2\/comments?post=55969"}],"version-history":[{"count":0,"href":"https:\/\/informelitoral.com.ar\/%77%70%2d%6a%73%6f%6e\/wp\/v2\/posts\/55969\/revisions"}],"wp:featuredmedia":[{"embeddable":true,"href":"https:\/\/informelitoral.com.ar\/%77%70%2d%6a%73%6f%6e\/wp\/v2\/media\/55970"}],"wp:attachment":[{"href":"https:\/\/informelitoral.com.ar\/%77%70%2d%6a%73%6f%6e\/wp\/v2\/media?parent=55969"}],"wp:term":[{"taxonomy":"category","embeddable":true,"href":"https:\/\/informelitoral.com.ar\/%77%70%2d%6a%73%6f%6e\/wp\/v2\/categories?post=55969"},{"taxonomy":"post_tag","embeddable":true,"href":"https:\/\/informelitoral.com.ar\/%77%70%2d%6a%73%6f%6e\/wp\/v2\/tags?post=55969"}],"curies":[{"name":"wp","href":"https:\/\/api.w.org\/{rel}","templated":true}]}}